{"id":21643,"date":"2023-05-27T11:02:14","date_gmt":"2023-05-27T09:02:14","guid":{"rendered":"https:\/\/evertonfc.cz\/?p=21643"},"modified":"2023-05-27T14:38:06","modified_gmt":"2023-05-27T12:38:06","slug":"everton-w-brighton-and-hove-albion-w-21","status":"publish","type":"post","link":"https:\/\/evertonfc.cz\/index.php\/2023\/05\/27\/everton-w-brighton-and-hove-albion-w-21\/","title":{"rendered":"Everton W &#8211; Brighton &#038; Hove Albion W 2:1"},"content":{"rendered":"<h4>Posledn\u00ed z\u00e1pas sezony p\u0159ed dom\u00e1c\u00edm publikem. Kdy jindy se bl\u00fdsknout p\u011bknou v\u00fdhrou? Cesta k n\u00ed v\u0161ak nakonec v\u016fbec nebyla snadn\u00e1.<\/h4>\n<p>(Opo\u017ed\u011bn\u00fd report z\u00e1pasu s 21.5. 2023). Minul\u00e9 setk\u00e1n\u00ed s racky nedopadlo nejl\u00e9pe, por\u00e1\u017eku 2:3 m\u00e1me je\u0161t\u011b v \u017eiv\u00e9 pam\u011bti. A po debaklech p\u0159edchoz\u00edch dvou z\u00e1pas\u016f by n\u00e1m v\u00fdhra p\u0159i\u0161la velmi. \u0158ady hr\u00e1\u010dek, se kter\u00fdmi nemohl <span class=\"sp-c-lineup-pitch__player\" data-reactid=\".1cxx57ppw9u.0.0.0.1.$include-1.0.0.1:$panel-0.$0.0.0.0.2.0.0.1:$home-formation-row-1.$home-player-2\"><span class=\"sp-c-lineup-pitch__player__name gs-u-display-block@xs \" data-reactid=\".1cxx57ppw9u.0.0.0.1.$include-1.0.0.1:$panel-0.$0.0.0.0.2.0.0.1:$home-formation-row-1.$home-player-2.1\">S\u00f8rensen po\u010d\u00edtat roz\u0161\u00ed\u0159ila vykartovan\u00e1 Beever-Jones. I tak se ale n\u00e1\u0161 mana\u017eer netajil p\u0159\u00e1n\u00edm upevnit na\u0161\u00ed pozici v horn\u00ed polovin\u011b tabulky a na dom\u00e1c\u00edm h\u0159i\u0161ti p\u0159edv\u00e9st d\u016fstojn\u00fd v\u00fdkon.\u00a0 Soupe\u0159ky p\u0159ijely nejm\u00e9n\u011b pro bod, aby za\u017eehnaly no\u010dn\u00ed m\u016fru sestupu. Pap\u00edrov\u011b v\u0161ak ne\u0161lo o \u00fakol v\u016fbec lehk\u00fd, proto\u017ee jejich obrana pat\u0159\u00ed k nejd\u011brav\u011bj\u0161\u00edm v lize a ani ofenziva nen\u00ed nijak slavn\u00e1 (tuto sez\u00f3nu zat\u00edm vyhr\u00e1ly pouze \u010dty\u0159i z\u00e1pasy).\u00a0<\/span><\/span><\/p>\n<h4>Prvn\u00ed polo\u010das<\/h4>\n<p>p\u0159inesl z\u00e1bavn\u00fd a po nez\u00e1visl\u00e9 i nap\u00ednav\u00fd fotbal. Prvn\u00ed st\u0159ela z\u00e1pasu pat\u0159ila na\u0161im soupe\u0159k\u00e1m, na\u0161t\u011bst\u00ed Robinson minula. Ve svi\u017en\u00e9m tempu jsme se ne\u00fanavn\u011b sna\u017eili protla\u010dit m\u00ed\u010d sporadick\u00fdmi skulinami mezi hr\u00e1\u010dkami v \u010derven\u00e9m, zat\u00edmco Albion s\u00e1zel na takt\u00e9\u017e ne\u00fanavn\u00fd presing. Po necel\u00fdch deseti minut\u00e1ch hry se dostala do brejku <span class=\"sp-c-lineup-pitch__player\" data-reactid=\".1cxx57ppw9u.0.0.0.1.$include-1.0.0.1:$panel-0.$0.0.0.0.2.0.0.1:$home-formation-row-1.$home-player-2\"><span class=\"sp-c-lineup-pitch__player__name gs-u-display-block@xs \" data-reactid=\".1cxx57ppw9u.0.0.0.1.$include-1.0.0.1:$panel-0.$0.0.0.0.2.0.0.1:$home-formation-row-1.$home-player-2.1\">S\u00f8rensen, bohu\u017eel zakon\u010dila jen do bo\u010dn\u00ed s\u00edt\u011b. Jej\u00ed dal\u0161\u00ed pokus o chv\u00edli pozd\u011bji sice sm\u011b\u0159oval do branky, ale byl zne\u0161kodn\u011bn Walsh. <\/span><\/span><span class=\"sp-c-lineup-pitch__player\" data-reactid=\".1cxx57ppw9u.0.0.0.1.$include-1.0.0.1:$panel-0.$0.0.0.0.2.0.0.1:$home-formation-row-1.$home-player-2\"><span class=\"sp-c-lineup-pitch__player__name gs-u-display-block@xs \" data-reactid=\".1cxx57ppw9u.0.0.0.1.$include-1.0.0.1:$panel-0.$0.0.0.0.2.0.0.1:$home-formation-row-1.$home-player-2.1\">S postupuj\u00edc\u00ed dobou jsme za\u010dali vice a v\u00edce tla\u010dit soupe\u0159ky do defenz\u00edvy.<\/span><\/span><\/p>\n<p><span class=\"sp-c-lineup-pitch__player\" data-reactid=\".1cxx57ppw9u.0.0.0.1.$include-1.0.0.1:$panel-0.$0.0.0.0.2.0.0.1:$home-formation-row-1.$home-player-2\"><span class=\"sp-c-lineup-pitch__player__name gs-u-display-block@xs \" data-reactid=\".1cxx57ppw9u.0.0.0.1.$include-1.0.0.1:$panel-0.$0.0.0.0.2.0.0.1:$home-formation-row-1.$home-player-2.1\">Po p\u016flhodin\u011b hry dlouh\u00fdm n\u00e1kopem za vysunutou obranu poslala Karen Holmgaard dop\u0159edu Snoeijs a na\u0161e strikerka se nem\u00fdlila &#8211; <strong>1:0<\/strong>. Brightonsk\u00e9 odpov\u011bd\u011bly soustavou rychl\u00fdch p\u0159ihr\u00e1vek kolem na\u0161eho v\u00e1pna zavr\u0161en\u00fdch st\u0159elou Olme, ale na\u0161t\u011bst\u00ed tentokr\u00e1t nad. Kdy\u017e jsme pomalu za\u010dali kontrolovat hru a t\u011b\u0161ili se na konec polo\u010dasu, p\u0159i\u0161la t\u0159et\u00ed minuta nastaven\u00ed a s n\u00ed i ne\u010dekan\u011b zda\u0159il\u00fd lob Robinson. Ta p\u011bkn\u00fdm oblou\u010dkem p\u0159ekonala vyb\u011bhnuv\u0161\u00ed Ramsey &#8211; <strong>1:1<\/strong>. Co\u017e pro n\u00e1s znamenalo studenou sprchu a n\u00e1vrat k usilovn\u00e9 pr\u00e1ci.\u00a0<\/span><\/span><\/p>\n<h4>Druh\u00fd polo\u010das<\/h4>\n<p>zah\u00e1jila slu\u0161nou \u0161anc\u00ed Robinson, ale Ramsey odpov\u011bd\u011bla robinson\u00e1dou a nebezpe\u010d\u00ed tak bylo za\u017eehnan\u00e9. Od n\u00e1s byla p\u0159i chuti zejm\u00e9na <span class=\"sp-c-lineup-pitch__player\" data-reactid=\".1cxx57ppw9u.0.0.0.1.$include-1.0.0.1:$panel-0.$0.0.0.0.2.0.0.1:$home-formation-row-1.$home-player-2\"><span class=\"sp-c-lineup-pitch__player__name gs-u-display-block@xs \" data-reactid=\".1cxx57ppw9u.0.0.0.1.$include-1.0.0.1:$panel-0.$0.0.0.0.2.0.0.1:$home-formation-row-1.$home-player-2.1\">S\u00f8rensen, ov\u0161em pro tentokr\u00e1t vy\u0161la st\u0159elecky na pr\u00e1zdno. Na h\u0159i\u0161ti byly hr\u00e1\u010dky v modr\u00fdch dresech\u00a0 aktivn\u011bj\u0161\u00ed, nicm\u00e9n\u011b Brighton m\u011bl tuto aktivitu pod kontrolou a \u010d\u00edhal na p\u0159\u00edle\u017eitost k proti\u00fatoku.\u00a0 T\u011bch se mu dost\u00e1valo jen sporadicky. P\u0159esto deset minut p\u0159ed koncem \u0159\u00e1dn\u00e9 hrac\u00ed doby to byly pr\u00e1v\u011b Seaguls, kdo se mohly radovat z veden\u00ed, na\u0161t\u011bst\u00ed na nen\u00e1padn\u00fd pas Robinson Lee v g\u00f3lov\u00e9 pozici nedos\u00e1hla. Kdy\u017e u\u017e to vypadalo, \u017ee se z\u00e1pas dohraje v poklidn\u00e9m nic ne\u0159e\u0161\u00edc\u00edm tempu, tak p\u0159i\u0161lo \u0161estiminutov\u00e9 prodlou\u017een\u00ed a v n\u011bm v\u00fdborn\u00e1 pr\u00e1ce Bennison, kter\u00e1 si nejprve uk\u00e1zkov\u011b t\u011blem odstavila svoj\u00ed obr\u00e1nkyni a pot\u00e9 prop\u00e1lila skrum\u00e1\u017e t\u011bl v \u010derven\u00fdch dresech, \u010d\u00edm\u017e ustanovila z\u00e1v\u011bre\u010dn\u00e9 sk\u00f3re &#8211; <strong>2:1<\/strong>.<\/span><\/span><\/p>\n<h4>Shrnut\u00ed<\/h4>\n<p>a\u0165 u\u017e posledn\u00ed z\u00e1pas kolo sez\u00f3ny dopadne jakkoliv, ro\u010dn\u00edk 22\/23 je pro n\u00e1s skon\u010den\u00fd. Aspo\u0148 co se t\u00fdk\u00e1 tabulkov\u00e9ho um\u00edst\u011bn\u00ed. 6. m\u00edsto je n\u00e1m pro leto\u0161ek souzen\u00e9, bezpe\u010dn\u011b p\u0159ed LFC a bezpe\u010dn\u011b z dohledu Top Four. Krom\u011b rozlu\u010dkov\u00e9ho z\u00e1pasu Izzy Christiansen doporu\u010duji v posledn\u00edm kole sledovat z\u00e1pasy Chelsea a MUTD jako\u017e i Leicesteru a Readingu. Proto\u017ee na rozd\u00edl od \u0161est\u00e9ho m\u00edsta nen\u00ed o v\u00edt\u011bzi ani o sestupuj\u00edc\u00edm zat\u00edm rozhodnuto. Reading pot\u0159ebuje porazit Chelsea (co\u017e nen\u00ed p\u0159\u00edli\u0161 pravd\u011bpodobn\u00e9) a doufat, \u017ee Leicester nebude bodovat proti Brightonu. Reading by tak rovn\u011b\u017e zabr\u00e1nil Chelsea v obhajob\u011b titulu, proto\u017ee lze p\u0159edpokl\u00e1dat, \u017ee MUTD si s LFC porad\u00ed.<\/p>\n<p>V \u00favahu p\u0159ipad\u00e1 i rem\u00edza Chelsea a v\u00edt\u011bzstv\u00ed MUTD, kdy by o mistrovi rozhodoval g\u00f3lov\u00fd rozd\u00edl (zat\u00edm ve prosp\u011bch Chelsea). No, a pokud Reading prohraje a Leicester poraz\u00ed Seaguls, tak Roayals sestoup\u00ed a li\u0161ky ustanov\u00ed nov\u00fd rekord WSL, kdy dok\u00e1zaly zabr\u00e1nit sestupu i p\u0159es pr\u016fb\u011b\u017en\u00e9 sedmibodov\u00e9 manko. Tak\u017ee i na konci sez\u00f3ny lze sledovat zaj\u00edmav\u00e9 d\u011bn\u00ed. Kuriozita kola: samovoln\u00e1 aktivace zavla\u017eova\u010d\u016f tr\u00e1vn\u00edku v pr\u016fb\u011bhu hry v z\u00e1pase Leicesetru s West Hamem. V ka\u017ed\u00e9m p\u0159\u00edpad\u011b <span style=\"color: #0000ff;\" data-darkreader-inline-color=\"\"><strong>COYB!<\/strong><\/span><\/p>\n<p style=\"text-align: right;\"><span style=\"font-size: 8pt;\"><em>Fotografie: Bennison slav\u00edc\u00ed (zroj: BBC via GettyImages)<\/em><\/span><\/p>\n<p><strong>Statistika:<\/strong> Posedlost 62% : 38%, st\u0159ely 19:17 (na branku 5:9)<\/p>\n<p><strong>Branky:<\/strong> 32\u00b4 Snoeijs, 45+1\u00b4 Robinson, 90+6\u00b4 Bennison\u00a0 \u00a0<strong>\u017dK:<\/strong> 44\u00b4 Sarri<\/p>\n<p><strong>Everton (3-4-1-2): <\/strong>Ramsey; <span class=\"sp-c-lineup-pitch__player\" data-reactid=\".1cxx57ppw9u.0.0.0.1.$include-1.0.0.1:$panel-0.$0.0.0.0.2.0.0.1:$home-formation-row-1.$home-player-0\"><span class=\"sp-c-lineup-pitch__player__name gs-u-display-block@xs \" data-reactid=\".1cxx57ppw9u.0.0.0.1.$include-1.0.0.1:$panel-0.$0.0.0.0.2.0.0.1:$home-formation-row-1.$home-player-0.1\">Bj\u00f6rn, K. <\/span><\/span><span class=\"sp-c-lineup-pitch__player\" data-reactid=\".1cxx57ppw9u.0.0.0.1.$include-1.0.0.1:$panel-0.$0.0.0.0.2.0.0.1:$home-formation-row-1.$home-player-1\"><span class=\"sp-c-lineup-pitch__player__name gs-u-display-block@xs \" data-reactid=\".1cxx57ppw9u.0.0.0.1.$include-1.0.0.1:$panel-0.$0.0.0.0.2.0.0.1:$home-formation-row-1.$home-player-1.1\">Holmgaard (Finnigan 62\u00b4), S. <\/span><\/span><span class=\"sp-c-lineup-pitch__player\" data-reactid=\".1cxx57ppw9u.0.0.0.1.$include-1.0.0.1:$panel-0.$0.0.0.0.2.0.0.1:$home-formation-row-1.$home-player-2\"><span class=\"sp-c-lineup-pitch__player__name gs-u-display-block@xs \" data-reactid=\".1cxx57ppw9u.0.0.0.1.$include-1.0.0.1:$panel-0.$0.0.0.0.2.0.0.1:$home-formation-row-1.$home-player-2.1\">Holmgaard (Sevecke 62\u00b4); Veje (Stenevik 62\u00b4), Galli (Christiansen 73\u00b4), Wheeler, Hope; Bennison; S\u00f8rensen, Snoeijs<\/span><\/span><\/p>\n<p><strong>Brighton (3-4-3): <\/strong>Walsh; <span class=\"sp-c-lineup-pitch__player\" data-reactid=\".1cxx57ppw9u.0.0.0.1.$include-1.0.0.1:$panel-0.$0.0.0.1.2.0.0.1:$away-formation-row-1.$away-player-0\"><span class=\"sp-c-lineup-pitch__player__name gs-u-display-block@xs \" data-reactid=\".1cxx57ppw9u.0.0.0.1.$include-1.0.0.1:$panel-0.$0.0.0.1.2.0.0.1:$away-formation-row-1.$away-player-0.1\">Connolly<\/span><\/span><span class=\"sp-c-lineup-pitch__player\" data-reactid=\".1cxx57ppw9u.0.0.0.1.$include-1.0.0.1:$panel-0.$0.0.0.1.2.0.0.1:$away-formation-row-1.$away-player-1\"><span class=\"sp-c-lineup-pitch__player__number\" data-reactid=\".1cxx57ppw9u.0.0.0.1.$include-1.0.0.1:$panel-0.$0.0.0.1.2.0.0.1:$away-formation-row-1.$away-player-1.0\">, <\/span><span class=\"sp-c-lineup-pitch__player__name gs-u-display-block@xs \" data-reactid=\".1cxx57ppw9u.0.0.0.1.$include-1.0.0.1:$panel-0.$0.0.0.1.2.0.0.1:$away-formation-row-1.$away-player-1.1\">Bergsvand, <\/span><\/span><span class=\"sp-c-lineup-pitch__player\" data-reactid=\".1cxx57ppw9u.0.0.0.1.$include-1.0.0.1:$panel-0.$0.0.0.1.2.0.0.1:$away-formation-row-1.$away-player-2\"><span class=\"sp-c-lineup-pitch__player__name gs-u-display-block@xs \" data-reactid=\".1cxx57ppw9u.0.0.0.1.$include-1.0.0.1:$panel-0.$0.0.0.1.2.0.0.1:$away-formation-row-1.$away-player-2.1\">Morse; Kullberg (Green 45\u00b4), Olme (Symonds 45\u00b4), Terland (Bance 73\u00b4), Pattinson (Visalli 55\u00b4); Sarri, Carter (Lee 77\u00b4), Robinson<\/span><\/span><\/p>\n<p><strong>Rozhod\u010d\u00ed:<\/strong> Lauren Impey\u00a0 <strong>Div\u00e1ci:<\/strong> 670<\/p>\n<p><iframe loading=\"lazy\" title=\"WSL Highlights: Everton 2 Albion 1\" width=\"1140\" height=\"641\" src=\"https:\/\/www.youtube.com\/embed\/m9QbxyOZZ-w?feature=oembed\" frameborder=\"0\" allow=\"accelerometer; autoplay; clipboard-write; encrypted-media; gyroscope; picture-in-picture; web-share\" allowfullscreen><\/iframe><\/p>\n","protected":false},"excerpt":{"rendered":"<p>Posledn\u00ed z\u00e1pas sezony p\u0159ed dom\u00e1c\u00edm publikem. Kdy jindy se bl\u00fdsknout p\u011bknou v\u00fdhrou? Cesta k\u00a0n\u00ed v\u0161ak nakonec v\u016fbec nebyla snadn\u00e1.<\/p>\n","protected":false},"author":26,"featured_media":21670,"comment_status":"open","ping_status":"closed","sticky":false,"template":"","format":"standard","meta":{"_eb_attr":"","_monsterinsights_skip_tracking":false,"_monsterinsights_sitenote_active":false,"_monsterinsights_sitenote_note":"","_monsterinsights_sitenote_category":0,"footnotes":""},"categories":[110],"tags":[],"yoast_head":"<!-- This site is optimized with the Yoast SEO plugin v23.4 - https:\/\/yoast.com\/wordpress\/plugins\/seo\/ -->\n<title>Everton W - Brighton &amp; Hove Albion W 2:1 - Official Czech &amp; Slovak Everton Supporters&#039; Club<\/title>\n<meta name=\"robots\" content=\"index, follow, max-snippet:-1, max-image-preview:large, max-video-preview:-1\" \/>\n<link rel=\"canonical\" href=\"https:\/\/evertonfc.cz\/index.php\/2023\/05\/27\/everton-w-brighton-and-hove-albion-w-21\/\" \/>\n<meta property=\"og:locale\" content=\"cs_CZ\" \/>\n<meta property=\"og:type\" content=\"article\" \/>\n<meta property=\"og:title\" content=\"Everton W - Brighton &amp; Hove Albion W 2:1 - Official Czech &amp; Slovak Everton Supporters&#039; Club\" \/>\n<meta property=\"og:description\" content=\"Posledn\u00ed z\u00e1pas sezony p\u0159ed dom\u00e1c\u00edm publikem. Kdy jindy se bl\u00fdsknout p\u011bknou v\u00fdhrou? Cesta k\u00a0n\u00ed v\u0161ak nakonec v\u016fbec nebyla snadn\u00e1.\" \/>\n<meta property=\"og:url\" content=\"https:\/\/evertonfc.cz\/index.php\/2023\/05\/27\/everton-w-brighton-and-hove-albion-w-21\/\" \/>\n<meta property=\"og:site_name\" content=\"Official Czech &amp; Slovak Everton Supporters&#039; Club\" \/>\n<meta property=\"article:publisher\" content=\"https:\/\/www.facebook.com\/everton.fans.cz.sk\" \/>\n<meta property=\"article:published_time\" content=\"2023-05-27T09:02:14+00:00\" \/>\n<meta property=\"article:modified_time\" content=\"2023-05-27T12:38:06+00:00\" \/>\n<meta property=\"og:image\" content=\"https:\/\/evertonfc.cz\/wp-content\/uploads\/2023\/05\/Bennison-vs-BAHA-web-21_5_2023.jpg\" \/>\n\t<meta property=\"og:image:width\" content=\"720\" \/>\n\t<meta property=\"og:image:height\" content=\"407\" \/>\n\t<meta property=\"og:image:type\" content=\"image\/jpeg\" \/>\n<meta name=\"author\" content=\"Karamela\" \/>\n<meta name=\"twitter:card\" content=\"summary_large_image\" \/>\n<meta name=\"twitter:label1\" content=\"Napsal(a)\" \/>\n\t<meta name=\"twitter:data1\" content=\"Karamela\" \/>\n\t<meta name=\"twitter:label2\" content=\"Odhadovan\u00e1 doba \u010dten\u00ed\" \/>\n\t<meta name=\"twitter:data2\" content=\"4 minuty\" \/>\n<script type=\"application\/ld+json\" class=\"yoast-schema-graph\">{\"@context\":\"https:\/\/schema.org\",\"@graph\":[{\"@type\":\"Article\",\"@id\":\"https:\/\/evertonfc.cz\/index.php\/2023\/05\/27\/everton-w-brighton-and-hove-albion-w-21\/#article\",\"isPartOf\":{\"@id\":\"https:\/\/evertonfc.cz\/index.php\/2023\/05\/27\/everton-w-brighton-and-hove-albion-w-21\/\"},\"author\":{\"name\":\"Karamela\",\"@id\":\"https:\/\/evertonfc.cz\/#\/schema\/person\/e9a24a80a32efa1344dd2c4e5882185c\"},\"headline\":\"Everton W &#8211; Brighton &#038; Hove Albion W 2:1\",\"datePublished\":\"2023-05-27T09:02:14+00:00\",\"dateModified\":\"2023-05-27T12:38:06+00:00\",\"mainEntityOfPage\":{\"@id\":\"https:\/\/evertonfc.cz\/index.php\/2023\/05\/27\/everton-w-brighton-and-hove-albion-w-21\/\"},\"wordCount\":922,\"commentCount\":0,\"publisher\":{\"@id\":\"https:\/\/evertonfc.cz\/#organization\"},\"image\":{\"@id\":\"https:\/\/evertonfc.cz\/index.php\/2023\/05\/27\/everton-w-brighton-and-hove-albion-w-21\/#primaryimage\"},\"thumbnailUrl\":\"https:\/\/evertonfc.cz\/wp-content\/uploads\/2023\/05\/Bennison-vs-BAHA-web-21_5_2023.jpg\",\"articleSection\":[\"Everton Women\"],\"inLanguage\":\"cs\",\"potentialAction\":[{\"@type\":\"CommentAction\",\"name\":\"Comment\",\"target\":[\"https:\/\/evertonfc.cz\/index.php\/2023\/05\/27\/everton-w-brighton-and-hove-albion-w-21\/#respond\"]}]},{\"@type\":\"WebPage\",\"@id\":\"https:\/\/evertonfc.cz\/index.php\/2023\/05\/27\/everton-w-brighton-and-hove-albion-w-21\/\",\"url\":\"https:\/\/evertonfc.cz\/index.php\/2023\/05\/27\/everton-w-brighton-and-hove-albion-w-21\/\",\"name\":\"Everton W - Brighton & Hove Albion W 2:1 - Official Czech &amp; Slovak Everton Supporters&#039; Club\",\"isPartOf\":{\"@id\":\"https:\/\/evertonfc.cz\/#website\"},\"primaryImageOfPage\":{\"@id\":\"https:\/\/evertonfc.cz\/index.php\/2023\/05\/27\/everton-w-brighton-and-hove-albion-w-21\/#primaryimage\"},\"image\":{\"@id\":\"https:\/\/evertonfc.cz\/index.php\/2023\/05\/27\/everton-w-brighton-and-hove-albion-w-21\/#primaryimage\"},\"thumbnailUrl\":\"https:\/\/evertonfc.cz\/wp-content\/uploads\/2023\/05\/Bennison-vs-BAHA-web-21_5_2023.jpg\",\"datePublished\":\"2023-05-27T09:02:14+00:00\",\"dateModified\":\"2023-05-27T12:38:06+00:00\",\"breadcrumb\":{\"@id\":\"https:\/\/evertonfc.cz\/index.php\/2023\/05\/27\/everton-w-brighton-and-hove-albion-w-21\/#breadcrumb\"},\"inLanguage\":\"cs\",\"potentialAction\":[{\"@type\":\"ReadAction\",\"target\":[\"https:\/\/evertonfc.cz\/index.php\/2023\/05\/27\/everton-w-brighton-and-hove-albion-w-21\/\"]}]},{\"@type\":\"ImageObject\",\"inLanguage\":\"cs\",\"@id\":\"https:\/\/evertonfc.cz\/index.php\/2023\/05\/27\/everton-w-brighton-and-hove-albion-w-21\/#primaryimage\",\"url\":\"https:\/\/evertonfc.cz\/wp-content\/uploads\/2023\/05\/Bennison-vs-BAHA-web-21_5_2023.jpg\",\"contentUrl\":\"https:\/\/evertonfc.cz\/wp-content\/uploads\/2023\/05\/Bennison-vs-BAHA-web-21_5_2023.jpg\",\"width\":720,\"height\":407},{\"@type\":\"BreadcrumbList\",\"@id\":\"https:\/\/evertonfc.cz\/index.php\/2023\/05\/27\/everton-w-brighton-and-hove-albion-w-21\/#breadcrumb\",\"itemListElement\":[{\"@type\":\"ListItem\",\"position\":1,\"name\":\"Home\",\"item\":\"https:\/\/evertonfc.cz\/\"},{\"@type\":\"ListItem\",\"position\":2,\"name\":\"Everton W &#8211; Brighton &#038; Hove Albion W 2:1\"}]},{\"@type\":\"WebSite\",\"@id\":\"https:\/\/evertonfc.cz\/#website\",\"url\":\"https:\/\/evertonfc.cz\/\",\"name\":\"Official Czech &amp; Slovak Everton Supporters&#039; Club\",\"description\":\"\",\"publisher\":{\"@id\":\"https:\/\/evertonfc.cz\/#organization\"},\"potentialAction\":[{\"@type\":\"SearchAction\",\"target\":{\"@type\":\"EntryPoint\",\"urlTemplate\":\"https:\/\/evertonfc.cz\/?s={search_term_string}\"},\"query-input\":{\"@type\":\"PropertyValueSpecification\",\"valueRequired\":true,\"valueName\":\"search_term_string\"}}],\"inLanguage\":\"cs\"},{\"@type\":\"Organization\",\"@id\":\"https:\/\/evertonfc.cz\/#organization\",\"name\":\"Official Czech & Slovak Everton Supporters' Club\",\"url\":\"https:\/\/evertonfc.cz\/\",\"logo\":{\"@type\":\"ImageObject\",\"inLanguage\":\"cs\",\"@id\":\"https:\/\/evertonfc.cz\/#\/schema\/logo\/image\/\",\"url\":\"https:\/\/evertonfc.cz\/wp-content\/uploads\/2019\/05\/logo.png\",\"contentUrl\":\"https:\/\/evertonfc.cz\/wp-content\/uploads\/2019\/05\/logo.png\",\"width\":112,\"height\":112,\"caption\":\"Official Czech & Slovak Everton Supporters' Club\"},\"image\":{\"@id\":\"https:\/\/evertonfc.cz\/#\/schema\/logo\/image\/\"},\"sameAs\":[\"https:\/\/www.facebook.com\/everton.fans.cz.sk\"]},{\"@type\":\"Person\",\"@id\":\"https:\/\/evertonfc.cz\/#\/schema\/person\/e9a24a80a32efa1344dd2c4e5882185c\",\"name\":\"Karamela\",\"url\":\"https:\/\/evertonfc.cz\/index.php\/author\/karamela\/\"}]}<\/script>\n<!-- \/ Yoast SEO plugin. -->","yoast_head_json":{"title":"Everton W - Brighton & Hove Albion W 2:1 - Official Czech &amp; Slovak Everton Supporters&#039; Club","robots":{"index":"index","follow":"follow","max-snippet":"max-snippet:-1","max-image-preview":"max-image-preview:large","max-video-preview":"max-video-preview:-1"},"canonical":"https:\/\/evertonfc.cz\/index.php\/2023\/05\/27\/everton-w-brighton-and-hove-albion-w-21\/","og_locale":"cs_CZ","og_type":"article","og_title":"Everton W - Brighton & Hove Albion W 2:1 - Official Czech &amp; Slovak Everton Supporters&#039; Club","og_description":"Posledn\u00ed z\u00e1pas sezony p\u0159ed dom\u00e1c\u00edm publikem. Kdy jindy se bl\u00fdsknout p\u011bknou v\u00fdhrou? Cesta k\u00a0n\u00ed v\u0161ak nakonec v\u016fbec nebyla snadn\u00e1.","og_url":"https:\/\/evertonfc.cz\/index.php\/2023\/05\/27\/everton-w-brighton-and-hove-albion-w-21\/","og_site_name":"Official Czech &amp; Slovak Everton Supporters&#039; Club","article_publisher":"https:\/\/www.facebook.com\/everton.fans.cz.sk","article_published_time":"2023-05-27T09:02:14+00:00","article_modified_time":"2023-05-27T12:38:06+00:00","og_image":[{"width":720,"height":407,"url":"https:\/\/evertonfc.cz\/wp-content\/uploads\/2023\/05\/Bennison-vs-BAHA-web-21_5_2023.jpg","type":"image\/jpeg"}],"author":"Karamela","twitter_card":"summary_large_image","twitter_misc":{"Napsal(a)":"Karamela","Odhadovan\u00e1 doba \u010dten\u00ed":"4 minuty"},"schema":{"@context":"https:\/\/schema.org","@graph":[{"@type":"Article","@id":"https:\/\/evertonfc.cz\/index.php\/2023\/05\/27\/everton-w-brighton-and-hove-albion-w-21\/#article","isPartOf":{"@id":"https:\/\/evertonfc.cz\/index.php\/2023\/05\/27\/everton-w-brighton-and-hove-albion-w-21\/"},"author":{"name":"Karamela","@id":"https:\/\/evertonfc.cz\/#\/schema\/person\/e9a24a80a32efa1344dd2c4e5882185c"},"headline":"Everton W &#8211; Brighton &#038; Hove Albion W 2:1","datePublished":"2023-05-27T09:02:14+00:00","dateModified":"2023-05-27T12:38:06+00:00","mainEntityOfPage":{"@id":"https:\/\/evertonfc.cz\/index.php\/2023\/05\/27\/everton-w-brighton-and-hove-albion-w-21\/"},"wordCount":922,"commentCount":0,"publisher":{"@id":"https:\/\/evertonfc.cz\/#organization"},"image":{"@id":"https:\/\/evertonfc.cz\/index.php\/2023\/05\/27\/everton-w-brighton-and-hove-albion-w-21\/#primaryimage"},"thumbnailUrl":"https:\/\/evertonfc.cz\/wp-content\/uploads\/2023\/05\/Bennison-vs-BAHA-web-21_5_2023.jpg","articleSection":["Everton Women"],"inLanguage":"cs","potentialAction":[{"@type":"CommentAction","name":"Comment","target":["https:\/\/evertonfc.cz\/index.php\/2023\/05\/27\/everton-w-brighton-and-hove-albion-w-21\/#respond"]}]},{"@type":"WebPage","@id":"https:\/\/evertonfc.cz\/index.php\/2023\/05\/27\/everton-w-brighton-and-hove-albion-w-21\/","url":"https:\/\/evertonfc.cz\/index.php\/2023\/05\/27\/everton-w-brighton-and-hove-albion-w-21\/","name":"Everton W - Brighton & Hove Albion W 2:1 - Official Czech &amp; Slovak Everton Supporters&#039; Club","isPartOf":{"@id":"https:\/\/evertonfc.cz\/#website"},"primaryImageOfPage":{"@id":"https:\/\/evertonfc.cz\/index.php\/2023\/05\/27\/everton-w-brighton-and-hove-albion-w-21\/#primaryimage"},"image":{"@id":"https:\/\/evertonfc.cz\/index.php\/2023\/05\/27\/everton-w-brighton-and-hove-albion-w-21\/#primaryimage"},"thumbnailUrl":"https:\/\/evertonfc.cz\/wp-content\/uploads\/2023\/05\/Bennison-vs-BAHA-web-21_5_2023.jpg","datePublished":"2023-05-27T09:02:14+00:00","dateModified":"2023-05-27T12:38:06+00:00","breadcrumb":{"@id":"https:\/\/evertonfc.cz\/index.php\/2023\/05\/27\/everton-w-brighton-and-hove-albion-w-21\/#breadcrumb"},"inLanguage":"cs","potentialAction":[{"@type":"ReadAction","target":["https:\/\/evertonfc.cz\/index.php\/2023\/05\/27\/everton-w-brighton-and-hove-albion-w-21\/"]}]},{"@type":"ImageObject","inLanguage":"cs","@id":"https:\/\/evertonfc.cz\/index.php\/2023\/05\/27\/everton-w-brighton-and-hove-albion-w-21\/#primaryimage","url":"https:\/\/evertonfc.cz\/wp-content\/uploads\/2023\/05\/Bennison-vs-BAHA-web-21_5_2023.jpg","contentUrl":"https:\/\/evertonfc.cz\/wp-content\/uploads\/2023\/05\/Bennison-vs-BAHA-web-21_5_2023.jpg","width":720,"height":407},{"@type":"BreadcrumbList","@id":"https:\/\/evertonfc.cz\/index.php\/2023\/05\/27\/everton-w-brighton-and-hove-albion-w-21\/#breadcrumb","itemListElement":[{"@type":"ListItem","position":1,"name":"Home","item":"https:\/\/evertonfc.cz\/"},{"@type":"ListItem","position":2,"name":"Everton W &#8211; Brighton &#038; Hove Albion W 2:1"}]},{"@type":"WebSite","@id":"https:\/\/evertonfc.cz\/#website","url":"https:\/\/evertonfc.cz\/","name":"Official Czech &amp; Slovak Everton Supporters&#039; Club","description":"","publisher":{"@id":"https:\/\/evertonfc.cz\/#organization"},"potentialAction":[{"@type":"SearchAction","target":{"@type":"EntryPoint","urlTemplate":"https:\/\/evertonfc.cz\/?s={search_term_string}"},"query-input":{"@type":"PropertyValueSpecification","valueRequired":true,"valueName":"search_term_string"}}],"inLanguage":"cs"},{"@type":"Organization","@id":"https:\/\/evertonfc.cz\/#organization","name":"Official Czech & Slovak Everton Supporters' Club","url":"https:\/\/evertonfc.cz\/","logo":{"@type":"ImageObject","inLanguage":"cs","@id":"https:\/\/evertonfc.cz\/#\/schema\/logo\/image\/","url":"https:\/\/evertonfc.cz\/wp-content\/uploads\/2019\/05\/logo.png","contentUrl":"https:\/\/evertonfc.cz\/wp-content\/uploads\/2019\/05\/logo.png","width":112,"height":112,"caption":"Official Czech & Slovak Everton Supporters' Club"},"image":{"@id":"https:\/\/evertonfc.cz\/#\/schema\/logo\/image\/"},"sameAs":["https:\/\/www.facebook.com\/everton.fans.cz.sk"]},{"@type":"Person","@id":"https:\/\/evertonfc.cz\/#\/schema\/person\/e9a24a80a32efa1344dd2c4e5882185c","name":"Karamela","url":"https:\/\/evertonfc.cz\/index.php\/author\/karamela\/"}]}},"_links":{"self":[{"href":"https:\/\/evertonfc.cz\/index.php\/wp-json\/wp\/v2\/posts\/21643"}],"collection":[{"href":"https:\/\/evertonfc.cz\/index.php\/wp-json\/wp\/v2\/posts"}],"about":[{"href":"https:\/\/evertonfc.cz\/index.php\/wp-json\/wp\/v2\/types\/post"}],"author":[{"embeddable":true,"href":"https:\/\/evertonfc.cz\/index.php\/wp-json\/wp\/v2\/users\/26"}],"replies":[{"embeddable":true,"href":"https:\/\/evertonfc.cz\/index.php\/wp-json\/wp\/v2\/comments?post=21643"}],"version-history":[{"count":12,"href":"https:\/\/evertonfc.cz\/index.php\/wp-json\/wp\/v2\/posts\/21643\/revisions"}],"predecessor-version":[{"id":21680,"href":"https:\/\/evertonfc.cz\/index.php\/wp-json\/wp\/v2\/posts\/21643\/revisions\/21680"}],"wp:featuredmedia":[{"embeddable":true,"href":"https:\/\/evertonfc.cz\/index.php\/wp-json\/wp\/v2\/media\/21670"}],"wp:attachment":[{"href":"https:\/\/evertonfc.cz\/index.php\/wp-json\/wp\/v2\/media?parent=21643"}],"wp:term":[{"taxonomy":"category","embeddable":true,"href":"https:\/\/evertonfc.cz\/index.php\/wp-json\/wp\/v2\/categories?post=21643"},{"taxonomy":"post_tag","embeddable":true,"href":"https:\/\/evertonfc.cz\/index.php\/wp-json\/wp\/v2\/tags?post=21643"}],"curies":[{"name":"wp","href":"https:\/\/api.w.org\/{rel}","templated":true}]}}