{"id":21646,"date":"2023-05-21T15:27:30","date_gmt":"2023-05-21T13:27:30","guid":{"rendered":"https:\/\/evertonfc.cz\/?p=21646"},"modified":"2023-05-27T17:02:38","modified_gmt":"2023-05-27T15:02:38","slug":"wolverhampton-wanderers-everton-11","status":"publish","type":"post","link":"https:\/\/evertonfc.cz\/index.php\/2023\/05\/21\/wolverhampton-wanderers-everton-11\/","title":{"rendered":"Wolverhampton Wanderers \u2013 Everton 1:1"},"content":{"rendered":"<h4>Niekto vid\u00ed cenn\u00fd bod z\u00a0ihriska s\u00fapera, niekto darovan\u00fa pr\u00edle\u017eitos\u0165 pre s\u00faperov \u010d\u00edhaj\u00facich v\u00a0tabu\u013eke pod \u010diarou ponoru. Jedno je v\u0161ak ist\u00e9, v\u00a0poslednom kole to bude tesn\u00e9.<\/h4>\n<p>Karamelky mali \u0161ancu vypn\u00fa\u0165 hru\u010f a\u00a0v\u00a0pr\u00edpade bezchybn\u00e9ho v\u00fdkonu hodi\u0165 rukavicu \u0161norchluj\u00facim rivalom. O\u00a0hladinu ale \u0161plechla plutva. \u0160tedr\u00fd to Everton. A\u00a0ke\u010f\u017ee drevo na vode pl\u00e1va, a kan\u00f3ny nestrie\u013eaj\u00fa, Nottinghamu na brehu u\u017e ni\u010d nehroz\u00ed. Ve\u013ek\u00fd ot\u00e1znik v\u0161ak st\u00e1le vis\u00ed nad z\u00e1pasmi, ktor\u00e9 sa maj\u00fa odohra\u0165 po\u010das p\u00edsania tohto reportu, a\u00a0e\u0161te aj de\u0148 po \u0148om. Preto sme v\u0161etci dnes Kladiv\u00e1ri a\u00a0zajtra Straky&#8230;<\/p>\n<p>Hostia sa na West Midlands poskladali aj vinou zranen\u00ed ve\u013emi neortodoxne. Dyche tam poslal dvoch stop\u00e9rov, jedn\u00e9ho krajn\u00e9ho obrancu, dve kr\u00eddla, \u0161tyroch stredn\u00fdch z\u00e1lo\u017en\u00edkov, a \u00fato\u010dn\u00edka. Person\u00e1lna zmena z\u00a0minul\u00e9ho t\u00fd\u017ed\u0148a predstavovala v\u00fdmenu Holgatea za Onanu. \u010clovek by \u010dakal, \u017ee to bude improvizovan\u00e1 trojka vzadu, no tvrdohlav\u00fd Sean naordinoval McNeilovi zaobstara\u0165 \u013eav\u00fa obranu a\u00a0Garnerovi obhospodarova\u0165 prav\u00e9 kr\u00eddlo. Nikto neprotestoval, ale \u010dochv\u00ed\u013ea sa aj tak v\u0161etko menilo.<\/p>\n<h4><strong>1. pol\u010das<\/strong><\/h4>\n<p>Wolves sa takmer presadili v priebehu dvoch min\u00fat. Nelson Semedo pre\u0161iel po pravom kr\u00eddle, ale jeho center nedok\u00e1zal te\u010dova\u0165 Pablo Sarabia. Ale Everton si \u010doskoro za\u010dal vytv\u00e1ra\u0165 v\u00e4\u010d\u0161\u00ed podiel \u0161anc\u00ed. Calvert-Lewin triafal do bo\u010dnej siete a n\u00e1sledne po centri Alexa Iwobiho hlavi\u010dkoval len ponad brvno, ako chv\u00ed\u013eu predt\u00fdm z\u00a0rovnakej strany, ale autorom nad\u00fdchanej lopty bol Doucour\u00e9. Mina z\u00a0rohu tie\u017e mimo.<\/p>\n<p>Boli to v\u0161ak dom\u00e1ci, ktor\u00ed sa tesne po polhodine ujali vedenia senza\u010dn\u00fdm \u00fanikom Traor\u00e9ho, ktor\u00fd za\u010d\u00ednal tesne za pokutov\u00fdm \u00fazem\u00edm Vlkov. Jeho strelu dobre vytla\u010dil Jordan Pickford, ale Hwang \u010d\u00edhal, aby odrazen\u00fa loptu dorazil. Hanba, \u017ee nikto z\u00a0vracaj\u00facich sa hr\u00e1\u010dov si nedal t\u00fa n\u00e1mahu ho pokry\u0165. \u0160kol\u00e1cka chyba. <strong>1:0<\/strong><\/p>\n<p>G\u00f3l vyburcoval Wanderers, ktor\u00ed mohli prida\u0165 takmer okam\u017eite druh\u00fd, ale strelu Gomesa vytla\u010dil Pickford, k\u00fdm hlavi\u010dka Daniela Podencea pre\u0161la nad brvno. Everton bol n\u00faten\u00fd k dvom zmen\u00e1m v prvom dejstve. Nathan Patterson odst\u00fapil zranen\u00fd, ale skuto\u010dn\u00e1 rana pri\u0161la, ke\u010f tesne pred prest\u00e1vkou musel strieda\u0165 Calvert-Lewin.<\/p>\n<h4><strong>2. pol\u010das<\/strong><\/h4>\n<p>Vlci dominovali vo ve\u013ekej \u010dasti druh\u00e9ho pol\u010dasu, no nedok\u00e1zali n\u00e1js\u0165 br\u00e1nu. Semedo a Sarabia boli bl\u00edzko, ale triafali ved\u013ea. Daniel Bentley bol n\u00faten\u00fd zachra\u0148ova\u0165 stav v 69. min\u00fate, ke\u010f mal Everton jednu zo svojich najv\u00e4\u010d\u0161\u00edch \u0161anc\u00ed v z\u00e1pase. Demarai Gray, ktor\u00fd nahradil zranen\u00e9ho Calverta-Lewina, vyslal jedovat\u00fa strelu z\u00a0kraja v\u00e1pna. Vyp\u00fdtal si tak nepresved\u010div\u00fd z\u00e1krok od brank\u00e1ra host\u00ed, vytl\u00e1\u010daj\u00fac len na roh.<\/p>\n<p>V posledn\u00fdch deviatich min\u00fatach nadstaven\u00e9ho \u010dasu do\u0161lo k dvom incidentom, ktor\u00e9 mohli definova\u0165 sez\u00f3nu Evertonu. Po prv\u00e9, Pickford vystr\u010denou nohou zabr\u00e1nil Matheusovi Nunesovi sk\u00f3rova\u0165 druh\u00fd g\u00f3l, a po druh\u00e9, za EFC Mina na opa\u010dnom konci ihriska kone\u010dne prepas\u00edroval loptu do siete na vyrovnan\u00fd stav <strong>1:1<\/strong>.<\/p>\n<p>Grayov center sa dostal na zadn\u00fa \u017er\u010f a\u00a0Bentley, dovtedy spo\u013eahliv\u00fd pri \u0161tandardk\u00e1ch, zluftoval v\u00a0prospech Tarkowsk\u00e9ho. Keane si na\u0161iel odrazen\u00fa loptu, prihral p\u00e4tou Minovi po svojej \u013eavici, a\u00a0dlh\u00e1\u0148 klinick\u00fdm zakon\u010den\u00edm z\u00edskal pre Everton \u017eivotne d\u00f4le\u017eit\u00fd bod. No a\u00a0predstavte si, \u017ee v\u00e1m tesne predt\u00fdm zamrzne stream&#8230;<\/p>\n<h4><strong>Sean Dyche po z\u00e1pase:<\/strong><\/h4>\n<blockquote><p><span style=\"font-size: 12pt;\"><em>\u201eSo v\u0161etk\u00fdmi v\u00fdzvami, ktor\u00e9 sme v z\u00e1pase mali, a\u00a0potom samozrejme, s v\u00fdzvami v z\u00e1pase so zraneniami, som nakoniec spokojn\u00fd. Mentalita je k\u013e\u00fa\u010dov\u00e1 a t\u00fa sme budovali. Sme \u0161tyri z\u00e1pasy vonku neporazen\u00ed s klubom, ktor\u00fd mal ve\u013ea rozruchu okolo na\u0161ej reput\u00e1cie u s\u00faperov, tak\u017ee sa to men\u00ed. Museli sme urobi\u0165 to\u013eko zmien v z\u00e1pase, taktick\u00fdch zmien a r\u00f4znych sp\u00f4sobov hry, ale chlapci to v\u0161etko zobrali a pokra\u010dovali \u010falej. Ten neoblomn\u00fd postoj sa n\u00e1m odv\u010fa\u010dil.\u201c<\/em><\/span><\/p><\/blockquote>\n<h4><strong>\u0160tatistick\u00e9 okienko:<\/strong><\/h4>\n<ul>\n<li>Everton neprehral v posledn\u00fdch \u0161tyroch z\u00e1pasoch Premier League vonku (W1 D3), \u010do je jeho najdlh\u0161ia s\u00e9ria bez prehry od apr\u00edla do m\u00e1ja 2021 pod veden\u00edm Carla Ancelottiho (tie\u017e \u0161tyri z\u00e1pasy, W2 D2).<\/li>\n<li>U\u017e je to dokonca 8 bodov v posledn\u00fdch 7 z\u00e1pasoch vonku (W1 D5 L1) &#8211; to\u013eko, ko\u013eko sa EFC podarilo v predch\u00e1dzaj\u00facich 14 z\u00e1pasoch vonku (W1 D5 L1).<\/li>\n<\/ul>\n<h3 style=\"text-align: center;\"><span style=\"color: #3366ff;\"><em><strong>Come on you Blues !!!<\/strong><\/em><\/span><\/h3>\n<p style=\"text-align: right;\"><span style=\"font-size: 8pt;\">(fotozdroj: Sky Sports)<\/span><\/p>\n<p><strong>Zostrihy:<\/strong> <a href=\"https:\/\/hoofoot.com\/?match=Wolves_v_Everton_2023_05_20\" target=\"_blank\" rel=\"noopener\">hoofoot.com<\/a>\u00a0 <strong>Mu\u017e z\u00e1pasu redakcie:<\/strong> Yerry Mina<\/p>\n<p><strong>G\u00f3ly:<\/strong> 34\u00b4 Hwang, 90+9\u00b4 Mina (Keane)<\/p>\n<p><strong>\u017dlt\u00e9 karty:<\/strong> 17\u00b4 Traor\u00e9, 45+5\u00b4 Dawson, 51\u00b4 Semedo, 66\u00b4 Neves, 90\u00b4 Garner, 90+4\u00b4 Nunes<\/p>\n<p><strong>Wolverhampton Wanderers FC:<\/strong> Bentley \u2013 Semedo, Collins, Dawson, Toti \u2013 Traor\u00e9 (88\u00b4 Cunha), Neves (88\u00b4 Traor\u00e9), Gomes, Podence (70\u00b4 Costa) \u2013 Sarabia (70\u00b4 Nunes), Hwang (74\u00b4 Lemina)<\/p>\n<p><strong>Everton FC:<\/strong> Pickford \u2013 Patterson (29\u00b4 Keane), Mina, Tarkowski, McNeil \u2013 Garner, Doucour\u00e9, Gueye (82\u00b4 Holgate), Onana (81\u00b4 Maupay), Iwobi \u2013 Calvert-Lewin (45+2\u00b4 Gray)<\/p>\n<p><strong>Rozhodca: <\/strong>David Coote<strong>\u00a0 Div\u00e1ci: <\/strong>31 684<\/p>\n","protected":false},"excerpt":{"rendered":"<p>Niekto vid\u00ed cenn\u00fd bod z\u00a0ihriska s\u00fapera, niekto darovan\u00fa pr\u00edle\u017eitos\u0165 pre s\u00faperov \u010d\u00edhaj\u00facich v\u00a0tabu\u013eke pod \u010diarou ponoru. Jedno je v\u0161ak ist\u00e9, v\u00a0poslednom kole to bude tesn\u00e9.<\/p>\n","protected":false},"author":1,"featured_media":21645,"comment_status":"open","ping_status":"closed","sticky":false,"template":"","format":"standard","meta":{"_eb_attr":"","_monsterinsights_skip_tracking":false,"_monsterinsights_sitenote_active":false,"_monsterinsights_sitenote_note":"","_monsterinsights_sitenote_category":0,"footnotes":""},"categories":[4],"tags":[],"yoast_head":"<!-- This site is optimized with the Yoast SEO plugin v23.4 - https:\/\/yoast.com\/wordpress\/plugins\/seo\/ -->\n<title>Wolverhampton Wanderers \u2013 Everton 1:1 - Official Czech &amp; Slovak Everton Supporters&#039; Club<\/title>\n<meta name=\"robots\" content=\"index, follow, max-snippet:-1, max-image-preview:large, max-video-preview:-1\" \/>\n<link rel=\"canonical\" href=\"https:\/\/evertonfc.cz\/index.php\/2023\/05\/21\/wolverhampton-wanderers-everton-11\/\" \/>\n<meta property=\"og:locale\" content=\"cs_CZ\" \/>\n<meta property=\"og:type\" content=\"article\" \/>\n<meta property=\"og:title\" content=\"Wolverhampton Wanderers \u2013 Everton 1:1 - Official Czech &amp; Slovak Everton Supporters&#039; Club\" \/>\n<meta property=\"og:description\" content=\"Niekto vid\u00ed cenn\u00fd bod z\u00a0ihriska s\u00fapera, niekto darovan\u00fa pr\u00edle\u017eitos\u0165 pre s\u00faperov \u010d\u00edhaj\u00facich v\u00a0tabu\u013eke pod \u010diarou ponoru. Jedno je v\u0161ak ist\u00e9, v\u00a0poslednom kole to bude tesn\u00e9.\" \/>\n<meta property=\"og:url\" content=\"https:\/\/evertonfc.cz\/index.php\/2023\/05\/21\/wolverhampton-wanderers-everton-11\/\" \/>\n<meta property=\"og:site_name\" content=\"Official Czech &amp; Slovak Everton Supporters&#039; Club\" \/>\n<meta property=\"article:publisher\" content=\"https:\/\/www.facebook.com\/everton.fans.cz.sk\" \/>\n<meta property=\"article:published_time\" content=\"2023-05-21T13:27:30+00:00\" \/>\n<meta property=\"article:modified_time\" content=\"2023-05-27T15:02:38+00:00\" \/>\n<meta property=\"og:image\" content=\"https:\/\/evertonfc.cz\/wp-content\/uploads\/2023\/05\/Skysports-Wolverhampton-1-1-Everton-20-6-2023.jpg\" \/>\n\t<meta property=\"og:image:width\" content=\"720\" \/>\n\t<meta property=\"og:image:height\" content=\"405\" \/>\n\t<meta property=\"og:image:type\" content=\"image\/jpeg\" \/>\n<meta name=\"author\" content=\"BlueBlooded\" \/>\n<meta name=\"twitter:card\" content=\"summary_large_image\" \/>\n<meta name=\"twitter:label1\" content=\"Napsal(a)\" \/>\n\t<meta name=\"twitter:data1\" content=\"BlueBlooded\" \/>\n\t<meta name=\"twitter:label2\" content=\"Odhadovan\u00e1 doba \u010dten\u00ed\" \/>\n\t<meta name=\"twitter:data2\" content=\"4 minuty\" \/>\n<script type=\"application\/ld+json\" class=\"yoast-schema-graph\">{\"@context\":\"https:\/\/schema.org\",\"@graph\":[{\"@type\":\"Article\",\"@id\":\"https:\/\/evertonfc.cz\/index.php\/2023\/05\/21\/wolverhampton-wanderers-everton-11\/#article\",\"isPartOf\":{\"@id\":\"https:\/\/evertonfc.cz\/index.php\/2023\/05\/21\/wolverhampton-wanderers-everton-11\/\"},\"author\":{\"name\":\"BlueBlooded\",\"@id\":\"https:\/\/evertonfc.cz\/#\/schema\/person\/d4493b8cbea51532597fbc4685698916\"},\"headline\":\"Wolverhampton Wanderers \u2013 Everton 1:1\",\"datePublished\":\"2023-05-21T13:27:30+00:00\",\"dateModified\":\"2023-05-27T15:02:38+00:00\",\"mainEntityOfPage\":{\"@id\":\"https:\/\/evertonfc.cz\/index.php\/2023\/05\/21\/wolverhampton-wanderers-everton-11\/\"},\"wordCount\":850,\"commentCount\":14,\"publisher\":{\"@id\":\"https:\/\/evertonfc.cz\/#organization\"},\"image\":{\"@id\":\"https:\/\/evertonfc.cz\/index.php\/2023\/05\/21\/wolverhampton-wanderers-everton-11\/#primaryimage\"},\"thumbnailUrl\":\"https:\/\/evertonfc.cz\/wp-content\/uploads\/2023\/05\/Skysports-Wolverhampton-1-1-Everton-20-6-2023.jpg\",\"articleSection\":[\"Z\u00e1pasy\"],\"inLanguage\":\"cs\",\"potentialAction\":[{\"@type\":\"CommentAction\",\"name\":\"Comment\",\"target\":[\"https:\/\/evertonfc.cz\/index.php\/2023\/05\/21\/wolverhampton-wanderers-everton-11\/#respond\"]}]},{\"@type\":\"WebPage\",\"@id\":\"https:\/\/evertonfc.cz\/index.php\/2023\/05\/21\/wolverhampton-wanderers-everton-11\/\",\"url\":\"https:\/\/evertonfc.cz\/index.php\/2023\/05\/21\/wolverhampton-wanderers-everton-11\/\",\"name\":\"Wolverhampton Wanderers \u2013 Everton 1:1 - Official Czech &amp; Slovak Everton Supporters&#039; Club\",\"isPartOf\":{\"@id\":\"https:\/\/evertonfc.cz\/#website\"},\"primaryImageOfPage\":{\"@id\":\"https:\/\/evertonfc.cz\/index.php\/2023\/05\/21\/wolverhampton-wanderers-everton-11\/#primaryimage\"},\"image\":{\"@id\":\"https:\/\/evertonfc.cz\/index.php\/2023\/05\/21\/wolverhampton-wanderers-everton-11\/#primaryimage\"},\"thumbnailUrl\":\"https:\/\/evertonfc.cz\/wp-content\/uploads\/2023\/05\/Skysports-Wolverhampton-1-1-Everton-20-6-2023.jpg\",\"datePublished\":\"2023-05-21T13:27:30+00:00\",\"dateModified\":\"2023-05-27T15:02:38+00:00\",\"breadcrumb\":{\"@id\":\"https:\/\/evertonfc.cz\/index.php\/2023\/05\/21\/wolverhampton-wanderers-everton-11\/#breadcrumb\"},\"inLanguage\":\"cs\",\"potentialAction\":[{\"@type\":\"ReadAction\",\"target\":[\"https:\/\/evertonfc.cz\/index.php\/2023\/05\/21\/wolverhampton-wanderers-everton-11\/\"]}]},{\"@type\":\"ImageObject\",\"inLanguage\":\"cs\",\"@id\":\"https:\/\/evertonfc.cz\/index.php\/2023\/05\/21\/wolverhampton-wanderers-everton-11\/#primaryimage\",\"url\":\"https:\/\/evertonfc.cz\/wp-content\/uploads\/2023\/05\/Skysports-Wolverhampton-1-1-Everton-20-6-2023.jpg\",\"contentUrl\":\"https:\/\/evertonfc.cz\/wp-content\/uploads\/2023\/05\/Skysports-Wolverhampton-1-1-Everton-20-6-2023.jpg\",\"width\":720,\"height\":405},{\"@type\":\"BreadcrumbList\",\"@id\":\"https:\/\/evertonfc.cz\/index.php\/2023\/05\/21\/wolverhampton-wanderers-everton-11\/#breadcrumb\",\"itemListElement\":[{\"@type\":\"ListItem\",\"position\":1,\"name\":\"Home\",\"item\":\"https:\/\/evertonfc.cz\/\"},{\"@type\":\"ListItem\",\"position\":2,\"name\":\"Wolverhampton Wanderers \u2013 Everton 1:1\"}]},{\"@type\":\"WebSite\",\"@id\":\"https:\/\/evertonfc.cz\/#website\",\"url\":\"https:\/\/evertonfc.cz\/\",\"name\":\"Official Czech &amp; Slovak Everton Supporters&#039; Club\",\"description\":\"\",\"publisher\":{\"@id\":\"https:\/\/evertonfc.cz\/#organization\"},\"potentialAction\":[{\"@type\":\"SearchAction\",\"target\":{\"@type\":\"EntryPoint\",\"urlTemplate\":\"https:\/\/evertonfc.cz\/?s={search_term_string}\"},\"query-input\":{\"@type\":\"PropertyValueSpecification\",\"valueRequired\":true,\"valueName\":\"search_term_string\"}}],\"inLanguage\":\"cs\"},{\"@type\":\"Organization\",\"@id\":\"https:\/\/evertonfc.cz\/#organization\",\"name\":\"Official Czech & Slovak Everton Supporters' Club\",\"url\":\"https:\/\/evertonfc.cz\/\",\"logo\":{\"@type\":\"ImageObject\",\"inLanguage\":\"cs\",\"@id\":\"https:\/\/evertonfc.cz\/#\/schema\/logo\/image\/\",\"url\":\"https:\/\/evertonfc.cz\/wp-content\/uploads\/2019\/05\/logo.png\",\"contentUrl\":\"https:\/\/evertonfc.cz\/wp-content\/uploads\/2019\/05\/logo.png\",\"width\":112,\"height\":112,\"caption\":\"Official Czech & Slovak Everton Supporters' Club\"},\"image\":{\"@id\":\"https:\/\/evertonfc.cz\/#\/schema\/logo\/image\/\"},\"sameAs\":[\"https:\/\/www.facebook.com\/everton.fans.cz.sk\"]},{\"@type\":\"Person\",\"@id\":\"https:\/\/evertonfc.cz\/#\/schema\/person\/d4493b8cbea51532597fbc4685698916\",\"name\":\"BlueBlooded\",\"url\":\"https:\/\/evertonfc.cz\/index.php\/author\/admin\/\"}]}<\/script>\n<!-- \/ Yoast SEO plugin. -->","yoast_head_json":{"title":"Wolverhampton Wanderers \u2013 Everton 1:1 - Official Czech &amp; Slovak Everton Supporters&#039; Club","robots":{"index":"index","follow":"follow","max-snippet":"max-snippet:-1","max-image-preview":"max-image-preview:large","max-video-preview":"max-video-preview:-1"},"canonical":"https:\/\/evertonfc.cz\/index.php\/2023\/05\/21\/wolverhampton-wanderers-everton-11\/","og_locale":"cs_CZ","og_type":"article","og_title":"Wolverhampton Wanderers \u2013 Everton 1:1 - Official Czech &amp; Slovak Everton Supporters&#039; Club","og_description":"Niekto vid\u00ed cenn\u00fd bod z\u00a0ihriska s\u00fapera, niekto darovan\u00fa pr\u00edle\u017eitos\u0165 pre s\u00faperov \u010d\u00edhaj\u00facich v\u00a0tabu\u013eke pod \u010diarou ponoru. Jedno je v\u0161ak ist\u00e9, v\u00a0poslednom kole to bude tesn\u00e9.","og_url":"https:\/\/evertonfc.cz\/index.php\/2023\/05\/21\/wolverhampton-wanderers-everton-11\/","og_site_name":"Official Czech &amp; Slovak Everton Supporters&#039; Club","article_publisher":"https:\/\/www.facebook.com\/everton.fans.cz.sk","article_published_time":"2023-05-21T13:27:30+00:00","article_modified_time":"2023-05-27T15:02:38+00:00","og_image":[{"width":720,"height":405,"url":"https:\/\/evertonfc.cz\/wp-content\/uploads\/2023\/05\/Skysports-Wolverhampton-1-1-Everton-20-6-2023.jpg","type":"image\/jpeg"}],"author":"BlueBlooded","twitter_card":"summary_large_image","twitter_misc":{"Napsal(a)":"BlueBlooded","Odhadovan\u00e1 doba \u010dten\u00ed":"4 minuty"},"schema":{"@context":"https:\/\/schema.org","@graph":[{"@type":"Article","@id":"https:\/\/evertonfc.cz\/index.php\/2023\/05\/21\/wolverhampton-wanderers-everton-11\/#article","isPartOf":{"@id":"https:\/\/evertonfc.cz\/index.php\/2023\/05\/21\/wolverhampton-wanderers-everton-11\/"},"author":{"name":"BlueBlooded","@id":"https:\/\/evertonfc.cz\/#\/schema\/person\/d4493b8cbea51532597fbc4685698916"},"headline":"Wolverhampton Wanderers \u2013 Everton 1:1","datePublished":"2023-05-21T13:27:30+00:00","dateModified":"2023-05-27T15:02:38+00:00","mainEntityOfPage":{"@id":"https:\/\/evertonfc.cz\/index.php\/2023\/05\/21\/wolverhampton-wanderers-everton-11\/"},"wordCount":850,"commentCount":14,"publisher":{"@id":"https:\/\/evertonfc.cz\/#organization"},"image":{"@id":"https:\/\/evertonfc.cz\/index.php\/2023\/05\/21\/wolverhampton-wanderers-everton-11\/#primaryimage"},"thumbnailUrl":"https:\/\/evertonfc.cz\/wp-content\/uploads\/2023\/05\/Skysports-Wolverhampton-1-1-Everton-20-6-2023.jpg","articleSection":["Z\u00e1pasy"],"inLanguage":"cs","potentialAction":[{"@type":"CommentAction","name":"Comment","target":["https:\/\/evertonfc.cz\/index.php\/2023\/05\/21\/wolverhampton-wanderers-everton-11\/#respond"]}]},{"@type":"WebPage","@id":"https:\/\/evertonfc.cz\/index.php\/2023\/05\/21\/wolverhampton-wanderers-everton-11\/","url":"https:\/\/evertonfc.cz\/index.php\/2023\/05\/21\/wolverhampton-wanderers-everton-11\/","name":"Wolverhampton Wanderers \u2013 Everton 1:1 - Official Czech &amp; Slovak Everton Supporters&#039; Club","isPartOf":{"@id":"https:\/\/evertonfc.cz\/#website"},"primaryImageOfPage":{"@id":"https:\/\/evertonfc.cz\/index.php\/2023\/05\/21\/wolverhampton-wanderers-everton-11\/#primaryimage"},"image":{"@id":"https:\/\/evertonfc.cz\/index.php\/2023\/05\/21\/wolverhampton-wanderers-everton-11\/#primaryimage"},"thumbnailUrl":"https:\/\/evertonfc.cz\/wp-content\/uploads\/2023\/05\/Skysports-Wolverhampton-1-1-Everton-20-6-2023.jpg","datePublished":"2023-05-21T13:27:30+00:00","dateModified":"2023-05-27T15:02:38+00:00","breadcrumb":{"@id":"https:\/\/evertonfc.cz\/index.php\/2023\/05\/21\/wolverhampton-wanderers-everton-11\/#breadcrumb"},"inLanguage":"cs","potentialAction":[{"@type":"ReadAction","target":["https:\/\/evertonfc.cz\/index.php\/2023\/05\/21\/wolverhampton-wanderers-everton-11\/"]}]},{"@type":"ImageObject","inLanguage":"cs","@id":"https:\/\/evertonfc.cz\/index.php\/2023\/05\/21\/wolverhampton-wanderers-everton-11\/#primaryimage","url":"https:\/\/evertonfc.cz\/wp-content\/uploads\/2023\/05\/Skysports-Wolverhampton-1-1-Everton-20-6-2023.jpg","contentUrl":"https:\/\/evertonfc.cz\/wp-content\/uploads\/2023\/05\/Skysports-Wolverhampton-1-1-Everton-20-6-2023.jpg","width":720,"height":405},{"@type":"BreadcrumbList","@id":"https:\/\/evertonfc.cz\/index.php\/2023\/05\/21\/wolverhampton-wanderers-everton-11\/#breadcrumb","itemListElement":[{"@type":"ListItem","position":1,"name":"Home","item":"https:\/\/evertonfc.cz\/"},{"@type":"ListItem","position":2,"name":"Wolverhampton Wanderers \u2013 Everton 1:1"}]},{"@type":"WebSite","@id":"https:\/\/evertonfc.cz\/#website","url":"https:\/\/evertonfc.cz\/","name":"Official Czech &amp; Slovak Everton Supporters&#039; Club","description":"","publisher":{"@id":"https:\/\/evertonfc.cz\/#organization"},"potentialAction":[{"@type":"SearchAction","target":{"@type":"EntryPoint","urlTemplate":"https:\/\/evertonfc.cz\/?s={search_term_string}"},"query-input":{"@type":"PropertyValueSpecification","valueRequired":true,"valueName":"search_term_string"}}],"inLanguage":"cs"},{"@type":"Organization","@id":"https:\/\/evertonfc.cz\/#organization","name":"Official Czech & Slovak Everton Supporters' Club","url":"https:\/\/evertonfc.cz\/","logo":{"@type":"ImageObject","inLanguage":"cs","@id":"https:\/\/evertonfc.cz\/#\/schema\/logo\/image\/","url":"https:\/\/evertonfc.cz\/wp-content\/uploads\/2019\/05\/logo.png","contentUrl":"https:\/\/evertonfc.cz\/wp-content\/uploads\/2019\/05\/logo.png","width":112,"height":112,"caption":"Official Czech & Slovak Everton Supporters' Club"},"image":{"@id":"https:\/\/evertonfc.cz\/#\/schema\/logo\/image\/"},"sameAs":["https:\/\/www.facebook.com\/everton.fans.cz.sk"]},{"@type":"Person","@id":"https:\/\/evertonfc.cz\/#\/schema\/person\/d4493b8cbea51532597fbc4685698916","name":"BlueBlooded","url":"https:\/\/evertonfc.cz\/index.php\/author\/admin\/"}]}},"_links":{"self":[{"href":"https:\/\/evertonfc.cz\/index.php\/wp-json\/wp\/v2\/posts\/21646"}],"collection":[{"href":"https:\/\/evertonfc.cz\/index.php\/wp-json\/wp\/v2\/posts"}],"about":[{"href":"https:\/\/evertonfc.cz\/index.php\/wp-json\/wp\/v2\/types\/post"}],"author":[{"embeddable":true,"href":"https:\/\/evertonfc.cz\/index.php\/wp-json\/wp\/v2\/users\/1"}],"replies":[{"embeddable":true,"href":"https:\/\/evertonfc.cz\/index.php\/wp-json\/wp\/v2\/comments?post=21646"}],"version-history":[{"count":3,"href":"https:\/\/evertonfc.cz\/index.php\/wp-json\/wp\/v2\/posts\/21646\/revisions"}],"predecessor-version":[{"id":21681,"href":"https:\/\/evertonfc.cz\/index.php\/wp-json\/wp\/v2\/posts\/21646\/revisions\/21681"}],"wp:featuredmedia":[{"embeddable":true,"href":"https:\/\/evertonfc.cz\/index.php\/wp-json\/wp\/v2\/media\/21645"}],"wp:attachment":[{"href":"https:\/\/evertonfc.cz\/index.php\/wp-json\/wp\/v2\/media?parent=21646"}],"wp:term":[{"taxonomy":"category","embeddable":true,"href":"https:\/\/evertonfc.cz\/index.php\/wp-json\/wp\/v2\/categories?post=21646"},{"taxonomy":"post_tag","embeddable":true,"href":"https:\/\/evertonfc.cz\/index.php\/wp-json\/wp\/v2\/tags?post=21646"}],"curies":[{"name":"wp","href":"https:\/\/api.w.org\/{rel}","templated":true}]}}