{"id":2165,"date":"2018-03-09T14:10:31","date_gmt":"2018-03-09T13:10:31","guid":{"rendered":"http:\/\/evertonfc.cz\/?p=2165"},"modified":"2022-05-11T07:55:42","modified_gmt":"2022-05-11T05:55:42","slug":"preview-everton-brighton-hove-2","status":"publish","type":"post","link":"https:\/\/evertonfc.cz\/index.php\/2018\/03\/09\/preview-everton-brighton-hove-2\/","title":{"rendered":"Preview: Everton &#8211; Brighton &#038; Hove Albion"},"content":{"rendered":"\r\n<h4 class=\"wp-block-heading\">Everton se v t\u00e9to sez\u00f3n\u011b snad u\u017e popatn\u00e1ct\u00e9 bude sna\u017eit restartovat sez\u00f3nu. Po dvou venkovn\u00edch por\u00e1\u017ek\u00e1ch p\u0159iv\u00edt\u00e1 ve veled\u016fle\u017eit\u00e9m (z\u00e1chran\u00e1\u0159sk\u00e9m) boji nov\u00e1\u010dka a tabulkov\u00e9ho souseda Brighton a Hove.<\/h4>\r\n\r\n\r\n\r\n<p>V\u00fdjezdy na p\u016fdu na Watfordu a Burnley m\u011bly Everton p\u0159ibl\u00ed\u017eit k sedm\u00e9mu m\u00edstu, kter\u00e9 pravd\u011bpodobn\u011b p\u0159inese kvalifikaci\u00a0do evropsk\u00fdch poh\u00e1r\u016f. Allardyceova dru\u017eina ale po dvou ustra\u0161en\u00fdch v\u00fdkonech nez\u00edskala \u017e\u00e1dn\u00fd bod.<\/p>\r\n\r\n\r\n\r\n<p>\u017d\u00e1dn\u00fd. Nic. Nula.<\/p>\r\n\r\n\r\n\r\n<p><a href=\"https:\/\/www.youtube.com\/watch?v=4zLfCnGVeL4\" target=\"_blank\" rel=\"noreferrer noopener\">Hello darkness, my old friend \u2639<\/a><\/p>\r\n\r\n\r\n\r\n<p>R\u00e1zem tak op\u011bt vyvstaly obavy o zachov\u00e1n\u00ed prvoligov\u00e9 p\u0159\u00edslu\u0161nosti. Dev\u011bt kol do konce ligy sice n\u00e1skok na sestupov\u00e9 pozice sice \u010din\u00ed sedm bod\u016f, ov\u0161em \u0161est proher z posledn\u00edch dev\u00edti ligov\u00fdch kol a tragick\u00fd hern\u00ed projev p\u0159\u00edli\u0161 optimismu nep\u0159id\u00e1vaj\u00ed.<\/p>\r\n\r\n\r\n\r\n<p>Jakousi nad\u011bji p\u0159ed sobotn\u00edm z\u00e1pasem aspo\u0148 p\u0159i\u017eivuj\u00ed posledn\u00ed dva dom\u00e1c\u00ed duely s Leicesterem a Crystalem Palace, kter\u00e9 Everton ovl\u00e1dl.<\/p>\r\n\r\n\r\n\r\n<p>Allardyce, jen\u017e je st\u00e1le p\u0159esv\u011bd\u010den, \u017ee na Goodison Parku setrv\u00e1 d\u00e9le ne\u017e do konce aktu\u00e1ln\u00ed sez\u00f3ny (<a href=\"https:\/\/www.youtube.com\/watch?v=4zLfCnGVeL4\" target=\"_blank\" rel=\"noreferrer noopener\">Hello darkness, my old friend \u2639<\/a>), bude postr\u00e1dat vykartovan\u00e9ho Williamse a dlouhodob\u011b zran\u011bn\u00e9 Mangalu s McCarthym. Po dlouh\u00e9 dob\u011b jsou naopak p\u0159ipraveni nastoupit Funes Mori, Jagielka i Baines.<\/p>\r\n\r\n\r\n\r\n<p>Minim\u00e1ln\u011b podpr\u016fm\u011brn\u00fd Martina, mimochodem Allardycem nejvyu\u017e\u00edvan\u011bj\u0161\u00ed hr\u00e1\u010d, se tedy mus\u00ed ob\u00e1vat o m\u00edsto v z\u00e1kladn\u00ed sestav\u011b. O to by se za norm\u00e1ln\u00edch okolnost\u00ed nem\u011bl strachovat Cenk Tosun. Tureck\u00fd reprezentant si p\u0159ed t\u00fddnem otev\u0159el st\u0159eleck\u00e9 konto v Premier League a odehr\u00e1l solidn\u00ed z\u00e1pas. Jen\u017ee Everton je moment\u00e1ln\u011b na hony vzd\u00e1len aspo\u0148 ne\u010demu, co se i trochu podob\u00e1 norm\u00e1lu, proto nebude p\u0159ekvapiv\u00e9, kdy\u017e Tosun usedne jen na lavi\u010dku.<\/p>\r\n\r\n\r\n\r\n<p><a href=\"https:\/\/www.youtube.com\/watch?v=4zLfCnGVeL4\" target=\"_blank\" rel=\"noreferrer noopener\">Hello darkness, my old friend \u2639<\/a><\/p>\r\n\r\n\r\n\r\n<p>Seagulls p\u0159icestuj\u00ed na Merseyside ve velmi dobr\u00e9m rozpolo\u017een\u00ed. Po 29. kolech maj\u00ed na kont\u011b 34 bod\u016f (stejn\u011b jako Everton) a zauj\u00edmaj\u00ed 10. p\u0159\u00ed\u010dku (o m\u00edsto nad Evertonem).<\/p>\r\n\r\n\r\n\r\n<p>V posledn\u00edch sedmi sout\u011b\u017en\u00edch z\u00e1pasech p\u011btkr\u00e1t vyhr\u00e1li a dvakr\u00e1t remizovali, p\u0159i\u010dem\u017e naposledy doma porazili Arsenal 2:1. V\u00edt\u011bznou branku zaznamenal zku\u0161en\u00fd \u00fato\u010dn\u00edk Glenn Murray, kter\u00fd v leto\u0161n\u00ed Premier League vst\u0159elil ji\u017e 11 branek. On, drz\u00ed k\u0159\u00eddeln\u00edci Knockaert s Izquirdem a tv\u016frce hry Gross p\u0159edstavuj\u00ed hlavn\u00ed ofenzivn\u00ed nebezpe\u010d\u00ed.<\/p>\r\n\r\n\r\n\r\n<p>Brighton postr\u00e1d\u00e1 zran\u011bn\u00e9 Browna, Sidwella a Skal\u00e1ka.<\/p>\r\n\r\n\r\n\r\n<p>Utk\u00e1n\u00ed vys\u00edl\u00e1 stanice Digi sport 1 ze z\u00e1znamu dnes od 20:30.<\/p>\r\n\r\n\r\n\r\n<p><strong>Co:<\/strong>\u00a0Everton FC &#8211; Brighton &amp; Hove Albion FC, 30. kolo Premier League<br \/><strong>Kdy:<\/strong>\u00a010. 3. 2018 od 16:00 SE\u010c<br \/><strong>Kde:<\/strong>\u00a0Goodison Park, Liverpool (kapacita: 40 221)<br \/><strong>Rozhod\u010d\u00ed:<\/strong>\u00a0Roger East<\/p>\r\n","protected":false},"excerpt":{"rendered":"<p>Everton se v t\u00e9to sez\u00f3n\u011b snad u\u017e popatn\u00e1ct\u00e9 bude sna\u017eit restartovat sez\u00f3nu. Po dvou venkovn\u00edch por\u00e1\u017ek\u00e1ch p\u0159iv\u00edt\u00e1 ve veled\u016fle\u017eit\u00e9m (z\u00e1chran\u00e1\u0159sk\u00e9m)&hellip;<\/p>\n","protected":false},"author":6,"featured_media":12238,"comment_status":"open","ping_status":"closed","sticky":false,"template":"","format":"standard","meta":{"_eb_attr":"","_monsterinsights_skip_tracking":false,"_monsterinsights_sitenote_active":false,"_monsterinsights_sitenote_note":"","_monsterinsights_sitenote_category":0,"footnotes":""},"categories":[4],"tags":[],"yoast_head":"<!-- This site is optimized with the Yoast SEO plugin v23.4 - https:\/\/yoast.com\/wordpress\/plugins\/seo\/ -->\n<title>Preview: Everton - Brighton &amp; Hove Albion - Official Czech &amp; Slovak Everton Supporters&#039; Club<\/title>\n<meta name=\"robots\" content=\"index, follow, max-snippet:-1, max-image-preview:large, max-video-preview:-1\" \/>\n<link rel=\"canonical\" href=\"https:\/\/evertonfc.cz\/index.php\/2018\/03\/09\/preview-everton-brighton-hove-2\/\" \/>\n<meta property=\"og:locale\" content=\"cs_CZ\" \/>\n<meta property=\"og:type\" content=\"article\" \/>\n<meta property=\"og:title\" content=\"Preview: Everton - Brighton &amp; Hove Albion - Official Czech &amp; Slovak Everton Supporters&#039; Club\" \/>\n<meta property=\"og:description\" content=\"Everton se v t\u00e9to sez\u00f3n\u011b snad u\u017e popatn\u00e1ct\u00e9 bude sna\u017eit restartovat sez\u00f3nu. Po dvou venkovn\u00edch por\u00e1\u017ek\u00e1ch p\u0159iv\u00edt\u00e1 ve veled\u016fle\u017eit\u00e9m (z\u00e1chran\u00e1\u0159sk\u00e9m)&hellip;\" \/>\n<meta property=\"og:url\" content=\"https:\/\/evertonfc.cz\/index.php\/2018\/03\/09\/preview-everton-brighton-hove-2\/\" \/>\n<meta property=\"og:site_name\" content=\"Official Czech &amp; Slovak Everton Supporters&#039; Club\" \/>\n<meta property=\"article:publisher\" content=\"https:\/\/www.facebook.com\/everton.fans.cz.sk\" \/>\n<meta property=\"article:published_time\" content=\"2018-03-09T13:10:31+00:00\" \/>\n<meta property=\"article:modified_time\" content=\"2022-05-11T05:55:42+00:00\" \/>\n<meta property=\"og:image\" content=\"https:\/\/evertonfc.cz\/wp-content\/uploads\/2020\/10\/Everton-VS-Brighton-3-10-2020.jpg.jpg\" \/>\n\t<meta property=\"og:image:width\" content=\"720\" \/>\n\t<meta property=\"og:image:height\" content=\"405\" \/>\n\t<meta property=\"og:image:type\" content=\"image\/jpeg\" \/>\n<meta name=\"author\" content=\"Ri\u010di\" \/>\n<meta name=\"twitter:card\" content=\"summary_large_image\" \/>\n<meta name=\"twitter:creator\" content=\"@rbrejsa\" \/>\n<meta name=\"twitter:label1\" content=\"Napsal(a)\" \/>\n\t<meta name=\"twitter:data1\" content=\"Ri\u010di\" \/>\n\t<meta name=\"twitter:label2\" content=\"Odhadovan\u00e1 doba \u010dten\u00ed\" \/>\n\t<meta name=\"twitter:data2\" content=\"2 minuty\" \/>\n<script type=\"application\/ld+json\" class=\"yoast-schema-graph\">{\"@context\":\"https:\/\/schema.org\",\"@graph\":[{\"@type\":\"Article\",\"@id\":\"https:\/\/evertonfc.cz\/index.php\/2018\/03\/09\/preview-everton-brighton-hove-2\/#article\",\"isPartOf\":{\"@id\":\"https:\/\/evertonfc.cz\/index.php\/2018\/03\/09\/preview-everton-brighton-hove-2\/\"},\"author\":{\"name\":\"Ri\u010di\",\"@id\":\"https:\/\/evertonfc.cz\/#\/schema\/person\/f7a5daedb2ffee98480bc70e191aaef1\"},\"headline\":\"Preview: Everton &#8211; Brighton &#038; Hove Albion\",\"datePublished\":\"2018-03-09T13:10:31+00:00\",\"dateModified\":\"2022-05-11T05:55:42+00:00\",\"mainEntityOfPage\":{\"@id\":\"https:\/\/evertonfc.cz\/index.php\/2018\/03\/09\/preview-everton-brighton-hove-2\/\"},\"wordCount\":474,\"commentCount\":0,\"publisher\":{\"@id\":\"https:\/\/evertonfc.cz\/#organization\"},\"image\":{\"@id\":\"https:\/\/evertonfc.cz\/index.php\/2018\/03\/09\/preview-everton-brighton-hove-2\/#primaryimage\"},\"thumbnailUrl\":\"https:\/\/evertonfc.cz\/wp-content\/uploads\/2020\/10\/Everton-VS-Brighton-3-10-2020.jpg.jpg\",\"articleSection\":[\"Z\u00e1pasy\"],\"inLanguage\":\"cs\",\"potentialAction\":[{\"@type\":\"CommentAction\",\"name\":\"Comment\",\"target\":[\"https:\/\/evertonfc.cz\/index.php\/2018\/03\/09\/preview-everton-brighton-hove-2\/#respond\"]}]},{\"@type\":\"WebPage\",\"@id\":\"https:\/\/evertonfc.cz\/index.php\/2018\/03\/09\/preview-everton-brighton-hove-2\/\",\"url\":\"https:\/\/evertonfc.cz\/index.php\/2018\/03\/09\/preview-everton-brighton-hove-2\/\",\"name\":\"Preview: Everton - Brighton & Hove Albion - Official Czech &amp; Slovak Everton Supporters&#039; Club\",\"isPartOf\":{\"@id\":\"https:\/\/evertonfc.cz\/#website\"},\"primaryImageOfPage\":{\"@id\":\"https:\/\/evertonfc.cz\/index.php\/2018\/03\/09\/preview-everton-brighton-hove-2\/#primaryimage\"},\"image\":{\"@id\":\"https:\/\/evertonfc.cz\/index.php\/2018\/03\/09\/preview-everton-brighton-hove-2\/#primaryimage\"},\"thumbnailUrl\":\"https:\/\/evertonfc.cz\/wp-content\/uploads\/2020\/10\/Everton-VS-Brighton-3-10-2020.jpg.jpg\",\"datePublished\":\"2018-03-09T13:10:31+00:00\",\"dateModified\":\"2022-05-11T05:55:42+00:00\",\"breadcrumb\":{\"@id\":\"https:\/\/evertonfc.cz\/index.php\/2018\/03\/09\/preview-everton-brighton-hove-2\/#breadcrumb\"},\"inLanguage\":\"cs\",\"potentialAction\":[{\"@type\":\"ReadAction\",\"target\":[\"https:\/\/evertonfc.cz\/index.php\/2018\/03\/09\/preview-everton-brighton-hove-2\/\"]}]},{\"@type\":\"ImageObject\",\"inLanguage\":\"cs\",\"@id\":\"https:\/\/evertonfc.cz\/index.php\/2018\/03\/09\/preview-everton-brighton-hove-2\/#primaryimage\",\"url\":\"https:\/\/evertonfc.cz\/wp-content\/uploads\/2020\/10\/Everton-VS-Brighton-3-10-2020.jpg.jpg\",\"contentUrl\":\"https:\/\/evertonfc.cz\/wp-content\/uploads\/2020\/10\/Everton-VS-Brighton-3-10-2020.jpg.jpg\",\"width\":720,\"height\":405},{\"@type\":\"BreadcrumbList\",\"@id\":\"https:\/\/evertonfc.cz\/index.php\/2018\/03\/09\/preview-everton-brighton-hove-2\/#breadcrumb\",\"itemListElement\":[{\"@type\":\"ListItem\",\"position\":1,\"name\":\"Home\",\"item\":\"https:\/\/evertonfc.cz\/\"},{\"@type\":\"ListItem\",\"position\":2,\"name\":\"Preview: Everton &#8211; Brighton &#038; Hove Albion\"}]},{\"@type\":\"WebSite\",\"@id\":\"https:\/\/evertonfc.cz\/#website\",\"url\":\"https:\/\/evertonfc.cz\/\",\"name\":\"Official Czech &amp; Slovak Everton Supporters&#039; Club\",\"description\":\"\",\"publisher\":{\"@id\":\"https:\/\/evertonfc.cz\/#organization\"},\"potentialAction\":[{\"@type\":\"SearchAction\",\"target\":{\"@type\":\"EntryPoint\",\"urlTemplate\":\"https:\/\/evertonfc.cz\/?s={search_term_string}\"},\"query-input\":{\"@type\":\"PropertyValueSpecification\",\"valueRequired\":true,\"valueName\":\"search_term_string\"}}],\"inLanguage\":\"cs\"},{\"@type\":\"Organization\",\"@id\":\"https:\/\/evertonfc.cz\/#organization\",\"name\":\"Official Czech & Slovak Everton Supporters' Club\",\"url\":\"https:\/\/evertonfc.cz\/\",\"logo\":{\"@type\":\"ImageObject\",\"inLanguage\":\"cs\",\"@id\":\"https:\/\/evertonfc.cz\/#\/schema\/logo\/image\/\",\"url\":\"https:\/\/evertonfc.cz\/wp-content\/uploads\/2019\/05\/logo.png\",\"contentUrl\":\"https:\/\/evertonfc.cz\/wp-content\/uploads\/2019\/05\/logo.png\",\"width\":112,\"height\":112,\"caption\":\"Official Czech & Slovak Everton Supporters' Club\"},\"image\":{\"@id\":\"https:\/\/evertonfc.cz\/#\/schema\/logo\/image\/\"},\"sameAs\":[\"https:\/\/www.facebook.com\/everton.fans.cz.sk\"]},{\"@type\":\"Person\",\"@id\":\"https:\/\/evertonfc.cz\/#\/schema\/person\/f7a5daedb2ffee98480bc70e191aaef1\",\"name\":\"Ri\u010di\",\"sameAs\":[\"https:\/\/x.com\/rbrejsa\"],\"url\":\"https:\/\/evertonfc.cz\/index.php\/author\/rici\/\"}]}<\/script>\n<!-- \/ Yoast SEO plugin. -->","yoast_head_json":{"title":"Preview: Everton - Brighton & Hove Albion - Official Czech &amp; Slovak Everton Supporters&#039; Club","robots":{"index":"index","follow":"follow","max-snippet":"max-snippet:-1","max-image-preview":"max-image-preview:large","max-video-preview":"max-video-preview:-1"},"canonical":"https:\/\/evertonfc.cz\/index.php\/2018\/03\/09\/preview-everton-brighton-hove-2\/","og_locale":"cs_CZ","og_type":"article","og_title":"Preview: Everton - Brighton & Hove Albion - Official Czech &amp; Slovak Everton Supporters&#039; Club","og_description":"Everton se v t\u00e9to sez\u00f3n\u011b snad u\u017e popatn\u00e1ct\u00e9 bude sna\u017eit restartovat sez\u00f3nu. Po dvou venkovn\u00edch por\u00e1\u017ek\u00e1ch p\u0159iv\u00edt\u00e1 ve veled\u016fle\u017eit\u00e9m (z\u00e1chran\u00e1\u0159sk\u00e9m)&hellip;","og_url":"https:\/\/evertonfc.cz\/index.php\/2018\/03\/09\/preview-everton-brighton-hove-2\/","og_site_name":"Official Czech &amp; Slovak Everton Supporters&#039; Club","article_publisher":"https:\/\/www.facebook.com\/everton.fans.cz.sk","article_published_time":"2018-03-09T13:10:31+00:00","article_modified_time":"2022-05-11T05:55:42+00:00","og_image":[{"width":720,"height":405,"url":"https:\/\/evertonfc.cz\/wp-content\/uploads\/2020\/10\/Everton-VS-Brighton-3-10-2020.jpg.jpg","type":"image\/jpeg"}],"author":"Ri\u010di","twitter_card":"summary_large_image","twitter_creator":"@rbrejsa","twitter_misc":{"Napsal(a)":"Ri\u010di","Odhadovan\u00e1 doba \u010dten\u00ed":"2 minuty"},"schema":{"@context":"https:\/\/schema.org","@graph":[{"@type":"Article","@id":"https:\/\/evertonfc.cz\/index.php\/2018\/03\/09\/preview-everton-brighton-hove-2\/#article","isPartOf":{"@id":"https:\/\/evertonfc.cz\/index.php\/2018\/03\/09\/preview-everton-brighton-hove-2\/"},"author":{"name":"Ri\u010di","@id":"https:\/\/evertonfc.cz\/#\/schema\/person\/f7a5daedb2ffee98480bc70e191aaef1"},"headline":"Preview: Everton &#8211; Brighton &#038; Hove Albion","datePublished":"2018-03-09T13:10:31+00:00","dateModified":"2022-05-11T05:55:42+00:00","mainEntityOfPage":{"@id":"https:\/\/evertonfc.cz\/index.php\/2018\/03\/09\/preview-everton-brighton-hove-2\/"},"wordCount":474,"commentCount":0,"publisher":{"@id":"https:\/\/evertonfc.cz\/#organization"},"image":{"@id":"https:\/\/evertonfc.cz\/index.php\/2018\/03\/09\/preview-everton-brighton-hove-2\/#primaryimage"},"thumbnailUrl":"https:\/\/evertonfc.cz\/wp-content\/uploads\/2020\/10\/Everton-VS-Brighton-3-10-2020.jpg.jpg","articleSection":["Z\u00e1pasy"],"inLanguage":"cs","potentialAction":[{"@type":"CommentAction","name":"Comment","target":["https:\/\/evertonfc.cz\/index.php\/2018\/03\/09\/preview-everton-brighton-hove-2\/#respond"]}]},{"@type":"WebPage","@id":"https:\/\/evertonfc.cz\/index.php\/2018\/03\/09\/preview-everton-brighton-hove-2\/","url":"https:\/\/evertonfc.cz\/index.php\/2018\/03\/09\/preview-everton-brighton-hove-2\/","name":"Preview: Everton - Brighton & Hove Albion - Official Czech &amp; Slovak Everton Supporters&#039; Club","isPartOf":{"@id":"https:\/\/evertonfc.cz\/#website"},"primaryImageOfPage":{"@id":"https:\/\/evertonfc.cz\/index.php\/2018\/03\/09\/preview-everton-brighton-hove-2\/#primaryimage"},"image":{"@id":"https:\/\/evertonfc.cz\/index.php\/2018\/03\/09\/preview-everton-brighton-hove-2\/#primaryimage"},"thumbnailUrl":"https:\/\/evertonfc.cz\/wp-content\/uploads\/2020\/10\/Everton-VS-Brighton-3-10-2020.jpg.jpg","datePublished":"2018-03-09T13:10:31+00:00","dateModified":"2022-05-11T05:55:42+00:00","breadcrumb":{"@id":"https:\/\/evertonfc.cz\/index.php\/2018\/03\/09\/preview-everton-brighton-hove-2\/#breadcrumb"},"inLanguage":"cs","potentialAction":[{"@type":"ReadAction","target":["https:\/\/evertonfc.cz\/index.php\/2018\/03\/09\/preview-everton-brighton-hove-2\/"]}]},{"@type":"ImageObject","inLanguage":"cs","@id":"https:\/\/evertonfc.cz\/index.php\/2018\/03\/09\/preview-everton-brighton-hove-2\/#primaryimage","url":"https:\/\/evertonfc.cz\/wp-content\/uploads\/2020\/10\/Everton-VS-Brighton-3-10-2020.jpg.jpg","contentUrl":"https:\/\/evertonfc.cz\/wp-content\/uploads\/2020\/10\/Everton-VS-Brighton-3-10-2020.jpg.jpg","width":720,"height":405},{"@type":"BreadcrumbList","@id":"https:\/\/evertonfc.cz\/index.php\/2018\/03\/09\/preview-everton-brighton-hove-2\/#breadcrumb","itemListElement":[{"@type":"ListItem","position":1,"name":"Home","item":"https:\/\/evertonfc.cz\/"},{"@type":"ListItem","position":2,"name":"Preview: Everton &#8211; Brighton &#038; Hove Albion"}]},{"@type":"WebSite","@id":"https:\/\/evertonfc.cz\/#website","url":"https:\/\/evertonfc.cz\/","name":"Official Czech &amp; Slovak Everton Supporters&#039; Club","description":"","publisher":{"@id":"https:\/\/evertonfc.cz\/#organization"},"potentialAction":[{"@type":"SearchAction","target":{"@type":"EntryPoint","urlTemplate":"https:\/\/evertonfc.cz\/?s={search_term_string}"},"query-input":{"@type":"PropertyValueSpecification","valueRequired":true,"valueName":"search_term_string"}}],"inLanguage":"cs"},{"@type":"Organization","@id":"https:\/\/evertonfc.cz\/#organization","name":"Official Czech & Slovak Everton Supporters' Club","url":"https:\/\/evertonfc.cz\/","logo":{"@type":"ImageObject","inLanguage":"cs","@id":"https:\/\/evertonfc.cz\/#\/schema\/logo\/image\/","url":"https:\/\/evertonfc.cz\/wp-content\/uploads\/2019\/05\/logo.png","contentUrl":"https:\/\/evertonfc.cz\/wp-content\/uploads\/2019\/05\/logo.png","width":112,"height":112,"caption":"Official Czech & Slovak Everton Supporters' Club"},"image":{"@id":"https:\/\/evertonfc.cz\/#\/schema\/logo\/image\/"},"sameAs":["https:\/\/www.facebook.com\/everton.fans.cz.sk"]},{"@type":"Person","@id":"https:\/\/evertonfc.cz\/#\/schema\/person\/f7a5daedb2ffee98480bc70e191aaef1","name":"Ri\u010di","sameAs":["https:\/\/x.com\/rbrejsa"],"url":"https:\/\/evertonfc.cz\/index.php\/author\/rici\/"}]}},"_links":{"self":[{"href":"https:\/\/evertonfc.cz\/index.php\/wp-json\/wp\/v2\/posts\/2165"}],"collection":[{"href":"https:\/\/evertonfc.cz\/index.php\/wp-json\/wp\/v2\/posts"}],"about":[{"href":"https:\/\/evertonfc.cz\/index.php\/wp-json\/wp\/v2\/types\/post"}],"author":[{"embeddable":true,"href":"https:\/\/evertonfc.cz\/index.php\/wp-json\/wp\/v2\/users\/6"}],"replies":[{"embeddable":true,"href":"https:\/\/evertonfc.cz\/index.php\/wp-json\/wp\/v2\/comments?post=2165"}],"version-history":[{"count":4,"href":"https:\/\/evertonfc.cz\/index.php\/wp-json\/wp\/v2\/posts\/2165\/revisions"}],"predecessor-version":[{"id":18625,"href":"https:\/\/evertonfc.cz\/index.php\/wp-json\/wp\/v2\/posts\/2165\/revisions\/18625"}],"wp:featuredmedia":[{"embeddable":true,"href":"https:\/\/evertonfc.cz\/index.php\/wp-json\/wp\/v2\/media\/12238"}],"wp:attachment":[{"href":"https:\/\/evertonfc.cz\/index.php\/wp-json\/wp\/v2\/media?parent=2165"}],"wp:term":[{"taxonomy":"category","embeddable":true,"href":"https:\/\/evertonfc.cz\/index.php\/wp-json\/wp\/v2\/categories?post=2165"},{"taxonomy":"post_tag","embeddable":true,"href":"https:\/\/evertonfc.cz\/index.php\/wp-json\/wp\/v2\/tags?post=2165"}],"curies":[{"name":"wp","href":"https:\/\/api.w.org\/{rel}","templated":true}]}}