{"id":2167,"date":"2018-04-15T14:12:05","date_gmt":"2018-04-15T12:12:05","guid":{"rendered":"http:\/\/evertonfc.cz\/?p=2167"},"modified":"2019-02-01T14:14:57","modified_gmt":"2019-02-01T13:14:57","slug":"swansea-city-everton-11","status":"publish","type":"post","link":"https:\/\/evertonfc.cz\/index.php\/2018\/04\/15\/swansea-city-everton-11\/","title":{"rendered":"Swansea City &#8211; Everton 1:1"},"content":{"rendered":"\n<h4 class=\"wp-block-heading\">Rem\u00edza na ihrisku s\u00fapera ohrozen\u00e9ho zostupom b\u00fdva v\u010fa\u010dn\u00e1. Teda aspo\u0148 Sam Allardyce si to mysl\u00ed. Len\u017ee fan\u00fa\u0161ikovia po \u010fal\u0161om neambici\u00f3znom v\u00fdkone maj\u00fa dos\u0165.<\/h4>\n\n\n\n<p>Evertonians, a najm\u00e4 t\u00ed v h\u013eadisku, mali toho pri v\u010deraj\u0161om v\u00fdlete u\u017e naozaj dos\u0165. Mu\u017estvo hr\u00e1 bez tv\u00e1re, mana\u017e\u00e9r bez odvahy a v\u00fdsledky, u\u017e aj bez psychick\u00e9ho tlaku sa nedostavuj\u00fa. Odmietanie \u0161anc\u00ed pre hr\u00e1\u010dov mimo zorn\u00e9ho po\u013ea pre z\u00e1chranu vlastnej ko\u017ee. Odkedy je Everton sebeck\u00fd?<\/p>\n\n\n\n<p>Na dom\u00e1com \u0161tadi\u00f3ne Labut\u00ed vybehla takmer rovnak\u00e1 zostava ako pri Merseyside derby, jedinou v\u00fdnimkou bol n\u00e1vrat Gueyeho do z\u00e1kladu, na \u00fakor Toma Daviesa. Ako ste mohli extrapolova\u0165, hrali sme s dvoma defenz\u00edvnymi z\u00e1lo\u017en\u00edkmi a u\u017e nie najr\u00fdchlej\u0161\u00edm Rooneym. V\u00fdsledok? Nulov\u00e1 kontrola hry, tridsa\u0165tri min\u00fat bez strely (nie na br\u00e1nu) a \u0161\u0165astn\u00fd g\u00f3l, odobren\u00fd rozhodcovsk\u00fdmi hodinkami na technol\u00f3giu br\u00e1nkovej \u010diary. Bezprostrednos\u0165 div\u00e1kov to v\u017edy zhrnie najlep\u0161ie:<\/p>\n\n\n\n<p style=\"text-align:center\"><em>\u201eOne nil and we are fucking shit!\u201d<\/em><\/p>\n\n\n\n<p>G\u00f3l padol a\u017e po ne\u0161\u0165astne nepremenen\u00fdch, skoro tutovk\u00e1ch Swans, ktor\u00e9 si mohli schov\u00e1va\u0165 hlavy pod kr\u00eddla. Toto rozhodne nebol ich de\u0148. Naopak, na\u0161a chv\u00ed\u013ea pri\u0161la po akci\u00ed Colemana z pravej strany. Centrom na\u0161iel na\u013eavo Bolasieho, ktor\u00fd p\u00e1lil z half-voleja do brank\u00e1ra, ten vyrazil akur\u00e1t do rany Gueyemu, a jeho pokus nabral smer Fabiansky &#8211; Naughton a a\u017e za br\u00e1nkov\u00fa \u010diaru. Tam ju odkopn\u00fa\u0165 u\u017e nestihol Mawson.&nbsp;<strong>0:1<\/strong>. Dom\u00e1ci sa sna\u017eili o odpove\u010f a stup\u0148ovali tlak aj po prest\u00e1vke. V druhom pol\u010dase sme boli op\u00e4\u0165 svedkami jednoduch\u00fdch ale skvel\u00fdch chor\u00e1lov zo sektora host\u00ed. Na zvieranie kr\u00eddel Swansea Big Sam reagoval neskoro a nespr\u00e1vne, za\u010do si vypo\u010dul nasledovn\u00e9:<\/p>\n\n\n\n<p style=\"text-align:center\"><em>\u201eFuck off Sam Allardyce!\u201c<\/em><\/p>\n\n\n\n<p>Eskal\u00e1cia \u00fasilia mu\u017estva v bielom nadobudla bod zlomu a po chv\u00ed\u013eke pinkania si v \u0161estn\u00e1stke, nad hlavami prizeraj\u00fac\u00edch sa hr\u00e1\u010dov Evertonu, padol druh\u00fd g\u00f3l stretnutia. Coleman odkopol loptu len k najbli\u017e\u0161iemu hr\u00e1\u010dovi s\u00fapera, ten vr\u00e1til loptu do oh\u0148a a mlad\u0161\u00ed z bratov Ayewovcov vsietil z uh\u013ea.&nbsp;<strong>1:1<\/strong>. V 74. min\u00fate mohol Coleman od\u010dini\u0165 zav\u00e1hanie, ale vo svojom odv\u00e1\u017enom v\u00fdbehu do mal\u00e9ho v\u00e1pna dok\u00e1zal trafi\u0165 len brvno po skvelej prihr\u00e1vke od Tosuna. \u0160koda, preto\u017ee ani solid\u00e1rne striedanie Vla\u0161i\u010da tri min\u00faty pred koncom u\u017e k ni\u010domu neviedlo.<\/p>\n\n\n\n<p><strong>Mu\u017e z\u00e1pasu:\u00a0<\/strong>Jordan Ayew (BBC\/Sky)<\/p>\n\n\n\n<p><strong>G\u00f3ly:<\/strong>&nbsp;43\u00b4 Naughton (vlastn\u00fd), 71\u00b4 Ayew<\/p>\n\n\n\n<p><strong>\u017dK:&nbsp;<\/strong>55\u00b4 Ayew, 92+3\u00b4 Baningime<\/p>\n\n\n\n<p><strong>Swansea City&nbsp;<\/strong><strong>FC:&nbsp;<\/strong>Fabiansky \u2013 Naughton, Fernandez, Mawson, Olsson, Ki (65\u00b4Abraham), King, Carroll, Narsingh (46\u00b4Dyer), Ayew, Ayew<\/p>\n\n\n\n<p><strong>Everton FC:&nbsp;<\/strong>Pickford \u2013 Coleman, Keane, Jagielka, Baines, Gueye (69\u00b4Baningime), Schneiderlin, Rooney (87\u00b4Vla\u0161i\u010d), Walcott, Tosun, Bolasie (76\u00b4Mori)<\/p>\n\n\n\n<p><strong>Rozhodca:&nbsp;<\/strong>Lee Mason<\/p>\n\n\n\n<p><strong>Po\u010det div\u00e1kov:<\/strong>&nbsp;20 933, Liberty Stadium (Swansea)<\/p>\n","protected":false},"excerpt":{"rendered":"<p>Rem\u00edza na ihrisku s\u00fapera ohrozen\u00e9ho zostupom b\u00fdva v\u010fa\u010dn\u00e1. Teda aspo\u0148 Sam Allardyce si to mysl\u00ed. Len\u017ee fan\u00fa\u0161ikovia po \u010fal\u0161om neambici\u00f3znom&hellip;<\/p>\n","protected":false},"author":1,"featured_media":1315,"comment_status":"open","ping_status":"closed","sticky":false,"template":"","format":"standard","meta":{"_eb_attr":"","_monsterinsights_skip_tracking":false,"_monsterinsights_sitenote_active":false,"_monsterinsights_sitenote_note":"","_monsterinsights_sitenote_category":0,"footnotes":""},"categories":[4],"tags":[],"yoast_head":"<!-- This site is optimized with the Yoast SEO plugin v23.4 - https:\/\/yoast.com\/wordpress\/plugins\/seo\/ -->\n<title>Swansea City - Everton 1:1 - Official Czech &amp; Slovak Everton Supporters&#039; Club<\/title>\n<meta name=\"robots\" content=\"index, follow, max-snippet:-1, max-image-preview:large, max-video-preview:-1\" \/>\n<link rel=\"canonical\" href=\"https:\/\/evertonfc.cz\/index.php\/2018\/04\/15\/swansea-city-everton-11\/\" \/>\n<meta property=\"og:locale\" content=\"cs_CZ\" \/>\n<meta property=\"og:type\" content=\"article\" \/>\n<meta property=\"og:title\" content=\"Swansea City - Everton 1:1 - Official Czech &amp; Slovak Everton Supporters&#039; Club\" \/>\n<meta property=\"og:description\" content=\"Rem\u00edza na ihrisku s\u00fapera ohrozen\u00e9ho zostupom b\u00fdva v\u010fa\u010dn\u00e1. Teda aspo\u0148 Sam Allardyce si to mysl\u00ed. Len\u017ee fan\u00fa\u0161ikovia po \u010fal\u0161om neambici\u00f3znom&hellip;\" \/>\n<meta property=\"og:url\" content=\"https:\/\/evertonfc.cz\/index.php\/2018\/04\/15\/swansea-city-everton-11\/\" \/>\n<meta property=\"og:site_name\" content=\"Official Czech &amp; Slovak Everton Supporters&#039; Club\" \/>\n<meta property=\"article:publisher\" content=\"https:\/\/www.facebook.com\/everton.fans.cz.sk\" \/>\n<meta property=\"article:published_time\" content=\"2018-04-15T12:12:05+00:00\" \/>\n<meta property=\"article:modified_time\" content=\"2019-02-01T13:14:57+00:00\" \/>\n<meta property=\"og:image\" content=\"https:\/\/evertonfc.cz\/wp-content\/uploads\/2019\/01\/report.jpg\" \/>\n\t<meta property=\"og:image:width\" content=\"720\" \/>\n\t<meta property=\"og:image:height\" content=\"405\" \/>\n\t<meta property=\"og:image:type\" content=\"image\/jpeg\" \/>\n<meta name=\"author\" content=\"BlueBlooded\" \/>\n<meta name=\"twitter:card\" content=\"summary_large_image\" \/>\n<meta name=\"twitter:label1\" content=\"Napsal(a)\" \/>\n\t<meta name=\"twitter:data1\" content=\"BlueBlooded\" \/>\n\t<meta name=\"twitter:label2\" content=\"Odhadovan\u00e1 doba \u010dten\u00ed\" \/>\n\t<meta name=\"twitter:data2\" content=\"3 minuty\" \/>\n<script type=\"application\/ld+json\" class=\"yoast-schema-graph\">{\"@context\":\"https:\/\/schema.org\",\"@graph\":[{\"@type\":\"Article\",\"@id\":\"https:\/\/evertonfc.cz\/index.php\/2018\/04\/15\/swansea-city-everton-11\/#article\",\"isPartOf\":{\"@id\":\"https:\/\/evertonfc.cz\/index.php\/2018\/04\/15\/swansea-city-everton-11\/\"},\"author\":{\"name\":\"BlueBlooded\",\"@id\":\"https:\/\/evertonfc.cz\/#\/schema\/person\/d4493b8cbea51532597fbc4685698916\"},\"headline\":\"Swansea City &#8211; Everton 1:1\",\"datePublished\":\"2018-04-15T12:12:05+00:00\",\"dateModified\":\"2019-02-01T13:14:57+00:00\",\"mainEntityOfPage\":{\"@id\":\"https:\/\/evertonfc.cz\/index.php\/2018\/04\/15\/swansea-city-everton-11\/\"},\"wordCount\":506,\"commentCount\":0,\"publisher\":{\"@id\":\"https:\/\/evertonfc.cz\/#organization\"},\"image\":{\"@id\":\"https:\/\/evertonfc.cz\/index.php\/2018\/04\/15\/swansea-city-everton-11\/#primaryimage\"},\"thumbnailUrl\":\"https:\/\/evertonfc.cz\/wp-content\/uploads\/2019\/01\/report.jpg\",\"articleSection\":[\"Z\u00e1pasy\"],\"inLanguage\":\"cs\",\"potentialAction\":[{\"@type\":\"CommentAction\",\"name\":\"Comment\",\"target\":[\"https:\/\/evertonfc.cz\/index.php\/2018\/04\/15\/swansea-city-everton-11\/#respond\"]}]},{\"@type\":\"WebPage\",\"@id\":\"https:\/\/evertonfc.cz\/index.php\/2018\/04\/15\/swansea-city-everton-11\/\",\"url\":\"https:\/\/evertonfc.cz\/index.php\/2018\/04\/15\/swansea-city-everton-11\/\",\"name\":\"Swansea City - Everton 1:1 - Official Czech &amp; Slovak Everton Supporters&#039; Club\",\"isPartOf\":{\"@id\":\"https:\/\/evertonfc.cz\/#website\"},\"primaryImageOfPage\":{\"@id\":\"https:\/\/evertonfc.cz\/index.php\/2018\/04\/15\/swansea-city-everton-11\/#primaryimage\"},\"image\":{\"@id\":\"https:\/\/evertonfc.cz\/index.php\/2018\/04\/15\/swansea-city-everton-11\/#primaryimage\"},\"thumbnailUrl\":\"https:\/\/evertonfc.cz\/wp-content\/uploads\/2019\/01\/report.jpg\",\"datePublished\":\"2018-04-15T12:12:05+00:00\",\"dateModified\":\"2019-02-01T13:14:57+00:00\",\"breadcrumb\":{\"@id\":\"https:\/\/evertonfc.cz\/index.php\/2018\/04\/15\/swansea-city-everton-11\/#breadcrumb\"},\"inLanguage\":\"cs\",\"potentialAction\":[{\"@type\":\"ReadAction\",\"target\":[\"https:\/\/evertonfc.cz\/index.php\/2018\/04\/15\/swansea-city-everton-11\/\"]}]},{\"@type\":\"ImageObject\",\"inLanguage\":\"cs\",\"@id\":\"https:\/\/evertonfc.cz\/index.php\/2018\/04\/15\/swansea-city-everton-11\/#primaryimage\",\"url\":\"https:\/\/evertonfc.cz\/wp-content\/uploads\/2019\/01\/report.jpg\",\"contentUrl\":\"https:\/\/evertonfc.cz\/wp-content\/uploads\/2019\/01\/report.jpg\",\"width\":720,\"height\":405},{\"@type\":\"BreadcrumbList\",\"@id\":\"https:\/\/evertonfc.cz\/index.php\/2018\/04\/15\/swansea-city-everton-11\/#breadcrumb\",\"itemListElement\":[{\"@type\":\"ListItem\",\"position\":1,\"name\":\"Home\",\"item\":\"https:\/\/evertonfc.cz\/\"},{\"@type\":\"ListItem\",\"position\":2,\"name\":\"Swansea City &#8211; Everton 1:1\"}]},{\"@type\":\"WebSite\",\"@id\":\"https:\/\/evertonfc.cz\/#website\",\"url\":\"https:\/\/evertonfc.cz\/\",\"name\":\"Official Czech &amp; Slovak Everton Supporters&#039; Club\",\"description\":\"\",\"publisher\":{\"@id\":\"https:\/\/evertonfc.cz\/#organization\"},\"potentialAction\":[{\"@type\":\"SearchAction\",\"target\":{\"@type\":\"EntryPoint\",\"urlTemplate\":\"https:\/\/evertonfc.cz\/?s={search_term_string}\"},\"query-input\":{\"@type\":\"PropertyValueSpecification\",\"valueRequired\":true,\"valueName\":\"search_term_string\"}}],\"inLanguage\":\"cs\"},{\"@type\":\"Organization\",\"@id\":\"https:\/\/evertonfc.cz\/#organization\",\"name\":\"Official Czech & Slovak Everton Supporters' Club\",\"url\":\"https:\/\/evertonfc.cz\/\",\"logo\":{\"@type\":\"ImageObject\",\"inLanguage\":\"cs\",\"@id\":\"https:\/\/evertonfc.cz\/#\/schema\/logo\/image\/\",\"url\":\"https:\/\/evertonfc.cz\/wp-content\/uploads\/2019\/05\/logo.png\",\"contentUrl\":\"https:\/\/evertonfc.cz\/wp-content\/uploads\/2019\/05\/logo.png\",\"width\":112,\"height\":112,\"caption\":\"Official Czech & Slovak Everton Supporters' Club\"},\"image\":{\"@id\":\"https:\/\/evertonfc.cz\/#\/schema\/logo\/image\/\"},\"sameAs\":[\"https:\/\/www.facebook.com\/everton.fans.cz.sk\"]},{\"@type\":\"Person\",\"@id\":\"https:\/\/evertonfc.cz\/#\/schema\/person\/d4493b8cbea51532597fbc4685698916\",\"name\":\"BlueBlooded\",\"url\":\"https:\/\/evertonfc.cz\/index.php\/author\/admin\/\"}]}<\/script>\n<!-- \/ Yoast SEO plugin. -->","yoast_head_json":{"title":"Swansea City - Everton 1:1 - Official Czech &amp; Slovak Everton Supporters&#039; Club","robots":{"index":"index","follow":"follow","max-snippet":"max-snippet:-1","max-image-preview":"max-image-preview:large","max-video-preview":"max-video-preview:-1"},"canonical":"https:\/\/evertonfc.cz\/index.php\/2018\/04\/15\/swansea-city-everton-11\/","og_locale":"cs_CZ","og_type":"article","og_title":"Swansea City - Everton 1:1 - Official Czech &amp; Slovak Everton Supporters&#039; Club","og_description":"Rem\u00edza na ihrisku s\u00fapera ohrozen\u00e9ho zostupom b\u00fdva v\u010fa\u010dn\u00e1. Teda aspo\u0148 Sam Allardyce si to mysl\u00ed. Len\u017ee fan\u00fa\u0161ikovia po \u010fal\u0161om neambici\u00f3znom&hellip;","og_url":"https:\/\/evertonfc.cz\/index.php\/2018\/04\/15\/swansea-city-everton-11\/","og_site_name":"Official Czech &amp; Slovak Everton Supporters&#039; Club","article_publisher":"https:\/\/www.facebook.com\/everton.fans.cz.sk","article_published_time":"2018-04-15T12:12:05+00:00","article_modified_time":"2019-02-01T13:14:57+00:00","og_image":[{"width":720,"height":405,"url":"https:\/\/evertonfc.cz\/wp-content\/uploads\/2019\/01\/report.jpg","type":"image\/jpeg"}],"author":"BlueBlooded","twitter_card":"summary_large_image","twitter_misc":{"Napsal(a)":"BlueBlooded","Odhadovan\u00e1 doba \u010dten\u00ed":"3 minuty"},"schema":{"@context":"https:\/\/schema.org","@graph":[{"@type":"Article","@id":"https:\/\/evertonfc.cz\/index.php\/2018\/04\/15\/swansea-city-everton-11\/#article","isPartOf":{"@id":"https:\/\/evertonfc.cz\/index.php\/2018\/04\/15\/swansea-city-everton-11\/"},"author":{"name":"BlueBlooded","@id":"https:\/\/evertonfc.cz\/#\/schema\/person\/d4493b8cbea51532597fbc4685698916"},"headline":"Swansea City &#8211; Everton 1:1","datePublished":"2018-04-15T12:12:05+00:00","dateModified":"2019-02-01T13:14:57+00:00","mainEntityOfPage":{"@id":"https:\/\/evertonfc.cz\/index.php\/2018\/04\/15\/swansea-city-everton-11\/"},"wordCount":506,"commentCount":0,"publisher":{"@id":"https:\/\/evertonfc.cz\/#organization"},"image":{"@id":"https:\/\/evertonfc.cz\/index.php\/2018\/04\/15\/swansea-city-everton-11\/#primaryimage"},"thumbnailUrl":"https:\/\/evertonfc.cz\/wp-content\/uploads\/2019\/01\/report.jpg","articleSection":["Z\u00e1pasy"],"inLanguage":"cs","potentialAction":[{"@type":"CommentAction","name":"Comment","target":["https:\/\/evertonfc.cz\/index.php\/2018\/04\/15\/swansea-city-everton-11\/#respond"]}]},{"@type":"WebPage","@id":"https:\/\/evertonfc.cz\/index.php\/2018\/04\/15\/swansea-city-everton-11\/","url":"https:\/\/evertonfc.cz\/index.php\/2018\/04\/15\/swansea-city-everton-11\/","name":"Swansea City - Everton 1:1 - Official Czech &amp; Slovak Everton Supporters&#039; Club","isPartOf":{"@id":"https:\/\/evertonfc.cz\/#website"},"primaryImageOfPage":{"@id":"https:\/\/evertonfc.cz\/index.php\/2018\/04\/15\/swansea-city-everton-11\/#primaryimage"},"image":{"@id":"https:\/\/evertonfc.cz\/index.php\/2018\/04\/15\/swansea-city-everton-11\/#primaryimage"},"thumbnailUrl":"https:\/\/evertonfc.cz\/wp-content\/uploads\/2019\/01\/report.jpg","datePublished":"2018-04-15T12:12:05+00:00","dateModified":"2019-02-01T13:14:57+00:00","breadcrumb":{"@id":"https:\/\/evertonfc.cz\/index.php\/2018\/04\/15\/swansea-city-everton-11\/#breadcrumb"},"inLanguage":"cs","potentialAction":[{"@type":"ReadAction","target":["https:\/\/evertonfc.cz\/index.php\/2018\/04\/15\/swansea-city-everton-11\/"]}]},{"@type":"ImageObject","inLanguage":"cs","@id":"https:\/\/evertonfc.cz\/index.php\/2018\/04\/15\/swansea-city-everton-11\/#primaryimage","url":"https:\/\/evertonfc.cz\/wp-content\/uploads\/2019\/01\/report.jpg","contentUrl":"https:\/\/evertonfc.cz\/wp-content\/uploads\/2019\/01\/report.jpg","width":720,"height":405},{"@type":"BreadcrumbList","@id":"https:\/\/evertonfc.cz\/index.php\/2018\/04\/15\/swansea-city-everton-11\/#breadcrumb","itemListElement":[{"@type":"ListItem","position":1,"name":"Home","item":"https:\/\/evertonfc.cz\/"},{"@type":"ListItem","position":2,"name":"Swansea City &#8211; Everton 1:1"}]},{"@type":"WebSite","@id":"https:\/\/evertonfc.cz\/#website","url":"https:\/\/evertonfc.cz\/","name":"Official Czech &amp; Slovak Everton Supporters&#039; Club","description":"","publisher":{"@id":"https:\/\/evertonfc.cz\/#organization"},"potentialAction":[{"@type":"SearchAction","target":{"@type":"EntryPoint","urlTemplate":"https:\/\/evertonfc.cz\/?s={search_term_string}"},"query-input":{"@type":"PropertyValueSpecification","valueRequired":true,"valueName":"search_term_string"}}],"inLanguage":"cs"},{"@type":"Organization","@id":"https:\/\/evertonfc.cz\/#organization","name":"Official Czech & Slovak Everton Supporters' Club","url":"https:\/\/evertonfc.cz\/","logo":{"@type":"ImageObject","inLanguage":"cs","@id":"https:\/\/evertonfc.cz\/#\/schema\/logo\/image\/","url":"https:\/\/evertonfc.cz\/wp-content\/uploads\/2019\/05\/logo.png","contentUrl":"https:\/\/evertonfc.cz\/wp-content\/uploads\/2019\/05\/logo.png","width":112,"height":112,"caption":"Official Czech & Slovak Everton Supporters' Club"},"image":{"@id":"https:\/\/evertonfc.cz\/#\/schema\/logo\/image\/"},"sameAs":["https:\/\/www.facebook.com\/everton.fans.cz.sk"]},{"@type":"Person","@id":"https:\/\/evertonfc.cz\/#\/schema\/person\/d4493b8cbea51532597fbc4685698916","name":"BlueBlooded","url":"https:\/\/evertonfc.cz\/index.php\/author\/admin\/"}]}},"_links":{"self":[{"href":"https:\/\/evertonfc.cz\/index.php\/wp-json\/wp\/v2\/posts\/2167"}],"collection":[{"href":"https:\/\/evertonfc.cz\/index.php\/wp-json\/wp\/v2\/posts"}],"about":[{"href":"https:\/\/evertonfc.cz\/index.php\/wp-json\/wp\/v2\/types\/post"}],"author":[{"embeddable":true,"href":"https:\/\/evertonfc.cz\/index.php\/wp-json\/wp\/v2\/users\/1"}],"replies":[{"embeddable":true,"href":"https:\/\/evertonfc.cz\/index.php\/wp-json\/wp\/v2\/comments?post=2167"}],"version-history":[{"count":2,"href":"https:\/\/evertonfc.cz\/index.php\/wp-json\/wp\/v2\/posts\/2167\/revisions"}],"predecessor-version":[{"id":2170,"href":"https:\/\/evertonfc.cz\/index.php\/wp-json\/wp\/v2\/posts\/2167\/revisions\/2170"}],"wp:featuredmedia":[{"embeddable":true,"href":"https:\/\/evertonfc.cz\/index.php\/wp-json\/wp\/v2\/media\/1315"}],"wp:attachment":[{"href":"https:\/\/evertonfc.cz\/index.php\/wp-json\/wp\/v2\/media?parent=2167"}],"wp:term":[{"taxonomy":"category","embeddable":true,"href":"https:\/\/evertonfc.cz\/index.php\/wp-json\/wp\/v2\/categories?post=2167"},{"taxonomy":"post_tag","embeddable":true,"href":"https:\/\/evertonfc.cz\/index.php\/wp-json\/wp\/v2\/tags?post=2167"}],"curies":[{"name":"wp","href":"https:\/\/api.w.org\/{rel}","templated":true}]}}