{"id":21707,"date":"2023-05-29T22:01:35","date_gmt":"2023-05-29T20:01:35","guid":{"rendered":"https:\/\/evertonfc.cz\/?p=21707"},"modified":"2023-05-30T15:13:41","modified_gmt":"2023-05-30T13:13:41","slug":"manchester-city-w-everton-w-32","status":"publish","type":"post","link":"https:\/\/evertonfc.cz\/index.php\/2023\/05\/29\/manchester-city-w-everton-w-32\/","title":{"rendered":"Manchester City W &#8211; Everton W 3:2"},"content":{"rendered":"<h4>K z\u00e1v\u011bre\u010dn\u00e9mu utk\u00e1n\u00ed sez\u00f3ny pln\u00e9mu emoc\u00ed a dobr\u00e9ho fotbalu jsme cestovali na modrou stranu Manchesteru.<\/h4>\n<p>Pokud by n\u00e1m Citizens dok\u00e1zaly nas\u00e1zet nejm\u00e9n\u011b 8 g\u00f3l\u016f a uh\u00e1jit \u010dist\u00e9 konto, mohly je\u0161t\u011b pom\u00fd\u0161let na evropsk\u00e9 poh\u00e1ry na \u00fakor Arsenalu. To ov\u0161em nebyl moc pravd\u011bpodobn\u00fd sc\u00e9n\u00e1\u0159, co\u017e v\u00fdsledek z\u00e1pasu nakonec potvrdil. My jsme ji\u017e hr\u00e1li jen pro radost a o \u010dest a presti\u017e, proto\u017ee v\u00fdsledek z\u00e1pasu nemohl v \u017e\u00e1dn\u00e9m p\u0159\u00edpad\u011b na\u0161e kone\u010dn\u00e9 ulo\u017een\u00ed v tabulce zm\u011bnit. Mezi ty\u010demi dom\u00e1c\u00edch p\u0159i\u0161el \u010das na nasazen\u00ed t\u0159et\u00ed brank\u00e1\u0159ky. Jejich prvn\u00ed volba, tedy Roebuck je vykartovan\u00e1 z p\u0159edch\u00e1jec\u00edho derby a n\u00e1hradnice MacIver se l\u00e9\u010d\u00ed ze zran\u011bn\u00ed. U n\u00e1s nastoupila sestava klasick\u00e1, kapit\u00e1nsk\u00e1 p\u00e1ska pro tento z\u00e1pas p\u0159ipadla lou\u010d\u00edc\u00ed se Izzy Christiansen. Ale to pro Izzy nebyla jedin\u00e1 pocta. P\u0159ed za\u010d\u00e1tkem z\u00e1pasu pro\u0161la za potlesku tribun i v\u0161ech hr\u00e1\u010dek \u010destn\u00fdm \u0161pal\u00edrem tvo\u0159en\u00fdm ob\u011bma t\u00fdmy (v\u010detn\u011b modr\u00fdch ply\u0161ov\u00fdch objekt\u016f dom\u00e1c\u00edch), ve kter\u00fdch b\u011bhem sv\u00e9 kari\u00e9ry zanechala v\u00fdznamnou stopu.<\/p>\n<h4>Prv\u00ed polo\u010das<\/h4>\n<p>se odehr\u00e1l bez branek, ale nejsp\u00ed\u0161 jen d\u00edky tomu, \u017ee dom\u00e1c\u00ed trojice Kelly-Hemp-Shaw se teprve zast\u0159elovala. Kombinace na\u0161\u00ed v\u00e1\u0161n\u011b hr\u00e1t p\u011bkn\u011b odzadu s vysok\u00fdm presingem Citizens p\u0159inesla ten v\u00fdsledek, \u017ee jsme t\u00e9m\u011b\u0159 od za\u010d\u00e1tku byli v kle\u0161t\u00edch nebesky modr\u00fdch dres\u016f. Hned zkraje z\u00e1pasu musela Brosnan d\u016frazn\u011b koordinovat na\u0161\u00ed pon\u011bkud rozhozenou obranu a v dal\u0161\u00edm pr\u016fb\u011bhu polo\u010dasu si to je\u0161t\u011b p\u00e1rkr\u00e1t zopakovala. Spoustu \u010dern\u00e9 pr\u00e1ce dom\u00e1c\u00edch odvedla Hasegawa s a\u017e neuv\u011b\u0159itelnou schopnost\u00ed b\u00fdt prakticky v\u0161ude. Jak \u010das postupoval, p\u0159ed na\u0161\u00ed br\u00e1nou postupn\u011b p\u0159ituhovalo. O to v\u011bt\u0161\u00ed p\u0159ekvapen\u00ed bylo, kdy\u017e kolem 20. minuty se na hranici ofsajdu zjevila p\u0159ed dom\u00e1c\u00ed brankou Snoeijs a poprv\u00e9 zv\u00fd\u0161ila tep Keating mezi ty\u010demi City. O chv\u00edli pozd\u011bji zakroutila moc p\u011bkn\u011b st\u0159elu z rohu Stenevik, nicm\u00e9n\u011b g\u00f3l z toho nebyl. D\u00e1le jsme si (marn\u011b) n\u00e1rokovali penaltu po ruce Geenwood, a t\u00edm na\u0161e ofenzivn\u00ed akce byly v podstat\u011b vy\u010derpan\u00e9. Citizens se sna\u017eili v\u00edce, ale se stejn\u011b marn\u00fdm v\u00fdsledkem. Do \u0161aten se \u0161lo za bezg\u00f3lov\u00e9ho stavu.<\/p>\n<h4>Druh\u00fd polo\u010das<\/h4>\n<p>p\u0159inesl to, co tomu prvn\u00edmu chyb\u011blo: g\u00f3ly. A za\u010dalo se z\u00e1hy. Nejprve se tvrdou st\u0159elou prezentovala S<span class=\"sp-c-lineup-pitch__player\" data-reactid=\".252b9hqll8e.0.0.0.1.$include-19.0.0.1:$panel-0.$0.0.0.1.2.0.0.1:$away-formation-row-1.$away-player-2\"><span class=\"sp-c-lineup-pitch__player__name gs-u-display-block@xs \" data-reactid=\".252b9hqll8e.0.0.0.1.$include-19.0.0.1:$panel-0.$0.0.0.1.2.0.0.1:$away-formation-row-1.$away-player-2.1\">\u00f8rensen, ale m\u00ed\u010d sta\u010dila Keating vyrazit. V<\/span><\/span> 51. minut\u011b \u0165ukes mezi Kelly, Hampton a Shaw skon\u010dil st\u0159elou posledn\u011b jmenovan\u00e9 za z\u00e1da na\u0161\u00ed brank\u00e1\u0159ky &#8211; <strong>1:0<\/strong>. Neuplynulo ani deset minut a Hamp se z v\u00e1pna trefila tak\u00e9 moc p\u011bkn\u011b &#8211; <strong>2:0<\/strong>. A za dal\u0161\u00edch deset minut p\u0159idala Shaw dal\u0161\u00ed g\u00f3l do (nyn\u00ed v\u00edme, \u017ee nakonec prohran\u00e9) sout\u011b\u017ee o Zlatou kopa\u010dku WSL, kdy si v mal\u00e9m v\u00e1pn\u011b polo\u017eila dv\u011b na\u0161e obr\u00e1nkyn\u011b a zav\u011bsila sv\u016fj leto\u0161n\u00ed g\u00f3l \u010d. 21, \u010d\u00edm\u017e zv\u00fd\u0161ila na <strong>3:0<\/strong>. A m\u011bli jsme \u0161t\u011bst\u00ed, \u017ee o chv\u00edli pozd\u011bji stejn\u00e1 hr\u00e1\u010dka netrefila br\u00e1nu. Pak u\u017e p\u0159i\u0161el \u010das pro na\u0161e barvy. Nejprve vyk\u0159esala trochu nad\u011bje Hope, kdy\u017e vyu\u017eila spolupr\u00e1ce Veje a S<span class=\"sp-c-lineup-pitch__player\" data-reactid=\".252b9hqll8e.0.0.0.1.$include-19.0.0.1:$panel-0.$0.0.0.1.2.0.0.1:$away-formation-row-1.$away-player-2\"><span class=\"sp-c-lineup-pitch__player__name gs-u-display-block@xs \" data-reactid=\".252b9hqll8e.0.0.0.1.$include-19.0.0.1:$panel-0.$0.0.0.1.2.0.0.1:$away-formation-row-1.$away-player-2.1\">\u00f8rensen a st\u0159elou do odkryt\u00e9 br\u00e1ny sn\u00ed\u017eila na <strong>3:1<\/strong>. Vz\u00e1p\u011bt\u00ed Shaw op\u011bt v nad\u011bjn\u00e9 \u0161anci p\u00e1lila vedle. Zato ve 4. minut\u011b prodlou\u017een\u00ed doklepla do br\u00e1ny vyra\u017een\u00fd m\u00ed\u010d Maier a jej\u00ed evertonsk\u00fd dernierov\u00fd g\u00f3l znamenal kone\u010dn\u00e9 sk\u00f3re <strong>3:2<\/strong>.<\/span><\/span><\/p>\n<h4>Shrnut\u00ed<\/h4>\n<p>Z\u00e1bavn\u00fd z\u00e1pas, ve kter\u00e9m n\u00e1m ji\u017e o nic moc ne\u0161lo. Nikdo se nezranil, v\u00fdkon jsme i se \u0161t\u011bst\u00edm podali slu\u0161n\u00fd. Sez\u00f3na skon\u010dila (jej\u00edmu hodnocen\u00ed v\u011bnujeme samostatn\u00fd \u010dl\u00e1nek). Ji\u017e nyn\u00ed je jasn\u00e9, \u017ee tento z\u00e1pas byl posledn\u00ed pro Christiansen a v evertonsk\u00fdch barv\u00e1ch i pro Sevecke a Maier. Ov\u0161em ani manchestersk\u00e1 strana na tom nen\u00ed l\u00e9pe. Po ned\u00e1vn\u00e9m odchodu kl\u00ed\u010dov\u00fdch hr\u00e1\u010dek (White, Bronze, Walsh, Stanway, Weir) se d\u00edru po nich nepoda\u0159ilo pln\u011b zalepit. City skon\u010dilo letos 4. v lize a o evropsk\u00fdch sout\u011b\u017e\u00edch si m\u016f\u017ee jen nechat zd\u00e1t.<\/p>\n<p>Uvid\u00edme, co p\u0159inese p\u0159estupov\u00e9 okno. Zd\u00e1 se, \u017ee na rozd\u00edl od minul\u00fdch let bude m\u00edt MCFC probl\u00e9m p\u0159il\u00e1kat hv\u011bzdn\u00e9 posily. Bohu\u017eel pro n\u00e1s se zp\u011bt na Academy Stadium vrac\u00ed Park. Mo\u017en\u00e1 aby nahradila odch\u00e1zej\u00edc\u00ed Raso, kterou zl\u00e1kal Real Madrid. V ka\u017ed\u00e9m p\u0159\u00edpad\u011b to vypad\u00e1, \u017ee p\u0159estupy budou letos v\u0161eobecn\u011b hojn\u00e9 a divok\u00e9. Uvid\u00edme, jak se dotknou Evertonu. Sez\u00f3na skon\u010dila, ale d\u011bn\u00ed kolem \u017eensk\u00e9ho t\u00fdmu sledujeme d\u00e1l, tak\u017ee n\u00e1m nev\u00e1hejte i nad\u00e1le zachovat p\u0159\u00edze\u0148. A samoz\u0159ejm\u011b <strong><span style=\"color: #0000ff; --darkreader-inline-color: #3d3db6;\" data-darkreader-inline-color=\"\">COYB!<\/span><\/strong><\/p>\n<p><strong>Statistika:<\/strong> Posedlost 68% : 32%. St\u0159ely 19:12 (na branku 6:7)<\/p>\n<p><strong>Branky:<\/strong> Shaw (51\u00b4, 69\u00b4), Hemp (60\u00b4) &#8211; Hope (79\u00b4), Maier (90+4\u00b4)\u00a0 <strong>\u017dK: <\/strong>Sevecke, Clarke<\/p>\n<p><strong>MCFC (4-2-3-1):<\/strong> Keating; <span class=\"sp-c-lineup-pitch__player\" data-reactid=\".252b9hqll8e.0.0.0.1.$include-19.0.0.1:$panel-0.$0.0.0.0.2.0.0.1:$home-formation-row-1.$home-player-0\"><span class=\"sp-c-lineup-pitch__player__name gs-u-display-block@xs \" data-reactid=\".252b9hqll8e.0.0.0.1.$include-19.0.0.1:$panel-0.$0.0.0.0.2.0.0.1:$home-formation-row-1.$home-player-0.1\">Morgan (Coombs 79\u00b4), <\/span><\/span><span class=\"sp-c-lineup-pitch__player\" data-reactid=\".252b9hqll8e.0.0.0.1.$include-19.0.0.1:$panel-0.$0.0.0.0.2.0.0.1:$home-formation-row-1.$home-player-1\"><span class=\"sp-c-lineup-pitch__player__name gs-u-display-block@xs \" data-reactid=\".252b9hqll8e.0.0.0.1.$include-19.0.0.1:$panel-0.$0.0.0.0.2.0.0.1:$home-formation-row-1.$home-player-1.1\">Houghton, <\/span><\/span><span class=\"sp-c-lineup-pitch__player\" data-reactid=\".252b9hqll8e.0.0.0.1.$include-19.0.0.1:$panel-0.$0.0.0.0.2.0.0.1:$home-formation-row-1.$home-player-2\"><span class=\"sp-c-lineup-pitch__player__name gs-u-display-block@xs \" data-reactid=\".252b9hqll8e.0.0.0.1.$include-19.0.0.1:$panel-0.$0.0.0.0.2.0.0.1:$home-formation-row-1.$home-player-2.1\">Greenwood, <\/span><\/span><span class=\"sp-c-lineup-pitch__player\" data-reactid=\".252b9hqll8e.0.0.0.1.$include-19.0.0.1:$panel-0.$0.0.0.0.2.0.0.1:$home-formation-row-1.$home-player-3\"><span class=\"sp-c-lineup-pitch__player__name gs-u-display-block@xs \" data-reactid=\".252b9hqll8e.0.0.0.1.$include-19.0.0.1:$panel-0.$0.0.0.0.2.0.0.1:$home-formation-row-1.$home-player-3.1\">Ouahabi (Casparij 84\u00b4); Hasegawa, Angeldahl; Kelly, Castellanos (Dahou 84\u00b4), Hemp (Raso 84\u00b4); Shaw<\/span><\/span><\/p>\n<p><strong>EFC (3-5-2):<\/strong> Brosnan; <span class=\"sp-c-lineup-pitch__player\" data-reactid=\".252b9hqll8e.0.0.0.1.$include-19.0.0.1:$panel-0.$0.0.0.1.2.0.0.1:$away-formation-row-1.$away-player-0\"><span class=\"sp-c-lineup-pitch__player__name gs-u-display-block@xs \" data-reactid=\".252b9hqll8e.0.0.0.1.$include-19.0.0.1:$panel-0.$0.0.0.1.2.0.0.1:$away-formation-row-1.$away-player-0.1\">Bj\u00f6rn, K. <\/span><\/span><span class=\"sp-c-lineup-pitch__player\" data-reactid=\".252b9hqll8e.0.0.0.1.$include-19.0.0.1:$panel-0.$0.0.0.1.2.0.0.1:$away-formation-row-1.$away-player-1\"><span class=\"sp-c-lineup-pitch__player__name gs-u-display-block@xs \" data-reactid=\".252b9hqll8e.0.0.0.1.$include-19.0.0.1:$panel-0.$0.0.0.1.2.0.0.1:$away-formation-row-1.$away-player-1.1\">Holmgaard (Maier 85\u00b4), <\/span><\/span><span class=\"sp-c-lineup-pitch__player\" data-reactid=\".252b9hqll8e.0.0.0.1.$include-19.0.0.1:$panel-0.$0.0.0.1.2.0.0.1:$away-formation-row-1.$away-player-2\"><span class=\"sp-c-lineup-pitch__player__name gs-u-display-block@xs \" data-reactid=\".252b9hqll8e.0.0.0.1.$include-19.0.0.1:$panel-0.$0.0.0.1.2.0.0.1:$away-formation-row-1.$away-player-2.1\">Stenevik (Sevecke 72\u00b4); Veje, Christiansen (Bennison 62\u00b4), Wheeler, Galli, Hope; S\u00f8rensen, Snoeijs (Clarke 85\u00b4)<\/span><\/span><\/p>\n<p><strong>Rozhod\u010d\u00ed:<\/strong> Kirsty Dowle\u00a0 <strong>Div\u00e1ci:<\/strong> 3 828<\/p>\n<p><iframe loading=\"lazy\" title=\"HIGHLIGHTS | CITY 3-2 EVERTON | Bunny Shaw double in final WSL game of season\" width=\"1140\" height=\"641\" src=\"https:\/\/www.youtube.com\/embed\/3uZGTkZpU4E?feature=oembed\" frameborder=\"0\" allow=\"accelerometer; autoplay; clipboard-write; encrypted-media; gyroscope; picture-in-picture; web-share\" allowfullscreen><\/iframe><\/p>\n","protected":false},"excerpt":{"rendered":"<p>K z\u00e1v\u011bre\u010dn\u00e9mu utk\u00e1n\u00ed sez\u00f3ny pln\u00e9mu emoc\u00ed a dobr\u00e9ho fotbalu jsme cestovali ma modrou stranu Manchesteru.<\/p>\n","protected":false},"author":26,"featured_media":21709,"comment_status":"open","ping_status":"closed","sticky":false,"template":"","format":"standard","meta":{"_eb_attr":"","_monsterinsights_skip_tracking":false,"_monsterinsights_sitenote_active":false,"_monsterinsights_sitenote_note":"","_monsterinsights_sitenote_category":0,"footnotes":""},"categories":[110],"tags":[],"yoast_head":"<!-- This site is optimized with the Yoast SEO plugin v23.4 - https:\/\/yoast.com\/wordpress\/plugins\/seo\/ -->\n<title>Manchester City W - Everton W 3:2 - Official Czech &amp; Slovak Everton Supporters&#039; Club<\/title>\n<meta name=\"robots\" content=\"index, follow, max-snippet:-1, max-image-preview:large, max-video-preview:-1\" \/>\n<link rel=\"canonical\" href=\"https:\/\/evertonfc.cz\/index.php\/2023\/05\/29\/manchester-city-w-everton-w-32\/\" \/>\n<meta property=\"og:locale\" content=\"cs_CZ\" \/>\n<meta property=\"og:type\" content=\"article\" \/>\n<meta property=\"og:title\" content=\"Manchester City W - Everton W 3:2 - Official Czech &amp; Slovak Everton Supporters&#039; Club\" \/>\n<meta property=\"og:description\" content=\"K z\u00e1v\u011bre\u010dn\u00e9mu utk\u00e1n\u00ed sez\u00f3ny pln\u00e9mu emoc\u00ed a dobr\u00e9ho fotbalu jsme cestovali ma modrou stranu Manchesteru.\" \/>\n<meta property=\"og:url\" content=\"https:\/\/evertonfc.cz\/index.php\/2023\/05\/29\/manchester-city-w-everton-w-32\/\" \/>\n<meta property=\"og:site_name\" content=\"Official Czech &amp; Slovak Everton Supporters&#039; Club\" \/>\n<meta property=\"article:publisher\" content=\"https:\/\/www.facebook.com\/everton.fans.cz.sk\" \/>\n<meta property=\"article:published_time\" content=\"2023-05-29T20:01:35+00:00\" \/>\n<meta property=\"article:modified_time\" content=\"2023-05-30T13:13:41+00:00\" \/>\n<meta property=\"og:image\" content=\"https:\/\/evertonfc.cz\/wp-content\/uploads\/2023\/05\/Christiansen-vs-MCFC-web-27_5_23.jpg\" \/>\n\t<meta property=\"og:image:width\" content=\"720\" \/>\n\t<meta property=\"og:image:height\" content=\"405\" \/>\n\t<meta property=\"og:image:type\" content=\"image\/jpeg\" \/>\n<meta name=\"author\" content=\"Karamela\" \/>\n<meta name=\"twitter:card\" content=\"summary_large_image\" \/>\n<meta name=\"twitter:label1\" content=\"Napsal(a)\" \/>\n\t<meta name=\"twitter:data1\" content=\"Karamela\" \/>\n\t<meta name=\"twitter:label2\" content=\"Odhadovan\u00e1 doba \u010dten\u00ed\" \/>\n\t<meta name=\"twitter:data2\" content=\"4 minuty\" \/>\n<script type=\"application\/ld+json\" class=\"yoast-schema-graph\">{\"@context\":\"https:\/\/schema.org\",\"@graph\":[{\"@type\":\"Article\",\"@id\":\"https:\/\/evertonfc.cz\/index.php\/2023\/05\/29\/manchester-city-w-everton-w-32\/#article\",\"isPartOf\":{\"@id\":\"https:\/\/evertonfc.cz\/index.php\/2023\/05\/29\/manchester-city-w-everton-w-32\/\"},\"author\":{\"name\":\"Karamela\",\"@id\":\"https:\/\/evertonfc.cz\/#\/schema\/person\/e9a24a80a32efa1344dd2c4e5882185c\"},\"headline\":\"Manchester City W &#8211; Everton W 3:2\",\"datePublished\":\"2023-05-29T20:01:35+00:00\",\"dateModified\":\"2023-05-30T13:13:41+00:00\",\"mainEntityOfPage\":{\"@id\":\"https:\/\/evertonfc.cz\/index.php\/2023\/05\/29\/manchester-city-w-everton-w-32\/\"},\"wordCount\":954,\"commentCount\":4,\"publisher\":{\"@id\":\"https:\/\/evertonfc.cz\/#organization\"},\"image\":{\"@id\":\"https:\/\/evertonfc.cz\/index.php\/2023\/05\/29\/manchester-city-w-everton-w-32\/#primaryimage\"},\"thumbnailUrl\":\"https:\/\/evertonfc.cz\/wp-content\/uploads\/2023\/05\/Christiansen-vs-MCFC-web-27_5_23.jpg\",\"articleSection\":[\"Everton Women\"],\"inLanguage\":\"cs\",\"potentialAction\":[{\"@type\":\"CommentAction\",\"name\":\"Comment\",\"target\":[\"https:\/\/evertonfc.cz\/index.php\/2023\/05\/29\/manchester-city-w-everton-w-32\/#respond\"]}]},{\"@type\":\"WebPage\",\"@id\":\"https:\/\/evertonfc.cz\/index.php\/2023\/05\/29\/manchester-city-w-everton-w-32\/\",\"url\":\"https:\/\/evertonfc.cz\/index.php\/2023\/05\/29\/manchester-city-w-everton-w-32\/\",\"name\":\"Manchester City W - Everton W 3:2 - Official Czech &amp; Slovak Everton Supporters&#039; Club\",\"isPartOf\":{\"@id\":\"https:\/\/evertonfc.cz\/#website\"},\"primaryImageOfPage\":{\"@id\":\"https:\/\/evertonfc.cz\/index.php\/2023\/05\/29\/manchester-city-w-everton-w-32\/#primaryimage\"},\"image\":{\"@id\":\"https:\/\/evertonfc.cz\/index.php\/2023\/05\/29\/manchester-city-w-everton-w-32\/#primaryimage\"},\"thumbnailUrl\":\"https:\/\/evertonfc.cz\/wp-content\/uploads\/2023\/05\/Christiansen-vs-MCFC-web-27_5_23.jpg\",\"datePublished\":\"2023-05-29T20:01:35+00:00\",\"dateModified\":\"2023-05-30T13:13:41+00:00\",\"breadcrumb\":{\"@id\":\"https:\/\/evertonfc.cz\/index.php\/2023\/05\/29\/manchester-city-w-everton-w-32\/#breadcrumb\"},\"inLanguage\":\"cs\",\"potentialAction\":[{\"@type\":\"ReadAction\",\"target\":[\"https:\/\/evertonfc.cz\/index.php\/2023\/05\/29\/manchester-city-w-everton-w-32\/\"]}]},{\"@type\":\"ImageObject\",\"inLanguage\":\"cs\",\"@id\":\"https:\/\/evertonfc.cz\/index.php\/2023\/05\/29\/manchester-city-w-everton-w-32\/#primaryimage\",\"url\":\"https:\/\/evertonfc.cz\/wp-content\/uploads\/2023\/05\/Christiansen-vs-MCFC-web-27_5_23.jpg\",\"contentUrl\":\"https:\/\/evertonfc.cz\/wp-content\/uploads\/2023\/05\/Christiansen-vs-MCFC-web-27_5_23.jpg\",\"width\":720,\"height\":405},{\"@type\":\"BreadcrumbList\",\"@id\":\"https:\/\/evertonfc.cz\/index.php\/2023\/05\/29\/manchester-city-w-everton-w-32\/#breadcrumb\",\"itemListElement\":[{\"@type\":\"ListItem\",\"position\":1,\"name\":\"Home\",\"item\":\"https:\/\/evertonfc.cz\/\"},{\"@type\":\"ListItem\",\"position\":2,\"name\":\"Manchester City W &#8211; Everton W 3:2\"}]},{\"@type\":\"WebSite\",\"@id\":\"https:\/\/evertonfc.cz\/#website\",\"url\":\"https:\/\/evertonfc.cz\/\",\"name\":\"Official Czech &amp; Slovak Everton Supporters&#039; Club\",\"description\":\"\",\"publisher\":{\"@id\":\"https:\/\/evertonfc.cz\/#organization\"},\"potentialAction\":[{\"@type\":\"SearchAction\",\"target\":{\"@type\":\"EntryPoint\",\"urlTemplate\":\"https:\/\/evertonfc.cz\/?s={search_term_string}\"},\"query-input\":{\"@type\":\"PropertyValueSpecification\",\"valueRequired\":true,\"valueName\":\"search_term_string\"}}],\"inLanguage\":\"cs\"},{\"@type\":\"Organization\",\"@id\":\"https:\/\/evertonfc.cz\/#organization\",\"name\":\"Official Czech & Slovak Everton Supporters' Club\",\"url\":\"https:\/\/evertonfc.cz\/\",\"logo\":{\"@type\":\"ImageObject\",\"inLanguage\":\"cs\",\"@id\":\"https:\/\/evertonfc.cz\/#\/schema\/logo\/image\/\",\"url\":\"https:\/\/evertonfc.cz\/wp-content\/uploads\/2019\/05\/logo.png\",\"contentUrl\":\"https:\/\/evertonfc.cz\/wp-content\/uploads\/2019\/05\/logo.png\",\"width\":112,\"height\":112,\"caption\":\"Official Czech & Slovak Everton Supporters' Club\"},\"image\":{\"@id\":\"https:\/\/evertonfc.cz\/#\/schema\/logo\/image\/\"},\"sameAs\":[\"https:\/\/www.facebook.com\/everton.fans.cz.sk\"]},{\"@type\":\"Person\",\"@id\":\"https:\/\/evertonfc.cz\/#\/schema\/person\/e9a24a80a32efa1344dd2c4e5882185c\",\"name\":\"Karamela\",\"url\":\"https:\/\/evertonfc.cz\/index.php\/author\/karamela\/\"}]}<\/script>\n<!-- \/ Yoast SEO plugin. -->","yoast_head_json":{"title":"Manchester City W - Everton W 3:2 - Official Czech &amp; Slovak Everton Supporters&#039; Club","robots":{"index":"index","follow":"follow","max-snippet":"max-snippet:-1","max-image-preview":"max-image-preview:large","max-video-preview":"max-video-preview:-1"},"canonical":"https:\/\/evertonfc.cz\/index.php\/2023\/05\/29\/manchester-city-w-everton-w-32\/","og_locale":"cs_CZ","og_type":"article","og_title":"Manchester City W - Everton W 3:2 - Official Czech &amp; Slovak Everton Supporters&#039; Club","og_description":"K z\u00e1v\u011bre\u010dn\u00e9mu utk\u00e1n\u00ed sez\u00f3ny pln\u00e9mu emoc\u00ed a dobr\u00e9ho fotbalu jsme cestovali ma modrou stranu Manchesteru.","og_url":"https:\/\/evertonfc.cz\/index.php\/2023\/05\/29\/manchester-city-w-everton-w-32\/","og_site_name":"Official Czech &amp; Slovak Everton Supporters&#039; Club","article_publisher":"https:\/\/www.facebook.com\/everton.fans.cz.sk","article_published_time":"2023-05-29T20:01:35+00:00","article_modified_time":"2023-05-30T13:13:41+00:00","og_image":[{"width":720,"height":405,"url":"https:\/\/evertonfc.cz\/wp-content\/uploads\/2023\/05\/Christiansen-vs-MCFC-web-27_5_23.jpg","type":"image\/jpeg"}],"author":"Karamela","twitter_card":"summary_large_image","twitter_misc":{"Napsal(a)":"Karamela","Odhadovan\u00e1 doba \u010dten\u00ed":"4 minuty"},"schema":{"@context":"https:\/\/schema.org","@graph":[{"@type":"Article","@id":"https:\/\/evertonfc.cz\/index.php\/2023\/05\/29\/manchester-city-w-everton-w-32\/#article","isPartOf":{"@id":"https:\/\/evertonfc.cz\/index.php\/2023\/05\/29\/manchester-city-w-everton-w-32\/"},"author":{"name":"Karamela","@id":"https:\/\/evertonfc.cz\/#\/schema\/person\/e9a24a80a32efa1344dd2c4e5882185c"},"headline":"Manchester City W &#8211; Everton W 3:2","datePublished":"2023-05-29T20:01:35+00:00","dateModified":"2023-05-30T13:13:41+00:00","mainEntityOfPage":{"@id":"https:\/\/evertonfc.cz\/index.php\/2023\/05\/29\/manchester-city-w-everton-w-32\/"},"wordCount":954,"commentCount":4,"publisher":{"@id":"https:\/\/evertonfc.cz\/#organization"},"image":{"@id":"https:\/\/evertonfc.cz\/index.php\/2023\/05\/29\/manchester-city-w-everton-w-32\/#primaryimage"},"thumbnailUrl":"https:\/\/evertonfc.cz\/wp-content\/uploads\/2023\/05\/Christiansen-vs-MCFC-web-27_5_23.jpg","articleSection":["Everton Women"],"inLanguage":"cs","potentialAction":[{"@type":"CommentAction","name":"Comment","target":["https:\/\/evertonfc.cz\/index.php\/2023\/05\/29\/manchester-city-w-everton-w-32\/#respond"]}]},{"@type":"WebPage","@id":"https:\/\/evertonfc.cz\/index.php\/2023\/05\/29\/manchester-city-w-everton-w-32\/","url":"https:\/\/evertonfc.cz\/index.php\/2023\/05\/29\/manchester-city-w-everton-w-32\/","name":"Manchester City W - Everton W 3:2 - Official Czech &amp; Slovak Everton Supporters&#039; Club","isPartOf":{"@id":"https:\/\/evertonfc.cz\/#website"},"primaryImageOfPage":{"@id":"https:\/\/evertonfc.cz\/index.php\/2023\/05\/29\/manchester-city-w-everton-w-32\/#primaryimage"},"image":{"@id":"https:\/\/evertonfc.cz\/index.php\/2023\/05\/29\/manchester-city-w-everton-w-32\/#primaryimage"},"thumbnailUrl":"https:\/\/evertonfc.cz\/wp-content\/uploads\/2023\/05\/Christiansen-vs-MCFC-web-27_5_23.jpg","datePublished":"2023-05-29T20:01:35+00:00","dateModified":"2023-05-30T13:13:41+00:00","breadcrumb":{"@id":"https:\/\/evertonfc.cz\/index.php\/2023\/05\/29\/manchester-city-w-everton-w-32\/#breadcrumb"},"inLanguage":"cs","potentialAction":[{"@type":"ReadAction","target":["https:\/\/evertonfc.cz\/index.php\/2023\/05\/29\/manchester-city-w-everton-w-32\/"]}]},{"@type":"ImageObject","inLanguage":"cs","@id":"https:\/\/evertonfc.cz\/index.php\/2023\/05\/29\/manchester-city-w-everton-w-32\/#primaryimage","url":"https:\/\/evertonfc.cz\/wp-content\/uploads\/2023\/05\/Christiansen-vs-MCFC-web-27_5_23.jpg","contentUrl":"https:\/\/evertonfc.cz\/wp-content\/uploads\/2023\/05\/Christiansen-vs-MCFC-web-27_5_23.jpg","width":720,"height":405},{"@type":"BreadcrumbList","@id":"https:\/\/evertonfc.cz\/index.php\/2023\/05\/29\/manchester-city-w-everton-w-32\/#breadcrumb","itemListElement":[{"@type":"ListItem","position":1,"name":"Home","item":"https:\/\/evertonfc.cz\/"},{"@type":"ListItem","position":2,"name":"Manchester City W &#8211; Everton W 3:2"}]},{"@type":"WebSite","@id":"https:\/\/evertonfc.cz\/#website","url":"https:\/\/evertonfc.cz\/","name":"Official Czech &amp; Slovak Everton Supporters&#039; Club","description":"","publisher":{"@id":"https:\/\/evertonfc.cz\/#organization"},"potentialAction":[{"@type":"SearchAction","target":{"@type":"EntryPoint","urlTemplate":"https:\/\/evertonfc.cz\/?s={search_term_string}"},"query-input":{"@type":"PropertyValueSpecification","valueRequired":true,"valueName":"search_term_string"}}],"inLanguage":"cs"},{"@type":"Organization","@id":"https:\/\/evertonfc.cz\/#organization","name":"Official Czech & Slovak Everton Supporters' Club","url":"https:\/\/evertonfc.cz\/","logo":{"@type":"ImageObject","inLanguage":"cs","@id":"https:\/\/evertonfc.cz\/#\/schema\/logo\/image\/","url":"https:\/\/evertonfc.cz\/wp-content\/uploads\/2019\/05\/logo.png","contentUrl":"https:\/\/evertonfc.cz\/wp-content\/uploads\/2019\/05\/logo.png","width":112,"height":112,"caption":"Official Czech & Slovak Everton Supporters' Club"},"image":{"@id":"https:\/\/evertonfc.cz\/#\/schema\/logo\/image\/"},"sameAs":["https:\/\/www.facebook.com\/everton.fans.cz.sk"]},{"@type":"Person","@id":"https:\/\/evertonfc.cz\/#\/schema\/person\/e9a24a80a32efa1344dd2c4e5882185c","name":"Karamela","url":"https:\/\/evertonfc.cz\/index.php\/author\/karamela\/"}]}},"_links":{"self":[{"href":"https:\/\/evertonfc.cz\/index.php\/wp-json\/wp\/v2\/posts\/21707"}],"collection":[{"href":"https:\/\/evertonfc.cz\/index.php\/wp-json\/wp\/v2\/posts"}],"about":[{"href":"https:\/\/evertonfc.cz\/index.php\/wp-json\/wp\/v2\/types\/post"}],"author":[{"embeddable":true,"href":"https:\/\/evertonfc.cz\/index.php\/wp-json\/wp\/v2\/users\/26"}],"replies":[{"embeddable":true,"href":"https:\/\/evertonfc.cz\/index.php\/wp-json\/wp\/v2\/comments?post=21707"}],"version-history":[{"count":8,"href":"https:\/\/evertonfc.cz\/index.php\/wp-json\/wp\/v2\/posts\/21707\/revisions"}],"predecessor-version":[{"id":21727,"href":"https:\/\/evertonfc.cz\/index.php\/wp-json\/wp\/v2\/posts\/21707\/revisions\/21727"}],"wp:featuredmedia":[{"embeddable":true,"href":"https:\/\/evertonfc.cz\/index.php\/wp-json\/wp\/v2\/media\/21709"}],"wp:attachment":[{"href":"https:\/\/evertonfc.cz\/index.php\/wp-json\/wp\/v2\/media?parent=21707"}],"wp:term":[{"taxonomy":"category","embeddable":true,"href":"https:\/\/evertonfc.cz\/index.php\/wp-json\/wp\/v2\/categories?post=21707"},{"taxonomy":"post_tag","embeddable":true,"href":"https:\/\/evertonfc.cz\/index.php\/wp-json\/wp\/v2\/tags?post=21707"}],"curies":[{"name":"wp","href":"https:\/\/api.w.org\/{rel}","templated":true}]}}