{"id":21730,"date":"2023-09-17T13:03:13","date_gmt":"2023-09-17T11:03:13","guid":{"rendered":"https:\/\/evertonfc.cz\/?p=21730"},"modified":"2024-01-03T23:43:31","modified_gmt":"2024-01-03T22:43:31","slug":"prestupove-leto-2023","status":"publish","type":"post","link":"https:\/\/evertonfc.cz\/index.php\/2023\/09\/17\/prestupove-leto-2023\/","title":{"rendered":"P\u0159estupov\u00e9 l\u00e9to 2023"},"content":{"rendered":"<h4>Everton provedl b\u011bhem letn\u00edho p\u0159estupov\u00e9ho obdob\u00ed razantn\u00ed \u010distku ve sv\u00e9m k\u00e1dru a z\u00e1rove\u0148 p\u0159ivedl n\u011bkolik zaj\u00edmav\u00fdch hr\u00e1\u010d\u016f.<\/h4>\n<p>Nicm\u00e9n\u011b z\u016fst\u00e1v\u00e1 ot\u00e1zka, zda to bude sta\u010dit k tomu, aby se na t\u0159et\u00ed pokus kone\u010dn\u011b vyhnul sestupov\u00fdm boj\u016fm. I kdy\u017e na pap\u00ed\u0159e disponuje kvalitn\u011bj\u0161\u00ed z\u00e1kladn\u00ed sestavou ve srovn\u00e1n\u00ed s p\u0159edchoz\u00edm ro\u010dn\u00edkem, obavy mohou vzniknout v souvislosti s \u00fazk\u00fdm k\u00e1drem, a to zejm\u00e9na p\u0159i p\u0159\u00edpadn\u00e9 rozs\u00e1hlej\u0161\u00ed marodce.<\/p>\n<h4>P\u0159\u00edchody<\/h4>\n<ul>\n<li><strong>Jo\u00e3o Virg\u00ednia<\/strong> (Cambuur \u2013 n\u00e1vrat z hostov\u00e1n\u00ed) <sup>30.06.\u00a0<\/sup><\/li>\n<li><strong>Harry Tyrer<\/strong> (Chester \u2013 n\u00e1vrat z hostov\u00e1n\u00ed) <sup>30.06.\u00a0<\/sup><\/li>\n<li><strong>Ryan Astley<\/strong> (Accrington Stanley \u2013 n\u00e1vrat z hostov\u00e1n\u00ed) <sup>30.06.\u00a0<\/sup><\/li>\n<li><strong>Jarrad Branthwaite<\/strong> (PSV \u2013 n\u00e1vrat z hostov\u00e1n\u00ed) <sup>30.06.\u00a0<\/sup><\/li>\n<li><strong>Tyler Onyango<\/strong> (Forest Green Rovers \u2013 n\u00e1vrat z hostov\u00e1n\u00ed) <sup>30.06.\u00a0<\/sup><\/li>\n<li><strong>Lewis Dobbin<\/strong> (Derby County \u2013 n\u00e1vrat z hostov\u00e1n\u00ed) <sup>30.06.\u00a0<\/sup><\/li>\n<li><strong>Lewis Gibson<\/strong> (Bristol Rovers \u2013 n\u00e1vrat z hostov\u00e1n\u00ed) <sup>30.06.\u00a0<\/sup><\/li>\n<li><strong>Dele Alli<\/strong> (Besiktas \u2013 n\u00e1vrat z hostov\u00e1n\u00ed) <sup>30.06.\u00a0<\/sup><\/li>\n<li><strong>Jean-Philippe Gbamin<\/strong> (Trabzonspor \u2013 n\u00e1vrat z hostov\u00e1n\u00ed) <sup>30.06.\u00a0<\/sup><\/li>\n<li><strong>Andr\u00e9 Gomes<\/strong> (Lille \u2013 n\u00e1vrat z hostov\u00e1n\u00ed) <sup>30.06.\u00a0<\/sup><\/li>\n<li><strong>Lewis Warrington<\/strong> (Fleetwood Town \u2013 n\u00e1vrat z hostov\u00e1n\u00ed) <sup>30.06.\u00a0<\/sup><\/li>\n<li><strong>Tom Cannon<\/strong> (Preston North End \u2013 n\u00e1vrat z hostov\u00e1n\u00ed) <sup>30.06.\u00a0<\/sup><\/li>\n<li><a href=\"https:\/\/evertonfc.cz\/index.php\/2023\/07\/14\/evertonu-sa-prvy-upisal-young\/\" rel=\"noopener\"><b>Ashley Young <\/b>(Aston Villa \u2013 voln\u00fd hr\u00e1\u010d)<\/a> <sup>13. 07.<\/sup><\/li>\n<li><a href=\"https:\/\/evertonfc.cz\/index.php\/2023\/07\/23\/posila-s-pulrocnim-zpozdenim-danjuma\/\" rel=\"noopener\"><b>Arnaut Danjuma <\/b>(Villarreal \u2013 hostov\u00e1n\u00ed, \u00a33,5m)<\/a> <sup>23. 07.<\/sup><\/li>\n<li><a href=\"https:\/\/evertonfc.cz\/index.php\/2023\/08\/11\/everton-ziskal-mladou-pusku-do-utoku\/\" rel=\"noopener\"><b>Youssef Chermiti <\/b>(Sporting CP \u2013 p\u0159estup, \u00a310,8+2,2m)<\/a> <sup>11. 08.<\/sup><\/li>\n<li><a href=\"https:\/\/evertonfc.cz\/index.php\/2023\/08\/14\/na-hostovani-prichazi-harrison\/\" rel=\"noopener\"><b>Jack Harrison <\/b>(Leeds United \u2013 hostov\u00e1n\u00ed) <\/a><sup>14. 08<\/sup><\/li>\n<li><a href=\"https:\/\/evertonfc.cz\/index.php\/2023\/08\/29\/vysnena-posila-do-utoku-beto\/\" rel=\"noopener\"><b>Beto <\/b>(Udinese \u2013 p\u0159estup, \u00a321,4+4,2m)<\/a> <sup>29. 08.<\/sup><\/li>\n<\/ul>\n<h4><strong>Odchody<\/strong><\/h4>\n<ul>\n<li><b>R\u00faben Vinagre <\/b>(Sporting \u2013 n\u00e1vrat z hostov\u00e1n\u00ed) <sup>30.06.\u00a0<\/sup><\/li>\n<li><b>Conor Coady\u00a0<\/b>(Wolverhampton Wanderers \u2013 n\u00e1vrat z hostov\u00e1n\u00ed) <sup>30.06.\u00a0<\/sup><\/li>\n<li><a href=\"https:\/\/evertonfc.cz\/index.php\/2023\/03\/13\/keanuv-prestup-do-juventusu-potvrzen\/\" rel=\"noopener\"><strong>Moise Kean<\/strong> (Juventus \u2013 p\u0159estup, \u00a325+2,5m)<\/a> <sup>01. 07.<\/sup><\/li>\n<li><a href=\"https:\/\/evertonfc.cz\/index.php\/news\/nkounkou-prestupuje-do-francie\/\" rel=\"noopener\"><strong>Niels Nkounkou<\/strong> (Saint-\u00c9tienne \u2013 p\u0159estup, \u00a31,7m)<\/a> <sup>01. 07.<\/sup><\/li>\n<li><a href=\"https:\/\/evertonfc.cz\/index.php\/2023\/06\/10\/prepusteni-hraci-2022-23\/\" rel=\"noopener\"><b>Isaac Price\u00a0<\/b>(Standard Li\u00e8ge \u2013 voln\u00fd hr\u00e1\u010d)<\/a> <sup>01. 07.<\/sup><\/li>\n<li><b>Lewis Gibson <\/b>(Plymouth Argyle \u2013 voln\u00fd hr\u00e1\u010d) <sup>01. 07.<\/sup><\/li>\n<li><a href=\"https:\/\/evertonfc.cz\/index.php\/2023\/06\/10\/prepusteni-hraci-2022-23\/\" rel=\"noopener\"><strong>Asmir Begovi\u0107<\/strong> (Queens Park Rangers \u2013 voln\u00fd hr\u00e1\u010d)<\/a> <sup>01. 07.<\/sup><\/li>\n<li><a href=\"https:\/\/evertonfc.cz\/index.php\/2023\/06\/10\/prepusteni-hraci-2022-23\/\" rel=\"noopener\"><b>Yerry Mina <\/b>(Fiorentina \u2013 voln\u00fd hr\u00e1\u010d)<\/a>\u00a0<sup>01. 07.<\/sup><\/li>\n<li><a href=\"https:\/\/evertonfc.cz\/index.php\/2023\/06\/10\/prepusteni-hraci-2022-23\/\" rel=\"noopener\"><b>Andros Townsend<\/b> (Luton Town \u2013 voln\u00fd hr\u00e1\u010d)<\/a> <sup>01. 07.<\/sup><\/li>\n<li><a href=\"https:\/\/evertonfc.cz\/index.php\/2023\/06\/22\/davies-opusta-everton\/\" rel=\"noopener\"><b>Tom Davies <\/b>(Sheffield United \u2013 voln\u00fd hr\u00e1\u010d)<\/a> <sup>01. 07.<\/sup><\/li>\n<li><a href=\"https:\/\/evertonfc.cz\/index.php\/news\/tyrer-jde-opet-hostovat\/\" rel=\"noopener\"><strong>Harry Tyrer<\/strong> (Chesterfield \u2013 hostov\u00e1n\u00ed)<\/a> <sup>01.07.\u00a0<\/sup><\/li>\n<li><a href=\"https:\/\/evertonfc.cz\/index.php\/2023\/07\/10\/simms-predany-samuels-smith-tiez\/\" rel=\"noopener\"><b>Ellis Simms<\/b> (Coventry City \u2013 p\u0159estup, \u00a33,5+4,5m)<\/a> <sup>07.07.\u00a0<\/sup><\/li>\n<li><a href=\"https:\/\/evertonfc.cz\/index.php\/2023\/07\/10\/simms-predany-samuels-smith-tiez\/\" rel=\"noopener\"><strong>Ishe Samuels-Smith<\/strong> (Chelsea \u2013 p\u0159estup, \u00a34m)<\/a> <sup>08.07.<\/sup><\/li>\n<li><a href=\"https:\/\/evertonfc.cz\/index.php\/news\/warrington-hostuje-v-plymouthu\/\" rel=\"noopener\"><strong>Lewis Warrington <\/strong>(Plymouth Argyle \u2013 hostov\u00e1n\u00ed)<\/a> <sup>26.07.\u00a0<\/sup><\/li>\n<li><a href=\"https:\/\/evertonfc.cz\/index.php\/news\/mills-na-zkousenou-do-oxfordu\/\" rel=\"noopener\"><strong>Stanley Mills <\/strong>(Oxford United \u2013 hostov\u00e1n\u00ed) <\/a><sup>27.07.\u00a0<\/sup><\/li>\n<li><a href=\"https:\/\/evertonfc.cz\/index.php\/news\/leban-hostuje-v-seste-lize\/\" rel=\"noopener\"><strong>\u017dan-Luk Leban <\/strong>(Farsley Celtic \u2013 hostov\u00e1n\u00ed) <\/a><sup>04.08.\u00a0<\/sup><\/li>\n<li><a href=\"https:\/\/evertonfc.cz\/index.php\/news\/reece-welch-zamiril-do-ctvrte-ligy\/\" rel=\"noopener\"><strong>Reece Welch\u00a0<\/strong>(Forest Green Rovers \u2013 hostov\u00e1n\u00ed)<\/a> <sup>10.08. <\/sup><span style=\"font-size: 12px; line-height: 0; position: relative; vertical-align: baseline; top: -0.5em;\">\u00a0<\/span><\/li>\n<li><a href=\"https:\/\/evertonfc.cz\/index.php\/2023\/08\/26\/holgate-hostuje-v-southamptonu\/\" rel=\"noopener\"><strong>Mason Holgate <\/strong>(Southampton \u2013 hostov\u00e1n\u00ed)<\/a> <sup>26.08. <\/sup><span style=\"font-size: 12px; line-height: 0; position: relative; vertical-align: baseline; top: -0.5em;\">\u00a0<\/span><\/li>\n<li><a href=\"https:\/\/evertonfc.cz\/index.php\/2023\/09\/02\/maupay-se-vraci-do-brentfordu\/\" rel=\"noopener\"><strong>Neal Maupay <\/strong>(Brentford \u2013 hostov\u00e1n\u00ed)<\/a> <sup>01.09. <\/sup><span style=\"font-size: 12px; line-height: 0; position: relative; vertical-align: baseline; top: -0.5em;\">\u00a0<\/span><\/li>\n<li><a href=\"https:\/\/evertonfc.cz\/index.php\/2023\/09\/02\/iwobi-se-presouva-do-fulhamu\/\" rel=\"noopener\"><strong>Alex Iwobi <\/strong>(Fulham \u2013 p\u0159estup, \u00a320+2m)<\/a> <sup>01.09. <\/sup><span style=\"font-size: 12px; line-height: 0; position: relative; vertical-align: baseline; top: -0.5em;\">\u00a0<\/span><\/li>\n<li><a href=\"https:\/\/evertonfc.cz\/index.php\/news\/cannon-prestoupil-do-leicesteru\/\" rel=\"noopener\"><strong>Tom Cannon <\/strong>(Leicester City \u2013 p\u0159estup, \u00a37,5m)<\/a> <sup>01.09.<\/sup><\/li>\n<li><a href=\"https:\/\/evertonfc.cz\/index.php\/news\/gbamin-se-rozloucil-s-evertonem\/\" rel=\"noopener\"><strong>Jean-Philippe Gbamin<\/strong> (USL Dunkerque \u2013 voln\u00fd hr\u00e1\u010d)<\/a> <sup>01. 09.<\/sup><\/li>\n<li><a href=\"https:\/\/evertonfc.cz\/index.php\/2023\/09\/07\/gray-si-vytrucoval-prestup-k-saudum\/\" rel=\"noopener\"><strong>Demarai Gray <\/strong>(Al-Ettifaq\u00a0\u2013 p\u0159estup, \u00a310m)<\/a> <sup>07. 09.<\/sup><\/li>\n<\/ul>\n<p style=\"text-align: right;\"><span style=\"font-size: 8pt;\">(foto zdroj: Liverpool\u00a0Echo)<\/span><\/p>\n","protected":false},"excerpt":{"rendered":"<p>Everton provedl b\u011bhem letn\u00edho p\u0159estupov\u00e9ho obdob\u00ed razantn\u00ed \u010distku ve sv\u00e9m k\u00e1dru a z\u00e1rove\u0148 p\u0159ivedl n\u011bkolik zaj\u00edmav\u00fdch hr\u00e1\u010d\u016f. <\/p>\n","protected":false},"author":6,"featured_media":21729,"comment_status":"open","ping_status":"closed","sticky":false,"template":"","format":"standard","meta":{"_eb_attr":"","_monsterinsights_skip_tracking":false,"_monsterinsights_sitenote_active":false,"_monsterinsights_sitenote_note":"","_monsterinsights_sitenote_category":0,"footnotes":""},"categories":[41],"tags":[],"yoast_head":"<!-- This site is optimized with the Yoast SEO plugin v23.4 - https:\/\/yoast.com\/wordpress\/plugins\/seo\/ -->\n<title>P\u0159estupov\u00e9 l\u00e9to 2023 - Official Czech &amp; Slovak Everton Supporters&#039; Club<\/title>\n<meta name=\"description\" content=\"Everton provedl b\u011bhem letn\u00edho p\u0159estupov\u00e9ho obdob\u00ed razantn\u00ed \u010distku ve sv\u00e9m k\u00e1dru a z\u00e1rove\u0148 p\u0159ivedl n\u011bkolik zaj\u00edmav\u00fdch hr\u00e1\u010d\u016f.\" \/>\n<meta name=\"robots\" content=\"index, follow, max-snippet:-1, max-image-preview:large, max-video-preview:-1\" \/>\n<link rel=\"canonical\" href=\"https:\/\/evertonfc.cz\/index.php\/2023\/09\/17\/prestupove-leto-2023\/\" \/>\n<meta property=\"og:locale\" content=\"cs_CZ\" \/>\n<meta property=\"og:type\" content=\"article\" \/>\n<meta property=\"og:title\" content=\"P\u0159estupov\u00e9 l\u00e9to 2023 - Official Czech &amp; Slovak Everton Supporters&#039; Club\" \/>\n<meta property=\"og:description\" content=\"Everton provedl b\u011bhem letn\u00edho p\u0159estupov\u00e9ho obdob\u00ed razantn\u00ed \u010distku ve sv\u00e9m k\u00e1dru a z\u00e1rove\u0148 p\u0159ivedl n\u011bkolik zaj\u00edmav\u00fdch hr\u00e1\u010d\u016f.\" \/>\n<meta property=\"og:url\" content=\"https:\/\/evertonfc.cz\/index.php\/2023\/09\/17\/prestupove-leto-2023\/\" \/>\n<meta property=\"og:site_name\" content=\"Official Czech &amp; Slovak Everton Supporters&#039; Club\" \/>\n<meta property=\"article:publisher\" content=\"https:\/\/www.facebook.com\/everton.fans.cz.sk\" \/>\n<meta property=\"article:published_time\" content=\"2023-09-17T11:03:13+00:00\" \/>\n<meta property=\"article:modified_time\" content=\"2024-01-03T22:43:31+00:00\" \/>\n<meta property=\"og:image\" content=\"https:\/\/evertonfc.cz\/wp-content\/uploads\/2023\/06\/letni_prestupy_1_6_2023.jpg\" \/>\n\t<meta property=\"og:image:width\" content=\"720\" \/>\n\t<meta property=\"og:image:height\" content=\"405\" \/>\n\t<meta property=\"og:image:type\" content=\"image\/jpeg\" \/>\n<meta name=\"author\" content=\"Ri\u010di\" \/>\n<meta name=\"twitter:card\" content=\"summary_large_image\" \/>\n<meta name=\"twitter:creator\" content=\"@rbrejsa\" \/>\n<meta name=\"twitter:label1\" content=\"Napsal(a)\" \/>\n\t<meta name=\"twitter:data1\" content=\"Ri\u010di\" \/>\n\t<meta name=\"twitter:label2\" content=\"Odhadovan\u00e1 doba \u010dten\u00ed\" \/>\n\t<meta name=\"twitter:data2\" content=\"3 minuty\" \/>\n<script type=\"application\/ld+json\" class=\"yoast-schema-graph\">{\"@context\":\"https:\/\/schema.org\",\"@graph\":[{\"@type\":\"Article\",\"@id\":\"https:\/\/evertonfc.cz\/index.php\/2023\/09\/17\/prestupove-leto-2023\/#article\",\"isPartOf\":{\"@id\":\"https:\/\/evertonfc.cz\/index.php\/2023\/09\/17\/prestupove-leto-2023\/\"},\"author\":{\"name\":\"Ri\u010di\",\"@id\":\"https:\/\/evertonfc.cz\/#\/schema\/person\/f7a5daedb2ffee98480bc70e191aaef1\"},\"headline\":\"P\u0159estupov\u00e9 l\u00e9to 2023\",\"datePublished\":\"2023-09-17T11:03:13+00:00\",\"dateModified\":\"2024-01-03T22:43:31+00:00\",\"mainEntityOfPage\":{\"@id\":\"https:\/\/evertonfc.cz\/index.php\/2023\/09\/17\/prestupove-leto-2023\/\"},\"wordCount\":390,\"commentCount\":291,\"publisher\":{\"@id\":\"https:\/\/evertonfc.cz\/#organization\"},\"image\":{\"@id\":\"https:\/\/evertonfc.cz\/index.php\/2023\/09\/17\/prestupove-leto-2023\/#primaryimage\"},\"thumbnailUrl\":\"https:\/\/evertonfc.cz\/wp-content\/uploads\/2023\/06\/letni_prestupy_1_6_2023.jpg\",\"articleSection\":[\"P\u0159estupy\"],\"inLanguage\":\"cs\",\"potentialAction\":[{\"@type\":\"CommentAction\",\"name\":\"Comment\",\"target\":[\"https:\/\/evertonfc.cz\/index.php\/2023\/09\/17\/prestupove-leto-2023\/#respond\"]}]},{\"@type\":\"WebPage\",\"@id\":\"https:\/\/evertonfc.cz\/index.php\/2023\/09\/17\/prestupove-leto-2023\/\",\"url\":\"https:\/\/evertonfc.cz\/index.php\/2023\/09\/17\/prestupove-leto-2023\/\",\"name\":\"P\u0159estupov\u00e9 l\u00e9to 2023 - Official Czech &amp; Slovak Everton Supporters&#039; Club\",\"isPartOf\":{\"@id\":\"https:\/\/evertonfc.cz\/#website\"},\"primaryImageOfPage\":{\"@id\":\"https:\/\/evertonfc.cz\/index.php\/2023\/09\/17\/prestupove-leto-2023\/#primaryimage\"},\"image\":{\"@id\":\"https:\/\/evertonfc.cz\/index.php\/2023\/09\/17\/prestupove-leto-2023\/#primaryimage\"},\"thumbnailUrl\":\"https:\/\/evertonfc.cz\/wp-content\/uploads\/2023\/06\/letni_prestupy_1_6_2023.jpg\",\"datePublished\":\"2023-09-17T11:03:13+00:00\",\"dateModified\":\"2024-01-03T22:43:31+00:00\",\"description\":\"Everton provedl b\u011bhem letn\u00edho p\u0159estupov\u00e9ho obdob\u00ed razantn\u00ed \u010distku ve sv\u00e9m k\u00e1dru a z\u00e1rove\u0148 p\u0159ivedl n\u011bkolik zaj\u00edmav\u00fdch hr\u00e1\u010d\u016f.\",\"breadcrumb\":{\"@id\":\"https:\/\/evertonfc.cz\/index.php\/2023\/09\/17\/prestupove-leto-2023\/#breadcrumb\"},\"inLanguage\":\"cs\",\"potentialAction\":[{\"@type\":\"ReadAction\",\"target\":[\"https:\/\/evertonfc.cz\/index.php\/2023\/09\/17\/prestupove-leto-2023\/\"]}]},{\"@type\":\"ImageObject\",\"inLanguage\":\"cs\",\"@id\":\"https:\/\/evertonfc.cz\/index.php\/2023\/09\/17\/prestupove-leto-2023\/#primaryimage\",\"url\":\"https:\/\/evertonfc.cz\/wp-content\/uploads\/2023\/06\/letni_prestupy_1_6_2023.jpg\",\"contentUrl\":\"https:\/\/evertonfc.cz\/wp-content\/uploads\/2023\/06\/letni_prestupy_1_6_2023.jpg\",\"width\":720,\"height\":405},{\"@type\":\"BreadcrumbList\",\"@id\":\"https:\/\/evertonfc.cz\/index.php\/2023\/09\/17\/prestupove-leto-2023\/#breadcrumb\",\"itemListElement\":[{\"@type\":\"ListItem\",\"position\":1,\"name\":\"Home\",\"item\":\"https:\/\/evertonfc.cz\/\"},{\"@type\":\"ListItem\",\"position\":2,\"name\":\"P\u0159estupov\u00e9 l\u00e9to 2023\"}]},{\"@type\":\"WebSite\",\"@id\":\"https:\/\/evertonfc.cz\/#website\",\"url\":\"https:\/\/evertonfc.cz\/\",\"name\":\"Official Czech &amp; Slovak Everton Supporters&#039; Club\",\"description\":\"\",\"publisher\":{\"@id\":\"https:\/\/evertonfc.cz\/#organization\"},\"potentialAction\":[{\"@type\":\"SearchAction\",\"target\":{\"@type\":\"EntryPoint\",\"urlTemplate\":\"https:\/\/evertonfc.cz\/?s={search_term_string}\"},\"query-input\":{\"@type\":\"PropertyValueSpecification\",\"valueRequired\":true,\"valueName\":\"search_term_string\"}}],\"inLanguage\":\"cs\"},{\"@type\":\"Organization\",\"@id\":\"https:\/\/evertonfc.cz\/#organization\",\"name\":\"Official Czech & Slovak Everton Supporters' Club\",\"url\":\"https:\/\/evertonfc.cz\/\",\"logo\":{\"@type\":\"ImageObject\",\"inLanguage\":\"cs\",\"@id\":\"https:\/\/evertonfc.cz\/#\/schema\/logo\/image\/\",\"url\":\"https:\/\/evertonfc.cz\/wp-content\/uploads\/2019\/05\/logo.png\",\"contentUrl\":\"https:\/\/evertonfc.cz\/wp-content\/uploads\/2019\/05\/logo.png\",\"width\":112,\"height\":112,\"caption\":\"Official Czech & Slovak Everton Supporters' Club\"},\"image\":{\"@id\":\"https:\/\/evertonfc.cz\/#\/schema\/logo\/image\/\"},\"sameAs\":[\"https:\/\/www.facebook.com\/everton.fans.cz.sk\"]},{\"@type\":\"Person\",\"@id\":\"https:\/\/evertonfc.cz\/#\/schema\/person\/f7a5daedb2ffee98480bc70e191aaef1\",\"name\":\"Ri\u010di\",\"sameAs\":[\"https:\/\/x.com\/rbrejsa\"],\"url\":\"https:\/\/evertonfc.cz\/index.php\/author\/rici\/\"}]}<\/script>\n<!-- \/ Yoast SEO plugin. -->","yoast_head_json":{"title":"P\u0159estupov\u00e9 l\u00e9to 2023 - Official Czech &amp; Slovak Everton Supporters&#039; Club","description":"Everton provedl b\u011bhem letn\u00edho p\u0159estupov\u00e9ho obdob\u00ed razantn\u00ed \u010distku ve sv\u00e9m k\u00e1dru a z\u00e1rove\u0148 p\u0159ivedl n\u011bkolik zaj\u00edmav\u00fdch hr\u00e1\u010d\u016f.","robots":{"index":"index","follow":"follow","max-snippet":"max-snippet:-1","max-image-preview":"max-image-preview:large","max-video-preview":"max-video-preview:-1"},"canonical":"https:\/\/evertonfc.cz\/index.php\/2023\/09\/17\/prestupove-leto-2023\/","og_locale":"cs_CZ","og_type":"article","og_title":"P\u0159estupov\u00e9 l\u00e9to 2023 - Official Czech &amp; Slovak Everton Supporters&#039; Club","og_description":"Everton provedl b\u011bhem letn\u00edho p\u0159estupov\u00e9ho obdob\u00ed razantn\u00ed \u010distku ve sv\u00e9m k\u00e1dru a z\u00e1rove\u0148 p\u0159ivedl n\u011bkolik zaj\u00edmav\u00fdch hr\u00e1\u010d\u016f.","og_url":"https:\/\/evertonfc.cz\/index.php\/2023\/09\/17\/prestupove-leto-2023\/","og_site_name":"Official Czech &amp; Slovak Everton Supporters&#039; Club","article_publisher":"https:\/\/www.facebook.com\/everton.fans.cz.sk","article_published_time":"2023-09-17T11:03:13+00:00","article_modified_time":"2024-01-03T22:43:31+00:00","og_image":[{"width":720,"height":405,"url":"https:\/\/evertonfc.cz\/wp-content\/uploads\/2023\/06\/letni_prestupy_1_6_2023.jpg","type":"image\/jpeg"}],"author":"Ri\u010di","twitter_card":"summary_large_image","twitter_creator":"@rbrejsa","twitter_misc":{"Napsal(a)":"Ri\u010di","Odhadovan\u00e1 doba \u010dten\u00ed":"3 minuty"},"schema":{"@context":"https:\/\/schema.org","@graph":[{"@type":"Article","@id":"https:\/\/evertonfc.cz\/index.php\/2023\/09\/17\/prestupove-leto-2023\/#article","isPartOf":{"@id":"https:\/\/evertonfc.cz\/index.php\/2023\/09\/17\/prestupove-leto-2023\/"},"author":{"name":"Ri\u010di","@id":"https:\/\/evertonfc.cz\/#\/schema\/person\/f7a5daedb2ffee98480bc70e191aaef1"},"headline":"P\u0159estupov\u00e9 l\u00e9to 2023","datePublished":"2023-09-17T11:03:13+00:00","dateModified":"2024-01-03T22:43:31+00:00","mainEntityOfPage":{"@id":"https:\/\/evertonfc.cz\/index.php\/2023\/09\/17\/prestupove-leto-2023\/"},"wordCount":390,"commentCount":291,"publisher":{"@id":"https:\/\/evertonfc.cz\/#organization"},"image":{"@id":"https:\/\/evertonfc.cz\/index.php\/2023\/09\/17\/prestupove-leto-2023\/#primaryimage"},"thumbnailUrl":"https:\/\/evertonfc.cz\/wp-content\/uploads\/2023\/06\/letni_prestupy_1_6_2023.jpg","articleSection":["P\u0159estupy"],"inLanguage":"cs","potentialAction":[{"@type":"CommentAction","name":"Comment","target":["https:\/\/evertonfc.cz\/index.php\/2023\/09\/17\/prestupove-leto-2023\/#respond"]}]},{"@type":"WebPage","@id":"https:\/\/evertonfc.cz\/index.php\/2023\/09\/17\/prestupove-leto-2023\/","url":"https:\/\/evertonfc.cz\/index.php\/2023\/09\/17\/prestupove-leto-2023\/","name":"P\u0159estupov\u00e9 l\u00e9to 2023 - Official Czech &amp; Slovak Everton Supporters&#039; Club","isPartOf":{"@id":"https:\/\/evertonfc.cz\/#website"},"primaryImageOfPage":{"@id":"https:\/\/evertonfc.cz\/index.php\/2023\/09\/17\/prestupove-leto-2023\/#primaryimage"},"image":{"@id":"https:\/\/evertonfc.cz\/index.php\/2023\/09\/17\/prestupove-leto-2023\/#primaryimage"},"thumbnailUrl":"https:\/\/evertonfc.cz\/wp-content\/uploads\/2023\/06\/letni_prestupy_1_6_2023.jpg","datePublished":"2023-09-17T11:03:13+00:00","dateModified":"2024-01-03T22:43:31+00:00","description":"Everton provedl b\u011bhem letn\u00edho p\u0159estupov\u00e9ho obdob\u00ed razantn\u00ed \u010distku ve sv\u00e9m k\u00e1dru a z\u00e1rove\u0148 p\u0159ivedl n\u011bkolik zaj\u00edmav\u00fdch hr\u00e1\u010d\u016f.","breadcrumb":{"@id":"https:\/\/evertonfc.cz\/index.php\/2023\/09\/17\/prestupove-leto-2023\/#breadcrumb"},"inLanguage":"cs","potentialAction":[{"@type":"ReadAction","target":["https:\/\/evertonfc.cz\/index.php\/2023\/09\/17\/prestupove-leto-2023\/"]}]},{"@type":"ImageObject","inLanguage":"cs","@id":"https:\/\/evertonfc.cz\/index.php\/2023\/09\/17\/prestupove-leto-2023\/#primaryimage","url":"https:\/\/evertonfc.cz\/wp-content\/uploads\/2023\/06\/letni_prestupy_1_6_2023.jpg","contentUrl":"https:\/\/evertonfc.cz\/wp-content\/uploads\/2023\/06\/letni_prestupy_1_6_2023.jpg","width":720,"height":405},{"@type":"BreadcrumbList","@id":"https:\/\/evertonfc.cz\/index.php\/2023\/09\/17\/prestupove-leto-2023\/#breadcrumb","itemListElement":[{"@type":"ListItem","position":1,"name":"Home","item":"https:\/\/evertonfc.cz\/"},{"@type":"ListItem","position":2,"name":"P\u0159estupov\u00e9 l\u00e9to 2023"}]},{"@type":"WebSite","@id":"https:\/\/evertonfc.cz\/#website","url":"https:\/\/evertonfc.cz\/","name":"Official Czech &amp; Slovak Everton Supporters&#039; Club","description":"","publisher":{"@id":"https:\/\/evertonfc.cz\/#organization"},"potentialAction":[{"@type":"SearchAction","target":{"@type":"EntryPoint","urlTemplate":"https:\/\/evertonfc.cz\/?s={search_term_string}"},"query-input":{"@type":"PropertyValueSpecification","valueRequired":true,"valueName":"search_term_string"}}],"inLanguage":"cs"},{"@type":"Organization","@id":"https:\/\/evertonfc.cz\/#organization","name":"Official Czech & Slovak Everton Supporters' Club","url":"https:\/\/evertonfc.cz\/","logo":{"@type":"ImageObject","inLanguage":"cs","@id":"https:\/\/evertonfc.cz\/#\/schema\/logo\/image\/","url":"https:\/\/evertonfc.cz\/wp-content\/uploads\/2019\/05\/logo.png","contentUrl":"https:\/\/evertonfc.cz\/wp-content\/uploads\/2019\/05\/logo.png","width":112,"height":112,"caption":"Official Czech & Slovak Everton Supporters' Club"},"image":{"@id":"https:\/\/evertonfc.cz\/#\/schema\/logo\/image\/"},"sameAs":["https:\/\/www.facebook.com\/everton.fans.cz.sk"]},{"@type":"Person","@id":"https:\/\/evertonfc.cz\/#\/schema\/person\/f7a5daedb2ffee98480bc70e191aaef1","name":"Ri\u010di","sameAs":["https:\/\/x.com\/rbrejsa"],"url":"https:\/\/evertonfc.cz\/index.php\/author\/rici\/"}]}},"_links":{"self":[{"href":"https:\/\/evertonfc.cz\/index.php\/wp-json\/wp\/v2\/posts\/21730"}],"collection":[{"href":"https:\/\/evertonfc.cz\/index.php\/wp-json\/wp\/v2\/posts"}],"about":[{"href":"https:\/\/evertonfc.cz\/index.php\/wp-json\/wp\/v2\/types\/post"}],"author":[{"embeddable":true,"href":"https:\/\/evertonfc.cz\/index.php\/wp-json\/wp\/v2\/users\/6"}],"replies":[{"embeddable":true,"href":"https:\/\/evertonfc.cz\/index.php\/wp-json\/wp\/v2\/comments?post=21730"}],"version-history":[{"count":46,"href":"https:\/\/evertonfc.cz\/index.php\/wp-json\/wp\/v2\/posts\/21730\/revisions"}],"predecessor-version":[{"id":23623,"href":"https:\/\/evertonfc.cz\/index.php\/wp-json\/wp\/v2\/posts\/21730\/revisions\/23623"}],"wp:featuredmedia":[{"embeddable":true,"href":"https:\/\/evertonfc.cz\/index.php\/wp-json\/wp\/v2\/media\/21729"}],"wp:attachment":[{"href":"https:\/\/evertonfc.cz\/index.php\/wp-json\/wp\/v2\/media?parent=21730"}],"wp:term":[{"taxonomy":"category","embeddable":true,"href":"https:\/\/evertonfc.cz\/index.php\/wp-json\/wp\/v2\/categories?post=21730"},{"taxonomy":"post_tag","embeddable":true,"href":"https:\/\/evertonfc.cz\/index.php\/wp-json\/wp\/v2\/tags?post=21730"}],"curies":[{"name":"wp","href":"https:\/\/api.w.org\/{rel}","templated":true}]}}