{"id":21759,"date":"2023-06-03T09:36:19","date_gmt":"2023-06-03T07:36:19","guid":{"rendered":"https:\/\/evertonfc.cz\/?p=21759"},"modified":"2023-06-03T15:53:19","modified_gmt":"2023-06-03T13:53:19","slug":"vyjazd-viera-v-zachranu","status":"publish","type":"post","link":"https:\/\/evertonfc.cz\/index.php\/2023\/06\/03\/vyjazd-viera-v-zachranu\/","title":{"rendered":"V\u00fdjazd: Viera v z\u00e1chranu"},"content":{"rendered":"<h4>Dosta\u0165 sa na Grand Old Lady v jej hodine najtemnej\u0161ej, to chce d\u00e1vku odvahy, pevn\u00fd charakter a \u0161tipku cestovate\u013esk\u00e9ho \u0161\u0165astia. Presne tak\u00e9to ingrediencie si namie\u0161al Mari\u00e1n, tu zn\u00e1my ako \u201egodison\u201c.<\/h4>\n<p>Veru tak, podarilo sa mi dosta\u0165 na z\u00e1vere\u010dn\u00fd z\u00e1pas sez\u00f3ny 2022\/23 &#8211; <em><strong><a href=\"https:\/\/evertonfc.cz\/index.php\/2023\/05\/30\/everton-bournemouth-10\/\">Everton vs Bournemouth (1:0)<\/a><\/strong><\/em>. Rozhodnutie bolo celkom spont\u00e1nne, so spomienkou na posledn\u00e9 dom\u00e1ce stretnutie z minulej sez\u00f3ny proti Crystal Palace. Pred rokom bolo rovnak\u00e9 v\u00e1hanie, a nakoniec verdikt, \u017ee nep\u00f4jdem do Liverpoolu s\u00e1m. Vtedy pri sledovan\u00ed onoho z\u00e1pasu som si po prvom pol\u010dase myslel, \u017ee to bolo spr\u00e1vne rozhodnutie, no po skon\u010den\u00ed&#8230;<\/p>\n<p>Pri\u0161lo na rozhovor pri pive s Lacom a Romanom, n\u00e1jdenie leteniek z Ko\u0161\u00edc, celkom lacn\u00fdch, ale rozhodnutie vtedy e\u0161te nepadlo. Potom v\u0161ak pri\u0161la inform\u00e1cia o l\u00edstkoch pre \u010dlenov fanklubu. U\u017e boli v predaji, tak som e\u0161te raz skontroloval tie letenky z Ko\u0161\u00edc \u2013 15\u20ac do Liverpoolu. OK, tam by som sa dostal sobotu poobede. Ako sa dosta\u0165 sp\u00e4\u0165? Manchester &#8211; Bratislava v pondelok ve\u010der. Nebolo \u010do rie\u0161i\u0165, letenky rezervovan\u00e9. Nesk\u00f4r som mal stresy pri n\u00e1kupe l\u00edstka. Odhodlan\u00fd, \u017ee p\u00f4jdem, som bral hocijak\u00fd l\u00edstok (nebolo ve\u013ea mo\u017enost\u00ed na v\u00fdber miesta), tak som zostal so vstupenkou na Top Balcony. A dostavilo sa uvo\u013enenie. K\u00fapa l\u00edstka do Ko\u0161\u00edc no\u010dn\u00fdm l\u00f4\u017ekov\u00fdm vlakom. Sp\u00e1nok extr\u00e9mne preru\u0161ovan\u00fd, ak to \u010dlovek neza\u017eil nepochop\u00ed. A n\u00e1sledn\u00fd presun na letisko, \u010dakanie na odlet.<\/p>\n<h4>Welcome to Liverpool!<\/h4>\n<p>Pr\u00edlet na John Lennon Airport. Hne\u010f na kontrole pasov schladenie od policajta\/coln\u00edka:<\/p>\n<ul>\n<li>Coln\u00edk: \u00a0<em>\u201eFutbal?&#8220;<\/em><\/li>\n<li>Ja: \u00a0<em>\u201e\u00c1no.&#8220;<\/em><\/li>\n<li>Coln\u00edk: \u00a0<em>\u201eKtor\u00fd t\u00edm?&#8220;<\/em><\/li>\n<li>Ja: <em>\u00a0\u201eEverton. H\u00e1dam vyhraj\u00fa.&#8220;<\/em><\/li>\n<li>Coln\u00edk: <em>\u00a0\u201eNie. \u010eal\u0161\u00ed&#8230;&#8220;<\/em><\/li>\n<\/ul>\n<p>Hovor\u00edm si dobre, toto vyzer\u00e1 odhodlane, a mesto ver\u00ed v z\u00e1chranu (samozrejme, mo\u017eno bol z opa\u010dnej strany mesta). Po ubytovan\u00ed 10 min\u00fat pe\u0161o od Goodison Parku som sa vydal do Everton One na dresy a in\u00e9 veci. Povolenie bolo len na dve veci. Dom\u00e1ci dres v mojej ve\u013ekosti nemali, tak som zobral third kit a tri\u010dko. Spokojn\u00fd som obehol e\u0161te \u0161tadi\u00f3n a n\u00e1sledne som za\u0161iel na pivo do Royal Oak. Akur\u00e1t vysielali fin\u00e1le play-off Championship, tak som zostal rovno na dve pivk\u00e1 a pozrel si z\u00e1pas. Ve\u013emi k\u013eudn\u00fd podnik, ale dalo sa vyc\u00edti\u0165, \u017ee zajtra to nebude \u017eiadna sranda. Ani pre EFC, ani pre v\u00fd\u010dapn\u00edkov za barom. Nasledoval sp\u00e1nok pred ve\u013ek\u00fdm d\u0148om.<\/p>\n<h4><em>&#8222;So get your coat on and get moving&#8230;&#8220;<\/em><\/h4>\n<p>Nasleduj\u00face r\u00e1no som sa poprech\u00e1dzal cez Stanley Park, a pre\u0161iel som sa a\u017e k ve\u017ei\u010dke Princa Ruperta. M\u00faze\u00e1 som mal prejden\u00e9, tak som sa rozhodol, \u017ee p\u00f4jdem popri rieke Mersey a\u017e k doku Bramley-Moore. Cestou som stihol prehliadku vojenskej techniky a bojov\u00e9 lode pri Museum of Liverpool. Nov\u00fd \u0161tadi\u00f3n rastie do kr\u00e1sy a vtedy som si povedal, \u017ee tu sa mus\u00ed hra\u0165 Premier League. St\u00e1le vo v\u00fdstavbe, ale bude n\u00e1dhern\u00fd.<\/p>\n<p>U\u017e sa pomaly bl\u00ed\u017eil \u010das obeda, tak som sa vydal na cestu k \u0161tadi\u00f3nu. Bolo potrebn\u00e9 dosta\u0165 nie\u010do do seba ako z\u00e1klad. Po r\u00fdchlom obede prech\u00e1dzam okolo Thomas Frost pubu, ktor\u00fd bol napchat\u00fd do prasknutia. Tak som pre\u0161iel do The Royal Oak, ktor\u00fd nebol o ni\u010d pr\u00e1zdnej\u0161\u00ed. Dal som si pivo a putoval \u010falej do The Winslow, zn\u00e1mej to ba\u0161ty Evertonians. Chv\u00ed\u013eu som pokecal s permanentk\u00e1rmi, ktor\u00ed chodia na Everton u\u017e 50 rokov (obdivuhodn\u00e9!). N\u00e1lada pred z\u00e1pasom bola \u00fa\u017easn\u00e1!<\/p>\n<div id=\"attachment_21762\" style=\"width: 730px\" class=\"wp-caption alignnone\"><img loading=\"lazy\" decoding=\"async\" aria-describedby=\"caption-attachment-21762\" class=\"wp-image-21762 size-full\" src=\"https:\/\/evertonfc.cz\/wp-content\/uploads\/2023\/06\/The-Royal-Oak-relegation-battle-by-Marian-2-6-2023.jpg\" alt=\"\" width=\"720\" height=\"405\" srcset=\"https:\/\/evertonfc.cz\/wp-content\/uploads\/2023\/06\/The-Royal-Oak-relegation-battle-by-Marian-2-6-2023.jpg 720w, https:\/\/evertonfc.cz\/wp-content\/uploads\/2023\/06\/The-Royal-Oak-relegation-battle-by-Marian-2-6-2023-300x169.jpg 300w\" sizes=\"(max-width: 720px) 100vw, 720px\" \/><p id=\"caption-attachment-21762\" class=\"wp-caption-text\">N\u00e1zorn\u00e1 uk\u00e1\u017eka zostren\u00e9ho videnia Evertonians pred\/po z\u00e1pase (?)<\/p><\/div>\n<p>Nikto nepochyboval \u017ee Everton vyhr\u00e1 (aspo\u0148 to ofici\u00e1lne nepovedal nahlas). N\u00e1sledne zahrali Spirit Of The Blues, cel\u00fd podnik spieval a radoval sa. Dosta\u0165 sa k pivu bola nad\u013eudsk\u00e1 \u00faloha. O to viac prekvapila n\u00e1v\u0161teva p\u00e1na Kevina Campbella, ktor\u00fd sa objavil vo Winslowe. Pub sa otriasal v z\u00e1kladoch a chor\u00e1ly bur\u00e1cali.<\/p>\n<p>Na ulici sa medzi\u010dasom vzduch zmenil na modr\u00fd dym a po\u010du\u0165 bolo hlavne ver\u0161e Evertonu. Dokonca som e\u0161te stihol vidie\u0165 pr\u00edchod Dominica Calverta-Lewina. Na \u0161tadi\u00f3n pri\u0161iel vo svojom tmavom Range Roveri. Nepon\u00e1h\u013eal sa ve\u013emi. Ale pre istotu som sa u\u017e vybral na svoje miesto aj ja, nako\u013eko som potreboval odhadn\u00fa\u0165 mno\u017estvo piva, aby vy\u0161la n\u00e1v\u0161teva toaliet na prest\u00e1vku. Po\u010das tak\u00e9hoto z\u00e1pasu nechcete ni\u010d preme\u0161ka\u0165.<\/p>\n<h4><em>&#8222;&#8230;cos we don\u2019t know the meaning of losing&#8220;<\/em><\/h4>\n<p>\u0160tadi\u00f3n bur\u00e1cal, hr\u00e1\u010di sa rozohrievali a fan\u00fa\u0161ikovia ich poh\u00e1\u0148ali vpred. Ka\u017ed\u00fd okolo mal nachystan\u00e9 live sk\u00f3re z r\u00f4znych aplik\u00e1cii, aby sa odsledoval Leeds a Leicester. N\u00e1sledne zaznelo Z-Cars a \u0161tadi\u00f3n vybuchol! Zimomriavky. Teraz u\u017e ka\u017ed\u00fd veril v z\u00e1chranu (okrem hos\u0165uj\u00facich fan\u00fa\u0161ikov).<\/p>\n<p>Po\u010das z\u00e1pasu som zostarol zhruba asi o 10 rokov, hlavne s inform\u00e1ciami o stave v Leicesteri, a Everton nie a nie da\u0165 g\u00f3l. A\u017e do momentu, ke\u010f Doucour\u00e9 napriahol spoza \u0161estn\u00e1stky, lopta zrazu v sieti a Travers ostal len \u0161tatistom. Obrovsk\u00e9 em\u00f3cie, ka\u017ed\u00fd sa radoval. Najviac asi fan\u00fa\u0161ik v bielom, ktor\u00fd sa rozhodol te\u0161i\u0165 s hr\u00e1\u010dmi \u2013 \u010do asi nebol dobr\u00fd n\u00e1pad, nako\u013eko policajt mu uk\u00e1zal p\u00e1r chmatov a u\u017e sa neobjavil\u2026<\/p>\n<p>Nadstaven\u00fd \u010das sa rozhodne nestretol s pochopen\u00edm na trib\u00fanach. P\u00e1n ved\u013ea ak by nebol ple\u0161at\u00fd, tak znovu pr\u00edde o vlasy. N\u00e1sledne zaznel hvizd a \u010fal\u0161ia erupcia radosti. Everton to dok\u00e1zal! Neuverite\u013en\u00e1 rados\u0165, od\u013eahnutie a pokoj. Samozrejmos\u0165ou bolo vybehnutie fan\u00fa\u0161ikov na hraciu plochu a snaha oslavova\u0165 s\u00a0hr\u00e1\u010dmi.<img loading=\"lazy\" decoding=\"async\" class=\"alignnone size-full wp-image-21760\" src=\"https:\/\/evertonfc.cz\/wp-content\/uploads\/2023\/06\/Everton-1-0-Bournemouth-relegation-battle-by-Marian-2-6-2023-2.jpg\" alt=\"\" width=\"720\" height=\"405\" srcset=\"https:\/\/evertonfc.cz\/wp-content\/uploads\/2023\/06\/Everton-1-0-Bournemouth-relegation-battle-by-Marian-2-6-2023-2.jpg 720w, https:\/\/evertonfc.cz\/wp-content\/uploads\/2023\/06\/Everton-1-0-Bournemouth-relegation-battle-by-Marian-2-6-2023-2-300x169.jpg 300w\" sizes=\"(max-width: 720px) 100vw, 720px\" \/>Av\u0161ak t\u00ed sa v\u0161etci ve\u013emi r\u00fdchlo schovali za SBS. Tento \u00fakaz vo mne zanechal trochu negat\u00edvny pocit, lebo ak sa dospel\u00fd \u010dlovek rozhodne, \u017ee poru\u0161\u00ed pravidl\u00e1 a m\u00f4\u017ee dosta\u0165 z\u00e1kaz na z\u00e1pasy Evertonu, je to jeho rozhodnutie. No beha\u0165 tam s de\u0165mi mi pri\u0161lo dos\u0165 ne\u0161\u0165astn\u00e9, a mysl\u00edm \u017ee tak\u00e9to spr\u00e1vanie by nemalo by\u0165 glorifikovan\u00e9. Taktie\u017e nebolo \u017eiadne po\u010fakovanie hr\u00e1\u010dov, hlavne kv\u00f4li bezpe\u010dnosti. Jeden p\u00e1n sa tam nepohodol s bezpe\u010dnostn\u00fdmi zlo\u017ekami na \u0161tadi\u00f3ne, a piati chlapi ho zobrali nohami napred. Ten asi EFC najbli\u017e\u0161ie uvid\u00ed len v telev\u00edzii.<\/p>\n<h4><em>&#8222;We never shone so brightly&#8220;<\/em><\/h4>\n<p>Po z\u00e1pase bolo na ka\u017edej ulici, kam sa \u010dlovek vybral, mno\u017estvo fan\u00fa\u0161ikov oslavuj\u00facich z\u00e1chranu. Spievali sa chor\u00e1ly, ve\u013ea sa aj pilo, a sem tam bola aj svetlica. Dosta\u0165 sa v\u0161ak k pivu v podniku u\u017e bolo nemo\u017en\u00e9, masy spokojn\u00e9 s v\u00fdsledkom nechceli \u00eds\u0165 domov a blokovali ulice. Pre aut\u00e1, ktor\u00e9 sa rozhodli \u00eds\u0165 okolo, nemo\u017en\u00e1 \u00faloha prejs\u0165. Najkraj\u0161ie po ceste na hotel boli aut\u00e1 tr\u00fabiace a oslavuj\u00face Everton, a to aj tri hodiny po z\u00e1pase. E\u0161te ve\u010der som si v hlave prehr\u00e1val cel\u00fd de\u0148 a dlho som nemohol zaspa\u0165. Ka\u017ed\u00fd z\u00e1pas Evertonu m\u00e1 nie\u010do do seba, niektor\u00e9 viac, niektor\u00e9 menej. Ale ten z\u00e1\u017eitok po\u010du\u0165 a spieva\u0165 chor\u00e1ly s ostatn\u00fdmi fan\u00fa\u0161ikmi, zatia\u013e \u010do \u010dlovek sleduje svojich hrdinov na ploche, to je na ve\u010dnos\u0165&#8230;<\/p>\n<p>Pre fan\u00fa\u0161ikov, \u010do v\u00e1haj\u00fa, cel\u00fd v\u00edkend a v\u0161etko spojen\u00e9 s v\u00fdletom ma vy\u0161lo na 300\u20ac, a st\u00e1lo to za ka\u017ed\u00e9 jedno euro!<\/p>\n<h3 style=\"text-align: center;\"><span style=\"color: #3366ff;\"><em><strong>Come on you Blues !!!<\/strong><\/em><\/span><\/h3>\n","protected":false},"excerpt":{"rendered":"<p>Dosta\u0165 sa na Grand Old Lady v jej hodine najtemnej\u0161ej, to chce d\u00e1vku odvahy, pevn\u00fd charakter a \u0161tipku cestovate\u013esk\u00e9ho \u0161\u0165astia. Presne tak\u00e9to ingrediencie si namie\u0161al Mari\u00e1n, tu zn\u00e1my ako \u201egodison\u201c.<\/p>\n","protected":false},"author":15,"featured_media":21761,"comment_status":"open","ping_status":"closed","sticky":false,"template":"","format":"standard","meta":{"_eb_attr":"","_monsterinsights_skip_tracking":false,"_monsterinsights_sitenote_active":false,"_monsterinsights_sitenote_note":"","_monsterinsights_sitenote_category":0,"footnotes":""},"categories":[39,85],"tags":[],"yoast_head":"<!-- This site is optimized with the Yoast SEO plugin v23.4 - https:\/\/yoast.com\/wordpress\/plugins\/seo\/ -->\n<title>V\u00fdjazd: Viera v z\u00e1chranu - Official Czech &amp; Slovak Everton Supporters&#039; Club<\/title>\n<meta name=\"robots\" content=\"index, follow, max-snippet:-1, max-image-preview:large, max-video-preview:-1\" \/>\n<link rel=\"canonical\" href=\"https:\/\/evertonfc.cz\/index.php\/2023\/06\/03\/vyjazd-viera-v-zachranu\/\" \/>\n<meta property=\"og:locale\" content=\"cs_CZ\" \/>\n<meta property=\"og:type\" content=\"article\" \/>\n<meta property=\"og:title\" content=\"V\u00fdjazd: Viera v z\u00e1chranu - Official Czech &amp; Slovak Everton Supporters&#039; Club\" \/>\n<meta property=\"og:description\" content=\"Dosta\u0165 sa na Grand Old Lady v jej hodine najtemnej\u0161ej, to chce d\u00e1vku odvahy, pevn\u00fd charakter a \u0161tipku cestovate\u013esk\u00e9ho \u0161\u0165astia. Presne tak\u00e9to ingrediencie si namie\u0161al Mari\u00e1n, tu zn\u00e1my ako \u201egodison\u201c.\" \/>\n<meta property=\"og:url\" content=\"https:\/\/evertonfc.cz\/index.php\/2023\/06\/03\/vyjazd-viera-v-zachranu\/\" \/>\n<meta property=\"og:site_name\" content=\"Official Czech &amp; Slovak Everton Supporters&#039; Club\" \/>\n<meta property=\"article:publisher\" content=\"https:\/\/www.facebook.com\/everton.fans.cz.sk\" \/>\n<meta property=\"article:published_time\" content=\"2023-06-03T07:36:19+00:00\" \/>\n<meta property=\"article:modified_time\" content=\"2023-06-03T13:53:19+00:00\" \/>\n<meta property=\"og:image\" content=\"https:\/\/evertonfc.cz\/wp-content\/uploads\/2023\/06\/Everton-1-0-Bournemouth-relegation-battle-by-Marian-2-6-2023.jpg\" \/>\n\t<meta property=\"og:image:width\" content=\"720\" \/>\n\t<meta property=\"og:image:height\" content=\"405\" \/>\n\t<meta property=\"og:image:type\" content=\"image\/jpeg\" \/>\n<meta name=\"author\" content=\"godison\" \/>\n<meta name=\"twitter:card\" content=\"summary_large_image\" \/>\n<meta name=\"twitter:label1\" content=\"Napsal(a)\" \/>\n\t<meta name=\"twitter:data1\" content=\"godison\" \/>\n\t<meta name=\"twitter:label2\" content=\"Odhadovan\u00e1 doba \u010dten\u00ed\" \/>\n\t<meta name=\"twitter:data2\" content=\"7 minut\" \/>\n<script type=\"application\/ld+json\" class=\"yoast-schema-graph\">{\"@context\":\"https:\/\/schema.org\",\"@graph\":[{\"@type\":\"Article\",\"@id\":\"https:\/\/evertonfc.cz\/index.php\/2023\/06\/03\/vyjazd-viera-v-zachranu\/#article\",\"isPartOf\":{\"@id\":\"https:\/\/evertonfc.cz\/index.php\/2023\/06\/03\/vyjazd-viera-v-zachranu\/\"},\"author\":{\"name\":\"godison\",\"@id\":\"https:\/\/evertonfc.cz\/#\/schema\/person\/5e61a26225772ae05efffb12db6f43bb\"},\"headline\":\"V\u00fdjazd: Viera v z\u00e1chranu\",\"datePublished\":\"2023-06-03T07:36:19+00:00\",\"dateModified\":\"2023-06-03T13:53:19+00:00\",\"mainEntityOfPage\":{\"@id\":\"https:\/\/evertonfc.cz\/index.php\/2023\/06\/03\/vyjazd-viera-v-zachranu\/\"},\"wordCount\":1306,\"commentCount\":3,\"publisher\":{\"@id\":\"https:\/\/evertonfc.cz\/#organization\"},\"image\":{\"@id\":\"https:\/\/evertonfc.cz\/index.php\/2023\/06\/03\/vyjazd-viera-v-zachranu\/#primaryimage\"},\"thumbnailUrl\":\"https:\/\/evertonfc.cz\/wp-content\/uploads\/2023\/06\/Everton-1-0-Bournemouth-relegation-battle-by-Marian-2-6-2023.jpg\",\"articleSection\":[\"Blog\",\"Supporters' Club\"],\"inLanguage\":\"cs\",\"potentialAction\":[{\"@type\":\"CommentAction\",\"name\":\"Comment\",\"target\":[\"https:\/\/evertonfc.cz\/index.php\/2023\/06\/03\/vyjazd-viera-v-zachranu\/#respond\"]}]},{\"@type\":\"WebPage\",\"@id\":\"https:\/\/evertonfc.cz\/index.php\/2023\/06\/03\/vyjazd-viera-v-zachranu\/\",\"url\":\"https:\/\/evertonfc.cz\/index.php\/2023\/06\/03\/vyjazd-viera-v-zachranu\/\",\"name\":\"V\u00fdjazd: Viera v z\u00e1chranu - Official Czech &amp; Slovak Everton Supporters&#039; Club\",\"isPartOf\":{\"@id\":\"https:\/\/evertonfc.cz\/#website\"},\"primaryImageOfPage\":{\"@id\":\"https:\/\/evertonfc.cz\/index.php\/2023\/06\/03\/vyjazd-viera-v-zachranu\/#primaryimage\"},\"image\":{\"@id\":\"https:\/\/evertonfc.cz\/index.php\/2023\/06\/03\/vyjazd-viera-v-zachranu\/#primaryimage\"},\"thumbnailUrl\":\"https:\/\/evertonfc.cz\/wp-content\/uploads\/2023\/06\/Everton-1-0-Bournemouth-relegation-battle-by-Marian-2-6-2023.jpg\",\"datePublished\":\"2023-06-03T07:36:19+00:00\",\"dateModified\":\"2023-06-03T13:53:19+00:00\",\"breadcrumb\":{\"@id\":\"https:\/\/evertonfc.cz\/index.php\/2023\/06\/03\/vyjazd-viera-v-zachranu\/#breadcrumb\"},\"inLanguage\":\"cs\",\"potentialAction\":[{\"@type\":\"ReadAction\",\"target\":[\"https:\/\/evertonfc.cz\/index.php\/2023\/06\/03\/vyjazd-viera-v-zachranu\/\"]}]},{\"@type\":\"ImageObject\",\"inLanguage\":\"cs\",\"@id\":\"https:\/\/evertonfc.cz\/index.php\/2023\/06\/03\/vyjazd-viera-v-zachranu\/#primaryimage\",\"url\":\"https:\/\/evertonfc.cz\/wp-content\/uploads\/2023\/06\/Everton-1-0-Bournemouth-relegation-battle-by-Marian-2-6-2023.jpg\",\"contentUrl\":\"https:\/\/evertonfc.cz\/wp-content\/uploads\/2023\/06\/Everton-1-0-Bournemouth-relegation-battle-by-Marian-2-6-2023.jpg\",\"width\":720,\"height\":405},{\"@type\":\"BreadcrumbList\",\"@id\":\"https:\/\/evertonfc.cz\/index.php\/2023\/06\/03\/vyjazd-viera-v-zachranu\/#breadcrumb\",\"itemListElement\":[{\"@type\":\"ListItem\",\"position\":1,\"name\":\"Home\",\"item\":\"https:\/\/evertonfc.cz\/\"},{\"@type\":\"ListItem\",\"position\":2,\"name\":\"V\u00fdjazd: Viera v z\u00e1chranu\"}]},{\"@type\":\"WebSite\",\"@id\":\"https:\/\/evertonfc.cz\/#website\",\"url\":\"https:\/\/evertonfc.cz\/\",\"name\":\"Official Czech &amp; Slovak Everton Supporters&#039; Club\",\"description\":\"\",\"publisher\":{\"@id\":\"https:\/\/evertonfc.cz\/#organization\"},\"potentialAction\":[{\"@type\":\"SearchAction\",\"target\":{\"@type\":\"EntryPoint\",\"urlTemplate\":\"https:\/\/evertonfc.cz\/?s={search_term_string}\"},\"query-input\":{\"@type\":\"PropertyValueSpecification\",\"valueRequired\":true,\"valueName\":\"search_term_string\"}}],\"inLanguage\":\"cs\"},{\"@type\":\"Organization\",\"@id\":\"https:\/\/evertonfc.cz\/#organization\",\"name\":\"Official Czech & Slovak Everton Supporters' Club\",\"url\":\"https:\/\/evertonfc.cz\/\",\"logo\":{\"@type\":\"ImageObject\",\"inLanguage\":\"cs\",\"@id\":\"https:\/\/evertonfc.cz\/#\/schema\/logo\/image\/\",\"url\":\"https:\/\/evertonfc.cz\/wp-content\/uploads\/2019\/05\/logo.png\",\"contentUrl\":\"https:\/\/evertonfc.cz\/wp-content\/uploads\/2019\/05\/logo.png\",\"width\":112,\"height\":112,\"caption\":\"Official Czech & Slovak Everton Supporters' Club\"},\"image\":{\"@id\":\"https:\/\/evertonfc.cz\/#\/schema\/logo\/image\/\"},\"sameAs\":[\"https:\/\/www.facebook.com\/everton.fans.cz.sk\"]},{\"@type\":\"Person\",\"@id\":\"https:\/\/evertonfc.cz\/#\/schema\/person\/5e61a26225772ae05efffb12db6f43bb\",\"name\":\"godison\",\"url\":\"https:\/\/evertonfc.cz\/index.php\/author\/godison\/\"}]}<\/script>\n<!-- \/ Yoast SEO plugin. -->","yoast_head_json":{"title":"V\u00fdjazd: Viera v z\u00e1chranu - Official Czech &amp; Slovak Everton Supporters&#039; Club","robots":{"index":"index","follow":"follow","max-snippet":"max-snippet:-1","max-image-preview":"max-image-preview:large","max-video-preview":"max-video-preview:-1"},"canonical":"https:\/\/evertonfc.cz\/index.php\/2023\/06\/03\/vyjazd-viera-v-zachranu\/","og_locale":"cs_CZ","og_type":"article","og_title":"V\u00fdjazd: Viera v z\u00e1chranu - Official Czech &amp; Slovak Everton Supporters&#039; Club","og_description":"Dosta\u0165 sa na Grand Old Lady v jej hodine najtemnej\u0161ej, to chce d\u00e1vku odvahy, pevn\u00fd charakter a \u0161tipku cestovate\u013esk\u00e9ho \u0161\u0165astia. Presne tak\u00e9to ingrediencie si namie\u0161al Mari\u00e1n, tu zn\u00e1my ako \u201egodison\u201c.","og_url":"https:\/\/evertonfc.cz\/index.php\/2023\/06\/03\/vyjazd-viera-v-zachranu\/","og_site_name":"Official Czech &amp; Slovak Everton Supporters&#039; Club","article_publisher":"https:\/\/www.facebook.com\/everton.fans.cz.sk","article_published_time":"2023-06-03T07:36:19+00:00","article_modified_time":"2023-06-03T13:53:19+00:00","og_image":[{"width":720,"height":405,"url":"https:\/\/evertonfc.cz\/wp-content\/uploads\/2023\/06\/Everton-1-0-Bournemouth-relegation-battle-by-Marian-2-6-2023.jpg","type":"image\/jpeg"}],"author":"godison","twitter_card":"summary_large_image","twitter_misc":{"Napsal(a)":"godison","Odhadovan\u00e1 doba \u010dten\u00ed":"7 minut"},"schema":{"@context":"https:\/\/schema.org","@graph":[{"@type":"Article","@id":"https:\/\/evertonfc.cz\/index.php\/2023\/06\/03\/vyjazd-viera-v-zachranu\/#article","isPartOf":{"@id":"https:\/\/evertonfc.cz\/index.php\/2023\/06\/03\/vyjazd-viera-v-zachranu\/"},"author":{"name":"godison","@id":"https:\/\/evertonfc.cz\/#\/schema\/person\/5e61a26225772ae05efffb12db6f43bb"},"headline":"V\u00fdjazd: Viera v z\u00e1chranu","datePublished":"2023-06-03T07:36:19+00:00","dateModified":"2023-06-03T13:53:19+00:00","mainEntityOfPage":{"@id":"https:\/\/evertonfc.cz\/index.php\/2023\/06\/03\/vyjazd-viera-v-zachranu\/"},"wordCount":1306,"commentCount":3,"publisher":{"@id":"https:\/\/evertonfc.cz\/#organization"},"image":{"@id":"https:\/\/evertonfc.cz\/index.php\/2023\/06\/03\/vyjazd-viera-v-zachranu\/#primaryimage"},"thumbnailUrl":"https:\/\/evertonfc.cz\/wp-content\/uploads\/2023\/06\/Everton-1-0-Bournemouth-relegation-battle-by-Marian-2-6-2023.jpg","articleSection":["Blog","Supporters' Club"],"inLanguage":"cs","potentialAction":[{"@type":"CommentAction","name":"Comment","target":["https:\/\/evertonfc.cz\/index.php\/2023\/06\/03\/vyjazd-viera-v-zachranu\/#respond"]}]},{"@type":"WebPage","@id":"https:\/\/evertonfc.cz\/index.php\/2023\/06\/03\/vyjazd-viera-v-zachranu\/","url":"https:\/\/evertonfc.cz\/index.php\/2023\/06\/03\/vyjazd-viera-v-zachranu\/","name":"V\u00fdjazd: Viera v z\u00e1chranu - Official Czech &amp; Slovak Everton Supporters&#039; Club","isPartOf":{"@id":"https:\/\/evertonfc.cz\/#website"},"primaryImageOfPage":{"@id":"https:\/\/evertonfc.cz\/index.php\/2023\/06\/03\/vyjazd-viera-v-zachranu\/#primaryimage"},"image":{"@id":"https:\/\/evertonfc.cz\/index.php\/2023\/06\/03\/vyjazd-viera-v-zachranu\/#primaryimage"},"thumbnailUrl":"https:\/\/evertonfc.cz\/wp-content\/uploads\/2023\/06\/Everton-1-0-Bournemouth-relegation-battle-by-Marian-2-6-2023.jpg","datePublished":"2023-06-03T07:36:19+00:00","dateModified":"2023-06-03T13:53:19+00:00","breadcrumb":{"@id":"https:\/\/evertonfc.cz\/index.php\/2023\/06\/03\/vyjazd-viera-v-zachranu\/#breadcrumb"},"inLanguage":"cs","potentialAction":[{"@type":"ReadAction","target":["https:\/\/evertonfc.cz\/index.php\/2023\/06\/03\/vyjazd-viera-v-zachranu\/"]}]},{"@type":"ImageObject","inLanguage":"cs","@id":"https:\/\/evertonfc.cz\/index.php\/2023\/06\/03\/vyjazd-viera-v-zachranu\/#primaryimage","url":"https:\/\/evertonfc.cz\/wp-content\/uploads\/2023\/06\/Everton-1-0-Bournemouth-relegation-battle-by-Marian-2-6-2023.jpg","contentUrl":"https:\/\/evertonfc.cz\/wp-content\/uploads\/2023\/06\/Everton-1-0-Bournemouth-relegation-battle-by-Marian-2-6-2023.jpg","width":720,"height":405},{"@type":"BreadcrumbList","@id":"https:\/\/evertonfc.cz\/index.php\/2023\/06\/03\/vyjazd-viera-v-zachranu\/#breadcrumb","itemListElement":[{"@type":"ListItem","position":1,"name":"Home","item":"https:\/\/evertonfc.cz\/"},{"@type":"ListItem","position":2,"name":"V\u00fdjazd: Viera v z\u00e1chranu"}]},{"@type":"WebSite","@id":"https:\/\/evertonfc.cz\/#website","url":"https:\/\/evertonfc.cz\/","name":"Official Czech &amp; Slovak Everton Supporters&#039; Club","description":"","publisher":{"@id":"https:\/\/evertonfc.cz\/#organization"},"potentialAction":[{"@type":"SearchAction","target":{"@type":"EntryPoint","urlTemplate":"https:\/\/evertonfc.cz\/?s={search_term_string}"},"query-input":{"@type":"PropertyValueSpecification","valueRequired":true,"valueName":"search_term_string"}}],"inLanguage":"cs"},{"@type":"Organization","@id":"https:\/\/evertonfc.cz\/#organization","name":"Official Czech & Slovak Everton Supporters' Club","url":"https:\/\/evertonfc.cz\/","logo":{"@type":"ImageObject","inLanguage":"cs","@id":"https:\/\/evertonfc.cz\/#\/schema\/logo\/image\/","url":"https:\/\/evertonfc.cz\/wp-content\/uploads\/2019\/05\/logo.png","contentUrl":"https:\/\/evertonfc.cz\/wp-content\/uploads\/2019\/05\/logo.png","width":112,"height":112,"caption":"Official Czech & Slovak Everton Supporters' Club"},"image":{"@id":"https:\/\/evertonfc.cz\/#\/schema\/logo\/image\/"},"sameAs":["https:\/\/www.facebook.com\/everton.fans.cz.sk"]},{"@type":"Person","@id":"https:\/\/evertonfc.cz\/#\/schema\/person\/5e61a26225772ae05efffb12db6f43bb","name":"godison","url":"https:\/\/evertonfc.cz\/index.php\/author\/godison\/"}]}},"_links":{"self":[{"href":"https:\/\/evertonfc.cz\/index.php\/wp-json\/wp\/v2\/posts\/21759"}],"collection":[{"href":"https:\/\/evertonfc.cz\/index.php\/wp-json\/wp\/v2\/posts"}],"about":[{"href":"https:\/\/evertonfc.cz\/index.php\/wp-json\/wp\/v2\/types\/post"}],"author":[{"embeddable":true,"href":"https:\/\/evertonfc.cz\/index.php\/wp-json\/wp\/v2\/users\/15"}],"replies":[{"embeddable":true,"href":"https:\/\/evertonfc.cz\/index.php\/wp-json\/wp\/v2\/comments?post=21759"}],"version-history":[{"count":8,"href":"https:\/\/evertonfc.cz\/index.php\/wp-json\/wp\/v2\/posts\/21759\/revisions"}],"predecessor-version":[{"id":21770,"href":"https:\/\/evertonfc.cz\/index.php\/wp-json\/wp\/v2\/posts\/21759\/revisions\/21770"}],"wp:featuredmedia":[{"embeddable":true,"href":"https:\/\/evertonfc.cz\/index.php\/wp-json\/wp\/v2\/media\/21761"}],"wp:attachment":[{"href":"https:\/\/evertonfc.cz\/index.php\/wp-json\/wp\/v2\/media?parent=21759"}],"wp:term":[{"taxonomy":"category","embeddable":true,"href":"https:\/\/evertonfc.cz\/index.php\/wp-json\/wp\/v2\/categories?post=21759"},{"taxonomy":"post_tag","embeddable":true,"href":"https:\/\/evertonfc.cz\/index.php\/wp-json\/wp\/v2\/tags?post=21759"}],"curies":[{"name":"wp","href":"https:\/\/api.w.org\/{rel}","templated":true}]}}