{"id":2176,"date":"2018-03-13T14:20:31","date_gmt":"2018-03-13T13:20:31","guid":{"rendered":"http:\/\/evertonfc.cz\/?p=2176"},"modified":"2020-05-14T12:22:54","modified_gmt":"2020-05-14T10:22:54","slug":"drazba-dresu-efc-podpisaneho-yannickom-bolasiem","status":"publish","type":"post","link":"https:\/\/evertonfc.cz\/index.php\/2018\/03\/13\/drazba-dresu-efc-podpisaneho-yannickom-bolasiem\/","title":{"rendered":"Dra\u017eba dresu EFC podp\u00edsan\u00e9ho Yannickom Bolasiem"},"content":{"rendered":"\r\n<h4 class=\"wp-block-heading\">Everton postupne zlep\u0161uje svoj servis pre ofici\u00e1lne kluby podporovate\u013eov. Okrem viacer\u00fdch nov\u00fdch v\u00fdhod od tejto sez\u00f3ny, n\u00e1m za\u010dali zasiela\u0165 mal\u00e9 pozornosti a\u00a0tentokr\u00e1t (po nieko\u013ek\u00fdch rokoch nenaplnen\u00fdch pr\u00eds\u013eubov) aj podp\u00edsan\u00fd suven\u00edr\u00a0\u2013 dres hr\u00e1\u010da EFC, Yannicka Bolasieho. Ako ho m\u00f4\u017eete z\u00edska\u0165?<\/h4>\r\n\r\n\r\n\r\n<p>Ako je t\u00e1to sez\u00f3na pr\u00ed\u0161ern\u00e1 na ihrisku, tak skvel\u00e1 je z\u00a0h\u013eadiska servisu pracovn\u00edkov Evertonu, ktor\u00ed maj\u00fa na staros\u0165 ofici\u00e1lne kluby podporovate\u013eov \u010di \u010dlenov EFC. Napr\u00edklad:<\/p>\r\n\r\n\r\n\r\n<p>&#8211; V\u00a0lete sme exkluz\u00edvne z\u00edskali 14 l\u00edstkov na z\u00e1pas s\u00a0Ru\u017eomberkom, priamo do away sektoru Evertonians.<\/p>\r\n\r\n\r\n\r\n<p>&#8211; Pred viano\u010dn\u00fdmi sviatkami n\u00e1m zaslali 8 sviato\u010dn\u00fdch poh\u013eadn\u00edc podp\u00edsan\u00fdch hr\u00e1\u010dmi EFC, tie preposielam autorom \u010dl\u00e1nkov na na\u0161ej str\u00e1nke za ich pr\u00e1cu a\u00a0najakt\u00edvnej\u0161\u00edm prispievate\u013eom koment\u00e1rov. Ak by niekomu z\u00a0\u010dlenov n\u00e1\u0161ho SC, ktor\u00fd nep\u00ed\u0161e \u010dl\u00e1nky na n\u00e1\u0161 web a\u00a0ani mnoho koment\u00e1rov, pri\u0161lo \u013e\u00fato, \u017ee sa mu neu\u0161la poh\u013eadnica, nech d\u00e1 vedie\u0165, po\u0161lem mu svoju \ud83d\ude09<\/p>\r\n\r\n\r\n\r\n<p>&#8211; Na nov\u00fd rok n\u00e1m poslali aj pr\u00e1zdne karti\u010dky s\u00a0mot\u00edvom EFC, taktie\u017e ich preposielame v\u0161etk\u00fdm akt\u00edvnym Evertonians (ale ne\u010dakajte od nej mnoho, je to jednoduch\u00e1 nepodp\u00edsan\u00e1 karti\u010dka).<\/p>\r\n\r\n\r\n\r\n<p>Najcennej\u0161\u00ed suven\u00edr n\u00e1m ale bol zaslan\u00fd v\u00a0t\u00fdchto d\u0148och\u00a0\u2013 dres Evertonu z\u00a0tejto sez\u00f3ny podp\u00edsan\u00fd Yannickom Bolasiem. Jeho fotografie n\u00e1jdete na konci \u010dl\u00e1nku. Dilemou bolo, komu ho da\u0165, na z\u00e1klade ak\u00fdch krit\u00e9ri\u00ed, ako s\u00a0n\u00edm nalo\u017ei\u0165 a\u00a0za ak\u00fdm \u00fa\u010delom.<\/p>\r\n\r\n\r\n\r\n<p>Ke\u010f\u017ee Everton je charakteristick\u00fd tak svojimi pionierskymi iniciat\u00edvami (ako prv\u00fd klub zav\u00e1dzal do futbalu mnoho zlep\u0161en\u00ed, noviniek v\u00a0mnoh\u00fdch veciach, ktor\u00e9 s\u00fa dnes u\u017e samozrejmou s\u00fa\u010das\u0165ou futbalu) ako aj\u00a0 jednou z\u00a0najlep\u0161\u00edch \u0161portov\u00fdch char\u00edt na svete (Everton in the Community) a\u00a0etika st\u00e1la v\u00a0Evertone v\u017edy vysoko (zamestnanie S. Allardycea je do\u010dasn\u00e1 v\u00fdnimo\u010dn\u00e1 chyba, to teraz nechajme bokom). Preto sme sa rozhodli, \u017ee ho vydra\u017e\u00edme pre dobro\u010dinn\u00e9 \u00fa\u010dely, spolu s\u00a0malou zbierkou. Ale hlavne to rob\u00edme preto, \u017ee je to spr\u00e1vne. U\u017e ke\u010f m\u00ed\u0148ame \u010das a\u00a0peniaze na tak\u00e9 zvl\u00e1\u0161tne a\u00a0relat\u00edvne nie ve\u013emi zmyslupln\u00e9 hobby ak\u00fdm je fandenie \u0161portov\u00e9mu klubu v\u00a0inej krajine vzdialen\u00e9mu 2000 km (nech na to m\u00e1me ak\u00e9ko\u013evek \u0161pecifick\u00e9 \u010di hlb\u0161ie d\u00f4vody), vy\u0165a\u017eme z\u00a0toho aspo\u0148 nejak\u00e9 prostriedky a\u00a0venujme ich t\u00fdm, ktor\u00ed potrebuj\u00fa pomoc.<\/p>\r\n\r\n\r\n\r\n<p>Z\u00e1rove\u0148 t\u00fdm zaklad\u00e1me trad\u00edciu\u00a0\u2013 tak\u00fato aktivitu sprav\u00edme v\u00a0ka\u017edej sez\u00f3ne, pri\u010dom jeden rok venujeme v\u00fd\u0165a\u017eok na dobro\u010dinn\u00e9 \u00fa\u010dely v\u00a0\u010ceskej republike, druh\u00fd na Slovensku. Charitu si v\u017edy vyberieme v\u00a0diskusii (t\u00e1 charita, ktor\u00e1 z\u00edska najviac hlasov, obdr\u017e\u00ed n\u00e1\u0161 v\u00fd\u0165a\u017eok z\u00a0dra\u017eby resp. zbierky). D\u00fafam, \u017ee diskusia bude vecn\u00e1 a\u00a0neutop\u00edme sa v\u00a0diskusi\u00e1ch o\u00a0tom, ktor\u00e1 charita je potrebnej\u0161ia. \u017dia\u013e, aj v\u00a0dne\u0161nom svete, napriek v\u0161etk\u00e9mu pokroku, je st\u00e1le mno\u017estvo ve\u013emi v\u00e1\u017enych probl\u00e9mov a\u00a0\u013eud\u00ed, ktor\u00ed pomoc naliehavo potrebuj\u00fa. Z\u00a0m\u00f4jho poh\u013eadu je v\u00a0z\u00e1sade jedno, ktorej zmysluplnej charite za\u0161leme pr\u00edspevok, hlavne to spravme.<\/p>\r\n\r\n\r\n\r\n<p>Predstava je tak\u00e1, \u017ee najsk\u00f4r vyberieme dobro\u010dinn\u00fa organiz\u00e1ciu, ktorej za\u0161leme peniaze, a\u00a0potom prebehne \u010dasovo vopred vymedzen\u00e1 dra\u017eba. Ten, kto do ur\u010den\u00e9ho term\u00ednu pon\u00fakne najvy\u0161\u0161iu sumu, z\u00edska dres EFC s\u00a0podpisom Y. Bolasieho. Z\u00e1rove\u0148 k\u00a0danej sume bude m\u00f4c\u0165 ka\u017ed\u00fd prispie\u0165 dobrovo\u013en\u00fdm pr\u00edspevkom, aby sme dan\u00fa sumu e\u0161te trochu zv\u00fd\u0161ili a\u00a0venovali aspo\u0148 ak\u00fa tak\u00fa sumu.<\/p>\r\n\r\n\r\n\r\n<p>N\u00e1vrh, komu zasla\u0165 v\u00fd\u0165a\u017eok v\u00a0tejto sez\u00f3ne dal Duch Abum v\u00a0diskusii k\u00a0pr\u00edprave tohto \u010dl\u00e1nku \u2013 ide o neziskov\u00fa organiz\u00e1ciu \u201eN\u00e1vrat\u201c, ktor\u00e1 presadzuje a podporuje n\u00e1vrat opusten\u00fdch det\u00ed z detsk\u00fdch domovov do rod\u00edn\u00a0\u2013\u00a0<a href=\"http:\/\/www.navrat.sk\/\" target=\"_blank\" rel=\"noreferrer noopener\"><strong>www.navrat.sk<\/strong><\/a>. Ak je v\u0161ak niekto presved\u010den\u00fd, \u017ee to mus\u00ed by\u0165 in\u00e1 dobro\u010dinn\u00e1 in\u0161tit\u00facia, m\u00f4\u017eete nap\u00edsa\u0165 svoj n\u00e1vrh. N\u00e1vrh s\u00a0najv\u00e4\u010d\u0161\u00edm po\u010dtom hlasov z\u00edska v\u00fd\u0165a\u017eok.<\/p>\r\n\r\n\r\n\r\n<p><strong>Term\u00edn na diskusiu o\u00a0tom, akej charite<\/strong>\u00a0za\u0161leme v\u00fd\u0165a\u017eok z\u00a0dra\u017eby a\u00a0minizbierky: \u00a0od zverejnenia tohto \u010dl\u00e1nku\u00a0<strong>do 21.2.2018<\/strong>\u00a0polnoci. Potom sa hlasy spo\u010d\u00edtaj\u00fa a\u00a0diskusia sa uzavrie.<\/p>\r\n\r\n\r\n\r\n<p><strong>Term\u00edn dra\u017eby dresu<\/strong>: od 21.2.2018\u00a0<strong>do 2. marca 2018<\/strong>\u00a023.59 hod. (teda dra\u017ebu uzavrieme sekundou, ktor\u00e1 za\u010dne 3. marec).<\/p>\r\n\r\n\r\n\r\n<p><strong>Aktualiz\u00e1cia 9.3.2018:<\/strong><\/p>\r\n\r\n\r\n\r\n<p><strong>Dres z\u00edskava BlueBlooded (vyhral ho v dra\u017ebe s\u00edce karamela, ale po dohovore s BlueBlooded, ktor\u00fd bol po\u010das fin\u00e1le dra\u017eby zranen\u00fd, ho za vy\u0161\u0161iu cenu z\u00edskal on) za 100 \u20ac.<\/strong><\/p>\r\n\r\n\r\n\r\n<p><strong>Zbierka na charitu:<\/strong><\/p>\r\n\r\n\r\n\r\n<p><strong>Ke\u010f\u017ee sme sa z\u00e1rove\u0148,<\/strong>\u00a0pravdepodobne ako prv\u00fd klub podporovate\u013eov anglick\u00e9ho \/ zahrani\u010dn\u00e9ho \u0161portov\u00e9ho klubu,\u00a0<strong>rozhodli, \u017ee k danej sume dozbierame dobrovo\u013en\u00e9 pr\u00edspevky a tie venujeme na charitu\u00a0<\/strong>(vybrali sme si pre tento rok na n\u00e1vrh Duch Abuma dobro\u010dinn\u00e9 ob\u010dianske zdru\u017eenie &#8222;N\u00e1vrat&#8220;, ktor\u00e9\u00a0presadzuje a podporuje n\u00e1vrat opusten\u00fdch det\u00ed z in\u0161tit\u00faci\u00ed &#8211; detsk\u00fdch domovov &#8211; do rod\u00edn, viac\u00a0<a href=\"http:\/\/www.navrat.sk\/\" target=\"_blank\" rel=\"noreferrer noopener\"><strong>www.navrat.sk<\/strong><\/a>).<strong>\u00a0Tak\u017ee ka\u017ed\u00fd, kto chce a m\u00f4\u017ee prispie\u0165 k sume 100 \u20ac za dres akoko\u013evek vysok\u00fdm pr\u00edspevkom (hoc aj 5 eur), nech nap\u00ed\u0161e stru\u010dne na n\u00e1\u0161 spolo\u010dn\u00fd email:<\/strong><\/p>\r\n\r\n\r\n\r\n<p><strong>czskevertonians@gmail.com<\/strong><\/p>\r\n\r\n\r\n\r\n<p><strong>V odpovedi mu \/ jej d\u00f4jde \u010d\u00edslo \u00fa\u010dtu kam peniaze posla\u0165. Aby sme \u0161etrili na poplatkoch bank\u00e1m, tak sme s Ri\u010dim vymysleli, \u017ee \u013eudia zo Slovenska bud\u00fa m\u00f4c\u0165 posiela\u0165 peniaze na m\u00f4j \u00fa\u010det, z \u010ceskej rep. bud\u00fa zasiela\u0165 peniaze na Ri\u010diho \u010d.\u00fa. Ten potom po\u0161le peniaze mne. Poplatok banke za medzin\u00e1rodn\u00fd prevod sa tak zaplat\u00ed iba raz.<\/strong><\/p>\r\n\r\n\r\n\r\n<p><strong>Aby sa zabezpe\u010dila transparentnos\u0165, k tomuto \u010dl\u00e1nku na z\u00e1ver zverejn\u00edme aj sumy pe\u0148az\u00ed od jednotlivcov, aby ste si ich mohli skontrolova\u0165 a overi\u0165 korektnos\u0165 celkovej sumy. Dan\u00fa sumu potom osobne odovzd\u00e1m z\u00e1stupcovi\/-kyni o.z. N\u00e1vrat, sprav\u00edm z toho kr\u00e1tku fotodokument\u00e1ciu a potvrdenie o prebrat\u00ed pe\u0148az\u00ed od o.z. N\u00e1vrat, ktor\u00e9 sem potom zaves\u00edm <\/strong>(kto by n\u00e1m st\u00e1le neveril, bude si m\u00f4c\u0165 do N\u00e1vratu zatelefonova\u0165).<\/p>\r\n","protected":false},"excerpt":{"rendered":"<p>Everton postupne zlep\u0161uje svoj servis pre ofici\u00e1lne kluby podporovate\u013eov. Okrem viacer\u00fdch nov\u00fdch v\u00fdhod od tejto sez\u00f3ny, n\u00e1m za\u010dali zasiela\u0165 mal\u00e9&hellip;<\/p>\n","protected":false},"author":23,"featured_media":1313,"comment_status":"open","ping_status":"closed","sticky":false,"template":"","format":"standard","meta":{"_eb_attr":"","_monsterinsights_skip_tracking":false,"_monsterinsights_sitenote_active":false,"_monsterinsights_sitenote_note":"","_monsterinsights_sitenote_category":0,"footnotes":""},"categories":[85],"tags":[],"yoast_head":"<!-- This site is optimized with the Yoast SEO plugin v23.4 - https:\/\/yoast.com\/wordpress\/plugins\/seo\/ -->\n<title>Dra\u017eba dresu EFC podp\u00edsan\u00e9ho Yannickom Bolasiem - Official Czech &amp; Slovak Everton Supporters&#039; Club<\/title>\n<meta name=\"robots\" content=\"index, follow, max-snippet:-1, max-image-preview:large, max-video-preview:-1\" \/>\n<link rel=\"canonical\" href=\"https:\/\/evertonfc.cz\/index.php\/2018\/03\/13\/drazba-dresu-efc-podpisaneho-yannickom-bolasiem\/\" \/>\n<meta property=\"og:locale\" content=\"cs_CZ\" \/>\n<meta property=\"og:type\" content=\"article\" \/>\n<meta property=\"og:title\" content=\"Dra\u017eba dresu EFC podp\u00edsan\u00e9ho Yannickom Bolasiem - Official Czech &amp; Slovak Everton Supporters&#039; Club\" \/>\n<meta property=\"og:description\" content=\"Everton postupne zlep\u0161uje svoj servis pre ofici\u00e1lne kluby podporovate\u013eov. Okrem viacer\u00fdch nov\u00fdch v\u00fdhod od tejto sez\u00f3ny, n\u00e1m za\u010dali zasiela\u0165 mal\u00e9&hellip;\" \/>\n<meta property=\"og:url\" content=\"https:\/\/evertonfc.cz\/index.php\/2018\/03\/13\/drazba-dresu-efc-podpisaneho-yannickom-bolasiem\/\" \/>\n<meta property=\"og:site_name\" content=\"Official Czech &amp; Slovak Everton Supporters&#039; Club\" \/>\n<meta property=\"article:publisher\" content=\"https:\/\/www.facebook.com\/everton.fans.cz.sk\" \/>\n<meta property=\"article:published_time\" content=\"2018-03-13T13:20:31+00:00\" \/>\n<meta property=\"article:modified_time\" content=\"2020-05-14T10:22:54+00:00\" \/>\n<meta property=\"og:image\" content=\"https:\/\/evertonfc.cz\/wp-content\/uploads\/2019\/01\/news.jpg\" \/>\n\t<meta property=\"og:image:width\" content=\"720\" \/>\n\t<meta property=\"og:image:height\" content=\"405\" \/>\n\t<meta property=\"og:image:type\" content=\"image\/jpeg\" \/>\n<meta name=\"author\" content=\"Everton1878\" \/>\n<meta name=\"twitter:card\" content=\"summary_large_image\" \/>\n<meta name=\"twitter:label1\" content=\"Napsal(a)\" \/>\n\t<meta name=\"twitter:data1\" content=\"Everton1878\" \/>\n\t<meta name=\"twitter:label2\" content=\"Odhadovan\u00e1 doba \u010dten\u00ed\" \/>\n\t<meta name=\"twitter:data2\" content=\"5 minut\" \/>\n<script type=\"application\/ld+json\" class=\"yoast-schema-graph\">{\"@context\":\"https:\/\/schema.org\",\"@graph\":[{\"@type\":\"Article\",\"@id\":\"https:\/\/evertonfc.cz\/index.php\/2018\/03\/13\/drazba-dresu-efc-podpisaneho-yannickom-bolasiem\/#article\",\"isPartOf\":{\"@id\":\"https:\/\/evertonfc.cz\/index.php\/2018\/03\/13\/drazba-dresu-efc-podpisaneho-yannickom-bolasiem\/\"},\"author\":{\"name\":\"Everton1878\",\"@id\":\"https:\/\/evertonfc.cz\/#\/schema\/person\/c495ad9c14eabaab7ff243473d85758c\"},\"headline\":\"Dra\u017eba dresu EFC podp\u00edsan\u00e9ho Yannickom Bolasiem\",\"datePublished\":\"2018-03-13T13:20:31+00:00\",\"dateModified\":\"2020-05-14T10:22:54+00:00\",\"mainEntityOfPage\":{\"@id\":\"https:\/\/evertonfc.cz\/index.php\/2018\/03\/13\/drazba-dresu-efc-podpisaneho-yannickom-bolasiem\/\"},\"wordCount\":1101,\"commentCount\":0,\"publisher\":{\"@id\":\"https:\/\/evertonfc.cz\/#organization\"},\"image\":{\"@id\":\"https:\/\/evertonfc.cz\/index.php\/2018\/03\/13\/drazba-dresu-efc-podpisaneho-yannickom-bolasiem\/#primaryimage\"},\"thumbnailUrl\":\"https:\/\/evertonfc.cz\/wp-content\/uploads\/2019\/01\/news.jpg\",\"articleSection\":[\"Supporters' Club\"],\"inLanguage\":\"cs\",\"potentialAction\":[{\"@type\":\"CommentAction\",\"name\":\"Comment\",\"target\":[\"https:\/\/evertonfc.cz\/index.php\/2018\/03\/13\/drazba-dresu-efc-podpisaneho-yannickom-bolasiem\/#respond\"]}]},{\"@type\":\"WebPage\",\"@id\":\"https:\/\/evertonfc.cz\/index.php\/2018\/03\/13\/drazba-dresu-efc-podpisaneho-yannickom-bolasiem\/\",\"url\":\"https:\/\/evertonfc.cz\/index.php\/2018\/03\/13\/drazba-dresu-efc-podpisaneho-yannickom-bolasiem\/\",\"name\":\"Dra\u017eba dresu EFC podp\u00edsan\u00e9ho Yannickom Bolasiem - Official Czech &amp; Slovak Everton Supporters&#039; Club\",\"isPartOf\":{\"@id\":\"https:\/\/evertonfc.cz\/#website\"},\"primaryImageOfPage\":{\"@id\":\"https:\/\/evertonfc.cz\/index.php\/2018\/03\/13\/drazba-dresu-efc-podpisaneho-yannickom-bolasiem\/#primaryimage\"},\"image\":{\"@id\":\"https:\/\/evertonfc.cz\/index.php\/2018\/03\/13\/drazba-dresu-efc-podpisaneho-yannickom-bolasiem\/#primaryimage\"},\"thumbnailUrl\":\"https:\/\/evertonfc.cz\/wp-content\/uploads\/2019\/01\/news.jpg\",\"datePublished\":\"2018-03-13T13:20:31+00:00\",\"dateModified\":\"2020-05-14T10:22:54+00:00\",\"breadcrumb\":{\"@id\":\"https:\/\/evertonfc.cz\/index.php\/2018\/03\/13\/drazba-dresu-efc-podpisaneho-yannickom-bolasiem\/#breadcrumb\"},\"inLanguage\":\"cs\",\"potentialAction\":[{\"@type\":\"ReadAction\",\"target\":[\"https:\/\/evertonfc.cz\/index.php\/2018\/03\/13\/drazba-dresu-efc-podpisaneho-yannickom-bolasiem\/\"]}]},{\"@type\":\"ImageObject\",\"inLanguage\":\"cs\",\"@id\":\"https:\/\/evertonfc.cz\/index.php\/2018\/03\/13\/drazba-dresu-efc-podpisaneho-yannickom-bolasiem\/#primaryimage\",\"url\":\"https:\/\/evertonfc.cz\/wp-content\/uploads\/2019\/01\/news.jpg\",\"contentUrl\":\"https:\/\/evertonfc.cz\/wp-content\/uploads\/2019\/01\/news.jpg\",\"width\":720,\"height\":405},{\"@type\":\"BreadcrumbList\",\"@id\":\"https:\/\/evertonfc.cz\/index.php\/2018\/03\/13\/drazba-dresu-efc-podpisaneho-yannickom-bolasiem\/#breadcrumb\",\"itemListElement\":[{\"@type\":\"ListItem\",\"position\":1,\"name\":\"Home\",\"item\":\"https:\/\/evertonfc.cz\/\"},{\"@type\":\"ListItem\",\"position\":2,\"name\":\"Dra\u017eba dresu EFC podp\u00edsan\u00e9ho Yannickom Bolasiem\"}]},{\"@type\":\"WebSite\",\"@id\":\"https:\/\/evertonfc.cz\/#website\",\"url\":\"https:\/\/evertonfc.cz\/\",\"name\":\"Official Czech &amp; Slovak Everton Supporters&#039; Club\",\"description\":\"\",\"publisher\":{\"@id\":\"https:\/\/evertonfc.cz\/#organization\"},\"potentialAction\":[{\"@type\":\"SearchAction\",\"target\":{\"@type\":\"EntryPoint\",\"urlTemplate\":\"https:\/\/evertonfc.cz\/?s={search_term_string}\"},\"query-input\":{\"@type\":\"PropertyValueSpecification\",\"valueRequired\":true,\"valueName\":\"search_term_string\"}}],\"inLanguage\":\"cs\"},{\"@type\":\"Organization\",\"@id\":\"https:\/\/evertonfc.cz\/#organization\",\"name\":\"Official Czech & Slovak Everton Supporters' Club\",\"url\":\"https:\/\/evertonfc.cz\/\",\"logo\":{\"@type\":\"ImageObject\",\"inLanguage\":\"cs\",\"@id\":\"https:\/\/evertonfc.cz\/#\/schema\/logo\/image\/\",\"url\":\"https:\/\/evertonfc.cz\/wp-content\/uploads\/2019\/05\/logo.png\",\"contentUrl\":\"https:\/\/evertonfc.cz\/wp-content\/uploads\/2019\/05\/logo.png\",\"width\":112,\"height\":112,\"caption\":\"Official Czech & Slovak Everton Supporters' Club\"},\"image\":{\"@id\":\"https:\/\/evertonfc.cz\/#\/schema\/logo\/image\/\"},\"sameAs\":[\"https:\/\/www.facebook.com\/everton.fans.cz.sk\"]},{\"@type\":\"Person\",\"@id\":\"https:\/\/evertonfc.cz\/#\/schema\/person\/c495ad9c14eabaab7ff243473d85758c\",\"name\":\"Everton1878\",\"url\":\"https:\/\/evertonfc.cz\/index.php\/author\/everton1878\/\"}]}<\/script>\n<!-- \/ Yoast SEO plugin. -->","yoast_head_json":{"title":"Dra\u017eba dresu EFC podp\u00edsan\u00e9ho Yannickom Bolasiem - Official Czech &amp; Slovak Everton Supporters&#039; Club","robots":{"index":"index","follow":"follow","max-snippet":"max-snippet:-1","max-image-preview":"max-image-preview:large","max-video-preview":"max-video-preview:-1"},"canonical":"https:\/\/evertonfc.cz\/index.php\/2018\/03\/13\/drazba-dresu-efc-podpisaneho-yannickom-bolasiem\/","og_locale":"cs_CZ","og_type":"article","og_title":"Dra\u017eba dresu EFC podp\u00edsan\u00e9ho Yannickom Bolasiem - Official Czech &amp; Slovak Everton Supporters&#039; Club","og_description":"Everton postupne zlep\u0161uje svoj servis pre ofici\u00e1lne kluby podporovate\u013eov. Okrem viacer\u00fdch nov\u00fdch v\u00fdhod od tejto sez\u00f3ny, n\u00e1m za\u010dali zasiela\u0165 mal\u00e9&hellip;","og_url":"https:\/\/evertonfc.cz\/index.php\/2018\/03\/13\/drazba-dresu-efc-podpisaneho-yannickom-bolasiem\/","og_site_name":"Official Czech &amp; Slovak Everton Supporters&#039; Club","article_publisher":"https:\/\/www.facebook.com\/everton.fans.cz.sk","article_published_time":"2018-03-13T13:20:31+00:00","article_modified_time":"2020-05-14T10:22:54+00:00","og_image":[{"width":720,"height":405,"url":"https:\/\/evertonfc.cz\/wp-content\/uploads\/2019\/01\/news.jpg","type":"image\/jpeg"}],"author":"Everton1878","twitter_card":"summary_large_image","twitter_misc":{"Napsal(a)":"Everton1878","Odhadovan\u00e1 doba \u010dten\u00ed":"5 minut"},"schema":{"@context":"https:\/\/schema.org","@graph":[{"@type":"Article","@id":"https:\/\/evertonfc.cz\/index.php\/2018\/03\/13\/drazba-dresu-efc-podpisaneho-yannickom-bolasiem\/#article","isPartOf":{"@id":"https:\/\/evertonfc.cz\/index.php\/2018\/03\/13\/drazba-dresu-efc-podpisaneho-yannickom-bolasiem\/"},"author":{"name":"Everton1878","@id":"https:\/\/evertonfc.cz\/#\/schema\/person\/c495ad9c14eabaab7ff243473d85758c"},"headline":"Dra\u017eba dresu EFC podp\u00edsan\u00e9ho Yannickom Bolasiem","datePublished":"2018-03-13T13:20:31+00:00","dateModified":"2020-05-14T10:22:54+00:00","mainEntityOfPage":{"@id":"https:\/\/evertonfc.cz\/index.php\/2018\/03\/13\/drazba-dresu-efc-podpisaneho-yannickom-bolasiem\/"},"wordCount":1101,"commentCount":0,"publisher":{"@id":"https:\/\/evertonfc.cz\/#organization"},"image":{"@id":"https:\/\/evertonfc.cz\/index.php\/2018\/03\/13\/drazba-dresu-efc-podpisaneho-yannickom-bolasiem\/#primaryimage"},"thumbnailUrl":"https:\/\/evertonfc.cz\/wp-content\/uploads\/2019\/01\/news.jpg","articleSection":["Supporters' Club"],"inLanguage":"cs","potentialAction":[{"@type":"CommentAction","name":"Comment","target":["https:\/\/evertonfc.cz\/index.php\/2018\/03\/13\/drazba-dresu-efc-podpisaneho-yannickom-bolasiem\/#respond"]}]},{"@type":"WebPage","@id":"https:\/\/evertonfc.cz\/index.php\/2018\/03\/13\/drazba-dresu-efc-podpisaneho-yannickom-bolasiem\/","url":"https:\/\/evertonfc.cz\/index.php\/2018\/03\/13\/drazba-dresu-efc-podpisaneho-yannickom-bolasiem\/","name":"Dra\u017eba dresu EFC podp\u00edsan\u00e9ho Yannickom Bolasiem - Official Czech &amp; Slovak Everton Supporters&#039; Club","isPartOf":{"@id":"https:\/\/evertonfc.cz\/#website"},"primaryImageOfPage":{"@id":"https:\/\/evertonfc.cz\/index.php\/2018\/03\/13\/drazba-dresu-efc-podpisaneho-yannickom-bolasiem\/#primaryimage"},"image":{"@id":"https:\/\/evertonfc.cz\/index.php\/2018\/03\/13\/drazba-dresu-efc-podpisaneho-yannickom-bolasiem\/#primaryimage"},"thumbnailUrl":"https:\/\/evertonfc.cz\/wp-content\/uploads\/2019\/01\/news.jpg","datePublished":"2018-03-13T13:20:31+00:00","dateModified":"2020-05-14T10:22:54+00:00","breadcrumb":{"@id":"https:\/\/evertonfc.cz\/index.php\/2018\/03\/13\/drazba-dresu-efc-podpisaneho-yannickom-bolasiem\/#breadcrumb"},"inLanguage":"cs","potentialAction":[{"@type":"ReadAction","target":["https:\/\/evertonfc.cz\/index.php\/2018\/03\/13\/drazba-dresu-efc-podpisaneho-yannickom-bolasiem\/"]}]},{"@type":"ImageObject","inLanguage":"cs","@id":"https:\/\/evertonfc.cz\/index.php\/2018\/03\/13\/drazba-dresu-efc-podpisaneho-yannickom-bolasiem\/#primaryimage","url":"https:\/\/evertonfc.cz\/wp-content\/uploads\/2019\/01\/news.jpg","contentUrl":"https:\/\/evertonfc.cz\/wp-content\/uploads\/2019\/01\/news.jpg","width":720,"height":405},{"@type":"BreadcrumbList","@id":"https:\/\/evertonfc.cz\/index.php\/2018\/03\/13\/drazba-dresu-efc-podpisaneho-yannickom-bolasiem\/#breadcrumb","itemListElement":[{"@type":"ListItem","position":1,"name":"Home","item":"https:\/\/evertonfc.cz\/"},{"@type":"ListItem","position":2,"name":"Dra\u017eba dresu EFC podp\u00edsan\u00e9ho Yannickom Bolasiem"}]},{"@type":"WebSite","@id":"https:\/\/evertonfc.cz\/#website","url":"https:\/\/evertonfc.cz\/","name":"Official Czech &amp; Slovak Everton Supporters&#039; Club","description":"","publisher":{"@id":"https:\/\/evertonfc.cz\/#organization"},"potentialAction":[{"@type":"SearchAction","target":{"@type":"EntryPoint","urlTemplate":"https:\/\/evertonfc.cz\/?s={search_term_string}"},"query-input":{"@type":"PropertyValueSpecification","valueRequired":true,"valueName":"search_term_string"}}],"inLanguage":"cs"},{"@type":"Organization","@id":"https:\/\/evertonfc.cz\/#organization","name":"Official Czech & Slovak Everton Supporters' Club","url":"https:\/\/evertonfc.cz\/","logo":{"@type":"ImageObject","inLanguage":"cs","@id":"https:\/\/evertonfc.cz\/#\/schema\/logo\/image\/","url":"https:\/\/evertonfc.cz\/wp-content\/uploads\/2019\/05\/logo.png","contentUrl":"https:\/\/evertonfc.cz\/wp-content\/uploads\/2019\/05\/logo.png","width":112,"height":112,"caption":"Official Czech & Slovak Everton Supporters' Club"},"image":{"@id":"https:\/\/evertonfc.cz\/#\/schema\/logo\/image\/"},"sameAs":["https:\/\/www.facebook.com\/everton.fans.cz.sk"]},{"@type":"Person","@id":"https:\/\/evertonfc.cz\/#\/schema\/person\/c495ad9c14eabaab7ff243473d85758c","name":"Everton1878","url":"https:\/\/evertonfc.cz\/index.php\/author\/everton1878\/"}]}},"_links":{"self":[{"href":"https:\/\/evertonfc.cz\/index.php\/wp-json\/wp\/v2\/posts\/2176"}],"collection":[{"href":"https:\/\/evertonfc.cz\/index.php\/wp-json\/wp\/v2\/posts"}],"about":[{"href":"https:\/\/evertonfc.cz\/index.php\/wp-json\/wp\/v2\/types\/post"}],"author":[{"embeddable":true,"href":"https:\/\/evertonfc.cz\/index.php\/wp-json\/wp\/v2\/users\/23"}],"replies":[{"embeddable":true,"href":"https:\/\/evertonfc.cz\/index.php\/wp-json\/wp\/v2\/comments?post=2176"}],"version-history":[{"count":4,"href":"https:\/\/evertonfc.cz\/index.php\/wp-json\/wp\/v2\/posts\/2176\/revisions"}],"predecessor-version":[{"id":7851,"href":"https:\/\/evertonfc.cz\/index.php\/wp-json\/wp\/v2\/posts\/2176\/revisions\/7851"}],"wp:featuredmedia":[{"embeddable":true,"href":"https:\/\/evertonfc.cz\/index.php\/wp-json\/wp\/v2\/media\/1313"}],"wp:attachment":[{"href":"https:\/\/evertonfc.cz\/index.php\/wp-json\/wp\/v2\/media?parent=2176"}],"wp:term":[{"taxonomy":"category","embeddable":true,"href":"https:\/\/evertonfc.cz\/index.php\/wp-json\/wp\/v2\/categories?post=2176"},{"taxonomy":"post_tag","embeddable":true,"href":"https:\/\/evertonfc.cz\/index.php\/wp-json\/wp\/v2\/tags?post=2176"}],"curies":[{"name":"wp","href":"https:\/\/api.w.org\/{rel}","templated":true}]}}