{"id":21810,"date":"2023-06-10T18:04:57","date_gmt":"2023-06-10T16:04:57","guid":{"rendered":"https:\/\/evertonfc.cz\/?p=21810"},"modified":"2023-06-10T18:04:57","modified_gmt":"2023-06-10T16:04:57","slug":"prepusteni-hraci-2022-23","status":"publish","type":"post","link":"https:\/\/evertonfc.cz\/index.php\/2023\/06\/10\/prepusteni-hraci-2022-23\/","title":{"rendered":"Prepusten\u00ed hr\u00e1\u010di 2022\/23"},"content":{"rendered":"<h4>V\u010dera sa fan\u00fa\u0161ikovia Karameliek ofici\u00e1lne dozvedeli, ktor\u00ed hr\u00e1\u010di z\u00a0klubu definit\u00edvne odch\u00e1dzaj\u00fa, a\u00a0ktor\u00ed dostali \u0161ancu na Merseyside e\u0161te pokra\u010dova\u0165. A nech\u00fdbaj\u00fa prekvapenia.<\/h4>\n<p>Everton na svojich str\u00e1nkach potvrdil, \u017ee klub pon\u00fakol nov\u00e9 zmluvy kapit\u00e1novi Seamusovi Colemanovi, stredopoliarovi Tomovi Daviesovi a brank\u00e1rovi Andymu Lonerganovi. Naopak, obranca Yerry Mina a kr\u00eddeln\u00edk Andros Townsend opustia EFC, ke\u010f im na konci tohto mesiaca vypr\u0161ia s\u00fa\u010dasn\u00e9 kontrakty. K\u00a0nim sa prid\u00e1 aj Asmir Begovi\u0107 po tom, \u010do brank\u00e1r odmietol nov\u00fa zmluvu pon\u00faknut\u00fa klubom.<\/p>\n<p>To sa v\u0161ak u\u017e \u010doskoro m\u00f4\u017ee t\u00fdka\u0165 aj Daviesa, ktor\u00fd u\u017e nieko\u013ekokr\u00e1t deklaroval, \u017ee v\u00a0pr\u00edpade mal\u00e9ho hern\u00e9ho vy\u0165a\u017eenia bude musie\u0165 pre dobro svojej kari\u00e9ry zamieri\u0165 inde. S\u013eubne vyu\u017e\u00edvan\u00fd Silvom aj Ancelottim, to odchovanec akad\u00e9mie nemal v\u00a0posledn\u00fdch dvoch sez\u00f3nach \u013eahk\u00e9. Aj kv\u00f4li tr\u00e9nerom, no i\u00a0zraneniam.<\/p>\n<p>Nezabudnime doda\u0165, \u017ee klub opustia aj hos\u0165uj\u00faci hr\u00e1\u010di. Conor Coady sa vr\u00e1ti do Wolverhamptonu, R\u00faben Vinagre do Sportingu Lisabon. Na oboch obrancov mal Everton k\u00fapne opcie. Zmluva mala toto leto skon\u010di\u0165 aj Doucour\u00e9mu, av\u0161ak vedenie e\u0161te v\u00a0priebehu konca sez\u00f3ny aktivovalo automatick\u00e9 ro\u010dn\u00e9 pred\u013a\u017eenie.<\/p>\n<h4 style=\"text-align: center;\"><strong>\u0160portov\u00fd riadite\u013e Evertonu, Kevin Thelwell:<\/strong><\/h4>\n<blockquote><p><span style=\"font-size: 12pt;\"><em><strong>\u201e<\/strong>V\u0161etci v klube sa chc\u00fa po\u010fakova\u0165 odch\u00e1dzaj\u00facim hr\u00e1\u010dom za ich pr\u00ednos po\u010das ich p\u00f4sobenia v Evertone. Mnoh\u00ed z nich sa vyvinuli prostredn\u00edctvom na\u0161ej akad\u00e9mie a dali zo seba v\u0161etko v\u017edy, ke\u010f si obliekli kr\u00e1\u013eovsk\u00fd modr\u00fd dres. Sme tie\u017e v\u010fa\u010dn\u00ed na\u0161im star\u0161\u00edm hr\u00e1\u010dom, ktor\u00ed sa pos\u00favaj\u00fa \u010falej. Od Yerryho, ktor\u00e9ho v\u00e1\u0161e\u0148 a odhodlanie pre Everton boli evidentn\u00e9 z toho, ako vysoko si ho na\u0161i fan\u00fa\u0161ikovia cenili, a\u017e po Androsa a Asmira, ktor\u00ed boli po\u010das dvoch sez\u00f3n v t\u00edme dokonal\u00fdmi profesion\u00e1lmi. Hr\u00e1\u010dom sme pon\u00fakli aj nov\u00e9 zmluvy a budeme s nimi pokra\u010dova\u0165 v rozhovoroch pri snahe vybudova\u0165 konkurencieschopn\u00fd k\u00e1der pre Seana Dycha a jeho t\u00edm na nov\u00fa sez\u00f3nu.\u201c<\/em><\/span><\/p><\/blockquote>\n<h4><a href=\"https:\/\/evertonfc.cz\/index.php\/soupiska\/asmir-begovic\/\"><strong>Asmir Begovi\u0107<\/strong><\/a><\/h4>\n<ul>\n<li><strong>\u010c\u00edslo dresu:<\/strong><strong>\u00a0<\/strong>15<\/li>\n<li><strong>V EFC od:<\/strong><strong>\u00a0<\/strong>20. 07. 2021<\/li>\n<li><strong>T\u00fd\u017edenn\u00fd\/ro\u010dn\u00fd plat:\u00a0<\/strong>\u00a345,000\/\u00a32,340,000*<\/li>\n<li><strong>Z\u00e1pasy\/odohran\u00e9 min\u00faty<\/strong>:\u00a010 \/ 930\u00b4<\/li>\n<li><strong>\u010cist\u00e9 kont\u00e1:<\/strong><strong>\u00a0<\/strong>4<\/li>\n<\/ul>\n<p>Bosnianska dvojka v br\u00e1ne mala \u0161ancu zotrva\u0165 v pok\u013eudnom liverpoolskom p\u00f4soben\u00ed, ale pri zrejm\u00fdch kvalit\u00e1ch, ktor\u00fdmi u\u017e 35 ro\u010dn\u00fd veter\u00e1n opl\u00fdva, je to vcelku mrhanie vlastnej kari\u00e9ry. Pickford pri s\u00fa\u010dasn\u00fdch intenci\u00e1ch p\u00f4sobisko zrejme nezmen\u00ed, a ani nepo\u013eav\u00ed z reprezenta\u010dn\u00e9ho \u0161tandardu. Preto je zjavn\u00e9, \u017ee pri z\u00e1ujme nov\u00e1\u010dikov, ak\u00fdm je aj Luton Town, netreba v\u00e1ha\u0165. \u0160anc\u00ed tam bude ma\u0165 ove\u013ea viac a s men\u0161ou konkurenciou.<\/p>\n<h4><a href=\"https:\/\/evertonfc.cz\/index.php\/soupiska\/andros-townsend\/\"><strong>Andros Townsend<\/strong><\/a><\/h4>\n<ul>\n<li><strong>\u010c\u00edslo dresu:<\/strong><strong>\u00a0<\/strong>14<\/li>\n<li><strong>V EFC od:<\/strong><strong>\u00a0<\/strong>20. 07. 2021<\/li>\n<li><strong>T\u00fd\u017edenn\u00fd\/ro\u010dn\u00fd plat:\u00a0<\/strong>\u00a348,000\/\u00a32,496,000*<\/li>\n<li><strong>Z\u00e1pasy\/odohran\u00e9 min\u00faty:\u00a0<\/strong>27 \/ 1 800\u00b4<\/li>\n<li><strong>G\u00f3ly + asistencie:<\/strong><strong>\u00a0<\/strong>7+4<\/li>\n<\/ul>\n<p>Posila Ben\u00edteza zadarmo z Palace bola na ihrisku vcelku pr\u00edjemn\u00fdm prekvapen\u00edm, a ur\u010dite bol \u017eelan\u00fdm profesion\u00e1lnym pr\u00ednosom aj v \u0161atni Dycha. Len\u017ee v\u00e1\u017ene zranenie kolena prakticky pred\u010dasne ukon\u010dilo jeho kari\u00e9ru v Goodison Parku. U\u017e vy\u0161e roka trv\u00e1 jeho rekonvalescencia, sprev\u00e1dzan\u00e1 komplik\u00e1ciami, ktor\u00e9 zrejme kompetentn\u00fdch prin\u00fatili prehodnoti\u0165 jeho potencion\u00e1lny bud\u00faci pr\u00ednos, najm\u00e4 z h\u013eadiska veku.<\/p>\n<h4><a href=\"https:\/\/evertonfc.cz\/index.php\/soupiska\/yerry-mina\/\"><strong>Yerry Mina<\/strong><\/a><\/h4>\n<ul>\n<li><strong>\u010c\u00edslo dresu:<\/strong><strong>\u00a0<\/strong>13<\/li>\n<li><strong>V EFC od:<\/strong><strong>\u00a009. 08. <\/strong>2018<\/li>\n<li><strong>T\u00fd\u017edenn\u00fd\/ro\u010dn\u00fd plat:\u00a0<\/strong>\u00a3120,000\/\u00a36,240,000*<\/li>\n<li><strong>Z\u00e1pasy\/odohran\u00e9 min\u00faty:\u00a0<\/strong>99 \/ 7 604\u00b4<\/li>\n<li><strong>G\u00f3ly + asistencie:<\/strong><strong>\u00a0<\/strong>9+1<\/li>\n<\/ul>\n<p>Sympatick\u00fd bl\u00e1zon v \u0161atni si z\u00edskal srdcia fan\u00fa\u0161ikov svoj\u00edm nad\u0161en\u00edm pre klub, \u00a0neortodoxn\u00fdm \u0161t\u00fdlom br\u00e1nenia, a hlavne g\u00f3lovou hrozbou vo v\u00e1pne s\u00fapera. V\u0161etko to v\u0161ak malo jeden jedin\u00fd h\u00e1\u010dik. Kolumbij\u010dan bol ako zo skla. Nikdy nedok\u00e1zal odohra\u0165 viac ako tucet z\u00e1pasov v rade. No ke\u010f bol na ihrisku, bolo to c\u00edti\u0165. \u010co uc\u00edtia Evertonians po jeho odchode, bude aspo\u0148 \u00fa\u013eava od jeho neprimeran\u00e9ho platu z barcelonsk\u00fdch \u010dias.<\/p>\n<h4 style=\"text-align: center;\"><strong>U21, U18 a akad\u00e9mia<\/strong><\/h4>\n<p>V B-t\u00edme boli nov\u00e9 zmluvy pon\u00faknut\u00e9 aj Ryanovi Astleymu, ktor\u00fd akur\u00e1t dohos\u0165oval v tre\u0165oligovom, ale zost\u00fapenom Accringtone, a Lewisovi Gibsonovi. Ten t\u00fato sez\u00f3nu pom\u00e1hal Bristolu Rovers tie\u017e v League One. Klub aktivoval aj opcie na pred\u013a\u017eenie zml\u00fav pre Jacka Barretta a Mackenzie Hunta do konca j\u00fana 2024. Medzit\u00fdm padlo rozhodnutie, \u017ee Einar Iversen od\u00edde z Finch Farm, ke\u010f jeho s\u00fa\u010dasn\u00e1 zmluva na konci j\u00fana vypr\u0161\u00ed, rovnako ako vysoko hodnoten\u00fd Isaac Price. Tento z\u00e1lo\u017en\u00edk, ktor\u00e9mu debut v prvom t\u00edme doprial Frank Lampard, sa v\u0161ak s\u00e1m rozhodol odmietnu\u0165 nov\u00fa zmluvu a pripoji\u0165 sa k belgick\u00e9mu Standardu Liege.<\/p>\n<p>Na \u00farovni akad\u00e9mie boli profesion\u00e1lne zmluvy pon\u00faknut\u00e9 Owenovi Barkerovi, Halidovi Djankpatovi, Isaacovi Heathovi, Edwardovi Jonesovi a Jackovi Tierneymu. Klub op\u00fa\u0161\u0165aj\u00fa Shae Cahill, Troy Smikle-James, Charlie Wilson a Harry Wright, ke\u010f im vypr\u0161ia s\u00fa\u010dasn\u00e9 zmluvy na konci tohto mesiaca. Sam Coughlan a Saja Manafa, ktor\u00ed s\u00fa moment\u00e1lne zranen\u00ed, s\u00edce nedostali ponuku na profesion\u00e1lne zmluvy, ale zostan\u00fa v Evertone, pok\u00fdm bud\u00fa pokra\u010dova\u0165 vo svojej rehabilit\u00e1cii a\u017e do uzdravenia.<\/p>\n<p style=\"text-align: right;\"><span style=\"font-size: 8pt;\">*platy: capology.com\/sportrac.com<\/span><\/p>\n","protected":false},"excerpt":{"rendered":"<p>V\u010dera sa fan\u00fa\u0161ikovia Karameliek ofici\u00e1lne dozvedeli, ktor\u00ed hr\u00e1\u010di z\u00a0klubu definit\u00edvne odch\u00e1dzaj\u00fa, a\u00a0ktor\u00ed dostali \u0161ancu na Merseyside e\u0161te pokra\u010dova\u0165. A nech\u00fdbaj\u00fa prekvapenia.<\/p>\n","protected":false},"author":1,"featured_media":21809,"comment_status":"open","ping_status":"closed","sticky":false,"template":"","format":"standard","meta":{"_eb_attr":"","_monsterinsights_skip_tracking":false,"_monsterinsights_sitenote_active":false,"_monsterinsights_sitenote_note":"","_monsterinsights_sitenote_category":0,"footnotes":""},"categories":[42],"tags":[],"yoast_head":"<!-- This site is optimized with the Yoast SEO plugin v23.4 - https:\/\/yoast.com\/wordpress\/plugins\/seo\/ -->\n<title>Prepusten\u00ed hr\u00e1\u010di 2022\/23 - Official Czech &amp; Slovak Everton Supporters&#039; Club<\/title>\n<meta name=\"robots\" content=\"index, follow, max-snippet:-1, max-image-preview:large, max-video-preview:-1\" \/>\n<link rel=\"canonical\" href=\"https:\/\/evertonfc.cz\/index.php\/2023\/06\/10\/prepusteni-hraci-2022-23\/\" \/>\n<meta property=\"og:locale\" content=\"cs_CZ\" \/>\n<meta property=\"og:type\" content=\"article\" \/>\n<meta property=\"og:title\" content=\"Prepusten\u00ed hr\u00e1\u010di 2022\/23 - Official Czech &amp; Slovak Everton Supporters&#039; Club\" \/>\n<meta property=\"og:description\" content=\"V\u010dera sa fan\u00fa\u0161ikovia Karameliek ofici\u00e1lne dozvedeli, ktor\u00ed hr\u00e1\u010di z\u00a0klubu definit\u00edvne odch\u00e1dzaj\u00fa, a\u00a0ktor\u00ed dostali \u0161ancu na Merseyside e\u0161te pokra\u010dova\u0165. A nech\u00fdbaj\u00fa prekvapenia.\" \/>\n<meta property=\"og:url\" content=\"https:\/\/evertonfc.cz\/index.php\/2023\/06\/10\/prepusteni-hraci-2022-23\/\" \/>\n<meta property=\"og:site_name\" content=\"Official Czech &amp; Slovak Everton Supporters&#039; Club\" \/>\n<meta property=\"article:publisher\" content=\"https:\/\/www.facebook.com\/everton.fans.cz.sk\" \/>\n<meta property=\"article:published_time\" content=\"2023-06-10T16:04:57+00:00\" \/>\n<meta property=\"og:image\" content=\"https:\/\/evertonfc.cz\/wp-content\/uploads\/2023\/06\/Released-players-10-7-2023.jpg\" \/>\n\t<meta property=\"og:image:width\" content=\"720\" \/>\n\t<meta property=\"og:image:height\" content=\"405\" \/>\n\t<meta property=\"og:image:type\" content=\"image\/jpeg\" \/>\n<meta name=\"author\" content=\"BlueBlooded\" \/>\n<meta name=\"twitter:card\" content=\"summary_large_image\" \/>\n<meta name=\"twitter:label1\" content=\"Napsal(a)\" \/>\n\t<meta name=\"twitter:data1\" content=\"BlueBlooded\" \/>\n\t<meta name=\"twitter:label2\" content=\"Odhadovan\u00e1 doba \u010dten\u00ed\" \/>\n\t<meta name=\"twitter:data2\" content=\"4 minuty\" \/>\n<script type=\"application\/ld+json\" class=\"yoast-schema-graph\">{\"@context\":\"https:\/\/schema.org\",\"@graph\":[{\"@type\":\"Article\",\"@id\":\"https:\/\/evertonfc.cz\/index.php\/2023\/06\/10\/prepusteni-hraci-2022-23\/#article\",\"isPartOf\":{\"@id\":\"https:\/\/evertonfc.cz\/index.php\/2023\/06\/10\/prepusteni-hraci-2022-23\/\"},\"author\":{\"name\":\"BlueBlooded\",\"@id\":\"https:\/\/evertonfc.cz\/#\/schema\/person\/d4493b8cbea51532597fbc4685698916\"},\"headline\":\"Prepusten\u00ed hr\u00e1\u010di 2022\/23\",\"datePublished\":\"2023-06-10T16:04:57+00:00\",\"dateModified\":\"2023-06-10T16:04:57+00:00\",\"mainEntityOfPage\":{\"@id\":\"https:\/\/evertonfc.cz\/index.php\/2023\/06\/10\/prepusteni-hraci-2022-23\/\"},\"wordCount\":884,\"commentCount\":0,\"publisher\":{\"@id\":\"https:\/\/evertonfc.cz\/#organization\"},\"image\":{\"@id\":\"https:\/\/evertonfc.cz\/index.php\/2023\/06\/10\/prepusteni-hraci-2022-23\/#primaryimage\"},\"thumbnailUrl\":\"https:\/\/evertonfc.cz\/wp-content\/uploads\/2023\/06\/Released-players-10-7-2023.jpg\",\"articleSection\":[\"Aktuality\"],\"inLanguage\":\"cs\",\"potentialAction\":[{\"@type\":\"CommentAction\",\"name\":\"Comment\",\"target\":[\"https:\/\/evertonfc.cz\/index.php\/2023\/06\/10\/prepusteni-hraci-2022-23\/#respond\"]}]},{\"@type\":\"WebPage\",\"@id\":\"https:\/\/evertonfc.cz\/index.php\/2023\/06\/10\/prepusteni-hraci-2022-23\/\",\"url\":\"https:\/\/evertonfc.cz\/index.php\/2023\/06\/10\/prepusteni-hraci-2022-23\/\",\"name\":\"Prepusten\u00ed hr\u00e1\u010di 2022\/23 - Official Czech &amp; Slovak Everton Supporters&#039; Club\",\"isPartOf\":{\"@id\":\"https:\/\/evertonfc.cz\/#website\"},\"primaryImageOfPage\":{\"@id\":\"https:\/\/evertonfc.cz\/index.php\/2023\/06\/10\/prepusteni-hraci-2022-23\/#primaryimage\"},\"image\":{\"@id\":\"https:\/\/evertonfc.cz\/index.php\/2023\/06\/10\/prepusteni-hraci-2022-23\/#primaryimage\"},\"thumbnailUrl\":\"https:\/\/evertonfc.cz\/wp-content\/uploads\/2023\/06\/Released-players-10-7-2023.jpg\",\"datePublished\":\"2023-06-10T16:04:57+00:00\",\"dateModified\":\"2023-06-10T16:04:57+00:00\",\"breadcrumb\":{\"@id\":\"https:\/\/evertonfc.cz\/index.php\/2023\/06\/10\/prepusteni-hraci-2022-23\/#breadcrumb\"},\"inLanguage\":\"cs\",\"potentialAction\":[{\"@type\":\"ReadAction\",\"target\":[\"https:\/\/evertonfc.cz\/index.php\/2023\/06\/10\/prepusteni-hraci-2022-23\/\"]}]},{\"@type\":\"ImageObject\",\"inLanguage\":\"cs\",\"@id\":\"https:\/\/evertonfc.cz\/index.php\/2023\/06\/10\/prepusteni-hraci-2022-23\/#primaryimage\",\"url\":\"https:\/\/evertonfc.cz\/wp-content\/uploads\/2023\/06\/Released-players-10-7-2023.jpg\",\"contentUrl\":\"https:\/\/evertonfc.cz\/wp-content\/uploads\/2023\/06\/Released-players-10-7-2023.jpg\",\"width\":720,\"height\":405},{\"@type\":\"BreadcrumbList\",\"@id\":\"https:\/\/evertonfc.cz\/index.php\/2023\/06\/10\/prepusteni-hraci-2022-23\/#breadcrumb\",\"itemListElement\":[{\"@type\":\"ListItem\",\"position\":1,\"name\":\"Home\",\"item\":\"https:\/\/evertonfc.cz\/\"},{\"@type\":\"ListItem\",\"position\":2,\"name\":\"Prepusten\u00ed hr\u00e1\u010di 2022\/23\"}]},{\"@type\":\"WebSite\",\"@id\":\"https:\/\/evertonfc.cz\/#website\",\"url\":\"https:\/\/evertonfc.cz\/\",\"name\":\"Official Czech &amp; Slovak Everton Supporters&#039; Club\",\"description\":\"\",\"publisher\":{\"@id\":\"https:\/\/evertonfc.cz\/#organization\"},\"potentialAction\":[{\"@type\":\"SearchAction\",\"target\":{\"@type\":\"EntryPoint\",\"urlTemplate\":\"https:\/\/evertonfc.cz\/?s={search_term_string}\"},\"query-input\":{\"@type\":\"PropertyValueSpecification\",\"valueRequired\":true,\"valueName\":\"search_term_string\"}}],\"inLanguage\":\"cs\"},{\"@type\":\"Organization\",\"@id\":\"https:\/\/evertonfc.cz\/#organization\",\"name\":\"Official Czech & Slovak Everton Supporters' Club\",\"url\":\"https:\/\/evertonfc.cz\/\",\"logo\":{\"@type\":\"ImageObject\",\"inLanguage\":\"cs\",\"@id\":\"https:\/\/evertonfc.cz\/#\/schema\/logo\/image\/\",\"url\":\"https:\/\/evertonfc.cz\/wp-content\/uploads\/2019\/05\/logo.png\",\"contentUrl\":\"https:\/\/evertonfc.cz\/wp-content\/uploads\/2019\/05\/logo.png\",\"width\":112,\"height\":112,\"caption\":\"Official Czech & Slovak Everton Supporters' Club\"},\"image\":{\"@id\":\"https:\/\/evertonfc.cz\/#\/schema\/logo\/image\/\"},\"sameAs\":[\"https:\/\/www.facebook.com\/everton.fans.cz.sk\"]},{\"@type\":\"Person\",\"@id\":\"https:\/\/evertonfc.cz\/#\/schema\/person\/d4493b8cbea51532597fbc4685698916\",\"name\":\"BlueBlooded\",\"url\":\"https:\/\/evertonfc.cz\/index.php\/author\/admin\/\"}]}<\/script>\n<!-- \/ Yoast SEO plugin. -->","yoast_head_json":{"title":"Prepusten\u00ed hr\u00e1\u010di 2022\/23 - Official Czech &amp; Slovak Everton Supporters&#039; Club","robots":{"index":"index","follow":"follow","max-snippet":"max-snippet:-1","max-image-preview":"max-image-preview:large","max-video-preview":"max-video-preview:-1"},"canonical":"https:\/\/evertonfc.cz\/index.php\/2023\/06\/10\/prepusteni-hraci-2022-23\/","og_locale":"cs_CZ","og_type":"article","og_title":"Prepusten\u00ed hr\u00e1\u010di 2022\/23 - Official Czech &amp; Slovak Everton Supporters&#039; Club","og_description":"V\u010dera sa fan\u00fa\u0161ikovia Karameliek ofici\u00e1lne dozvedeli, ktor\u00ed hr\u00e1\u010di z\u00a0klubu definit\u00edvne odch\u00e1dzaj\u00fa, a\u00a0ktor\u00ed dostali \u0161ancu na Merseyside e\u0161te pokra\u010dova\u0165. A nech\u00fdbaj\u00fa prekvapenia.","og_url":"https:\/\/evertonfc.cz\/index.php\/2023\/06\/10\/prepusteni-hraci-2022-23\/","og_site_name":"Official Czech &amp; Slovak Everton Supporters&#039; Club","article_publisher":"https:\/\/www.facebook.com\/everton.fans.cz.sk","article_published_time":"2023-06-10T16:04:57+00:00","og_image":[{"width":720,"height":405,"url":"https:\/\/evertonfc.cz\/wp-content\/uploads\/2023\/06\/Released-players-10-7-2023.jpg","type":"image\/jpeg"}],"author":"BlueBlooded","twitter_card":"summary_large_image","twitter_misc":{"Napsal(a)":"BlueBlooded","Odhadovan\u00e1 doba \u010dten\u00ed":"4 minuty"},"schema":{"@context":"https:\/\/schema.org","@graph":[{"@type":"Article","@id":"https:\/\/evertonfc.cz\/index.php\/2023\/06\/10\/prepusteni-hraci-2022-23\/#article","isPartOf":{"@id":"https:\/\/evertonfc.cz\/index.php\/2023\/06\/10\/prepusteni-hraci-2022-23\/"},"author":{"name":"BlueBlooded","@id":"https:\/\/evertonfc.cz\/#\/schema\/person\/d4493b8cbea51532597fbc4685698916"},"headline":"Prepusten\u00ed hr\u00e1\u010di 2022\/23","datePublished":"2023-06-10T16:04:57+00:00","dateModified":"2023-06-10T16:04:57+00:00","mainEntityOfPage":{"@id":"https:\/\/evertonfc.cz\/index.php\/2023\/06\/10\/prepusteni-hraci-2022-23\/"},"wordCount":884,"commentCount":0,"publisher":{"@id":"https:\/\/evertonfc.cz\/#organization"},"image":{"@id":"https:\/\/evertonfc.cz\/index.php\/2023\/06\/10\/prepusteni-hraci-2022-23\/#primaryimage"},"thumbnailUrl":"https:\/\/evertonfc.cz\/wp-content\/uploads\/2023\/06\/Released-players-10-7-2023.jpg","articleSection":["Aktuality"],"inLanguage":"cs","potentialAction":[{"@type":"CommentAction","name":"Comment","target":["https:\/\/evertonfc.cz\/index.php\/2023\/06\/10\/prepusteni-hraci-2022-23\/#respond"]}]},{"@type":"WebPage","@id":"https:\/\/evertonfc.cz\/index.php\/2023\/06\/10\/prepusteni-hraci-2022-23\/","url":"https:\/\/evertonfc.cz\/index.php\/2023\/06\/10\/prepusteni-hraci-2022-23\/","name":"Prepusten\u00ed hr\u00e1\u010di 2022\/23 - Official Czech &amp; Slovak Everton Supporters&#039; Club","isPartOf":{"@id":"https:\/\/evertonfc.cz\/#website"},"primaryImageOfPage":{"@id":"https:\/\/evertonfc.cz\/index.php\/2023\/06\/10\/prepusteni-hraci-2022-23\/#primaryimage"},"image":{"@id":"https:\/\/evertonfc.cz\/index.php\/2023\/06\/10\/prepusteni-hraci-2022-23\/#primaryimage"},"thumbnailUrl":"https:\/\/evertonfc.cz\/wp-content\/uploads\/2023\/06\/Released-players-10-7-2023.jpg","datePublished":"2023-06-10T16:04:57+00:00","dateModified":"2023-06-10T16:04:57+00:00","breadcrumb":{"@id":"https:\/\/evertonfc.cz\/index.php\/2023\/06\/10\/prepusteni-hraci-2022-23\/#breadcrumb"},"inLanguage":"cs","potentialAction":[{"@type":"ReadAction","target":["https:\/\/evertonfc.cz\/index.php\/2023\/06\/10\/prepusteni-hraci-2022-23\/"]}]},{"@type":"ImageObject","inLanguage":"cs","@id":"https:\/\/evertonfc.cz\/index.php\/2023\/06\/10\/prepusteni-hraci-2022-23\/#primaryimage","url":"https:\/\/evertonfc.cz\/wp-content\/uploads\/2023\/06\/Released-players-10-7-2023.jpg","contentUrl":"https:\/\/evertonfc.cz\/wp-content\/uploads\/2023\/06\/Released-players-10-7-2023.jpg","width":720,"height":405},{"@type":"BreadcrumbList","@id":"https:\/\/evertonfc.cz\/index.php\/2023\/06\/10\/prepusteni-hraci-2022-23\/#breadcrumb","itemListElement":[{"@type":"ListItem","position":1,"name":"Home","item":"https:\/\/evertonfc.cz\/"},{"@type":"ListItem","position":2,"name":"Prepusten\u00ed hr\u00e1\u010di 2022\/23"}]},{"@type":"WebSite","@id":"https:\/\/evertonfc.cz\/#website","url":"https:\/\/evertonfc.cz\/","name":"Official Czech &amp; Slovak Everton Supporters&#039; Club","description":"","publisher":{"@id":"https:\/\/evertonfc.cz\/#organization"},"potentialAction":[{"@type":"SearchAction","target":{"@type":"EntryPoint","urlTemplate":"https:\/\/evertonfc.cz\/?s={search_term_string}"},"query-input":{"@type":"PropertyValueSpecification","valueRequired":true,"valueName":"search_term_string"}}],"inLanguage":"cs"},{"@type":"Organization","@id":"https:\/\/evertonfc.cz\/#organization","name":"Official Czech & Slovak Everton Supporters' Club","url":"https:\/\/evertonfc.cz\/","logo":{"@type":"ImageObject","inLanguage":"cs","@id":"https:\/\/evertonfc.cz\/#\/schema\/logo\/image\/","url":"https:\/\/evertonfc.cz\/wp-content\/uploads\/2019\/05\/logo.png","contentUrl":"https:\/\/evertonfc.cz\/wp-content\/uploads\/2019\/05\/logo.png","width":112,"height":112,"caption":"Official Czech & Slovak Everton Supporters' Club"},"image":{"@id":"https:\/\/evertonfc.cz\/#\/schema\/logo\/image\/"},"sameAs":["https:\/\/www.facebook.com\/everton.fans.cz.sk"]},{"@type":"Person","@id":"https:\/\/evertonfc.cz\/#\/schema\/person\/d4493b8cbea51532597fbc4685698916","name":"BlueBlooded","url":"https:\/\/evertonfc.cz\/index.php\/author\/admin\/"}]}},"_links":{"self":[{"href":"https:\/\/evertonfc.cz\/index.php\/wp-json\/wp\/v2\/posts\/21810"}],"collection":[{"href":"https:\/\/evertonfc.cz\/index.php\/wp-json\/wp\/v2\/posts"}],"about":[{"href":"https:\/\/evertonfc.cz\/index.php\/wp-json\/wp\/v2\/types\/post"}],"author":[{"embeddable":true,"href":"https:\/\/evertonfc.cz\/index.php\/wp-json\/wp\/v2\/users\/1"}],"replies":[{"embeddable":true,"href":"https:\/\/evertonfc.cz\/index.php\/wp-json\/wp\/v2\/comments?post=21810"}],"version-history":[{"count":4,"href":"https:\/\/evertonfc.cz\/index.php\/wp-json\/wp\/v2\/posts\/21810\/revisions"}],"predecessor-version":[{"id":21814,"href":"https:\/\/evertonfc.cz\/index.php\/wp-json\/wp\/v2\/posts\/21810\/revisions\/21814"}],"wp:featuredmedia":[{"embeddable":true,"href":"https:\/\/evertonfc.cz\/index.php\/wp-json\/wp\/v2\/media\/21809"}],"wp:attachment":[{"href":"https:\/\/evertonfc.cz\/index.php\/wp-json\/wp\/v2\/media?parent=21810"}],"wp:term":[{"taxonomy":"category","embeddable":true,"href":"https:\/\/evertonfc.cz\/index.php\/wp-json\/wp\/v2\/categories?post=21810"},{"taxonomy":"post_tag","embeddable":true,"href":"https:\/\/evertonfc.cz\/index.php\/wp-json\/wp\/v2\/tags?post=21810"}],"curies":[{"name":"wp","href":"https:\/\/api.w.org\/{rel}","templated":true}]}}