{"id":21818,"date":"2023-06-13T13:04:47","date_gmt":"2023-06-13T11:04:47","guid":{"rendered":"https:\/\/evertonfc.cz\/?p=21818"},"modified":"2023-06-13T21:42:42","modified_gmt":"2023-06-13T19:42:42","slug":"vedenie-klubu-odstupuje","status":"publish","type":"post","link":"https:\/\/evertonfc.cz\/index.php\/2023\/06\/13\/vedenie-klubu-odstupuje\/","title":{"rendered":"Vedenie klubu odstupuje"},"content":{"rendered":"<h4>Everton v\u010dera ozn\u00e1mil, \u017ee v\u00fdkonn\u00e1 riadite\u013eka Denise Barrett-Baxendale, finan\u010dn\u00fd a strategick\u00fd riadite\u013e Grant Ingles a nev\u00fdkonn\u00fd riadite\u013e Graeme Sharp opustili EFC.<\/h4>\n<p>Toto ozn\u00e1menie len potvrdilo n\u00e1znaky z posledn\u00fdch t\u00fd\u017ed\u0148ov, ke\u010f sa objavovali spr\u00e1vy a pokro\u010dil\u00fdch rokovaniach EFC z nov\u00fdm investorom, ktor\u00fd by z\u00edskal signifikantn\u00fd podiel v klube v\u00fdmenou za miesta v predstavenstve. Takisto sa t\u00fdm splnili v\u00fdzvy fan\u00fa\u0161ikov a priaznivcov, ktor\u00ed ich u\u017e nieko\u013eko mesiacov ne\u00fanavne adresovali v\u00e4\u010d\u0161inov\u00e9mu akcion\u00e1rovi Farhadovi Moshirimu, aby zaviedol zmeny vo veden\u00ed.<\/p>\n<p>Vyhl\u00e1senie klubu \u010falej deklaruje, \u017ee <em>&#8222;odch\u00e1dzaj\u00faci riaditelia v posledn\u00fdch mesiacoch ne\u00fanavne pracovali, aby pomohli s pr\u00edpravou na prechod do nov\u00e9ho zlo\u017eenia predstavenstva. Klub ve\u013emi oce\u0148uje toto ve\u013ekorys\u00e9 gesto, ktor\u00e9 je pre nich charakteristick\u00e9 a \u00faplne v duchu najlep\u0161\u00edch hodn\u00f4t Evertonu&#8220;<\/em>. O\u010dak\u00e1va sa e\u0161te jedno stanovisko. Bude sa t\u00fdka\u0165 bud\u00facnosti predsedu Billa Kenwrighta a do\u010dasn\u00fdch z\u00e1stupcov odch\u00e1dzaj\u00facich \u010dlenov. Musia sa toti\u017e splni\u0165 po\u017eiadavky stanov o minim\u00e1lne troch \u010dlenoch predstavenstva. M\u00e1 by\u0165 doru\u010den\u00e9 do 48 hod\u00edn. O\u010dak\u00e1va sa, \u017ee aj Kenwright sk\u00f4r \u010di nesk\u00f4r od\u00edde. Pod\u013ea neoveren\u00fdch spr\u00e1v ho Moshiri chce ponecha\u0165 do konca leta.<\/p>\n<h4><strong>Spolo\u010dn\u00e9 vyjadrenie odch\u00e1dzaj\u00facich riadite\u013eov:<\/strong><\/h4>\n<blockquote><p><span style=\"font-size: 12pt;\"><em>\u201eV\u0161etci sme boli plne oddan\u00ed po\u010das n\u00e1\u0161ho p\u00f4sobenia tu, a sme sklaman\u00ed, \u017ee sme sa rozhodli opusti\u0165 Everton. Ne\u00fanavne sme pracovali po boku n\u00e1\u0161ho predsedu v tomto n\u00e1ro\u010dnom obdob\u00ed na realiz\u00e1cii niektor\u00fdch najv\u00fdznamnej\u0161\u00edch projektov v hist\u00f3rii Evertonu. Projektov, ktor\u00e9 ochr\u00e1nia a udr\u017eia komer\u010dn\u00fa bud\u00facnos\u0165 klubu pre bud\u00face gener\u00e1cie. Sme hrd\u00ed na projekty komer\u010dn\u00e9ho rastu, ktor\u00e9 sme dosiahli po\u010das n\u00e1\u0161ho p\u00f4sobenia v predstavenstve. A to vr\u00e1tane v\u00fdstavby nov\u00e9ho \u0161tadi\u00f3na na n\u00e1bre\u017e\u00ed. Tento stavebn\u00fd projekt \u2013 najv\u00e4\u010d\u0161\u00ed v s\u00fa\u010dasnosti v Spojenom kr\u00e1\u013eovstve \u2013 napreduje r\u00fdchlym tempom.<\/em><\/span><\/p>\n<p><span style=\"font-size: 12pt;\"><em>Portf\u00f3lio partnerstva klubu sa tie\u017e zv\u00fd\u0161ilo a diverzifikovalo. To sa odrazilo v rekordn\u00fdch obchodn\u00fdch partnerstv\u00e1ch a medzin\u00e1rodnom roz\u0161\u00edren\u00ed na\u0161ej pr\u00e1ce. Okrem t\u00fdchto komer\u010dn\u00fdch \u00faspechov sme ve\u013emi hrd\u00ed na pokra\u010duj\u00faci rast soci\u00e1lnych programov klubu a pl\u00e1ny, ktor\u00e9 predstavenstvo zaviedlo pre komunitne veden\u00fa regenera\u010dn\u00fa sch\u00e9mu v Goodison Parku. Bolo n\u00e1m c\u0165ou a privil\u00e9giom sl\u00fa\u017ei\u0165 ako riaditelia. Radi by sme sa po\u010fakovali v\u0161etk\u00fdm, ktor\u00ed n\u00e1s po\u010das n\u00e1\u0161ho p\u00f4sobenia podporovali. Prajeme klubu, ktor\u00e9mu sme tak radi sl\u00fa\u017eili, aby sa mu v bud\u00facnosti darilo.\u201c<\/em><\/span><\/p><\/blockquote>\n","protected":false},"excerpt":{"rendered":"<p>Everton v\u010dera ozn\u00e1mil, \u017ee v\u00fdkonn\u00e1 riadite\u013eka Denise Barrett-Baxendale, finan\u010dn\u00fd a strategick\u00fd riadite\u013e Grant Ingles a nev\u00fdkonn\u00fd riadite\u013e Graeme Sharp opustili EFC.<\/p>\n","protected":false},"author":1,"featured_media":21817,"comment_status":"open","ping_status":"closed","sticky":false,"template":"","format":"standard","meta":{"_eb_attr":"","_monsterinsights_skip_tracking":false,"_monsterinsights_sitenote_active":false,"_monsterinsights_sitenote_note":"","_monsterinsights_sitenote_category":0,"footnotes":""},"categories":[42],"tags":[],"yoast_head":"<!-- This site is optimized with the Yoast SEO plugin v23.4 - https:\/\/yoast.com\/wordpress\/plugins\/seo\/ -->\n<title>Vedenie klubu odstupuje - Official Czech &amp; Slovak Everton Supporters&#039; Club<\/title>\n<meta name=\"robots\" content=\"index, follow, max-snippet:-1, max-image-preview:large, max-video-preview:-1\" \/>\n<link rel=\"canonical\" href=\"https:\/\/evertonfc.cz\/index.php\/2023\/06\/13\/vedenie-klubu-odstupuje\/\" \/>\n<meta property=\"og:locale\" content=\"cs_CZ\" \/>\n<meta property=\"og:type\" content=\"article\" \/>\n<meta property=\"og:title\" content=\"Vedenie klubu odstupuje - Official Czech &amp; Slovak Everton Supporters&#039; Club\" \/>\n<meta property=\"og:description\" content=\"Everton v\u010dera ozn\u00e1mil, \u017ee v\u00fdkonn\u00e1 riadite\u013eka Denise Barrett-Baxendale, finan\u010dn\u00fd a strategick\u00fd riadite\u013e Grant Ingles a nev\u00fdkonn\u00fd riadite\u013e Graeme Sharp opustili EFC.\" \/>\n<meta property=\"og:url\" content=\"https:\/\/evertonfc.cz\/index.php\/2023\/06\/13\/vedenie-klubu-odstupuje\/\" \/>\n<meta property=\"og:site_name\" content=\"Official Czech &amp; Slovak Everton Supporters&#039; Club\" \/>\n<meta property=\"article:publisher\" content=\"https:\/\/www.facebook.com\/everton.fans.cz.sk\" \/>\n<meta property=\"article:published_time\" content=\"2023-06-13T11:04:47+00:00\" \/>\n<meta property=\"article:modified_time\" content=\"2023-06-13T19:42:42+00:00\" \/>\n<meta property=\"og:image\" content=\"https:\/\/evertonfc.cz\/wp-content\/uploads\/2023\/06\/EFC-board-12-6-2023.jpg\" \/>\n\t<meta property=\"og:image:width\" content=\"720\" \/>\n\t<meta property=\"og:image:height\" content=\"405\" \/>\n\t<meta property=\"og:image:type\" content=\"image\/jpeg\" \/>\n<meta name=\"author\" content=\"BlueBlooded\" \/>\n<meta name=\"twitter:card\" content=\"summary_large_image\" \/>\n<meta name=\"twitter:label1\" content=\"Napsal(a)\" \/>\n\t<meta name=\"twitter:data1\" content=\"BlueBlooded\" \/>\n\t<meta name=\"twitter:label2\" content=\"Odhadovan\u00e1 doba \u010dten\u00ed\" \/>\n\t<meta name=\"twitter:data2\" content=\"2 minuty\" \/>\n<script type=\"application\/ld+json\" class=\"yoast-schema-graph\">{\"@context\":\"https:\/\/schema.org\",\"@graph\":[{\"@type\":\"Article\",\"@id\":\"https:\/\/evertonfc.cz\/index.php\/2023\/06\/13\/vedenie-klubu-odstupuje\/#article\",\"isPartOf\":{\"@id\":\"https:\/\/evertonfc.cz\/index.php\/2023\/06\/13\/vedenie-klubu-odstupuje\/\"},\"author\":{\"name\":\"BlueBlooded\",\"@id\":\"https:\/\/evertonfc.cz\/#\/schema\/person\/d4493b8cbea51532597fbc4685698916\"},\"headline\":\"Vedenie klubu odstupuje\",\"datePublished\":\"2023-06-13T11:04:47+00:00\",\"dateModified\":\"2023-06-13T19:42:42+00:00\",\"mainEntityOfPage\":{\"@id\":\"https:\/\/evertonfc.cz\/index.php\/2023\/06\/13\/vedenie-klubu-odstupuje\/\"},\"wordCount\":465,\"commentCount\":14,\"publisher\":{\"@id\":\"https:\/\/evertonfc.cz\/#organization\"},\"image\":{\"@id\":\"https:\/\/evertonfc.cz\/index.php\/2023\/06\/13\/vedenie-klubu-odstupuje\/#primaryimage\"},\"thumbnailUrl\":\"https:\/\/evertonfc.cz\/wp-content\/uploads\/2023\/06\/EFC-board-12-6-2023.jpg\",\"articleSection\":[\"Aktuality\"],\"inLanguage\":\"cs\",\"potentialAction\":[{\"@type\":\"CommentAction\",\"name\":\"Comment\",\"target\":[\"https:\/\/evertonfc.cz\/index.php\/2023\/06\/13\/vedenie-klubu-odstupuje\/#respond\"]}]},{\"@type\":\"WebPage\",\"@id\":\"https:\/\/evertonfc.cz\/index.php\/2023\/06\/13\/vedenie-klubu-odstupuje\/\",\"url\":\"https:\/\/evertonfc.cz\/index.php\/2023\/06\/13\/vedenie-klubu-odstupuje\/\",\"name\":\"Vedenie klubu odstupuje - Official Czech &amp; Slovak Everton Supporters&#039; Club\",\"isPartOf\":{\"@id\":\"https:\/\/evertonfc.cz\/#website\"},\"primaryImageOfPage\":{\"@id\":\"https:\/\/evertonfc.cz\/index.php\/2023\/06\/13\/vedenie-klubu-odstupuje\/#primaryimage\"},\"image\":{\"@id\":\"https:\/\/evertonfc.cz\/index.php\/2023\/06\/13\/vedenie-klubu-odstupuje\/#primaryimage\"},\"thumbnailUrl\":\"https:\/\/evertonfc.cz\/wp-content\/uploads\/2023\/06\/EFC-board-12-6-2023.jpg\",\"datePublished\":\"2023-06-13T11:04:47+00:00\",\"dateModified\":\"2023-06-13T19:42:42+00:00\",\"breadcrumb\":{\"@id\":\"https:\/\/evertonfc.cz\/index.php\/2023\/06\/13\/vedenie-klubu-odstupuje\/#breadcrumb\"},\"inLanguage\":\"cs\",\"potentialAction\":[{\"@type\":\"ReadAction\",\"target\":[\"https:\/\/evertonfc.cz\/index.php\/2023\/06\/13\/vedenie-klubu-odstupuje\/\"]}]},{\"@type\":\"ImageObject\",\"inLanguage\":\"cs\",\"@id\":\"https:\/\/evertonfc.cz\/index.php\/2023\/06\/13\/vedenie-klubu-odstupuje\/#primaryimage\",\"url\":\"https:\/\/evertonfc.cz\/wp-content\/uploads\/2023\/06\/EFC-board-12-6-2023.jpg\",\"contentUrl\":\"https:\/\/evertonfc.cz\/wp-content\/uploads\/2023\/06\/EFC-board-12-6-2023.jpg\",\"width\":720,\"height\":405},{\"@type\":\"BreadcrumbList\",\"@id\":\"https:\/\/evertonfc.cz\/index.php\/2023\/06\/13\/vedenie-klubu-odstupuje\/#breadcrumb\",\"itemListElement\":[{\"@type\":\"ListItem\",\"position\":1,\"name\":\"Home\",\"item\":\"https:\/\/evertonfc.cz\/\"},{\"@type\":\"ListItem\",\"position\":2,\"name\":\"Vedenie klubu odstupuje\"}]},{\"@type\":\"WebSite\",\"@id\":\"https:\/\/evertonfc.cz\/#website\",\"url\":\"https:\/\/evertonfc.cz\/\",\"name\":\"Official Czech &amp; Slovak Everton Supporters&#039; Club\",\"description\":\"\",\"publisher\":{\"@id\":\"https:\/\/evertonfc.cz\/#organization\"},\"potentialAction\":[{\"@type\":\"SearchAction\",\"target\":{\"@type\":\"EntryPoint\",\"urlTemplate\":\"https:\/\/evertonfc.cz\/?s={search_term_string}\"},\"query-input\":{\"@type\":\"PropertyValueSpecification\",\"valueRequired\":true,\"valueName\":\"search_term_string\"}}],\"inLanguage\":\"cs\"},{\"@type\":\"Organization\",\"@id\":\"https:\/\/evertonfc.cz\/#organization\",\"name\":\"Official Czech & Slovak Everton Supporters' Club\",\"url\":\"https:\/\/evertonfc.cz\/\",\"logo\":{\"@type\":\"ImageObject\",\"inLanguage\":\"cs\",\"@id\":\"https:\/\/evertonfc.cz\/#\/schema\/logo\/image\/\",\"url\":\"https:\/\/evertonfc.cz\/wp-content\/uploads\/2019\/05\/logo.png\",\"contentUrl\":\"https:\/\/evertonfc.cz\/wp-content\/uploads\/2019\/05\/logo.png\",\"width\":112,\"height\":112,\"caption\":\"Official Czech & Slovak Everton Supporters' Club\"},\"image\":{\"@id\":\"https:\/\/evertonfc.cz\/#\/schema\/logo\/image\/\"},\"sameAs\":[\"https:\/\/www.facebook.com\/everton.fans.cz.sk\"]},{\"@type\":\"Person\",\"@id\":\"https:\/\/evertonfc.cz\/#\/schema\/person\/d4493b8cbea51532597fbc4685698916\",\"name\":\"BlueBlooded\",\"url\":\"https:\/\/evertonfc.cz\/index.php\/author\/admin\/\"}]}<\/script>\n<!-- \/ Yoast SEO plugin. -->","yoast_head_json":{"title":"Vedenie klubu odstupuje - Official Czech &amp; Slovak Everton Supporters&#039; Club","robots":{"index":"index","follow":"follow","max-snippet":"max-snippet:-1","max-image-preview":"max-image-preview:large","max-video-preview":"max-video-preview:-1"},"canonical":"https:\/\/evertonfc.cz\/index.php\/2023\/06\/13\/vedenie-klubu-odstupuje\/","og_locale":"cs_CZ","og_type":"article","og_title":"Vedenie klubu odstupuje - Official Czech &amp; Slovak Everton Supporters&#039; Club","og_description":"Everton v\u010dera ozn\u00e1mil, \u017ee v\u00fdkonn\u00e1 riadite\u013eka Denise Barrett-Baxendale, finan\u010dn\u00fd a strategick\u00fd riadite\u013e Grant Ingles a nev\u00fdkonn\u00fd riadite\u013e Graeme Sharp opustili EFC.","og_url":"https:\/\/evertonfc.cz\/index.php\/2023\/06\/13\/vedenie-klubu-odstupuje\/","og_site_name":"Official Czech &amp; Slovak Everton Supporters&#039; Club","article_publisher":"https:\/\/www.facebook.com\/everton.fans.cz.sk","article_published_time":"2023-06-13T11:04:47+00:00","article_modified_time":"2023-06-13T19:42:42+00:00","og_image":[{"width":720,"height":405,"url":"https:\/\/evertonfc.cz\/wp-content\/uploads\/2023\/06\/EFC-board-12-6-2023.jpg","type":"image\/jpeg"}],"author":"BlueBlooded","twitter_card":"summary_large_image","twitter_misc":{"Napsal(a)":"BlueBlooded","Odhadovan\u00e1 doba \u010dten\u00ed":"2 minuty"},"schema":{"@context":"https:\/\/schema.org","@graph":[{"@type":"Article","@id":"https:\/\/evertonfc.cz\/index.php\/2023\/06\/13\/vedenie-klubu-odstupuje\/#article","isPartOf":{"@id":"https:\/\/evertonfc.cz\/index.php\/2023\/06\/13\/vedenie-klubu-odstupuje\/"},"author":{"name":"BlueBlooded","@id":"https:\/\/evertonfc.cz\/#\/schema\/person\/d4493b8cbea51532597fbc4685698916"},"headline":"Vedenie klubu odstupuje","datePublished":"2023-06-13T11:04:47+00:00","dateModified":"2023-06-13T19:42:42+00:00","mainEntityOfPage":{"@id":"https:\/\/evertonfc.cz\/index.php\/2023\/06\/13\/vedenie-klubu-odstupuje\/"},"wordCount":465,"commentCount":14,"publisher":{"@id":"https:\/\/evertonfc.cz\/#organization"},"image":{"@id":"https:\/\/evertonfc.cz\/index.php\/2023\/06\/13\/vedenie-klubu-odstupuje\/#primaryimage"},"thumbnailUrl":"https:\/\/evertonfc.cz\/wp-content\/uploads\/2023\/06\/EFC-board-12-6-2023.jpg","articleSection":["Aktuality"],"inLanguage":"cs","potentialAction":[{"@type":"CommentAction","name":"Comment","target":["https:\/\/evertonfc.cz\/index.php\/2023\/06\/13\/vedenie-klubu-odstupuje\/#respond"]}]},{"@type":"WebPage","@id":"https:\/\/evertonfc.cz\/index.php\/2023\/06\/13\/vedenie-klubu-odstupuje\/","url":"https:\/\/evertonfc.cz\/index.php\/2023\/06\/13\/vedenie-klubu-odstupuje\/","name":"Vedenie klubu odstupuje - Official Czech &amp; Slovak Everton Supporters&#039; Club","isPartOf":{"@id":"https:\/\/evertonfc.cz\/#website"},"primaryImageOfPage":{"@id":"https:\/\/evertonfc.cz\/index.php\/2023\/06\/13\/vedenie-klubu-odstupuje\/#primaryimage"},"image":{"@id":"https:\/\/evertonfc.cz\/index.php\/2023\/06\/13\/vedenie-klubu-odstupuje\/#primaryimage"},"thumbnailUrl":"https:\/\/evertonfc.cz\/wp-content\/uploads\/2023\/06\/EFC-board-12-6-2023.jpg","datePublished":"2023-06-13T11:04:47+00:00","dateModified":"2023-06-13T19:42:42+00:00","breadcrumb":{"@id":"https:\/\/evertonfc.cz\/index.php\/2023\/06\/13\/vedenie-klubu-odstupuje\/#breadcrumb"},"inLanguage":"cs","potentialAction":[{"@type":"ReadAction","target":["https:\/\/evertonfc.cz\/index.php\/2023\/06\/13\/vedenie-klubu-odstupuje\/"]}]},{"@type":"ImageObject","inLanguage":"cs","@id":"https:\/\/evertonfc.cz\/index.php\/2023\/06\/13\/vedenie-klubu-odstupuje\/#primaryimage","url":"https:\/\/evertonfc.cz\/wp-content\/uploads\/2023\/06\/EFC-board-12-6-2023.jpg","contentUrl":"https:\/\/evertonfc.cz\/wp-content\/uploads\/2023\/06\/EFC-board-12-6-2023.jpg","width":720,"height":405},{"@type":"BreadcrumbList","@id":"https:\/\/evertonfc.cz\/index.php\/2023\/06\/13\/vedenie-klubu-odstupuje\/#breadcrumb","itemListElement":[{"@type":"ListItem","position":1,"name":"Home","item":"https:\/\/evertonfc.cz\/"},{"@type":"ListItem","position":2,"name":"Vedenie klubu odstupuje"}]},{"@type":"WebSite","@id":"https:\/\/evertonfc.cz\/#website","url":"https:\/\/evertonfc.cz\/","name":"Official Czech &amp; Slovak Everton Supporters&#039; Club","description":"","publisher":{"@id":"https:\/\/evertonfc.cz\/#organization"},"potentialAction":[{"@type":"SearchAction","target":{"@type":"EntryPoint","urlTemplate":"https:\/\/evertonfc.cz\/?s={search_term_string}"},"query-input":{"@type":"PropertyValueSpecification","valueRequired":true,"valueName":"search_term_string"}}],"inLanguage":"cs"},{"@type":"Organization","@id":"https:\/\/evertonfc.cz\/#organization","name":"Official Czech & Slovak Everton Supporters' Club","url":"https:\/\/evertonfc.cz\/","logo":{"@type":"ImageObject","inLanguage":"cs","@id":"https:\/\/evertonfc.cz\/#\/schema\/logo\/image\/","url":"https:\/\/evertonfc.cz\/wp-content\/uploads\/2019\/05\/logo.png","contentUrl":"https:\/\/evertonfc.cz\/wp-content\/uploads\/2019\/05\/logo.png","width":112,"height":112,"caption":"Official Czech & Slovak Everton Supporters' Club"},"image":{"@id":"https:\/\/evertonfc.cz\/#\/schema\/logo\/image\/"},"sameAs":["https:\/\/www.facebook.com\/everton.fans.cz.sk"]},{"@type":"Person","@id":"https:\/\/evertonfc.cz\/#\/schema\/person\/d4493b8cbea51532597fbc4685698916","name":"BlueBlooded","url":"https:\/\/evertonfc.cz\/index.php\/author\/admin\/"}]}},"_links":{"self":[{"href":"https:\/\/evertonfc.cz\/index.php\/wp-json\/wp\/v2\/posts\/21818"}],"collection":[{"href":"https:\/\/evertonfc.cz\/index.php\/wp-json\/wp\/v2\/posts"}],"about":[{"href":"https:\/\/evertonfc.cz\/index.php\/wp-json\/wp\/v2\/types\/post"}],"author":[{"embeddable":true,"href":"https:\/\/evertonfc.cz\/index.php\/wp-json\/wp\/v2\/users\/1"}],"replies":[{"embeddable":true,"href":"https:\/\/evertonfc.cz\/index.php\/wp-json\/wp\/v2\/comments?post=21818"}],"version-history":[{"count":6,"href":"https:\/\/evertonfc.cz\/index.php\/wp-json\/wp\/v2\/posts\/21818\/revisions"}],"predecessor-version":[{"id":21824,"href":"https:\/\/evertonfc.cz\/index.php\/wp-json\/wp\/v2\/posts\/21818\/revisions\/21824"}],"wp:featuredmedia":[{"embeddable":true,"href":"https:\/\/evertonfc.cz\/index.php\/wp-json\/wp\/v2\/media\/21817"}],"wp:attachment":[{"href":"https:\/\/evertonfc.cz\/index.php\/wp-json\/wp\/v2\/media?parent=21818"}],"wp:term":[{"taxonomy":"category","embeddable":true,"href":"https:\/\/evertonfc.cz\/index.php\/wp-json\/wp\/v2\/categories?post=21818"},{"taxonomy":"post_tag","embeddable":true,"href":"https:\/\/evertonfc.cz\/index.php\/wp-json\/wp\/v2\/tags?post=21818"}],"curies":[{"name":"wp","href":"https:\/\/api.w.org\/{rel}","templated":true}]}}