{"id":2182,"date":"2018-03-17T07:34:18","date_gmt":"2018-03-17T06:34:18","guid":{"rendered":"http:\/\/evertonfc.cz\/?p=2182"},"modified":"2024-11-02T13:47:25","modified_gmt":"2024-11-02T12:47:25","slug":"preview-stoke-city-everton","status":"publish","type":"post","link":"https:\/\/evertonfc.cz\/index.php\/2018\/03\/17\/preview-stoke-city-everton\/","title":{"rendered":"Preview: Stoke City &#8211; Everton"},"content":{"rendered":"\r\n<h4 class=\"wp-block-heading\">Hrn\u010d\u00ed\u0159i ji\u017e v lednu vym\u011bnili mana\u017eera. Ten sou\u010dasn\u00fd, Paul Lambert, ozna\u010dil dne\u0161n\u00ed utk\u00e1n\u00ed za nejd\u016fle\u017eit\u011bj\u0161\u00ed pro jeho t\u00fdm v sez\u00f3n\u011b. Dom\u00e1c\u00ed jsou p\u0159edposledn\u00ed a moment\u00e1ln\u011b by sestupovali, Everton je jedno v\u00edt\u011bzstv\u00ed od hranice \u010dty\u0159iceti bod\u016f, kter\u00e1 znamen\u00e1 z\u00e1chranu. Ob\u011bma t\u00fdm\u016fm jde o hodn\u011b.<\/h4>\r\n\r\n\r\n\r\n<p>Kdy\u017e se neda\u0159\u00ed, tak se vyhazuje tren\u00e9r\/mana\u017eer. Tuhle starou pravdu znaj\u00ed i na v\u00fdchod\u011b Anglie, a tak se b\u00fdval\u00fd Evertonian, Mark Hughes, v lednu pakoval. V sou\u010dasnosti \u0161\u00e9fuje klubu Paul Lambert, kter\u00fd je nejzn\u00e1m\u011bj\u0161\u00ed asi t\u00edm, \u017ee t\u0159i roky tut\u00e9\u017e pozici vykon\u00e1val v Aston Ville, klubu, kter\u00fd je prim\u00e1rn\u011b zodpov\u011bdn\u00fd za vznik ligov\u00e9 sout\u011b\u017ee v roce 1888.<\/p>\r\n\r\n\r\n\r\n<p>Ale to je historie a jeden z nejsta\u0161\u00edch klub\u016f v Anglii (zalo\u017een 1863!) pro\u017e\u00edv\u00e1 moment\u00e1ln\u011b trudnou sou\u010dasnost. Kdyby je\u0161t\u011b Stephen Foster \u017eil, tak by mo\u017en\u00e1 o t\u00e9hle sez\u00f3n\u011b napsal dal\u0161\u00ed knihu. Hrn\u010d\u00ed\u0159i ale maj\u00ed nyn\u00ed opravdu formu sestupov\u00e9ho t\u00fdmu. Naposledy vyhr\u00e1li 20. ledna doma nad Huddersfieldem, p\u0159edchoz\u00ed v\u00edt\u011bzstv\u00ed bylo p\u0159ed dal\u0161\u00edm m\u011bs\u00edcem nad WBA, jedin\u00fdm t\u00fdmem tabulky, kter\u00fd je pod nimi. Anglick\u00fd poh\u00e1r? Vypadnut\u00ed s Coventry City, mu\u017estvem ze \u010dtvrt\u00e9 ligy. A tak maj\u00ed Crouch a spol. do konce sez\u00f3ny jedin\u00fd \u00fakol &#8211; zachr\u00e1nit se. Lambert k tomu \u0159\u00edk\u00e1 n\u00e1sleduj\u00edc\u00ed: <em>\u201eJestli v sobotu vyhrajeme a dostaneme se z p\u00e1sma sestupu, tak to pro n\u00e1s bude velk\u00e1 psychick\u00e1 vzpruha.\u201c\u00a0<\/em>To budou m\u00edt dne\u0161n\u00ed dom\u00e1c\u00ed pod jeho veden\u00edm dost t\u011b\u017ek\u00e9, Skot je\u0161t\u011b Everton za svou kari\u00e9ru mana\u017eera neporazil. K\u00e1dr je celkem zdrav\u00fd, s otazn\u00edkem je start \u00fato\u010dn\u00edka Dioufa, pokud by zvl\u00e1dl b\u00fdt nominov\u00e1n k z\u00e1pasu, tak by se na lavi\u010dku posadil d\u0159\u00edve, ne\u017e se \u010dekalo. Ji\u017e n\u011bjak\u00fd ten t\u00fdden laboruje se zran\u011bn\u00fdm ramenem. A ur\u010dit\u011b kv\u016fli zlomen\u00e9 noze bude chyb\u011bt z\u00e1lo\u017en\u00edk Ireland.<\/p>\r\n\r\n\r\n\r\n<p>Presti\u017en\u00ed duel to bude pro brank\u00e1\u0159e. Butland i Pickford byli povol\u00e1ni do reprezentace na p\u0159\u00e1telsk\u00e1 utk\u00e1n\u00ed proti Nizozem\u00ed a It\u00e1lii. V\u0161eobecn\u011b se o\u010dek\u00e1v\u00e1, \u017ee pr\u00e1v\u011b tito dva svedou souboj o pozici jedni\u010dky pro MS (tedy pokud tam Anglie v\u016fbec pojede, premi\u00e9rka Mayov\u00e1 kv\u016fli atent\u00e1tu na Skripala pohrozila, \u017ee repre na rusk\u00e9 MS neodlet\u00ed). Pickford v posledn\u00edm z\u00e1pase chytal dob\u0159e a celkov\u011b se na v\u00fdkon obrany a t\u00fdmu dalo d\u00edvat. Je vid\u011bt, \u017ee trojice Baines, Coleman a Jagielka je na sebe zvykl\u00e1 a sehran\u00e1, lze se d\u016fvodn\u011b domn\u00edvat, \u017ee do n\u00ed zasahov\u00e1no nebude a obrannou \u010dtve\u0159ici vytvo\u0159\u00ed spolu s Keanem. V z\u00e1loze bude chyb\u011bt Sigurdsson, kter\u00fd se kv\u016fli zran\u011bn\u00ed kolene odpo\u010dine od fotbalu minim\u00e1ln\u011b na \u0161est t\u00fddn\u016f. N\u011bkdo ho tedy bude muset nahradit a Klaassen to asi nebude, by\u0165 bych si vsadil, \u017ee p\u0159ijde na h\u0159i\u0161t\u011b jako st\u0159\u00eddaj\u00edc\u00ed hr\u00e1\u010d. Co se t\u00fdk\u00e1 \u00fato\u010dn\u00e9 \u010d\u00e1sti t\u00fdmu, tak se nab\u00edz\u00ed postaven\u00ed DCL i Tosuna a funkci hlavn\u00edho centrova\u010de do v\u00e1pna by si vzal na starost Walcott. Trojice v takov\u00e9m p\u0159\u00edpad\u011b pro st\u0159ed h\u0159i\u0161t\u011b? Asi Davies, Rooney a Gana. Samoz\u0159ejm\u011b chyb\u00ed Williams, kter\u00fd si odpyk\u00e1v\u00e1 druhou \u010d\u00e1st t\u0159\u00edz\u00e1pasov\u00e9ho trestu (vr\u00e1t\u00ed se na derby). Koleno nepust\u00ed do hry dal\u0161\u00edho stopera Mangalu a zlomen\u00e1 noha nedovol\u00ed hr\u00e1t McCarthymu.<\/p>\r\n\r\n\r\n\r\n<p>Utk\u00e1n\u00ed vys\u00edl\u00e1 p\u0159\u00edm\u00fdm p\u0159enosem stanice Digi sport 1.<\/p>\r\n\r\n\r\n\r\n<p><strong>Co:<\/strong>\u00a0Stoke City FC &#8211; Everton FC, 31. kolo Premier League<br \/><strong>Kdy:<\/strong>\u00a017. 3. 2018 od 16:00 SE\u010c<br \/><strong>Kde:<\/strong>\u00a0bet365 Stadium, Stoke-on-Trent\u00a0<br \/><strong>Rozhod\u010d\u00ed:\u00a0<\/strong>Martin Atkinson<\/p>\r\n","protected":false},"excerpt":{"rendered":"<p>Hrn\u010d\u00ed\u0159i ji\u017e v lednu vym\u011bnili mana\u017eera. Ten sou\u010dasn\u00fd, Paul Lambert, ozna\u010dil dne\u0161n\u00ed utk\u00e1n\u00ed za nejd\u016fle\u017eit\u011bj\u0161\u00ed pro jeho t\u00fdm v sez\u00f3n\u011b.&hellip;<\/p>\n","protected":false},"author":12,"featured_media":25544,"comment_status":"open","ping_status":"closed","sticky":false,"template":"","format":"standard","meta":{"_eb_attr":"","_monsterinsights_skip_tracking":false,"_monsterinsights_sitenote_active":false,"_monsterinsights_sitenote_note":"","_monsterinsights_sitenote_category":0,"footnotes":""},"categories":[4],"tags":[],"yoast_head":"<!-- This site is optimized with the Yoast SEO plugin v23.4 - https:\/\/yoast.com\/wordpress\/plugins\/seo\/ -->\n<title>Preview: Stoke City - Everton - Official Czech &amp; Slovak Everton Supporters&#039; Club<\/title>\n<meta name=\"robots\" content=\"index, follow, max-snippet:-1, max-image-preview:large, max-video-preview:-1\" \/>\n<link rel=\"canonical\" href=\"https:\/\/evertonfc.cz\/index.php\/2018\/03\/17\/preview-stoke-city-everton\/\" \/>\n<meta property=\"og:locale\" content=\"cs_CZ\" \/>\n<meta property=\"og:type\" content=\"article\" \/>\n<meta property=\"og:title\" content=\"Preview: Stoke City - Everton - Official Czech &amp; Slovak Everton Supporters&#039; Club\" \/>\n<meta property=\"og:description\" content=\"Hrn\u010d\u00ed\u0159i ji\u017e v lednu vym\u011bnili mana\u017eera. Ten sou\u010dasn\u00fd, Paul Lambert, ozna\u010dil dne\u0161n\u00ed utk\u00e1n\u00ed za nejd\u016fle\u017eit\u011bj\u0161\u00ed pro jeho t\u00fdm v sez\u00f3n\u011b.&hellip;\" \/>\n<meta property=\"og:url\" content=\"https:\/\/evertonfc.cz\/index.php\/2018\/03\/17\/preview-stoke-city-everton\/\" \/>\n<meta property=\"og:site_name\" content=\"Official Czech &amp; Slovak Everton Supporters&#039; Club\" \/>\n<meta property=\"article:publisher\" content=\"https:\/\/www.facebook.com\/everton.fans.cz.sk\" \/>\n<meta property=\"article:published_time\" content=\"2018-03-17T06:34:18+00:00\" \/>\n<meta property=\"article:modified_time\" content=\"2024-11-02T12:47:25+00:00\" \/>\n<meta property=\"og:image\" content=\"https:\/\/evertonfc.cz\/wp-content\/uploads\/2024\/11\/Stoke-City-VS-Everton.png\" \/>\n\t<meta property=\"og:image:width\" content=\"720\" \/>\n\t<meta property=\"og:image:height\" content=\"405\" \/>\n\t<meta property=\"og:image:type\" content=\"image\/png\" \/>\n<meta name=\"author\" content=\"Javor\" \/>\n<meta name=\"twitter:card\" content=\"summary_large_image\" \/>\n<meta name=\"twitter:creator\" content=\"@LoudinJan\" \/>\n<meta name=\"twitter:label1\" content=\"Napsal(a)\" \/>\n\t<meta name=\"twitter:data1\" content=\"Javor\" \/>\n\t<meta name=\"twitter:label2\" content=\"Odhadovan\u00e1 doba \u010dten\u00ed\" \/>\n\t<meta name=\"twitter:data2\" content=\"3 minuty\" \/>\n<script type=\"application\/ld+json\" class=\"yoast-schema-graph\">{\"@context\":\"https:\/\/schema.org\",\"@graph\":[{\"@type\":\"Article\",\"@id\":\"https:\/\/evertonfc.cz\/index.php\/2018\/03\/17\/preview-stoke-city-everton\/#article\",\"isPartOf\":{\"@id\":\"https:\/\/evertonfc.cz\/index.php\/2018\/03\/17\/preview-stoke-city-everton\/\"},\"author\":{\"name\":\"Javor\",\"@id\":\"https:\/\/evertonfc.cz\/#\/schema\/person\/b30daf6a5852f4811f8207a17ec1bf78\"},\"headline\":\"Preview: Stoke City &#8211; Everton\",\"datePublished\":\"2018-03-17T06:34:18+00:00\",\"dateModified\":\"2024-11-02T12:47:25+00:00\",\"mainEntityOfPage\":{\"@id\":\"https:\/\/evertonfc.cz\/index.php\/2018\/03\/17\/preview-stoke-city-everton\/\"},\"wordCount\":659,\"commentCount\":0,\"publisher\":{\"@id\":\"https:\/\/evertonfc.cz\/#organization\"},\"image\":{\"@id\":\"https:\/\/evertonfc.cz\/index.php\/2018\/03\/17\/preview-stoke-city-everton\/#primaryimage\"},\"thumbnailUrl\":\"https:\/\/evertonfc.cz\/wp-content\/uploads\/2024\/11\/Stoke-City-VS-Everton.png\",\"articleSection\":[\"Z\u00e1pasy\"],\"inLanguage\":\"cs\",\"potentialAction\":[{\"@type\":\"CommentAction\",\"name\":\"Comment\",\"target\":[\"https:\/\/evertonfc.cz\/index.php\/2018\/03\/17\/preview-stoke-city-everton\/#respond\"]}]},{\"@type\":\"WebPage\",\"@id\":\"https:\/\/evertonfc.cz\/index.php\/2018\/03\/17\/preview-stoke-city-everton\/\",\"url\":\"https:\/\/evertonfc.cz\/index.php\/2018\/03\/17\/preview-stoke-city-everton\/\",\"name\":\"Preview: Stoke City - Everton - Official Czech &amp; Slovak Everton Supporters&#039; Club\",\"isPartOf\":{\"@id\":\"https:\/\/evertonfc.cz\/#website\"},\"primaryImageOfPage\":{\"@id\":\"https:\/\/evertonfc.cz\/index.php\/2018\/03\/17\/preview-stoke-city-everton\/#primaryimage\"},\"image\":{\"@id\":\"https:\/\/evertonfc.cz\/index.php\/2018\/03\/17\/preview-stoke-city-everton\/#primaryimage\"},\"thumbnailUrl\":\"https:\/\/evertonfc.cz\/wp-content\/uploads\/2024\/11\/Stoke-City-VS-Everton.png\",\"datePublished\":\"2018-03-17T06:34:18+00:00\",\"dateModified\":\"2024-11-02T12:47:25+00:00\",\"breadcrumb\":{\"@id\":\"https:\/\/evertonfc.cz\/index.php\/2018\/03\/17\/preview-stoke-city-everton\/#breadcrumb\"},\"inLanguage\":\"cs\",\"potentialAction\":[{\"@type\":\"ReadAction\",\"target\":[\"https:\/\/evertonfc.cz\/index.php\/2018\/03\/17\/preview-stoke-city-everton\/\"]}]},{\"@type\":\"ImageObject\",\"inLanguage\":\"cs\",\"@id\":\"https:\/\/evertonfc.cz\/index.php\/2018\/03\/17\/preview-stoke-city-everton\/#primaryimage\",\"url\":\"https:\/\/evertonfc.cz\/wp-content\/uploads\/2024\/11\/Stoke-City-VS-Everton.png\",\"contentUrl\":\"https:\/\/evertonfc.cz\/wp-content\/uploads\/2024\/11\/Stoke-City-VS-Everton.png\",\"width\":720,\"height\":405},{\"@type\":\"BreadcrumbList\",\"@id\":\"https:\/\/evertonfc.cz\/index.php\/2018\/03\/17\/preview-stoke-city-everton\/#breadcrumb\",\"itemListElement\":[{\"@type\":\"ListItem\",\"position\":1,\"name\":\"Home\",\"item\":\"https:\/\/evertonfc.cz\/\"},{\"@type\":\"ListItem\",\"position\":2,\"name\":\"Preview: Stoke City &#8211; Everton\"}]},{\"@type\":\"WebSite\",\"@id\":\"https:\/\/evertonfc.cz\/#website\",\"url\":\"https:\/\/evertonfc.cz\/\",\"name\":\"Official Czech &amp; Slovak Everton Supporters&#039; Club\",\"description\":\"\",\"publisher\":{\"@id\":\"https:\/\/evertonfc.cz\/#organization\"},\"potentialAction\":[{\"@type\":\"SearchAction\",\"target\":{\"@type\":\"EntryPoint\",\"urlTemplate\":\"https:\/\/evertonfc.cz\/?s={search_term_string}\"},\"query-input\":{\"@type\":\"PropertyValueSpecification\",\"valueRequired\":true,\"valueName\":\"search_term_string\"}}],\"inLanguage\":\"cs\"},{\"@type\":\"Organization\",\"@id\":\"https:\/\/evertonfc.cz\/#organization\",\"name\":\"Official Czech & Slovak Everton Supporters' Club\",\"url\":\"https:\/\/evertonfc.cz\/\",\"logo\":{\"@type\":\"ImageObject\",\"inLanguage\":\"cs\",\"@id\":\"https:\/\/evertonfc.cz\/#\/schema\/logo\/image\/\",\"url\":\"https:\/\/evertonfc.cz\/wp-content\/uploads\/2019\/05\/logo.png\",\"contentUrl\":\"https:\/\/evertonfc.cz\/wp-content\/uploads\/2019\/05\/logo.png\",\"width\":112,\"height\":112,\"caption\":\"Official Czech & Slovak Everton Supporters' Club\"},\"image\":{\"@id\":\"https:\/\/evertonfc.cz\/#\/schema\/logo\/image\/\"},\"sameAs\":[\"https:\/\/www.facebook.com\/everton.fans.cz.sk\"]},{\"@type\":\"Person\",\"@id\":\"https:\/\/evertonfc.cz\/#\/schema\/person\/b30daf6a5852f4811f8207a17ec1bf78\",\"name\":\"Javor\",\"sameAs\":[\"https:\/\/x.com\/LoudinJan\"],\"url\":\"https:\/\/evertonfc.cz\/index.php\/author\/javor\/\"}]}<\/script>\n<!-- \/ Yoast SEO plugin. -->","yoast_head_json":{"title":"Preview: Stoke City - Everton - Official Czech &amp; Slovak Everton Supporters&#039; Club","robots":{"index":"index","follow":"follow","max-snippet":"max-snippet:-1","max-image-preview":"max-image-preview:large","max-video-preview":"max-video-preview:-1"},"canonical":"https:\/\/evertonfc.cz\/index.php\/2018\/03\/17\/preview-stoke-city-everton\/","og_locale":"cs_CZ","og_type":"article","og_title":"Preview: Stoke City - Everton - Official Czech &amp; Slovak Everton Supporters&#039; Club","og_description":"Hrn\u010d\u00ed\u0159i ji\u017e v lednu vym\u011bnili mana\u017eera. Ten sou\u010dasn\u00fd, Paul Lambert, ozna\u010dil dne\u0161n\u00ed utk\u00e1n\u00ed za nejd\u016fle\u017eit\u011bj\u0161\u00ed pro jeho t\u00fdm v sez\u00f3n\u011b.&hellip;","og_url":"https:\/\/evertonfc.cz\/index.php\/2018\/03\/17\/preview-stoke-city-everton\/","og_site_name":"Official Czech &amp; Slovak Everton Supporters&#039; Club","article_publisher":"https:\/\/www.facebook.com\/everton.fans.cz.sk","article_published_time":"2018-03-17T06:34:18+00:00","article_modified_time":"2024-11-02T12:47:25+00:00","og_image":[{"width":720,"height":405,"url":"https:\/\/evertonfc.cz\/wp-content\/uploads\/2024\/11\/Stoke-City-VS-Everton.png","type":"image\/png"}],"author":"Javor","twitter_card":"summary_large_image","twitter_creator":"@LoudinJan","twitter_misc":{"Napsal(a)":"Javor","Odhadovan\u00e1 doba \u010dten\u00ed":"3 minuty"},"schema":{"@context":"https:\/\/schema.org","@graph":[{"@type":"Article","@id":"https:\/\/evertonfc.cz\/index.php\/2018\/03\/17\/preview-stoke-city-everton\/#article","isPartOf":{"@id":"https:\/\/evertonfc.cz\/index.php\/2018\/03\/17\/preview-stoke-city-everton\/"},"author":{"name":"Javor","@id":"https:\/\/evertonfc.cz\/#\/schema\/person\/b30daf6a5852f4811f8207a17ec1bf78"},"headline":"Preview: Stoke City &#8211; Everton","datePublished":"2018-03-17T06:34:18+00:00","dateModified":"2024-11-02T12:47:25+00:00","mainEntityOfPage":{"@id":"https:\/\/evertonfc.cz\/index.php\/2018\/03\/17\/preview-stoke-city-everton\/"},"wordCount":659,"commentCount":0,"publisher":{"@id":"https:\/\/evertonfc.cz\/#organization"},"image":{"@id":"https:\/\/evertonfc.cz\/index.php\/2018\/03\/17\/preview-stoke-city-everton\/#primaryimage"},"thumbnailUrl":"https:\/\/evertonfc.cz\/wp-content\/uploads\/2024\/11\/Stoke-City-VS-Everton.png","articleSection":["Z\u00e1pasy"],"inLanguage":"cs","potentialAction":[{"@type":"CommentAction","name":"Comment","target":["https:\/\/evertonfc.cz\/index.php\/2018\/03\/17\/preview-stoke-city-everton\/#respond"]}]},{"@type":"WebPage","@id":"https:\/\/evertonfc.cz\/index.php\/2018\/03\/17\/preview-stoke-city-everton\/","url":"https:\/\/evertonfc.cz\/index.php\/2018\/03\/17\/preview-stoke-city-everton\/","name":"Preview: Stoke City - Everton - Official Czech &amp; Slovak Everton Supporters&#039; Club","isPartOf":{"@id":"https:\/\/evertonfc.cz\/#website"},"primaryImageOfPage":{"@id":"https:\/\/evertonfc.cz\/index.php\/2018\/03\/17\/preview-stoke-city-everton\/#primaryimage"},"image":{"@id":"https:\/\/evertonfc.cz\/index.php\/2018\/03\/17\/preview-stoke-city-everton\/#primaryimage"},"thumbnailUrl":"https:\/\/evertonfc.cz\/wp-content\/uploads\/2024\/11\/Stoke-City-VS-Everton.png","datePublished":"2018-03-17T06:34:18+00:00","dateModified":"2024-11-02T12:47:25+00:00","breadcrumb":{"@id":"https:\/\/evertonfc.cz\/index.php\/2018\/03\/17\/preview-stoke-city-everton\/#breadcrumb"},"inLanguage":"cs","potentialAction":[{"@type":"ReadAction","target":["https:\/\/evertonfc.cz\/index.php\/2018\/03\/17\/preview-stoke-city-everton\/"]}]},{"@type":"ImageObject","inLanguage":"cs","@id":"https:\/\/evertonfc.cz\/index.php\/2018\/03\/17\/preview-stoke-city-everton\/#primaryimage","url":"https:\/\/evertonfc.cz\/wp-content\/uploads\/2024\/11\/Stoke-City-VS-Everton.png","contentUrl":"https:\/\/evertonfc.cz\/wp-content\/uploads\/2024\/11\/Stoke-City-VS-Everton.png","width":720,"height":405},{"@type":"BreadcrumbList","@id":"https:\/\/evertonfc.cz\/index.php\/2018\/03\/17\/preview-stoke-city-everton\/#breadcrumb","itemListElement":[{"@type":"ListItem","position":1,"name":"Home","item":"https:\/\/evertonfc.cz\/"},{"@type":"ListItem","position":2,"name":"Preview: Stoke City &#8211; Everton"}]},{"@type":"WebSite","@id":"https:\/\/evertonfc.cz\/#website","url":"https:\/\/evertonfc.cz\/","name":"Official Czech &amp; Slovak Everton Supporters&#039; Club","description":"","publisher":{"@id":"https:\/\/evertonfc.cz\/#organization"},"potentialAction":[{"@type":"SearchAction","target":{"@type":"EntryPoint","urlTemplate":"https:\/\/evertonfc.cz\/?s={search_term_string}"},"query-input":{"@type":"PropertyValueSpecification","valueRequired":true,"valueName":"search_term_string"}}],"inLanguage":"cs"},{"@type":"Organization","@id":"https:\/\/evertonfc.cz\/#organization","name":"Official Czech & Slovak Everton Supporters' Club","url":"https:\/\/evertonfc.cz\/","logo":{"@type":"ImageObject","inLanguage":"cs","@id":"https:\/\/evertonfc.cz\/#\/schema\/logo\/image\/","url":"https:\/\/evertonfc.cz\/wp-content\/uploads\/2019\/05\/logo.png","contentUrl":"https:\/\/evertonfc.cz\/wp-content\/uploads\/2019\/05\/logo.png","width":112,"height":112,"caption":"Official Czech & Slovak Everton Supporters' Club"},"image":{"@id":"https:\/\/evertonfc.cz\/#\/schema\/logo\/image\/"},"sameAs":["https:\/\/www.facebook.com\/everton.fans.cz.sk"]},{"@type":"Person","@id":"https:\/\/evertonfc.cz\/#\/schema\/person\/b30daf6a5852f4811f8207a17ec1bf78","name":"Javor","sameAs":["https:\/\/x.com\/LoudinJan"],"url":"https:\/\/evertonfc.cz\/index.php\/author\/javor\/"}]}},"_links":{"self":[{"href":"https:\/\/evertonfc.cz\/index.php\/wp-json\/wp\/v2\/posts\/2182"}],"collection":[{"href":"https:\/\/evertonfc.cz\/index.php\/wp-json\/wp\/v2\/posts"}],"about":[{"href":"https:\/\/evertonfc.cz\/index.php\/wp-json\/wp\/v2\/types\/post"}],"author":[{"embeddable":true,"href":"https:\/\/evertonfc.cz\/index.php\/wp-json\/wp\/v2\/users\/12"}],"replies":[{"embeddable":true,"href":"https:\/\/evertonfc.cz\/index.php\/wp-json\/wp\/v2\/comments?post=2182"}],"version-history":[{"count":2,"href":"https:\/\/evertonfc.cz\/index.php\/wp-json\/wp\/v2\/posts\/2182\/revisions"}],"predecessor-version":[{"id":25548,"href":"https:\/\/evertonfc.cz\/index.php\/wp-json\/wp\/v2\/posts\/2182\/revisions\/25548"}],"wp:featuredmedia":[{"embeddable":true,"href":"https:\/\/evertonfc.cz\/index.php\/wp-json\/wp\/v2\/media\/25544"}],"wp:attachment":[{"href":"https:\/\/evertonfc.cz\/index.php\/wp-json\/wp\/v2\/media?parent=2182"}],"wp:term":[{"taxonomy":"category","embeddable":true,"href":"https:\/\/evertonfc.cz\/index.php\/wp-json\/wp\/v2\/categories?post=2182"},{"taxonomy":"post_tag","embeddable":true,"href":"https:\/\/evertonfc.cz\/index.php\/wp-json\/wp\/v2\/tags?post=2182"}],"curies":[{"name":"wp","href":"https:\/\/api.w.org\/{rel}","templated":true}]}}