{"id":21866,"date":"2023-06-22T20:25:05","date_gmt":"2023-06-22T18:25:05","guid":{"rendered":"https:\/\/evertonfc.cz\/?p=21866"},"modified":"2023-06-22T20:25:05","modified_gmt":"2023-06-22T18:25:05","slug":"davies-opusta-everton","status":"publish","type":"post","link":"https:\/\/evertonfc.cz\/index.php\/2023\/06\/22\/davies-opusta-everton\/","title":{"rendered":"Davies op\u00fa\u0161\u0165a Everton"},"content":{"rendered":"<h4>Dlho o\u010dak\u00e1van\u00e9 sa stalo skuto\u010dnos\u0165ou. Odchovanec a\u00a0fan\u00fa\u0161ik EFC chce po 13 rokoch v klube h\u013eada\u0165 hern\u00e9 \u0161\u0165astie niekde inde. Kde to konkr\u00e9tne bude, sa e\u0161te nevie.<\/h4>\n<p>Everton to len pred p\u00e1r chv\u00ed\u013eami zverejnil na svojich ofici\u00e1lnych str\u00e1nkach. Po odmietnut\u00ed ponuky Seana Dycha na nov\u00fa zmluvu opust\u00ed Goodison Park, ke\u010f mu vypr\u0161\u00ed aktu\u00e1lny kontrakt na konci tohto mesiaca. Davies odohral za klub, ktor\u00fd od detstva podporoval, 179 z\u00e1pasov. V nich strelil 7 g\u00f3lov, a na 8 prihral. Tento st\u00e1le len 24-ro\u010dn\u00fd stredopoliar p\u00f4sobil v EFC od svojich 11 rokov, ke\u010f postupoval cez klubov\u00fa akad\u00e9miu. <a href=\"https:\/\/evertonfc.cz\/index.php\/2016\/04\/17\/everton-southampton-11-2\/\">Debutoval pod Mart\u00ednezom u\u017e ako 17-ro\u010dn\u00fd proti Southamptonu v apr\u00edli 2016<\/a>. Dokonca sa stal najmlad\u0161\u00edm kapit\u00e1nom v hist\u00f3rii klubu vo veku 20 rokov a 60 dn\u00ed. Prekonal tak dovtedaj\u0161\u00ed rekord Steva McMahona z roku 1983. Jeho l\u00eddersk\u00e9 schopnosti vyu\u017eili aj vo v\u00fdbere Anglicka, kde bol kapit\u00e1nom na v\u0161etk\u00fdch \u00farovniach od 15 do 21 rokov.<\/p>\n<h4><strong>\u0160portov\u00fd riadite\u013e Evertonu, Kevin Thelwell:<\/strong><\/h4>\n<blockquote><p><span style=\"font-size: 12pt;\"><em>\u201eTomovi sme pon\u00fakli nov\u00fa zmluvu, no c\u00edti, \u017ee vo svojej kari\u00e9re dosiahol bod, kedy potrebuje pravideln\u00fd futbal v prvom t\u00edme. Preto sa chce poobzera\u0165 po alternat\u00edvnych mo\u017enostiach mimo Evertonu. Ako celo\u017eivotn\u00fd Evertonian a hrd\u00fd Scouser, Tom v\u017edy dal klubu v\u0161etko. Re\u0161pektujeme jeho rozhodnutie a \u010fakujeme mu za jeho slu\u017ebu a odhodlanie. V\u0161etci v Evertone mu praj\u00fa len to najlep\u0161ie do bud\u00facnosti.\u201c<\/em><\/span><\/p><\/blockquote>\n<p>Tom je rod\u00e1kom z\u00a0Liverpoolu. B\u00fdval\u00fd hr\u00e1\u010d Evertonu Alan Whittle je dokonca jeho str\u00fdko, ktor\u00fd v rokoch 1967 a\u017e 1972 odohral za modr\u00fd klub z Merseyside 74 z\u00e1pasov. Jeho star\u0161\u00ed brat Liam je poloprofesion\u00e1lny futbalista, ktor\u00fd hr\u00e1val aj za Tranmere Rovers. Davies okrem klubovej charity p\u00f4sob\u00ed aj ako dobrovo\u013en\u00edk pre Sunday Supper Project, miestnu organiz\u00e1ciu zameran\u00fa na podporu bezdomovcov v Liverpoole.<\/p>\n<h4><strong>Sue Gregory, v\u00fdkonn\u00e1 riadite\u013eka Everton in the Community:<\/strong><\/h4>\n<blockquote><p><span style=\"font-size: 12pt;\"><em>\u201eV mene Evertonu v Komunite sa chcem po\u010fakova\u0165 Tomovi za jeho ne\u00fanavn\u00e9 \u00fasilie a oddanos\u0165 na\u0161ej charite. V\u017edy neochvejne podporoval a bol fantastick\u00fdm ve\u013evyslancom klubu, \u010do zah\u0155\u0148alo aj charitat\u00edvnu pr\u00e1cu v tomto meste, ktor\u00e9 tak miluje. \u010eakujeme mu za v\u0161etko, \u010do pre n\u00e1s urobil.\u201c<\/em><\/span><\/p><\/blockquote>\n<p>Davies bol po v\u00e4\u010d\u0161inu \u010dasu v klube viac zn\u00e1my pre svoje charitat\u00edvne \u010dinnosti, ne\u017e pre v\u00fdkony na ihrisku, hoci <a href=\"https:\/\/evertonfc.cz\/index.php\/2019\/11\/12\/vysneny-tahoun-davies\/\">d\u00f4le\u017eit\u00e9 v\u00fdkony najm\u00e4 v \u010dasoch kr\u00edzy<\/a> mu nemo\u017eno uprie\u0165. Av\u0161ak svoje miesto si v\u017edy musel vydob\u00fdja\u0165 z lavi\u010dky. V\u017edy tak i\u0161lo o boj s drah\u00fdmi posilami, ktor\u00e9 v s\u00fa\u010dasnosti u\u017e ani nie s\u00fa v klube. Je preto priam a\u017e trestuhodn\u00e9, \u017ee mu zo \u017eiadny z mana\u017e\u00e9rov, hoci s n\u00edm pr\u00edli\u0161 nepo\u010d\u00edtal, neumo\u017enil od\u00eds\u0165 na hos\u0165ovanie. <a href=\"https:\/\/evertonfc.cz\/index.php\/2018\/12\/17\/davies-zcela-urcite-neodejde-na-hostovani\/\">Ani Silva v lete 2018<\/a>, \u010di <a href=\"https:\/\/evertonfc.cz\/index.php\/2021\/03\/19\/davies-chcel-odist-hostovat\/\">Ancelotti o tri roky nesk\u00f4r<\/a>. Jeho progres preto dlhodobo stagnoval, a\u017e sa v podstate zastavil.<\/p>\n<h4><strong>Davies v\u00a0decembri 2022:<\/strong><\/h4>\n<blockquote><p><span style=\"font-size: 12pt;\"><em>\u201eMilujem klub a mesto, ale v kone\u010dnom d\u00f4sledku chcem hra\u0165 z\u00e1pasy, \u010di u\u017e v Evertone alebo niekde inde. Ak to tu nedostanem, budem sa musie\u0165 nad t\u00fdm zamyslie\u0165.\u201c<\/em><\/span><\/p><\/blockquote>\n<p>Bud\u00faci zamestn\u00e1vate\u013e Daviesa e\u0161te nie je zn\u00e1my. No n\u00fadzu o z\u00e1ujem ma\u0165 nebude. \u010ci u\u017e v podobe nov\u00e1\u010dikov Premier League, alebo omladenia etablovanej\u0161\u00edch celkov. A kto vie, mo\u017eno zamieri o poschodie ni\u017e\u0161ie, \u010di dokonca do zahrani\u010dia. V minulosti mal o neho z\u00e1ujem \u010derstvo zost\u00fapen\u00fd Southampton, \u010di \u0161k\u00f3tsky Rangers. Ale najnov\u0161ie m\u00e1 na stole vraj 3-ro\u010dn\u00fa ponuku od talianskej Monzy zo Seria A. Tak dr\u017e\u00edme palce, Tom.<\/p>\n<p style=\"text-align: right;\"><span style=\"font-size: 8pt;\">(fotozdroj: sportmob.com)<\/span><\/p>\n","protected":false},"excerpt":{"rendered":"<p>Dlho o\u010dak\u00e1van\u00e9 sa stalo skuto\u010dnos\u0165ou. Odchovanec a\u00a0fan\u00fa\u0161ik EFC chce po 13 rokoch v klube h\u013eada\u0165 hern\u00e9 \u0161\u0165astie niekde inde. Kde to konkr\u00e9tne bude, sa e\u0161te nevie.<\/p>\n","protected":false},"author":1,"featured_media":21867,"comment_status":"open","ping_status":"closed","sticky":false,"template":"","format":"standard","meta":{"_eb_attr":"","_monsterinsights_skip_tracking":false,"_monsterinsights_sitenote_active":false,"_monsterinsights_sitenote_note":"","_monsterinsights_sitenote_category":0,"footnotes":""},"categories":[41],"tags":[],"yoast_head":"<!-- This site is optimized with the Yoast SEO plugin v23.4 - https:\/\/yoast.com\/wordpress\/plugins\/seo\/ -->\n<title>Davies op\u00fa\u0161\u0165a Everton - Official Czech &amp; Slovak Everton Supporters&#039; Club<\/title>\n<meta name=\"robots\" content=\"index, follow, max-snippet:-1, max-image-preview:large, max-video-preview:-1\" \/>\n<link rel=\"canonical\" href=\"https:\/\/evertonfc.cz\/index.php\/2023\/06\/22\/davies-opusta-everton\/\" \/>\n<meta property=\"og:locale\" content=\"cs_CZ\" \/>\n<meta property=\"og:type\" content=\"article\" \/>\n<meta property=\"og:title\" content=\"Davies op\u00fa\u0161\u0165a Everton - Official Czech &amp; Slovak Everton Supporters&#039; Club\" \/>\n<meta property=\"og:description\" content=\"Dlho o\u010dak\u00e1van\u00e9 sa stalo skuto\u010dnos\u0165ou. Odchovanec a\u00a0fan\u00fa\u0161ik EFC chce po 13 rokoch v klube h\u013eada\u0165 hern\u00e9 \u0161\u0165astie niekde inde. Kde to konkr\u00e9tne bude, sa e\u0161te nevie.\" \/>\n<meta property=\"og:url\" content=\"https:\/\/evertonfc.cz\/index.php\/2023\/06\/22\/davies-opusta-everton\/\" \/>\n<meta property=\"og:site_name\" content=\"Official Czech &amp; Slovak Everton Supporters&#039; Club\" \/>\n<meta property=\"article:publisher\" content=\"https:\/\/www.facebook.com\/everton.fans.cz.sk\" \/>\n<meta property=\"article:published_time\" content=\"2023-06-22T18:25:05+00:00\" \/>\n<meta property=\"og:image\" content=\"https:\/\/evertonfc.cz\/wp-content\/uploads\/2023\/06\/Tom-Davies-from-sportmob.com-22-6-2023.jpg\" \/>\n\t<meta property=\"og:image:width\" content=\"720\" \/>\n\t<meta property=\"og:image:height\" content=\"405\" \/>\n\t<meta property=\"og:image:type\" content=\"image\/jpeg\" \/>\n<meta name=\"author\" content=\"BlueBlooded\" \/>\n<meta name=\"twitter:card\" content=\"summary_large_image\" \/>\n<meta name=\"twitter:label1\" content=\"Napsal(a)\" \/>\n\t<meta name=\"twitter:data1\" content=\"BlueBlooded\" \/>\n\t<meta name=\"twitter:label2\" content=\"Odhadovan\u00e1 doba \u010dten\u00ed\" \/>\n\t<meta name=\"twitter:data2\" content=\"3 minuty\" \/>\n<script type=\"application\/ld+json\" class=\"yoast-schema-graph\">{\"@context\":\"https:\/\/schema.org\",\"@graph\":[{\"@type\":\"Article\",\"@id\":\"https:\/\/evertonfc.cz\/index.php\/2023\/06\/22\/davies-opusta-everton\/#article\",\"isPartOf\":{\"@id\":\"https:\/\/evertonfc.cz\/index.php\/2023\/06\/22\/davies-opusta-everton\/\"},\"author\":{\"name\":\"BlueBlooded\",\"@id\":\"https:\/\/evertonfc.cz\/#\/schema\/person\/d4493b8cbea51532597fbc4685698916\"},\"headline\":\"Davies op\u00fa\u0161\u0165a Everton\",\"datePublished\":\"2023-06-22T18:25:05+00:00\",\"dateModified\":\"2023-06-22T18:25:05+00:00\",\"mainEntityOfPage\":{\"@id\":\"https:\/\/evertonfc.cz\/index.php\/2023\/06\/22\/davies-opusta-everton\/\"},\"wordCount\":625,\"commentCount\":5,\"publisher\":{\"@id\":\"https:\/\/evertonfc.cz\/#organization\"},\"image\":{\"@id\":\"https:\/\/evertonfc.cz\/index.php\/2023\/06\/22\/davies-opusta-everton\/#primaryimage\"},\"thumbnailUrl\":\"https:\/\/evertonfc.cz\/wp-content\/uploads\/2023\/06\/Tom-Davies-from-sportmob.com-22-6-2023.jpg\",\"articleSection\":[\"P\u0159estupy\"],\"inLanguage\":\"cs\",\"potentialAction\":[{\"@type\":\"CommentAction\",\"name\":\"Comment\",\"target\":[\"https:\/\/evertonfc.cz\/index.php\/2023\/06\/22\/davies-opusta-everton\/#respond\"]}]},{\"@type\":\"WebPage\",\"@id\":\"https:\/\/evertonfc.cz\/index.php\/2023\/06\/22\/davies-opusta-everton\/\",\"url\":\"https:\/\/evertonfc.cz\/index.php\/2023\/06\/22\/davies-opusta-everton\/\",\"name\":\"Davies op\u00fa\u0161\u0165a Everton - Official Czech &amp; Slovak Everton Supporters&#039; Club\",\"isPartOf\":{\"@id\":\"https:\/\/evertonfc.cz\/#website\"},\"primaryImageOfPage\":{\"@id\":\"https:\/\/evertonfc.cz\/index.php\/2023\/06\/22\/davies-opusta-everton\/#primaryimage\"},\"image\":{\"@id\":\"https:\/\/evertonfc.cz\/index.php\/2023\/06\/22\/davies-opusta-everton\/#primaryimage\"},\"thumbnailUrl\":\"https:\/\/evertonfc.cz\/wp-content\/uploads\/2023\/06\/Tom-Davies-from-sportmob.com-22-6-2023.jpg\",\"datePublished\":\"2023-06-22T18:25:05+00:00\",\"dateModified\":\"2023-06-22T18:25:05+00:00\",\"breadcrumb\":{\"@id\":\"https:\/\/evertonfc.cz\/index.php\/2023\/06\/22\/davies-opusta-everton\/#breadcrumb\"},\"inLanguage\":\"cs\",\"potentialAction\":[{\"@type\":\"ReadAction\",\"target\":[\"https:\/\/evertonfc.cz\/index.php\/2023\/06\/22\/davies-opusta-everton\/\"]}]},{\"@type\":\"ImageObject\",\"inLanguage\":\"cs\",\"@id\":\"https:\/\/evertonfc.cz\/index.php\/2023\/06\/22\/davies-opusta-everton\/#primaryimage\",\"url\":\"https:\/\/evertonfc.cz\/wp-content\/uploads\/2023\/06\/Tom-Davies-from-sportmob.com-22-6-2023.jpg\",\"contentUrl\":\"https:\/\/evertonfc.cz\/wp-content\/uploads\/2023\/06\/Tom-Davies-from-sportmob.com-22-6-2023.jpg\",\"width\":720,\"height\":405},{\"@type\":\"BreadcrumbList\",\"@id\":\"https:\/\/evertonfc.cz\/index.php\/2023\/06\/22\/davies-opusta-everton\/#breadcrumb\",\"itemListElement\":[{\"@type\":\"ListItem\",\"position\":1,\"name\":\"Home\",\"item\":\"https:\/\/evertonfc.cz\/\"},{\"@type\":\"ListItem\",\"position\":2,\"name\":\"Davies op\u00fa\u0161\u0165a Everton\"}]},{\"@type\":\"WebSite\",\"@id\":\"https:\/\/evertonfc.cz\/#website\",\"url\":\"https:\/\/evertonfc.cz\/\",\"name\":\"Official Czech &amp; Slovak Everton Supporters&#039; Club\",\"description\":\"\",\"publisher\":{\"@id\":\"https:\/\/evertonfc.cz\/#organization\"},\"potentialAction\":[{\"@type\":\"SearchAction\",\"target\":{\"@type\":\"EntryPoint\",\"urlTemplate\":\"https:\/\/evertonfc.cz\/?s={search_term_string}\"},\"query-input\":{\"@type\":\"PropertyValueSpecification\",\"valueRequired\":true,\"valueName\":\"search_term_string\"}}],\"inLanguage\":\"cs\"},{\"@type\":\"Organization\",\"@id\":\"https:\/\/evertonfc.cz\/#organization\",\"name\":\"Official Czech & Slovak Everton Supporters' Club\",\"url\":\"https:\/\/evertonfc.cz\/\",\"logo\":{\"@type\":\"ImageObject\",\"inLanguage\":\"cs\",\"@id\":\"https:\/\/evertonfc.cz\/#\/schema\/logo\/image\/\",\"url\":\"https:\/\/evertonfc.cz\/wp-content\/uploads\/2019\/05\/logo.png\",\"contentUrl\":\"https:\/\/evertonfc.cz\/wp-content\/uploads\/2019\/05\/logo.png\",\"width\":112,\"height\":112,\"caption\":\"Official Czech & Slovak Everton Supporters' Club\"},\"image\":{\"@id\":\"https:\/\/evertonfc.cz\/#\/schema\/logo\/image\/\"},\"sameAs\":[\"https:\/\/www.facebook.com\/everton.fans.cz.sk\"]},{\"@type\":\"Person\",\"@id\":\"https:\/\/evertonfc.cz\/#\/schema\/person\/d4493b8cbea51532597fbc4685698916\",\"name\":\"BlueBlooded\",\"url\":\"https:\/\/evertonfc.cz\/index.php\/author\/admin\/\"}]}<\/script>\n<!-- \/ Yoast SEO plugin. -->","yoast_head_json":{"title":"Davies op\u00fa\u0161\u0165a Everton - Official Czech &amp; Slovak Everton Supporters&#039; Club","robots":{"index":"index","follow":"follow","max-snippet":"max-snippet:-1","max-image-preview":"max-image-preview:large","max-video-preview":"max-video-preview:-1"},"canonical":"https:\/\/evertonfc.cz\/index.php\/2023\/06\/22\/davies-opusta-everton\/","og_locale":"cs_CZ","og_type":"article","og_title":"Davies op\u00fa\u0161\u0165a Everton - Official Czech &amp; Slovak Everton Supporters&#039; Club","og_description":"Dlho o\u010dak\u00e1van\u00e9 sa stalo skuto\u010dnos\u0165ou. Odchovanec a\u00a0fan\u00fa\u0161ik EFC chce po 13 rokoch v klube h\u013eada\u0165 hern\u00e9 \u0161\u0165astie niekde inde. Kde to konkr\u00e9tne bude, sa e\u0161te nevie.","og_url":"https:\/\/evertonfc.cz\/index.php\/2023\/06\/22\/davies-opusta-everton\/","og_site_name":"Official Czech &amp; Slovak Everton Supporters&#039; Club","article_publisher":"https:\/\/www.facebook.com\/everton.fans.cz.sk","article_published_time":"2023-06-22T18:25:05+00:00","og_image":[{"width":720,"height":405,"url":"https:\/\/evertonfc.cz\/wp-content\/uploads\/2023\/06\/Tom-Davies-from-sportmob.com-22-6-2023.jpg","type":"image\/jpeg"}],"author":"BlueBlooded","twitter_card":"summary_large_image","twitter_misc":{"Napsal(a)":"BlueBlooded","Odhadovan\u00e1 doba \u010dten\u00ed":"3 minuty"},"schema":{"@context":"https:\/\/schema.org","@graph":[{"@type":"Article","@id":"https:\/\/evertonfc.cz\/index.php\/2023\/06\/22\/davies-opusta-everton\/#article","isPartOf":{"@id":"https:\/\/evertonfc.cz\/index.php\/2023\/06\/22\/davies-opusta-everton\/"},"author":{"name":"BlueBlooded","@id":"https:\/\/evertonfc.cz\/#\/schema\/person\/d4493b8cbea51532597fbc4685698916"},"headline":"Davies op\u00fa\u0161\u0165a Everton","datePublished":"2023-06-22T18:25:05+00:00","dateModified":"2023-06-22T18:25:05+00:00","mainEntityOfPage":{"@id":"https:\/\/evertonfc.cz\/index.php\/2023\/06\/22\/davies-opusta-everton\/"},"wordCount":625,"commentCount":5,"publisher":{"@id":"https:\/\/evertonfc.cz\/#organization"},"image":{"@id":"https:\/\/evertonfc.cz\/index.php\/2023\/06\/22\/davies-opusta-everton\/#primaryimage"},"thumbnailUrl":"https:\/\/evertonfc.cz\/wp-content\/uploads\/2023\/06\/Tom-Davies-from-sportmob.com-22-6-2023.jpg","articleSection":["P\u0159estupy"],"inLanguage":"cs","potentialAction":[{"@type":"CommentAction","name":"Comment","target":["https:\/\/evertonfc.cz\/index.php\/2023\/06\/22\/davies-opusta-everton\/#respond"]}]},{"@type":"WebPage","@id":"https:\/\/evertonfc.cz\/index.php\/2023\/06\/22\/davies-opusta-everton\/","url":"https:\/\/evertonfc.cz\/index.php\/2023\/06\/22\/davies-opusta-everton\/","name":"Davies op\u00fa\u0161\u0165a Everton - Official Czech &amp; Slovak Everton Supporters&#039; Club","isPartOf":{"@id":"https:\/\/evertonfc.cz\/#website"},"primaryImageOfPage":{"@id":"https:\/\/evertonfc.cz\/index.php\/2023\/06\/22\/davies-opusta-everton\/#primaryimage"},"image":{"@id":"https:\/\/evertonfc.cz\/index.php\/2023\/06\/22\/davies-opusta-everton\/#primaryimage"},"thumbnailUrl":"https:\/\/evertonfc.cz\/wp-content\/uploads\/2023\/06\/Tom-Davies-from-sportmob.com-22-6-2023.jpg","datePublished":"2023-06-22T18:25:05+00:00","dateModified":"2023-06-22T18:25:05+00:00","breadcrumb":{"@id":"https:\/\/evertonfc.cz\/index.php\/2023\/06\/22\/davies-opusta-everton\/#breadcrumb"},"inLanguage":"cs","potentialAction":[{"@type":"ReadAction","target":["https:\/\/evertonfc.cz\/index.php\/2023\/06\/22\/davies-opusta-everton\/"]}]},{"@type":"ImageObject","inLanguage":"cs","@id":"https:\/\/evertonfc.cz\/index.php\/2023\/06\/22\/davies-opusta-everton\/#primaryimage","url":"https:\/\/evertonfc.cz\/wp-content\/uploads\/2023\/06\/Tom-Davies-from-sportmob.com-22-6-2023.jpg","contentUrl":"https:\/\/evertonfc.cz\/wp-content\/uploads\/2023\/06\/Tom-Davies-from-sportmob.com-22-6-2023.jpg","width":720,"height":405},{"@type":"BreadcrumbList","@id":"https:\/\/evertonfc.cz\/index.php\/2023\/06\/22\/davies-opusta-everton\/#breadcrumb","itemListElement":[{"@type":"ListItem","position":1,"name":"Home","item":"https:\/\/evertonfc.cz\/"},{"@type":"ListItem","position":2,"name":"Davies op\u00fa\u0161\u0165a Everton"}]},{"@type":"WebSite","@id":"https:\/\/evertonfc.cz\/#website","url":"https:\/\/evertonfc.cz\/","name":"Official Czech &amp; Slovak Everton Supporters&#039; Club","description":"","publisher":{"@id":"https:\/\/evertonfc.cz\/#organization"},"potentialAction":[{"@type":"SearchAction","target":{"@type":"EntryPoint","urlTemplate":"https:\/\/evertonfc.cz\/?s={search_term_string}"},"query-input":{"@type":"PropertyValueSpecification","valueRequired":true,"valueName":"search_term_string"}}],"inLanguage":"cs"},{"@type":"Organization","@id":"https:\/\/evertonfc.cz\/#organization","name":"Official Czech & Slovak Everton Supporters' Club","url":"https:\/\/evertonfc.cz\/","logo":{"@type":"ImageObject","inLanguage":"cs","@id":"https:\/\/evertonfc.cz\/#\/schema\/logo\/image\/","url":"https:\/\/evertonfc.cz\/wp-content\/uploads\/2019\/05\/logo.png","contentUrl":"https:\/\/evertonfc.cz\/wp-content\/uploads\/2019\/05\/logo.png","width":112,"height":112,"caption":"Official Czech & Slovak Everton Supporters' Club"},"image":{"@id":"https:\/\/evertonfc.cz\/#\/schema\/logo\/image\/"},"sameAs":["https:\/\/www.facebook.com\/everton.fans.cz.sk"]},{"@type":"Person","@id":"https:\/\/evertonfc.cz\/#\/schema\/person\/d4493b8cbea51532597fbc4685698916","name":"BlueBlooded","url":"https:\/\/evertonfc.cz\/index.php\/author\/admin\/"}]}},"_links":{"self":[{"href":"https:\/\/evertonfc.cz\/index.php\/wp-json\/wp\/v2\/posts\/21866"}],"collection":[{"href":"https:\/\/evertonfc.cz\/index.php\/wp-json\/wp\/v2\/posts"}],"about":[{"href":"https:\/\/evertonfc.cz\/index.php\/wp-json\/wp\/v2\/types\/post"}],"author":[{"embeddable":true,"href":"https:\/\/evertonfc.cz\/index.php\/wp-json\/wp\/v2\/users\/1"}],"replies":[{"embeddable":true,"href":"https:\/\/evertonfc.cz\/index.php\/wp-json\/wp\/v2\/comments?post=21866"}],"version-history":[{"count":9,"href":"https:\/\/evertonfc.cz\/index.php\/wp-json\/wp\/v2\/posts\/21866\/revisions"}],"predecessor-version":[{"id":21876,"href":"https:\/\/evertonfc.cz\/index.php\/wp-json\/wp\/v2\/posts\/21866\/revisions\/21876"}],"wp:featuredmedia":[{"embeddable":true,"href":"https:\/\/evertonfc.cz\/index.php\/wp-json\/wp\/v2\/media\/21867"}],"wp:attachment":[{"href":"https:\/\/evertonfc.cz\/index.php\/wp-json\/wp\/v2\/media?parent=21866"}],"wp:term":[{"taxonomy":"category","embeddable":true,"href":"https:\/\/evertonfc.cz\/index.php\/wp-json\/wp\/v2\/categories?post=21866"},{"taxonomy":"post_tag","embeddable":true,"href":"https:\/\/evertonfc.cz\/index.php\/wp-json\/wp\/v2\/tags?post=21866"}],"curies":[{"name":"wp","href":"https:\/\/api.w.org\/{rel}","templated":true}]}}