{"id":21893,"date":"2023-06-29T14:44:08","date_gmt":"2023-06-29T12:44:08","guid":{"rendered":"https:\/\/evertonfc.cz\/?p=21893"},"modified":"2023-06-29T14:44:08","modified_gmt":"2023-06-29T12:44:08","slug":"golierom-si-uctime-goodison-park","status":"publish","type":"post","link":"https:\/\/evertonfc.cz\/index.php\/2023\/06\/29\/golierom-si-uctime-goodison-park\/","title":{"rendered":"Golierom si uct\u00edme Goodison Park"},"content":{"rendered":"<h4>Dom\u00e1ce dresy na mo\u017eno posledn\u00fa sez\u00f3nu v\u00a0staru\u010dkom d\u00f3me futbalu prin\u00e1\u0161aj\u00fa v\u00fdrazn\u00fd dizajnov\u00fd prvok s\u00a0architektonick\u00fdm odkazom na Archibalda Leitcha.<\/h4>\n<p>Ve\u013emi ob\u013e\u00faben\u00fd tradi\u010dn\u00fd prvok dizajnu Starej d\u00e1my \u2013 oce\u013eov\u00e9 v\u00fdstuhy trib\u00fan &#8211; sa neobjavuje na dresoch po prv\u00fdkr\u00e1t. No teraz tvor\u00ed z\u00e1kladn\u00fd prvok. A prv\u00fd raz za posledn\u00e9 desa\u0165ro\u010die bude ma\u0165 dom\u00e1ci dres The Toffees aj golier. Pr\u00e1ve na \u0148om sa bud\u00fa obrysy t\u00fdchto v\u00fdstuh vyn\u00edma\u0165 najviac, spolo\u010dne s lemovan\u00edm ruk\u00e1vov.<\/p>\n<p>Tento mrie\u017ekovan\u00fd vzor existuje na \u0161tadi\u00f3ne u\u017e od roku 1909. A nie\u010do podobn\u00e9 v dne\u0161n\u00fdch d\u0148och n\u00e1jdete u\u017e len v portsmouthskom Fratton Parku, na rangerskom Ibroxe, a prestonskom Deepdale. Tak\u00fd je e\u0161te aj dodnes odkaz velik\u00e1na britsk\u00fdch futbalov\u00fdch sv\u00e4tost\u00e1nkov. Spom\u00ednan\u00fd golier je tie\u017e znakom klasick\u00e9ho dom\u00e1ceho dresu d\u00e1nskeho n\u00e1rodn\u00e9ho t\u00edmu od Hummelu z triumfu na majstrovstv\u00e1ch Eur\u00f3py v roku 1992. Tvor\u00ed tak s\u00fa\u010das\u0165 rady dizajnov\u00fdch in\u0161pir\u00e1ci\u00ed pri pr\u00edle\u017eitosti st\u00e9ho v\u00fdro\u010dia zna\u010dky.<\/p>\n<h4><strong>Allan Vad Nielsen, gener\u00e1lny riadite\u013e Hummel:<\/strong><\/h4>\n<blockquote><p><span style=\"font-size: 12pt;\"><em>\u201eToto je skuto\u010dne v\u00fdnimo\u010dn\u00fd rok pre Hummel, preto\u017ee oslavujeme 100 rokov ako zna\u010dka. Z tohto d\u00f4vodu sme chceli, aby na\u0161e s\u00fapravy odzrkad\u013eovali princ\u00edpy, v\u010faka ktor\u00fdm bolo nosenie zna\u010dky Hummel po\u010das tejto doby tak\u00e9 charakteristick\u00e9. Z\u00e1rove\u0148 mali zosta\u0165 vern\u00e9 trad\u00edci\u00e1m, o ktor\u00fdch vieme, \u017ee Evertonians re\u0161pektuj\u00fa a oce\u0148uj\u00fa. Sme hrd\u00ed na to, \u017ee sme vytvorili vzh\u013ead, o ktorom ver\u00edme, \u017ee n\u00e1s odzrkad\u013euje ako zna\u010dka, ale zost\u00e1va autentick\u00fdm Evertonom prostredn\u00edctvom prvkov in\u0161pirovan\u00fdch ve\u013ek\u00fdm Goodison Parkom.\u201c<\/em><\/span><\/p><\/blockquote>\n<p>\u010eal\u0161ie detaily na dom\u00e1cej s\u00faprave tohto ro\u010dn\u00edka zah\u0155\u0148aj\u00fa p\u00e1sy na ramen\u00e1ch dresu, ktor\u00e9 poskytuj\u00fa prepracovan\u00fd vzh\u013ead pre ikonick\u00e9 \u0161\u00edpky Hummelu. Tento prvok je replikovan\u00fd na bokoch bielych dom\u00e1cich \u0161ortiek, zatia\u013e \u010do \u0161\u00edpky v kr\u00e1\u013eovsky modrej sa objavuj\u00fa v \u0161t\u00fdlovom \u017eak\u00e1rovom preveden\u00ed okolo hornej \u010dasti tradi\u010dn\u00fdch bielych \u0161tulpn\u00ed. Vzadu na krku tri\u010dka sa nach\u00e1dza ikonick\u00e1 ve\u017ea Princa Ruperta v znaku EFC.<\/p>\n<p><img loading=\"lazy\" decoding=\"async\" class=\"alignnone size-full wp-image-21895\" src=\"https:\/\/evertonfc.cz\/wp-content\/uploads\/2023\/06\/Hummel-home-compilation-29-6-2023.jpg\" alt=\"\" width=\"720\" height=\"320\" srcset=\"https:\/\/evertonfc.cz\/wp-content\/uploads\/2023\/06\/Hummel-home-compilation-29-6-2023.jpg 720w, https:\/\/evertonfc.cz\/wp-content\/uploads\/2023\/06\/Hummel-home-compilation-29-6-2023-300x133.jpg 300w\" sizes=\"(max-width: 720px) 100vw, 720px\" \/>Pre sez\u00f3nu 2023\/24 bude cel\u00fd rad brank\u00e1rskych s\u00e1d Evertonu obsahova\u0165 prvky in\u0161pirovan\u00e9 jedine\u010dn\u00fdm spojen\u00edm Goodisonu s kostolom sv\u00e4t\u00e9ho Luk\u00e1\u0161a. Ten stoj\u00ed na rohu trib\u00fany Howard Kendall Gwladys Street End a hlavnej trib\u00fany Goodison Road. Pre dom\u00e1ce vydanie sa to odr\u00e1\u017ea vo vzore zobrazuj\u00facom okenn\u00e9 obl\u00faky kostola, ktor\u00e9 s\u00fa replikovan\u00e9 na prednej strane dresu v amazonsky zelenej farbe.<\/p>\n<h4><strong>Dwight McNeil:<\/strong><\/h4>\n<blockquote><p><span style=\"font-size: 12pt;\"><em>\u00a0\u201eP\u00e1\u010di sa mi, \u010do Hummel so s\u00fapravou urobil, dal jej retro vzh\u013ead a vniesol do nej prvky Goodisonu, ktor\u00e9 pod\u013ea m\u0148a fan\u00fa\u0161ikovia naozaj ocenia. Goodison a fan\u00fa\u0161ikovia \u2013 to je pre n\u00e1s o\u010dividne d\u00f4le\u017eit\u00e9, a nem\u00f4\u017eem sa do\u010dka\u0165, kedy budem ma\u0165 na sebe toto tri\u010dko, ke\u010f sa sez\u00f3na za\u010dne.\u201c<\/em><\/span><\/p><\/blockquote>\n<p>S\u00fapravy sa bud\u00fa op\u00e4\u0165 vyr\u00e1ba\u0165 pomocou technol\u00f3gie Hummel ECO8, v s\u00falade s pokra\u010duj\u00facim z\u00e1v\u00e4zkom klubu k environment\u00e1lnej kampani Everton for Change. ECO8 pou\u017e\u00edva materi\u00e1l vyroben\u00fd a\u017e z \u00f4smich plastov\u00fdch flia\u0161 pre ka\u017ed\u00fd dres, pri\u010dom po\u010das procesu farbenia sa spotrebuje minim\u00e1lne mno\u017estvo vody.<\/p>\n<p>P\u00e1nske, d\u00e1mske a detsk\u00e9 s\u00fapravy s\u00fa teraz v predaji online na evertondirect.com a v predajni Everton One a Everton Two. Verzie pre doj\u010dat\u00e1 a b\u00e1b\u00e4tk\u00e1 sa daj\u00fa pred-objedna\u0165 online a v predajni bud\u00fa dostupn\u00e9 od 8. j\u00fala.<\/p>\n<p style=\"text-align: right;\"><span style=\"font-size: 8pt;\">(fotozdroj: evertonfc.com)<\/span><\/p>\n","protected":false},"excerpt":{"rendered":"<p>Dom\u00e1ce dresy na mo\u017eno posledn\u00fa sez\u00f3nu v\u00a0staru\u010dkom d\u00f3me futbalu prin\u00e1\u0161aj\u00fa v\u00fdrazn\u00fd dizajnov\u00fd prvok s\u00a0architektonick\u00fdm odkazom na Archibalda Leitcha.<\/p>\n","protected":false},"author":1,"featured_media":21894,"comment_status":"open","ping_status":"closed","sticky":false,"template":"","format":"standard","meta":{"_eb_attr":"","_monsterinsights_skip_tracking":false,"_monsterinsights_sitenote_active":false,"_monsterinsights_sitenote_note":"","_monsterinsights_sitenote_category":0,"footnotes":""},"categories":[42],"tags":[],"yoast_head":"<!-- This site is optimized with the Yoast SEO plugin v23.4 - https:\/\/yoast.com\/wordpress\/plugins\/seo\/ -->\n<title>Golierom si uct\u00edme Goodison Park - Official Czech &amp; Slovak Everton Supporters&#039; Club<\/title>\n<meta name=\"robots\" content=\"index, follow, max-snippet:-1, max-image-preview:large, max-video-preview:-1\" \/>\n<link rel=\"canonical\" href=\"https:\/\/evertonfc.cz\/index.php\/2023\/06\/29\/golierom-si-uctime-goodison-park\/\" \/>\n<meta property=\"og:locale\" content=\"cs_CZ\" \/>\n<meta property=\"og:type\" content=\"article\" \/>\n<meta property=\"og:title\" content=\"Golierom si uct\u00edme Goodison Park - Official Czech &amp; Slovak Everton Supporters&#039; Club\" \/>\n<meta property=\"og:description\" content=\"Dom\u00e1ce dresy na mo\u017eno posledn\u00fa sez\u00f3nu v\u00a0staru\u010dkom d\u00f3me futbalu prin\u00e1\u0161aj\u00fa v\u00fdrazn\u00fd dizajnov\u00fd prvok s\u00a0architektonick\u00fdm odkazom na Archibalda Leitcha.\" \/>\n<meta property=\"og:url\" content=\"https:\/\/evertonfc.cz\/index.php\/2023\/06\/29\/golierom-si-uctime-goodison-park\/\" \/>\n<meta property=\"og:site_name\" content=\"Official Czech &amp; Slovak Everton Supporters&#039; Club\" \/>\n<meta property=\"article:publisher\" content=\"https:\/\/www.facebook.com\/everton.fans.cz.sk\" \/>\n<meta property=\"article:published_time\" content=\"2023-06-29T12:44:08+00:00\" \/>\n<meta property=\"og:image\" content=\"https:\/\/evertonfc.cz\/wp-content\/uploads\/2023\/06\/Hummell-home-29-6-2023.jpg\" \/>\n\t<meta property=\"og:image:width\" content=\"720\" \/>\n\t<meta property=\"og:image:height\" content=\"405\" \/>\n\t<meta property=\"og:image:type\" content=\"image\/jpeg\" \/>\n<meta name=\"author\" content=\"BlueBlooded\" \/>\n<meta name=\"twitter:card\" content=\"summary_large_image\" \/>\n<meta name=\"twitter:label1\" content=\"Napsal(a)\" \/>\n\t<meta name=\"twitter:data1\" content=\"BlueBlooded\" \/>\n\t<meta name=\"twitter:label2\" content=\"Odhadovan\u00e1 doba \u010dten\u00ed\" \/>\n\t<meta name=\"twitter:data2\" content=\"3 minuty\" \/>\n<script type=\"application\/ld+json\" class=\"yoast-schema-graph\">{\"@context\":\"https:\/\/schema.org\",\"@graph\":[{\"@type\":\"Article\",\"@id\":\"https:\/\/evertonfc.cz\/index.php\/2023\/06\/29\/golierom-si-uctime-goodison-park\/#article\",\"isPartOf\":{\"@id\":\"https:\/\/evertonfc.cz\/index.php\/2023\/06\/29\/golierom-si-uctime-goodison-park\/\"},\"author\":{\"name\":\"BlueBlooded\",\"@id\":\"https:\/\/evertonfc.cz\/#\/schema\/person\/d4493b8cbea51532597fbc4685698916\"},\"headline\":\"Golierom si uct\u00edme Goodison Park\",\"datePublished\":\"2023-06-29T12:44:08+00:00\",\"dateModified\":\"2023-06-29T12:44:08+00:00\",\"mainEntityOfPage\":{\"@id\":\"https:\/\/evertonfc.cz\/index.php\/2023\/06\/29\/golierom-si-uctime-goodison-park\/\"},\"wordCount\":638,\"commentCount\":7,\"publisher\":{\"@id\":\"https:\/\/evertonfc.cz\/#organization\"},\"image\":{\"@id\":\"https:\/\/evertonfc.cz\/index.php\/2023\/06\/29\/golierom-si-uctime-goodison-park\/#primaryimage\"},\"thumbnailUrl\":\"https:\/\/evertonfc.cz\/wp-content\/uploads\/2023\/06\/Hummell-home-29-6-2023.jpg\",\"articleSection\":[\"Aktuality\"],\"inLanguage\":\"cs\",\"potentialAction\":[{\"@type\":\"CommentAction\",\"name\":\"Comment\",\"target\":[\"https:\/\/evertonfc.cz\/index.php\/2023\/06\/29\/golierom-si-uctime-goodison-park\/#respond\"]}]},{\"@type\":\"WebPage\",\"@id\":\"https:\/\/evertonfc.cz\/index.php\/2023\/06\/29\/golierom-si-uctime-goodison-park\/\",\"url\":\"https:\/\/evertonfc.cz\/index.php\/2023\/06\/29\/golierom-si-uctime-goodison-park\/\",\"name\":\"Golierom si uct\u00edme Goodison Park - Official Czech &amp; Slovak Everton Supporters&#039; Club\",\"isPartOf\":{\"@id\":\"https:\/\/evertonfc.cz\/#website\"},\"primaryImageOfPage\":{\"@id\":\"https:\/\/evertonfc.cz\/index.php\/2023\/06\/29\/golierom-si-uctime-goodison-park\/#primaryimage\"},\"image\":{\"@id\":\"https:\/\/evertonfc.cz\/index.php\/2023\/06\/29\/golierom-si-uctime-goodison-park\/#primaryimage\"},\"thumbnailUrl\":\"https:\/\/evertonfc.cz\/wp-content\/uploads\/2023\/06\/Hummell-home-29-6-2023.jpg\",\"datePublished\":\"2023-06-29T12:44:08+00:00\",\"dateModified\":\"2023-06-29T12:44:08+00:00\",\"breadcrumb\":{\"@id\":\"https:\/\/evertonfc.cz\/index.php\/2023\/06\/29\/golierom-si-uctime-goodison-park\/#breadcrumb\"},\"inLanguage\":\"cs\",\"potentialAction\":[{\"@type\":\"ReadAction\",\"target\":[\"https:\/\/evertonfc.cz\/index.php\/2023\/06\/29\/golierom-si-uctime-goodison-park\/\"]}]},{\"@type\":\"ImageObject\",\"inLanguage\":\"cs\",\"@id\":\"https:\/\/evertonfc.cz\/index.php\/2023\/06\/29\/golierom-si-uctime-goodison-park\/#primaryimage\",\"url\":\"https:\/\/evertonfc.cz\/wp-content\/uploads\/2023\/06\/Hummell-home-29-6-2023.jpg\",\"contentUrl\":\"https:\/\/evertonfc.cz\/wp-content\/uploads\/2023\/06\/Hummell-home-29-6-2023.jpg\",\"width\":720,\"height\":405},{\"@type\":\"BreadcrumbList\",\"@id\":\"https:\/\/evertonfc.cz\/index.php\/2023\/06\/29\/golierom-si-uctime-goodison-park\/#breadcrumb\",\"itemListElement\":[{\"@type\":\"ListItem\",\"position\":1,\"name\":\"Home\",\"item\":\"https:\/\/evertonfc.cz\/\"},{\"@type\":\"ListItem\",\"position\":2,\"name\":\"Golierom si uct\u00edme Goodison Park\"}]},{\"@type\":\"WebSite\",\"@id\":\"https:\/\/evertonfc.cz\/#website\",\"url\":\"https:\/\/evertonfc.cz\/\",\"name\":\"Official Czech &amp; Slovak Everton Supporters&#039; Club\",\"description\":\"\",\"publisher\":{\"@id\":\"https:\/\/evertonfc.cz\/#organization\"},\"potentialAction\":[{\"@type\":\"SearchAction\",\"target\":{\"@type\":\"EntryPoint\",\"urlTemplate\":\"https:\/\/evertonfc.cz\/?s={search_term_string}\"},\"query-input\":{\"@type\":\"PropertyValueSpecification\",\"valueRequired\":true,\"valueName\":\"search_term_string\"}}],\"inLanguage\":\"cs\"},{\"@type\":\"Organization\",\"@id\":\"https:\/\/evertonfc.cz\/#organization\",\"name\":\"Official Czech & Slovak Everton Supporters' Club\",\"url\":\"https:\/\/evertonfc.cz\/\",\"logo\":{\"@type\":\"ImageObject\",\"inLanguage\":\"cs\",\"@id\":\"https:\/\/evertonfc.cz\/#\/schema\/logo\/image\/\",\"url\":\"https:\/\/evertonfc.cz\/wp-content\/uploads\/2019\/05\/logo.png\",\"contentUrl\":\"https:\/\/evertonfc.cz\/wp-content\/uploads\/2019\/05\/logo.png\",\"width\":112,\"height\":112,\"caption\":\"Official Czech & Slovak Everton Supporters' Club\"},\"image\":{\"@id\":\"https:\/\/evertonfc.cz\/#\/schema\/logo\/image\/\"},\"sameAs\":[\"https:\/\/www.facebook.com\/everton.fans.cz.sk\"]},{\"@type\":\"Person\",\"@id\":\"https:\/\/evertonfc.cz\/#\/schema\/person\/d4493b8cbea51532597fbc4685698916\",\"name\":\"BlueBlooded\",\"url\":\"https:\/\/evertonfc.cz\/index.php\/author\/admin\/\"}]}<\/script>\n<!-- \/ Yoast SEO plugin. -->","yoast_head_json":{"title":"Golierom si uct\u00edme Goodison Park - Official Czech &amp; Slovak Everton Supporters&#039; Club","robots":{"index":"index","follow":"follow","max-snippet":"max-snippet:-1","max-image-preview":"max-image-preview:large","max-video-preview":"max-video-preview:-1"},"canonical":"https:\/\/evertonfc.cz\/index.php\/2023\/06\/29\/golierom-si-uctime-goodison-park\/","og_locale":"cs_CZ","og_type":"article","og_title":"Golierom si uct\u00edme Goodison Park - Official Czech &amp; Slovak Everton Supporters&#039; Club","og_description":"Dom\u00e1ce dresy na mo\u017eno posledn\u00fa sez\u00f3nu v\u00a0staru\u010dkom d\u00f3me futbalu prin\u00e1\u0161aj\u00fa v\u00fdrazn\u00fd dizajnov\u00fd prvok s\u00a0architektonick\u00fdm odkazom na Archibalda Leitcha.","og_url":"https:\/\/evertonfc.cz\/index.php\/2023\/06\/29\/golierom-si-uctime-goodison-park\/","og_site_name":"Official Czech &amp; Slovak Everton Supporters&#039; Club","article_publisher":"https:\/\/www.facebook.com\/everton.fans.cz.sk","article_published_time":"2023-06-29T12:44:08+00:00","og_image":[{"width":720,"height":405,"url":"https:\/\/evertonfc.cz\/wp-content\/uploads\/2023\/06\/Hummell-home-29-6-2023.jpg","type":"image\/jpeg"}],"author":"BlueBlooded","twitter_card":"summary_large_image","twitter_misc":{"Napsal(a)":"BlueBlooded","Odhadovan\u00e1 doba \u010dten\u00ed":"3 minuty"},"schema":{"@context":"https:\/\/schema.org","@graph":[{"@type":"Article","@id":"https:\/\/evertonfc.cz\/index.php\/2023\/06\/29\/golierom-si-uctime-goodison-park\/#article","isPartOf":{"@id":"https:\/\/evertonfc.cz\/index.php\/2023\/06\/29\/golierom-si-uctime-goodison-park\/"},"author":{"name":"BlueBlooded","@id":"https:\/\/evertonfc.cz\/#\/schema\/person\/d4493b8cbea51532597fbc4685698916"},"headline":"Golierom si uct\u00edme Goodison Park","datePublished":"2023-06-29T12:44:08+00:00","dateModified":"2023-06-29T12:44:08+00:00","mainEntityOfPage":{"@id":"https:\/\/evertonfc.cz\/index.php\/2023\/06\/29\/golierom-si-uctime-goodison-park\/"},"wordCount":638,"commentCount":7,"publisher":{"@id":"https:\/\/evertonfc.cz\/#organization"},"image":{"@id":"https:\/\/evertonfc.cz\/index.php\/2023\/06\/29\/golierom-si-uctime-goodison-park\/#primaryimage"},"thumbnailUrl":"https:\/\/evertonfc.cz\/wp-content\/uploads\/2023\/06\/Hummell-home-29-6-2023.jpg","articleSection":["Aktuality"],"inLanguage":"cs","potentialAction":[{"@type":"CommentAction","name":"Comment","target":["https:\/\/evertonfc.cz\/index.php\/2023\/06\/29\/golierom-si-uctime-goodison-park\/#respond"]}]},{"@type":"WebPage","@id":"https:\/\/evertonfc.cz\/index.php\/2023\/06\/29\/golierom-si-uctime-goodison-park\/","url":"https:\/\/evertonfc.cz\/index.php\/2023\/06\/29\/golierom-si-uctime-goodison-park\/","name":"Golierom si uct\u00edme Goodison Park - Official Czech &amp; Slovak Everton Supporters&#039; Club","isPartOf":{"@id":"https:\/\/evertonfc.cz\/#website"},"primaryImageOfPage":{"@id":"https:\/\/evertonfc.cz\/index.php\/2023\/06\/29\/golierom-si-uctime-goodison-park\/#primaryimage"},"image":{"@id":"https:\/\/evertonfc.cz\/index.php\/2023\/06\/29\/golierom-si-uctime-goodison-park\/#primaryimage"},"thumbnailUrl":"https:\/\/evertonfc.cz\/wp-content\/uploads\/2023\/06\/Hummell-home-29-6-2023.jpg","datePublished":"2023-06-29T12:44:08+00:00","dateModified":"2023-06-29T12:44:08+00:00","breadcrumb":{"@id":"https:\/\/evertonfc.cz\/index.php\/2023\/06\/29\/golierom-si-uctime-goodison-park\/#breadcrumb"},"inLanguage":"cs","potentialAction":[{"@type":"ReadAction","target":["https:\/\/evertonfc.cz\/index.php\/2023\/06\/29\/golierom-si-uctime-goodison-park\/"]}]},{"@type":"ImageObject","inLanguage":"cs","@id":"https:\/\/evertonfc.cz\/index.php\/2023\/06\/29\/golierom-si-uctime-goodison-park\/#primaryimage","url":"https:\/\/evertonfc.cz\/wp-content\/uploads\/2023\/06\/Hummell-home-29-6-2023.jpg","contentUrl":"https:\/\/evertonfc.cz\/wp-content\/uploads\/2023\/06\/Hummell-home-29-6-2023.jpg","width":720,"height":405},{"@type":"BreadcrumbList","@id":"https:\/\/evertonfc.cz\/index.php\/2023\/06\/29\/golierom-si-uctime-goodison-park\/#breadcrumb","itemListElement":[{"@type":"ListItem","position":1,"name":"Home","item":"https:\/\/evertonfc.cz\/"},{"@type":"ListItem","position":2,"name":"Golierom si uct\u00edme Goodison Park"}]},{"@type":"WebSite","@id":"https:\/\/evertonfc.cz\/#website","url":"https:\/\/evertonfc.cz\/","name":"Official Czech &amp; Slovak Everton Supporters&#039; Club","description":"","publisher":{"@id":"https:\/\/evertonfc.cz\/#organization"},"potentialAction":[{"@type":"SearchAction","target":{"@type":"EntryPoint","urlTemplate":"https:\/\/evertonfc.cz\/?s={search_term_string}"},"query-input":{"@type":"PropertyValueSpecification","valueRequired":true,"valueName":"search_term_string"}}],"inLanguage":"cs"},{"@type":"Organization","@id":"https:\/\/evertonfc.cz\/#organization","name":"Official Czech & Slovak Everton Supporters' Club","url":"https:\/\/evertonfc.cz\/","logo":{"@type":"ImageObject","inLanguage":"cs","@id":"https:\/\/evertonfc.cz\/#\/schema\/logo\/image\/","url":"https:\/\/evertonfc.cz\/wp-content\/uploads\/2019\/05\/logo.png","contentUrl":"https:\/\/evertonfc.cz\/wp-content\/uploads\/2019\/05\/logo.png","width":112,"height":112,"caption":"Official Czech & Slovak Everton Supporters' Club"},"image":{"@id":"https:\/\/evertonfc.cz\/#\/schema\/logo\/image\/"},"sameAs":["https:\/\/www.facebook.com\/everton.fans.cz.sk"]},{"@type":"Person","@id":"https:\/\/evertonfc.cz\/#\/schema\/person\/d4493b8cbea51532597fbc4685698916","name":"BlueBlooded","url":"https:\/\/evertonfc.cz\/index.php\/author\/admin\/"}]}},"_links":{"self":[{"href":"https:\/\/evertonfc.cz\/index.php\/wp-json\/wp\/v2\/posts\/21893"}],"collection":[{"href":"https:\/\/evertonfc.cz\/index.php\/wp-json\/wp\/v2\/posts"}],"about":[{"href":"https:\/\/evertonfc.cz\/index.php\/wp-json\/wp\/v2\/types\/post"}],"author":[{"embeddable":true,"href":"https:\/\/evertonfc.cz\/index.php\/wp-json\/wp\/v2\/users\/1"}],"replies":[{"embeddable":true,"href":"https:\/\/evertonfc.cz\/index.php\/wp-json\/wp\/v2\/comments?post=21893"}],"version-history":[{"count":3,"href":"https:\/\/evertonfc.cz\/index.php\/wp-json\/wp\/v2\/posts\/21893\/revisions"}],"predecessor-version":[{"id":21898,"href":"https:\/\/evertonfc.cz\/index.php\/wp-json\/wp\/v2\/posts\/21893\/revisions\/21898"}],"wp:featuredmedia":[{"embeddable":true,"href":"https:\/\/evertonfc.cz\/index.php\/wp-json\/wp\/v2\/media\/21894"}],"wp:attachment":[{"href":"https:\/\/evertonfc.cz\/index.php\/wp-json\/wp\/v2\/media?parent=21893"}],"wp:term":[{"taxonomy":"category","embeddable":true,"href":"https:\/\/evertonfc.cz\/index.php\/wp-json\/wp\/v2\/categories?post=21893"},{"taxonomy":"post_tag","embeddable":true,"href":"https:\/\/evertonfc.cz\/index.php\/wp-json\/wp\/v2\/tags?post=21893"}],"curies":[{"name":"wp","href":"https:\/\/api.w.org\/{rel}","templated":true}]}}