{"id":21909,"date":"2023-07-03T20:33:15","date_gmt":"2023-07-03T18:33:15","guid":{"rendered":"https:\/\/evertonfc.cz\/?p=21909"},"modified":"2023-08-25T11:11:39","modified_gmt":"2023-08-25T09:11:39","slug":"vysetrovany-moshiri-v-rade-klubu","status":"publish","type":"post","link":"https:\/\/evertonfc.cz\/index.php\/2023\/07\/03\/vysetrovany-moshiri-v-rade-klubu\/","title":{"rendered":"Vy\u0161etrovan\u00fd Moshiri v rade klubu"},"content":{"rendered":"<h4>\u010cert na Merseyside nikdy nesp\u00ed, a st\u00e1le po \u0148om nach\u00e1dzame iba nap\u00e1chane \u0161kody, sleduj\u00fac pochybn\u00e9 konania vedenia a majite\u013eov klubu. \u010co sa to deje s EFC?<\/h4>\n<p>Za\u010dneme najaktu\u00e1lnej\u0161ou spr\u00e1vou. A to je vymenovanie do\u010dasn\u00fdch funkci\u00ed v predstavenstve klubu po odchode u\u017e b\u00fdval\u00fdch riadite\u013eov Denise Barrett-Baxendale, Granta Inglesa a Graema Sharpa. Do\u010dasn\u00fdm gener\u00e1lnym riadite\u013eom a \u010dlenom rady sa stal Colin Chong. Doteraz p\u00f4sobil ako hlavn\u00fd riadite\u013e pre rozvoj \u0161tadi\u00f3na, ke\u010f sa s\u00fastredil na dodanie nov\u00e9ho st\u00e1nku Evertonu v Bramley-Moore Dock. Okrem toho bol zodpovedn\u00fd za prev\u00e1dzkov\u00e9 riadenie obchodnej centr\u00e1ly klubu v liverpoolskom Royal Liver Building.<\/p>\n<p>James Maryniak, s\u00fa\u010dasn\u00fd finan\u010dn\u00fd riadite\u013e, bude ma\u0165 na starosti v\u0161etky finan\u010dn\u00e9 z\u00e1le\u017eitosti ako do\u010dasn\u00fd finan\u010dn\u00fd riadite\u013e. Everton tie\u017e po schv\u00e1len\u00ed od Premier League dosad\u00ed dvoch nev\u00fdkonn\u00fdch riadite\u013eov predstavenstva. N\u00e1\u0161 majoritn\u00fd akcion\u00e1r, Farhad Moshiri, sa pripoj\u00ed k predstavenstvu spolu s Johnom Spellmanom, sk\u00fasen\u00fdm autorizovan\u00fdm \u00fa\u010dtovn\u00edkom, \u00faspe\u0161n\u00fdm podnikate\u013eom a Evertonianom.<\/p>\n<h4 style=\"text-align: center;\"><strong>Farhad Moshiri o\u00a0zotrvan\u00ed Billa Kenwrighta:<\/strong><\/h4>\n<p><em>\u201eChcel som, aby Bill zostal ako n\u00e1\u0161 predseda po\u010das tohto d\u00f4le\u017eit\u00e9ho obdobia prechodu pre klub. Som r\u00e1d, \u017ee akceptoval moju \u017eiados\u0165, aby tak urobil. Billove znalosti a rozsiahle sk\u00fasenosti bud\u00fa pre n\u00e1s rozhoduj\u00face, preto\u017ee sa sna\u017e\u00edme resetova\u0165, poskytn\u00fa\u0165 extern\u00e9 invest\u00edcie a pripravi\u0165 Everton pre \u00faspe\u0161n\u00fa bud\u00facnos\u0165. V Johnovi m\u00e1me sk\u00fasen\u00e9ho odborn\u00edka na financie, ktor\u00fd zast\u00e1val funkcie gener\u00e1lneho riadite\u013ea a senior financi\u00ed v medzin\u00e1rodn\u00fdch firm\u00e1ch, a v\u00edtam ho v klube. V Colinovi a Jamesovi m\u00e1me dvoch sk\u00fasen\u00fdch seniorsk\u00fdch profesion\u00e1lov z klubu, ktor\u00ed sa dohodli, \u017ee do\u010dasne prevezm\u00fa obsiahlej\u0161ie \u00falohy. O\u00a0nich vieme, \u017ee ich m\u00f4\u017eu a okam\u017eite bud\u00fa vykon\u00e1va\u0165.\u201c<\/em><\/p>\n<h4><strong>Moshiriho financie pod drobnoh\u013eadom<\/strong><\/h4>\n<p>Podozrenia o \u010dudn\u00fdch machin\u00e1ci\u00e1ch medzi v\u00e4\u010d\u0161inov\u00fdm majite\u013eom Evertonu a b\u00fdval\u00fdm sponzorom Usmanovom st\u00e1le neut\u00edchaj\u00fa. E\u0161te v m\u00e1ji reportoval denn\u00edk The Guardian, \u017ee sank\u010dn\u00e1 pol\u00edcia ministerstva financi\u00ed (OFSI) preveruje Moshiriho financie. A pr\u00e1ve kv\u00f4li prepojeniam s rusko-uzbeck\u00fdm miliard\u00e1rom, ktor\u00fd bol sankcionovan\u00fd Brit\u00e1niou, E\u00da a USA po minuloro\u010dnej inv\u00e1zii Ruskej feder\u00e1cie na Ukrajinu.<\/p>\n<p>Zjavn\u00fd z\u00e1ujem o Moshiriho sa zhoduje so s\u00e9riou investigat\u00edvnych \u010dl\u00e1nkov Guardianu, ktor\u00e9 vyvol\u00e1li ot\u00e1zky <a href=\"https:\/\/evertonfc.cz\/index.php\/2023\/01\/18\/vlastnil-usmanov-efc\/\">o vplyve, ktor\u00fd Usmanov mal na Moshiriho a EFC<\/a>, vr\u00e1tane toho, ako sa rusk\u00fd magn\u00e1t predt\u00fdm dostal na pracovn\u00e9 pohovory so s\u00e9riou potenci\u00e1lnych mana\u017e\u00e9rov Evertonu do marca 2022. Spomen\u00fa\u0165 treba aj <a href=\"https:\/\/evertonfc.cz\/index.php\/2023\/03\/25\/everton-obvineny-z-porusenia-ps\/\">neochotu klubov\u00fdch aud\u00edtorov (BDO) podp\u00edsa\u0165 sa pod minuloro\u010dn\u00e9 \u00fa\u010dty pr\u00e1ve kv\u00f4li vlastn\u00edctvu.<\/a><\/p>\n<p>\u00dadajne to boli obavy BDO, ktor\u00e9 viedli k informovaniu OFSI o\u00a0Moshirim. Ten si vz\u00e1p\u00e4t\u00ed najal expertn\u00fdch pr\u00e1vnikov na sankcie v Peters &amp; Peters \u2013 jednej z najv\u00e4\u010d\u0161\u00edch pr\u00e1vnick\u00fdch firiem v Spojenom kr\u00e1\u013eovstve. Spr\u00e1va o zjavnom z\u00e1ujme OFSI o\u00a0Farhadove financie sa objavila, ke\u010f sa Everton len tesne vyhol zostupu, zatia\u013e \u010do on sa pok\u00fa\u0161al n\u00e1js\u0165 invest\u00edcie na financovanie klubu a dokon\u010denie nov\u00e9ho \u0161tadi\u00f3na.<\/p>\n<h4><strong>Mo\u017en\u00e9 opakovanie pr\u00edpadu Chelsea<\/strong><\/h4>\n<p>Vtedy pod\u013ea zdrojov bl\u00edzkych rokovaniam vypl\u00fdvalo, \u017ee investi\u010dn\u00e1 ponuka na stole by viedla k tomu, \u017ee Moshiri strat\u00ed kontrolu nad klubom bez zisku ani centu. Ten pod\u013ea odhadov do Evertonu nalial u\u017e 750 mili\u00f3nov libier. Preto ak\u00e1ko\u013evek absencia platieb Moshirimu by mohla vyvola\u0165 ot\u00e1zky, \u010di sa s Karamelkami zaobch\u00e1dza podobn\u00fdm sp\u00f4sobom ako s\u00a0netypick\u00fdm \u201epredajom\u201c Chelsea minul\u00fd rok.<\/p>\n<p>Vtedy bol sankcionovan\u00fd oligarcha Roman Abramovi\u010d lond\u00fdnskeho klubu takpovediac \u201ezbaven\u00fd\u201c. Vl\u00e1da Spojen\u00e9ho kr\u00e1\u013eovstva mu zabr\u00e1nila finan\u010dne profitova\u0165 z\u00a0predaja The Blues. OFSI sa stala zn\u00e1mej\u0161ou pr\u00e1ve odkedy Brit\u00e1nia za\u010dala sankcionova\u0165 rusk\u00fdch oligarchov v marci 2022. Tvrd\u00ed, \u017ee ich \u00falohou je nar\u00fa\u0161a\u0165 \u201epokusy o poru\u0161enie\u201c z\u00e1kona o sankci\u00e1ch a m\u00e1 pr\u00e1vomoc \u201euklada\u0165 pe\u0148a\u017en\u00e9 pokuty za poru\u0161enie finan\u010dn\u00fdch sankci\u00ed\u201c. Org\u00e1ny \u010dinn\u00e9 v trestnom konan\u00ed m\u00f4\u017eu tie\u017e st\u00edha\u0165 ak\u00e9ko\u013evek \u00fadajn\u00e9 poru\u0161enia.<\/p>\n<h4><strong>V\u00e4\u010d\u0161inov\u00fd akcion\u00e1r u\u017e nem\u00e1 \u00fa\u010det v\u00a0britskej banke<\/strong><\/h4>\n<p>Za\u010diatkom m\u00e1ja denn\u00edk Sunday Times vydal svoj 2023 Rich List, kde odhadoval, \u017ee hodnota Moshiri majetku je pribli\u017ene 1,6 miliardy libier. Na britsk\u00fdch ostrovoch je okrem Evertonu uveden\u00fd ako vlastn\u00edk nehnute\u013enost\u00ed v hodnote viac ako 100 mili\u00f3nov libier. A to vr\u00e1tane Royal Liver Building v Liverpoole a s\u00e9rie luxusn\u00fdch domov v severnom Lond\u00fdne. Zdroje Guardianu uv\u00e1dzaj\u00fa, \u017ee Moshiriho britsk\u00e1 banka minul\u00fd rok zatvorila jeho \u00fa\u010det.<\/p>\n<p>Zrejme kv\u00f4li jeho prepojeniam s Usmanovom. Moshiri odmietol komentova\u0165 vy\u0161etrovanie OFSI, alebo stav jeho bankov\u00e9ho \u00fa\u010dtu v Spojenom kr\u00e1\u013eovstve. Ministerstvo financi\u00ed tie\u017e uviedlo, \u017ee ani oni, ani OFSI sa k jednotliv\u00fdm pr\u00edpadom nevyjadria. Ot\u00e1zky v\u0161ak o prepojen\u00ed medzi Moshirim a Usmanovov\u00fdmi financiami pretrv\u00e1vaj\u00fa u\u017e roky. Najm\u00e4 kv\u00f4li kauze &#8222;Paradise Papers&#8220;. a st\u00e1le neexistuje jasn\u00e1 odpove\u010f.<\/p>\n<h4><strong>Spolupr\u00e1ca mala skon\u010di\u0165 sk\u00f4r<\/strong><\/h4>\n<p>Za\u010diatkom tohto mesiaca Guardian tie\u017e odhalil, \u017ee Usmanov bol vyl\u00fa\u010den\u00fd zo Spojen\u00e9ho kr\u00e1\u013eovstva \u0161es\u0165 mesiacov predt\u00fdm, ako bol sankcionovan\u00fd ministerstvom zahrani\u010dn\u00fdch vec\u00ed pre jeho \u00fadajn\u00e9 spojenie s rusk\u00fdm prezidentom Putinom. Predstavenstvo Evertonu o existencii jeho z\u00e1kazu cestovania do krajiny vedelo. Ale doteraz sa k tomu verejne nepriznalo. V \u010dase vydania z\u00e1kazu jeho synovec Sarvar Ismailov sl\u00fa\u017eil v rade klubu a Usmanovove spolo\u010dnosti mali akt\u00edvne zmluvy, ktor\u00e9 do t\u00edmu z Goodison Parku aj n\u00e1sledne \u010falej vlievali desiatky mili\u00f3nov prostredn\u00edctvom s\u00e9rie sponzorsk\u00fdch zml\u00fav.<\/p>\n<p>Samotn\u00e9 vyl\u00fa\u010denie Usmanova z\u00a0krajiny bolo zd\u00f4vodnen\u00e9 britskou vl\u00e1dou, pova\u017euj\u00fac jeho osobu za \u201ene\u017eiad\u00facu\u201c. Ako hovor\u00ed pr\u00edru\u010dka: \u201eje ne\u017eiaduce prija\u0165 osobu do Spojen\u00e9ho kr\u00e1\u013eovstva na z\u00e1klade jej charakteru, spr\u00e1vania alebo asoci\u00e1ci\u00ed, preto\u017ee predstavuje hrozbu pre spolo\u010dnos\u0165 Spojen\u00e9ho kr\u00e1\u013eovstva\u201c. Ofici\u00e1lny list, ktor\u00fd Usmanovi t\u00fato inform\u00e1ciu zdelil, viac detailov zd\u00f4vodnenia neuv\u00e1dzal.<\/p>\n<p>A\u017e potom, \u010do E\u00da ozn\u00e1mila svoje sankcie vo\u010di Usmanovovi, Everton povedal, \u017ee preru\u0161\u00ed v\u0161etky prepojenia s oligarchov\u00fdmi spolo\u010dnos\u0165ami. Hoci sa rozumie, \u017ee stanovisko klubu bolo tak\u00e9, \u017ee nem\u00e1 \u017eiadnu z\u00e1konn\u00fa povinnos\u0165 zru\u0161i\u0165 sponzorsk\u00e9 zmluvy z rokov 2021 alebo 2022, a \u017ee neporu\u0161il \u017eiadne pravidlo Premier League.<\/p>\n<h4><strong>To nie je v\u0161etko&#8230;<\/strong><\/h4>\n<p>Ako iste viete, Everton sa u\u017e viac ako tri roky sa sna\u017e\u00ed z\u00edska\u0165 financie na dokon\u010denie v\u00fdstavby svojho nov\u00e9ho \u0161tadi\u00f3na v Bramley-Moore Dock. Robil to tak aj pomocou p\u00f4\u017ei\u010diek vo v\u00fd\u0161ke pribli\u017ene 150 mili\u00f3nov libier od neprieh\u013eadn\u00e9ho verite\u013ea s n\u00e1zvom Rights &amp; Media Funding Limited (RMFL).<\/p>\n<p>Je to spolo\u010dnos\u0165 so s\u00eddlom v Cheshire. Jej pr\u00e1vnici minul\u00fd rok uviedli, \u017ee s\u00fa\u0165a\u017eila \u201es niektor\u00fdmi z najv\u00e4\u010d\u0161\u00edch mien vo financovan\u00ed \u0161portu\u201c. \u010cuduj sa svete, nemaj\u00fa jedin\u00e9ho zamestnanca, webov\u00fa str\u00e1nku \u010di telef\u00f3nne \u010d\u00edslo. A pod\u013ea \u00fa\u010dtov sa zd\u00e1, \u017ee RMFL si po\u017ei\u010dala ve\u013ek\u00fa \u010das\u0165 svojich pe\u0148az\u00ed od offshore spolo\u010dnosti so s\u00eddlom v utajenej jurisdikcii na Baham\u00e1ch, ktor\u00e1 za\u010dala po\u017ei\u010diava\u0165 RMFL len \u0161es\u0165 mesiacov po svojom zalo\u017een\u00ed a neuv\u00e1dza svoj zdroj finan\u010dn\u00fdch prostriedkov&#8230; <span style=\"color: #3366ff;\"><strong><em>What The Fuck Toffees?!<\/em><\/strong><\/span><\/p>\n<p style=\"text-align: right;\"><span style=\"font-size: 8pt;\">(fotozdroj: Liverpool Echo)<\/span><\/p>\n","protected":false},"excerpt":{"rendered":"<p>\u010cert na Merseyside nikdy nesp\u00ed, a st\u00e1le po \u0148om nach\u00e1dzame iba nap\u00e1chane \u0161kody, sleduj\u00fac pochybn\u00e9 konania vedenia a majite\u013eov klubu. \u010co sa to deje s EFC?<\/p>\n","protected":false},"author":1,"featured_media":21910,"comment_status":"open","ping_status":"closed","sticky":false,"template":"","format":"standard","meta":{"_eb_attr":"","_monsterinsights_skip_tracking":false,"_monsterinsights_sitenote_active":false,"_monsterinsights_sitenote_note":"","_monsterinsights_sitenote_category":0,"footnotes":""},"categories":[42],"tags":[],"yoast_head":"<!-- This site is optimized with the Yoast SEO plugin v23.4 - https:\/\/yoast.com\/wordpress\/plugins\/seo\/ -->\n<title>Vy\u0161etrovan\u00fd Moshiri v rade klubu - Official Czech &amp; Slovak Everton Supporters&#039; Club<\/title>\n<meta name=\"robots\" content=\"index, follow, max-snippet:-1, max-image-preview:large, max-video-preview:-1\" \/>\n<link rel=\"canonical\" href=\"https:\/\/evertonfc.cz\/index.php\/2023\/07\/03\/vysetrovany-moshiri-v-rade-klubu\/\" \/>\n<meta property=\"og:locale\" content=\"cs_CZ\" \/>\n<meta property=\"og:type\" content=\"article\" \/>\n<meta property=\"og:title\" content=\"Vy\u0161etrovan\u00fd Moshiri v rade klubu - Official Czech &amp; Slovak Everton Supporters&#039; Club\" \/>\n<meta property=\"og:description\" content=\"\u010cert na Merseyside nikdy nesp\u00ed, a st\u00e1le po \u0148om nach\u00e1dzame iba nap\u00e1chane \u0161kody, sleduj\u00fac pochybn\u00e9 konania vedenia a majite\u013eov klubu. \u010co sa to deje s EFC?\" \/>\n<meta property=\"og:url\" content=\"https:\/\/evertonfc.cz\/index.php\/2023\/07\/03\/vysetrovany-moshiri-v-rade-klubu\/\" \/>\n<meta property=\"og:site_name\" content=\"Official Czech &amp; Slovak Everton Supporters&#039; Club\" \/>\n<meta property=\"article:publisher\" content=\"https:\/\/www.facebook.com\/everton.fans.cz.sk\" \/>\n<meta property=\"article:published_time\" content=\"2023-07-03T18:33:15+00:00\" \/>\n<meta property=\"article:modified_time\" content=\"2023-08-25T09:11:39+00:00\" \/>\n<meta property=\"og:image\" content=\"https:\/\/evertonfc.cz\/wp-content\/uploads\/2023\/07\/Moshiri-Usmanov-by-Liverpool-Echo-3-7-2023.jpg\" \/>\n\t<meta property=\"og:image:width\" content=\"720\" \/>\n\t<meta property=\"og:image:height\" content=\"405\" \/>\n\t<meta property=\"og:image:type\" content=\"image\/jpeg\" \/>\n<meta name=\"author\" content=\"BlueBlooded\" \/>\n<meta name=\"twitter:card\" content=\"summary_large_image\" \/>\n<meta name=\"twitter:label1\" content=\"Napsal(a)\" \/>\n\t<meta name=\"twitter:data1\" content=\"BlueBlooded\" \/>\n\t<meta name=\"twitter:label2\" content=\"Odhadovan\u00e1 doba \u010dten\u00ed\" \/>\n\t<meta name=\"twitter:data2\" content=\"6 minut\" \/>\n<script type=\"application\/ld+json\" class=\"yoast-schema-graph\">{\"@context\":\"https:\/\/schema.org\",\"@graph\":[{\"@type\":\"Article\",\"@id\":\"https:\/\/evertonfc.cz\/index.php\/2023\/07\/03\/vysetrovany-moshiri-v-rade-klubu\/#article\",\"isPartOf\":{\"@id\":\"https:\/\/evertonfc.cz\/index.php\/2023\/07\/03\/vysetrovany-moshiri-v-rade-klubu\/\"},\"author\":{\"name\":\"BlueBlooded\",\"@id\":\"https:\/\/evertonfc.cz\/#\/schema\/person\/d4493b8cbea51532597fbc4685698916\"},\"headline\":\"Vy\u0161etrovan\u00fd Moshiri v rade klubu\",\"datePublished\":\"2023-07-03T18:33:15+00:00\",\"dateModified\":\"2023-08-25T09:11:39+00:00\",\"mainEntityOfPage\":{\"@id\":\"https:\/\/evertonfc.cz\/index.php\/2023\/07\/03\/vysetrovany-moshiri-v-rade-klubu\/\"},\"wordCount\":1289,\"commentCount\":4,\"publisher\":{\"@id\":\"https:\/\/evertonfc.cz\/#organization\"},\"image\":{\"@id\":\"https:\/\/evertonfc.cz\/index.php\/2023\/07\/03\/vysetrovany-moshiri-v-rade-klubu\/#primaryimage\"},\"thumbnailUrl\":\"https:\/\/evertonfc.cz\/wp-content\/uploads\/2023\/07\/Moshiri-Usmanov-by-Liverpool-Echo-3-7-2023.jpg\",\"articleSection\":[\"Aktuality\"],\"inLanguage\":\"cs\",\"potentialAction\":[{\"@type\":\"CommentAction\",\"name\":\"Comment\",\"target\":[\"https:\/\/evertonfc.cz\/index.php\/2023\/07\/03\/vysetrovany-moshiri-v-rade-klubu\/#respond\"]}]},{\"@type\":\"WebPage\",\"@id\":\"https:\/\/evertonfc.cz\/index.php\/2023\/07\/03\/vysetrovany-moshiri-v-rade-klubu\/\",\"url\":\"https:\/\/evertonfc.cz\/index.php\/2023\/07\/03\/vysetrovany-moshiri-v-rade-klubu\/\",\"name\":\"Vy\u0161etrovan\u00fd Moshiri v rade klubu - Official Czech &amp; Slovak Everton Supporters&#039; Club\",\"isPartOf\":{\"@id\":\"https:\/\/evertonfc.cz\/#website\"},\"primaryImageOfPage\":{\"@id\":\"https:\/\/evertonfc.cz\/index.php\/2023\/07\/03\/vysetrovany-moshiri-v-rade-klubu\/#primaryimage\"},\"image\":{\"@id\":\"https:\/\/evertonfc.cz\/index.php\/2023\/07\/03\/vysetrovany-moshiri-v-rade-klubu\/#primaryimage\"},\"thumbnailUrl\":\"https:\/\/evertonfc.cz\/wp-content\/uploads\/2023\/07\/Moshiri-Usmanov-by-Liverpool-Echo-3-7-2023.jpg\",\"datePublished\":\"2023-07-03T18:33:15+00:00\",\"dateModified\":\"2023-08-25T09:11:39+00:00\",\"breadcrumb\":{\"@id\":\"https:\/\/evertonfc.cz\/index.php\/2023\/07\/03\/vysetrovany-moshiri-v-rade-klubu\/#breadcrumb\"},\"inLanguage\":\"cs\",\"potentialAction\":[{\"@type\":\"ReadAction\",\"target\":[\"https:\/\/evertonfc.cz\/index.php\/2023\/07\/03\/vysetrovany-moshiri-v-rade-klubu\/\"]}]},{\"@type\":\"ImageObject\",\"inLanguage\":\"cs\",\"@id\":\"https:\/\/evertonfc.cz\/index.php\/2023\/07\/03\/vysetrovany-moshiri-v-rade-klubu\/#primaryimage\",\"url\":\"https:\/\/evertonfc.cz\/wp-content\/uploads\/2023\/07\/Moshiri-Usmanov-by-Liverpool-Echo-3-7-2023.jpg\",\"contentUrl\":\"https:\/\/evertonfc.cz\/wp-content\/uploads\/2023\/07\/Moshiri-Usmanov-by-Liverpool-Echo-3-7-2023.jpg\",\"width\":720,\"height\":405},{\"@type\":\"BreadcrumbList\",\"@id\":\"https:\/\/evertonfc.cz\/index.php\/2023\/07\/03\/vysetrovany-moshiri-v-rade-klubu\/#breadcrumb\",\"itemListElement\":[{\"@type\":\"ListItem\",\"position\":1,\"name\":\"Home\",\"item\":\"https:\/\/evertonfc.cz\/\"},{\"@type\":\"ListItem\",\"position\":2,\"name\":\"Vy\u0161etrovan\u00fd Moshiri v rade klubu\"}]},{\"@type\":\"WebSite\",\"@id\":\"https:\/\/evertonfc.cz\/#website\",\"url\":\"https:\/\/evertonfc.cz\/\",\"name\":\"Official Czech &amp; Slovak Everton Supporters&#039; Club\",\"description\":\"\",\"publisher\":{\"@id\":\"https:\/\/evertonfc.cz\/#organization\"},\"potentialAction\":[{\"@type\":\"SearchAction\",\"target\":{\"@type\":\"EntryPoint\",\"urlTemplate\":\"https:\/\/evertonfc.cz\/?s={search_term_string}\"},\"query-input\":{\"@type\":\"PropertyValueSpecification\",\"valueRequired\":true,\"valueName\":\"search_term_string\"}}],\"inLanguage\":\"cs\"},{\"@type\":\"Organization\",\"@id\":\"https:\/\/evertonfc.cz\/#organization\",\"name\":\"Official Czech & Slovak Everton Supporters' Club\",\"url\":\"https:\/\/evertonfc.cz\/\",\"logo\":{\"@type\":\"ImageObject\",\"inLanguage\":\"cs\",\"@id\":\"https:\/\/evertonfc.cz\/#\/schema\/logo\/image\/\",\"url\":\"https:\/\/evertonfc.cz\/wp-content\/uploads\/2019\/05\/logo.png\",\"contentUrl\":\"https:\/\/evertonfc.cz\/wp-content\/uploads\/2019\/05\/logo.png\",\"width\":112,\"height\":112,\"caption\":\"Official Czech & Slovak Everton Supporters' Club\"},\"image\":{\"@id\":\"https:\/\/evertonfc.cz\/#\/schema\/logo\/image\/\"},\"sameAs\":[\"https:\/\/www.facebook.com\/everton.fans.cz.sk\"]},{\"@type\":\"Person\",\"@id\":\"https:\/\/evertonfc.cz\/#\/schema\/person\/d4493b8cbea51532597fbc4685698916\",\"name\":\"BlueBlooded\",\"url\":\"https:\/\/evertonfc.cz\/index.php\/author\/admin\/\"}]}<\/script>\n<!-- \/ Yoast SEO plugin. -->","yoast_head_json":{"title":"Vy\u0161etrovan\u00fd Moshiri v rade klubu - Official Czech &amp; Slovak Everton Supporters&#039; Club","robots":{"index":"index","follow":"follow","max-snippet":"max-snippet:-1","max-image-preview":"max-image-preview:large","max-video-preview":"max-video-preview:-1"},"canonical":"https:\/\/evertonfc.cz\/index.php\/2023\/07\/03\/vysetrovany-moshiri-v-rade-klubu\/","og_locale":"cs_CZ","og_type":"article","og_title":"Vy\u0161etrovan\u00fd Moshiri v rade klubu - Official Czech &amp; Slovak Everton Supporters&#039; Club","og_description":"\u010cert na Merseyside nikdy nesp\u00ed, a st\u00e1le po \u0148om nach\u00e1dzame iba nap\u00e1chane \u0161kody, sleduj\u00fac pochybn\u00e9 konania vedenia a majite\u013eov klubu. \u010co sa to deje s EFC?","og_url":"https:\/\/evertonfc.cz\/index.php\/2023\/07\/03\/vysetrovany-moshiri-v-rade-klubu\/","og_site_name":"Official Czech &amp; Slovak Everton Supporters&#039; Club","article_publisher":"https:\/\/www.facebook.com\/everton.fans.cz.sk","article_published_time":"2023-07-03T18:33:15+00:00","article_modified_time":"2023-08-25T09:11:39+00:00","og_image":[{"width":720,"height":405,"url":"https:\/\/evertonfc.cz\/wp-content\/uploads\/2023\/07\/Moshiri-Usmanov-by-Liverpool-Echo-3-7-2023.jpg","type":"image\/jpeg"}],"author":"BlueBlooded","twitter_card":"summary_large_image","twitter_misc":{"Napsal(a)":"BlueBlooded","Odhadovan\u00e1 doba \u010dten\u00ed":"6 minut"},"schema":{"@context":"https:\/\/schema.org","@graph":[{"@type":"Article","@id":"https:\/\/evertonfc.cz\/index.php\/2023\/07\/03\/vysetrovany-moshiri-v-rade-klubu\/#article","isPartOf":{"@id":"https:\/\/evertonfc.cz\/index.php\/2023\/07\/03\/vysetrovany-moshiri-v-rade-klubu\/"},"author":{"name":"BlueBlooded","@id":"https:\/\/evertonfc.cz\/#\/schema\/person\/d4493b8cbea51532597fbc4685698916"},"headline":"Vy\u0161etrovan\u00fd Moshiri v rade klubu","datePublished":"2023-07-03T18:33:15+00:00","dateModified":"2023-08-25T09:11:39+00:00","mainEntityOfPage":{"@id":"https:\/\/evertonfc.cz\/index.php\/2023\/07\/03\/vysetrovany-moshiri-v-rade-klubu\/"},"wordCount":1289,"commentCount":4,"publisher":{"@id":"https:\/\/evertonfc.cz\/#organization"},"image":{"@id":"https:\/\/evertonfc.cz\/index.php\/2023\/07\/03\/vysetrovany-moshiri-v-rade-klubu\/#primaryimage"},"thumbnailUrl":"https:\/\/evertonfc.cz\/wp-content\/uploads\/2023\/07\/Moshiri-Usmanov-by-Liverpool-Echo-3-7-2023.jpg","articleSection":["Aktuality"],"inLanguage":"cs","potentialAction":[{"@type":"CommentAction","name":"Comment","target":["https:\/\/evertonfc.cz\/index.php\/2023\/07\/03\/vysetrovany-moshiri-v-rade-klubu\/#respond"]}]},{"@type":"WebPage","@id":"https:\/\/evertonfc.cz\/index.php\/2023\/07\/03\/vysetrovany-moshiri-v-rade-klubu\/","url":"https:\/\/evertonfc.cz\/index.php\/2023\/07\/03\/vysetrovany-moshiri-v-rade-klubu\/","name":"Vy\u0161etrovan\u00fd Moshiri v rade klubu - Official Czech &amp; Slovak Everton Supporters&#039; Club","isPartOf":{"@id":"https:\/\/evertonfc.cz\/#website"},"primaryImageOfPage":{"@id":"https:\/\/evertonfc.cz\/index.php\/2023\/07\/03\/vysetrovany-moshiri-v-rade-klubu\/#primaryimage"},"image":{"@id":"https:\/\/evertonfc.cz\/index.php\/2023\/07\/03\/vysetrovany-moshiri-v-rade-klubu\/#primaryimage"},"thumbnailUrl":"https:\/\/evertonfc.cz\/wp-content\/uploads\/2023\/07\/Moshiri-Usmanov-by-Liverpool-Echo-3-7-2023.jpg","datePublished":"2023-07-03T18:33:15+00:00","dateModified":"2023-08-25T09:11:39+00:00","breadcrumb":{"@id":"https:\/\/evertonfc.cz\/index.php\/2023\/07\/03\/vysetrovany-moshiri-v-rade-klubu\/#breadcrumb"},"inLanguage":"cs","potentialAction":[{"@type":"ReadAction","target":["https:\/\/evertonfc.cz\/index.php\/2023\/07\/03\/vysetrovany-moshiri-v-rade-klubu\/"]}]},{"@type":"ImageObject","inLanguage":"cs","@id":"https:\/\/evertonfc.cz\/index.php\/2023\/07\/03\/vysetrovany-moshiri-v-rade-klubu\/#primaryimage","url":"https:\/\/evertonfc.cz\/wp-content\/uploads\/2023\/07\/Moshiri-Usmanov-by-Liverpool-Echo-3-7-2023.jpg","contentUrl":"https:\/\/evertonfc.cz\/wp-content\/uploads\/2023\/07\/Moshiri-Usmanov-by-Liverpool-Echo-3-7-2023.jpg","width":720,"height":405},{"@type":"BreadcrumbList","@id":"https:\/\/evertonfc.cz\/index.php\/2023\/07\/03\/vysetrovany-moshiri-v-rade-klubu\/#breadcrumb","itemListElement":[{"@type":"ListItem","position":1,"name":"Home","item":"https:\/\/evertonfc.cz\/"},{"@type":"ListItem","position":2,"name":"Vy\u0161etrovan\u00fd Moshiri v rade klubu"}]},{"@type":"WebSite","@id":"https:\/\/evertonfc.cz\/#website","url":"https:\/\/evertonfc.cz\/","name":"Official Czech &amp; Slovak Everton Supporters&#039; Club","description":"","publisher":{"@id":"https:\/\/evertonfc.cz\/#organization"},"potentialAction":[{"@type":"SearchAction","target":{"@type":"EntryPoint","urlTemplate":"https:\/\/evertonfc.cz\/?s={search_term_string}"},"query-input":{"@type":"PropertyValueSpecification","valueRequired":true,"valueName":"search_term_string"}}],"inLanguage":"cs"},{"@type":"Organization","@id":"https:\/\/evertonfc.cz\/#organization","name":"Official Czech & Slovak Everton Supporters' Club","url":"https:\/\/evertonfc.cz\/","logo":{"@type":"ImageObject","inLanguage":"cs","@id":"https:\/\/evertonfc.cz\/#\/schema\/logo\/image\/","url":"https:\/\/evertonfc.cz\/wp-content\/uploads\/2019\/05\/logo.png","contentUrl":"https:\/\/evertonfc.cz\/wp-content\/uploads\/2019\/05\/logo.png","width":112,"height":112,"caption":"Official Czech & Slovak Everton Supporters' Club"},"image":{"@id":"https:\/\/evertonfc.cz\/#\/schema\/logo\/image\/"},"sameAs":["https:\/\/www.facebook.com\/everton.fans.cz.sk"]},{"@type":"Person","@id":"https:\/\/evertonfc.cz\/#\/schema\/person\/d4493b8cbea51532597fbc4685698916","name":"BlueBlooded","url":"https:\/\/evertonfc.cz\/index.php\/author\/admin\/"}]}},"_links":{"self":[{"href":"https:\/\/evertonfc.cz\/index.php\/wp-json\/wp\/v2\/posts\/21909"}],"collection":[{"href":"https:\/\/evertonfc.cz\/index.php\/wp-json\/wp\/v2\/posts"}],"about":[{"href":"https:\/\/evertonfc.cz\/index.php\/wp-json\/wp\/v2\/types\/post"}],"author":[{"embeddable":true,"href":"https:\/\/evertonfc.cz\/index.php\/wp-json\/wp\/v2\/users\/1"}],"replies":[{"embeddable":true,"href":"https:\/\/evertonfc.cz\/index.php\/wp-json\/wp\/v2\/comments?post=21909"}],"version-history":[{"count":10,"href":"https:\/\/evertonfc.cz\/index.php\/wp-json\/wp\/v2\/posts\/21909\/revisions"}],"predecessor-version":[{"id":21935,"href":"https:\/\/evertonfc.cz\/index.php\/wp-json\/wp\/v2\/posts\/21909\/revisions\/21935"}],"wp:featuredmedia":[{"embeddable":true,"href":"https:\/\/evertonfc.cz\/index.php\/wp-json\/wp\/v2\/media\/21910"}],"wp:attachment":[{"href":"https:\/\/evertonfc.cz\/index.php\/wp-json\/wp\/v2\/media?parent=21909"}],"wp:term":[{"taxonomy":"category","embeddable":true,"href":"https:\/\/evertonfc.cz\/index.php\/wp-json\/wp\/v2\/categories?post=21909"},{"taxonomy":"post_tag","embeddable":true,"href":"https:\/\/evertonfc.cz\/index.php\/wp-json\/wp\/v2\/tags?post=21909"}],"curies":[{"name":"wp","href":"https:\/\/api.w.org\/{rel}","templated":true}]}}