{"id":21920,"date":"2023-07-20T10:01:00","date_gmt":"2023-07-20T08:01:00","guid":{"rendered":"https:\/\/evertonfc.cz\/?p=21920"},"modified":"2023-10-08T18:23:35","modified_gmt":"2023-10-08T16:23:35","slug":"najlepsi-anglicky-tim-na-turnaji","status":"publish","type":"post","link":"https:\/\/evertonfc.cz\/index.php\/2023\/07\/20\/najlepsi-anglicky-tim-na-turnaji\/","title":{"rendered":"Najlep\u0161\u00ed anglick\u00fd t\u00edm na turnaji"},"content":{"rendered":"<h4>Na\u0161a druh\u00e1 \u00fa\u010das\u0165 na 3. ro\u010dn\u00edku Turnaja \u010deskoslovensk\u00fdch fanklubov dopadla nadmieru dobre. Ba priam sme prekonali v\u0161etky o\u010dak\u00e1vania a siahali takmer na medaily.<\/h4>\n<p>Veru tak priatelia! Takto pred rokom sa p\u00edsalo o povinnosti zachr\u00e1ni\u0165 sa, no tento rok to bolo in\u00e9, pln\u00e9 fantastick\u00fdch v\u00fdkonov a ne\u010dakan\u00e9ho \u00faspechu. A kde h\u013eada\u0165 pr\u00ed\u010dinu? Skromne m\u00f4\u017eeme skon\u0161tatova\u0165, \u017ee vo v\u00fdmene tr\u00e9nera. Alma mater siahla po osved\u010denom beton\u00e1rovi, a n\u00e1m neostalo na pivnej porade ni\u010d in\u00e9, len lopatova\u0165 rovnak\u00fa zmes aj do na\u0161ej mie\u0161a\u010dky, nech u\u017e mal od nej k\u013e\u00fa\u010de ktoko\u013evek&#8230;<\/p>\n<p>Pozv\u00e1nku sme dostali u\u017e za\u010diatkom roka. Nebolo nad \u010d\u00edm v\u00e1ha\u0165 ani sekundu. \u00darove\u0148 takejto akcie bola nastaven\u00e1 naozaj vysoko, a\u00a0zrejme \u017eiadna slovn\u00e1 chv\u00e1la nebude dostato\u010dn\u00e1 pri ocenen\u00ed dobrovo\u013enej pr\u00e1ce, ktor\u00fa si organiz\u00e1tor \u2013 predseda fanklubu Schwarz-Gelbe Bienen Ond\u0159ej Va\u0161ek, spolu s\u00a0rodinou a\u00a0kamar\u00e1tmi \u2013 opakovane d\u00e1vaj\u00fa na to, aby sa partie \u013eud\u00ed, zjednocovan\u00fdch pod rozli\u010dn\u00fdmi vlajkami iracion\u00e1lnej futbalovej vernosti, mohli raz za rok stretn\u00fa\u0165, s\u00fa\u0165a\u017ei\u0165, a\u00a0zab\u00e1va\u0165.<\/p>\n<p><img loading=\"lazy\" decoding=\"async\" class=\"alignnone size-full wp-image-22027\" src=\"https:\/\/evertonfc.cz\/wp-content\/uploads\/2023\/07\/2023-turnaj-fanklubov-2.jpg\" alt=\"\" width=\"720\" height=\"405\" srcset=\"https:\/\/evertonfc.cz\/wp-content\/uploads\/2023\/07\/2023-turnaj-fanklubov-2.jpg 720w, https:\/\/evertonfc.cz\/wp-content\/uploads\/2023\/07\/2023-turnaj-fanklubov-2-300x169.jpg 300w\" sizes=\"(max-width: 720px) 100vw, 720px\" \/><\/p>\n<h5 style=\"text-align: center;\"><span style=\"font-size: 12pt;\"><strong><em>duch.abum:<\/em><\/strong><\/span><\/h5>\n<blockquote><p><span style=\"font-size: 12pt;\"><em>\u201eJe fascinuj\u00face sledova\u0165, ako charakter klubu sp\u00f4sob\u00ed, \u017ee sa fan\u00fa\u0161ikovia na svoj klub podobaj\u00fa. Neviem, \u010di klub fan\u00fa\u0161ikov zmen\u00ed, alebo si fan\u00fa\u0161ikovia podvedome vyberaj\u00fa klub pod\u013ea svojej povahy. Nejak\u00fd vedec by si na tom mohol urobi\u0165 kari\u00e9ru. Bolo to vidie\u0165 na tr\u00e1vniku aj pri z\u00e1bave. Barcelona, Juventus, Inter. Nesklamali. LFC? Bez debaty. Ak\u00ed s\u00fa \u010desk\u00ed a slovensk\u00ed Evertonians? Po viacer\u00fdch str\u00e1nkach divn\u00ed. Berte ako pochvalu. Kto chce vedie\u0165 viac, nech o rok pr\u00edde. Naozaj by sa zi\u0161lo o p\u00e1r hr\u00e1\u010dov viac a fan\u00fa\u0161ikov o ve\u013ea viac.\u201c<\/em><\/span><\/p><\/blockquote>\n<h4><strong>Zlo\u017eenie t\u00edmu<\/strong><\/h4>\n<p>Nebolo by mi modr\u00fdmi bohmi odpusten\u00e9, ak by Everton reprezentoval niekto, kto s\u00a0n\u00edm nem\u00e1 ni\u010d spolo\u010dn\u00e9. Preto aj tento rok bol v\u00fdber talentov striktne obmedzen\u00fd na sladk\u00fa deform\u00e1ciu karamelom. Nebolo treba h\u013eada\u0165, t\u00edto \u013eudia sa radi verejne touto \u00fachylkou prezentuj\u00fa, a\u00a0e\u0161te aj dobrovo\u013ene prihl\u00e1sia.<\/p>\n<p>Mu\u017estvo z minul\u00e9ho roka malo ist\u00fd potenci\u00e1l. Jedin\u00e9, \u010do mu ch\u00fdbalo, bola zohranos\u0165 a jasn\u00e9 taktick\u00e9 pokyny. Bohu\u017eia\u013e, niektor\u00e9 opory z vla\u0148aj\u0161ka ako Ri\u010di alebo ENBD nemohli pr\u00eds\u0165, ale boli adekv\u00e1tne nahraden\u00e9. Pridal sa \u201educh junior\u201c Fedor, a uzdraven\u00fd Grulda. Na posledn\u00fa chv\u00ed\u013eu musel svoju \u00fa\u010das\u0165 odvola\u0165 Tomm. Naskytli sa aj preto obavy, ako to ubeh\u00e1me v po\u010dte dev\u00e4\u0165 hr\u00e1\u010dov do po\u013ea. No ako som u\u017e spom\u00ednal, taktick\u00fd brainstorming obsiahnut\u00fd v pivn\u00fdch kvasink\u00e1ch starosti za\u017eehnal.<\/p>\n<h5 style=\"text-align: center;\"><span style=\"font-size: 12pt;\"><strong><em>godison:<\/em><\/strong><\/span><\/h5>\n<blockquote><p><span style=\"font-size: 12pt;\"><em>&#8222;Aj tento rok to bol tuh\u00fd boj. Z minul\u00e9ho roka sme vedeli, kde sme robili chyby, a teraz sme si osvojili taktiku akoby n\u00e1s tr\u00e9noval Dyche. Zabezpe\u010den\u00e1 obrana, kde MVP Tom hral ako Tarkowski proti Arsenalu. S rozdielom, \u017ee Tom tak odohral ka\u017ed\u00fd z\u00e1pas. V\u017edy n\u00e1s podr\u017eal a pred z\u00e1pasom doniesol piv\u00e1. Zasl\u00fa\u017eene MVP cel\u00e9ho turnaja. Ako Everton sme uk\u00e1zali charakter a dok\u00e1zali sme aj cez nepriaze\u0148 osudu vybojova\u0165 4. miesto, ke\u010f s nami nepo\u010d\u00edtali ani po z\u00e1kladnej \u010dasti. Trend mame nastaven\u00fd a bud\u00faci rok stupne v\u00ed\u0165azov. Samozrejmos\u0165ou bude \u0161tudovanie pen\u00e1lt, pri ktor\u00fdch m\u00e1m ve\u013ek\u00e9 nedostatky a vyber\u00e1m si Fipa ako u\u010dite\u013ea.\u00a0 Celkovo som bol ve\u013emi r\u00e1d, \u017ee sme sa stretli, a st\u00e1le tieto akcie berieme \u0161portovo, so z\u00e1bavou a humorom. Hlavne pri z\u00e1pasoch Liverpoolu sme videli in\u00e9 motiv\u00e1cie&#8230; Te\u0161\u00edm sa na bud\u00faci rok!&#8220;<\/em><\/span><\/p><\/blockquote>\n\n\t\t<style type=\"text\/css\">\n\t\t\t#gallery-1 {\n\t\t\t\tmargin: auto;\n\t\t\t}\n\t\t\t#gallery-1 .gallery-item {\n\t\t\t\tfloat: left;\n\t\t\t\tmargin-top: 10px;\n\t\t\t\ttext-align: center;\n\t\t\t\twidth: 50%;\n\t\t\t}\n\t\t\t#gallery-1 img {\n\t\t\t\tborder: 2px solid #cfcfcf;\n\t\t\t}\n\t\t\t#gallery-1 .gallery-caption {\n\t\t\t\tmargin-left: 0;\n\t\t\t}\n\t\t\t\/* see gallery_shortcode() in wp-includes\/media.php *\/\n\t\t<\/style>\n\t\t<div id='gallery-1' class='gallery galleryid-21920 gallery-columns-2 gallery-size-full'><dl class='gallery-item'>\n\t\t\t<dt class='gallery-icon landscape'>\n\t\t\t\t<a href='https:\/\/evertonfc.cz\/2023-turnaj-fanklubov-18\/'><img loading=\"lazy\" decoding=\"async\" width=\"720\" height=\"405\" src=\"https:\/\/evertonfc.cz\/wp-content\/uploads\/2023\/07\/2023-turnaj-fanklubov-18.jpg\" class=\"attachment-full size-full\" alt=\"\" aria-describedby=\"gallery-1-22043\" srcset=\"https:\/\/evertonfc.cz\/wp-content\/uploads\/2023\/07\/2023-turnaj-fanklubov-18.jpg 720w, https:\/\/evertonfc.cz\/wp-content\/uploads\/2023\/07\/2023-turnaj-fanklubov-18-300x169.jpg 300w\" sizes=\"(max-width: 720px) 100vw, 720px\" \/><\/a>\n\t\t\t<\/dt>\n\t\t\t\t<dd class='wp-caption-text gallery-caption' id='gallery-1-22043'>\n\t\t\t\tDajte n\u00e1m bagety, inak nehr\u00e1me!\n\t\t\t\t<\/dd><\/dl><dl class='gallery-item'>\n\t\t\t<dt class='gallery-icon landscape'>\n\t\t\t\t<a href='https:\/\/evertonfc.cz\/2023-turnaj-fanklubov-17\/'><img loading=\"lazy\" decoding=\"async\" width=\"720\" height=\"405\" src=\"https:\/\/evertonfc.cz\/wp-content\/uploads\/2023\/07\/2023-turnaj-fanklubov-17.jpg\" class=\"attachment-full size-full\" alt=\"\" aria-describedby=\"gallery-1-22042\" srcset=\"https:\/\/evertonfc.cz\/wp-content\/uploads\/2023\/07\/2023-turnaj-fanklubov-17.jpg 720w, https:\/\/evertonfc.cz\/wp-content\/uploads\/2023\/07\/2023-turnaj-fanklubov-17-300x169.jpg 300w\" sizes=\"(max-width: 720px) 100vw, 720px\" \/><\/a>\n\t\t\t<\/dt>\n\t\t\t\t<dd class='wp-caption-text gallery-caption' id='gallery-1-22042'>\n\t\t\t\tKto chyt\u00e1 v \u017eite, sa tam m\u00f4\u017ee aj rozcvi\u010dova\u0165.\n\t\t\t\t<\/dd><\/dl><br style=\"clear: both\" \/><dl class='gallery-item'>\n\t\t\t<dt class='gallery-icon landscape'>\n\t\t\t\t<a href='https:\/\/evertonfc.cz\/2023-turnaj-fanklubov-19\/'><img loading=\"lazy\" decoding=\"async\" width=\"720\" height=\"405\" src=\"https:\/\/evertonfc.cz\/wp-content\/uploads\/2023\/07\/2023-turnaj-fanklubov-19.jpg\" class=\"attachment-full size-full\" alt=\"\" aria-describedby=\"gallery-1-22044\" srcset=\"https:\/\/evertonfc.cz\/wp-content\/uploads\/2023\/07\/2023-turnaj-fanklubov-19.jpg 720w, https:\/\/evertonfc.cz\/wp-content\/uploads\/2023\/07\/2023-turnaj-fanklubov-19-300x169.jpg 300w\" sizes=\"(max-width: 720px) 100vw, 720px\" \/><\/a>\n\t\t\t<\/dt>\n\t\t\t\t<dd class='wp-caption-text gallery-caption' id='gallery-1-22044'>\n\t\t\t\tAndy Lonergan cameo.\n\t\t\t\t<\/dd><\/dl><dl class='gallery-item'>\n\t\t\t<dt class='gallery-icon landscape'>\n\t\t\t\t<a href='https:\/\/evertonfc.cz\/index.php\/2023\/07\/20\/najlepsi-anglicky-tim-na-turnaji\/2023-turnaj-fanklubov-13\/'><img loading=\"lazy\" decoding=\"async\" width=\"720\" height=\"405\" src=\"https:\/\/evertonfc.cz\/wp-content\/uploads\/2023\/07\/2023-turnaj-fanklubov-13.jpg\" class=\"attachment-full size-full\" alt=\"\" aria-describedby=\"gallery-1-22038\" srcset=\"https:\/\/evertonfc.cz\/wp-content\/uploads\/2023\/07\/2023-turnaj-fanklubov-13.jpg 720w, https:\/\/evertonfc.cz\/wp-content\/uploads\/2023\/07\/2023-turnaj-fanklubov-13-300x169.jpg 300w\" sizes=\"(max-width: 720px) 100vw, 720px\" \/><\/a>\n\t\t\t<\/dt>\n\t\t\t\t<dd class='wp-caption-text gallery-caption' id='gallery-1-22038'>\n\t\t\t\tHlavne treba vyhra\u0165 Derby!\n\t\t\t\t<\/dd><\/dl><br style=\"clear: both\" \/>\n\t\t<\/div>\n\n<h4><strong>Cesta tam a\u00a0piatkov\u00fd ve\u010der<\/strong><\/h4>\n<p>Bratislavsk\u00e1 enkl\u00e1va sa dohodla s banskobystrickou, \u017ee sa po\u010dkaj\u00fa pre spolo\u010dn\u00fd odvoz. Ak\u00e1 preto mi hanba, \u017ee ke\u010f som prich\u00e1dzal na miesto stretnutia ako predseda, u\u017e na m\u0148a takmer polhodinu \u010dakali v jemnom vetre vlaj\u00face modr\u00e9 a \u017elt\u00e9 dresy. Z hlavn\u00e9ho mesta patr\u00ed preto za odvoz v\u010faka godisonovi. Ocitn\u00fa\u0165 sa na mieste konania potom nebol probl\u00e9m. Po jednej zlej odbo\u010dke nasledoval u\u017e spr\u00e1vny sled tradi\u010dnej \u201earchitekt\u00fary\u201c \u010desk\u00fdch dediniek, ktor\u00e9 z vlaku \u010dlovek nem\u00e1 \u0161ancu pochyti\u0165. Uvedomi\u0165 si, ako sa ni\u010d\u00edm nel\u00ed\u0161i od tej slovenskej, je n\u00e1sledne pr\u00edjemne upokojuj\u00face.<\/p>\n<h5 style=\"text-align: center;\"><span style=\"font-size: 12pt;\"><strong><em>Fe\u010fo:<\/em><\/strong><\/span><\/h5>\n<blockquote><p><span style=\"font-size: 12pt;\"><em>\u201eZa m\u0148a super my\u0161lienka so super preveden\u00edm. Turnaj, spr\u00e1vne dochuten\u00fd par\u00e1dnou atmosf\u00e9rou, mal v\u0161etko, \u010do mal ma\u0165. N\u00e1\u0161 v\u00fdkon stup\u0148uj\u00faci sa od z\u00e1pasu k z\u00e1pasu, pevn\u00fa defenz\u00edvu a t\u00edmov\u00fa hru, ktor\u00e1 n\u00e1m nakoniec priniesla luxusn\u00e9 \u0161tvrt\u00e9 miesto, \u010do je \u010dere\u0161ni\u010dkou na torte cel\u00e9ho z\u00e1\u017eitku. Te\u0161\u00edm sa na \u010fal\u0161\u00ed ro\u010dn\u00edk.\u201c<\/em><\/span><\/p><\/blockquote>\n<p>Ke\u010f sme dorazili do kempu, sna\u017eili sme rozl\u00fa\u0161ti\u0165 z\u00e1hadu vysokohorsk\u00e9ho parkoviska. Bohu\u017eia\u013e, t\u00e1 n\u00e1m ost\u00e1va nevyrie\u0161en\u00e1 minim\u00e1lne do bud\u00faceho ro\u010dn\u00edka. Aj preto sa vodi\u010d ve\u013emi r\u00e1d uspokojil s\u00a0luxusn\u00fdm parkovan\u00edm hne\u010f ved\u013ea vchodu do ubytovne. Po skon\u0161tatovan\u00ed, \u017ee v\u0161etko vn\u00fatri vyzer\u00e1 fajn, u\u017e sme fr\u010dali na prv\u00e9 pivo. Pri stoloch u\u017e sedeli prv\u00ed Katal\u00e1nci a\u00a0Kladiv\u00e1ri. R\u00fdchlo, mus\u00edme ich v\u00a0n\u00e1lade dobehn\u00fa\u0165!<\/p>\n\n\t\t<style type=\"text\/css\">\n\t\t\t#gallery-2 {\n\t\t\t\tmargin: auto;\n\t\t\t}\n\t\t\t#gallery-2 .gallery-item {\n\t\t\t\tfloat: left;\n\t\t\t\tmargin-top: 10px;\n\t\t\t\ttext-align: center;\n\t\t\t\twidth: 50%;\n\t\t\t}\n\t\t\t#gallery-2 img {\n\t\t\t\tborder: 2px solid #cfcfcf;\n\t\t\t}\n\t\t\t#gallery-2 .gallery-caption {\n\t\t\t\tmargin-left: 0;\n\t\t\t}\n\t\t\t\/* see gallery_shortcode() in wp-includes\/media.php *\/\n\t\t<\/style>\n\t\t<div id='gallery-2' class='gallery galleryid-21920 gallery-columns-2 gallery-size-full'><dl class='gallery-item'>\n\t\t\t<dt class='gallery-icon landscape'>\n\t\t\t\t<a href='https:\/\/evertonfc.cz\/2023-turnaj-fanklubov-16\/'><img loading=\"lazy\" decoding=\"async\" width=\"720\" height=\"405\" src=\"https:\/\/evertonfc.cz\/wp-content\/uploads\/2023\/07\/2023-turnaj-fanklubov-16.jpg\" class=\"attachment-full size-full\" alt=\"\" aria-describedby=\"gallery-2-22041\" srcset=\"https:\/\/evertonfc.cz\/wp-content\/uploads\/2023\/07\/2023-turnaj-fanklubov-16.jpg 720w, https:\/\/evertonfc.cz\/wp-content\/uploads\/2023\/07\/2023-turnaj-fanklubov-16-300x169.jpg 300w\" sizes=\"(max-width: 720px) 100vw, 720px\" \/><\/a>\n\t\t\t<\/dt>\n\t\t\t\t<dd class='wp-caption-text gallery-caption' id='gallery-2-22041'>\n\t\t\t\t&#8222;Daj g\u00f3l!&#8220; &#8211; &#8222;Pre\u010do ja?&#8220;\n\t\t\t\t<\/dd><\/dl><dl class='gallery-item'>\n\t\t\t<dt class='gallery-icon landscape'>\n\t\t\t\t<a href='https:\/\/evertonfc.cz\/2023-turnaj-fanklubov-11\/'><img loading=\"lazy\" decoding=\"async\" width=\"720\" height=\"405\" src=\"https:\/\/evertonfc.cz\/wp-content\/uploads\/2023\/07\/2023-turnaj-fanklubov-11.jpg\" class=\"attachment-full size-full\" alt=\"\" aria-describedby=\"gallery-2-22036\" srcset=\"https:\/\/evertonfc.cz\/wp-content\/uploads\/2023\/07\/2023-turnaj-fanklubov-11.jpg 720w, https:\/\/evertonfc.cz\/wp-content\/uploads\/2023\/07\/2023-turnaj-fanklubov-11-300x169.jpg 300w\" sizes=\"(max-width: 720px) 100vw, 720px\" \/><\/a>\n\t\t\t<\/dt>\n\t\t\t\t<dd class='wp-caption-text gallery-caption' id='gallery-2-22036'>\n\t\t\t\t&#8222;Ten Dyche-Ball norm\u00e1lne funguje&#8230;&#8220;\n\t\t\t\t<\/dd><\/dl><br style=\"clear: both\" \/><dl class='gallery-item'>\n\t\t\t<dt class='gallery-icon landscape'>\n\t\t\t\t<a href='https:\/\/evertonfc.cz\/2023-turnaj-fanklubov-7\/'><img loading=\"lazy\" decoding=\"async\" width=\"720\" height=\"405\" src=\"https:\/\/evertonfc.cz\/wp-content\/uploads\/2023\/07\/2023-turnaj-fanklubov-7.jpg\" class=\"attachment-full size-full\" alt=\"\" aria-describedby=\"gallery-2-22032\" srcset=\"https:\/\/evertonfc.cz\/wp-content\/uploads\/2023\/07\/2023-turnaj-fanklubov-7.jpg 720w, https:\/\/evertonfc.cz\/wp-content\/uploads\/2023\/07\/2023-turnaj-fanklubov-7-300x169.jpg 300w\" sizes=\"(max-width: 720px) 100vw, 720px\" \/><\/a>\n\t\t\t<\/dt>\n\t\t\t\t<dd class='wp-caption-text gallery-caption' id='gallery-2-22032'>\n\t\t\t\tVzorne, ani jedno pivo!\n\t\t\t\t<\/dd><\/dl><dl class='gallery-item'>\n\t\t\t<dt class='gallery-icon landscape'>\n\t\t\t\t<a href='https:\/\/evertonfc.cz\/2023-turnaj-fanklubov-23\/'><img loading=\"lazy\" decoding=\"async\" width=\"720\" height=\"405\" src=\"https:\/\/evertonfc.cz\/wp-content\/uploads\/2023\/07\/2023-turnaj-fanklubov-23.jpg\" class=\"attachment-full size-full\" alt=\"\" aria-describedby=\"gallery-2-22048\" srcset=\"https:\/\/evertonfc.cz\/wp-content\/uploads\/2023\/07\/2023-turnaj-fanklubov-23.jpg 720w, https:\/\/evertonfc.cz\/wp-content\/uploads\/2023\/07\/2023-turnaj-fanklubov-23-300x169.jpg 300w\" sizes=\"(max-width: 720px) 100vw, 720px\" \/><\/a>\n\t\t\t<\/dt>\n\t\t\t\t<dd class='wp-caption-text gallery-caption' id='gallery-2-22048'>\n\t\t\t\tYou shall not pass!\n\t\t\t\t<\/dd><\/dl><br style=\"clear: both\" \/>\n\t\t<\/div>\n\n<p>\u010cas plynul, debaty neust\u00e1vali a u\u017e sme vyzerali, kedy\u017ee to doraz\u00ed pra\u017esk\u00e1 sekcia. S \u0148ou sa rozj\u00edmanie nielen nad Daviesom, \u0161tadi\u00f3nom, Moshirim, a zajtraj\u0161ou zostavou dostalo na nov\u00fa \u00farove\u0148. A ke\u010f klesla \u00farove\u0148 vidite\u013enosti, odhodlali sme aj na otestovanie hracej plochy. Predsa nebudeme d\u00e1va\u0165 s\u00faperom \u0161ancu na skauting n\u00e1\u0161ho novovzniknut\u00e9ho hern\u00e9ho pl\u00e1nu! Ten bol jasn\u00fd. Dr\u017ea\u0165 sa na\u0161ich limitov. Zlo\u017eenie po\u013ea? V\u017edy minim\u00e1lne troj\u010dlenn\u00e1 obrana, ktorej dopom\u00e1ha \u0161tvrt\u00fd ochotn\u00edk, univerz\u00e1l. V \u00fatoku preto museli bojova\u0165 len dvaja stato\u010dn\u00ed, netrpiaci autof\u00f3biou, inak povedan\u00e9 &#8211; strachom z osamotenia a izol\u00e1cie.<\/p>\n<h5 style=\"text-align: center;\"><span style=\"font-size: 12pt;\"><strong><em>spidour:<\/em><\/strong><\/span><\/h5>\n<blockquote><p><span style=\"font-size: 12pt;\"><em>\u201eDo turnaje jsme vstoupili plni pou\u010dek z krizov\u00e9ho v\u00fdvoje z lo\u0148sk\u00e9ho v\u00fdvoje. Okam\u017eit\u011b jsme nasadili spr\u00e1vnou taktiku, je\u017e spo\u010d\u00edvala v jednoduch\u00e9m pravidle: zaparkuj autobus a hraj na breaky, v br\u00e1n\u011b je opora, na hrotu zabij\u00e1k. Tato skv\u011ble vymy\u0161len\u00e1 strategie, inspirov\u00e1na velik\u00e1nem Dychem, resultovala ve smrtelnou (pro soupe\u0159e) j\u00edzdu turnajem, kdy po hladk\u00e9m postupu ze z\u00e1kladn\u00ed skupiny jsme ka\u017ed\u00fd z\u00e1pas play-off snadno dovedli do penalt. Tam se na na\u0161i stranu bohyn\u011b T\u00fdch\u00e9 p\u0159iklonile pouze 1x, co\u017e znamenalo postup z \u010cF, ale smutek v SF a v utk\u00e1n\u00ed o 3. m\u00edsto. Pod\u011bkov\u00e1n\u00ed pat\u0159\u00ed v\u0161em v\u00e1le\u010dn\u00edk\u016fm na h\u0159i\u0161ti, ud\u011blali na\u0161emu klubu skv\u011bl\u00e9 jm\u00e9no.\u201c<\/em><\/span><\/p><\/blockquote>\n<hr \/>\n<h4>Pra\u017esk\u00e1 kolona &#8211; p\u00ed\u0161e <a href=\"https:\/\/evertonfc.cz\/index.php\/javor\/\">Javor<\/a><\/h4>\n<p>Kdy\u017e jsem se dov\u011bd\u011bl, \u017ee jsme op\u011bt pozvan\u00ed, tak bylo jasn\u00e9, \u017ee pojedu. Sice je to na ji\u017en\u00ed Moravu kus cesty, ale n\u00e1\u0161 &#8222;Gray&#8220;, alias David, p\u0159ijel a\u017e z Mostu. Pos\u00e1dka ve slo\u017een\u00ed \u0159idi\u010d Spidour &#8211; navig\u00e1tor Javor &#8211; d\u00edt\u011b Fip dorazila na m\u00edsto ur\u010den\u00ed kolem osm\u00e9 ve\u010der. Nejv\u011bt\u0161\u00ed komplikace tak nastala p\u0159i parkov\u00e1n\u00ed, kdy n\u00e1\u0161 pan p\u0159edseda nev\u011bd\u011bl, kam jeho \u0159idi\u010d godison zaparkoval sv\u016fj b\u00edl\u00fd Mercedes. Ale popilo se v dru\u017en\u00e9 atmosf\u00e9\u0159e s v\u011bdom\u00edm, \u017ee alkohol m\u016f\u017ee b\u00fdt po\u017eit jen v mal\u00e9m mno\u017estv\u00ed.<\/p>\n\n\t\t<style type=\"text\/css\">\n\t\t\t#gallery-3 {\n\t\t\t\tmargin: auto;\n\t\t\t}\n\t\t\t#gallery-3 .gallery-item {\n\t\t\t\tfloat: left;\n\t\t\t\tmargin-top: 10px;\n\t\t\t\ttext-align: center;\n\t\t\t\twidth: 50%;\n\t\t\t}\n\t\t\t#gallery-3 img {\n\t\t\t\tborder: 2px solid #cfcfcf;\n\t\t\t}\n\t\t\t#gallery-3 .gallery-caption {\n\t\t\t\tmargin-left: 0;\n\t\t\t}\n\t\t\t\/* see gallery_shortcode() in wp-includes\/media.php *\/\n\t\t<\/style>\n\t\t<div id='gallery-3' class='gallery galleryid-21920 gallery-columns-2 gallery-size-full'><dl class='gallery-item'>\n\t\t\t<dt class='gallery-icon landscape'>\n\t\t\t\t<a href='https:\/\/evertonfc.cz\/2023-turnaj-fanklubov-10\/'><img loading=\"lazy\" decoding=\"async\" width=\"720\" height=\"405\" src=\"https:\/\/evertonfc.cz\/wp-content\/uploads\/2023\/07\/2023-turnaj-fanklubov-10.jpg\" class=\"attachment-full size-full\" alt=\"\" aria-describedby=\"gallery-3-22035\" srcset=\"https:\/\/evertonfc.cz\/wp-content\/uploads\/2023\/07\/2023-turnaj-fanklubov-10.jpg 720w, https:\/\/evertonfc.cz\/wp-content\/uploads\/2023\/07\/2023-turnaj-fanklubov-10-300x169.jpg 300w\" sizes=\"(max-width: 720px) 100vw, 720px\" \/><\/a>\n\t\t\t<\/dt>\n\t\t\t\t<dd class='wp-caption-text gallery-caption' id='gallery-3-22035'>\n\t\t\t\tPrest\u00e1vky sl\u00fa\u017eili na skauting s\u00fapera.\n\t\t\t\t<\/dd><\/dl><dl class='gallery-item'>\n\t\t\t<dt class='gallery-icon landscape'>\n\t\t\t\t<a href='https:\/\/evertonfc.cz\/2023-turnaj-fanklubov-22\/'><img loading=\"lazy\" decoding=\"async\" width=\"720\" height=\"405\" src=\"https:\/\/evertonfc.cz\/wp-content\/uploads\/2023\/07\/2023-turnaj-fanklubov-22.jpg\" class=\"attachment-full size-full\" alt=\"\" aria-describedby=\"gallery-3-22047\" srcset=\"https:\/\/evertonfc.cz\/wp-content\/uploads\/2023\/07\/2023-turnaj-fanklubov-22.jpg 720w, https:\/\/evertonfc.cz\/wp-content\/uploads\/2023\/07\/2023-turnaj-fanklubov-22-300x169.jpg 300w\" sizes=\"(max-width: 720px) 100vw, 720px\" \/><\/a>\n\t\t\t<\/dt>\n\t\t\t\t<dd class='wp-caption-text gallery-caption' id='gallery-3-22047'>\n\t\t\t\tT\u00edmov\u00fd duch zariadil nejeden g\u00f3l.\n\t\t\t\t<\/dd><\/dl><br style=\"clear: both\" \/><dl class='gallery-item'>\n\t\t\t<dt class='gallery-icon landscape'>\n\t\t\t\t<a href='https:\/\/evertonfc.cz\/2023-turnaj-fanklubov-24\/'><img loading=\"lazy\" decoding=\"async\" width=\"720\" height=\"405\" src=\"https:\/\/evertonfc.cz\/wp-content\/uploads\/2023\/07\/2023-turnaj-fanklubov-24.jpg\" class=\"attachment-full size-full\" alt=\"\" aria-describedby=\"gallery-3-22049\" srcset=\"https:\/\/evertonfc.cz\/wp-content\/uploads\/2023\/07\/2023-turnaj-fanklubov-24.jpg 720w, https:\/\/evertonfc.cz\/wp-content\/uploads\/2023\/07\/2023-turnaj-fanklubov-24-300x169.jpg 300w\" sizes=\"(max-width: 720px) 100vw, 720px\" \/><\/a>\n\t\t\t<\/dt>\n\t\t\t\t<dd class='wp-caption-text gallery-caption' id='gallery-3-22049'>\n\t\t\t\t\u0160tandardky, postrach Barcelony.\n\t\t\t\t<\/dd><\/dl><dl class='gallery-item'>\n\t\t\t<dt class='gallery-icon landscape'>\n\t\t\t\t<a href='https:\/\/evertonfc.cz\/2023-turnaj-fanklubov-25\/'><img loading=\"lazy\" decoding=\"async\" width=\"720\" height=\"405\" src=\"https:\/\/evertonfc.cz\/wp-content\/uploads\/2023\/07\/2023-turnaj-fanklubov-25.jpg\" class=\"attachment-full size-full\" alt=\"\" aria-describedby=\"gallery-3-22050\" srcset=\"https:\/\/evertonfc.cz\/wp-content\/uploads\/2023\/07\/2023-turnaj-fanklubov-25.jpg 720w, https:\/\/evertonfc.cz\/wp-content\/uploads\/2023\/07\/2023-turnaj-fanklubov-25-300x169.jpg 300w\" sizes=\"(max-width: 720px) 100vw, 720px\" \/><\/a>\n\t\t\t<\/dt>\n\t\t\t\t<dd class='wp-caption-text gallery-caption' id='gallery-3-22050'>\n\t\t\t\tTajn\u00e1 zbra\u0148 &#8211; levituj\u00faci Junior.\n\t\t\t\t<\/dd><\/dl><br style=\"clear: both\" \/>\n\t\t<\/div>\n\n<h5 style=\"text-align: center;\"><span style=\"font-size: 12pt;\"><strong><em>Martin:<\/em><\/strong><\/span><\/h5>\n<blockquote><p><span style=\"font-size: 12pt;\"><em>&#8222;No mysl\u00edm si, \u017ee jsme hr\u00e1li jako Everton. Bohu\u017eel hern\u011b to nen\u00ed \u017e\u00e1dn\u00e1 hitpar\u00e1da. Ale na to jsme si zvykli za posledn\u00ed sez\u00f3ny. Nicm\u00e9n\u011b oproti sez\u00f3n\u011b, v \u017e\u00e1dn\u00e9m na\u0161em z\u00e1pase nechyb\u011bla bojovnost, jezdilo se po prdeli. Kv\u016fli tomu jsme uhr\u00e1li v t\u011b\u017ek\u00e9 konkurenci skv\u011bl\u00e9 4.m\u00edsto. D\u00edky v\u0161em, kdo se \u00fa\u010dastnili a Pe\u0165ovi za kr\u00e1sn\u00e9 foto. Op\u011bt za rok!&#8220;<\/em><\/span><\/p><\/blockquote>\n<p>Po rozkop\u00e1n\u00ed se a stru\u010dn\u00e9m sezn\u00e1men\u00ed s pravidly v sobotu r\u00e1no jsme zjistili, \u017ee jsme bez Martina, tedy \u010desk\u00e9 odpov\u011bdi na Pickforda. Do branky proti RS tak musel spidour, \u010desk\u00fd to Lonergan. Ji\u017e tento z\u00e1pas ur\u010dil n\u00e1\u0161 obvykl\u00fd hern\u00ed projev. Ancelotti by se za takov\u00e9to poctiv\u00e9 catenaccio ur\u010dit\u011b nestyd\u011bl. Soupe\u0159 m\u011bl v\u00edce ze hry, tlak, ale ne \u0161ance. Ma\u010d nakonec rozhodlo n\u00e1hl\u00e9 vnuknut\u00ed soupe\u0159e, kter\u00fd se asi 2 metry od autov\u00e9 \u010d\u00e1ry rozhodl dle hesla &#8222;kdy\u017e nev\u00ed\u0161, co s m\u00ed\u010dem, tak vyst\u0159el&#8220;. Kulat\u00fd nesmysl skon\u010dil k p\u0159ekvapen\u00ed v\u0161ech v na\u0161\u00ed \u0161ibenici, tak\u017ee jsme zaknihovali prohru 0:1.<\/p>\n<h5 style=\"text-align: center;\"><span style=\"font-size: 12pt;\">Grulda:<\/span><\/h5>\n<blockquote><p><span style=\"font-size: 12pt;\"><em>&#8222;Na turnaj jsem se hodn\u011b t\u011b\u0161il, u\u017e jen kv\u016fli tomu, \u017ee mi to loni kv\u016fli zran\u011bn\u00ed kolene nevy\u0161lo. Velk\u00e1 pochvala pat\u0159\u00ed organiz\u00e1tor\u016fm za skv\u011bl\u00fd turnaj. A hlavn\u011b na\u0161emu t\u00fdmu za v\u00fdborn\u00fd v\u00fdkon. Uk\u00e1zali jsme modrob\u00edl\u00e9 srdce a n\u011bkdy chyb\u011bj\u00edc\u00ed fotbalovost jsme nahradili bojovnost\u00e1 a v\u00e1\u0161n\u00ed. Kr\u00e1sn\u00e9 4. m\u00edsto mluv\u00ed za v\u0161e. D\u00edky v\u0161em.&#8220;<\/em><\/span><\/p><\/blockquote>\n<p>V druh\u00e9m utk\u00e1n\u00ed proti Interu Mil\u00e1n jsme soupe\u0159e p\u0159ehr\u00e1li, zatla\u010dili &#8211; a smoln\u011b remizovali. Velk\u00e9 v\u00fdkony za\u010dal v \u00fatoku p\u0159edv\u00e1d\u011bt Grulda, dal g\u00f3l a kopal penaltu po faulu na sebe. Jen\u017ee trefil prost\u0159edek branky, tak\u017ee brank\u00e1\u0159 kryl a fotbalov\u00ed bozi n\u00e1s potrestali. Obrana nepokryla fin\u00e1ln\u00ed p\u0159ihr\u00e1vku kousek za v\u00e1pno, hr\u00e1\u010d soupe\u0159e m\u00ed\u010d sp\u00ed\u0161 jen prodlu\u017eoval ne\u017e vyst\u0159elil, ale na drnu p\u0159ed Martinem puml\u00ed\u010d sko\u010dil a nam\u00ed\u0159il si to nad jeho rukou do branky. To byla p\u0159edposledn\u00ed minuta, prvn\u00ed bod za rem\u00edzu 1:1 byl na sv\u011bt\u011b, ale jednozna\u010dn\u011b ztr\u00e1ta.<\/p>\n\n\t\t<style type=\"text\/css\">\n\t\t\t#gallery-4 {\n\t\t\t\tmargin: auto;\n\t\t\t}\n\t\t\t#gallery-4 .gallery-item {\n\t\t\t\tfloat: left;\n\t\t\t\tmargin-top: 10px;\n\t\t\t\ttext-align: center;\n\t\t\t\twidth: 50%;\n\t\t\t}\n\t\t\t#gallery-4 img {\n\t\t\t\tborder: 2px solid #cfcfcf;\n\t\t\t}\n\t\t\t#gallery-4 .gallery-caption {\n\t\t\t\tmargin-left: 0;\n\t\t\t}\n\t\t\t\/* see gallery_shortcode() in wp-includes\/media.php *\/\n\t\t<\/style>\n\t\t<div id='gallery-4' class='gallery galleryid-21920 gallery-columns-2 gallery-size-full'><dl class='gallery-item'>\n\t\t\t<dt class='gallery-icon landscape'>\n\t\t\t\t<a href='https:\/\/evertonfc.cz\/index.php\/2023\/07\/20\/najlepsi-anglicky-tim-na-turnaji\/2023-turnaj-fanklubov-15\/'><img loading=\"lazy\" decoding=\"async\" width=\"720\" height=\"405\" src=\"https:\/\/evertonfc.cz\/wp-content\/uploads\/2023\/07\/2023-turnaj-fanklubov-15.jpg\" class=\"attachment-full size-full\" alt=\"\" aria-describedby=\"gallery-4-22040\" srcset=\"https:\/\/evertonfc.cz\/wp-content\/uploads\/2023\/07\/2023-turnaj-fanklubov-15.jpg 720w, https:\/\/evertonfc.cz\/wp-content\/uploads\/2023\/07\/2023-turnaj-fanklubov-15-300x169.jpg 300w\" sizes=\"(max-width: 720px) 100vw, 720px\" \/><\/a>\n\t\t\t<\/dt>\n\t\t\t\t<dd class='wp-caption-text gallery-caption' id='gallery-4-22040'>\n\t\t\t\tDlh\u00e9 n\u00e1kopy (MVP) op\u00e4\u0165 frustrovali s\u00fapera.\n\t\t\t\t<\/dd><\/dl><dl class='gallery-item'>\n\t\t\t<dt class='gallery-icon landscape'>\n\t\t\t\t<a href='https:\/\/evertonfc.cz\/index.php\/2023\/07\/20\/najlepsi-anglicky-tim-na-turnaji\/2023-turnaj-fanklubov-12\/'><img loading=\"lazy\" decoding=\"async\" width=\"720\" height=\"405\" src=\"https:\/\/evertonfc.cz\/wp-content\/uploads\/2023\/07\/2023-turnaj-fanklubov-12.jpg\" class=\"attachment-full size-full\" alt=\"\" aria-describedby=\"gallery-4-22037\" srcset=\"https:\/\/evertonfc.cz\/wp-content\/uploads\/2023\/07\/2023-turnaj-fanklubov-12.jpg 720w, https:\/\/evertonfc.cz\/wp-content\/uploads\/2023\/07\/2023-turnaj-fanklubov-12-300x169.jpg 300w\" sizes=\"(max-width: 720px) 100vw, 720px\" \/><\/a>\n\t\t\t<\/dt>\n\t\t\t\t<dd class='wp-caption-text gallery-caption' id='gallery-4-22037'>\n\t\t\t\t\u0164a\u017ek\u00e9 nemeck\u00e9 s\u00faboje.\n\t\t\t\t<\/dd><\/dl><br style=\"clear: both\" \/><dl class='gallery-item'>\n\t\t\t<dt class='gallery-icon landscape'>\n\t\t\t\t<a href='https:\/\/evertonfc.cz\/2023-turnaj-fanklubov-9\/'><img loading=\"lazy\" decoding=\"async\" width=\"720\" height=\"405\" src=\"https:\/\/evertonfc.cz\/wp-content\/uploads\/2023\/07\/2023-turnaj-fanklubov-9.jpg\" class=\"attachment-full size-full\" alt=\"\" aria-describedby=\"gallery-4-22034\" srcset=\"https:\/\/evertonfc.cz\/wp-content\/uploads\/2023\/07\/2023-turnaj-fanklubov-9.jpg 720w, https:\/\/evertonfc.cz\/wp-content\/uploads\/2023\/07\/2023-turnaj-fanklubov-9-300x169.jpg 300w\" sizes=\"(max-width: 720px) 100vw, 720px\" \/><\/a>\n\t\t\t<\/dt>\n\t\t\t\t<dd class='wp-caption-text gallery-caption' id='gallery-4-22034'>\n\t\t\t\tVysok\u00fd pressing Talianov.\n\t\t\t\t<\/dd><\/dl><dl class='gallery-item'>\n\t\t\t<dt class='gallery-icon landscape'>\n\t\t\t\t<a href='https:\/\/evertonfc.cz\/2023-turnaj-fanklubov-5\/'><img loading=\"lazy\" decoding=\"async\" width=\"720\" height=\"405\" src=\"https:\/\/evertonfc.cz\/wp-content\/uploads\/2023\/07\/2023-turnaj-fanklubov-5.jpg\" class=\"attachment-full size-full\" alt=\"\" aria-describedby=\"gallery-4-22030\" srcset=\"https:\/\/evertonfc.cz\/wp-content\/uploads\/2023\/07\/2023-turnaj-fanklubov-5.jpg 720w, https:\/\/evertonfc.cz\/wp-content\/uploads\/2023\/07\/2023-turnaj-fanklubov-5-300x169.jpg 300w\" sizes=\"(max-width: 720px) 100vw, 720px\" \/><\/a>\n\t\t\t<\/dt>\n\t\t\t\t<dd class='wp-caption-text gallery-caption' id='gallery-4-22030'>\n\t\t\t\tNepriestrie\u013en\u00fd mn\u00edch.\n\t\t\t\t<\/dd><\/dl><br style=\"clear: both\" \/>\n\t\t<\/div>\n\n<h4>Dyche by byl hrd\u00fd&#8230;<\/h4>\n<p>Z\u00e1pas proti Bayernu m\u011bl nejen dobr\u00fd v\u00fdkon, ale tentokr\u00e1t i v\u00edt\u011bzstv\u00ed po brank\u00e1ch godisona s Robem. A proto\u017ee Tomem dirigovan\u00e1 obrana udr\u017eela \u010dist\u00e9 konto, tak se decentn\u011b oslavilo prvn\u00ed v\u00edt\u011bzstv\u00ed. Ve \u010dtvrt\u00e9m z\u00e1pase jsme podali z\u0159ejm\u011b nejhor\u0161\u00ed v\u00fdkon cel\u00e9ho turnaje. Barcelona n\u00e1s tentokr\u00e1t opravdu p\u0159ehr\u00e1la a nav\u00edc vst\u0159elila asi nejhez\u010d\u00ed g\u00f3l turnaje. Javor neuhl\u00eddal sv\u00e9ho hr\u00e1\u010de, ten obe\u0161el dal\u0161\u00ed dva a poslal m\u00ed\u010d do \u0161ibenice. Prohra 0:1 a tentokr\u00e1t opravdu bez \u0161ance na bod.<\/p>\n<h5 style=\"text-align: center;\"><span style=\"font-size: 12pt;\"><em><strong>Tom:<\/strong><\/em><\/span><\/h5>\n<blockquote><p><span style=\"font-size: 12pt;\"><em>\u201cPre m\u0148a bol turnaj dobre zvl\u00e1dnut\u00fd a zorganizovan\u00fd, dostatok jedla, pitia, tie\u0148a\/stanov at\u010f. Z futbalovej str\u00e1nky si mysl\u00edm, \u017ee sme prekvapili nieko\u013eko t\u00edmov, vr\u00e1tane n\u00e1s samotn\u00fdch! Taktika Seana Dychea fungovala ve\u013emi uspokojivo. V \u017eiadnom momente n\u00e1s t\u00edmy neprevalcovali a v\u0161etky prehry boli tesn\u00e9 z\u00e1pasy. Sna\u017eil som sa ve\u013ea ukazova\u0165 a\u00a0kri\u010da\u0165, a\u00a0necha\u0165 tak skuto\u010dn\u00fd futbal na spoluhr\u00e1\u010dov! Liverpool n\u00e1s s\u00edce op\u00e4\u0165 porazil, ale mysl\u00edm si, \u017ee keby sme s nimi hrali po 2 alebo 3 z\u00e1pasoch, mohli sme dopadn\u00fa\u0165 lep\u0161ie. Ale na druhej strane je v\u017edy dobr\u00e9 vidie\u0165, \u017ee post\u00fapime \u010falej ako oni. Sledova\u0165, ako vypadn\u00fa a\u00a0h\u00e1daj\u00fa sa, to bol osobn\u00fd vrchol. Druh\u00fdm sklaman\u00edm pre m\u0148a bola skuto\u010dnos\u0165, \u017ee som tam nebol, aby som pomohol v z\u00e1pase o 3. miesto. Aby som bol \u00faprimn\u00fd, nie som si ist\u00fd, \u010di by som vtedy bol e\u0161te nie\u010doho schopn\u00fd, nohy som mal ako \u017eel\u00e9&#8230; Viac pohybu by ste dostali od sochy Dixieho Deana pred Goodisonom ne\u017e odo m\u0148a! Klob\u00fak dole pred v\u0161etk\u00fdmi hr\u00e1\u010dmi reprezentuj\u00facimi fanklub EFC a \u010fakujem t\u00fdm, ktor\u00ed si na\u0161li \u010das to zorganizova\u0165.\u201d<\/em><\/span><\/p><\/blockquote>\n\n\t\t<style type=\"text\/css\">\n\t\t\t#gallery-5 {\n\t\t\t\tmargin: auto;\n\t\t\t}\n\t\t\t#gallery-5 .gallery-item {\n\t\t\t\tfloat: left;\n\t\t\t\tmargin-top: 10px;\n\t\t\t\ttext-align: center;\n\t\t\t\twidth: 50%;\n\t\t\t}\n\t\t\t#gallery-5 img {\n\t\t\t\tborder: 2px solid #cfcfcf;\n\t\t\t}\n\t\t\t#gallery-5 .gallery-caption {\n\t\t\t\tmargin-left: 0;\n\t\t\t}\n\t\t\t\/* see gallery_shortcode() in wp-includes\/media.php *\/\n\t\t<\/style>\n\t\t<div id='gallery-5' class='gallery galleryid-21920 gallery-columns-2 gallery-size-full'><dl class='gallery-item'>\n\t\t\t<dt class='gallery-icon landscape'>\n\t\t\t\t<a href='https:\/\/evertonfc.cz\/index.php\/2023\/07\/20\/najlepsi-anglicky-tim-na-turnaji\/2023-turnaj-fanklubov-14\/'><img loading=\"lazy\" decoding=\"async\" width=\"720\" height=\"405\" src=\"https:\/\/evertonfc.cz\/wp-content\/uploads\/2023\/07\/2023-turnaj-fanklubov-14.jpg\" class=\"attachment-full size-full\" alt=\"\" aria-describedby=\"gallery-5-22039\" srcset=\"https:\/\/evertonfc.cz\/wp-content\/uploads\/2023\/07\/2023-turnaj-fanklubov-14.jpg 720w, https:\/\/evertonfc.cz\/wp-content\/uploads\/2023\/07\/2023-turnaj-fanklubov-14-300x169.jpg 300w\" sizes=\"(max-width: 720px) 100vw, 720px\" \/><\/a>\n\t\t\t<\/dt>\n\t\t\t\t<dd class='wp-caption-text gallery-caption' id='gallery-5-22039'>\n\t\t\t\t&#8222;Post\u00fapime zo skupiny?&#8220;\n\t\t\t\t<\/dd><\/dl><dl class='gallery-item'>\n\t\t\t<dt class='gallery-icon landscape'>\n\t\t\t\t<a href='https:\/\/evertonfc.cz\/2023-turnaj-fanklubov-21\/'><img loading=\"lazy\" decoding=\"async\" width=\"720\" height=\"405\" src=\"https:\/\/evertonfc.cz\/wp-content\/uploads\/2023\/07\/2023-turnaj-fanklubov-21.jpg\" class=\"attachment-full size-full\" alt=\"\" aria-describedby=\"gallery-5-22046\" srcset=\"https:\/\/evertonfc.cz\/wp-content\/uploads\/2023\/07\/2023-turnaj-fanklubov-21.jpg 720w, https:\/\/evertonfc.cz\/wp-content\/uploads\/2023\/07\/2023-turnaj-fanklubov-21-300x169.jpg 300w\" sizes=\"(max-width: 720px) 100vw, 720px\" \/><\/a>\n\t\t\t<\/dt>\n\t\t\t\t<dd class='wp-caption-text gallery-caption' id='gallery-5-22046'>\n\t\t\t\tZ t\u00fdchto z\u00e1berov je to jasn\u00e9.\n\t\t\t\t<\/dd><\/dl><br style=\"clear: both\" \/><dl class='gallery-item'>\n\t\t\t<dt class='gallery-icon landscape'>\n\t\t\t\t<a href='https:\/\/evertonfc.cz\/2023-turnaj-fanklubov-20\/'><img loading=\"lazy\" decoding=\"async\" width=\"720\" height=\"405\" src=\"https:\/\/evertonfc.cz\/wp-content\/uploads\/2023\/07\/2023-turnaj-fanklubov-20.jpg\" class=\"attachment-full size-full\" alt=\"\" aria-describedby=\"gallery-5-22045\" srcset=\"https:\/\/evertonfc.cz\/wp-content\/uploads\/2023\/07\/2023-turnaj-fanklubov-20.jpg 720w, https:\/\/evertonfc.cz\/wp-content\/uploads\/2023\/07\/2023-turnaj-fanklubov-20-300x169.jpg 300w\" sizes=\"(max-width: 720px) 100vw, 720px\" \/><\/a>\n\t\t\t<\/dt>\n\t\t\t\t<dd class='wp-caption-text gallery-caption' id='gallery-5-22045'>\n\t\t\t\tVo \u0161tvr\u0165fin\u00e1le e\u0161te pln\u00fd sily. \n\t\t\t\t<\/dd><\/dl><dl class='gallery-item'>\n\t\t\t<dt class='gallery-icon landscape'>\n\t\t\t\t<a href='https:\/\/evertonfc.cz\/2023-turnaj-fanklubov-6\/'><img loading=\"lazy\" decoding=\"async\" width=\"720\" height=\"405\" src=\"https:\/\/evertonfc.cz\/wp-content\/uploads\/2023\/07\/2023-turnaj-fanklubov-6.jpg\" class=\"attachment-full size-full\" alt=\"\" aria-describedby=\"gallery-5-22031\" srcset=\"https:\/\/evertonfc.cz\/wp-content\/uploads\/2023\/07\/2023-turnaj-fanklubov-6.jpg 720w, https:\/\/evertonfc.cz\/wp-content\/uploads\/2023\/07\/2023-turnaj-fanklubov-6-300x169.jpg 300w\" sizes=\"(max-width: 720px) 100vw, 720px\" \/><\/a>\n\t\t\t<\/dt>\n\t\t\t\t<dd class='wp-caption-text gallery-caption' id='gallery-5-22031'>\n\t\t\t\tPenaltov\u00e1 lot\u00e9ria zlyhala pri exek\u00fatoroch.\n\t\t\t\t<\/dd><\/dl><br style=\"clear: both\" \/><dl class='gallery-item'>\n\t\t\t<dt class='gallery-icon landscape'>\n\t\t\t\t<a href='https:\/\/evertonfc.cz\/2023-turnaj-fanklubov-3\/'><img loading=\"lazy\" decoding=\"async\" width=\"720\" height=\"405\" src=\"https:\/\/evertonfc.cz\/wp-content\/uploads\/2023\/07\/2023-turnaj-fanklubov-3.jpg\" class=\"attachment-full size-full\" alt=\"\" aria-describedby=\"gallery-5-22028\" srcset=\"https:\/\/evertonfc.cz\/wp-content\/uploads\/2023\/07\/2023-turnaj-fanklubov-3.jpg 720w, https:\/\/evertonfc.cz\/wp-content\/uploads\/2023\/07\/2023-turnaj-fanklubov-3-300x169.jpg 300w\" sizes=\"(max-width: 720px) 100vw, 720px\" \/><\/a>\n\t\t\t<\/dt>\n\t\t\t\t<dd class='wp-caption-text gallery-caption' id='gallery-5-22028'>\n\t\t\t\tBoli sme tak bl\u00edzko&#8230;\n\t\t\t\t<\/dd><\/dl><dl class='gallery-item'>\n\t\t\t<dt class='gallery-icon landscape'>\n\t\t\t\t<a href='https:\/\/evertonfc.cz\/2023-turnaj-fanklubov-4\/'><img loading=\"lazy\" decoding=\"async\" width=\"720\" height=\"405\" src=\"https:\/\/evertonfc.cz\/wp-content\/uploads\/2023\/07\/2023-turnaj-fanklubov-4.jpg\" class=\"attachment-full size-full\" alt=\"\" aria-describedby=\"gallery-5-22029\" srcset=\"https:\/\/evertonfc.cz\/wp-content\/uploads\/2023\/07\/2023-turnaj-fanklubov-4.jpg 720w, https:\/\/evertonfc.cz\/wp-content\/uploads\/2023\/07\/2023-turnaj-fanklubov-4-300x169.jpg 300w\" sizes=\"(max-width: 720px) 100vw, 720px\" \/><\/a>\n\t\t\t<\/dt>\n\t\t\t\t<dd class='wp-caption-text gallery-caption' id='gallery-5-22029'>\n\t\t\t\t&#8230;a z\u00e1rove\u0148 tak \u010faleko.\n\t\t\t\t<\/dd><\/dl><br style=\"clear: both\" \/>\n\t\t<\/div>\n\n<p>Posledn\u00ed z\u00e1pas ve skupin\u011b proti Juventusu se nesl v podobn\u00e9m duchu jako s Interem, jen obrana Star\u00e9 D\u00e1my byla lep\u0161\u00ed. Jedin\u00fd g\u00f3l padl t\u00e9m\u011b\u0159 v sam\u00e9m z\u00e1v\u011bru po \u00faniku Ital\u016f v po\u010detn\u00ed p\u0159evaze. Jejich st\u0159ela se po dobr\u00e9m z\u00e1kroku g\u00f3lmana \u0161\u0165astn\u011b odrazila k dor\u00e1\u017eej\u00edc\u00edm hr\u00e1\u010d\u016fm a obrana to nestihla pokr\u00fdt. Celkov\u011b n\u00e1m ale v\u00edce sed\u011bly m\u00e9n\u011b pohybliv\u00e9 t\u00fdmy, kter\u00e9 nek\u0159i\u017eovaly h\u0159i\u0161t\u011b r\u016fzn\u00fdmi z\u00e1ke\u0159n\u00fdmi n\u00e1b\u011bhy. Hlavn\u011b tento aspekt d\u011blal obran\u011b v modr\u00e9m nejv\u011bt\u0161\u00ed probl\u00e9my, a to\u00a0 p\u0159eb\u00edr\u00e1n\u00edm hr\u00e1\u010d\u016f.<\/p>\n<p>Po \u010dtvrt\u00e9m m\u00edst\u011b ve skupin\u011b jsme se tedy kvalifikovali do \u010dtvrtfin\u00e1le, kde jsme narazili na v\u00edt\u011bze skupiny A, kter\u00fdm byl Kol\u00edn nad R\u00fdnem. P\u0159ekvapiv\u011b jsme se ujali veden\u00ed brankou Gruldy, soupe\u0159 vyrovnal po chyb\u011b brank\u00e1\u0159e Martina. Jasnou ruku na\u0161eho Gruldy ve vlastn\u00edm v\u00e1pn\u011b rozhod\u010d\u00ed jako penaltu neposoudil. 1:1. Proto\u017ee se rovnou kopaly penalty, tak na n\u011b \u0161lo 5 nejlep\u0161\u00edch fotbalist\u016f od n\u00e1s. Navzdory ty\u010dce, kterou trefil godison, se vyhr\u00e1lo, v\u00edt\u011bznou penaltu prom\u011bnil Fip, na penalty 4:3.<\/p>\n<h4>Hur\u00e1 do Semi-fin\u00e1le!<\/h4>\n<p>Tak\u017ee bylo jasn\u00e9, \u017ee si zahrajeme je\u0161t\u011b dva z\u00e1pasy. V semifin\u00e1le n\u00e1s \u010dekali sta\u0159\u00ed zn\u00e1m\u00ed z Barcelony. T\u011bm jsme tentokr\u00e1t nedovolili sk\u00f3rovat, ale sami jsme z n\u011bkolika p\u0159\u00edle\u017eitost\u00ed taky nesk\u00f3rovali, a\u010d se sna\u017eil i Martin z br\u00e1ny v posledn\u00ed minut\u011b p\u0159es cel\u00e9 h\u0159i\u0161t\u011b. Zde se uk\u00e1zala v\u00fdhoda toho, kdy\u017e brank\u00e1\u0159 zabere hodn\u011b m\u00edsta. Ten barcelonsk\u00fd krom\u011b tohoto je\u0161t\u011b chytil prvn\u00ed dv\u011b penalty. St\u0159elci soupe\u0159e prom\u011bnili v\u0161echno, my nic. 0:0, na penalty 3:0.<\/p>\n<div id=\"attachment_22054\" style=\"width: 1450px\" class=\"wp-caption alignnone\"><img loading=\"lazy\" decoding=\"async\" aria-describedby=\"caption-attachment-22054\" class=\"wp-image-22054 size-full\" src=\"https:\/\/evertonfc.cz\/wp-content\/uploads\/2023\/07\/2023-turnaj-fanklubov-27.jpg\" alt=\"\" width=\"1440\" height=\"405\" srcset=\"https:\/\/evertonfc.cz\/wp-content\/uploads\/2023\/07\/2023-turnaj-fanklubov-27.jpg 1440w, https:\/\/evertonfc.cz\/wp-content\/uploads\/2023\/07\/2023-turnaj-fanklubov-27-300x84.jpg 300w, https:\/\/evertonfc.cz\/wp-content\/uploads\/2023\/07\/2023-turnaj-fanklubov-27-1024x288.jpg 1024w, https:\/\/evertonfc.cz\/wp-content\/uploads\/2023\/07\/2023-turnaj-fanklubov-27-768x216.jpg 768w\" sizes=\"(max-width: 1440px) 100vw, 1440px\" \/><p id=\"caption-attachment-22054\" class=\"wp-caption-text\"><strong>\u0160t\u00fadia spr\u00e1vnej a nespr\u00e1vnej techniky exek\u00facie pokutov\u00fdch kopov, z\u00e1very nech\u00e1me na \u010ditate\u013eov.<\/strong><\/p><\/div>\n<p>V souboji o bronz n\u00e1s \u010dekal znovu t\u00fdm ze skupiny, tentokr\u00e1t Juventus. P\u0159ed z\u00e1pasem jsme odm\u00edtli nab\u00eddku rozhod\u010d\u00edho na p\u011btiminutov\u00e9 zkr\u00e1cen\u00ed hrac\u00ed doby. My jsme byli citeln\u011b oslabeni odchodem stopera Toma, op\u011bt bezbrankov\u00fd souboj tentokr\u00e1t rozhodla a\u017e dev\u00e1t\u00e1 dvojice penalt. N\u011bkter\u00e9 na vlastn\u00ed \u017e\u00e1dost chytal Grulda. J\u00e1 kopal v osm\u00e9 dvojici, kdy jsem d\u00e1t musel, co\u017e jsem st\u0159elou po lev\u00e9 ruce brank\u00e1\u0159e splnil. V dal\u0161\u00ed dvojici &#8222;Gray&#8220; p\u0159est\u0159elil a z bronzu se tak radoval Juventus Tur\u00edn. 0:0, na penalty 6:7.<\/p>\n<h5 style=\"text-align: center;\"><span style=\"font-size: 12pt;\"><em><strong>Fip:<\/strong><\/em><\/span><\/h5>\n<blockquote><p><span style=\"font-size: 12pt;\"><em>&#8222;V modr\u00fdch uniform\u00e1ch, se znakem na prsou jsme op\u011bt hrdinn\u011b naplnili klubov\u00e9 heslo Nil Satis Nisi Optimum. T\u00edm chci \u0159\u00edct, \u017ee jsme v\u0161ichni poctiv\u011b makali a \u010dasto si s\u00e1hli a\u017e na dno. Jasn\u011b, t\u0159eba j\u00e1 ho nem\u00e1m moc hluboko, ale o to tu nejde. Bohat\u0161\u00ed o lo\u0148skou premi\u00e9ru jsme kop\u00edrovali uplynul\u00fd ro\u010dn\u00edk v pod\u00e1n\u00ed na\u0161ich hrdin\u016f. Nesna\u017eili jsme se hr\u00e1t nijak slo\u017eit\u011b, vz\u00e1jemn\u011b se zastupovali a jen z\u0159\u00eddka jsme soupe\u0159i dovolili n\u011bjak\u00e9 ohro\u017een\u00ed branky. A i soupe\u0159i, t\u0159eba\u017ee technicky kvalitn\u011bj\u0161\u00ed, vid\u011bli na\u0161i \u00fapornou snahu a nejednou ji dok\u00e1zali ocenit. J\u00e1 mus\u00edm pochv\u00e1lit hlavn\u011b Gruldu, kter\u00fd tahal v\u011bt\u0161inu na\u0161ich \u00fatok\u016f a Martina v brance, kter\u00fd n\u00e1s znovu dirigoval z branky. Spolu s Tomovou eleganc\u00ed na stoperu to dodalo na\u0161emu pl\u00e1nu i relativn\u00ed \u0161anci na \u00fasp\u011bch. A to si mysl\u00edm, \u017ee v nabit\u00e9 konkurenci 4. m\u00edsto ur\u010dit\u011b je. Jsem moc r\u00e1d, \u017ee jsem mohl vystupovat v evertonsk\u00fdch barv\u00e1ch a op\u011bt se potkat s p\u0159\u00e1teli, zase n\u00e1m bylo dob\u0159e.&#8220;<\/em><\/span><\/p><\/blockquote>\n<p>Turnaj vyhr\u00e1la Barcelona po fin\u00e1lov\u00e9 v\u00fdh\u0159e 1:0 nad po\u0159\u00e1daj\u00edc\u00ed Borussi\u00ed Dortmund. Z\u00e1v\u011bre\u010dn\u00e9mu p\u0159ed\u00e1v\u00e1n\u00ed cen tleskali v\u0161ichni, turnaj byl dob\u0159e zorganizov\u00e1n a n\u011bkte\u0159\u00ed si dokonce zab\u00e9kali p\u0159i cimb\u00e1lov\u00e9 muzice. T\u011b\u0161\u00edm se na ztrest\u00e1n\u00ed turnajov\u00e9ho v\u00edna. Tak zase po roce! <img loading=\"lazy\" decoding=\"async\" class=\"alignnone size-full wp-image-22033\" src=\"https:\/\/evertonfc.cz\/wp-content\/uploads\/2023\/07\/2023-turnaj-fanklubov-8.jpg\" alt=\"\" width=\"720\" height=\"405\" srcset=\"https:\/\/evertonfc.cz\/wp-content\/uploads\/2023\/07\/2023-turnaj-fanklubov-8.jpg 720w, https:\/\/evertonfc.cz\/wp-content\/uploads\/2023\/07\/2023-turnaj-fanklubov-8-300x169.jpg 300w\" sizes=\"(max-width: 720px) 100vw, 720px\" \/><\/p>\n<hr \/>\n<h4 style=\"text-align: center;\">Kone\u010dn\u00e9 v\u00fdsledky a poradie Turnaja + medi\u00e1lne pokrytie:<\/h4>\n<table style=\"border-collapse: collapse; width: 100%; height: 338px;\">\n<tbody>\n<tr style=\"height: 338px;\">\n<td style=\"width: 50%; height: 338px;\">\n<ul style=\"list-style-type: circle;\">\n<li><em>09:50<\/em> &#8211; Liverpool <strong>1:0<\/strong> Everton<\/li>\n<li><em>10:15<\/em> &#8211; Everton<strong> 1:1<\/strong> Inter (g\u00f3l Grulda)<\/li>\n<li><em>11:30<\/em> &#8211; Everton <strong>2:0<\/strong>\u00a0Bayern (g\u00f3l godison, Rob)<\/li>\n<li><em>13:10<\/em> &#8211; Barcelona <strong>1:0<\/strong> Everton<\/li>\n<li><em>14:25<\/em> &#8211; Everton <strong>0<\/strong><strong>:1<\/strong> Juventus<\/li>\n<li><em>15:30<\/em> &#8211; Kol\u00edn <strong>1:1 (3:4 pen<\/strong><strong>)<\/strong> Everton (g\u00f3l Grulda)<\/li>\n<li><em>16:30<\/em>\u00a0&#8211; Everton <strong>0:0 (0:3 pen) <\/strong>Barcelona<\/li>\n<li><em>17:00 <\/em>&#8211; Juventus <strong>0<\/strong><strong>:0 (7:6) <\/strong>Everton<\/li>\n<\/ul>\n<p>Fotogal\u00e9ria turnaja &#8211; <strong><a href=\"https:\/\/schwarzgelbebienen.rajce.idnes.cz\/\" target=\"_blank\" rel=\"noopener\"><span class=\"nc684nl6\">Schwarz-Gelbe Bienen<\/span><\/a><\/strong><\/p>\n<p>Za fotky do \u010dl\u00e1nku \u010fakujeme n\u00e1\u0161mu PR mana\u017e\u00e9rovi:<br \/>\n<span style=\"font-family: inherit; font-size: inherit;\"><span style=\"color: #000000;\"><strong>duch.abum<\/strong><\/span><\/span><\/p>\n<p>\u0160peci\u00e1lne po\u010fakovanie: <strong><a href=\"https:\/\/schwarzgelbebienen.cz\/\" target=\"_blank\" rel=\"noopener\"><span class=\"nc684nl6\">Schwarz-Gelbe Bienen<\/span><\/a><\/strong><\/td>\n<td style=\"width: 50%; height: 338px; text-align: left;\"><em>Kone\u010dn\u00e9 poradie turnaja:<\/em><\/p>\n<ol style=\"list-style-type: upper-roman;\">\n<li><strong>Barcelona<\/strong><\/li>\n<li><strong>Dortmund<\/strong><\/li>\n<li><strong>Juventus<\/strong><\/li>\n<li><strong>Everton<\/strong><\/li>\n<li><strong>Kol\u00edn<\/strong><\/li>\n<li><strong>Liverpool<\/strong><\/li>\n<li><strong>Dream Team<\/strong><\/li>\n<li><strong>West Ham<\/strong><\/li>\n<li><strong>Tottenham<\/strong><\/li>\n<li><strong>Real Madrid<\/strong><\/li>\n<li><strong>Inter Mil\u00e1no<\/strong><\/li>\n<li><strong>Bayern<\/strong><\/li>\n<\/ol>\n<\/td>\n<\/tr>\n<\/tbody>\n<\/table>\n","protected":false},"excerpt":{"rendered":"<p>Na\u0161a druh\u00e1 \u00fa\u010das\u0165 na 3. ro\u010dn\u00edku Turnaja \u010deskoslovensk\u00fdch fanklubov dopadla nadmieru dobre. Ba priam sme prekonali v\u0161etky o\u010dak\u00e1vania a siahali takmer na medaily.<\/p>\n","protected":false},"author":1,"featured_media":22026,"comment_status":"open","ping_status":"closed","sticky":false,"template":"","format":"standard","meta":{"_eb_attr":"","_monsterinsights_skip_tracking":false,"_monsterinsights_sitenote_active":false,"_monsterinsights_sitenote_note":"","_monsterinsights_sitenote_category":0,"footnotes":""},"categories":[85],"tags":[],"yoast_head":"<!-- This site is optimized with the Yoast SEO plugin v23.4 - https:\/\/yoast.com\/wordpress\/plugins\/seo\/ -->\n<title>Najlep\u0161\u00ed anglick\u00fd t\u00edm na turnaji - Official Czech &amp; Slovak Everton Supporters&#039; Club<\/title>\n<meta name=\"robots\" content=\"index, follow, max-snippet:-1, max-image-preview:large, max-video-preview:-1\" \/>\n<link rel=\"canonical\" href=\"https:\/\/evertonfc.cz\/index.php\/2023\/07\/20\/najlepsi-anglicky-tim-na-turnaji\/\" \/>\n<meta property=\"og:locale\" content=\"cs_CZ\" \/>\n<meta property=\"og:type\" content=\"article\" \/>\n<meta property=\"og:title\" content=\"Najlep\u0161\u00ed anglick\u00fd t\u00edm na turnaji - Official Czech &amp; Slovak Everton Supporters&#039; Club\" \/>\n<meta property=\"og:description\" content=\"Na\u0161a druh\u00e1 \u00fa\u010das\u0165 na 3. ro\u010dn\u00edku Turnaja \u010deskoslovensk\u00fdch fanklubov dopadla nadmieru dobre. Ba priam sme prekonali v\u0161etky o\u010dak\u00e1vania a siahali takmer na medaily.\" \/>\n<meta property=\"og:url\" content=\"https:\/\/evertonfc.cz\/index.php\/2023\/07\/20\/najlepsi-anglicky-tim-na-turnaji\/\" \/>\n<meta property=\"og:site_name\" content=\"Official Czech &amp; Slovak Everton Supporters&#039; Club\" \/>\n<meta property=\"article:publisher\" content=\"https:\/\/www.facebook.com\/everton.fans.cz.sk\" \/>\n<meta property=\"article:published_time\" content=\"2023-07-20T08:01:00+00:00\" \/>\n<meta property=\"article:modified_time\" content=\"2023-10-08T16:23:35+00:00\" \/>\n<meta property=\"og:image\" content=\"https:\/\/evertonfc.cz\/wp-content\/uploads\/2023\/07\/2023-turnaj-fanklubov-1.jpg\" \/>\n\t<meta property=\"og:image:width\" content=\"720\" \/>\n\t<meta property=\"og:image:height\" content=\"405\" \/>\n\t<meta property=\"og:image:type\" content=\"image\/jpeg\" \/>\n<meta name=\"author\" content=\"BlueBlooded\" \/>\n<meta name=\"twitter:card\" content=\"summary_large_image\" \/>\n<meta name=\"twitter:label1\" content=\"Napsal(a)\" \/>\n\t<meta name=\"twitter:data1\" content=\"BlueBlooded\" \/>\n\t<meta name=\"twitter:label2\" content=\"Odhadovan\u00e1 doba \u010dten\u00ed\" \/>\n\t<meta name=\"twitter:data2\" content=\"8 minut\" \/>\n<script type=\"application\/ld+json\" class=\"yoast-schema-graph\">{\"@context\":\"https:\/\/schema.org\",\"@graph\":[{\"@type\":\"Article\",\"@id\":\"https:\/\/evertonfc.cz\/index.php\/2023\/07\/20\/najlepsi-anglicky-tim-na-turnaji\/#article\",\"isPartOf\":{\"@id\":\"https:\/\/evertonfc.cz\/index.php\/2023\/07\/20\/najlepsi-anglicky-tim-na-turnaji\/\"},\"author\":{\"name\":\"BlueBlooded\",\"@id\":\"https:\/\/evertonfc.cz\/#\/schema\/person\/d4493b8cbea51532597fbc4685698916\"},\"headline\":\"Najlep\u0161\u00ed anglick\u00fd t\u00edm na turnaji\",\"datePublished\":\"2023-07-20T08:01:00+00:00\",\"dateModified\":\"2023-10-08T16:23:35+00:00\",\"mainEntityOfPage\":{\"@id\":\"https:\/\/evertonfc.cz\/index.php\/2023\/07\/20\/najlepsi-anglicky-tim-na-turnaji\/\"},\"wordCount\":2815,\"commentCount\":5,\"publisher\":{\"@id\":\"https:\/\/evertonfc.cz\/#organization\"},\"image\":{\"@id\":\"https:\/\/evertonfc.cz\/index.php\/2023\/07\/20\/najlepsi-anglicky-tim-na-turnaji\/#primaryimage\"},\"thumbnailUrl\":\"https:\/\/evertonfc.cz\/wp-content\/uploads\/2023\/07\/2023-turnaj-fanklubov-1.jpg\",\"articleSection\":[\"Supporters' Club\"],\"inLanguage\":\"cs\",\"potentialAction\":[{\"@type\":\"CommentAction\",\"name\":\"Comment\",\"target\":[\"https:\/\/evertonfc.cz\/index.php\/2023\/07\/20\/najlepsi-anglicky-tim-na-turnaji\/#respond\"]}]},{\"@type\":\"WebPage\",\"@id\":\"https:\/\/evertonfc.cz\/index.php\/2023\/07\/20\/najlepsi-anglicky-tim-na-turnaji\/\",\"url\":\"https:\/\/evertonfc.cz\/index.php\/2023\/07\/20\/najlepsi-anglicky-tim-na-turnaji\/\",\"name\":\"Najlep\u0161\u00ed anglick\u00fd t\u00edm na turnaji - Official Czech &amp; Slovak Everton Supporters&#039; Club\",\"isPartOf\":{\"@id\":\"https:\/\/evertonfc.cz\/#website\"},\"primaryImageOfPage\":{\"@id\":\"https:\/\/evertonfc.cz\/index.php\/2023\/07\/20\/najlepsi-anglicky-tim-na-turnaji\/#primaryimage\"},\"image\":{\"@id\":\"https:\/\/evertonfc.cz\/index.php\/2023\/07\/20\/najlepsi-anglicky-tim-na-turnaji\/#primaryimage\"},\"thumbnailUrl\":\"https:\/\/evertonfc.cz\/wp-content\/uploads\/2023\/07\/2023-turnaj-fanklubov-1.jpg\",\"datePublished\":\"2023-07-20T08:01:00+00:00\",\"dateModified\":\"2023-10-08T16:23:35+00:00\",\"breadcrumb\":{\"@id\":\"https:\/\/evertonfc.cz\/index.php\/2023\/07\/20\/najlepsi-anglicky-tim-na-turnaji\/#breadcrumb\"},\"inLanguage\":\"cs\",\"potentialAction\":[{\"@type\":\"ReadAction\",\"target\":[\"https:\/\/evertonfc.cz\/index.php\/2023\/07\/20\/najlepsi-anglicky-tim-na-turnaji\/\"]}]},{\"@type\":\"ImageObject\",\"inLanguage\":\"cs\",\"@id\":\"https:\/\/evertonfc.cz\/index.php\/2023\/07\/20\/najlepsi-anglicky-tim-na-turnaji\/#primaryimage\",\"url\":\"https:\/\/evertonfc.cz\/wp-content\/uploads\/2023\/07\/2023-turnaj-fanklubov-1.jpg\",\"contentUrl\":\"https:\/\/evertonfc.cz\/wp-content\/uploads\/2023\/07\/2023-turnaj-fanklubov-1.jpg\",\"width\":720,\"height\":405},{\"@type\":\"BreadcrumbList\",\"@id\":\"https:\/\/evertonfc.cz\/index.php\/2023\/07\/20\/najlepsi-anglicky-tim-na-turnaji\/#breadcrumb\",\"itemListElement\":[{\"@type\":\"ListItem\",\"position\":1,\"name\":\"Home\",\"item\":\"https:\/\/evertonfc.cz\/\"},{\"@type\":\"ListItem\",\"position\":2,\"name\":\"Najlep\u0161\u00ed anglick\u00fd t\u00edm na turnaji\"}]},{\"@type\":\"WebSite\",\"@id\":\"https:\/\/evertonfc.cz\/#website\",\"url\":\"https:\/\/evertonfc.cz\/\",\"name\":\"Official Czech &amp; Slovak Everton Supporters&#039; Club\",\"description\":\"\",\"publisher\":{\"@id\":\"https:\/\/evertonfc.cz\/#organization\"},\"potentialAction\":[{\"@type\":\"SearchAction\",\"target\":{\"@type\":\"EntryPoint\",\"urlTemplate\":\"https:\/\/evertonfc.cz\/?s={search_term_string}\"},\"query-input\":{\"@type\":\"PropertyValueSpecification\",\"valueRequired\":true,\"valueName\":\"search_term_string\"}}],\"inLanguage\":\"cs\"},{\"@type\":\"Organization\",\"@id\":\"https:\/\/evertonfc.cz\/#organization\",\"name\":\"Official Czech & Slovak Everton Supporters' Club\",\"url\":\"https:\/\/evertonfc.cz\/\",\"logo\":{\"@type\":\"ImageObject\",\"inLanguage\":\"cs\",\"@id\":\"https:\/\/evertonfc.cz\/#\/schema\/logo\/image\/\",\"url\":\"https:\/\/evertonfc.cz\/wp-content\/uploads\/2019\/05\/logo.png\",\"contentUrl\":\"https:\/\/evertonfc.cz\/wp-content\/uploads\/2019\/05\/logo.png\",\"width\":112,\"height\":112,\"caption\":\"Official Czech & Slovak Everton Supporters' Club\"},\"image\":{\"@id\":\"https:\/\/evertonfc.cz\/#\/schema\/logo\/image\/\"},\"sameAs\":[\"https:\/\/www.facebook.com\/everton.fans.cz.sk\"]},{\"@type\":\"Person\",\"@id\":\"https:\/\/evertonfc.cz\/#\/schema\/person\/d4493b8cbea51532597fbc4685698916\",\"name\":\"BlueBlooded\",\"url\":\"https:\/\/evertonfc.cz\/index.php\/author\/admin\/\"}]}<\/script>\n<!-- \/ Yoast SEO plugin. -->","yoast_head_json":{"title":"Najlep\u0161\u00ed anglick\u00fd t\u00edm na turnaji - Official Czech &amp; Slovak Everton Supporters&#039; Club","robots":{"index":"index","follow":"follow","max-snippet":"max-snippet:-1","max-image-preview":"max-image-preview:large","max-video-preview":"max-video-preview:-1"},"canonical":"https:\/\/evertonfc.cz\/index.php\/2023\/07\/20\/najlepsi-anglicky-tim-na-turnaji\/","og_locale":"cs_CZ","og_type":"article","og_title":"Najlep\u0161\u00ed anglick\u00fd t\u00edm na turnaji - Official Czech &amp; Slovak Everton Supporters&#039; Club","og_description":"Na\u0161a druh\u00e1 \u00fa\u010das\u0165 na 3. ro\u010dn\u00edku Turnaja \u010deskoslovensk\u00fdch fanklubov dopadla nadmieru dobre. Ba priam sme prekonali v\u0161etky o\u010dak\u00e1vania a siahali takmer na medaily.","og_url":"https:\/\/evertonfc.cz\/index.php\/2023\/07\/20\/najlepsi-anglicky-tim-na-turnaji\/","og_site_name":"Official Czech &amp; Slovak Everton Supporters&#039; Club","article_publisher":"https:\/\/www.facebook.com\/everton.fans.cz.sk","article_published_time":"2023-07-20T08:01:00+00:00","article_modified_time":"2023-10-08T16:23:35+00:00","og_image":[{"width":720,"height":405,"url":"https:\/\/evertonfc.cz\/wp-content\/uploads\/2023\/07\/2023-turnaj-fanklubov-1.jpg","type":"image\/jpeg"}],"author":"BlueBlooded","twitter_card":"summary_large_image","twitter_misc":{"Napsal(a)":"BlueBlooded","Odhadovan\u00e1 doba \u010dten\u00ed":"8 minut"},"schema":{"@context":"https:\/\/schema.org","@graph":[{"@type":"Article","@id":"https:\/\/evertonfc.cz\/index.php\/2023\/07\/20\/najlepsi-anglicky-tim-na-turnaji\/#article","isPartOf":{"@id":"https:\/\/evertonfc.cz\/index.php\/2023\/07\/20\/najlepsi-anglicky-tim-na-turnaji\/"},"author":{"name":"BlueBlooded","@id":"https:\/\/evertonfc.cz\/#\/schema\/person\/d4493b8cbea51532597fbc4685698916"},"headline":"Najlep\u0161\u00ed anglick\u00fd t\u00edm na turnaji","datePublished":"2023-07-20T08:01:00+00:00","dateModified":"2023-10-08T16:23:35+00:00","mainEntityOfPage":{"@id":"https:\/\/evertonfc.cz\/index.php\/2023\/07\/20\/najlepsi-anglicky-tim-na-turnaji\/"},"wordCount":2815,"commentCount":5,"publisher":{"@id":"https:\/\/evertonfc.cz\/#organization"},"image":{"@id":"https:\/\/evertonfc.cz\/index.php\/2023\/07\/20\/najlepsi-anglicky-tim-na-turnaji\/#primaryimage"},"thumbnailUrl":"https:\/\/evertonfc.cz\/wp-content\/uploads\/2023\/07\/2023-turnaj-fanklubov-1.jpg","articleSection":["Supporters' Club"],"inLanguage":"cs","potentialAction":[{"@type":"CommentAction","name":"Comment","target":["https:\/\/evertonfc.cz\/index.php\/2023\/07\/20\/najlepsi-anglicky-tim-na-turnaji\/#respond"]}]},{"@type":"WebPage","@id":"https:\/\/evertonfc.cz\/index.php\/2023\/07\/20\/najlepsi-anglicky-tim-na-turnaji\/","url":"https:\/\/evertonfc.cz\/index.php\/2023\/07\/20\/najlepsi-anglicky-tim-na-turnaji\/","name":"Najlep\u0161\u00ed anglick\u00fd t\u00edm na turnaji - Official Czech &amp; Slovak Everton Supporters&#039; Club","isPartOf":{"@id":"https:\/\/evertonfc.cz\/#website"},"primaryImageOfPage":{"@id":"https:\/\/evertonfc.cz\/index.php\/2023\/07\/20\/najlepsi-anglicky-tim-na-turnaji\/#primaryimage"},"image":{"@id":"https:\/\/evertonfc.cz\/index.php\/2023\/07\/20\/najlepsi-anglicky-tim-na-turnaji\/#primaryimage"},"thumbnailUrl":"https:\/\/evertonfc.cz\/wp-content\/uploads\/2023\/07\/2023-turnaj-fanklubov-1.jpg","datePublished":"2023-07-20T08:01:00+00:00","dateModified":"2023-10-08T16:23:35+00:00","breadcrumb":{"@id":"https:\/\/evertonfc.cz\/index.php\/2023\/07\/20\/najlepsi-anglicky-tim-na-turnaji\/#breadcrumb"},"inLanguage":"cs","potentialAction":[{"@type":"ReadAction","target":["https:\/\/evertonfc.cz\/index.php\/2023\/07\/20\/najlepsi-anglicky-tim-na-turnaji\/"]}]},{"@type":"ImageObject","inLanguage":"cs","@id":"https:\/\/evertonfc.cz\/index.php\/2023\/07\/20\/najlepsi-anglicky-tim-na-turnaji\/#primaryimage","url":"https:\/\/evertonfc.cz\/wp-content\/uploads\/2023\/07\/2023-turnaj-fanklubov-1.jpg","contentUrl":"https:\/\/evertonfc.cz\/wp-content\/uploads\/2023\/07\/2023-turnaj-fanklubov-1.jpg","width":720,"height":405},{"@type":"BreadcrumbList","@id":"https:\/\/evertonfc.cz\/index.php\/2023\/07\/20\/najlepsi-anglicky-tim-na-turnaji\/#breadcrumb","itemListElement":[{"@type":"ListItem","position":1,"name":"Home","item":"https:\/\/evertonfc.cz\/"},{"@type":"ListItem","position":2,"name":"Najlep\u0161\u00ed anglick\u00fd t\u00edm na turnaji"}]},{"@type":"WebSite","@id":"https:\/\/evertonfc.cz\/#website","url":"https:\/\/evertonfc.cz\/","name":"Official Czech &amp; Slovak Everton Supporters&#039; Club","description":"","publisher":{"@id":"https:\/\/evertonfc.cz\/#organization"},"potentialAction":[{"@type":"SearchAction","target":{"@type":"EntryPoint","urlTemplate":"https:\/\/evertonfc.cz\/?s={search_term_string}"},"query-input":{"@type":"PropertyValueSpecification","valueRequired":true,"valueName":"search_term_string"}}],"inLanguage":"cs"},{"@type":"Organization","@id":"https:\/\/evertonfc.cz\/#organization","name":"Official Czech & Slovak Everton Supporters' Club","url":"https:\/\/evertonfc.cz\/","logo":{"@type":"ImageObject","inLanguage":"cs","@id":"https:\/\/evertonfc.cz\/#\/schema\/logo\/image\/","url":"https:\/\/evertonfc.cz\/wp-content\/uploads\/2019\/05\/logo.png","contentUrl":"https:\/\/evertonfc.cz\/wp-content\/uploads\/2019\/05\/logo.png","width":112,"height":112,"caption":"Official Czech & Slovak Everton Supporters' Club"},"image":{"@id":"https:\/\/evertonfc.cz\/#\/schema\/logo\/image\/"},"sameAs":["https:\/\/www.facebook.com\/everton.fans.cz.sk"]},{"@type":"Person","@id":"https:\/\/evertonfc.cz\/#\/schema\/person\/d4493b8cbea51532597fbc4685698916","name":"BlueBlooded","url":"https:\/\/evertonfc.cz\/index.php\/author\/admin\/"}]}},"_links":{"self":[{"href":"https:\/\/evertonfc.cz\/index.php\/wp-json\/wp\/v2\/posts\/21920"}],"collection":[{"href":"https:\/\/evertonfc.cz\/index.php\/wp-json\/wp\/v2\/posts"}],"about":[{"href":"https:\/\/evertonfc.cz\/index.php\/wp-json\/wp\/v2\/types\/post"}],"author":[{"embeddable":true,"href":"https:\/\/evertonfc.cz\/index.php\/wp-json\/wp\/v2\/users\/1"}],"replies":[{"embeddable":true,"href":"https:\/\/evertonfc.cz\/index.php\/wp-json\/wp\/v2\/comments?post=21920"}],"version-history":[{"count":19,"href":"https:\/\/evertonfc.cz\/index.php\/wp-json\/wp\/v2\/posts\/21920\/revisions"}],"predecessor-version":[{"id":22024,"href":"https:\/\/evertonfc.cz\/index.php\/wp-json\/wp\/v2\/posts\/21920\/revisions\/22024"}],"wp:featuredmedia":[{"embeddable":true,"href":"https:\/\/evertonfc.cz\/index.php\/wp-json\/wp\/v2\/media\/22026"}],"wp:attachment":[{"href":"https:\/\/evertonfc.cz\/index.php\/wp-json\/wp\/v2\/media?parent=21920"}],"wp:term":[{"taxonomy":"category","embeddable":true,"href":"https:\/\/evertonfc.cz\/index.php\/wp-json\/wp\/v2\/categories?post=21920"},{"taxonomy":"post_tag","embeddable":true,"href":"https:\/\/evertonfc.cz\/index.php\/wp-json\/wp\/v2\/tags?post=21920"}],"curies":[{"name":"wp","href":"https:\/\/api.w.org\/{rel}","templated":true}]}}