{"id":21928,"date":"2023-07-09T15:43:12","date_gmt":"2023-07-09T13:43:12","guid":{"rendered":"https:\/\/evertonfc.cz\/?p=21928"},"modified":"2023-07-09T15:43:12","modified_gmt":"2023-07-09T13:43:12","slug":"virginia-predlzil-dostane-sancu","status":"publish","type":"post","link":"https:\/\/evertonfc.cz\/index.php\/2023\/07\/09\/virginia-predlzil-dostane-sancu\/","title":{"rendered":"Virg\u00ednia pred\u013a\u017eil, dostane \u0161ancu?"},"content":{"rendered":"<h4>Dvadsa\u0165triro\u010dn\u00fd portugalsk\u00fd brank\u00e1r Jo\u00e3o Virg\u00ednia podp\u00edsal s klubom nov\u00fa dvojro\u010dn\u00fa zmluvu do konca j\u00fana 2025. K\u00a0The Toffees pri\u0161iel z Arsenalu v auguste 2018.<\/h4>\n<p>Mnoh\u00ed tipovali, \u017ee ako jeden zo zabudnut\u00fdch n\u00e1kupov predo\u0161lej \u00e9ry, sa Jo\u00e3o podobne, ako mnoho in\u00fdch, potichu t\u00fato sez\u00f3nu vytrat\u00ed. \u010ci u\u017e na \u010fal\u0161ie a posledn\u00e9 hos\u0165ovanie, alebo v\u00a0druhoradom predaji, ktor\u00fd si nikto poriadne nev\u0161imne. Podpis Marca Silvu a\u00a0Marcela Brandsa sa v\u0161ak prekvapivo na Merseyside e\u0161te zdr\u017e\u00ed.<\/p>\n<p>Po\u010das svojej debutovej kampane zohral v\u00fdznamn\u00fa rolu v\u00a0zisku double v\u00fdberu EFC do 21 rokov. v mu\u017eskom seniorskom t\u00edme za Everton doteraz Virg\u00ednia absolvoval tri stretnutia, pri\u010dom debutoval proti Salfordu City v Carabao Cupe v septembri 2020. Pre portugalsk\u00e9ho reprezentanta U21 potom nasledovali \u010fal\u0161ie sk\u00fasenosti s hos\u0165ovan\u00edm v Readingu, Sportingu Lisabon a holandskom klube SC Cambuur.<\/p>\n<h4><strong>Pr\u00edde rola dvojky?<\/strong><\/h4>\n<p>Najm\u00e4 tam sa mu dostalo v\u00e4\u010d\u0161ieho hern\u00e9ho vy\u0165a\u017eenia medzi \u017er\u010fami, ke\u010f si prip\u00edsal 17 \u0161tartov v\u00a0Eredivisie v\u00a0prvej polovici sez\u00f3ny. Zaznamenal dokonca piate najvy\u0161\u0161ie percento \u00faspe\u0161nosti z\u00e1krokov v holandskej najvy\u0161\u0161ej s\u00fa\u0165a\u017ei. Celkovo v\u00a0Eur\u00f3pe sa rad\u00ed so 75.6% na \u0161tvrt\u00e9 miesto pri brank\u00e1roch do 23 rokov. No i\u00a0tak nedok\u00e1zal zabr\u00e1ni\u0165 hern\u00e9mu \u00fapadku t\u00edmu, ktor\u00e9 rezultovalo v\u00a0kone\u010dn\u00fd zostup klubu.<\/p>\n<p>Presne v\u00a0polovici ligov\u00e9ho diania ho v\u00a0br\u00e1ne vymenili a\u00a0do konca sez\u00f3ny sa tam u\u017e nepozrel. \u010co je ve\u013ek\u00e1 chyba, nako\u013eko Cambuur bez neho v\u00a0rovnakom po\u010dte duelov inkasoval o\u00a013 g\u00f3lov viac. Po odchode Begovi\u0107a sa teda naskyt\u00e1 logick\u00e1 ot\u00e1zka. Pr\u00edde \u0161anca robi\u0165 Pickfordovi z\u00e1stup? Z\u00a0finan\u010dn\u00e9ho h\u013eadiska to d\u00e1va zmysel&#8230;<\/p>\n<p>Mlad\u00fd Portugal\u010dan zar\u00e1bal doteraz zlomok (pod \u00a310k t\u00fd\u017edenne) z toho, \u010do veter\u00e1n z Bosny (takmer \u00a350k t\u00fd\u017edenne). A zrejme ani po podpise novej a lep\u0161ej zmluvy sa markantn\u00fdm sp\u00f4sobom nepribl\u00ed\u017ei k tejto hranici, mo\u017eno k jej polovici. To predstavuje ur\u010dite v\u00edtan\u00e9 od\u013eah\u010denie mzdov\u00e9ho rozpo\u010dtu, a mo\u017enos\u0165 nemusie\u0165 siaha\u0165 po neznanej drah\u0161ej alternat\u00edve na prestupovom trhu \u010di vo\u013en\u00fdch hr\u00e1\u010doch.<\/p>\n<p>A\u00a0ako vieme, robi\u0165 z\u00e1skok pri forme a\u00a0zdrav\u00ed jednotky hrd\u00e9ho Albionu je vcelku nen\u00e1ro\u010dn\u00e9. Sta\u010d\u00ed by\u0165 pr\u00edtomn\u00fd, a\u00a0na lavi\u010dke si odsedie\u0165 svoje. To Virg\u00ednia ur\u010dite zvl\u00e1dne. V\u00a0poh\u00e1roch sa ale mus\u00ed uk\u00e1za\u0165. A\u00a0malo by na tom z\u00e1le\u017ea\u0165 aj klubu. Rozv\u00edjanie vlastn\u00fdch hr\u00e1\u010dov mus\u00ed za\u010da\u0165 by\u0165 z\u00e1klad zdrav\u00e9ho fungovania organiz\u00e1cie.<\/p>\n<h4><strong>Jo\u00e3o Virg\u00ednia po podpise novej zmluvy:<\/strong><\/h4>\n<blockquote><p><span style=\"font-size: 12pt;\"><em>\u201eOdkedy som bol v minulej sez\u00f3ne na hos\u0165ovan\u00ed, ve\u013ea sa zmenilo. S\u00fa tu nov\u00ed hr\u00e1\u010di a nov\u00fd mana\u017e\u00e9r, tak\u017ee to vyzer\u00e1 ako nov\u00fd za\u010diatok. \u00cds\u0165 pre\u010d a za\u017ei\u0165 nov\u00fd futbal, nov\u00e9 krajiny, nov\u00e9 kult\u00fary a nov\u00e9 \u0161atne v\u00e1m umo\u017en\u00ed ve\u013ea r\u00e1s\u0165. Ako brank\u00e1r to potrebujete. Chcel by som hra\u0165 viac a viac. Vo ve\u013ekom klube, ak\u00fdm je Everton, je to o\u010dividne krok nahor, ale chcem t\u00fato v\u00fdzvu prija\u0165.\u201c<\/em><\/span><\/p><\/blockquote>\n<p style=\"text-align: right;\"><span style=\"font-size: 8pt;\">(fotozdroj: Pro Shots \/ Kay Int Veen)<\/span><\/p>\n","protected":false},"excerpt":{"rendered":"<p>Dvadsa\u0165triro\u010dn\u00fd portugalsk\u00fd brank\u00e1r Jo\u00e3o Virg\u00ednia podp\u00edsal s klubom nov\u00fa dvojro\u010dn\u00fa zmluvu do konca j\u00fana 2025. K\u00a0The Toffees pri\u0161iel z Arsenalu v auguste 2018.<\/p>\n","protected":false},"author":1,"featured_media":21929,"comment_status":"open","ping_status":"closed","sticky":false,"template":"","format":"standard","meta":{"_eb_attr":"","_monsterinsights_skip_tracking":false,"_monsterinsights_sitenote_active":false,"_monsterinsights_sitenote_note":"","_monsterinsights_sitenote_category":0,"footnotes":""},"categories":[42],"tags":[],"yoast_head":"<!-- This site is optimized with the Yoast SEO plugin v23.4 - https:\/\/yoast.com\/wordpress\/plugins\/seo\/ -->\n<title>Virg\u00ednia pred\u013a\u017eil, dostane \u0161ancu? - Official Czech &amp; Slovak Everton Supporters&#039; Club<\/title>\n<meta name=\"robots\" content=\"index, follow, max-snippet:-1, max-image-preview:large, max-video-preview:-1\" \/>\n<link rel=\"canonical\" href=\"https:\/\/evertonfc.cz\/index.php\/2023\/07\/09\/virginia-predlzil-dostane-sancu\/\" \/>\n<meta property=\"og:locale\" content=\"cs_CZ\" \/>\n<meta property=\"og:type\" content=\"article\" \/>\n<meta property=\"og:title\" content=\"Virg\u00ednia pred\u013a\u017eil, dostane \u0161ancu? - Official Czech &amp; Slovak Everton Supporters&#039; Club\" \/>\n<meta property=\"og:description\" content=\"Dvadsa\u0165triro\u010dn\u00fd portugalsk\u00fd brank\u00e1r Jo\u00e3o Virg\u00ednia podp\u00edsal s klubom nov\u00fa dvojro\u010dn\u00fa zmluvu do konca j\u00fana 2025. K\u00a0The Toffees pri\u0161iel z Arsenalu v auguste 2018.\" \/>\n<meta property=\"og:url\" content=\"https:\/\/evertonfc.cz\/index.php\/2023\/07\/09\/virginia-predlzil-dostane-sancu\/\" \/>\n<meta property=\"og:site_name\" content=\"Official Czech &amp; Slovak Everton Supporters&#039; Club\" \/>\n<meta property=\"article:publisher\" content=\"https:\/\/www.facebook.com\/everton.fans.cz.sk\" \/>\n<meta property=\"article:published_time\" content=\"2023-07-09T13:43:12+00:00\" \/>\n<meta property=\"og:image\" content=\"https:\/\/evertonfc.cz\/wp-content\/uploads\/2023\/07\/Joao-Virginia-by-Pro-Shots-Kay-Int-Veen-9-7-2023.jpg\" \/>\n\t<meta property=\"og:image:width\" content=\"720\" \/>\n\t<meta property=\"og:image:height\" content=\"405\" \/>\n\t<meta property=\"og:image:type\" content=\"image\/jpeg\" \/>\n<meta name=\"author\" content=\"BlueBlooded\" \/>\n<meta name=\"twitter:card\" content=\"summary_large_image\" \/>\n<meta name=\"twitter:label1\" content=\"Napsal(a)\" \/>\n\t<meta name=\"twitter:data1\" content=\"BlueBlooded\" \/>\n\t<meta name=\"twitter:label2\" content=\"Odhadovan\u00e1 doba \u010dten\u00ed\" \/>\n\t<meta name=\"twitter:data2\" content=\"3 minuty\" \/>\n<script type=\"application\/ld+json\" class=\"yoast-schema-graph\">{\"@context\":\"https:\/\/schema.org\",\"@graph\":[{\"@type\":\"Article\",\"@id\":\"https:\/\/evertonfc.cz\/index.php\/2023\/07\/09\/virginia-predlzil-dostane-sancu\/#article\",\"isPartOf\":{\"@id\":\"https:\/\/evertonfc.cz\/index.php\/2023\/07\/09\/virginia-predlzil-dostane-sancu\/\"},\"author\":{\"name\":\"BlueBlooded\",\"@id\":\"https:\/\/evertonfc.cz\/#\/schema\/person\/d4493b8cbea51532597fbc4685698916\"},\"headline\":\"Virg\u00ednia pred\u013a\u017eil, dostane \u0161ancu?\",\"datePublished\":\"2023-07-09T13:43:12+00:00\",\"dateModified\":\"2023-07-09T13:43:12+00:00\",\"mainEntityOfPage\":{\"@id\":\"https:\/\/evertonfc.cz\/index.php\/2023\/07\/09\/virginia-predlzil-dostane-sancu\/\"},\"wordCount\":566,\"commentCount\":0,\"publisher\":{\"@id\":\"https:\/\/evertonfc.cz\/#organization\"},\"image\":{\"@id\":\"https:\/\/evertonfc.cz\/index.php\/2023\/07\/09\/virginia-predlzil-dostane-sancu\/#primaryimage\"},\"thumbnailUrl\":\"https:\/\/evertonfc.cz\/wp-content\/uploads\/2023\/07\/Joao-Virginia-by-Pro-Shots-Kay-Int-Veen-9-7-2023.jpg\",\"articleSection\":[\"Aktuality\"],\"inLanguage\":\"cs\",\"potentialAction\":[{\"@type\":\"CommentAction\",\"name\":\"Comment\",\"target\":[\"https:\/\/evertonfc.cz\/index.php\/2023\/07\/09\/virginia-predlzil-dostane-sancu\/#respond\"]}]},{\"@type\":\"WebPage\",\"@id\":\"https:\/\/evertonfc.cz\/index.php\/2023\/07\/09\/virginia-predlzil-dostane-sancu\/\",\"url\":\"https:\/\/evertonfc.cz\/index.php\/2023\/07\/09\/virginia-predlzil-dostane-sancu\/\",\"name\":\"Virg\u00ednia pred\u013a\u017eil, dostane \u0161ancu? - Official Czech &amp; Slovak Everton Supporters&#039; Club\",\"isPartOf\":{\"@id\":\"https:\/\/evertonfc.cz\/#website\"},\"primaryImageOfPage\":{\"@id\":\"https:\/\/evertonfc.cz\/index.php\/2023\/07\/09\/virginia-predlzil-dostane-sancu\/#primaryimage\"},\"image\":{\"@id\":\"https:\/\/evertonfc.cz\/index.php\/2023\/07\/09\/virginia-predlzil-dostane-sancu\/#primaryimage\"},\"thumbnailUrl\":\"https:\/\/evertonfc.cz\/wp-content\/uploads\/2023\/07\/Joao-Virginia-by-Pro-Shots-Kay-Int-Veen-9-7-2023.jpg\",\"datePublished\":\"2023-07-09T13:43:12+00:00\",\"dateModified\":\"2023-07-09T13:43:12+00:00\",\"breadcrumb\":{\"@id\":\"https:\/\/evertonfc.cz\/index.php\/2023\/07\/09\/virginia-predlzil-dostane-sancu\/#breadcrumb\"},\"inLanguage\":\"cs\",\"potentialAction\":[{\"@type\":\"ReadAction\",\"target\":[\"https:\/\/evertonfc.cz\/index.php\/2023\/07\/09\/virginia-predlzil-dostane-sancu\/\"]}]},{\"@type\":\"ImageObject\",\"inLanguage\":\"cs\",\"@id\":\"https:\/\/evertonfc.cz\/index.php\/2023\/07\/09\/virginia-predlzil-dostane-sancu\/#primaryimage\",\"url\":\"https:\/\/evertonfc.cz\/wp-content\/uploads\/2023\/07\/Joao-Virginia-by-Pro-Shots-Kay-Int-Veen-9-7-2023.jpg\",\"contentUrl\":\"https:\/\/evertonfc.cz\/wp-content\/uploads\/2023\/07\/Joao-Virginia-by-Pro-Shots-Kay-Int-Veen-9-7-2023.jpg\",\"width\":720,\"height\":405},{\"@type\":\"BreadcrumbList\",\"@id\":\"https:\/\/evertonfc.cz\/index.php\/2023\/07\/09\/virginia-predlzil-dostane-sancu\/#breadcrumb\",\"itemListElement\":[{\"@type\":\"ListItem\",\"position\":1,\"name\":\"Home\",\"item\":\"https:\/\/evertonfc.cz\/\"},{\"@type\":\"ListItem\",\"position\":2,\"name\":\"Virg\u00ednia pred\u013a\u017eil, dostane \u0161ancu?\"}]},{\"@type\":\"WebSite\",\"@id\":\"https:\/\/evertonfc.cz\/#website\",\"url\":\"https:\/\/evertonfc.cz\/\",\"name\":\"Official Czech &amp; Slovak Everton Supporters&#039; Club\",\"description\":\"\",\"publisher\":{\"@id\":\"https:\/\/evertonfc.cz\/#organization\"},\"potentialAction\":[{\"@type\":\"SearchAction\",\"target\":{\"@type\":\"EntryPoint\",\"urlTemplate\":\"https:\/\/evertonfc.cz\/?s={search_term_string}\"},\"query-input\":{\"@type\":\"PropertyValueSpecification\",\"valueRequired\":true,\"valueName\":\"search_term_string\"}}],\"inLanguage\":\"cs\"},{\"@type\":\"Organization\",\"@id\":\"https:\/\/evertonfc.cz\/#organization\",\"name\":\"Official Czech & Slovak Everton Supporters' Club\",\"url\":\"https:\/\/evertonfc.cz\/\",\"logo\":{\"@type\":\"ImageObject\",\"inLanguage\":\"cs\",\"@id\":\"https:\/\/evertonfc.cz\/#\/schema\/logo\/image\/\",\"url\":\"https:\/\/evertonfc.cz\/wp-content\/uploads\/2019\/05\/logo.png\",\"contentUrl\":\"https:\/\/evertonfc.cz\/wp-content\/uploads\/2019\/05\/logo.png\",\"width\":112,\"height\":112,\"caption\":\"Official Czech & Slovak Everton Supporters' Club\"},\"image\":{\"@id\":\"https:\/\/evertonfc.cz\/#\/schema\/logo\/image\/\"},\"sameAs\":[\"https:\/\/www.facebook.com\/everton.fans.cz.sk\"]},{\"@type\":\"Person\",\"@id\":\"https:\/\/evertonfc.cz\/#\/schema\/person\/d4493b8cbea51532597fbc4685698916\",\"name\":\"BlueBlooded\",\"url\":\"https:\/\/evertonfc.cz\/index.php\/author\/admin\/\"}]}<\/script>\n<!-- \/ Yoast SEO plugin. -->","yoast_head_json":{"title":"Virg\u00ednia pred\u013a\u017eil, dostane \u0161ancu? - Official Czech &amp; Slovak Everton Supporters&#039; Club","robots":{"index":"index","follow":"follow","max-snippet":"max-snippet:-1","max-image-preview":"max-image-preview:large","max-video-preview":"max-video-preview:-1"},"canonical":"https:\/\/evertonfc.cz\/index.php\/2023\/07\/09\/virginia-predlzil-dostane-sancu\/","og_locale":"cs_CZ","og_type":"article","og_title":"Virg\u00ednia pred\u013a\u017eil, dostane \u0161ancu? - Official Czech &amp; Slovak Everton Supporters&#039; Club","og_description":"Dvadsa\u0165triro\u010dn\u00fd portugalsk\u00fd brank\u00e1r Jo\u00e3o Virg\u00ednia podp\u00edsal s klubom nov\u00fa dvojro\u010dn\u00fa zmluvu do konca j\u00fana 2025. K\u00a0The Toffees pri\u0161iel z Arsenalu v auguste 2018.","og_url":"https:\/\/evertonfc.cz\/index.php\/2023\/07\/09\/virginia-predlzil-dostane-sancu\/","og_site_name":"Official Czech &amp; Slovak Everton Supporters&#039; Club","article_publisher":"https:\/\/www.facebook.com\/everton.fans.cz.sk","article_published_time":"2023-07-09T13:43:12+00:00","og_image":[{"width":720,"height":405,"url":"https:\/\/evertonfc.cz\/wp-content\/uploads\/2023\/07\/Joao-Virginia-by-Pro-Shots-Kay-Int-Veen-9-7-2023.jpg","type":"image\/jpeg"}],"author":"BlueBlooded","twitter_card":"summary_large_image","twitter_misc":{"Napsal(a)":"BlueBlooded","Odhadovan\u00e1 doba \u010dten\u00ed":"3 minuty"},"schema":{"@context":"https:\/\/schema.org","@graph":[{"@type":"Article","@id":"https:\/\/evertonfc.cz\/index.php\/2023\/07\/09\/virginia-predlzil-dostane-sancu\/#article","isPartOf":{"@id":"https:\/\/evertonfc.cz\/index.php\/2023\/07\/09\/virginia-predlzil-dostane-sancu\/"},"author":{"name":"BlueBlooded","@id":"https:\/\/evertonfc.cz\/#\/schema\/person\/d4493b8cbea51532597fbc4685698916"},"headline":"Virg\u00ednia pred\u013a\u017eil, dostane \u0161ancu?","datePublished":"2023-07-09T13:43:12+00:00","dateModified":"2023-07-09T13:43:12+00:00","mainEntityOfPage":{"@id":"https:\/\/evertonfc.cz\/index.php\/2023\/07\/09\/virginia-predlzil-dostane-sancu\/"},"wordCount":566,"commentCount":0,"publisher":{"@id":"https:\/\/evertonfc.cz\/#organization"},"image":{"@id":"https:\/\/evertonfc.cz\/index.php\/2023\/07\/09\/virginia-predlzil-dostane-sancu\/#primaryimage"},"thumbnailUrl":"https:\/\/evertonfc.cz\/wp-content\/uploads\/2023\/07\/Joao-Virginia-by-Pro-Shots-Kay-Int-Veen-9-7-2023.jpg","articleSection":["Aktuality"],"inLanguage":"cs","potentialAction":[{"@type":"CommentAction","name":"Comment","target":["https:\/\/evertonfc.cz\/index.php\/2023\/07\/09\/virginia-predlzil-dostane-sancu\/#respond"]}]},{"@type":"WebPage","@id":"https:\/\/evertonfc.cz\/index.php\/2023\/07\/09\/virginia-predlzil-dostane-sancu\/","url":"https:\/\/evertonfc.cz\/index.php\/2023\/07\/09\/virginia-predlzil-dostane-sancu\/","name":"Virg\u00ednia pred\u013a\u017eil, dostane \u0161ancu? - Official Czech &amp; Slovak Everton Supporters&#039; Club","isPartOf":{"@id":"https:\/\/evertonfc.cz\/#website"},"primaryImageOfPage":{"@id":"https:\/\/evertonfc.cz\/index.php\/2023\/07\/09\/virginia-predlzil-dostane-sancu\/#primaryimage"},"image":{"@id":"https:\/\/evertonfc.cz\/index.php\/2023\/07\/09\/virginia-predlzil-dostane-sancu\/#primaryimage"},"thumbnailUrl":"https:\/\/evertonfc.cz\/wp-content\/uploads\/2023\/07\/Joao-Virginia-by-Pro-Shots-Kay-Int-Veen-9-7-2023.jpg","datePublished":"2023-07-09T13:43:12+00:00","dateModified":"2023-07-09T13:43:12+00:00","breadcrumb":{"@id":"https:\/\/evertonfc.cz\/index.php\/2023\/07\/09\/virginia-predlzil-dostane-sancu\/#breadcrumb"},"inLanguage":"cs","potentialAction":[{"@type":"ReadAction","target":["https:\/\/evertonfc.cz\/index.php\/2023\/07\/09\/virginia-predlzil-dostane-sancu\/"]}]},{"@type":"ImageObject","inLanguage":"cs","@id":"https:\/\/evertonfc.cz\/index.php\/2023\/07\/09\/virginia-predlzil-dostane-sancu\/#primaryimage","url":"https:\/\/evertonfc.cz\/wp-content\/uploads\/2023\/07\/Joao-Virginia-by-Pro-Shots-Kay-Int-Veen-9-7-2023.jpg","contentUrl":"https:\/\/evertonfc.cz\/wp-content\/uploads\/2023\/07\/Joao-Virginia-by-Pro-Shots-Kay-Int-Veen-9-7-2023.jpg","width":720,"height":405},{"@type":"BreadcrumbList","@id":"https:\/\/evertonfc.cz\/index.php\/2023\/07\/09\/virginia-predlzil-dostane-sancu\/#breadcrumb","itemListElement":[{"@type":"ListItem","position":1,"name":"Home","item":"https:\/\/evertonfc.cz\/"},{"@type":"ListItem","position":2,"name":"Virg\u00ednia pred\u013a\u017eil, dostane \u0161ancu?"}]},{"@type":"WebSite","@id":"https:\/\/evertonfc.cz\/#website","url":"https:\/\/evertonfc.cz\/","name":"Official Czech &amp; Slovak Everton Supporters&#039; Club","description":"","publisher":{"@id":"https:\/\/evertonfc.cz\/#organization"},"potentialAction":[{"@type":"SearchAction","target":{"@type":"EntryPoint","urlTemplate":"https:\/\/evertonfc.cz\/?s={search_term_string}"},"query-input":{"@type":"PropertyValueSpecification","valueRequired":true,"valueName":"search_term_string"}}],"inLanguage":"cs"},{"@type":"Organization","@id":"https:\/\/evertonfc.cz\/#organization","name":"Official Czech & Slovak Everton Supporters' Club","url":"https:\/\/evertonfc.cz\/","logo":{"@type":"ImageObject","inLanguage":"cs","@id":"https:\/\/evertonfc.cz\/#\/schema\/logo\/image\/","url":"https:\/\/evertonfc.cz\/wp-content\/uploads\/2019\/05\/logo.png","contentUrl":"https:\/\/evertonfc.cz\/wp-content\/uploads\/2019\/05\/logo.png","width":112,"height":112,"caption":"Official Czech & Slovak Everton Supporters' Club"},"image":{"@id":"https:\/\/evertonfc.cz\/#\/schema\/logo\/image\/"},"sameAs":["https:\/\/www.facebook.com\/everton.fans.cz.sk"]},{"@type":"Person","@id":"https:\/\/evertonfc.cz\/#\/schema\/person\/d4493b8cbea51532597fbc4685698916","name":"BlueBlooded","url":"https:\/\/evertonfc.cz\/index.php\/author\/admin\/"}]}},"_links":{"self":[{"href":"https:\/\/evertonfc.cz\/index.php\/wp-json\/wp\/v2\/posts\/21928"}],"collection":[{"href":"https:\/\/evertonfc.cz\/index.php\/wp-json\/wp\/v2\/posts"}],"about":[{"href":"https:\/\/evertonfc.cz\/index.php\/wp-json\/wp\/v2\/types\/post"}],"author":[{"embeddable":true,"href":"https:\/\/evertonfc.cz\/index.php\/wp-json\/wp\/v2\/users\/1"}],"replies":[{"embeddable":true,"href":"https:\/\/evertonfc.cz\/index.php\/wp-json\/wp\/v2\/comments?post=21928"}],"version-history":[{"count":2,"href":"https:\/\/evertonfc.cz\/index.php\/wp-json\/wp\/v2\/posts\/21928\/revisions"}],"predecessor-version":[{"id":21931,"href":"https:\/\/evertonfc.cz\/index.php\/wp-json\/wp\/v2\/posts\/21928\/revisions\/21931"}],"wp:featuredmedia":[{"embeddable":true,"href":"https:\/\/evertonfc.cz\/index.php\/wp-json\/wp\/v2\/media\/21929"}],"wp:attachment":[{"href":"https:\/\/evertonfc.cz\/index.php\/wp-json\/wp\/v2\/media?parent=21928"}],"wp:term":[{"taxonomy":"category","embeddable":true,"href":"https:\/\/evertonfc.cz\/index.php\/wp-json\/wp\/v2\/categories?post=21928"},{"taxonomy":"post_tag","embeddable":true,"href":"https:\/\/evertonfc.cz\/index.php\/wp-json\/wp\/v2\/tags?post=21928"}],"curies":[{"name":"wp","href":"https:\/\/api.w.org\/{rel}","templated":true}]}}