{"id":21936,"date":"2023-07-10T16:36:39","date_gmt":"2023-07-10T14:36:39","guid":{"rendered":"https:\/\/evertonfc.cz\/?p=21936"},"modified":"2023-07-10T17:13:17","modified_gmt":"2023-07-10T15:13:17","slug":"simms-predany-samuels-smith-tiez","status":"publish","type":"post","link":"https:\/\/evertonfc.cz\/index.php\/2023\/07\/10\/simms-predany-samuels-smith-tiez\/","title":{"rendered":"Simms predan\u00fd, Samuels-Smith tie\u017e"},"content":{"rendered":"<h4>Prestupov\u00e1 aktivita sa v\u00a0medziach Evertonu doteraz st\u00e1le zm\u00e1ha len na konce zml\u00fav, ich predl\u017eovanie, \u010di odchody n\u00e1dejn\u00fd mlad\u00edkov z\u00a0akad\u00e9mie za men\u0161ie peniaze.<\/h4>\n<p>Z\u00a0nich sa sn\u00e1\u010f \u010dasom zlo\u017e\u00ed v\u00e4\u010d\u0161\u00ed celok. Faktom v\u0161ak ost\u00e1va, \u017ee n\u00e1\u0161 z\u00fafal\u00fd klub sa sna\u017e\u00ed spe\u0148a\u017ei\u0165 v\u0161etko, \u010do sa h\u00fdbe. Iba tak sa vykresaj\u00fa v\u00e4\u010d\u0161ie n\u00e1deje pre \u010fal\u0161iu sez\u00f3nu prv\u00e9ho t\u00edmu, do ktor\u00e9ho u\u017e nebude patri\u0165 Ellis Simms. 22-ro\u010dn\u00fd \u00fato\u010dn\u00edk odch\u00e1dza natrvalo do druholigov\u00e9ho Coventry City za 8 mili\u00f3nov libier aj vr\u00e1tane bonusov.<\/p>\n<p>Tie by mali by\u0165 celkom pr\u00edvetiv\u00e9 pre Coventry. To pod\u013ea nepotvrden\u00fdch inform\u00e1cii najsk\u00f4r zaplat\u00ed len \u00a33,5m. Pod\u013ea odohran\u00fdch z\u00e1pasov a vstrelen\u00fdch g\u00f3lov m\u00f4\u017ee t\u00e1to suma nar\u00e1s\u0165 na \u00a35m. A ak sa podar\u00ed postup do Premier League, tak aj na cel\u00fdch osem. Simms zdravotnou prehliadkou pre\u0161iel u\u017e v piatok.<\/p>\n<h4><strong>Simms na svojom Instagrame:<\/strong><\/h4>\n<blockquote><p><span style=\"font-size: 12pt;\"><em>\u201eDnes sa moja cesta v Evertone skon\u010dila. R\u00e1d by som po\u010fakoval spoluhr\u00e1\u010dom, tr\u00e9nerom a v\u0161etk\u00fdm \u013eu\u010fom, ktor\u00ed pracuj\u00fa pre klub, a pomohli mi na ceste s moj\u00edm rozvojom. Tie\u017e by som r\u00e1d po\u010fakoval fan\u00fa\u0161ikom za podporu, ktor\u00fa mi prejavili, a prajem im a klubu ve\u013ea \u0161\u0165astia v bud\u00facnosti!\u201c<\/em><\/span><\/p><\/blockquote>\n<p>To pon\u00faka vysvetlenie, pre\u010do \u00fato\u010dn\u00edk nebol vo \u0161tvrtok pr\u00edtomn\u00fd na Finch Farm, ke\u010f sa seniorsk\u00fd t\u00edm Evertonu vr\u00e1til do predsez\u00f3nneho tr\u00e9ningu. O hr\u00e1\u010da bol z\u00e1ujem aj zo strany ostatn\u00fdch t\u00edmov Championship. Konkr\u00e9tne od Ipswichu Town, Swansea a Sunderlandu. Minul\u00fa sez\u00f3nu bolo Coventry po piatom mieste v lige porazen\u00fdm finalistom v play-off, ke\u010f nezvl\u00e1dlo penalty s Lutonom Town vo Wembley.<\/p>\n<p>Ver\u00ed sa, \u017ee Simms bude p\u00f4sobi\u0165 ako n\u00e1hrada za \u0161v\u00e9dskeho reprezentanta Viktora Gy\u00f6keresa, ktor\u00fd bol predt\u00fdm sp\u00e1jan\u00fd s Evertonom, ke\u010f\u017ee sa bl\u00ed\u017ei k podpisu zmluvy s portugalsk\u00fdm gigantom Sporting CP. Ellis bol na Merseyside posledn\u00fdch \u0161es\u0165 rokov, ke\u010f ako 16-ro\u010dn\u00fd prest\u00fapil z\u00a0akad\u00e9mie Manchesteru City.<\/p>\n<p>N\u00e1sledne postupoval cez klubov\u00fa akad\u00e9miu, a v decembri 2021 debutoval v mu\u017eskom seniorskom t\u00edme proti Chelsea na Stamford Bridge. V r\u00e1mci svojho rozvoja si Simms u\u017eil hos\u0165ovania v Blackpoole, Heart of Midlothian a potom v prvej polovici minulej sez\u00f3ny v Sunderlande. Na za\u010diatku roka 2023<a href=\"https:\/\/evertonfc.cz\/index.php\/2023\/01\/02\/bude-simms-stacit\/\"> bol Lampardom povolan\u00fd sp\u00e4\u0165 do EFC<\/a> a v marci strelil neskor\u00fd vyrovn\u00e1vaj\u00faci g\u00f3l pri rem\u00edze 2:2 na p\u00f4de Chelsea.<\/p>\n<h4><strong>Samuels-Smith, kto to je?<\/strong><\/h4>\n<p>Tie\u017e v\u00e1m tik\u00e1 v\u00a0hlave? Nebojte sa, ni\u010d ste nezme\u0161kali. To len Everton dok\u00e1zal v\u00fdznamne spe\u0148a\u017ei\u0165 svoj skryt\u00fd talent e\u0161te predt\u00fdm, ne\u017e ho v\u00f4bec uk\u00e1zal svetu. 17-ro\u010dn\u00fd \u013eav\u00fd obranca, krstn\u00fdm menom Ish\u00e9, pri\u0161iel do akad\u00e9mie u\u017e ako dev\u00e4\u0165ro\u010dn\u00fd, a o tri roky nesk\u00f4r ho nasledovalo aj jeho dvoj\u010da Odin, st\u00e1le pr\u00edtomn\u00e9 v\u00a0klube.<\/p>\n<p>T\u00fato sez\u00f3nu bol stavebn\u00fdm kame\u0148om v\u00fdberu do 21 rokov. Je tie\u017e anglick\u00fd ml\u00e1de\u017en\u00edcky reprezentant, a dokonca bol zaraden\u00fd na lavi\u010dku A-t\u00edmu Seana Dycha na dom\u00e1ci ligov\u00fd z\u00e1pas proti Fulhamu v apr\u00edli. No na nej sa ocitol aj sk\u00f4r. U\u017e v ligovom poh\u00e1ri proti Bournemouthu v novembri, kedy ak by nast\u00fapil, zlomil by rekord Thierryho Smalla, ako najmlad\u0161ieho debutuj\u00faceho hr\u00e1\u010da Karameliek v hist\u00f3rii.<\/p>\n<p>Tento Samuels-Smith sa teda s\u0165ahuje do Lond\u00fdna potom, \u010do si ho vyhliadli skauti Chelsea. A Everton v d\u00f4sledku toho dostal zna\u010dn\u00fd kompenza\u010dn\u00fd poplatok vo v\u00fd\u0161ke \u0161tyroch mili\u00f3nov libier. To je pri tak v podstate nezn\u00e1mom mene naozaj vysok\u00e1 suma. Ale t\u00edned\u017eer bol k\u013e\u00fa\u010dov\u00fdm pilierom vo vekov\u00fdch skupin\u00e1ch Evertonu i anglick\u00fdch reprezenta\u010dn\u00fdch v\u00fdberov, a zav\u00e1\u017eil aj dlhodob\u00fd z\u00e1ujem z akad\u00e9mie Chelsea.<\/p>\n<p>V posledn\u00fdch sez\u00f3nach boli pravideln\u00fdmi \u00fa\u010dastn\u00edkmi jeho z\u00e1pasov. Dokonca mali nieko\u013eko predch\u00e1dzaj\u00facich pokusov o jeho podpis. Jeden ned\u00e1vno v lete, za tie\u017e sedemcifern\u00fa sumu. Ale v ka\u017edej f\u00e1ze boli klubom odmietnut\u00ed. \u010co sa teraz zmenilo, je zrejm\u00e9. Everton potrebuje z\u00edska\u0165 finan\u010dn\u00e9 prostriedky.<\/p>\n<h4><strong>Probl\u00e9my v Halewoode<\/strong><\/h4>\n<p>Ale\u00a0nielen v tomto oh\u013eade akad\u00e9mia EFC u\u017e nejak\u00fd \u010das krv\u00e1ca. \u00daloha udr\u017ea\u0165 si najlep\u0161\u00edch potenci\u00e1lnych hr\u00e1\u010dov je s\u0165a\u017een\u00e1 pokusmi najbohat\u0161\u00edch klubov o z\u00edskavanie talentov v skor\u0161om \u0161t\u00e1diu v\u00fdvoja. Dokonca pod\u013ea novin\u00e1rov The Athletic s\u00fa na Finch Farm be\u017en\u00e9 s\u0165a\u017enosti rodi\u010dov a\u00a0z\u00e1stupcov hr\u00e1\u010dov na kou\u010dovanie a\u00a0postup do prv\u00e9ho t\u00edmu. \u010co je nie\u010do, \u010do sa \u0161portov\u00fd riadite\u013e Kevin Thelwell sna\u017e\u00ed napravi\u0165.<\/p>\n<p>S\u00e9ria nov\u00fdch menovan\u00ed priniesla Jamesa Vaughana ako mana\u017e\u00e9ra hos\u0165ovan\u00ed, Garetha Prossera ako riadite\u013ea akad\u00e9mie a Dana Miccicheho ako hlavn\u00e9ho tr\u00e9nera rozvoja hr\u00e1\u010dov. Popul\u00e1rny Paul Tait sa po Unsworthovi stal hlavn\u00fdm tr\u00e9nerom do 21 rokov, a viedol t\u00edm k zameraniu sa na progres\u00edvnej\u0161\u00ed \u0161t\u00fdl futbalu. Hr\u00e1\u010di s\u00fa teraz povy\u0161ovan\u00ed vekov\u00fdmi kateg\u00f3riami r\u00fdchlej\u0161ie, a vyd\u00e1vaj\u00fa sa na hos\u0165ovanie vo svojej kari\u00e9re sk\u00f4r. Hlavn\u00fdm h\u013eadiskom je sk\u00f4r rozvoj hr\u00e1\u010da ako vyhr\u00e1vanie z\u00e1pasov na \u00farovni do 18 a 21 rokov.<\/p>\n<p style=\"text-align: right;\"><span style=\"font-size: 8pt;\">(fotozdroj: ccfc.co.uk, chelseafc.com)<\/span><\/p>\n","protected":false},"excerpt":{"rendered":"<p>Prestupov\u00e1 aktivita sa v\u00a0medziach Evertonu doteraz st\u00e1le zm\u00e1ha len na konce zml\u00fav, ich predl\u017eovanie, \u010di odchody n\u00e1dejn\u00fd mlad\u00edkov z\u00a0akad\u00e9mie za men\u0161ie peniaze.<\/p>\n","protected":false},"author":1,"featured_media":21961,"comment_status":"open","ping_status":"closed","sticky":false,"template":"","format":"standard","meta":{"_eb_attr":"","_monsterinsights_skip_tracking":false,"_monsterinsights_sitenote_active":false,"_monsterinsights_sitenote_note":"","_monsterinsights_sitenote_category":0,"footnotes":""},"categories":[41],"tags":[],"yoast_head":"<!-- This site is optimized with the Yoast SEO plugin v23.4 - https:\/\/yoast.com\/wordpress\/plugins\/seo\/ -->\n<title>Simms predan\u00fd, Samuels-Smith tie\u017e - Official Czech &amp; Slovak Everton Supporters&#039; Club<\/title>\n<meta name=\"robots\" content=\"index, follow, max-snippet:-1, max-image-preview:large, max-video-preview:-1\" \/>\n<link rel=\"canonical\" href=\"https:\/\/evertonfc.cz\/index.php\/2023\/07\/10\/simms-predany-samuels-smith-tiez\/\" \/>\n<meta property=\"og:locale\" content=\"cs_CZ\" \/>\n<meta property=\"og:type\" content=\"article\" \/>\n<meta property=\"og:title\" content=\"Simms predan\u00fd, Samuels-Smith tie\u017e - Official Czech &amp; Slovak Everton Supporters&#039; Club\" \/>\n<meta property=\"og:description\" content=\"Prestupov\u00e1 aktivita sa v\u00a0medziach Evertonu doteraz st\u00e1le zm\u00e1ha len na konce zml\u00fav, ich predl\u017eovanie, \u010di odchody n\u00e1dejn\u00fd mlad\u00edkov z\u00a0akad\u00e9mie za men\u0161ie peniaze.\" \/>\n<meta property=\"og:url\" content=\"https:\/\/evertonfc.cz\/index.php\/2023\/07\/10\/simms-predany-samuels-smith-tiez\/\" \/>\n<meta property=\"og:site_name\" content=\"Official Czech &amp; Slovak Everton Supporters&#039; Club\" \/>\n<meta property=\"article:publisher\" content=\"https:\/\/www.facebook.com\/everton.fans.cz.sk\" \/>\n<meta property=\"article:published_time\" content=\"2023-07-10T14:36:39+00:00\" \/>\n<meta property=\"article:modified_time\" content=\"2023-07-10T15:13:17+00:00\" \/>\n<meta property=\"og:image\" content=\"https:\/\/evertonfc.cz\/wp-content\/uploads\/2023\/07\/Simms-Samuels-Smith-10-7-2023.jpg\" \/>\n\t<meta property=\"og:image:width\" content=\"720\" \/>\n\t<meta property=\"og:image:height\" content=\"405\" \/>\n\t<meta property=\"og:image:type\" content=\"image\/jpeg\" \/>\n<meta name=\"author\" content=\"BlueBlooded\" \/>\n<meta name=\"twitter:card\" content=\"summary_large_image\" \/>\n<meta name=\"twitter:label1\" content=\"Napsal(a)\" \/>\n\t<meta name=\"twitter:data1\" content=\"BlueBlooded\" \/>\n\t<meta name=\"twitter:label2\" content=\"Odhadovan\u00e1 doba \u010dten\u00ed\" \/>\n\t<meta name=\"twitter:data2\" content=\"4 minuty\" \/>\n<script type=\"application\/ld+json\" class=\"yoast-schema-graph\">{\"@context\":\"https:\/\/schema.org\",\"@graph\":[{\"@type\":\"Article\",\"@id\":\"https:\/\/evertonfc.cz\/index.php\/2023\/07\/10\/simms-predany-samuels-smith-tiez\/#article\",\"isPartOf\":{\"@id\":\"https:\/\/evertonfc.cz\/index.php\/2023\/07\/10\/simms-predany-samuels-smith-tiez\/\"},\"author\":{\"name\":\"BlueBlooded\",\"@id\":\"https:\/\/evertonfc.cz\/#\/schema\/person\/d4493b8cbea51532597fbc4685698916\"},\"headline\":\"Simms predan\u00fd, Samuels-Smith tie\u017e\",\"datePublished\":\"2023-07-10T14:36:39+00:00\",\"dateModified\":\"2023-07-10T15:13:17+00:00\",\"mainEntityOfPage\":{\"@id\":\"https:\/\/evertonfc.cz\/index.php\/2023\/07\/10\/simms-predany-samuels-smith-tiez\/\"},\"wordCount\":945,\"commentCount\":1,\"publisher\":{\"@id\":\"https:\/\/evertonfc.cz\/#organization\"},\"image\":{\"@id\":\"https:\/\/evertonfc.cz\/index.php\/2023\/07\/10\/simms-predany-samuels-smith-tiez\/#primaryimage\"},\"thumbnailUrl\":\"https:\/\/evertonfc.cz\/wp-content\/uploads\/2023\/07\/Simms-Samuels-Smith-10-7-2023.jpg\",\"articleSection\":[\"P\u0159estupy\"],\"inLanguage\":\"cs\",\"potentialAction\":[{\"@type\":\"CommentAction\",\"name\":\"Comment\",\"target\":[\"https:\/\/evertonfc.cz\/index.php\/2023\/07\/10\/simms-predany-samuels-smith-tiez\/#respond\"]}]},{\"@type\":\"WebPage\",\"@id\":\"https:\/\/evertonfc.cz\/index.php\/2023\/07\/10\/simms-predany-samuels-smith-tiez\/\",\"url\":\"https:\/\/evertonfc.cz\/index.php\/2023\/07\/10\/simms-predany-samuels-smith-tiez\/\",\"name\":\"Simms predan\u00fd, Samuels-Smith tie\u017e - Official Czech &amp; Slovak Everton Supporters&#039; Club\",\"isPartOf\":{\"@id\":\"https:\/\/evertonfc.cz\/#website\"},\"primaryImageOfPage\":{\"@id\":\"https:\/\/evertonfc.cz\/index.php\/2023\/07\/10\/simms-predany-samuels-smith-tiez\/#primaryimage\"},\"image\":{\"@id\":\"https:\/\/evertonfc.cz\/index.php\/2023\/07\/10\/simms-predany-samuels-smith-tiez\/#primaryimage\"},\"thumbnailUrl\":\"https:\/\/evertonfc.cz\/wp-content\/uploads\/2023\/07\/Simms-Samuels-Smith-10-7-2023.jpg\",\"datePublished\":\"2023-07-10T14:36:39+00:00\",\"dateModified\":\"2023-07-10T15:13:17+00:00\",\"breadcrumb\":{\"@id\":\"https:\/\/evertonfc.cz\/index.php\/2023\/07\/10\/simms-predany-samuels-smith-tiez\/#breadcrumb\"},\"inLanguage\":\"cs\",\"potentialAction\":[{\"@type\":\"ReadAction\",\"target\":[\"https:\/\/evertonfc.cz\/index.php\/2023\/07\/10\/simms-predany-samuels-smith-tiez\/\"]}]},{\"@type\":\"ImageObject\",\"inLanguage\":\"cs\",\"@id\":\"https:\/\/evertonfc.cz\/index.php\/2023\/07\/10\/simms-predany-samuels-smith-tiez\/#primaryimage\",\"url\":\"https:\/\/evertonfc.cz\/wp-content\/uploads\/2023\/07\/Simms-Samuels-Smith-10-7-2023.jpg\",\"contentUrl\":\"https:\/\/evertonfc.cz\/wp-content\/uploads\/2023\/07\/Simms-Samuels-Smith-10-7-2023.jpg\",\"width\":720,\"height\":405},{\"@type\":\"BreadcrumbList\",\"@id\":\"https:\/\/evertonfc.cz\/index.php\/2023\/07\/10\/simms-predany-samuels-smith-tiez\/#breadcrumb\",\"itemListElement\":[{\"@type\":\"ListItem\",\"position\":1,\"name\":\"Home\",\"item\":\"https:\/\/evertonfc.cz\/\"},{\"@type\":\"ListItem\",\"position\":2,\"name\":\"Simms predan\u00fd, Samuels-Smith tie\u017e\"}]},{\"@type\":\"WebSite\",\"@id\":\"https:\/\/evertonfc.cz\/#website\",\"url\":\"https:\/\/evertonfc.cz\/\",\"name\":\"Official Czech &amp; Slovak Everton Supporters&#039; Club\",\"description\":\"\",\"publisher\":{\"@id\":\"https:\/\/evertonfc.cz\/#organization\"},\"potentialAction\":[{\"@type\":\"SearchAction\",\"target\":{\"@type\":\"EntryPoint\",\"urlTemplate\":\"https:\/\/evertonfc.cz\/?s={search_term_string}\"},\"query-input\":{\"@type\":\"PropertyValueSpecification\",\"valueRequired\":true,\"valueName\":\"search_term_string\"}}],\"inLanguage\":\"cs\"},{\"@type\":\"Organization\",\"@id\":\"https:\/\/evertonfc.cz\/#organization\",\"name\":\"Official Czech & Slovak Everton Supporters' Club\",\"url\":\"https:\/\/evertonfc.cz\/\",\"logo\":{\"@type\":\"ImageObject\",\"inLanguage\":\"cs\",\"@id\":\"https:\/\/evertonfc.cz\/#\/schema\/logo\/image\/\",\"url\":\"https:\/\/evertonfc.cz\/wp-content\/uploads\/2019\/05\/logo.png\",\"contentUrl\":\"https:\/\/evertonfc.cz\/wp-content\/uploads\/2019\/05\/logo.png\",\"width\":112,\"height\":112,\"caption\":\"Official Czech & Slovak Everton Supporters' Club\"},\"image\":{\"@id\":\"https:\/\/evertonfc.cz\/#\/schema\/logo\/image\/\"},\"sameAs\":[\"https:\/\/www.facebook.com\/everton.fans.cz.sk\"]},{\"@type\":\"Person\",\"@id\":\"https:\/\/evertonfc.cz\/#\/schema\/person\/d4493b8cbea51532597fbc4685698916\",\"name\":\"BlueBlooded\",\"url\":\"https:\/\/evertonfc.cz\/index.php\/author\/admin\/\"}]}<\/script>\n<!-- \/ Yoast SEO plugin. -->","yoast_head_json":{"title":"Simms predan\u00fd, Samuels-Smith tie\u017e - Official Czech &amp; Slovak Everton Supporters&#039; Club","robots":{"index":"index","follow":"follow","max-snippet":"max-snippet:-1","max-image-preview":"max-image-preview:large","max-video-preview":"max-video-preview:-1"},"canonical":"https:\/\/evertonfc.cz\/index.php\/2023\/07\/10\/simms-predany-samuels-smith-tiez\/","og_locale":"cs_CZ","og_type":"article","og_title":"Simms predan\u00fd, Samuels-Smith tie\u017e - Official Czech &amp; Slovak Everton Supporters&#039; Club","og_description":"Prestupov\u00e1 aktivita sa v\u00a0medziach Evertonu doteraz st\u00e1le zm\u00e1ha len na konce zml\u00fav, ich predl\u017eovanie, \u010di odchody n\u00e1dejn\u00fd mlad\u00edkov z\u00a0akad\u00e9mie za men\u0161ie peniaze.","og_url":"https:\/\/evertonfc.cz\/index.php\/2023\/07\/10\/simms-predany-samuels-smith-tiez\/","og_site_name":"Official Czech &amp; Slovak Everton Supporters&#039; Club","article_publisher":"https:\/\/www.facebook.com\/everton.fans.cz.sk","article_published_time":"2023-07-10T14:36:39+00:00","article_modified_time":"2023-07-10T15:13:17+00:00","og_image":[{"width":720,"height":405,"url":"https:\/\/evertonfc.cz\/wp-content\/uploads\/2023\/07\/Simms-Samuels-Smith-10-7-2023.jpg","type":"image\/jpeg"}],"author":"BlueBlooded","twitter_card":"summary_large_image","twitter_misc":{"Napsal(a)":"BlueBlooded","Odhadovan\u00e1 doba \u010dten\u00ed":"4 minuty"},"schema":{"@context":"https:\/\/schema.org","@graph":[{"@type":"Article","@id":"https:\/\/evertonfc.cz\/index.php\/2023\/07\/10\/simms-predany-samuels-smith-tiez\/#article","isPartOf":{"@id":"https:\/\/evertonfc.cz\/index.php\/2023\/07\/10\/simms-predany-samuels-smith-tiez\/"},"author":{"name":"BlueBlooded","@id":"https:\/\/evertonfc.cz\/#\/schema\/person\/d4493b8cbea51532597fbc4685698916"},"headline":"Simms predan\u00fd, Samuels-Smith tie\u017e","datePublished":"2023-07-10T14:36:39+00:00","dateModified":"2023-07-10T15:13:17+00:00","mainEntityOfPage":{"@id":"https:\/\/evertonfc.cz\/index.php\/2023\/07\/10\/simms-predany-samuels-smith-tiez\/"},"wordCount":945,"commentCount":1,"publisher":{"@id":"https:\/\/evertonfc.cz\/#organization"},"image":{"@id":"https:\/\/evertonfc.cz\/index.php\/2023\/07\/10\/simms-predany-samuels-smith-tiez\/#primaryimage"},"thumbnailUrl":"https:\/\/evertonfc.cz\/wp-content\/uploads\/2023\/07\/Simms-Samuels-Smith-10-7-2023.jpg","articleSection":["P\u0159estupy"],"inLanguage":"cs","potentialAction":[{"@type":"CommentAction","name":"Comment","target":["https:\/\/evertonfc.cz\/index.php\/2023\/07\/10\/simms-predany-samuels-smith-tiez\/#respond"]}]},{"@type":"WebPage","@id":"https:\/\/evertonfc.cz\/index.php\/2023\/07\/10\/simms-predany-samuels-smith-tiez\/","url":"https:\/\/evertonfc.cz\/index.php\/2023\/07\/10\/simms-predany-samuels-smith-tiez\/","name":"Simms predan\u00fd, Samuels-Smith tie\u017e - Official Czech &amp; Slovak Everton Supporters&#039; Club","isPartOf":{"@id":"https:\/\/evertonfc.cz\/#website"},"primaryImageOfPage":{"@id":"https:\/\/evertonfc.cz\/index.php\/2023\/07\/10\/simms-predany-samuels-smith-tiez\/#primaryimage"},"image":{"@id":"https:\/\/evertonfc.cz\/index.php\/2023\/07\/10\/simms-predany-samuels-smith-tiez\/#primaryimage"},"thumbnailUrl":"https:\/\/evertonfc.cz\/wp-content\/uploads\/2023\/07\/Simms-Samuels-Smith-10-7-2023.jpg","datePublished":"2023-07-10T14:36:39+00:00","dateModified":"2023-07-10T15:13:17+00:00","breadcrumb":{"@id":"https:\/\/evertonfc.cz\/index.php\/2023\/07\/10\/simms-predany-samuels-smith-tiez\/#breadcrumb"},"inLanguage":"cs","potentialAction":[{"@type":"ReadAction","target":["https:\/\/evertonfc.cz\/index.php\/2023\/07\/10\/simms-predany-samuels-smith-tiez\/"]}]},{"@type":"ImageObject","inLanguage":"cs","@id":"https:\/\/evertonfc.cz\/index.php\/2023\/07\/10\/simms-predany-samuels-smith-tiez\/#primaryimage","url":"https:\/\/evertonfc.cz\/wp-content\/uploads\/2023\/07\/Simms-Samuels-Smith-10-7-2023.jpg","contentUrl":"https:\/\/evertonfc.cz\/wp-content\/uploads\/2023\/07\/Simms-Samuels-Smith-10-7-2023.jpg","width":720,"height":405},{"@type":"BreadcrumbList","@id":"https:\/\/evertonfc.cz\/index.php\/2023\/07\/10\/simms-predany-samuels-smith-tiez\/#breadcrumb","itemListElement":[{"@type":"ListItem","position":1,"name":"Home","item":"https:\/\/evertonfc.cz\/"},{"@type":"ListItem","position":2,"name":"Simms predan\u00fd, Samuels-Smith tie\u017e"}]},{"@type":"WebSite","@id":"https:\/\/evertonfc.cz\/#website","url":"https:\/\/evertonfc.cz\/","name":"Official Czech &amp; Slovak Everton Supporters&#039; Club","description":"","publisher":{"@id":"https:\/\/evertonfc.cz\/#organization"},"potentialAction":[{"@type":"SearchAction","target":{"@type":"EntryPoint","urlTemplate":"https:\/\/evertonfc.cz\/?s={search_term_string}"},"query-input":{"@type":"PropertyValueSpecification","valueRequired":true,"valueName":"search_term_string"}}],"inLanguage":"cs"},{"@type":"Organization","@id":"https:\/\/evertonfc.cz\/#organization","name":"Official Czech & Slovak Everton Supporters' Club","url":"https:\/\/evertonfc.cz\/","logo":{"@type":"ImageObject","inLanguage":"cs","@id":"https:\/\/evertonfc.cz\/#\/schema\/logo\/image\/","url":"https:\/\/evertonfc.cz\/wp-content\/uploads\/2019\/05\/logo.png","contentUrl":"https:\/\/evertonfc.cz\/wp-content\/uploads\/2019\/05\/logo.png","width":112,"height":112,"caption":"Official Czech & Slovak Everton Supporters' Club"},"image":{"@id":"https:\/\/evertonfc.cz\/#\/schema\/logo\/image\/"},"sameAs":["https:\/\/www.facebook.com\/everton.fans.cz.sk"]},{"@type":"Person","@id":"https:\/\/evertonfc.cz\/#\/schema\/person\/d4493b8cbea51532597fbc4685698916","name":"BlueBlooded","url":"https:\/\/evertonfc.cz\/index.php\/author\/admin\/"}]}},"_links":{"self":[{"href":"https:\/\/evertonfc.cz\/index.php\/wp-json\/wp\/v2\/posts\/21936"}],"collection":[{"href":"https:\/\/evertonfc.cz\/index.php\/wp-json\/wp\/v2\/posts"}],"about":[{"href":"https:\/\/evertonfc.cz\/index.php\/wp-json\/wp\/v2\/types\/post"}],"author":[{"embeddable":true,"href":"https:\/\/evertonfc.cz\/index.php\/wp-json\/wp\/v2\/users\/1"}],"replies":[{"embeddable":true,"href":"https:\/\/evertonfc.cz\/index.php\/wp-json\/wp\/v2\/comments?post=21936"}],"version-history":[{"count":6,"href":"https:\/\/evertonfc.cz\/index.php\/wp-json\/wp\/v2\/posts\/21936\/revisions"}],"predecessor-version":[{"id":21965,"href":"https:\/\/evertonfc.cz\/index.php\/wp-json\/wp\/v2\/posts\/21936\/revisions\/21965"}],"wp:featuredmedia":[{"embeddable":true,"href":"https:\/\/evertonfc.cz\/index.php\/wp-json\/wp\/v2\/media\/21961"}],"wp:attachment":[{"href":"https:\/\/evertonfc.cz\/index.php\/wp-json\/wp\/v2\/media?parent=21936"}],"wp:term":[{"taxonomy":"category","embeddable":true,"href":"https:\/\/evertonfc.cz\/index.php\/wp-json\/wp\/v2\/categories?post=21936"},{"taxonomy":"post_tag","embeddable":true,"href":"https:\/\/evertonfc.cz\/index.php\/wp-json\/wp\/v2\/tags?post=21936"}],"curies":[{"name":"wp","href":"https:\/\/api.w.org\/{rel}","templated":true}]}}