{"id":21941,"date":"2023-07-09T20:53:53","date_gmt":"2023-07-09T18:53:53","guid":{"rendered":"https:\/\/evertonfc.cz\/?p=21941"},"modified":"2023-08-24T15:20:13","modified_gmt":"2023-08-24T13:20:13","slug":"prichazi-martina-piemonte","status":"publish","type":"post","link":"https:\/\/evertonfc.cz\/index.php\/2023\/07\/09\/prichazi-martina-piemonte\/","title":{"rendered":"P\u0159ich\u00e1z\u00ed Martina Piemonte"},"content":{"rendered":"<h4>P\u0159estupov\u00e9 vody se za\u010daly vlnit a na Merseyside vyvrhly prvn\u00ed leto\u0161n\u00ed akvizici do \u0159ad Everton Women: z mil\u00e1nsk\u00e9ho AC dorazila Martina Piemonete.<\/h4>\n<p>25 let\u00e1, 178 cm vysok\u00e1 Martina Piemonte nastupuje nej\u010dast\u011bji na pozici \u010d. 9. Jej\u00ed cesta do Evertonu byla pom\u011brn\u011b k\u0159ivolak\u00e1. Postupn\u011b od roku 2014 vedla z Verony p\u0159es Sevillu, \u0158\u00edm, Real Betis, Fiorentinu a\u017e do AC Milan. V posledn\u00ed destinaci se j\u00ed vedlo asi nejl\u00e9pe, kdy\u017e se ve 28 z\u00e1pasech 14 kr\u00e1t zapsala do listiny st\u0159elky\u0148. Po skon\u010den\u00ed dvoulet\u00e9 smlouvy podlehla l\u00e1k\u00e1n\u00ed na\u0161eho klubu a upsala se mu rovn\u011b\u017e na dva roky. Stala se tak historicky druhou Italkou ve WSL, hned po na\u0161\u00ed Auro\u0159e Galli. Martina je od roku 2014 i na seznamu italsk\u00e9 reprezentace,\u00a0 do kter\u00e9 byla povol\u00e1na zat\u00edm 13 kr\u00e1t. Bohu\u017eel do definitivn\u00edho v\u00fdb\u011bru na leto\u0161n\u00ed mistrovstv\u00ed sv\u011bta se neve\u0161la. Vzdor sv\u00e9mu jm\u00e9nu nepoch\u00e1z\u00ed z Piemontu, ale z kraje Emilia Romagna, konkr\u00e9tn\u011b z Raveny. Toto starobyl\u00e9 m\u011bsto, krom\u011b jin\u00e9ho poslou\u017eilo J.R.R. Tolkienovi jako vzor pro Minas Tirith. V\u011b\u0159me tedy, \u017ee n\u011bco z gondorsk\u00e9 bojovnosti a vytrvalosti p\u0159edvede i v na\u0161em dresu. Benvenuta a bordo, Martina!<\/p>\n<p style=\"text-align: right;\"><span style=\"font-size: 10pt;\"><em>Fotozdroj: gianlucadimarzio.com<\/em><\/span><\/p>\n","protected":false},"excerpt":{"rendered":"<p>P\u0159estupov\u00e9 vody se za\u010daly vlnit a na Merseyside vyvrhly prvn\u00ed leto\u0161n\u00ed akvizici do \u0159ad Everton Women: z mil\u00e1nsk\u00e9ho AC dorazila Martina Piemonete.<\/p>\n","protected":false},"author":26,"featured_media":21943,"comment_status":"open","ping_status":"closed","sticky":false,"template":"","format":"standard","meta":{"_eb_attr":"","_monsterinsights_skip_tracking":false,"_monsterinsights_sitenote_active":false,"_monsterinsights_sitenote_note":"","_monsterinsights_sitenote_category":0,"footnotes":""},"categories":[110],"tags":[],"yoast_head":"<!-- This site is optimized with the Yoast SEO plugin v23.4 - https:\/\/yoast.com\/wordpress\/plugins\/seo\/ -->\n<title>P\u0159ich\u00e1z\u00ed Martina Piemonte - Official Czech &amp; Slovak Everton Supporters&#039; Club<\/title>\n<meta name=\"robots\" content=\"index, follow, max-snippet:-1, max-image-preview:large, max-video-preview:-1\" \/>\n<link rel=\"canonical\" href=\"https:\/\/evertonfc.cz\/index.php\/2023\/07\/09\/prichazi-martina-piemonte\/\" \/>\n<meta property=\"og:locale\" content=\"cs_CZ\" \/>\n<meta property=\"og:type\" content=\"article\" \/>\n<meta property=\"og:title\" content=\"P\u0159ich\u00e1z\u00ed Martina Piemonte - Official Czech &amp; Slovak Everton Supporters&#039; Club\" \/>\n<meta property=\"og:description\" content=\"P\u0159estupov\u00e9 vody se za\u010daly vlnit a na Merseyside vyvrhly prvn\u00ed leto\u0161n\u00ed akvizici do \u0159ad Everton Women: z mil\u00e1nsk\u00e9ho AC dorazila Martina Piemonete.\" \/>\n<meta property=\"og:url\" content=\"https:\/\/evertonfc.cz\/index.php\/2023\/07\/09\/prichazi-martina-piemonte\/\" \/>\n<meta property=\"og:site_name\" content=\"Official Czech &amp; Slovak Everton Supporters&#039; Club\" \/>\n<meta property=\"article:publisher\" content=\"https:\/\/www.facebook.com\/everton.fans.cz.sk\" \/>\n<meta property=\"article:published_time\" content=\"2023-07-09T18:53:53+00:00\" \/>\n<meta property=\"article:modified_time\" content=\"2023-08-24T13:20:13+00:00\" \/>\n<meta property=\"og:image\" content=\"https:\/\/evertonfc.cz\/wp-content\/uploads\/2023\/07\/Martina-Piemonte-web-09_07_23.jpg\" \/>\n\t<meta property=\"og:image:width\" content=\"720\" \/>\n\t<meta property=\"og:image:height\" content=\"405\" \/>\n\t<meta property=\"og:image:type\" content=\"image\/jpeg\" \/>\n<meta name=\"author\" content=\"Karamela\" \/>\n<meta name=\"twitter:card\" content=\"summary_large_image\" \/>\n<meta name=\"twitter:label1\" content=\"Napsal(a)\" \/>\n\t<meta name=\"twitter:data1\" content=\"Karamela\" \/>\n\t<meta name=\"twitter:label2\" content=\"Odhadovan\u00e1 doba \u010dten\u00ed\" \/>\n\t<meta name=\"twitter:data2\" content=\"1 minuta\" \/>\n<script type=\"application\/ld+json\" class=\"yoast-schema-graph\">{\"@context\":\"https:\/\/schema.org\",\"@graph\":[{\"@type\":\"Article\",\"@id\":\"https:\/\/evertonfc.cz\/index.php\/2023\/07\/09\/prichazi-martina-piemonte\/#article\",\"isPartOf\":{\"@id\":\"https:\/\/evertonfc.cz\/index.php\/2023\/07\/09\/prichazi-martina-piemonte\/\"},\"author\":{\"name\":\"Karamela\",\"@id\":\"https:\/\/evertonfc.cz\/#\/schema\/person\/e9a24a80a32efa1344dd2c4e5882185c\"},\"headline\":\"P\u0159ich\u00e1z\u00ed Martina Piemonte\",\"datePublished\":\"2023-07-09T18:53:53+00:00\",\"dateModified\":\"2023-08-24T13:20:13+00:00\",\"mainEntityOfPage\":{\"@id\":\"https:\/\/evertonfc.cz\/index.php\/2023\/07\/09\/prichazi-martina-piemonte\/\"},\"wordCount\":220,\"commentCount\":3,\"publisher\":{\"@id\":\"https:\/\/evertonfc.cz\/#organization\"},\"image\":{\"@id\":\"https:\/\/evertonfc.cz\/index.php\/2023\/07\/09\/prichazi-martina-piemonte\/#primaryimage\"},\"thumbnailUrl\":\"https:\/\/evertonfc.cz\/wp-content\/uploads\/2023\/07\/Martina-Piemonte-web-09_07_23.jpg\",\"articleSection\":[\"Everton Women\"],\"inLanguage\":\"cs\",\"potentialAction\":[{\"@type\":\"CommentAction\",\"name\":\"Comment\",\"target\":[\"https:\/\/evertonfc.cz\/index.php\/2023\/07\/09\/prichazi-martina-piemonte\/#respond\"]}]},{\"@type\":\"WebPage\",\"@id\":\"https:\/\/evertonfc.cz\/index.php\/2023\/07\/09\/prichazi-martina-piemonte\/\",\"url\":\"https:\/\/evertonfc.cz\/index.php\/2023\/07\/09\/prichazi-martina-piemonte\/\",\"name\":\"P\u0159ich\u00e1z\u00ed Martina Piemonte - Official Czech &amp; Slovak Everton Supporters&#039; Club\",\"isPartOf\":{\"@id\":\"https:\/\/evertonfc.cz\/#website\"},\"primaryImageOfPage\":{\"@id\":\"https:\/\/evertonfc.cz\/index.php\/2023\/07\/09\/prichazi-martina-piemonte\/#primaryimage\"},\"image\":{\"@id\":\"https:\/\/evertonfc.cz\/index.php\/2023\/07\/09\/prichazi-martina-piemonte\/#primaryimage\"},\"thumbnailUrl\":\"https:\/\/evertonfc.cz\/wp-content\/uploads\/2023\/07\/Martina-Piemonte-web-09_07_23.jpg\",\"datePublished\":\"2023-07-09T18:53:53+00:00\",\"dateModified\":\"2023-08-24T13:20:13+00:00\",\"breadcrumb\":{\"@id\":\"https:\/\/evertonfc.cz\/index.php\/2023\/07\/09\/prichazi-martina-piemonte\/#breadcrumb\"},\"inLanguage\":\"cs\",\"potentialAction\":[{\"@type\":\"ReadAction\",\"target\":[\"https:\/\/evertonfc.cz\/index.php\/2023\/07\/09\/prichazi-martina-piemonte\/\"]}]},{\"@type\":\"ImageObject\",\"inLanguage\":\"cs\",\"@id\":\"https:\/\/evertonfc.cz\/index.php\/2023\/07\/09\/prichazi-martina-piemonte\/#primaryimage\",\"url\":\"https:\/\/evertonfc.cz\/wp-content\/uploads\/2023\/07\/Martina-Piemonte-web-09_07_23.jpg\",\"contentUrl\":\"https:\/\/evertonfc.cz\/wp-content\/uploads\/2023\/07\/Martina-Piemonte-web-09_07_23.jpg\",\"width\":720,\"height\":405},{\"@type\":\"BreadcrumbList\",\"@id\":\"https:\/\/evertonfc.cz\/index.php\/2023\/07\/09\/prichazi-martina-piemonte\/#breadcrumb\",\"itemListElement\":[{\"@type\":\"ListItem\",\"position\":1,\"name\":\"Home\",\"item\":\"https:\/\/evertonfc.cz\/\"},{\"@type\":\"ListItem\",\"position\":2,\"name\":\"P\u0159ich\u00e1z\u00ed Martina Piemonte\"}]},{\"@type\":\"WebSite\",\"@id\":\"https:\/\/evertonfc.cz\/#website\",\"url\":\"https:\/\/evertonfc.cz\/\",\"name\":\"Official Czech &amp; Slovak Everton Supporters&#039; Club\",\"description\":\"\",\"publisher\":{\"@id\":\"https:\/\/evertonfc.cz\/#organization\"},\"potentialAction\":[{\"@type\":\"SearchAction\",\"target\":{\"@type\":\"EntryPoint\",\"urlTemplate\":\"https:\/\/evertonfc.cz\/?s={search_term_string}\"},\"query-input\":{\"@type\":\"PropertyValueSpecification\",\"valueRequired\":true,\"valueName\":\"search_term_string\"}}],\"inLanguage\":\"cs\"},{\"@type\":\"Organization\",\"@id\":\"https:\/\/evertonfc.cz\/#organization\",\"name\":\"Official Czech & Slovak Everton Supporters' Club\",\"url\":\"https:\/\/evertonfc.cz\/\",\"logo\":{\"@type\":\"ImageObject\",\"inLanguage\":\"cs\",\"@id\":\"https:\/\/evertonfc.cz\/#\/schema\/logo\/image\/\",\"url\":\"https:\/\/evertonfc.cz\/wp-content\/uploads\/2019\/05\/logo.png\",\"contentUrl\":\"https:\/\/evertonfc.cz\/wp-content\/uploads\/2019\/05\/logo.png\",\"width\":112,\"height\":112,\"caption\":\"Official Czech & Slovak Everton Supporters' Club\"},\"image\":{\"@id\":\"https:\/\/evertonfc.cz\/#\/schema\/logo\/image\/\"},\"sameAs\":[\"https:\/\/www.facebook.com\/everton.fans.cz.sk\"]},{\"@type\":\"Person\",\"@id\":\"https:\/\/evertonfc.cz\/#\/schema\/person\/e9a24a80a32efa1344dd2c4e5882185c\",\"name\":\"Karamela\",\"url\":\"https:\/\/evertonfc.cz\/index.php\/author\/karamela\/\"}]}<\/script>\n<!-- \/ Yoast SEO plugin. -->","yoast_head_json":{"title":"P\u0159ich\u00e1z\u00ed Martina Piemonte - Official Czech &amp; Slovak Everton Supporters&#039; Club","robots":{"index":"index","follow":"follow","max-snippet":"max-snippet:-1","max-image-preview":"max-image-preview:large","max-video-preview":"max-video-preview:-1"},"canonical":"https:\/\/evertonfc.cz\/index.php\/2023\/07\/09\/prichazi-martina-piemonte\/","og_locale":"cs_CZ","og_type":"article","og_title":"P\u0159ich\u00e1z\u00ed Martina Piemonte - Official Czech &amp; Slovak Everton Supporters&#039; Club","og_description":"P\u0159estupov\u00e9 vody se za\u010daly vlnit a na Merseyside vyvrhly prvn\u00ed leto\u0161n\u00ed akvizici do \u0159ad Everton Women: z mil\u00e1nsk\u00e9ho AC dorazila Martina Piemonete.","og_url":"https:\/\/evertonfc.cz\/index.php\/2023\/07\/09\/prichazi-martina-piemonte\/","og_site_name":"Official Czech &amp; Slovak Everton Supporters&#039; Club","article_publisher":"https:\/\/www.facebook.com\/everton.fans.cz.sk","article_published_time":"2023-07-09T18:53:53+00:00","article_modified_time":"2023-08-24T13:20:13+00:00","og_image":[{"width":720,"height":405,"url":"https:\/\/evertonfc.cz\/wp-content\/uploads\/2023\/07\/Martina-Piemonte-web-09_07_23.jpg","type":"image\/jpeg"}],"author":"Karamela","twitter_card":"summary_large_image","twitter_misc":{"Napsal(a)":"Karamela","Odhadovan\u00e1 doba \u010dten\u00ed":"1 minuta"},"schema":{"@context":"https:\/\/schema.org","@graph":[{"@type":"Article","@id":"https:\/\/evertonfc.cz\/index.php\/2023\/07\/09\/prichazi-martina-piemonte\/#article","isPartOf":{"@id":"https:\/\/evertonfc.cz\/index.php\/2023\/07\/09\/prichazi-martina-piemonte\/"},"author":{"name":"Karamela","@id":"https:\/\/evertonfc.cz\/#\/schema\/person\/e9a24a80a32efa1344dd2c4e5882185c"},"headline":"P\u0159ich\u00e1z\u00ed Martina Piemonte","datePublished":"2023-07-09T18:53:53+00:00","dateModified":"2023-08-24T13:20:13+00:00","mainEntityOfPage":{"@id":"https:\/\/evertonfc.cz\/index.php\/2023\/07\/09\/prichazi-martina-piemonte\/"},"wordCount":220,"commentCount":3,"publisher":{"@id":"https:\/\/evertonfc.cz\/#organization"},"image":{"@id":"https:\/\/evertonfc.cz\/index.php\/2023\/07\/09\/prichazi-martina-piemonte\/#primaryimage"},"thumbnailUrl":"https:\/\/evertonfc.cz\/wp-content\/uploads\/2023\/07\/Martina-Piemonte-web-09_07_23.jpg","articleSection":["Everton Women"],"inLanguage":"cs","potentialAction":[{"@type":"CommentAction","name":"Comment","target":["https:\/\/evertonfc.cz\/index.php\/2023\/07\/09\/prichazi-martina-piemonte\/#respond"]}]},{"@type":"WebPage","@id":"https:\/\/evertonfc.cz\/index.php\/2023\/07\/09\/prichazi-martina-piemonte\/","url":"https:\/\/evertonfc.cz\/index.php\/2023\/07\/09\/prichazi-martina-piemonte\/","name":"P\u0159ich\u00e1z\u00ed Martina Piemonte - Official Czech &amp; Slovak Everton Supporters&#039; Club","isPartOf":{"@id":"https:\/\/evertonfc.cz\/#website"},"primaryImageOfPage":{"@id":"https:\/\/evertonfc.cz\/index.php\/2023\/07\/09\/prichazi-martina-piemonte\/#primaryimage"},"image":{"@id":"https:\/\/evertonfc.cz\/index.php\/2023\/07\/09\/prichazi-martina-piemonte\/#primaryimage"},"thumbnailUrl":"https:\/\/evertonfc.cz\/wp-content\/uploads\/2023\/07\/Martina-Piemonte-web-09_07_23.jpg","datePublished":"2023-07-09T18:53:53+00:00","dateModified":"2023-08-24T13:20:13+00:00","breadcrumb":{"@id":"https:\/\/evertonfc.cz\/index.php\/2023\/07\/09\/prichazi-martina-piemonte\/#breadcrumb"},"inLanguage":"cs","potentialAction":[{"@type":"ReadAction","target":["https:\/\/evertonfc.cz\/index.php\/2023\/07\/09\/prichazi-martina-piemonte\/"]}]},{"@type":"ImageObject","inLanguage":"cs","@id":"https:\/\/evertonfc.cz\/index.php\/2023\/07\/09\/prichazi-martina-piemonte\/#primaryimage","url":"https:\/\/evertonfc.cz\/wp-content\/uploads\/2023\/07\/Martina-Piemonte-web-09_07_23.jpg","contentUrl":"https:\/\/evertonfc.cz\/wp-content\/uploads\/2023\/07\/Martina-Piemonte-web-09_07_23.jpg","width":720,"height":405},{"@type":"BreadcrumbList","@id":"https:\/\/evertonfc.cz\/index.php\/2023\/07\/09\/prichazi-martina-piemonte\/#breadcrumb","itemListElement":[{"@type":"ListItem","position":1,"name":"Home","item":"https:\/\/evertonfc.cz\/"},{"@type":"ListItem","position":2,"name":"P\u0159ich\u00e1z\u00ed Martina Piemonte"}]},{"@type":"WebSite","@id":"https:\/\/evertonfc.cz\/#website","url":"https:\/\/evertonfc.cz\/","name":"Official Czech &amp; Slovak Everton Supporters&#039; Club","description":"","publisher":{"@id":"https:\/\/evertonfc.cz\/#organization"},"potentialAction":[{"@type":"SearchAction","target":{"@type":"EntryPoint","urlTemplate":"https:\/\/evertonfc.cz\/?s={search_term_string}"},"query-input":{"@type":"PropertyValueSpecification","valueRequired":true,"valueName":"search_term_string"}}],"inLanguage":"cs"},{"@type":"Organization","@id":"https:\/\/evertonfc.cz\/#organization","name":"Official Czech & Slovak Everton Supporters' Club","url":"https:\/\/evertonfc.cz\/","logo":{"@type":"ImageObject","inLanguage":"cs","@id":"https:\/\/evertonfc.cz\/#\/schema\/logo\/image\/","url":"https:\/\/evertonfc.cz\/wp-content\/uploads\/2019\/05\/logo.png","contentUrl":"https:\/\/evertonfc.cz\/wp-content\/uploads\/2019\/05\/logo.png","width":112,"height":112,"caption":"Official Czech & Slovak Everton Supporters' Club"},"image":{"@id":"https:\/\/evertonfc.cz\/#\/schema\/logo\/image\/"},"sameAs":["https:\/\/www.facebook.com\/everton.fans.cz.sk"]},{"@type":"Person","@id":"https:\/\/evertonfc.cz\/#\/schema\/person\/e9a24a80a32efa1344dd2c4e5882185c","name":"Karamela","url":"https:\/\/evertonfc.cz\/index.php\/author\/karamela\/"}]}},"_links":{"self":[{"href":"https:\/\/evertonfc.cz\/index.php\/wp-json\/wp\/v2\/posts\/21941"}],"collection":[{"href":"https:\/\/evertonfc.cz\/index.php\/wp-json\/wp\/v2\/posts"}],"about":[{"href":"https:\/\/evertonfc.cz\/index.php\/wp-json\/wp\/v2\/types\/post"}],"author":[{"embeddable":true,"href":"https:\/\/evertonfc.cz\/index.php\/wp-json\/wp\/v2\/users\/26"}],"replies":[{"embeddable":true,"href":"https:\/\/evertonfc.cz\/index.php\/wp-json\/wp\/v2\/comments?post=21941"}],"version-history":[{"count":2,"href":"https:\/\/evertonfc.cz\/index.php\/wp-json\/wp\/v2\/posts\/21941\/revisions"}],"predecessor-version":[{"id":21944,"href":"https:\/\/evertonfc.cz\/index.php\/wp-json\/wp\/v2\/posts\/21941\/revisions\/21944"}],"wp:featuredmedia":[{"embeddable":true,"href":"https:\/\/evertonfc.cz\/index.php\/wp-json\/wp\/v2\/media\/21943"}],"wp:attachment":[{"href":"https:\/\/evertonfc.cz\/index.php\/wp-json\/wp\/v2\/media?parent=21941"}],"wp:term":[{"taxonomy":"category","embeddable":true,"href":"https:\/\/evertonfc.cz\/index.php\/wp-json\/wp\/v2\/categories?post=21941"},{"taxonomy":"post_tag","embeddable":true,"href":"https:\/\/evertonfc.cz\/index.php\/wp-json\/wp\/v2\/tags?post=21941"}],"curies":[{"name":"wp","href":"https:\/\/api.w.org\/{rel}","templated":true}]}}