{"id":21989,"date":"2023-07-14T15:23:11","date_gmt":"2023-07-14T13:23:11","guid":{"rendered":"https:\/\/evertonfc.cz\/?p=21989"},"modified":"2023-07-14T15:23:11","modified_gmt":"2023-07-14T13:23:11","slug":"evertonu-sa-prvy-upisal-young","status":"publish","type":"post","link":"https:\/\/evertonfc.cz\/index.php\/2023\/07\/14\/evertonu-sa-prvy-upisal-young\/","title":{"rendered":"Evertonu sa prv\u00fd up\u00edsal Young"},"content":{"rendered":"<h4>Prv\u00e1 posila po takmer roku prich\u00e1dza ako vo\u013en\u00fd hr\u00e1\u010d. B\u00fdval\u00fd hr\u00e1\u010d Aston Villy, Interu Mil\u00e1no a\u00a0hlavne Manchesteru United m\u00e1 u\u017e 38 rokov. Ale vraj je to len \u010d\u00edslo.<\/h4>\n<p>Cel\u00fdm menom Ashley Simon Young prich\u00e1dza do Goodison Parku po podpise ro\u010dnej zmluvy, ktor\u00e1 by mala obsahova\u0165 aj opciu na \u010fal\u0161\u00edch 12 mesiacov. S\u00a0b\u00fdval\u00fdm zamestn\u00e1vate\u013eom vo Villa Parku sa na pokra\u010dovan\u00ed nedohodli a\u00a0tak b\u00fdval\u00fd, 39-n\u00e1sobn\u00fd reprezentant Albionu h\u013eadal in\u00e9 v\u00fdzvy, a\u00a0\u00fadajne odmietol aj lukrat\u00edvnej\u0161ie ponuky v\u00a0zahrani\u010d\u00ed. V\u00a0utorok absolvoval lek\u00e1rsku prehliadku a\u00a0u\u017e je\u00a0s t\u00edmom vo \u0160vaj\u010diarsku.<\/p>\n<h4 style=\"text-align: center;\"><strong>Ashley Young po podpise zmluvy:<\/strong><\/h4>\n<blockquote><p><span style=\"font-size: 12pt;\"><em>\u201eMana\u017e\u00e9r bol pri mojom podpise d\u00f4le\u017eit\u00fd. Pozn\u00e1m ho a viem, ak\u00e1 je jeho v\u00e1\u0161e\u0148 a t\u00fa\u017eba. Jeho poctivos\u0165, v\u00f4\u013ea tvrdo pracova\u0165 a jeho hlad po hre je dobre zn\u00e1my. Viem, \u017ee veci sa pre Everton v posledn\u00fdch sez\u00f3nach nevyv\u00edjali pr\u00edli\u0161 dobre. Ale amb\u00edcie mana\u017e\u00e9ra, hovori\u0165 s n\u00edm a po\u010du\u0165, \u010do chce urobi\u0165, aby klub zmenil, boli k\u013e\u00fa\u010dov\u00fdm faktorom m\u00f4jho rozhodnutia. <\/em><em>Druh\u00fd je ve\u013ekos\u0165 Evertonu. Je to obrovsk\u00fd klub a fan\u00fa\u0161ikovsk\u00e1 z\u00e1klad\u0148a je jedna z najlep\u0161\u00edch. Ma\u0165 ich za sebou je fantastick\u00e1 pr\u00edle\u017eitos\u0165. Som r\u00e1d, \u017ee som dostal pr\u00edle\u017eitos\u0165 by\u0165 tu a chcem za\u010da\u0165 hne\u010f teraz.\u201c<\/em><\/span><\/p><\/blockquote>\n<p>Klub z Merseyside h\u013eadal lep\u0161ie pokrytie v radoch krajn\u00fdch obrancov a m\u00e1 obmedzen\u00fd rozpo\u010det, tak\u017ee sk\u00fasen\u00fd Ashley, ktor\u00e9ho Dyche pozn\u00e1 e\u0161te zo spolo\u010dn\u00fdch \u010dias vo Watforde, sa jav\u00ed ako rozumn\u00e1 vo\u013eba. Minul\u00fa sez\u00f3nu v Aston Ville nastupoval pravidelne na poz\u00edcii prav\u00e9ho a ob\u010das aj \u013eav\u00e9ho beka, nako\u013eko je obojnoh\u00fd.<\/p>\n<p>Po\u010das svojich 20 rokov profesion\u00e1lnej kari\u00e9ry hral odchovanec Watfordu pod mno\u017estvom uzn\u00e1van\u00fdch mana\u017e\u00e9rov vr\u00e1tane Sira Alexa Fergusona, Louisa van Gaala, Jos\u00e9ho Mourinha a Antonia Conteho. Po tom, \u010do bol spo\u010diatku \u0161ikovn\u00fdm \u013eav\u00fdm kr\u00eddeln\u00edkom v za\u010diatkoch kari\u00e9ry, je teraz Young spo\u013eahliv\u00fd krajn\u00fd obranca. V skuto\u010dnosti sa v\u0161ak po\u010das svojej kari\u00e9ry objavil aspo\u0148 raz na ka\u017edej jednej poz\u00edcii v poli.<\/p>\n<h4 style=\"text-align: center;\"><strong>Ashley Young o\u00a0\u00falohe v t\u00edme:<\/strong><\/h4>\n<blockquote><p><span style=\"font-size: 12pt;\"><em>\u201eMysl\u00edm si, \u017ee je ve\u013ea kval\u00edt, ktor\u00e9 m\u00f4\u017eem t\u00edmu prinies\u0165. A preto sa ma klub sna\u017eil podp\u00edsa\u0165. V\u0161ade, kde ma mana\u017e\u00e9r potrebuje, viem, \u017ee m\u00f4\u017eem \u00eds\u0165 a odvies\u0165 pr\u00e1cu na vysokej \u00farovni. V\u017edy som tvrdil, \u017ee vek je pre m\u0148a len \u010d\u00edslo. C\u00edtim sa tak fit ako nikdy predt\u00fdm \u2013 dokonca ako ke\u010f som bol mlad\u0161\u00ed. Kedyko\u013evek ma mana\u017e\u00e9r zavol\u00e1, budem fit a pripraven\u00fd \u00eds\u0165. D\u00fafam, \u017ee svoje sk\u00fasenosti z\u00faro\u010d\u00edm aj v t\u00edme. Pokia\u013e ide o m\u0148a, \u201avidel som a\u00a0zv\u00ed\u0165azil\u2018. A ak m\u00f4\u017eem t\u00fdm pom\u00f4c\u0165 mlad\u0161iemu hr\u00e1\u010dovi, bude to fantastick\u00e9.\u201c<\/em><\/span><\/p><\/blockquote>\n<p>V s\u00fa\u010dasnosti s\u00fa Coleman aj Mykolenko (jedin\u00fd \u013eav\u00fd bek v A-t\u00edme) indisponovan\u00ed kv\u00f4li dolie\u010duj\u00facim sa zraneniam. Obaja menovan\u00fd ani necestovali s mu\u017estvom. \u010ci\u017ee je ve\u013emi pravdepodobn\u00e9, \u017ee Younga uvid\u00edme u\u017e dnes podve\u010der o 18:00 v prvom pr\u00edpravnom z\u00e1pase proti Stade Nyonnais. Rod\u00e1k zo Stevenage bude nosi\u0165 \u010d\u00edslo 18. Pred n\u00edm ho mal na drese napr\u00edklad Wayne Rooney, Paul Gascoigne, Phil Neville \u010di Gareth Barry.<\/p>\n<h4 style=\"text-align: center;\"><strong>Sean Dyche o\u00a0novej posile:<\/strong><\/h4>\n<blockquote><p><span style=\"font-size: 12pt;\"><em>\u201eAshley je \u0161pi\u010dkov\u00fd profesion\u00e1l, ktor\u00e9ho t\u00edmov\u00e9 a osobn\u00e9 \u00faspechy po\u010das kari\u00e9ry z neho robia vynikaj\u00faci doplnok n\u00e1\u0161ho t\u00edmu. Ashleyho pozn\u00e1m mnoho rokov. Bol som jeho kapit\u00e1nom, ke\u010f prv\u00fdkr\u00e1t prerazil vo Watforde, a jeho kvality na ihrisku aj mimo neho sa uk\u00e1\u017eu ako cenn\u00e9. Jeho p\u00f4sobiv\u00e9 \u0161tatistiky z minulej sez\u00f3ny, ktor\u00e9 patrili medzi jedny z najlep\u0161\u00edch v Eur\u00f3pe, zd\u00f4raz\u0148uj\u00fa, \u010do m\u00f4\u017ee Evertonu prinies\u0165.\u201c<\/em><\/span><\/p><\/blockquote>\n<p>Naozaj, \u010d\u00edsla hovoria za seba. Young odohral 422 z\u00e1pasov v Premier League a so 71 asistenciami mu patr\u00ed 15. miesto v celkovom rebr\u00ed\u010dku asistenci\u00ed. Ke\u010f t\u00edm Unaia Emeryho v minulej sez\u00f3ne skon\u010dil siedmy, Ashley bol stavebn\u00fdm kame\u0148om Aston Villy. Odohral 29 ligov\u00fdch z\u00e1pasov, z toho 23-kr\u00e1t v z\u00e1kladmej zostave. Jeho 75,5% \u00faspe\u0161nos\u0165 obrann\u00fdch z\u00e1krokov ho zaradila medzi tri percent\u00e1 hr\u00e1\u010dov na jeho poz\u00edcii s najvy\u0161\u0161\u00edm umiestnen\u00edm v tejto \u0161tatistike v piatich najlep\u0161\u00edch eur\u00f3pskych lig\u00e1ch. Obranca tie\u017e figuroval v top 11 percent\u00e1ch hr\u00e1\u010dov za zblokovan\u00e9 strely a v top 14 percent za odkopy l\u00f4pt.<\/p>\n<h4 style=\"text-align: center;\"><strong>Kevin Thelwell, \u0161portov\u00fd riadite\u013e:<\/strong><\/h4>\n<blockquote><p><span style=\"font-size: 12pt;\"><em>\u201eSme radi, \u017ee m\u00f4\u017eeme podp\u00edsa\u0165 hr\u00e1\u010da s Ashleyho kvalitou. Jeho zoznam trofej\u00ed a \u00faspechov ukazuje, \u017ee sme priniesli osved\u010den\u00e9ho v\u00ed\u0165aza a l\u00eddra. Vo futbale si ho ve\u013emi v\u00e1\u017eia ako \u010dloveka a ako hr\u00e1\u010da za jeho dlhoro\u010dn\u00e9 v\u00fdkony, medzi ktor\u00e9 patr\u00ed aj vynikaj\u00faci ro\u010dn\u00edk 2022\/23 s Aston Villou v minulej sez\u00f3ne. To pod\u010diarkuje, pre\u010do posiln\u00ed n\u00e1\u0161 k\u00e1der.\u201c<\/em><\/span><\/p><\/blockquote>\n<h4 style=\"text-align: left;\"><strong>Kari\u00e9ra Younga v\u00a0skratke<\/strong><\/h4>\n<p>Hr\u00e1\u010d za\u010dal svoju kari\u00e9ru vo Watforde, ke\u010f sa pripojil k ich akad\u00e9mii vo veku 10 rokov. Svoj seniorsk\u00fd debut pod veden\u00edm Raya Lewingtona absolvoval v septembri 2003, ke\u010f sk\u00f3roval ako n\u00e1hradn\u00edk proti Millwallu a pokra\u010doval v rovnakom t\u00edme The Hornets ako e\u0161te vtedy st\u00e1le hr\u00e1\u010d a\u00a0kapit\u00e1n Sean Dyche.<\/p>\n<p>Pod veden\u00edm Aidyho Boothroyda v sez\u00f3ne 2005\/06 Young nast\u00fapil do 41 ligov\u00fdch z\u00e1pasov, sk\u00f3roval 15-kr\u00e1t. A to vr\u00e1tane g\u00f3lu v semifin\u00e1le play-off proti Crystal Palace, ke\u010f sa Watford dostal do fin\u00e1le play-off. Nakoniec porazili Leeds United 3:0 na z\u00e1pasy a z\u00edskali postup do Premier League.<\/p>\n<p>Young odohral 98 z\u00e1pasov za Watford a potom v janu\u00e1ri 2007 prest\u00fapil do Aston Villy. V auguste toho ist\u00e9ho roku si Steve McClaren po prv\u00fdkr\u00e1t vybral Younga do anglickej reprezent\u00e1cie. Debutoval v\u00a0nej ale a\u017e v\u00a0novembri, ako striedaj\u00faci po pol\u010dase v pr\u00edpravnom z\u00e1pase proti Rak\u00fasku.<\/p>\n<p>V sez\u00f3ne 2007\/08 skon\u010dil Young so 17 asistenciami v Premier League na druhom mieste za Cescom Fabregasom a bol zaraden\u00fd do t\u00edmu roka PFA. Young pokra\u010doval v ohromovan\u00ed aj po\u010das nasleduj\u00facej kampane, ke\u010f sa stal prv\u00fdm hr\u00e1\u010dom, ktor\u00fd v tom istom roku vyhral tri ocenenia Premier League Player of the Month. V sez\u00f3ne 2008\/09 sa op\u00e4\u0165 objavil v t\u00edme roka PFA Premier League.<\/p>\n<p>Po 157 z\u00e1pasoch za klub z Midlands sa Young v j\u00fani 2011 up\u00edsal ligov\u00e9mu majstrovi Manchestru United. V Lige majstrov debutoval v septembri 2011, ke\u010f strelil g\u00f3l hlavou v 90. min\u00fate a pomohol United remizova\u0165 proti Bazileju 3:3. Nast\u00fapil vo v\u0161etk\u00fdch \u0161tyroch z\u00e1pasoch Anglicka na majstrovstv\u00e1ch Eur\u00f3py v lete 2012, ktor\u00e9 sa skon\u010dili \u0161tvr\u0165fin\u00e1lovou prehrou s Talianskom na penalty.<\/p>\n<p>V sez\u00f3ne 2014\/15 mana\u017e\u00e9r United van Gaal experimentoval s Youngom ako kr\u00eddeln\u00fdm obrancom v Holan\u010fanovom ob\u013e\u00fabenom syst\u00e9me 3-5-2. \u010ealej hral za United ako prav\u00fd a \u013eav\u00fd obranca. V apr\u00edli 2017 bol Young po prv\u00fd raz kapit\u00e1nom \u010cerven\u00fdch diablov, ke\u010f jeho t\u00edm triumfoval v\u00ed\u0165azstvom 2:0 nad Chelsea. Nesk\u00f4r bol v auguste 2019 vymenovan\u00fd za kapit\u00e1na klubu.<\/p>\n<p>Young bol menovan\u00fd aj do 23-\u010dlenn\u00e9ho k\u00e1dra Garetha Southgatea na Majstrovstv\u00e1 sveta 2018. Tam hral ako prv\u00fd \u013eav\u00fd obranca Anglicka a pomohol Trom levom dosta\u0165 sa do semifin\u00e1le spolu s Jordanom Pickfordom. Po 192 z\u00e1pasoch za Manchester United sa Young v janu\u00e1ri 2020 up\u00edsal Conteho Interu Mil\u00e1no na zvy\u0161ok sez\u00f3ny 2019\/20, \u010do zah\u0155\u0148alo aj opciu na pred\u013a\u017eenie o \u010fal\u0161\u00ed rok.<\/p>\n<p>Po dosiahnut\u00ed fin\u00e1le Eur\u00f3pskej ligy vo svojej prvej kampani na apeninskom polostrove zostal Ashley na druh\u00fa sez\u00f3nu, a Inter vyhral Serie A 2020\/21. Prv\u00fd titul pre klub po viac ako 10 rokoch. V j\u00fani 2021 sa Young vr\u00e1til do Aston Villy, kde str\u00e1vil \u010fal\u0161ie dve sez\u00f3ny a odohral 53 z\u00e1pasov Premier League.<\/p>\n<p style=\"text-align: right;\"><span style=\"font-size: 8pt;\">(fotozdroj: Sky Sports)<\/span><\/p>\n","protected":false},"excerpt":{"rendered":"<p>Prv\u00e1 posila po takmer roku prich\u00e1dza ako vo\u013en\u00fd hr\u00e1\u010d. B\u00fdval\u00fd hr\u00e1\u010d Aston Villy, Interu Mil\u00e1no a\u00a0hlavne Manchesteru United m\u00e1 u\u017e 38 rokov. Ale vraj je to len \u010d\u00edslo.<\/p>\n","protected":false},"author":1,"featured_media":21990,"comment_status":"open","ping_status":"closed","sticky":false,"template":"","format":"standard","meta":{"_eb_attr":"","_monsterinsights_skip_tracking":false,"_monsterinsights_sitenote_active":false,"_monsterinsights_sitenote_note":"","_monsterinsights_sitenote_category":0,"footnotes":""},"categories":[41],"tags":[],"yoast_head":"<!-- This site is optimized with the Yoast SEO plugin v23.4 - https:\/\/yoast.com\/wordpress\/plugins\/seo\/ -->\n<title>Evertonu sa prv\u00fd up\u00edsal Young - Official Czech &amp; Slovak Everton Supporters&#039; Club<\/title>\n<meta name=\"robots\" content=\"index, follow, max-snippet:-1, max-image-preview:large, max-video-preview:-1\" \/>\n<link rel=\"canonical\" href=\"https:\/\/evertonfc.cz\/index.php\/2023\/07\/14\/evertonu-sa-prvy-upisal-young\/\" \/>\n<meta property=\"og:locale\" content=\"cs_CZ\" \/>\n<meta property=\"og:type\" content=\"article\" \/>\n<meta property=\"og:title\" content=\"Evertonu sa prv\u00fd up\u00edsal Young - Official Czech &amp; Slovak Everton Supporters&#039; Club\" \/>\n<meta property=\"og:description\" content=\"Prv\u00e1 posila po takmer roku prich\u00e1dza ako vo\u013en\u00fd hr\u00e1\u010d. B\u00fdval\u00fd hr\u00e1\u010d Aston Villy, Interu Mil\u00e1no a\u00a0hlavne Manchesteru United m\u00e1 u\u017e 38 rokov. Ale vraj je to len \u010d\u00edslo.\" \/>\n<meta property=\"og:url\" content=\"https:\/\/evertonfc.cz\/index.php\/2023\/07\/14\/evertonu-sa-prvy-upisal-young\/\" \/>\n<meta property=\"og:site_name\" content=\"Official Czech &amp; Slovak Everton Supporters&#039; Club\" \/>\n<meta property=\"article:publisher\" content=\"https:\/\/www.facebook.com\/everton.fans.cz.sk\" \/>\n<meta property=\"article:published_time\" content=\"2023-07-14T13:23:11+00:00\" \/>\n<meta property=\"og:image\" content=\"https:\/\/evertonfc.cz\/wp-content\/uploads\/2023\/07\/skysports-ashley-young-everton-13-7-2023.jpg\" \/>\n\t<meta property=\"og:image:width\" content=\"720\" \/>\n\t<meta property=\"og:image:height\" content=\"405\" \/>\n\t<meta property=\"og:image:type\" content=\"image\/jpeg\" \/>\n<meta name=\"author\" content=\"BlueBlooded\" \/>\n<meta name=\"twitter:card\" content=\"summary_large_image\" \/>\n<meta name=\"twitter:label1\" content=\"Napsal(a)\" \/>\n\t<meta name=\"twitter:data1\" content=\"BlueBlooded\" \/>\n\t<meta name=\"twitter:label2\" content=\"Odhadovan\u00e1 doba \u010dten\u00ed\" \/>\n\t<meta name=\"twitter:data2\" content=\"5 minut\" \/>\n<script type=\"application\/ld+json\" class=\"yoast-schema-graph\">{\"@context\":\"https:\/\/schema.org\",\"@graph\":[{\"@type\":\"Article\",\"@id\":\"https:\/\/evertonfc.cz\/index.php\/2023\/07\/14\/evertonu-sa-prvy-upisal-young\/#article\",\"isPartOf\":{\"@id\":\"https:\/\/evertonfc.cz\/index.php\/2023\/07\/14\/evertonu-sa-prvy-upisal-young\/\"},\"author\":{\"name\":\"BlueBlooded\",\"@id\":\"https:\/\/evertonfc.cz\/#\/schema\/person\/d4493b8cbea51532597fbc4685698916\"},\"headline\":\"Evertonu sa prv\u00fd up\u00edsal Young\",\"datePublished\":\"2023-07-14T13:23:11+00:00\",\"dateModified\":\"2023-07-14T13:23:11+00:00\",\"mainEntityOfPage\":{\"@id\":\"https:\/\/evertonfc.cz\/index.php\/2023\/07\/14\/evertonu-sa-prvy-upisal-young\/\"},\"wordCount\":1379,\"commentCount\":1,\"publisher\":{\"@id\":\"https:\/\/evertonfc.cz\/#organization\"},\"image\":{\"@id\":\"https:\/\/evertonfc.cz\/index.php\/2023\/07\/14\/evertonu-sa-prvy-upisal-young\/#primaryimage\"},\"thumbnailUrl\":\"https:\/\/evertonfc.cz\/wp-content\/uploads\/2023\/07\/skysports-ashley-young-everton-13-7-2023.jpg\",\"articleSection\":[\"P\u0159estupy\"],\"inLanguage\":\"cs\",\"potentialAction\":[{\"@type\":\"CommentAction\",\"name\":\"Comment\",\"target\":[\"https:\/\/evertonfc.cz\/index.php\/2023\/07\/14\/evertonu-sa-prvy-upisal-young\/#respond\"]}]},{\"@type\":\"WebPage\",\"@id\":\"https:\/\/evertonfc.cz\/index.php\/2023\/07\/14\/evertonu-sa-prvy-upisal-young\/\",\"url\":\"https:\/\/evertonfc.cz\/index.php\/2023\/07\/14\/evertonu-sa-prvy-upisal-young\/\",\"name\":\"Evertonu sa prv\u00fd up\u00edsal Young - Official Czech &amp; Slovak Everton Supporters&#039; Club\",\"isPartOf\":{\"@id\":\"https:\/\/evertonfc.cz\/#website\"},\"primaryImageOfPage\":{\"@id\":\"https:\/\/evertonfc.cz\/index.php\/2023\/07\/14\/evertonu-sa-prvy-upisal-young\/#primaryimage\"},\"image\":{\"@id\":\"https:\/\/evertonfc.cz\/index.php\/2023\/07\/14\/evertonu-sa-prvy-upisal-young\/#primaryimage\"},\"thumbnailUrl\":\"https:\/\/evertonfc.cz\/wp-content\/uploads\/2023\/07\/skysports-ashley-young-everton-13-7-2023.jpg\",\"datePublished\":\"2023-07-14T13:23:11+00:00\",\"dateModified\":\"2023-07-14T13:23:11+00:00\",\"breadcrumb\":{\"@id\":\"https:\/\/evertonfc.cz\/index.php\/2023\/07\/14\/evertonu-sa-prvy-upisal-young\/#breadcrumb\"},\"inLanguage\":\"cs\",\"potentialAction\":[{\"@type\":\"ReadAction\",\"target\":[\"https:\/\/evertonfc.cz\/index.php\/2023\/07\/14\/evertonu-sa-prvy-upisal-young\/\"]}]},{\"@type\":\"ImageObject\",\"inLanguage\":\"cs\",\"@id\":\"https:\/\/evertonfc.cz\/index.php\/2023\/07\/14\/evertonu-sa-prvy-upisal-young\/#primaryimage\",\"url\":\"https:\/\/evertonfc.cz\/wp-content\/uploads\/2023\/07\/skysports-ashley-young-everton-13-7-2023.jpg\",\"contentUrl\":\"https:\/\/evertonfc.cz\/wp-content\/uploads\/2023\/07\/skysports-ashley-young-everton-13-7-2023.jpg\",\"width\":720,\"height\":405},{\"@type\":\"BreadcrumbList\",\"@id\":\"https:\/\/evertonfc.cz\/index.php\/2023\/07\/14\/evertonu-sa-prvy-upisal-young\/#breadcrumb\",\"itemListElement\":[{\"@type\":\"ListItem\",\"position\":1,\"name\":\"Home\",\"item\":\"https:\/\/evertonfc.cz\/\"},{\"@type\":\"ListItem\",\"position\":2,\"name\":\"Evertonu sa prv\u00fd up\u00edsal Young\"}]},{\"@type\":\"WebSite\",\"@id\":\"https:\/\/evertonfc.cz\/#website\",\"url\":\"https:\/\/evertonfc.cz\/\",\"name\":\"Official Czech &amp; Slovak Everton Supporters&#039; Club\",\"description\":\"\",\"publisher\":{\"@id\":\"https:\/\/evertonfc.cz\/#organization\"},\"potentialAction\":[{\"@type\":\"SearchAction\",\"target\":{\"@type\":\"EntryPoint\",\"urlTemplate\":\"https:\/\/evertonfc.cz\/?s={search_term_string}\"},\"query-input\":{\"@type\":\"PropertyValueSpecification\",\"valueRequired\":true,\"valueName\":\"search_term_string\"}}],\"inLanguage\":\"cs\"},{\"@type\":\"Organization\",\"@id\":\"https:\/\/evertonfc.cz\/#organization\",\"name\":\"Official Czech & Slovak Everton Supporters' Club\",\"url\":\"https:\/\/evertonfc.cz\/\",\"logo\":{\"@type\":\"ImageObject\",\"inLanguage\":\"cs\",\"@id\":\"https:\/\/evertonfc.cz\/#\/schema\/logo\/image\/\",\"url\":\"https:\/\/evertonfc.cz\/wp-content\/uploads\/2019\/05\/logo.png\",\"contentUrl\":\"https:\/\/evertonfc.cz\/wp-content\/uploads\/2019\/05\/logo.png\",\"width\":112,\"height\":112,\"caption\":\"Official Czech & Slovak Everton Supporters' Club\"},\"image\":{\"@id\":\"https:\/\/evertonfc.cz\/#\/schema\/logo\/image\/\"},\"sameAs\":[\"https:\/\/www.facebook.com\/everton.fans.cz.sk\"]},{\"@type\":\"Person\",\"@id\":\"https:\/\/evertonfc.cz\/#\/schema\/person\/d4493b8cbea51532597fbc4685698916\",\"name\":\"BlueBlooded\",\"url\":\"https:\/\/evertonfc.cz\/index.php\/author\/admin\/\"}]}<\/script>\n<!-- \/ Yoast SEO plugin. -->","yoast_head_json":{"title":"Evertonu sa prv\u00fd up\u00edsal Young - Official Czech &amp; Slovak Everton Supporters&#039; Club","robots":{"index":"index","follow":"follow","max-snippet":"max-snippet:-1","max-image-preview":"max-image-preview:large","max-video-preview":"max-video-preview:-1"},"canonical":"https:\/\/evertonfc.cz\/index.php\/2023\/07\/14\/evertonu-sa-prvy-upisal-young\/","og_locale":"cs_CZ","og_type":"article","og_title":"Evertonu sa prv\u00fd up\u00edsal Young - Official Czech &amp; Slovak Everton Supporters&#039; Club","og_description":"Prv\u00e1 posila po takmer roku prich\u00e1dza ako vo\u013en\u00fd hr\u00e1\u010d. B\u00fdval\u00fd hr\u00e1\u010d Aston Villy, Interu Mil\u00e1no a\u00a0hlavne Manchesteru United m\u00e1 u\u017e 38 rokov. Ale vraj je to len \u010d\u00edslo.","og_url":"https:\/\/evertonfc.cz\/index.php\/2023\/07\/14\/evertonu-sa-prvy-upisal-young\/","og_site_name":"Official Czech &amp; Slovak Everton Supporters&#039; Club","article_publisher":"https:\/\/www.facebook.com\/everton.fans.cz.sk","article_published_time":"2023-07-14T13:23:11+00:00","og_image":[{"width":720,"height":405,"url":"https:\/\/evertonfc.cz\/wp-content\/uploads\/2023\/07\/skysports-ashley-young-everton-13-7-2023.jpg","type":"image\/jpeg"}],"author":"BlueBlooded","twitter_card":"summary_large_image","twitter_misc":{"Napsal(a)":"BlueBlooded","Odhadovan\u00e1 doba \u010dten\u00ed":"5 minut"},"schema":{"@context":"https:\/\/schema.org","@graph":[{"@type":"Article","@id":"https:\/\/evertonfc.cz\/index.php\/2023\/07\/14\/evertonu-sa-prvy-upisal-young\/#article","isPartOf":{"@id":"https:\/\/evertonfc.cz\/index.php\/2023\/07\/14\/evertonu-sa-prvy-upisal-young\/"},"author":{"name":"BlueBlooded","@id":"https:\/\/evertonfc.cz\/#\/schema\/person\/d4493b8cbea51532597fbc4685698916"},"headline":"Evertonu sa prv\u00fd up\u00edsal Young","datePublished":"2023-07-14T13:23:11+00:00","dateModified":"2023-07-14T13:23:11+00:00","mainEntityOfPage":{"@id":"https:\/\/evertonfc.cz\/index.php\/2023\/07\/14\/evertonu-sa-prvy-upisal-young\/"},"wordCount":1379,"commentCount":1,"publisher":{"@id":"https:\/\/evertonfc.cz\/#organization"},"image":{"@id":"https:\/\/evertonfc.cz\/index.php\/2023\/07\/14\/evertonu-sa-prvy-upisal-young\/#primaryimage"},"thumbnailUrl":"https:\/\/evertonfc.cz\/wp-content\/uploads\/2023\/07\/skysports-ashley-young-everton-13-7-2023.jpg","articleSection":["P\u0159estupy"],"inLanguage":"cs","potentialAction":[{"@type":"CommentAction","name":"Comment","target":["https:\/\/evertonfc.cz\/index.php\/2023\/07\/14\/evertonu-sa-prvy-upisal-young\/#respond"]}]},{"@type":"WebPage","@id":"https:\/\/evertonfc.cz\/index.php\/2023\/07\/14\/evertonu-sa-prvy-upisal-young\/","url":"https:\/\/evertonfc.cz\/index.php\/2023\/07\/14\/evertonu-sa-prvy-upisal-young\/","name":"Evertonu sa prv\u00fd up\u00edsal Young - Official Czech &amp; Slovak Everton Supporters&#039; Club","isPartOf":{"@id":"https:\/\/evertonfc.cz\/#website"},"primaryImageOfPage":{"@id":"https:\/\/evertonfc.cz\/index.php\/2023\/07\/14\/evertonu-sa-prvy-upisal-young\/#primaryimage"},"image":{"@id":"https:\/\/evertonfc.cz\/index.php\/2023\/07\/14\/evertonu-sa-prvy-upisal-young\/#primaryimage"},"thumbnailUrl":"https:\/\/evertonfc.cz\/wp-content\/uploads\/2023\/07\/skysports-ashley-young-everton-13-7-2023.jpg","datePublished":"2023-07-14T13:23:11+00:00","dateModified":"2023-07-14T13:23:11+00:00","breadcrumb":{"@id":"https:\/\/evertonfc.cz\/index.php\/2023\/07\/14\/evertonu-sa-prvy-upisal-young\/#breadcrumb"},"inLanguage":"cs","potentialAction":[{"@type":"ReadAction","target":["https:\/\/evertonfc.cz\/index.php\/2023\/07\/14\/evertonu-sa-prvy-upisal-young\/"]}]},{"@type":"ImageObject","inLanguage":"cs","@id":"https:\/\/evertonfc.cz\/index.php\/2023\/07\/14\/evertonu-sa-prvy-upisal-young\/#primaryimage","url":"https:\/\/evertonfc.cz\/wp-content\/uploads\/2023\/07\/skysports-ashley-young-everton-13-7-2023.jpg","contentUrl":"https:\/\/evertonfc.cz\/wp-content\/uploads\/2023\/07\/skysports-ashley-young-everton-13-7-2023.jpg","width":720,"height":405},{"@type":"BreadcrumbList","@id":"https:\/\/evertonfc.cz\/index.php\/2023\/07\/14\/evertonu-sa-prvy-upisal-young\/#breadcrumb","itemListElement":[{"@type":"ListItem","position":1,"name":"Home","item":"https:\/\/evertonfc.cz\/"},{"@type":"ListItem","position":2,"name":"Evertonu sa prv\u00fd up\u00edsal Young"}]},{"@type":"WebSite","@id":"https:\/\/evertonfc.cz\/#website","url":"https:\/\/evertonfc.cz\/","name":"Official Czech &amp; Slovak Everton Supporters&#039; Club","description":"","publisher":{"@id":"https:\/\/evertonfc.cz\/#organization"},"potentialAction":[{"@type":"SearchAction","target":{"@type":"EntryPoint","urlTemplate":"https:\/\/evertonfc.cz\/?s={search_term_string}"},"query-input":{"@type":"PropertyValueSpecification","valueRequired":true,"valueName":"search_term_string"}}],"inLanguage":"cs"},{"@type":"Organization","@id":"https:\/\/evertonfc.cz\/#organization","name":"Official Czech & Slovak Everton Supporters' Club","url":"https:\/\/evertonfc.cz\/","logo":{"@type":"ImageObject","inLanguage":"cs","@id":"https:\/\/evertonfc.cz\/#\/schema\/logo\/image\/","url":"https:\/\/evertonfc.cz\/wp-content\/uploads\/2019\/05\/logo.png","contentUrl":"https:\/\/evertonfc.cz\/wp-content\/uploads\/2019\/05\/logo.png","width":112,"height":112,"caption":"Official Czech & Slovak Everton Supporters' Club"},"image":{"@id":"https:\/\/evertonfc.cz\/#\/schema\/logo\/image\/"},"sameAs":["https:\/\/www.facebook.com\/everton.fans.cz.sk"]},{"@type":"Person","@id":"https:\/\/evertonfc.cz\/#\/schema\/person\/d4493b8cbea51532597fbc4685698916","name":"BlueBlooded","url":"https:\/\/evertonfc.cz\/index.php\/author\/admin\/"}]}},"_links":{"self":[{"href":"https:\/\/evertonfc.cz\/index.php\/wp-json\/wp\/v2\/posts\/21989"}],"collection":[{"href":"https:\/\/evertonfc.cz\/index.php\/wp-json\/wp\/v2\/posts"}],"about":[{"href":"https:\/\/evertonfc.cz\/index.php\/wp-json\/wp\/v2\/types\/post"}],"author":[{"embeddable":true,"href":"https:\/\/evertonfc.cz\/index.php\/wp-json\/wp\/v2\/users\/1"}],"replies":[{"embeddable":true,"href":"https:\/\/evertonfc.cz\/index.php\/wp-json\/wp\/v2\/comments?post=21989"}],"version-history":[{"count":7,"href":"https:\/\/evertonfc.cz\/index.php\/wp-json\/wp\/v2\/posts\/21989\/revisions"}],"predecessor-version":[{"id":21997,"href":"https:\/\/evertonfc.cz\/index.php\/wp-json\/wp\/v2\/posts\/21989\/revisions\/21997"}],"wp:featuredmedia":[{"embeddable":true,"href":"https:\/\/evertonfc.cz\/index.php\/wp-json\/wp\/v2\/media\/21990"}],"wp:attachment":[{"href":"https:\/\/evertonfc.cz\/index.php\/wp-json\/wp\/v2\/media?parent=21989"}],"wp:term":[{"taxonomy":"category","embeddable":true,"href":"https:\/\/evertonfc.cz\/index.php\/wp-json\/wp\/v2\/categories?post=21989"},{"taxonomy":"post_tag","embeddable":true,"href":"https:\/\/evertonfc.cz\/index.php\/wp-json\/wp\/v2\/tags?post=21989"}],"curies":[{"name":"wp","href":"https:\/\/api.w.org\/{rel}","templated":true}]}}