{"id":22004,"date":"2023-07-15T22:04:21","date_gmt":"2023-07-15T20:04:21","guid":{"rendered":"https:\/\/evertonfc.cz\/?p=22004"},"modified":"2023-07-16T19:00:20","modified_gmt":"2023-07-16T17:00:20","slug":"stade-nyonnais-everton-12","status":"publish","type":"post","link":"https:\/\/evertonfc.cz\/index.php\/2023\/07\/15\/stade-nyonnais-everton-12\/","title":{"rendered":"Stade Nyonnais &#8211; Everton 1:2"},"content":{"rendered":"<h4>V\u00edt\u011bzn\u00fd start p\u0159\u00edpravy ve m\u011bst\u011b u \u017denevsk\u00e9ho jezera byl k vid\u011bn\u00ed. Mix ml\u00e1d\u00ed a n\u011bkolika zku\u0161en\u00fdch plejer\u016f zvl\u00e1dl t\u011bsn\u011b vyhr\u00e1t ve \u0160v\u00fdcarsku.<\/h4>\n<p>Everton nastoupil v rozestaven\u00ed 4-4-2, p\u0159i\u010dem\u017e \u00fato\u010dn\u00e1 dvojka hr\u00e1la v sestav\u011b Maupay-Cannon. Druh\u00fd jmenovan\u00fd dostal vz\u00e1cnou p\u0159\u00edle\u017eitost v z\u00e1kladn\u00ed sestav\u011b mu\u017e\u016f. A pr\u00e1v\u011b on m\u011bl prvn\u00ed \u0161anci z\u00e1pasu po p\u0159ihr\u00e1vce snad kone\u010dn\u011b zdrav\u00e9ho Pattersona, le\u010d jeho projektil skon\u010dil vedle vzd\u00e1len\u011bj\u0161\u00ed ty\u010de. V dal\u0161\u00ed \u0161anci host\u016f zakombinoval s Maupayem, zakon\u010doval McNeil, ale i tentokr\u00e1t chyb\u011bly centimetry ke vs\u00edt\u011bn\u00ed. Ten se postupem \u010dasu v prvn\u00ed p\u016fli pasoval do role hlavn\u00edho spalova\u010de \u0161anc\u00ed, nedal g\u00f3l po akci Iwobiho s Maupayem, n\u00e1sledn\u011b p\u0159est\u0159elil po samostatn\u00e9 akci. A kdy\u017e v dal\u0161\u00ed \u0161anci poslal m\u00ed\u010d nad i Cannon, tak se \u0161lo do \u0161aten za bezbrankov\u00e9ho stavu. Soupe\u0159 z m\u011bsta, kde s\u00eddl\u00ed UEFA, se omezil na n\u011bkolik st\u0159el zd\u00e1lky, p\u0159ece jen mus\u00edme vz\u00edt v \u00favahu, \u017ee v minul\u00e9 sez\u00f3n\u011b postoupil ze t\u0159et\u00ed do druh\u00e9 \u0161v\u00fdcarsk\u00e9 ligy.<\/p>\n<p>Pro druhou p\u016fli do\u0161lo k mnoh\u00fdm st\u0159\u00edd\u00e1n\u00edm, na h\u0159i\u0161t\u011b se dostal t\u0159eba Doucour\u00e9. Pr\u00e1v\u011b on se dostal do dal\u0161\u00ed \u0161ance, n\u00e1sledn\u011b m\u011bl p\u0159\u00edle\u017eitost Keane, ale nic z toho. A\u017e v 61. minut\u011b se host\u00e9 do\u010dkali g\u00f3lu. Iwobi skv\u011ble zpracoval, nahr\u00e1l zcela voln\u00e9mu Kouyat\u00e9mu, ten druh\u00fdm dotykem poslal merunu pod klacek &#8211; <strong>0:1!\u00a0<\/strong>Pro devaten\u00e1ctilet\u00e9 k\u0159\u00eddlo to byl samoz\u0159ejm\u011b debutov\u00fd g\u00f3l za \u00e1\u010dko. N\u00e1sledn\u011b p\u0159i g\u00f3lov\u00e9 oslav\u011b uk\u00e1zal, \u017ee um\u00ed i salto.\u00a0O 10 minut pozd\u011bji do\u0161lo ke zv\u00fd\u0161en\u00ed n\u00e1skoku. Okoronkwo byl faulov\u00e1n obr\u00e1ncem ve velk\u00e9m v\u00e1pn\u011b, Maupay poslal brank\u00e1\u0159e k ty\u010di a m\u00ed\u010d doprost\u0159ed branky &#8211;\u00a0<strong>0:2! <\/strong>G\u00f3lov\u00fd \u00fa\u010det uzav\u0159el Dugourd, kdy\u017e poslal volej p\u0159\u00edmo do \u0161ibenice Virginiovy branky &#8211; <strong>1:2!\u00a0<\/strong>To ji\u017e byl na h\u0159i\u0161ti znovu McNeil, kter\u00fd si na lavi\u010dce n\u00e1hradn\u00edk\u016f odpo\u010dinul 25 minut a vyst\u0159\u00eddal Iwobiho, kter\u00fd hr\u00e1l od za\u010d\u00e1tku.<\/p>\n<p style=\"text-align: right;\"><span style=\"font-size: 8pt;\">(fotozdroj: Getty Images)<\/span><\/p>\n<p><strong>G\u00f3ly:<\/strong> 61\u00b4 Kouyate, 71\u00b4 Maupay (pen), 82\u00b4 Dugord<\/p>\n<p><strong>FC Stade Nyonnais:<\/strong> Omeragic\u00a0\u2013\u00a0Strobach, Petit, Kore, Pasche, Pedal, Gomis, Sylvestre-Bac, Sow, Escorza, Carraco<br \/>\n<em>N\u00e1hradn\u00edci: Guedes, Mesquita, Olaniy, Santos, Gaillard, Moreira, Dugourd, Selmani, De Pierro, Gazzetta, Busset, Baddy-Dega, Fouley<\/em><\/p>\n<p><strong>Everton FC:<\/strong> Virg\u00ednia (72\u00b4 Crellin) \u2013 Patterson (46\u00b4 Hunt),\u00a0Keane (72\u00b4 Welch), Tarkowski (46\u00b4 Doucour\u00e9), Godfrey (72\u00b4 Astley) \u2013 Iwobi (72\u00b4 McNeil), Gueye (46\u00b4 Kouyate), Warrington, McNeil (46\u00b4 Onyango) \u2013\u00a0Maupay, Cannon (46\u00b4 Okoronkwo)\u00a0 \/\u00a0 <em>Nevyu\u017eit\u00fd n\u00e1hradn\u00edk: Lonergan<\/em><\/p>\n","protected":false},"excerpt":{"rendered":"<p>V\u00edt\u011bzn\u00fd start p\u0159\u00edpravy ve m\u011bst\u011b u \u017denevsk\u00e9ho jezera byl k vid\u011bn\u00ed. Mix ml\u00e1d\u00ed a n\u011bkolik zku\u0161en\u00fdch plejer\u016f zvl\u00e1dl t\u011bsn\u011b vyhr\u00e1t ve \u0160v\u00fdcarsku.<\/p>\n","protected":false},"author":12,"featured_media":22009,"comment_status":"open","ping_status":"closed","sticky":false,"template":"","format":"standard","meta":{"_eb_attr":"","_monsterinsights_skip_tracking":false,"_monsterinsights_sitenote_active":false,"_monsterinsights_sitenote_note":"","_monsterinsights_sitenote_category":0,"footnotes":""},"categories":[4],"tags":[],"yoast_head":"<!-- This site is optimized with the Yoast SEO plugin v23.4 - https:\/\/yoast.com\/wordpress\/plugins\/seo\/ -->\n<title>Stade Nyonnais - Everton 1:2 - Official Czech &amp; Slovak Everton Supporters&#039; Club<\/title>\n<meta name=\"description\" content=\"Mix ml\u00e1d\u00ed a n\u011bkolik zku\u0161en\u00fdch plejer\u016f zvl\u00e1dl t\u011bsn\u011b vyhr\u00e1t ve \u0160v\u00fdcarsku.\" \/>\n<meta name=\"robots\" content=\"index, follow, max-snippet:-1, max-image-preview:large, max-video-preview:-1\" \/>\n<link rel=\"canonical\" href=\"https:\/\/evertonfc.cz\/index.php\/2023\/07\/15\/stade-nyonnais-everton-12\/\" \/>\n<meta property=\"og:locale\" content=\"cs_CZ\" \/>\n<meta property=\"og:type\" content=\"article\" \/>\n<meta property=\"og:title\" content=\"Stade Nyonnais - Everton 1:2 - Official Czech &amp; Slovak Everton Supporters&#039; Club\" \/>\n<meta property=\"og:description\" content=\"Mix ml\u00e1d\u00ed a n\u011bkolik zku\u0161en\u00fdch plejer\u016f zvl\u00e1dl t\u011bsn\u011b vyhr\u00e1t ve \u0160v\u00fdcarsku.\" \/>\n<meta property=\"og:url\" content=\"https:\/\/evertonfc.cz\/index.php\/2023\/07\/15\/stade-nyonnais-everton-12\/\" \/>\n<meta property=\"og:site_name\" content=\"Official Czech &amp; Slovak Everton Supporters&#039; Club\" \/>\n<meta property=\"article:publisher\" content=\"https:\/\/www.facebook.com\/everton.fans.cz.sk\" \/>\n<meta property=\"article:published_time\" content=\"2023-07-15T20:04:21+00:00\" \/>\n<meta property=\"article:modified_time\" content=\"2023-07-16T17:00:20+00:00\" \/>\n<meta property=\"og:image\" content=\"https:\/\/evertonfc.cz\/wp-content\/uploads\/2023\/07\/Stade-Nyon-1-2-Everton-by-Getty-Images-16-7-2023.jpg\" \/>\n\t<meta property=\"og:image:width\" content=\"720\" \/>\n\t<meta property=\"og:image:height\" content=\"405\" \/>\n\t<meta property=\"og:image:type\" content=\"image\/jpeg\" \/>\n<meta name=\"author\" content=\"Javor\" \/>\n<meta name=\"twitter:card\" content=\"summary_large_image\" \/>\n<meta name=\"twitter:creator\" content=\"@LoudinJan\" \/>\n<meta name=\"twitter:label1\" content=\"Napsal(a)\" \/>\n\t<meta name=\"twitter:data1\" content=\"Javor\" \/>\n\t<meta name=\"twitter:label2\" content=\"Odhadovan\u00e1 doba \u010dten\u00ed\" \/>\n\t<meta name=\"twitter:data2\" content=\"2 minuty\" \/>\n<script type=\"application\/ld+json\" class=\"yoast-schema-graph\">{\"@context\":\"https:\/\/schema.org\",\"@graph\":[{\"@type\":\"Article\",\"@id\":\"https:\/\/evertonfc.cz\/index.php\/2023\/07\/15\/stade-nyonnais-everton-12\/#article\",\"isPartOf\":{\"@id\":\"https:\/\/evertonfc.cz\/index.php\/2023\/07\/15\/stade-nyonnais-everton-12\/\"},\"author\":{\"name\":\"Javor\",\"@id\":\"https:\/\/evertonfc.cz\/#\/schema\/person\/b30daf6a5852f4811f8207a17ec1bf78\"},\"headline\":\"Stade Nyonnais &#8211; Everton 1:2\",\"datePublished\":\"2023-07-15T20:04:21+00:00\",\"dateModified\":\"2023-07-16T17:00:20+00:00\",\"mainEntityOfPage\":{\"@id\":\"https:\/\/evertonfc.cz\/index.php\/2023\/07\/15\/stade-nyonnais-everton-12\/\"},\"wordCount\":461,\"commentCount\":0,\"publisher\":{\"@id\":\"https:\/\/evertonfc.cz\/#organization\"},\"image\":{\"@id\":\"https:\/\/evertonfc.cz\/index.php\/2023\/07\/15\/stade-nyonnais-everton-12\/#primaryimage\"},\"thumbnailUrl\":\"https:\/\/evertonfc.cz\/wp-content\/uploads\/2023\/07\/Stade-Nyon-1-2-Everton-by-Getty-Images-16-7-2023.jpg\",\"articleSection\":[\"Z\u00e1pasy\"],\"inLanguage\":\"cs\",\"potentialAction\":[{\"@type\":\"CommentAction\",\"name\":\"Comment\",\"target\":[\"https:\/\/evertonfc.cz\/index.php\/2023\/07\/15\/stade-nyonnais-everton-12\/#respond\"]}]},{\"@type\":\"WebPage\",\"@id\":\"https:\/\/evertonfc.cz\/index.php\/2023\/07\/15\/stade-nyonnais-everton-12\/\",\"url\":\"https:\/\/evertonfc.cz\/index.php\/2023\/07\/15\/stade-nyonnais-everton-12\/\",\"name\":\"Stade Nyonnais - Everton 1:2 - Official Czech &amp; Slovak Everton Supporters&#039; Club\",\"isPartOf\":{\"@id\":\"https:\/\/evertonfc.cz\/#website\"},\"primaryImageOfPage\":{\"@id\":\"https:\/\/evertonfc.cz\/index.php\/2023\/07\/15\/stade-nyonnais-everton-12\/#primaryimage\"},\"image\":{\"@id\":\"https:\/\/evertonfc.cz\/index.php\/2023\/07\/15\/stade-nyonnais-everton-12\/#primaryimage\"},\"thumbnailUrl\":\"https:\/\/evertonfc.cz\/wp-content\/uploads\/2023\/07\/Stade-Nyon-1-2-Everton-by-Getty-Images-16-7-2023.jpg\",\"datePublished\":\"2023-07-15T20:04:21+00:00\",\"dateModified\":\"2023-07-16T17:00:20+00:00\",\"description\":\"Mix ml\u00e1d\u00ed a n\u011bkolik zku\u0161en\u00fdch plejer\u016f zvl\u00e1dl t\u011bsn\u011b vyhr\u00e1t ve \u0160v\u00fdcarsku.\",\"breadcrumb\":{\"@id\":\"https:\/\/evertonfc.cz\/index.php\/2023\/07\/15\/stade-nyonnais-everton-12\/#breadcrumb\"},\"inLanguage\":\"cs\",\"potentialAction\":[{\"@type\":\"ReadAction\",\"target\":[\"https:\/\/evertonfc.cz\/index.php\/2023\/07\/15\/stade-nyonnais-everton-12\/\"]}]},{\"@type\":\"ImageObject\",\"inLanguage\":\"cs\",\"@id\":\"https:\/\/evertonfc.cz\/index.php\/2023\/07\/15\/stade-nyonnais-everton-12\/#primaryimage\",\"url\":\"https:\/\/evertonfc.cz\/wp-content\/uploads\/2023\/07\/Stade-Nyon-1-2-Everton-by-Getty-Images-16-7-2023.jpg\",\"contentUrl\":\"https:\/\/evertonfc.cz\/wp-content\/uploads\/2023\/07\/Stade-Nyon-1-2-Everton-by-Getty-Images-16-7-2023.jpg\",\"width\":720,\"height\":405},{\"@type\":\"BreadcrumbList\",\"@id\":\"https:\/\/evertonfc.cz\/index.php\/2023\/07\/15\/stade-nyonnais-everton-12\/#breadcrumb\",\"itemListElement\":[{\"@type\":\"ListItem\",\"position\":1,\"name\":\"Home\",\"item\":\"https:\/\/evertonfc.cz\/\"},{\"@type\":\"ListItem\",\"position\":2,\"name\":\"Stade Nyonnais &#8211; Everton 1:2\"}]},{\"@type\":\"WebSite\",\"@id\":\"https:\/\/evertonfc.cz\/#website\",\"url\":\"https:\/\/evertonfc.cz\/\",\"name\":\"Official Czech &amp; Slovak Everton Supporters&#039; Club\",\"description\":\"\",\"publisher\":{\"@id\":\"https:\/\/evertonfc.cz\/#organization\"},\"potentialAction\":[{\"@type\":\"SearchAction\",\"target\":{\"@type\":\"EntryPoint\",\"urlTemplate\":\"https:\/\/evertonfc.cz\/?s={search_term_string}\"},\"query-input\":{\"@type\":\"PropertyValueSpecification\",\"valueRequired\":true,\"valueName\":\"search_term_string\"}}],\"inLanguage\":\"cs\"},{\"@type\":\"Organization\",\"@id\":\"https:\/\/evertonfc.cz\/#organization\",\"name\":\"Official Czech & Slovak Everton Supporters' Club\",\"url\":\"https:\/\/evertonfc.cz\/\",\"logo\":{\"@type\":\"ImageObject\",\"inLanguage\":\"cs\",\"@id\":\"https:\/\/evertonfc.cz\/#\/schema\/logo\/image\/\",\"url\":\"https:\/\/evertonfc.cz\/wp-content\/uploads\/2019\/05\/logo.png\",\"contentUrl\":\"https:\/\/evertonfc.cz\/wp-content\/uploads\/2019\/05\/logo.png\",\"width\":112,\"height\":112,\"caption\":\"Official Czech & Slovak Everton Supporters' Club\"},\"image\":{\"@id\":\"https:\/\/evertonfc.cz\/#\/schema\/logo\/image\/\"},\"sameAs\":[\"https:\/\/www.facebook.com\/everton.fans.cz.sk\"]},{\"@type\":\"Person\",\"@id\":\"https:\/\/evertonfc.cz\/#\/schema\/person\/b30daf6a5852f4811f8207a17ec1bf78\",\"name\":\"Javor\",\"sameAs\":[\"https:\/\/x.com\/LoudinJan\"],\"url\":\"https:\/\/evertonfc.cz\/index.php\/author\/javor\/\"}]}<\/script>\n<!-- \/ Yoast SEO plugin. -->","yoast_head_json":{"title":"Stade Nyonnais - Everton 1:2 - Official Czech &amp; Slovak Everton Supporters&#039; Club","description":"Mix ml\u00e1d\u00ed a n\u011bkolik zku\u0161en\u00fdch plejer\u016f zvl\u00e1dl t\u011bsn\u011b vyhr\u00e1t ve \u0160v\u00fdcarsku.","robots":{"index":"index","follow":"follow","max-snippet":"max-snippet:-1","max-image-preview":"max-image-preview:large","max-video-preview":"max-video-preview:-1"},"canonical":"https:\/\/evertonfc.cz\/index.php\/2023\/07\/15\/stade-nyonnais-everton-12\/","og_locale":"cs_CZ","og_type":"article","og_title":"Stade Nyonnais - Everton 1:2 - Official Czech &amp; Slovak Everton Supporters&#039; Club","og_description":"Mix ml\u00e1d\u00ed a n\u011bkolik zku\u0161en\u00fdch plejer\u016f zvl\u00e1dl t\u011bsn\u011b vyhr\u00e1t ve \u0160v\u00fdcarsku.","og_url":"https:\/\/evertonfc.cz\/index.php\/2023\/07\/15\/stade-nyonnais-everton-12\/","og_site_name":"Official Czech &amp; Slovak Everton Supporters&#039; Club","article_publisher":"https:\/\/www.facebook.com\/everton.fans.cz.sk","article_published_time":"2023-07-15T20:04:21+00:00","article_modified_time":"2023-07-16T17:00:20+00:00","og_image":[{"width":720,"height":405,"url":"https:\/\/evertonfc.cz\/wp-content\/uploads\/2023\/07\/Stade-Nyon-1-2-Everton-by-Getty-Images-16-7-2023.jpg","type":"image\/jpeg"}],"author":"Javor","twitter_card":"summary_large_image","twitter_creator":"@LoudinJan","twitter_misc":{"Napsal(a)":"Javor","Odhadovan\u00e1 doba \u010dten\u00ed":"2 minuty"},"schema":{"@context":"https:\/\/schema.org","@graph":[{"@type":"Article","@id":"https:\/\/evertonfc.cz\/index.php\/2023\/07\/15\/stade-nyonnais-everton-12\/#article","isPartOf":{"@id":"https:\/\/evertonfc.cz\/index.php\/2023\/07\/15\/stade-nyonnais-everton-12\/"},"author":{"name":"Javor","@id":"https:\/\/evertonfc.cz\/#\/schema\/person\/b30daf6a5852f4811f8207a17ec1bf78"},"headline":"Stade Nyonnais &#8211; Everton 1:2","datePublished":"2023-07-15T20:04:21+00:00","dateModified":"2023-07-16T17:00:20+00:00","mainEntityOfPage":{"@id":"https:\/\/evertonfc.cz\/index.php\/2023\/07\/15\/stade-nyonnais-everton-12\/"},"wordCount":461,"commentCount":0,"publisher":{"@id":"https:\/\/evertonfc.cz\/#organization"},"image":{"@id":"https:\/\/evertonfc.cz\/index.php\/2023\/07\/15\/stade-nyonnais-everton-12\/#primaryimage"},"thumbnailUrl":"https:\/\/evertonfc.cz\/wp-content\/uploads\/2023\/07\/Stade-Nyon-1-2-Everton-by-Getty-Images-16-7-2023.jpg","articleSection":["Z\u00e1pasy"],"inLanguage":"cs","potentialAction":[{"@type":"CommentAction","name":"Comment","target":["https:\/\/evertonfc.cz\/index.php\/2023\/07\/15\/stade-nyonnais-everton-12\/#respond"]}]},{"@type":"WebPage","@id":"https:\/\/evertonfc.cz\/index.php\/2023\/07\/15\/stade-nyonnais-everton-12\/","url":"https:\/\/evertonfc.cz\/index.php\/2023\/07\/15\/stade-nyonnais-everton-12\/","name":"Stade Nyonnais - Everton 1:2 - Official Czech &amp; Slovak Everton Supporters&#039; Club","isPartOf":{"@id":"https:\/\/evertonfc.cz\/#website"},"primaryImageOfPage":{"@id":"https:\/\/evertonfc.cz\/index.php\/2023\/07\/15\/stade-nyonnais-everton-12\/#primaryimage"},"image":{"@id":"https:\/\/evertonfc.cz\/index.php\/2023\/07\/15\/stade-nyonnais-everton-12\/#primaryimage"},"thumbnailUrl":"https:\/\/evertonfc.cz\/wp-content\/uploads\/2023\/07\/Stade-Nyon-1-2-Everton-by-Getty-Images-16-7-2023.jpg","datePublished":"2023-07-15T20:04:21+00:00","dateModified":"2023-07-16T17:00:20+00:00","description":"Mix ml\u00e1d\u00ed a n\u011bkolik zku\u0161en\u00fdch plejer\u016f zvl\u00e1dl t\u011bsn\u011b vyhr\u00e1t ve \u0160v\u00fdcarsku.","breadcrumb":{"@id":"https:\/\/evertonfc.cz\/index.php\/2023\/07\/15\/stade-nyonnais-everton-12\/#breadcrumb"},"inLanguage":"cs","potentialAction":[{"@type":"ReadAction","target":["https:\/\/evertonfc.cz\/index.php\/2023\/07\/15\/stade-nyonnais-everton-12\/"]}]},{"@type":"ImageObject","inLanguage":"cs","@id":"https:\/\/evertonfc.cz\/index.php\/2023\/07\/15\/stade-nyonnais-everton-12\/#primaryimage","url":"https:\/\/evertonfc.cz\/wp-content\/uploads\/2023\/07\/Stade-Nyon-1-2-Everton-by-Getty-Images-16-7-2023.jpg","contentUrl":"https:\/\/evertonfc.cz\/wp-content\/uploads\/2023\/07\/Stade-Nyon-1-2-Everton-by-Getty-Images-16-7-2023.jpg","width":720,"height":405},{"@type":"BreadcrumbList","@id":"https:\/\/evertonfc.cz\/index.php\/2023\/07\/15\/stade-nyonnais-everton-12\/#breadcrumb","itemListElement":[{"@type":"ListItem","position":1,"name":"Home","item":"https:\/\/evertonfc.cz\/"},{"@type":"ListItem","position":2,"name":"Stade Nyonnais &#8211; Everton 1:2"}]},{"@type":"WebSite","@id":"https:\/\/evertonfc.cz\/#website","url":"https:\/\/evertonfc.cz\/","name":"Official Czech &amp; Slovak Everton Supporters&#039; Club","description":"","publisher":{"@id":"https:\/\/evertonfc.cz\/#organization"},"potentialAction":[{"@type":"SearchAction","target":{"@type":"EntryPoint","urlTemplate":"https:\/\/evertonfc.cz\/?s={search_term_string}"},"query-input":{"@type":"PropertyValueSpecification","valueRequired":true,"valueName":"search_term_string"}}],"inLanguage":"cs"},{"@type":"Organization","@id":"https:\/\/evertonfc.cz\/#organization","name":"Official Czech & Slovak Everton Supporters' Club","url":"https:\/\/evertonfc.cz\/","logo":{"@type":"ImageObject","inLanguage":"cs","@id":"https:\/\/evertonfc.cz\/#\/schema\/logo\/image\/","url":"https:\/\/evertonfc.cz\/wp-content\/uploads\/2019\/05\/logo.png","contentUrl":"https:\/\/evertonfc.cz\/wp-content\/uploads\/2019\/05\/logo.png","width":112,"height":112,"caption":"Official Czech & Slovak Everton Supporters' Club"},"image":{"@id":"https:\/\/evertonfc.cz\/#\/schema\/logo\/image\/"},"sameAs":["https:\/\/www.facebook.com\/everton.fans.cz.sk"]},{"@type":"Person","@id":"https:\/\/evertonfc.cz\/#\/schema\/person\/b30daf6a5852f4811f8207a17ec1bf78","name":"Javor","sameAs":["https:\/\/x.com\/LoudinJan"],"url":"https:\/\/evertonfc.cz\/index.php\/author\/javor\/"}]}},"_links":{"self":[{"href":"https:\/\/evertonfc.cz\/index.php\/wp-json\/wp\/v2\/posts\/22004"}],"collection":[{"href":"https:\/\/evertonfc.cz\/index.php\/wp-json\/wp\/v2\/posts"}],"about":[{"href":"https:\/\/evertonfc.cz\/index.php\/wp-json\/wp\/v2\/types\/post"}],"author":[{"embeddable":true,"href":"https:\/\/evertonfc.cz\/index.php\/wp-json\/wp\/v2\/users\/12"}],"replies":[{"embeddable":true,"href":"https:\/\/evertonfc.cz\/index.php\/wp-json\/wp\/v2\/comments?post=22004"}],"version-history":[{"count":7,"href":"https:\/\/evertonfc.cz\/index.php\/wp-json\/wp\/v2\/posts\/22004\/revisions"}],"predecessor-version":[{"id":22015,"href":"https:\/\/evertonfc.cz\/index.php\/wp-json\/wp\/v2\/posts\/22004\/revisions\/22015"}],"wp:featuredmedia":[{"embeddable":true,"href":"https:\/\/evertonfc.cz\/index.php\/wp-json\/wp\/v2\/media\/22009"}],"wp:attachment":[{"href":"https:\/\/evertonfc.cz\/index.php\/wp-json\/wp\/v2\/media?parent=22004"}],"wp:term":[{"taxonomy":"category","embeddable":true,"href":"https:\/\/evertonfc.cz\/index.php\/wp-json\/wp\/v2\/categories?post=22004"},{"taxonomy":"post_tag","embeddable":true,"href":"https:\/\/evertonfc.cz\/index.php\/wp-json\/wp\/v2\/tags?post=22004"}],"curies":[{"name":"wp","href":"https:\/\/api.w.org\/{rel}","templated":true}]}}