{"id":22082,"date":"2023-07-23T14:06:27","date_gmt":"2023-07-23T12:06:27","guid":{"rendered":"https:\/\/evertonfc.cz\/?p=22082"},"modified":"2023-07-23T14:06:27","modified_gmt":"2023-07-23T12:06:27","slug":"hostovske-v-style-90s","status":"publish","type":"post","link":"https:\/\/evertonfc.cz\/index.php\/2023\/07\/23\/hostovske-v-style-90s\/","title":{"rendered":"Hos\u0165ovsk\u00e9 v \u0161t\u00fdle &#8217;90s"},"content":{"rendered":"<h4>Retro je v\u017edy fajn. Najm\u00e4 v\u00a0spojen\u00ed s\u00a0karamelom. A\u00a0hoci sa po\u010das konca mil\u00e9nia EFC dvakr\u00e1t tesne vyhlo zostupu, z\u00edskalo aj posledn\u00fa trofej. Slovami klasika &#8211; \u201egood times\u201c.<\/h4>\n<p>Bol to v\u0161edn\u00fd piatok, de\u0148 pred druh\u00fdm pr\u00edpravn\u00fdm z\u00e1pasom A-t\u00edmu proti Wiganu, ke\u010f n\u00e1m Hummel kone\u010dne r\u00e1\u010dil predstavi\u0165 v \u010dom budeme stra\u0161i\u0165 na ihrisk\u00e1ch s\u00faperov nasleduj\u00facich desa\u0165 mesiacov. Koralov\u00e1 a n\u00e1morn\u00edcka modr\u00e1. Tieto farby sp\u00e1jaj\u00fa dva kultov\u00e9 vzh\u013eady ranej \u00e9ry Premier League, preberaj\u00fac svoju farebn\u00fa sch\u00e9mu a vertik\u00e1lne pruhy z v\u00fdjazdovej s\u00fapravy, ktor\u00fa klub nosil v rokoch 1992 a\u017e 94. In\u0161pir\u00e1ciu pre jeho odv\u00e1\u017eny, n\u00e1padn\u00fd vzor poskytol away dres z nasleduj\u00facich dvoch rokov \u2013 1994 a\u017e 96.<\/p>\n<p>Rovnako ako nov\u00e1 dom\u00e1ca sada, ktor\u00fa Everton odhalil minul\u00fd mesiac, sa teraz zn\u00e1ma ikona Rupertovej ve\u017ee objavuje vzadu na krku dresu. Rovnak\u00fd \u0161t\u00fdl p\u00e1sky na pleciach tie\u017e pon\u00faka modern\u00fd n\u00e1dych ku klasick\u00fdm hummel \u0161\u00edpkam. Farebn\u00e1 sch\u00e9ma dresu je pre zvy\u0161ok s\u00fapravy od p\u00e1sa nadol obr\u00e1ten\u00e1, ke\u010f\u017ee zo \u0161t\u00fdlov\u00fdch n\u00e1morn\u00edcky modr\u00fdch \u0161ortiek a \u0161tulpn\u00ed vy\u010dnievaj\u00fa koralov\u00e9 \u0161\u00edpky.<\/p>\n<h4><strong>Allan Vad Nielsen, gener\u00e1lny riadite\u013e Hummel:<\/strong><\/h4>\n<blockquote><p><span style=\"font-size: 12pt;\"><em>\u201eKe\u010f Hummel oslavuje storo\u010dnicu, bolo spr\u00e1vne pozrie\u0165 sa na in\u0161pir\u00e1ciu do minulosti. A vonkaj\u0161\u00ed dres Evertonu 2023\/24 je synergiou dvoch dizajnov, ktor\u00e9 n\u00e1s skuto\u010dne zaujali. D\u00fafame, \u017ee Evertonians si u\u017eij\u00fa n\u00e1vrat t\u00fdchto farieb a vzorov do klubov\u00fdch dresov. Te\u0161\u00edme sa, \u017ee ich v tejto sez\u00f3ne uvid\u00edme s hrdos\u0165ou nosi\u0165 ako hr\u00e1\u010dov, tak aj fan\u00fa\u0161ikov.\u201c<\/em><\/span><\/p><\/blockquote>\n<p>Na odhalenie s\u00fapravy klub s partnermi Hummel a Fanatics poskytli platformu evertonsk\u00fdm predstavite\u013eom z prosperuj\u00facej hudobnej sc\u00e9ny na Merseyside, ke\u010f si miestni umelci zahrali a poskytli soundtrack k uv\u00e1dzaciemu videu, ktor\u00e9 je z\u00e1rove\u0148 poctou liverpoolskej kult\u00fare a m\u00f3de z 90. rokov minul\u00e9ho storo\u010dia.<\/p>\n<p>Zuzu, Starkey The Messenger a Megan Wyn sa objavuj\u00fa v materi\u00e1loch na uvedenie tejto novej sady. A to aj spolu s Johnnym Quinnom a Seanom McLachlanom zo skupiny Spinn, ktor\u00fdch pozit\u00edvna skladba \u201eOutside of the Blue\u201c poskytuje aj soundtrack k promo videu.<\/p>\n<p>\u010co sa t\u00fdka troch \u017erd\u00ed, tak rovnako ako jeho dom\u00e1ci ekvivalent, aj celo\u010dierny vonkaj\u0161\u00ed brank\u00e1rsky p\u00e1s vzd\u00e1va hold jedine\u010dn\u00e9mu vz\u0165ahu medzi kostolom sv. Luk\u00e1\u0161a a Goodison Parkom. Vzor siluety \u2013 naklonen\u00fd cez predn\u00fa \u010das\u0165 tri\u010dka \u2013 zobrazuje miesto, kde sa stret\u00e1va kostol so 131-ro\u010dn\u00fdm domovom Evertonu.<\/p>\n<p><img loading=\"lazy\" decoding=\"async\" class=\"alignnone size-full wp-image-22085\" src=\"https:\/\/evertonfc.cz\/wp-content\/uploads\/2023\/07\/Hummel-awaygk-2023-24.jpg\" alt=\"\" width=\"720\" height=\"405\" srcset=\"https:\/\/evertonfc.cz\/wp-content\/uploads\/2023\/07\/Hummel-awaygk-2023-24.jpg 720w, https:\/\/evertonfc.cz\/wp-content\/uploads\/2023\/07\/Hummel-awaygk-2023-24-300x169.jpg 300w\" sizes=\"(max-width: 720px) 100vw, 720px\" \/>Hr\u00e1\u010di Evertonu si u\u017e prv\u00fdkr\u00e1t obliekli s\u00fapravu v\u010dera. V koralovom nast\u00fapili proti Wiganu Athletic v predsez\u00f3nnom priate\u013eskom stretnut\u00ed na \u0161tadi\u00f3ne DW. O \u0148om bude na na\u0161ich str\u00e1nkach zanedlho aj report. EFC pokra\u010duje aj v z\u00e1v\u00e4zku klubu k environment\u00e1lnej kampani Everton for Change. Aj tieto s\u00fapravy sa bud\u00fa vyr\u00e1ba\u0165 pomocou technol\u00f3gie Hummel ECO8. V nej sa pou\u017e\u00edva materi\u00e1l vyroben\u00fd a\u017e z \u00f4smich plastov\u00fdch flia\u0161 pre ka\u017ed\u00fd dres, a po\u010das procesu farbenia sa spotrebuje minim\u00e1lne mno\u017estvo vody.<\/p>\n<h4><strong>James Tarkowski:<\/strong><\/h4>\n<p><em>\u00a0\u201eOsobne sa mi v\u017edy p\u00e1\u010dia retro s\u00fapravy. A mysl\u00edm, \u017ee m\u00f4\u017eete vidie\u0165, ako boli pou\u017eit\u00e9 prvky z 90-tych rokov. Ako hr\u00e1\u010d st\u00e1le chcete, aby to vyzeralo a p\u00f4sobilo moderne a malo v\u0161etky najnov\u0161ie technol\u00f3gie. A mysl\u00edm, \u017ee Hummel vytvoril nie\u010do, \u010do to rob\u00ed. Vieme, \u017ee na\u0161i fan\u00fa\u0161ikovia s\u00fa na v\u00fdjazdoch v\u017edy v plnom po\u010dte. Tak\u017ee sa te\u0161\u00edm, \u017ee si to oble\u010diem a\u017e budeme ma\u0165 t\u00fdchto fan\u00fa\u0161ikov op\u00e4\u0165 za nami aj t\u00fato sez\u00f3nu.\u201c<\/em><\/p>\n<p>Fan\u00fa\u0161ikovia si m\u00f4\u017eu k\u00fapi\u0165 p\u00e1nske, d\u00e1mske a ml\u00e1de\u017en\u00edcke s\u00fapravy online na evertondirect.com od piatku 21. j\u00fala, predt\u00fdm, ako bude dres dostupn\u00fd aj v kamenn\u00fdch predajniach od bud\u00faceho piatka 28. j\u00fala. S\u00fapravy pre b\u00e1b\u00e4tk\u00e1 a doj\u010dat\u00e1 je mo\u017en\u00e9 preobjedna\u0165 online u\u017e teraz a bud\u00fa tie\u017e dostupn\u00e9 od 28. j\u00fala.<\/p>\n<p style=\"text-align: right;\"><span style=\"font-size: 8pt;\">(fotozdroj: evertonfc.com)<\/span><\/p>\n","protected":false},"excerpt":{"rendered":"<p>Retro je v\u017edy fajn. Najm\u00e4 v spojen\u00ed s karamelom. A hoci sa po\u010das konca mil\u00e9nia EFC dvakr\u00e1t tesne vyhlo zostupu, z\u00edskalo aj posledn\u00fa trofej. Slovami klasika &#8211; \u201egood times\u201c.<\/p>\n","protected":false},"author":1,"featured_media":22084,"comment_status":"open","ping_status":"closed","sticky":false,"template":"","format":"standard","meta":{"_eb_attr":"","_monsterinsights_skip_tracking":false,"_monsterinsights_sitenote_active":false,"_monsterinsights_sitenote_note":"","_monsterinsights_sitenote_category":0,"footnotes":""},"categories":[42],"tags":[],"yoast_head":"<!-- This site is optimized with the Yoast SEO plugin v23.4 - https:\/\/yoast.com\/wordpress\/plugins\/seo\/ -->\n<title>Hos\u0165ovsk\u00e9 v \u0161t\u00fdle &#039;90s - Official Czech &amp; Slovak Everton Supporters&#039; Club<\/title>\n<meta name=\"robots\" content=\"index, follow, max-snippet:-1, max-image-preview:large, max-video-preview:-1\" \/>\n<link rel=\"canonical\" href=\"https:\/\/evertonfc.cz\/index.php\/2023\/07\/23\/hostovske-v-style-90s\/\" \/>\n<meta property=\"og:locale\" content=\"cs_CZ\" \/>\n<meta property=\"og:type\" content=\"article\" \/>\n<meta property=\"og:title\" content=\"Hos\u0165ovsk\u00e9 v \u0161t\u00fdle &#039;90s - Official Czech &amp; Slovak Everton Supporters&#039; Club\" \/>\n<meta property=\"og:description\" content=\"Retro je v\u017edy fajn. Najm\u00e4 v spojen\u00ed s karamelom. A hoci sa po\u010das konca mil\u00e9nia EFC dvakr\u00e1t tesne vyhlo zostupu, z\u00edskalo aj posledn\u00fa trofej. Slovami klasika - \u201egood times\u201c.\" \/>\n<meta property=\"og:url\" content=\"https:\/\/evertonfc.cz\/index.php\/2023\/07\/23\/hostovske-v-style-90s\/\" \/>\n<meta property=\"og:site_name\" content=\"Official Czech &amp; Slovak Everton Supporters&#039; Club\" \/>\n<meta property=\"article:publisher\" content=\"https:\/\/www.facebook.com\/everton.fans.cz.sk\" \/>\n<meta property=\"article:published_time\" content=\"2023-07-23T12:06:27+00:00\" \/>\n<meta property=\"og:image\" content=\"https:\/\/evertonfc.cz\/wp-content\/uploads\/2023\/07\/Hummel-away-2023-24.jpg\" \/>\n\t<meta property=\"og:image:width\" content=\"720\" \/>\n\t<meta property=\"og:image:height\" content=\"405\" \/>\n\t<meta property=\"og:image:type\" content=\"image\/jpeg\" \/>\n<meta name=\"author\" content=\"BlueBlooded\" \/>\n<meta name=\"twitter:card\" content=\"summary_large_image\" \/>\n<meta name=\"twitter:label1\" content=\"Napsal(a)\" \/>\n\t<meta name=\"twitter:data1\" content=\"BlueBlooded\" \/>\n\t<meta name=\"twitter:label2\" content=\"Odhadovan\u00e1 doba \u010dten\u00ed\" \/>\n\t<meta name=\"twitter:data2\" content=\"3 minuty\" \/>\n<script type=\"application\/ld+json\" class=\"yoast-schema-graph\">{\"@context\":\"https:\/\/schema.org\",\"@graph\":[{\"@type\":\"Article\",\"@id\":\"https:\/\/evertonfc.cz\/index.php\/2023\/07\/23\/hostovske-v-style-90s\/#article\",\"isPartOf\":{\"@id\":\"https:\/\/evertonfc.cz\/index.php\/2023\/07\/23\/hostovske-v-style-90s\/\"},\"author\":{\"name\":\"BlueBlooded\",\"@id\":\"https:\/\/evertonfc.cz\/#\/schema\/person\/d4493b8cbea51532597fbc4685698916\"},\"headline\":\"Hos\u0165ovsk\u00e9 v \u0161t\u00fdle &#8217;90s\",\"datePublished\":\"2023-07-23T12:06:27+00:00\",\"dateModified\":\"2023-07-23T12:06:27+00:00\",\"mainEntityOfPage\":{\"@id\":\"https:\/\/evertonfc.cz\/index.php\/2023\/07\/23\/hostovske-v-style-90s\/\"},\"wordCount\":717,\"commentCount\":0,\"publisher\":{\"@id\":\"https:\/\/evertonfc.cz\/#organization\"},\"image\":{\"@id\":\"https:\/\/evertonfc.cz\/index.php\/2023\/07\/23\/hostovske-v-style-90s\/#primaryimage\"},\"thumbnailUrl\":\"https:\/\/evertonfc.cz\/wp-content\/uploads\/2023\/07\/Hummel-away-2023-24.jpg\",\"articleSection\":[\"Aktuality\"],\"inLanguage\":\"cs\",\"potentialAction\":[{\"@type\":\"CommentAction\",\"name\":\"Comment\",\"target\":[\"https:\/\/evertonfc.cz\/index.php\/2023\/07\/23\/hostovske-v-style-90s\/#respond\"]}]},{\"@type\":\"WebPage\",\"@id\":\"https:\/\/evertonfc.cz\/index.php\/2023\/07\/23\/hostovske-v-style-90s\/\",\"url\":\"https:\/\/evertonfc.cz\/index.php\/2023\/07\/23\/hostovske-v-style-90s\/\",\"name\":\"Hos\u0165ovsk\u00e9 v \u0161t\u00fdle '90s - Official Czech &amp; Slovak Everton Supporters&#039; Club\",\"isPartOf\":{\"@id\":\"https:\/\/evertonfc.cz\/#website\"},\"primaryImageOfPage\":{\"@id\":\"https:\/\/evertonfc.cz\/index.php\/2023\/07\/23\/hostovske-v-style-90s\/#primaryimage\"},\"image\":{\"@id\":\"https:\/\/evertonfc.cz\/index.php\/2023\/07\/23\/hostovske-v-style-90s\/#primaryimage\"},\"thumbnailUrl\":\"https:\/\/evertonfc.cz\/wp-content\/uploads\/2023\/07\/Hummel-away-2023-24.jpg\",\"datePublished\":\"2023-07-23T12:06:27+00:00\",\"dateModified\":\"2023-07-23T12:06:27+00:00\",\"breadcrumb\":{\"@id\":\"https:\/\/evertonfc.cz\/index.php\/2023\/07\/23\/hostovske-v-style-90s\/#breadcrumb\"},\"inLanguage\":\"cs\",\"potentialAction\":[{\"@type\":\"ReadAction\",\"target\":[\"https:\/\/evertonfc.cz\/index.php\/2023\/07\/23\/hostovske-v-style-90s\/\"]}]},{\"@type\":\"ImageObject\",\"inLanguage\":\"cs\",\"@id\":\"https:\/\/evertonfc.cz\/index.php\/2023\/07\/23\/hostovske-v-style-90s\/#primaryimage\",\"url\":\"https:\/\/evertonfc.cz\/wp-content\/uploads\/2023\/07\/Hummel-away-2023-24.jpg\",\"contentUrl\":\"https:\/\/evertonfc.cz\/wp-content\/uploads\/2023\/07\/Hummel-away-2023-24.jpg\",\"width\":720,\"height\":405},{\"@type\":\"BreadcrumbList\",\"@id\":\"https:\/\/evertonfc.cz\/index.php\/2023\/07\/23\/hostovske-v-style-90s\/#breadcrumb\",\"itemListElement\":[{\"@type\":\"ListItem\",\"position\":1,\"name\":\"Home\",\"item\":\"https:\/\/evertonfc.cz\/\"},{\"@type\":\"ListItem\",\"position\":2,\"name\":\"Hos\u0165ovsk\u00e9 v \u0161t\u00fdle &#8217;90s\"}]},{\"@type\":\"WebSite\",\"@id\":\"https:\/\/evertonfc.cz\/#website\",\"url\":\"https:\/\/evertonfc.cz\/\",\"name\":\"Official Czech &amp; Slovak Everton Supporters&#039; Club\",\"description\":\"\",\"publisher\":{\"@id\":\"https:\/\/evertonfc.cz\/#organization\"},\"potentialAction\":[{\"@type\":\"SearchAction\",\"target\":{\"@type\":\"EntryPoint\",\"urlTemplate\":\"https:\/\/evertonfc.cz\/?s={search_term_string}\"},\"query-input\":{\"@type\":\"PropertyValueSpecification\",\"valueRequired\":true,\"valueName\":\"search_term_string\"}}],\"inLanguage\":\"cs\"},{\"@type\":\"Organization\",\"@id\":\"https:\/\/evertonfc.cz\/#organization\",\"name\":\"Official Czech & Slovak Everton Supporters' Club\",\"url\":\"https:\/\/evertonfc.cz\/\",\"logo\":{\"@type\":\"ImageObject\",\"inLanguage\":\"cs\",\"@id\":\"https:\/\/evertonfc.cz\/#\/schema\/logo\/image\/\",\"url\":\"https:\/\/evertonfc.cz\/wp-content\/uploads\/2019\/05\/logo.png\",\"contentUrl\":\"https:\/\/evertonfc.cz\/wp-content\/uploads\/2019\/05\/logo.png\",\"width\":112,\"height\":112,\"caption\":\"Official Czech & Slovak Everton Supporters' Club\"},\"image\":{\"@id\":\"https:\/\/evertonfc.cz\/#\/schema\/logo\/image\/\"},\"sameAs\":[\"https:\/\/www.facebook.com\/everton.fans.cz.sk\"]},{\"@type\":\"Person\",\"@id\":\"https:\/\/evertonfc.cz\/#\/schema\/person\/d4493b8cbea51532597fbc4685698916\",\"name\":\"BlueBlooded\",\"url\":\"https:\/\/evertonfc.cz\/index.php\/author\/admin\/\"}]}<\/script>\n<!-- \/ Yoast SEO plugin. -->","yoast_head_json":{"title":"Hos\u0165ovsk\u00e9 v \u0161t\u00fdle '90s - Official Czech &amp; Slovak Everton Supporters&#039; Club","robots":{"index":"index","follow":"follow","max-snippet":"max-snippet:-1","max-image-preview":"max-image-preview:large","max-video-preview":"max-video-preview:-1"},"canonical":"https:\/\/evertonfc.cz\/index.php\/2023\/07\/23\/hostovske-v-style-90s\/","og_locale":"cs_CZ","og_type":"article","og_title":"Hos\u0165ovsk\u00e9 v \u0161t\u00fdle '90s - Official Czech &amp; Slovak Everton Supporters&#039; Club","og_description":"Retro je v\u017edy fajn. Najm\u00e4 v spojen\u00ed s karamelom. A hoci sa po\u010das konca mil\u00e9nia EFC dvakr\u00e1t tesne vyhlo zostupu, z\u00edskalo aj posledn\u00fa trofej. Slovami klasika - \u201egood times\u201c.","og_url":"https:\/\/evertonfc.cz\/index.php\/2023\/07\/23\/hostovske-v-style-90s\/","og_site_name":"Official Czech &amp; Slovak Everton Supporters&#039; Club","article_publisher":"https:\/\/www.facebook.com\/everton.fans.cz.sk","article_published_time":"2023-07-23T12:06:27+00:00","og_image":[{"width":720,"height":405,"url":"https:\/\/evertonfc.cz\/wp-content\/uploads\/2023\/07\/Hummel-away-2023-24.jpg","type":"image\/jpeg"}],"author":"BlueBlooded","twitter_card":"summary_large_image","twitter_misc":{"Napsal(a)":"BlueBlooded","Odhadovan\u00e1 doba \u010dten\u00ed":"3 minuty"},"schema":{"@context":"https:\/\/schema.org","@graph":[{"@type":"Article","@id":"https:\/\/evertonfc.cz\/index.php\/2023\/07\/23\/hostovske-v-style-90s\/#article","isPartOf":{"@id":"https:\/\/evertonfc.cz\/index.php\/2023\/07\/23\/hostovske-v-style-90s\/"},"author":{"name":"BlueBlooded","@id":"https:\/\/evertonfc.cz\/#\/schema\/person\/d4493b8cbea51532597fbc4685698916"},"headline":"Hos\u0165ovsk\u00e9 v \u0161t\u00fdle &#8217;90s","datePublished":"2023-07-23T12:06:27+00:00","dateModified":"2023-07-23T12:06:27+00:00","mainEntityOfPage":{"@id":"https:\/\/evertonfc.cz\/index.php\/2023\/07\/23\/hostovske-v-style-90s\/"},"wordCount":717,"commentCount":0,"publisher":{"@id":"https:\/\/evertonfc.cz\/#organization"},"image":{"@id":"https:\/\/evertonfc.cz\/index.php\/2023\/07\/23\/hostovske-v-style-90s\/#primaryimage"},"thumbnailUrl":"https:\/\/evertonfc.cz\/wp-content\/uploads\/2023\/07\/Hummel-away-2023-24.jpg","articleSection":["Aktuality"],"inLanguage":"cs","potentialAction":[{"@type":"CommentAction","name":"Comment","target":["https:\/\/evertonfc.cz\/index.php\/2023\/07\/23\/hostovske-v-style-90s\/#respond"]}]},{"@type":"WebPage","@id":"https:\/\/evertonfc.cz\/index.php\/2023\/07\/23\/hostovske-v-style-90s\/","url":"https:\/\/evertonfc.cz\/index.php\/2023\/07\/23\/hostovske-v-style-90s\/","name":"Hos\u0165ovsk\u00e9 v \u0161t\u00fdle '90s - Official Czech &amp; Slovak Everton Supporters&#039; Club","isPartOf":{"@id":"https:\/\/evertonfc.cz\/#website"},"primaryImageOfPage":{"@id":"https:\/\/evertonfc.cz\/index.php\/2023\/07\/23\/hostovske-v-style-90s\/#primaryimage"},"image":{"@id":"https:\/\/evertonfc.cz\/index.php\/2023\/07\/23\/hostovske-v-style-90s\/#primaryimage"},"thumbnailUrl":"https:\/\/evertonfc.cz\/wp-content\/uploads\/2023\/07\/Hummel-away-2023-24.jpg","datePublished":"2023-07-23T12:06:27+00:00","dateModified":"2023-07-23T12:06:27+00:00","breadcrumb":{"@id":"https:\/\/evertonfc.cz\/index.php\/2023\/07\/23\/hostovske-v-style-90s\/#breadcrumb"},"inLanguage":"cs","potentialAction":[{"@type":"ReadAction","target":["https:\/\/evertonfc.cz\/index.php\/2023\/07\/23\/hostovske-v-style-90s\/"]}]},{"@type":"ImageObject","inLanguage":"cs","@id":"https:\/\/evertonfc.cz\/index.php\/2023\/07\/23\/hostovske-v-style-90s\/#primaryimage","url":"https:\/\/evertonfc.cz\/wp-content\/uploads\/2023\/07\/Hummel-away-2023-24.jpg","contentUrl":"https:\/\/evertonfc.cz\/wp-content\/uploads\/2023\/07\/Hummel-away-2023-24.jpg","width":720,"height":405},{"@type":"BreadcrumbList","@id":"https:\/\/evertonfc.cz\/index.php\/2023\/07\/23\/hostovske-v-style-90s\/#breadcrumb","itemListElement":[{"@type":"ListItem","position":1,"name":"Home","item":"https:\/\/evertonfc.cz\/"},{"@type":"ListItem","position":2,"name":"Hos\u0165ovsk\u00e9 v \u0161t\u00fdle &#8217;90s"}]},{"@type":"WebSite","@id":"https:\/\/evertonfc.cz\/#website","url":"https:\/\/evertonfc.cz\/","name":"Official Czech &amp; Slovak Everton Supporters&#039; Club","description":"","publisher":{"@id":"https:\/\/evertonfc.cz\/#organization"},"potentialAction":[{"@type":"SearchAction","target":{"@type":"EntryPoint","urlTemplate":"https:\/\/evertonfc.cz\/?s={search_term_string}"},"query-input":{"@type":"PropertyValueSpecification","valueRequired":true,"valueName":"search_term_string"}}],"inLanguage":"cs"},{"@type":"Organization","@id":"https:\/\/evertonfc.cz\/#organization","name":"Official Czech & Slovak Everton Supporters' Club","url":"https:\/\/evertonfc.cz\/","logo":{"@type":"ImageObject","inLanguage":"cs","@id":"https:\/\/evertonfc.cz\/#\/schema\/logo\/image\/","url":"https:\/\/evertonfc.cz\/wp-content\/uploads\/2019\/05\/logo.png","contentUrl":"https:\/\/evertonfc.cz\/wp-content\/uploads\/2019\/05\/logo.png","width":112,"height":112,"caption":"Official Czech & Slovak Everton Supporters' Club"},"image":{"@id":"https:\/\/evertonfc.cz\/#\/schema\/logo\/image\/"},"sameAs":["https:\/\/www.facebook.com\/everton.fans.cz.sk"]},{"@type":"Person","@id":"https:\/\/evertonfc.cz\/#\/schema\/person\/d4493b8cbea51532597fbc4685698916","name":"BlueBlooded","url":"https:\/\/evertonfc.cz\/index.php\/author\/admin\/"}]}},"_links":{"self":[{"href":"https:\/\/evertonfc.cz\/index.php\/wp-json\/wp\/v2\/posts\/22082"}],"collection":[{"href":"https:\/\/evertonfc.cz\/index.php\/wp-json\/wp\/v2\/posts"}],"about":[{"href":"https:\/\/evertonfc.cz\/index.php\/wp-json\/wp\/v2\/types\/post"}],"author":[{"embeddable":true,"href":"https:\/\/evertonfc.cz\/index.php\/wp-json\/wp\/v2\/users\/1"}],"replies":[{"embeddable":true,"href":"https:\/\/evertonfc.cz\/index.php\/wp-json\/wp\/v2\/comments?post=22082"}],"version-history":[{"count":1,"href":"https:\/\/evertonfc.cz\/index.php\/wp-json\/wp\/v2\/posts\/22082\/revisions"}],"predecessor-version":[{"id":22086,"href":"https:\/\/evertonfc.cz\/index.php\/wp-json\/wp\/v2\/posts\/22082\/revisions\/22086"}],"wp:featuredmedia":[{"embeddable":true,"href":"https:\/\/evertonfc.cz\/index.php\/wp-json\/wp\/v2\/media\/22084"}],"wp:attachment":[{"href":"https:\/\/evertonfc.cz\/index.php\/wp-json\/wp\/v2\/media?parent=22082"}],"wp:term":[{"taxonomy":"category","embeddable":true,"href":"https:\/\/evertonfc.cz\/index.php\/wp-json\/wp\/v2\/categories?post=22082"},{"taxonomy":"post_tag","embeddable":true,"href":"https:\/\/evertonfc.cz\/index.php\/wp-json\/wp\/v2\/tags?post=22082"}],"curies":[{"name":"wp","href":"https:\/\/api.w.org\/{rel}","templated":true}]}}