{"id":22087,"date":"2023-07-23T19:03:44","date_gmt":"2023-07-23T17:03:44","guid":{"rendered":"https:\/\/evertonfc.cz\/?p=22087"},"modified":"2023-07-23T19:03:44","modified_gmt":"2023-07-23T17:03:44","slug":"wigan-athletic-everton-01","status":"publish","type":"post","link":"https:\/\/evertonfc.cz\/index.php\/2023\/07\/23\/wigan-athletic-everton-01\/","title":{"rendered":"Wigan Athletic \u2013 Everton 0:1"},"content":{"rendered":"<h4>Karamelky po n\u00e1vrate zo \u0160vaj\u010diarska pokra\u010dovali v\u00a0letnej pr\u00edprave druh\u00fdm, a\u00a0d\u00e1 sa poveda\u0165 aj tret\u00edm z\u00e1pasom, ktor\u00e9 sa hrali simult\u00e1nne, p\u00e1r desiatok kilometrov od seba.<\/h4>\n<p>V prvom z\u00e1pase proti The Latics na ich DW Stadium sa predstavili v\u00a0podstate len aktu\u00e1lne dostupn\u00ed hr\u00e1\u010di z k\u00e1dra prv\u00e9ho t\u00edmu. Sean Dyche delegoval rolu mana\u017e\u00e9ra na svojho asistenta Iana Woana s takmer plnohodnotnou ligovou jeden\u00e1stkou, s prekvapiv\u00fdm v\u00fdberom mlad\u0161\u00edch hr\u00e1\u010dov akad\u00e9mie na 6-\u010dlennej lavi\u010dke n\u00e1hradn\u00edkov, vr\u00e1tane dvoch brank\u00e1rov, z\u00a0\u010doho jeden bol nehraj\u00faci veter\u00e1n Lonergan.<\/p>\n<p>Futbal ale aj tak nikoho neohuroval. Bolo to hrub\u00e9 a\u00a0neobr\u00fasen\u00e9 z\u00a0na\u0161ej strany, bez v\u00fdraznej\u0161\u00edch aplik\u00e1cii konkr\u00e9tnych hern\u00fdch prvkov. Viac sa presadzovali na\u0161i hr\u00e1\u010di individu\u00e1lne, ako t\u00edmovou kombin\u00e1ciou, no heslo aj teraz znelo \u201ehlavne si da\u0165 do tela\u201c. Wigan to musel ale ur\u010dite po\u010du\u0165. Lebo sa neb\u00e1l pri ka\u017edej pr\u00edle\u017eitosti priostri\u0165 s\u00faboj, a\u00a0ich iniciat\u00edva v\u00a0prvom pol\u010dase mala aj \u010dastej\u0161ie zakon\u010denia.<\/p>\n<h4><strong>Ian Woan o\u00a0z\u00e1pase:<\/strong><\/h4>\n<blockquote><p><span style=\"font-size: 12pt;\"><em>\u201eTo bol hlavn\u00fd cie\u013e tohto z\u00e1pasu. \u0160\u00e9f hovoril star\u0161\u00edm hr\u00e1\u010dom, \u017ee chce od nich 90 min\u00fat. V\u017edy sme r\u00e1tali, \u017ee Ashleyho Younga vystriedame o nie\u010do sk\u00f4r. Mysleli sme si, \u017ee to bude 60 min\u00fat, ale povedal, \u017ee chce \u010fal\u0161\u00edch 10, tak\u017ee to bol pre n\u00e1s ve\u013ek\u00fd bonus \u2013 a svoj cie\u013e dosiahol. Dosta\u0165 v\u0161etk\u00fdch ostatn\u00fdch chalanov cez 90 min\u00fat bolo ve\u013ek\u00fdm plusom na konci naozaj dobr\u00e9ho t\u00fd\u017ed\u0148a.\u201c<\/em><\/span><\/p><\/blockquote>\n<p>Z\u00a0na\u0161ich to sk\u00fa\u0161ali na br\u00e1nu McNeil, Young i\u00a0Maupay. Pardon, vlastne Franc\u00faz to sk\u00fa\u0161al mimo br\u00e1nu. Trestuhodne. Zo \u0161atne vy\u0161iel rovnak\u00fd t\u00edm a\u00a0Neal sa sna\u017eil napravi\u0165 si poves\u0165, ale len do brank\u00e1ra. Humphries naopak ve\u013emi dobre otestoval Pickforda, ktor\u00fd pri p\u00e1r pr\u00edle\u017eitostiach musel c\u00edti\u0165 jemn\u00e9 jarn\u00e9 d\u00e9j\u00e0 vu.<\/p>\n<p>Jednu z\u00a0najv\u00e4\u010d\u0161\u00edch \u0161anc\u00ed potom vytvoril po \u00faniku Patterson, ale Doucour\u00e9 jeho prihr\u00e1vku poslal len do brvna. McNeila e\u0161te potom vytla\u010dili na roh, Gueye tradi\u010dne zostrelil jeden z\u00a0umel\u00fdch obe\u017en\u00edkov, aby sa kone\u010dne mohol k\u00a0br\u00e1ne dosta\u0165 Young. Ten na druh\u00fd pokus kone\u010dne prekonal brank\u00e1ra a\u00a0bol n\u00e1sledne vystriedan\u00fd.<\/p>\n<p style=\"text-align: right;\"><span style=\"font-size: 8pt;\">(fotozdroj: Getty Images)<\/span><\/p>\n<p><strong>Everton FC<\/strong>: Pickford\u00a0\u2013 Patterson, Tarkowski, Keane, Godfrey\u00a0\u2013 Iwobi, Gana, Doucour\u00e9, Young (72&#8242; Metcalfe), McNeil\u00a0\u2013\u00a0Maupay \/\u00a0 <em>Nevyu\u017eit\u00ed n\u00e1hradn\u00edci: Lonergan, Leban, Dixon, Bates, Beaumont-Clark<\/em><\/p>\n<hr \/>\n<h3 style=\"text-align: center;\"><strong>Tranmere Rovers \u2013 Everton 1:1<\/strong><\/h3>\n<p>Do Prenton Parku cestovali okrem jadra hr\u00e1\u010dov v\u00fdberu do 21 rokov aj minuloro\u010dn\u00ed harcovn\u00edci na hos\u0165ovaniach. A k prekvapeniu v\u0161etk\u00fdch ich sledoval z trib\u00fany samotn\u00fd Sean Dyche. Tr\u00e9ner Paul Tait postavil v podstate ml\u00e1de\u017en\u00edcky B-t\u00edm do form\u00e1cie 4-4-2. Lewis Dobbin a Francis Okoronkwo tvorili \u00fato\u010dn\u00fd dvojz\u00e1prah, podporovan\u00fd kr\u00eddlami Mills a Kouyate. Stred po\u013ea tvoril Warrington s Onyangom. V br\u00e1ne Virg\u00ednia bol v pohotovosti za zadnou \u0161tvoricou Higgins, senior Holgate v druhom z\u00e1pase po zranen\u00ed, \u010falej Astley a Hunt.<\/p>\n<p>T\u00edm Evertonu v\u00a0novej dom\u00e1cej sade celej v\u00a0modrom sa sna\u017eil postupne vr\u00e1s\u0165 do prv\u00e9ho pol\u010dasu proti ostrie\u013ean\u00e9mu s\u00faperovi z\u00a0Wirralu na Merseyside. Hlavi\u010dkov\u00fd g\u00f3l Conora Jenningsa z Tranmere v\u0161ak sp\u00f4sobil sklamanie v \u00favode druhej \u0161tyridsa\u0165p\u00e4\u0165min\u00fatovky. EFC vyrovnalo a\u017e necel\u00fdch 10 min\u00fat pred koncom, ke\u010f dostalo v\u00fdhodu penalty po ruke v \u0161estn\u00e1stke Rovers. Stanley Mills, najlep\u0161\u00ed strelec Evertonu do 21 rokov v minulej sez\u00f3ne, sa presadil a zabezpe\u010dil \u00faspe\u0161n\u00e9 zakon\u010denie z\u00a011 metrov.<\/p>\n<h4><strong>Paul Tait o\u00a0z\u00e1pase:<\/strong><\/h4>\n<blockquote><p><span style=\"font-size: 12pt;\"><em>\u201ePo\u010das posledn\u00fdch t\u00fd\u017ed\u0148ov hr\u00e1\u010di tvrdo pracovali so senior t\u00edmom, tak\u017ee dne\u0161ok bol len pokra\u010dovan\u00edm; to sme im zd\u00f4raznili. Bolo naozaj skvel\u00e9 ma\u0165 Seana pri mlad\u00fdch hr\u00e1\u010doch. Mysl\u00edm si, \u017ee je dobr\u00e9, aby mana\u017e\u00e9r urobil krok sp\u00e4\u0165 a dobre si ich prezrel bez toho, aby bol s\u00a0nimi kontakte na lavi\u010dke. Samozrejme, chceme, aby bol futbal skvel\u00fd \u2013 v dr\u017ean\u00ed lopty aj mimo nej \u2013 ale realita je tak\u00e1, \u017ee je to druh\u00fd z\u00e1pas pr\u00edpravnej sez\u00f3ny a bude tam nerozohranos\u0165. Hlavn\u00fdm cie\u013eom bolo dosta\u0165 90 min\u00fat a bolo pekn\u00e9 da\u0165 priestor z lavi\u010dky aj niektor\u00fdch mlad\u0161\u00edch chlapcov.\u201c<\/em><\/span><\/p><\/blockquote>\n<p>Ke\u010f\u017ee sa tento duel s\u00a0oponentom z\u00a0League Two hral v rovnakom \u010dase, kedy \u00e1\u010dko proti Wiganu, stretnutie s TRFC sa nevysielalo na\u017eivo. Najd\u00f4le\u017eitej\u0161ie momenty a z\u00e1znam z\u00e1pasu s\u00fa k dispoz\u00edcii na webovej str\u00e1nke Evertonu.<\/p>\n<p><strong>Everton U21<\/strong>: Virg\u00ednia\u00a0\u2013 Higgins, Hunt, Holgate, Astley\u00a0\u2013 Kouyate, Warrington, Onyango, Mills\u00a0\u2013 Okoronkwo, Dobbin \/\u00a0 <em>N\u00e1hradn\u00edci: Crellin, Barrett, Heath, Sherif, Apter, Moonan<\/em><\/p>\n<p><iframe loading=\"lazy\" title=\"TRANMERE 1-1 EVERTON XI | Pre-season highlights\" width=\"1140\" height=\"641\" src=\"https:\/\/www.youtube.com\/embed\/42JEczHFQqI?feature=oembed\" frameborder=\"0\" allow=\"accelerometer; autoplay; clipboard-write; encrypted-media; gyroscope; picture-in-picture; web-share\" allowfullscreen><\/iframe><\/p>\n","protected":false},"excerpt":{"rendered":"<p>Karamelky po n\u00e1vrate zo \u0160vaj\u010diarska pokra\u010dovali v\u00a0letnej pr\u00edprave druh\u00fdm, a\u00a0d\u00e1 sa poveda\u0165 aj tret\u00edm z\u00e1pasom, ktor\u00e9 sa hrali simult\u00e1nne, p\u00e1r desiatok kilometrov od seba.<\/p>\n","protected":false},"author":1,"featured_media":22088,"comment_status":"open","ping_status":"closed","sticky":false,"template":"","format":"standard","meta":{"_eb_attr":"","_monsterinsights_skip_tracking":false,"_monsterinsights_sitenote_active":false,"_monsterinsights_sitenote_note":"","_monsterinsights_sitenote_category":0,"footnotes":""},"categories":[4],"tags":[],"yoast_head":"<!-- This site is optimized with the Yoast SEO plugin v23.4 - https:\/\/yoast.com\/wordpress\/plugins\/seo\/ -->\n<title>Wigan Athletic \u2013 Everton 0:1 - Official Czech &amp; Slovak Everton Supporters&#039; Club<\/title>\n<meta name=\"robots\" content=\"index, follow, max-snippet:-1, max-image-preview:large, max-video-preview:-1\" \/>\n<link rel=\"canonical\" href=\"https:\/\/evertonfc.cz\/index.php\/2023\/07\/23\/wigan-athletic-everton-01\/\" \/>\n<meta property=\"og:locale\" content=\"cs_CZ\" \/>\n<meta property=\"og:type\" content=\"article\" \/>\n<meta property=\"og:title\" content=\"Wigan Athletic \u2013 Everton 0:1 - Official Czech &amp; Slovak Everton Supporters&#039; Club\" \/>\n<meta property=\"og:description\" content=\"Karamelky po n\u00e1vrate zo \u0160vaj\u010diarska pokra\u010dovali v\u00a0letnej pr\u00edprave druh\u00fdm, a\u00a0d\u00e1 sa poveda\u0165 aj tret\u00edm z\u00e1pasom, ktor\u00e9 sa hrali simult\u00e1nne, p\u00e1r desiatok kilometrov od seba.\" \/>\n<meta property=\"og:url\" content=\"https:\/\/evertonfc.cz\/index.php\/2023\/07\/23\/wigan-athletic-everton-01\/\" \/>\n<meta property=\"og:site_name\" content=\"Official Czech &amp; Slovak Everton Supporters&#039; Club\" \/>\n<meta property=\"article:publisher\" content=\"https:\/\/www.facebook.com\/everton.fans.cz.sk\" \/>\n<meta property=\"article:published_time\" content=\"2023-07-23T17:03:44+00:00\" \/>\n<meta property=\"og:image\" content=\"https:\/\/evertonfc.cz\/wp-content\/uploads\/2023\/07\/Wigan-0-1-Everton-by-Getty-Images-23-7-2023.jpg\" \/>\n\t<meta property=\"og:image:width\" content=\"720\" \/>\n\t<meta property=\"og:image:height\" content=\"405\" \/>\n\t<meta property=\"og:image:type\" content=\"image\/jpeg\" \/>\n<meta name=\"author\" content=\"BlueBlooded\" \/>\n<meta name=\"twitter:card\" content=\"summary_large_image\" \/>\n<meta name=\"twitter:label1\" content=\"Napsal(a)\" \/>\n\t<meta name=\"twitter:data1\" content=\"BlueBlooded\" \/>\n\t<meta name=\"twitter:label2\" content=\"Odhadovan\u00e1 doba \u010dten\u00ed\" \/>\n\t<meta name=\"twitter:data2\" content=\"3 minuty\" \/>\n<script type=\"application\/ld+json\" class=\"yoast-schema-graph\">{\"@context\":\"https:\/\/schema.org\",\"@graph\":[{\"@type\":\"Article\",\"@id\":\"https:\/\/evertonfc.cz\/index.php\/2023\/07\/23\/wigan-athletic-everton-01\/#article\",\"isPartOf\":{\"@id\":\"https:\/\/evertonfc.cz\/index.php\/2023\/07\/23\/wigan-athletic-everton-01\/\"},\"author\":{\"name\":\"BlueBlooded\",\"@id\":\"https:\/\/evertonfc.cz\/#\/schema\/person\/d4493b8cbea51532597fbc4685698916\"},\"headline\":\"Wigan Athletic \u2013 Everton 0:1\",\"datePublished\":\"2023-07-23T17:03:44+00:00\",\"dateModified\":\"2023-07-23T17:03:44+00:00\",\"mainEntityOfPage\":{\"@id\":\"https:\/\/evertonfc.cz\/index.php\/2023\/07\/23\/wigan-athletic-everton-01\/\"},\"wordCount\":841,\"commentCount\":0,\"publisher\":{\"@id\":\"https:\/\/evertonfc.cz\/#organization\"},\"image\":{\"@id\":\"https:\/\/evertonfc.cz\/index.php\/2023\/07\/23\/wigan-athletic-everton-01\/#primaryimage\"},\"thumbnailUrl\":\"https:\/\/evertonfc.cz\/wp-content\/uploads\/2023\/07\/Wigan-0-1-Everton-by-Getty-Images-23-7-2023.jpg\",\"articleSection\":[\"Z\u00e1pasy\"],\"inLanguage\":\"cs\",\"potentialAction\":[{\"@type\":\"CommentAction\",\"name\":\"Comment\",\"target\":[\"https:\/\/evertonfc.cz\/index.php\/2023\/07\/23\/wigan-athletic-everton-01\/#respond\"]}]},{\"@type\":\"WebPage\",\"@id\":\"https:\/\/evertonfc.cz\/index.php\/2023\/07\/23\/wigan-athletic-everton-01\/\",\"url\":\"https:\/\/evertonfc.cz\/index.php\/2023\/07\/23\/wigan-athletic-everton-01\/\",\"name\":\"Wigan Athletic \u2013 Everton 0:1 - Official Czech &amp; Slovak Everton Supporters&#039; Club\",\"isPartOf\":{\"@id\":\"https:\/\/evertonfc.cz\/#website\"},\"primaryImageOfPage\":{\"@id\":\"https:\/\/evertonfc.cz\/index.php\/2023\/07\/23\/wigan-athletic-everton-01\/#primaryimage\"},\"image\":{\"@id\":\"https:\/\/evertonfc.cz\/index.php\/2023\/07\/23\/wigan-athletic-everton-01\/#primaryimage\"},\"thumbnailUrl\":\"https:\/\/evertonfc.cz\/wp-content\/uploads\/2023\/07\/Wigan-0-1-Everton-by-Getty-Images-23-7-2023.jpg\",\"datePublished\":\"2023-07-23T17:03:44+00:00\",\"dateModified\":\"2023-07-23T17:03:44+00:00\",\"breadcrumb\":{\"@id\":\"https:\/\/evertonfc.cz\/index.php\/2023\/07\/23\/wigan-athletic-everton-01\/#breadcrumb\"},\"inLanguage\":\"cs\",\"potentialAction\":[{\"@type\":\"ReadAction\",\"target\":[\"https:\/\/evertonfc.cz\/index.php\/2023\/07\/23\/wigan-athletic-everton-01\/\"]}]},{\"@type\":\"ImageObject\",\"inLanguage\":\"cs\",\"@id\":\"https:\/\/evertonfc.cz\/index.php\/2023\/07\/23\/wigan-athletic-everton-01\/#primaryimage\",\"url\":\"https:\/\/evertonfc.cz\/wp-content\/uploads\/2023\/07\/Wigan-0-1-Everton-by-Getty-Images-23-7-2023.jpg\",\"contentUrl\":\"https:\/\/evertonfc.cz\/wp-content\/uploads\/2023\/07\/Wigan-0-1-Everton-by-Getty-Images-23-7-2023.jpg\",\"width\":720,\"height\":405},{\"@type\":\"BreadcrumbList\",\"@id\":\"https:\/\/evertonfc.cz\/index.php\/2023\/07\/23\/wigan-athletic-everton-01\/#breadcrumb\",\"itemListElement\":[{\"@type\":\"ListItem\",\"position\":1,\"name\":\"Home\",\"item\":\"https:\/\/evertonfc.cz\/\"},{\"@type\":\"ListItem\",\"position\":2,\"name\":\"Wigan Athletic \u2013 Everton 0:1\"}]},{\"@type\":\"WebSite\",\"@id\":\"https:\/\/evertonfc.cz\/#website\",\"url\":\"https:\/\/evertonfc.cz\/\",\"name\":\"Official Czech &amp; Slovak Everton Supporters&#039; Club\",\"description\":\"\",\"publisher\":{\"@id\":\"https:\/\/evertonfc.cz\/#organization\"},\"potentialAction\":[{\"@type\":\"SearchAction\",\"target\":{\"@type\":\"EntryPoint\",\"urlTemplate\":\"https:\/\/evertonfc.cz\/?s={search_term_string}\"},\"query-input\":{\"@type\":\"PropertyValueSpecification\",\"valueRequired\":true,\"valueName\":\"search_term_string\"}}],\"inLanguage\":\"cs\"},{\"@type\":\"Organization\",\"@id\":\"https:\/\/evertonfc.cz\/#organization\",\"name\":\"Official Czech & Slovak Everton Supporters' Club\",\"url\":\"https:\/\/evertonfc.cz\/\",\"logo\":{\"@type\":\"ImageObject\",\"inLanguage\":\"cs\",\"@id\":\"https:\/\/evertonfc.cz\/#\/schema\/logo\/image\/\",\"url\":\"https:\/\/evertonfc.cz\/wp-content\/uploads\/2019\/05\/logo.png\",\"contentUrl\":\"https:\/\/evertonfc.cz\/wp-content\/uploads\/2019\/05\/logo.png\",\"width\":112,\"height\":112,\"caption\":\"Official Czech & Slovak Everton Supporters' Club\"},\"image\":{\"@id\":\"https:\/\/evertonfc.cz\/#\/schema\/logo\/image\/\"},\"sameAs\":[\"https:\/\/www.facebook.com\/everton.fans.cz.sk\"]},{\"@type\":\"Person\",\"@id\":\"https:\/\/evertonfc.cz\/#\/schema\/person\/d4493b8cbea51532597fbc4685698916\",\"name\":\"BlueBlooded\",\"url\":\"https:\/\/evertonfc.cz\/index.php\/author\/admin\/\"}]}<\/script>\n<!-- \/ Yoast SEO plugin. -->","yoast_head_json":{"title":"Wigan Athletic \u2013 Everton 0:1 - Official Czech &amp; Slovak Everton Supporters&#039; Club","robots":{"index":"index","follow":"follow","max-snippet":"max-snippet:-1","max-image-preview":"max-image-preview:large","max-video-preview":"max-video-preview:-1"},"canonical":"https:\/\/evertonfc.cz\/index.php\/2023\/07\/23\/wigan-athletic-everton-01\/","og_locale":"cs_CZ","og_type":"article","og_title":"Wigan Athletic \u2013 Everton 0:1 - Official Czech &amp; Slovak Everton Supporters&#039; Club","og_description":"Karamelky po n\u00e1vrate zo \u0160vaj\u010diarska pokra\u010dovali v\u00a0letnej pr\u00edprave druh\u00fdm, a\u00a0d\u00e1 sa poveda\u0165 aj tret\u00edm z\u00e1pasom, ktor\u00e9 sa hrali simult\u00e1nne, p\u00e1r desiatok kilometrov od seba.","og_url":"https:\/\/evertonfc.cz\/index.php\/2023\/07\/23\/wigan-athletic-everton-01\/","og_site_name":"Official Czech &amp; Slovak Everton Supporters&#039; Club","article_publisher":"https:\/\/www.facebook.com\/everton.fans.cz.sk","article_published_time":"2023-07-23T17:03:44+00:00","og_image":[{"width":720,"height":405,"url":"https:\/\/evertonfc.cz\/wp-content\/uploads\/2023\/07\/Wigan-0-1-Everton-by-Getty-Images-23-7-2023.jpg","type":"image\/jpeg"}],"author":"BlueBlooded","twitter_card":"summary_large_image","twitter_misc":{"Napsal(a)":"BlueBlooded","Odhadovan\u00e1 doba \u010dten\u00ed":"3 minuty"},"schema":{"@context":"https:\/\/schema.org","@graph":[{"@type":"Article","@id":"https:\/\/evertonfc.cz\/index.php\/2023\/07\/23\/wigan-athletic-everton-01\/#article","isPartOf":{"@id":"https:\/\/evertonfc.cz\/index.php\/2023\/07\/23\/wigan-athletic-everton-01\/"},"author":{"name":"BlueBlooded","@id":"https:\/\/evertonfc.cz\/#\/schema\/person\/d4493b8cbea51532597fbc4685698916"},"headline":"Wigan Athletic \u2013 Everton 0:1","datePublished":"2023-07-23T17:03:44+00:00","dateModified":"2023-07-23T17:03:44+00:00","mainEntityOfPage":{"@id":"https:\/\/evertonfc.cz\/index.php\/2023\/07\/23\/wigan-athletic-everton-01\/"},"wordCount":841,"commentCount":0,"publisher":{"@id":"https:\/\/evertonfc.cz\/#organization"},"image":{"@id":"https:\/\/evertonfc.cz\/index.php\/2023\/07\/23\/wigan-athletic-everton-01\/#primaryimage"},"thumbnailUrl":"https:\/\/evertonfc.cz\/wp-content\/uploads\/2023\/07\/Wigan-0-1-Everton-by-Getty-Images-23-7-2023.jpg","articleSection":["Z\u00e1pasy"],"inLanguage":"cs","potentialAction":[{"@type":"CommentAction","name":"Comment","target":["https:\/\/evertonfc.cz\/index.php\/2023\/07\/23\/wigan-athletic-everton-01\/#respond"]}]},{"@type":"WebPage","@id":"https:\/\/evertonfc.cz\/index.php\/2023\/07\/23\/wigan-athletic-everton-01\/","url":"https:\/\/evertonfc.cz\/index.php\/2023\/07\/23\/wigan-athletic-everton-01\/","name":"Wigan Athletic \u2013 Everton 0:1 - Official Czech &amp; Slovak Everton Supporters&#039; Club","isPartOf":{"@id":"https:\/\/evertonfc.cz\/#website"},"primaryImageOfPage":{"@id":"https:\/\/evertonfc.cz\/index.php\/2023\/07\/23\/wigan-athletic-everton-01\/#primaryimage"},"image":{"@id":"https:\/\/evertonfc.cz\/index.php\/2023\/07\/23\/wigan-athletic-everton-01\/#primaryimage"},"thumbnailUrl":"https:\/\/evertonfc.cz\/wp-content\/uploads\/2023\/07\/Wigan-0-1-Everton-by-Getty-Images-23-7-2023.jpg","datePublished":"2023-07-23T17:03:44+00:00","dateModified":"2023-07-23T17:03:44+00:00","breadcrumb":{"@id":"https:\/\/evertonfc.cz\/index.php\/2023\/07\/23\/wigan-athletic-everton-01\/#breadcrumb"},"inLanguage":"cs","potentialAction":[{"@type":"ReadAction","target":["https:\/\/evertonfc.cz\/index.php\/2023\/07\/23\/wigan-athletic-everton-01\/"]}]},{"@type":"ImageObject","inLanguage":"cs","@id":"https:\/\/evertonfc.cz\/index.php\/2023\/07\/23\/wigan-athletic-everton-01\/#primaryimage","url":"https:\/\/evertonfc.cz\/wp-content\/uploads\/2023\/07\/Wigan-0-1-Everton-by-Getty-Images-23-7-2023.jpg","contentUrl":"https:\/\/evertonfc.cz\/wp-content\/uploads\/2023\/07\/Wigan-0-1-Everton-by-Getty-Images-23-7-2023.jpg","width":720,"height":405},{"@type":"BreadcrumbList","@id":"https:\/\/evertonfc.cz\/index.php\/2023\/07\/23\/wigan-athletic-everton-01\/#breadcrumb","itemListElement":[{"@type":"ListItem","position":1,"name":"Home","item":"https:\/\/evertonfc.cz\/"},{"@type":"ListItem","position":2,"name":"Wigan Athletic \u2013 Everton 0:1"}]},{"@type":"WebSite","@id":"https:\/\/evertonfc.cz\/#website","url":"https:\/\/evertonfc.cz\/","name":"Official Czech &amp; Slovak Everton Supporters&#039; Club","description":"","publisher":{"@id":"https:\/\/evertonfc.cz\/#organization"},"potentialAction":[{"@type":"SearchAction","target":{"@type":"EntryPoint","urlTemplate":"https:\/\/evertonfc.cz\/?s={search_term_string}"},"query-input":{"@type":"PropertyValueSpecification","valueRequired":true,"valueName":"search_term_string"}}],"inLanguage":"cs"},{"@type":"Organization","@id":"https:\/\/evertonfc.cz\/#organization","name":"Official Czech & Slovak Everton Supporters' Club","url":"https:\/\/evertonfc.cz\/","logo":{"@type":"ImageObject","inLanguage":"cs","@id":"https:\/\/evertonfc.cz\/#\/schema\/logo\/image\/","url":"https:\/\/evertonfc.cz\/wp-content\/uploads\/2019\/05\/logo.png","contentUrl":"https:\/\/evertonfc.cz\/wp-content\/uploads\/2019\/05\/logo.png","width":112,"height":112,"caption":"Official Czech & Slovak Everton Supporters' Club"},"image":{"@id":"https:\/\/evertonfc.cz\/#\/schema\/logo\/image\/"},"sameAs":["https:\/\/www.facebook.com\/everton.fans.cz.sk"]},{"@type":"Person","@id":"https:\/\/evertonfc.cz\/#\/schema\/person\/d4493b8cbea51532597fbc4685698916","name":"BlueBlooded","url":"https:\/\/evertonfc.cz\/index.php\/author\/admin\/"}]}},"_links":{"self":[{"href":"https:\/\/evertonfc.cz\/index.php\/wp-json\/wp\/v2\/posts\/22087"}],"collection":[{"href":"https:\/\/evertonfc.cz\/index.php\/wp-json\/wp\/v2\/posts"}],"about":[{"href":"https:\/\/evertonfc.cz\/index.php\/wp-json\/wp\/v2\/types\/post"}],"author":[{"embeddable":true,"href":"https:\/\/evertonfc.cz\/index.php\/wp-json\/wp\/v2\/users\/1"}],"replies":[{"embeddable":true,"href":"https:\/\/evertonfc.cz\/index.php\/wp-json\/wp\/v2\/comments?post=22087"}],"version-history":[{"count":2,"href":"https:\/\/evertonfc.cz\/index.php\/wp-json\/wp\/v2\/posts\/22087\/revisions"}],"predecessor-version":[{"id":22090,"href":"https:\/\/evertonfc.cz\/index.php\/wp-json\/wp\/v2\/posts\/22087\/revisions\/22090"}],"wp:featuredmedia":[{"embeddable":true,"href":"https:\/\/evertonfc.cz\/index.php\/wp-json\/wp\/v2\/media\/22088"}],"wp:attachment":[{"href":"https:\/\/evertonfc.cz\/index.php\/wp-json\/wp\/v2\/media?parent=22087"}],"wp:term":[{"taxonomy":"category","embeddable":true,"href":"https:\/\/evertonfc.cz\/index.php\/wp-json\/wp\/v2\/categories?post=22087"},{"taxonomy":"post_tag","embeddable":true,"href":"https:\/\/evertonfc.cz\/index.php\/wp-json\/wp\/v2\/tags?post=22087"}],"curies":[{"name":"wp","href":"https:\/\/api.w.org\/{rel}","templated":true}]}}