{"id":22092,"date":"2023-07-23T19:46:44","date_gmt":"2023-07-23T17:46:44","guid":{"rendered":"https:\/\/evertonfc.cz\/?p=22092"},"modified":"2023-07-23T21:31:04","modified_gmt":"2023-07-23T19:31:04","slug":"posila-s-pulrocnim-zpozdenim-danjuma","status":"publish","type":"post","link":"https:\/\/evertonfc.cz\/index.php\/2023\/07\/23\/posila-s-pulrocnim-zpozdenim-danjuma\/","title":{"rendered":"Posila s p\u016flro\u010dn\u00edm zpo\u017ed\u011bn\u00edm: Danjuma"},"content":{"rendered":"<h4>Evertonu se na druh\u00fd pokus poda\u0159ilo p\u0159iv\u00e9st vytou\u017eenou posilu, 26let\u00fd Danjuma p\u0159ich\u00e1z\u00ed na ro\u010dn\u00ed hostov\u00e1n\u00ed ze \u0161pan\u011blsk\u00e9ho Villarrealu.<\/h4>\n<p>Smlouva o hostov\u00e1n\u00ed nezahrnuje p\u0159\u00edpadnou opci na p\u0159estup a za ro\u010dn\u00ed vyp\u016fj\u010den\u00ed zaplat\u00ed Toffees \u0161pan\u011blsk\u00e9mu celku 3,5 milionu liber.<\/p>\n<p>Ofenzivn\u00ed univerz\u00e1l, kter\u00fd um\u00ed nastoupit na obou k\u0159\u00eddlech, podhrotu a tak\u00e9 v \u00fatoku (se sv\u00fdmi 178 centimetry ale nen\u00ed typick\u00fdm hrotem), byl dlouhodobou p\u0159estupovou prioritou sportovn\u00edho \u0159editele Evertonu Kevina Thelwella. Ten operuje s velmi osekan\u00fdm rozpo\u010dtem, co\u017e vysv\u011btluje z\u00e1jem o hostov\u00e1n\u00ed kvalitn\u00edho hr\u00e1\u010de, kter\u00fd m\u016f\u017ee pokr\u00fdt n\u011bkolik pozic v sestav\u011b.<\/p>\n<p><em>\u201eJe skv\u011bl\u00e9 b\u00fdt hr\u00e1\u010dem Evertonu, jsem up\u0159\u00edmn\u011b \u0161\u0165astn\u00fd. M\u011bl jsem nab\u00eddky tak\u00e9 z jin\u00fdch klub\u016f, ale anga\u017em\u00e1 v Evertonu m\u011b velmi l\u00e1kalo kv\u016fli skv\u011bl\u00fdm fanou\u0161k\u016fm, mana\u017eerovi a bohat\u00e9 historii klubu. Napodruh\u00e9 u\u017e mi to vy\u0161lo,\u201c<\/em> nezapomn\u011bl Danjuma na lednov\u00e9 extempore, kdy byl dohodnut\u00fd na hostov\u00e1n\u00ed v Evertonu, dokonce m\u011bl za sebou focen\u00ed v modr\u00e9m dresu, ale po odvol\u00e1n\u00ed mana\u017eera Franka Lamparda znejistil a k\u00fdvl na last-minute nab\u00eddku Tottenhamu.<\/p>\n<p><em>\u201eV zim\u011b jsem nakonec nep\u0159estoupil do Evertonu, proto\u017ee panovala nejistota ohledn\u011b nov\u00e9ho mana\u017eera. Mo\u017en\u00e1 o to kr\u00e1sn\u011bj\u0161\u00ed je m\u016fj p\u0159estup nyn\u00ed. Jsem klubu vd\u011b\u010dn\u00fd za d\u016fv\u011bru, kterou do m\u011b vlo\u017eil. Douf\u00e1m, \u017ee p\u0159isp\u011bji brankami a asistencemi k v\u00fdhr\u00e1m. Nov\u00fd mana\u017eer dok\u00e1zal zlep\u0161it mu\u017estvo. T\u011b\u0161\u00edm se, \u017ee budu jeho sou\u010d\u00e1st\u00ed,\u201c<\/em> doplnil nov\u00fd evertonsk\u00fd hr\u00e1\u010d s \u010d\u00edslem deset.<\/p>\n<p>Rod\u00e1k z nig\u00e9rijsk\u00e9ho Lagosu vyst\u0159\u00eddal ve sv\u00fdch 26 letech u\u017e slu\u0161nou \u0159\u00e1dku klub\u016f. Kari\u00e9ru za\u010d\u00ednal v akademii PSV, do dosp\u011bl\u00e9ho fotbalu ale prorazil v jin\u00e9m nizozemsk\u00e9m celku &#8211; NEC Nijmegen.<\/p>\n<p>N\u00e1sledn\u011b po \u00fasp\u011b\u0161n\u00e9 sez\u00f3n\u011b v belgick\u00e9m Club Brugge p\u0159estoupil do Bournemouthu, s n\u00edm\u017e po nepoveden\u00e9 sez\u00f3n\u011b sestoupil z Premier League, aby v n\u00e1sleduj\u00edc\u00edm ro\u010dn\u00edku pomohl 15 brankami k n\u00e1vratu mezi anglickou elitu. V l\u00e9t\u011b 2021 zam\u00ed\u0159il za 20 milion\u016f liber do Villarrealu a v barv\u00e1ch \u017dlut\u00e9 ponorky pokra\u010doval v poveden\u00fdch v\u00fdkonech, zaznamenal dokonce \u0161est branek v Lize mistr\u016f a s t\u00fdmem postoupil a\u017e do semifin\u00e1le sout\u011b\u017ee.<\/p>\n<p>Na za\u010d\u00e1tku lo\u0148sk\u00e9 sez\u00f3ny ale vypadl z t\u00fdmu kv\u016fli zran\u011bn\u00ed, tak\u00e9 se psalo Danjumov\u00fdch neshod\u00e1ch se spoluhr\u00e1\u010di. Villareal tak Nizozemce ochotn\u011b pustil do Premier League b\u011bhem leto\u0161n\u00ed zimy. P\u016flrok v Tottenhamu ale Danjumovi nevy\u0161el, nasko\u010dil jen do dev\u00edti ligov\u00fdch z\u00e1pas\u016f, z toho pouze jednou v z\u00e1kladn\u00ed sestav\u011b, a p\u0159ipsal si jedinou branku. V Premier League se nyn\u00ed bude sna\u017eit prosadit napot\u0159et\u00ed.<\/p>\n<p>Everton z\u00edskal po veter\u00e1novi Youngovi druhou letn\u00ed posilu a nad\u00e1le z\u016fst\u00e1v\u00e1 aktivn\u00ed na p\u0159estupov\u00e9m poli. Aktu\u00e1ln\u011b se pr\u00fd soust\u0159ed\u00ed na dal\u0161\u00ed hr\u00e1\u010de do \u00fato\u010dn\u00fdch pozic a tak\u00e9 na zku\u0161en\u00e9ho st\u0159edn\u00edho obr\u00e1nce. Nejv\u00edce se moment\u00e1ln\u011b spekuluje o p\u0159\u00edchodu k\u0159\u00eddeln\u00edka Wilfrieda Gnonta z Leedsu a \u00fato\u010dn\u00edka El Bilala Toureho z Almeria. K\u0159\u00eddeln\u00edk Anthony Elanga a \u00fato\u010dn\u00edk Moussa Demb\u00e9l\u00e9, o n\u011b\u017e se Toffees zaj\u00edmali, preferuj\u00ed jin\u00e9 destinace. V n\u00e1sleduj\u00edc\u00edch dnech by naopak m\u011bl mlad\u00fd \u00fato\u010dn\u00edk Tom Cannon zam\u00ed\u0159it na op\u011btovn\u00e9 hostov\u00e1n\u00ed do Prestonu. Tak\u00e9 se spekuluje o prodeji Holgatea, Graye \u010di Maupaye.<\/p>\n<p style=\"text-align: right;\"><span style=\"font-size: 8pt;\">(fotozdroj: evertonfc.com)<\/span><\/p>\n","protected":false},"excerpt":{"rendered":"<p>Evertonu se na druh\u00fd pokus poda\u0159ilo p\u0159iv\u00e9st vytou\u017eenou posilu, 26let\u00fd Danjuma p\u0159ich\u00e1z\u00ed na ro\u010dn\u00ed hostov\u00e1n\u00ed ze \u0161pan\u011blsk\u00e9ho Villarrealu.<\/p>\n","protected":false},"author":6,"featured_media":22093,"comment_status":"open","ping_status":"closed","sticky":false,"template":"","format":"standard","meta":{"_eb_attr":"","_monsterinsights_skip_tracking":false,"_monsterinsights_sitenote_active":false,"_monsterinsights_sitenote_note":"","_monsterinsights_sitenote_category":0,"footnotes":""},"categories":[41],"tags":[],"yoast_head":"<!-- This site is optimized with the Yoast SEO plugin v23.4 - https:\/\/yoast.com\/wordpress\/plugins\/seo\/ -->\n<title>Posila s p\u016flro\u010dn\u00edm zpo\u017ed\u011bn\u00edm: Danjuma - Official Czech &amp; Slovak Everton Supporters&#039; Club<\/title>\n<meta name=\"robots\" content=\"index, follow, max-snippet:-1, max-image-preview:large, max-video-preview:-1\" \/>\n<link rel=\"canonical\" href=\"https:\/\/evertonfc.cz\/index.php\/2023\/07\/23\/posila-s-pulrocnim-zpozdenim-danjuma\/\" \/>\n<meta property=\"og:locale\" content=\"cs_CZ\" \/>\n<meta property=\"og:type\" content=\"article\" \/>\n<meta property=\"og:title\" content=\"Posila s p\u016flro\u010dn\u00edm zpo\u017ed\u011bn\u00edm: Danjuma - Official Czech &amp; Slovak Everton Supporters&#039; Club\" \/>\n<meta property=\"og:description\" content=\"Evertonu se na druh\u00fd pokus poda\u0159ilo p\u0159iv\u00e9st vytou\u017eenou posilu, 26let\u00fd Danjuma p\u0159ich\u00e1z\u00ed na ro\u010dn\u00ed hostov\u00e1n\u00ed ze \u0161pan\u011blsk\u00e9ho Villarrealu.\" \/>\n<meta property=\"og:url\" content=\"https:\/\/evertonfc.cz\/index.php\/2023\/07\/23\/posila-s-pulrocnim-zpozdenim-danjuma\/\" \/>\n<meta property=\"og:site_name\" content=\"Official Czech &amp; Slovak Everton Supporters&#039; Club\" \/>\n<meta property=\"article:publisher\" content=\"https:\/\/www.facebook.com\/everton.fans.cz.sk\" \/>\n<meta property=\"article:published_time\" content=\"2023-07-23T17:46:44+00:00\" \/>\n<meta property=\"article:modified_time\" content=\"2023-07-23T19:31:04+00:00\" \/>\n<meta property=\"og:image\" content=\"https:\/\/evertonfc.cz\/wp-content\/uploads\/2023\/07\/danjuma_23_7_2023.jpg\" \/>\n\t<meta property=\"og:image:width\" content=\"720\" \/>\n\t<meta property=\"og:image:height\" content=\"405\" \/>\n\t<meta property=\"og:image:type\" content=\"image\/jpeg\" \/>\n<meta name=\"author\" content=\"Ri\u010di\" \/>\n<meta name=\"twitter:card\" content=\"summary_large_image\" \/>\n<meta name=\"twitter:creator\" content=\"@rbrejsa\" \/>\n<meta name=\"twitter:label1\" content=\"Napsal(a)\" \/>\n\t<meta name=\"twitter:data1\" content=\"Ri\u010di\" \/>\n\t<meta name=\"twitter:label2\" content=\"Odhadovan\u00e1 doba \u010dten\u00ed\" \/>\n\t<meta name=\"twitter:data2\" content=\"3 minuty\" \/>\n<script type=\"application\/ld+json\" class=\"yoast-schema-graph\">{\"@context\":\"https:\/\/schema.org\",\"@graph\":[{\"@type\":\"Article\",\"@id\":\"https:\/\/evertonfc.cz\/index.php\/2023\/07\/23\/posila-s-pulrocnim-zpozdenim-danjuma\/#article\",\"isPartOf\":{\"@id\":\"https:\/\/evertonfc.cz\/index.php\/2023\/07\/23\/posila-s-pulrocnim-zpozdenim-danjuma\/\"},\"author\":{\"name\":\"Ri\u010di\",\"@id\":\"https:\/\/evertonfc.cz\/#\/schema\/person\/f7a5daedb2ffee98480bc70e191aaef1\"},\"headline\":\"Posila s p\u016flro\u010dn\u00edm zpo\u017ed\u011bn\u00edm: Danjuma\",\"datePublished\":\"2023-07-23T17:46:44+00:00\",\"dateModified\":\"2023-07-23T19:31:04+00:00\",\"mainEntityOfPage\":{\"@id\":\"https:\/\/evertonfc.cz\/index.php\/2023\/07\/23\/posila-s-pulrocnim-zpozdenim-danjuma\/\"},\"wordCount\":641,\"commentCount\":1,\"publisher\":{\"@id\":\"https:\/\/evertonfc.cz\/#organization\"},\"image\":{\"@id\":\"https:\/\/evertonfc.cz\/index.php\/2023\/07\/23\/posila-s-pulrocnim-zpozdenim-danjuma\/#primaryimage\"},\"thumbnailUrl\":\"https:\/\/evertonfc.cz\/wp-content\/uploads\/2023\/07\/danjuma_23_7_2023.jpg\",\"articleSection\":[\"P\u0159estupy\"],\"inLanguage\":\"cs\",\"potentialAction\":[{\"@type\":\"CommentAction\",\"name\":\"Comment\",\"target\":[\"https:\/\/evertonfc.cz\/index.php\/2023\/07\/23\/posila-s-pulrocnim-zpozdenim-danjuma\/#respond\"]}]},{\"@type\":\"WebPage\",\"@id\":\"https:\/\/evertonfc.cz\/index.php\/2023\/07\/23\/posila-s-pulrocnim-zpozdenim-danjuma\/\",\"url\":\"https:\/\/evertonfc.cz\/index.php\/2023\/07\/23\/posila-s-pulrocnim-zpozdenim-danjuma\/\",\"name\":\"Posila s p\u016flro\u010dn\u00edm zpo\u017ed\u011bn\u00edm: Danjuma - Official Czech &amp; Slovak Everton Supporters&#039; Club\",\"isPartOf\":{\"@id\":\"https:\/\/evertonfc.cz\/#website\"},\"primaryImageOfPage\":{\"@id\":\"https:\/\/evertonfc.cz\/index.php\/2023\/07\/23\/posila-s-pulrocnim-zpozdenim-danjuma\/#primaryimage\"},\"image\":{\"@id\":\"https:\/\/evertonfc.cz\/index.php\/2023\/07\/23\/posila-s-pulrocnim-zpozdenim-danjuma\/#primaryimage\"},\"thumbnailUrl\":\"https:\/\/evertonfc.cz\/wp-content\/uploads\/2023\/07\/danjuma_23_7_2023.jpg\",\"datePublished\":\"2023-07-23T17:46:44+00:00\",\"dateModified\":\"2023-07-23T19:31:04+00:00\",\"breadcrumb\":{\"@id\":\"https:\/\/evertonfc.cz\/index.php\/2023\/07\/23\/posila-s-pulrocnim-zpozdenim-danjuma\/#breadcrumb\"},\"inLanguage\":\"cs\",\"potentialAction\":[{\"@type\":\"ReadAction\",\"target\":[\"https:\/\/evertonfc.cz\/index.php\/2023\/07\/23\/posila-s-pulrocnim-zpozdenim-danjuma\/\"]}]},{\"@type\":\"ImageObject\",\"inLanguage\":\"cs\",\"@id\":\"https:\/\/evertonfc.cz\/index.php\/2023\/07\/23\/posila-s-pulrocnim-zpozdenim-danjuma\/#primaryimage\",\"url\":\"https:\/\/evertonfc.cz\/wp-content\/uploads\/2023\/07\/danjuma_23_7_2023.jpg\",\"contentUrl\":\"https:\/\/evertonfc.cz\/wp-content\/uploads\/2023\/07\/danjuma_23_7_2023.jpg\",\"width\":720,\"height\":405},{\"@type\":\"BreadcrumbList\",\"@id\":\"https:\/\/evertonfc.cz\/index.php\/2023\/07\/23\/posila-s-pulrocnim-zpozdenim-danjuma\/#breadcrumb\",\"itemListElement\":[{\"@type\":\"ListItem\",\"position\":1,\"name\":\"Home\",\"item\":\"https:\/\/evertonfc.cz\/\"},{\"@type\":\"ListItem\",\"position\":2,\"name\":\"Posila s p\u016flro\u010dn\u00edm zpo\u017ed\u011bn\u00edm: Danjuma\"}]},{\"@type\":\"WebSite\",\"@id\":\"https:\/\/evertonfc.cz\/#website\",\"url\":\"https:\/\/evertonfc.cz\/\",\"name\":\"Official Czech &amp; Slovak Everton Supporters&#039; Club\",\"description\":\"\",\"publisher\":{\"@id\":\"https:\/\/evertonfc.cz\/#organization\"},\"potentialAction\":[{\"@type\":\"SearchAction\",\"target\":{\"@type\":\"EntryPoint\",\"urlTemplate\":\"https:\/\/evertonfc.cz\/?s={search_term_string}\"},\"query-input\":{\"@type\":\"PropertyValueSpecification\",\"valueRequired\":true,\"valueName\":\"search_term_string\"}}],\"inLanguage\":\"cs\"},{\"@type\":\"Organization\",\"@id\":\"https:\/\/evertonfc.cz\/#organization\",\"name\":\"Official Czech & Slovak Everton Supporters' Club\",\"url\":\"https:\/\/evertonfc.cz\/\",\"logo\":{\"@type\":\"ImageObject\",\"inLanguage\":\"cs\",\"@id\":\"https:\/\/evertonfc.cz\/#\/schema\/logo\/image\/\",\"url\":\"https:\/\/evertonfc.cz\/wp-content\/uploads\/2019\/05\/logo.png\",\"contentUrl\":\"https:\/\/evertonfc.cz\/wp-content\/uploads\/2019\/05\/logo.png\",\"width\":112,\"height\":112,\"caption\":\"Official Czech & Slovak Everton Supporters' Club\"},\"image\":{\"@id\":\"https:\/\/evertonfc.cz\/#\/schema\/logo\/image\/\"},\"sameAs\":[\"https:\/\/www.facebook.com\/everton.fans.cz.sk\"]},{\"@type\":\"Person\",\"@id\":\"https:\/\/evertonfc.cz\/#\/schema\/person\/f7a5daedb2ffee98480bc70e191aaef1\",\"name\":\"Ri\u010di\",\"sameAs\":[\"https:\/\/x.com\/rbrejsa\"],\"url\":\"https:\/\/evertonfc.cz\/index.php\/author\/rici\/\"}]}<\/script>\n<!-- \/ Yoast SEO plugin. -->","yoast_head_json":{"title":"Posila s p\u016flro\u010dn\u00edm zpo\u017ed\u011bn\u00edm: Danjuma - Official Czech &amp; Slovak Everton Supporters&#039; Club","robots":{"index":"index","follow":"follow","max-snippet":"max-snippet:-1","max-image-preview":"max-image-preview:large","max-video-preview":"max-video-preview:-1"},"canonical":"https:\/\/evertonfc.cz\/index.php\/2023\/07\/23\/posila-s-pulrocnim-zpozdenim-danjuma\/","og_locale":"cs_CZ","og_type":"article","og_title":"Posila s p\u016flro\u010dn\u00edm zpo\u017ed\u011bn\u00edm: Danjuma - Official Czech &amp; Slovak Everton Supporters&#039; Club","og_description":"Evertonu se na druh\u00fd pokus poda\u0159ilo p\u0159iv\u00e9st vytou\u017eenou posilu, 26let\u00fd Danjuma p\u0159ich\u00e1z\u00ed na ro\u010dn\u00ed hostov\u00e1n\u00ed ze \u0161pan\u011blsk\u00e9ho Villarrealu.","og_url":"https:\/\/evertonfc.cz\/index.php\/2023\/07\/23\/posila-s-pulrocnim-zpozdenim-danjuma\/","og_site_name":"Official Czech &amp; Slovak Everton Supporters&#039; Club","article_publisher":"https:\/\/www.facebook.com\/everton.fans.cz.sk","article_published_time":"2023-07-23T17:46:44+00:00","article_modified_time":"2023-07-23T19:31:04+00:00","og_image":[{"width":720,"height":405,"url":"https:\/\/evertonfc.cz\/wp-content\/uploads\/2023\/07\/danjuma_23_7_2023.jpg","type":"image\/jpeg"}],"author":"Ri\u010di","twitter_card":"summary_large_image","twitter_creator":"@rbrejsa","twitter_misc":{"Napsal(a)":"Ri\u010di","Odhadovan\u00e1 doba \u010dten\u00ed":"3 minuty"},"schema":{"@context":"https:\/\/schema.org","@graph":[{"@type":"Article","@id":"https:\/\/evertonfc.cz\/index.php\/2023\/07\/23\/posila-s-pulrocnim-zpozdenim-danjuma\/#article","isPartOf":{"@id":"https:\/\/evertonfc.cz\/index.php\/2023\/07\/23\/posila-s-pulrocnim-zpozdenim-danjuma\/"},"author":{"name":"Ri\u010di","@id":"https:\/\/evertonfc.cz\/#\/schema\/person\/f7a5daedb2ffee98480bc70e191aaef1"},"headline":"Posila s p\u016flro\u010dn\u00edm zpo\u017ed\u011bn\u00edm: Danjuma","datePublished":"2023-07-23T17:46:44+00:00","dateModified":"2023-07-23T19:31:04+00:00","mainEntityOfPage":{"@id":"https:\/\/evertonfc.cz\/index.php\/2023\/07\/23\/posila-s-pulrocnim-zpozdenim-danjuma\/"},"wordCount":641,"commentCount":1,"publisher":{"@id":"https:\/\/evertonfc.cz\/#organization"},"image":{"@id":"https:\/\/evertonfc.cz\/index.php\/2023\/07\/23\/posila-s-pulrocnim-zpozdenim-danjuma\/#primaryimage"},"thumbnailUrl":"https:\/\/evertonfc.cz\/wp-content\/uploads\/2023\/07\/danjuma_23_7_2023.jpg","articleSection":["P\u0159estupy"],"inLanguage":"cs","potentialAction":[{"@type":"CommentAction","name":"Comment","target":["https:\/\/evertonfc.cz\/index.php\/2023\/07\/23\/posila-s-pulrocnim-zpozdenim-danjuma\/#respond"]}]},{"@type":"WebPage","@id":"https:\/\/evertonfc.cz\/index.php\/2023\/07\/23\/posila-s-pulrocnim-zpozdenim-danjuma\/","url":"https:\/\/evertonfc.cz\/index.php\/2023\/07\/23\/posila-s-pulrocnim-zpozdenim-danjuma\/","name":"Posila s p\u016flro\u010dn\u00edm zpo\u017ed\u011bn\u00edm: Danjuma - Official Czech &amp; Slovak Everton Supporters&#039; Club","isPartOf":{"@id":"https:\/\/evertonfc.cz\/#website"},"primaryImageOfPage":{"@id":"https:\/\/evertonfc.cz\/index.php\/2023\/07\/23\/posila-s-pulrocnim-zpozdenim-danjuma\/#primaryimage"},"image":{"@id":"https:\/\/evertonfc.cz\/index.php\/2023\/07\/23\/posila-s-pulrocnim-zpozdenim-danjuma\/#primaryimage"},"thumbnailUrl":"https:\/\/evertonfc.cz\/wp-content\/uploads\/2023\/07\/danjuma_23_7_2023.jpg","datePublished":"2023-07-23T17:46:44+00:00","dateModified":"2023-07-23T19:31:04+00:00","breadcrumb":{"@id":"https:\/\/evertonfc.cz\/index.php\/2023\/07\/23\/posila-s-pulrocnim-zpozdenim-danjuma\/#breadcrumb"},"inLanguage":"cs","potentialAction":[{"@type":"ReadAction","target":["https:\/\/evertonfc.cz\/index.php\/2023\/07\/23\/posila-s-pulrocnim-zpozdenim-danjuma\/"]}]},{"@type":"ImageObject","inLanguage":"cs","@id":"https:\/\/evertonfc.cz\/index.php\/2023\/07\/23\/posila-s-pulrocnim-zpozdenim-danjuma\/#primaryimage","url":"https:\/\/evertonfc.cz\/wp-content\/uploads\/2023\/07\/danjuma_23_7_2023.jpg","contentUrl":"https:\/\/evertonfc.cz\/wp-content\/uploads\/2023\/07\/danjuma_23_7_2023.jpg","width":720,"height":405},{"@type":"BreadcrumbList","@id":"https:\/\/evertonfc.cz\/index.php\/2023\/07\/23\/posila-s-pulrocnim-zpozdenim-danjuma\/#breadcrumb","itemListElement":[{"@type":"ListItem","position":1,"name":"Home","item":"https:\/\/evertonfc.cz\/"},{"@type":"ListItem","position":2,"name":"Posila s p\u016flro\u010dn\u00edm zpo\u017ed\u011bn\u00edm: Danjuma"}]},{"@type":"WebSite","@id":"https:\/\/evertonfc.cz\/#website","url":"https:\/\/evertonfc.cz\/","name":"Official Czech &amp; Slovak Everton Supporters&#039; Club","description":"","publisher":{"@id":"https:\/\/evertonfc.cz\/#organization"},"potentialAction":[{"@type":"SearchAction","target":{"@type":"EntryPoint","urlTemplate":"https:\/\/evertonfc.cz\/?s={search_term_string}"},"query-input":{"@type":"PropertyValueSpecification","valueRequired":true,"valueName":"search_term_string"}}],"inLanguage":"cs"},{"@type":"Organization","@id":"https:\/\/evertonfc.cz\/#organization","name":"Official Czech & Slovak Everton Supporters' Club","url":"https:\/\/evertonfc.cz\/","logo":{"@type":"ImageObject","inLanguage":"cs","@id":"https:\/\/evertonfc.cz\/#\/schema\/logo\/image\/","url":"https:\/\/evertonfc.cz\/wp-content\/uploads\/2019\/05\/logo.png","contentUrl":"https:\/\/evertonfc.cz\/wp-content\/uploads\/2019\/05\/logo.png","width":112,"height":112,"caption":"Official Czech & Slovak Everton Supporters' Club"},"image":{"@id":"https:\/\/evertonfc.cz\/#\/schema\/logo\/image\/"},"sameAs":["https:\/\/www.facebook.com\/everton.fans.cz.sk"]},{"@type":"Person","@id":"https:\/\/evertonfc.cz\/#\/schema\/person\/f7a5daedb2ffee98480bc70e191aaef1","name":"Ri\u010di","sameAs":["https:\/\/x.com\/rbrejsa"],"url":"https:\/\/evertonfc.cz\/index.php\/author\/rici\/"}]}},"_links":{"self":[{"href":"https:\/\/evertonfc.cz\/index.php\/wp-json\/wp\/v2\/posts\/22092"}],"collection":[{"href":"https:\/\/evertonfc.cz\/index.php\/wp-json\/wp\/v2\/posts"}],"about":[{"href":"https:\/\/evertonfc.cz\/index.php\/wp-json\/wp\/v2\/types\/post"}],"author":[{"embeddable":true,"href":"https:\/\/evertonfc.cz\/index.php\/wp-json\/wp\/v2\/users\/6"}],"replies":[{"embeddable":true,"href":"https:\/\/evertonfc.cz\/index.php\/wp-json\/wp\/v2\/comments?post=22092"}],"version-history":[{"count":11,"href":"https:\/\/evertonfc.cz\/index.php\/wp-json\/wp\/v2\/posts\/22092\/revisions"}],"predecessor-version":[{"id":22109,"href":"https:\/\/evertonfc.cz\/index.php\/wp-json\/wp\/v2\/posts\/22092\/revisions\/22109"}],"wp:featuredmedia":[{"embeddable":true,"href":"https:\/\/evertonfc.cz\/index.php\/wp-json\/wp\/v2\/media\/22093"}],"wp:attachment":[{"href":"https:\/\/evertonfc.cz\/index.php\/wp-json\/wp\/v2\/media?parent=22092"}],"wp:term":[{"taxonomy":"category","embeddable":true,"href":"https:\/\/evertonfc.cz\/index.php\/wp-json\/wp\/v2\/categories?post=22092"},{"taxonomy":"post_tag","embeddable":true,"href":"https:\/\/evertonfc.cz\/index.php\/wp-json\/wp\/v2\/tags?post=22092"}],"curies":[{"name":"wp","href":"https:\/\/api.w.org\/{rel}","templated":true}]}}