{"id":2212,"date":"2018-02-01T17:34:23","date_gmt":"2018-02-01T16:34:23","guid":{"rendered":"http:\/\/evertonfc.cz\/?p=2212"},"modified":"2019-02-06T19:52:32","modified_gmt":"2019-02-06T18:52:32","slug":"obranu-ma-vyztuzit-eliaquim-mangala","status":"publish","type":"post","link":"https:\/\/evertonfc.cz\/index.php\/2018\/02\/01\/obranu-ma-vyztuzit-eliaquim-mangala\/","title":{"rendered":"Obranu m\u00e1 vyztu\u017eit Eliaquim Mangala"},"content":{"rendered":"\n<h4 class=\"wp-block-heading\">Toffees se do\u010dkali levonoh\u00e9 posily do obrany, i kdy\u017e se nejedn\u00e1 o vysn\u011bn\u00e9ho lev\u00e9ho obr\u00e1nce. Do konce sez\u00f3ny bude na Goodison Parku hostovat stoper&nbsp;Eliaquim Mangala z Manchesteru City.<\/h4>\n\n\n\n<p>26let\u00fd francouzsk\u00fd reprezentant, mezi jeho\u017e p\u0159ednosti pat\u0159\u00ed s\u00edla v osobn\u00edch souboj\u00edch a fyzick\u00e1 p\u0159ipravenost, letos odehr\u00e1l za Citizens 15 z\u00e1pas\u016f. P\u0159ebyte\u010dn\u00fdm se ale stal pot\u00e9, co na jeho pozici p\u0159i\u0161el za velk\u00e9 pen\u00edze jin\u00fd Francouz Aymeric Laporte.<\/p>\n\n\n\n<p>Everton za hostov\u00e1n\u00ed nic nezaplat\u00ed, bude v\u0161ak hradit cel\u00fd Mangal\u016fv plat, jen\u017e se pohybuje kolem 65 tis\u00edc liber t\u00fddn\u011b. V&nbsp;podm\u00ednk\u00e1ch hostov\u00e1n\u00ed nen\u00ed zakotvena opce na p\u0159estup, jak pozd\u011bji informoval den\u00edk Liverpool Echo.<\/p>\n\n\n\n<p>Mangala se narodil na p\u0159edm\u011bst\u00ed Pa\u0159\u00ed\u017ee rodi\u010d\u016fm poch\u00e1zej\u00edc\u00edm z DR Kongo. Rodina se ale z\u00e1hy p\u0159est\u011bhovala do frankofonn\u00ed \u010d\u00e1sti Belgie, kde mlad\u00fd&nbsp;Eliaquim (\u010dti&nbsp;<em>Eljakym<\/em>) za\u010dal kopat do m\u00ed\u010de. Kop\u00e1n\u00ed mu celkem \u0161lo, a proto si ho jako teenagera vyhl\u00e9dl Standard Lutych. I v&nbsp;profesion\u00e1ln\u00edch podm\u00ednk\u00e1ch se Mangalovi da\u0159ilo a debut v&nbsp;dosp\u011bl\u00e9m fotbale si odbyl ji\u017e v&nbsp;17 letech na podzim 2008. Od n\u00e1sleduj\u00edc\u00ed sez\u00f3ny 2009\/10 se za\u0159adil mezi \u010dleny z\u00e1kladn\u00ed sestavy a o jeho talentu se mluvilo i za hranicemi Belgie.<\/p>\n\n\n\n<p>Stabiln\u00ed v\u00fdkony po dva roky mu vynesly p\u0159estup do Porta, kter\u00e9 v srpnu 2011 koupilo devaten\u00e1ctilet\u00e9ho Mangalu spole\u010dn\u011b se z\u00e1lo\u017en\u00edkem Defourem za 11 mili\u00f3n\u016f liber. U\u017e tehdy urostl\u00fd obr\u00e1nce nejprve sb\u00edral zku\u0161enosti p\u0159ev\u00e1\u017en\u011b z lavi\u010dky n\u00e1hradn\u00edk\u016f, ne\u017e se v sez\u00f3n\u011b 2012\/13 (sv\u00e9 druh\u00e9 v Portugalsku) probojoval do z\u00e1kladn\u00ed sestavy. V n\u00ed se i p\u0159es ob\u010dasn\u00e9 zbyte\u010dn\u00e9 surov\u00e9 z\u00e1kroky udr\u017eel a pomohl Portu k obhajob\u011b ligov\u00e9ho titulu. V&nbsp;n\u011bkolika z\u00e1pasech p\u0159itom zaskakoval na postu lev\u00e9ho obr\u00e1nce.<\/p>\n\n\n\n<p>Krom\u011b mistrovsk\u00fdch vav\u0159\u00edn\u016f se Mangala radoval i z&nbsp;prvn\u00edho startu v n\u00e1rodn\u00edm t\u00fdmu Francie, do n\u011bho\u017e byl povol\u00e1v\u00e1n cel\u00fd n\u00e1sleduj\u00edc\u00ed rok, a tak mu neunikla nominace na mistrovstv\u00ed sv\u011bta 2014. Na \u0161ampion\u00e1tu v&nbsp;Braz\u00edlii si nicm\u00e9n\u011b nezahr\u00e1l ani minutu.<\/p>\n\n\n\n<p>Po MS se upekl dal\u0161\u00ed Mangal\u016fv p\u0159esun. Movit\u00ed \u0161ejkov\u00e9 z Manchesteru City nev\u00e1hali vyplatit Portu 32 milion\u016f liber, p\u0159i\u010dem\u017e dal\u0161\u00ed 18 mili\u00f3n\u016f si vy\u017e\u00e1daly dv\u011b spole\u010dnosti, je\u017e vlastnily 40 procent hr\u00e1\u010dov\u00fdch pr\u00e1v.<\/p>\n\n\n\n<p>Drah\u00fd p\u0159estup ale nikdy nedost\u00e1l sv\u00e9 ceny. Mangalovi byl sice poskytnut dostatek \u010dasu a p\u0159\u00edle\u017eitost\u00ed na aklimatizaci, t\u00fdm v\u0161ak opakovan\u011b sr\u00e1\u017eel \u0161kol\u00e1ck\u00fdmi chybami. Za sv\u00fdmi spoluhr\u00e1\u010di v\u00fdrazn\u011b zaost\u00e1val technicky i takticky. S&nbsp;p\u0159\u00edchodem nov\u00e9ho mana\u017eera Guardioly v&nbsp;l\u00e9t\u011b 2016 se ocitl mimo k\u00e1dr a s vd\u011bkem k\u00fdvl na ro\u010dn\u00ed hostov\u00e1n\u00ed ve Valencii, v&nbsp;jej\u00edm\u017e dresu uk\u00e1zal, \u017ee nezapomn\u011bl hr\u00e1t fotbal. I p\u0159esto si ale v&nbsp;leto\u0161n\u00ed sez\u00f3n\u011b nez\u00edskal Guardiolovu d\u016fv\u011bru.<br><\/p>\n","protected":false},"excerpt":{"rendered":"<p>Toffees se do\u010dkali levonoh\u00e9 posily do obrany, i kdy\u017e se nejedn\u00e1 o vysn\u011bn\u00e9ho lev\u00e9ho obr\u00e1nce. Do konce sez\u00f3ny bude na&hellip;<\/p>\n","protected":false},"author":6,"featured_media":1316,"comment_status":"open","ping_status":"closed","sticky":false,"template":"","format":"standard","meta":{"_eb_attr":"","_monsterinsights_skip_tracking":false,"_monsterinsights_sitenote_active":false,"_monsterinsights_sitenote_note":"","_monsterinsights_sitenote_category":0,"footnotes":""},"categories":[41],"tags":[],"yoast_head":"<!-- This site is optimized with the Yoast SEO plugin v23.4 - https:\/\/yoast.com\/wordpress\/plugins\/seo\/ -->\n<title>Obranu m\u00e1 vyztu\u017eit Eliaquim Mangala - Official Czech &amp; Slovak Everton Supporters&#039; Club<\/title>\n<meta name=\"robots\" content=\"index, follow, max-snippet:-1, max-image-preview:large, max-video-preview:-1\" \/>\n<link rel=\"canonical\" href=\"https:\/\/evertonfc.cz\/index.php\/2018\/02\/01\/obranu-ma-vyztuzit-eliaquim-mangala\/\" \/>\n<meta property=\"og:locale\" content=\"cs_CZ\" \/>\n<meta property=\"og:type\" content=\"article\" \/>\n<meta property=\"og:title\" content=\"Obranu m\u00e1 vyztu\u017eit Eliaquim Mangala - Official Czech &amp; Slovak Everton Supporters&#039; Club\" \/>\n<meta property=\"og:description\" content=\"Toffees se do\u010dkali levonoh\u00e9 posily do obrany, i kdy\u017e se nejedn\u00e1 o vysn\u011bn\u00e9ho lev\u00e9ho obr\u00e1nce. Do konce sez\u00f3ny bude na&hellip;\" \/>\n<meta property=\"og:url\" content=\"https:\/\/evertonfc.cz\/index.php\/2018\/02\/01\/obranu-ma-vyztuzit-eliaquim-mangala\/\" \/>\n<meta property=\"og:site_name\" content=\"Official Czech &amp; Slovak Everton Supporters&#039; Club\" \/>\n<meta property=\"article:publisher\" content=\"https:\/\/www.facebook.com\/everton.fans.cz.sk\" \/>\n<meta property=\"article:published_time\" content=\"2018-02-01T16:34:23+00:00\" \/>\n<meta property=\"article:modified_time\" content=\"2019-02-06T18:52:32+00:00\" \/>\n<meta property=\"og:image\" content=\"https:\/\/evertonfc.cz\/wp-content\/uploads\/2019\/01\/transfer.jpg\" \/>\n\t<meta property=\"og:image:width\" content=\"720\" \/>\n\t<meta property=\"og:image:height\" content=\"405\" \/>\n\t<meta property=\"og:image:type\" content=\"image\/jpeg\" \/>\n<meta name=\"author\" content=\"Ri\u010di\" \/>\n<meta name=\"twitter:card\" content=\"summary_large_image\" \/>\n<meta name=\"twitter:creator\" content=\"@rbrejsa\" \/>\n<meta name=\"twitter:label1\" content=\"Napsal(a)\" \/>\n\t<meta name=\"twitter:data1\" content=\"Ri\u010di\" \/>\n\t<meta name=\"twitter:label2\" content=\"Odhadovan\u00e1 doba \u010dten\u00ed\" \/>\n\t<meta name=\"twitter:data2\" content=\"3 minuty\" \/>\n<script type=\"application\/ld+json\" class=\"yoast-schema-graph\">{\"@context\":\"https:\/\/schema.org\",\"@graph\":[{\"@type\":\"Article\",\"@id\":\"https:\/\/evertonfc.cz\/index.php\/2018\/02\/01\/obranu-ma-vyztuzit-eliaquim-mangala\/#article\",\"isPartOf\":{\"@id\":\"https:\/\/evertonfc.cz\/index.php\/2018\/02\/01\/obranu-ma-vyztuzit-eliaquim-mangala\/\"},\"author\":{\"name\":\"Ri\u010di\",\"@id\":\"https:\/\/evertonfc.cz\/#\/schema\/person\/f7a5daedb2ffee98480bc70e191aaef1\"},\"headline\":\"Obranu m\u00e1 vyztu\u017eit Eliaquim Mangala\",\"datePublished\":\"2018-02-01T16:34:23+00:00\",\"dateModified\":\"2019-02-06T18:52:32+00:00\",\"mainEntityOfPage\":{\"@id\":\"https:\/\/evertonfc.cz\/index.php\/2018\/02\/01\/obranu-ma-vyztuzit-eliaquim-mangala\/\"},\"wordCount\":550,\"commentCount\":0,\"publisher\":{\"@id\":\"https:\/\/evertonfc.cz\/#organization\"},\"image\":{\"@id\":\"https:\/\/evertonfc.cz\/index.php\/2018\/02\/01\/obranu-ma-vyztuzit-eliaquim-mangala\/#primaryimage\"},\"thumbnailUrl\":\"https:\/\/evertonfc.cz\/wp-content\/uploads\/2019\/01\/transfer.jpg\",\"articleSection\":[\"P\u0159estupy\"],\"inLanguage\":\"cs\",\"potentialAction\":[{\"@type\":\"CommentAction\",\"name\":\"Comment\",\"target\":[\"https:\/\/evertonfc.cz\/index.php\/2018\/02\/01\/obranu-ma-vyztuzit-eliaquim-mangala\/#respond\"]}]},{\"@type\":\"WebPage\",\"@id\":\"https:\/\/evertonfc.cz\/index.php\/2018\/02\/01\/obranu-ma-vyztuzit-eliaquim-mangala\/\",\"url\":\"https:\/\/evertonfc.cz\/index.php\/2018\/02\/01\/obranu-ma-vyztuzit-eliaquim-mangala\/\",\"name\":\"Obranu m\u00e1 vyztu\u017eit Eliaquim Mangala - Official Czech &amp; Slovak Everton Supporters&#039; Club\",\"isPartOf\":{\"@id\":\"https:\/\/evertonfc.cz\/#website\"},\"primaryImageOfPage\":{\"@id\":\"https:\/\/evertonfc.cz\/index.php\/2018\/02\/01\/obranu-ma-vyztuzit-eliaquim-mangala\/#primaryimage\"},\"image\":{\"@id\":\"https:\/\/evertonfc.cz\/index.php\/2018\/02\/01\/obranu-ma-vyztuzit-eliaquim-mangala\/#primaryimage\"},\"thumbnailUrl\":\"https:\/\/evertonfc.cz\/wp-content\/uploads\/2019\/01\/transfer.jpg\",\"datePublished\":\"2018-02-01T16:34:23+00:00\",\"dateModified\":\"2019-02-06T18:52:32+00:00\",\"breadcrumb\":{\"@id\":\"https:\/\/evertonfc.cz\/index.php\/2018\/02\/01\/obranu-ma-vyztuzit-eliaquim-mangala\/#breadcrumb\"},\"inLanguage\":\"cs\",\"potentialAction\":[{\"@type\":\"ReadAction\",\"target\":[\"https:\/\/evertonfc.cz\/index.php\/2018\/02\/01\/obranu-ma-vyztuzit-eliaquim-mangala\/\"]}]},{\"@type\":\"ImageObject\",\"inLanguage\":\"cs\",\"@id\":\"https:\/\/evertonfc.cz\/index.php\/2018\/02\/01\/obranu-ma-vyztuzit-eliaquim-mangala\/#primaryimage\",\"url\":\"https:\/\/evertonfc.cz\/wp-content\/uploads\/2019\/01\/transfer.jpg\",\"contentUrl\":\"https:\/\/evertonfc.cz\/wp-content\/uploads\/2019\/01\/transfer.jpg\",\"width\":720,\"height\":405},{\"@type\":\"BreadcrumbList\",\"@id\":\"https:\/\/evertonfc.cz\/index.php\/2018\/02\/01\/obranu-ma-vyztuzit-eliaquim-mangala\/#breadcrumb\",\"itemListElement\":[{\"@type\":\"ListItem\",\"position\":1,\"name\":\"Home\",\"item\":\"https:\/\/evertonfc.cz\/\"},{\"@type\":\"ListItem\",\"position\":2,\"name\":\"Obranu m\u00e1 vyztu\u017eit Eliaquim Mangala\"}]},{\"@type\":\"WebSite\",\"@id\":\"https:\/\/evertonfc.cz\/#website\",\"url\":\"https:\/\/evertonfc.cz\/\",\"name\":\"Official Czech &amp; Slovak Everton Supporters&#039; Club\",\"description\":\"\",\"publisher\":{\"@id\":\"https:\/\/evertonfc.cz\/#organization\"},\"potentialAction\":[{\"@type\":\"SearchAction\",\"target\":{\"@type\":\"EntryPoint\",\"urlTemplate\":\"https:\/\/evertonfc.cz\/?s={search_term_string}\"},\"query-input\":{\"@type\":\"PropertyValueSpecification\",\"valueRequired\":true,\"valueName\":\"search_term_string\"}}],\"inLanguage\":\"cs\"},{\"@type\":\"Organization\",\"@id\":\"https:\/\/evertonfc.cz\/#organization\",\"name\":\"Official Czech & Slovak Everton Supporters' Club\",\"url\":\"https:\/\/evertonfc.cz\/\",\"logo\":{\"@type\":\"ImageObject\",\"inLanguage\":\"cs\",\"@id\":\"https:\/\/evertonfc.cz\/#\/schema\/logo\/image\/\",\"url\":\"https:\/\/evertonfc.cz\/wp-content\/uploads\/2019\/05\/logo.png\",\"contentUrl\":\"https:\/\/evertonfc.cz\/wp-content\/uploads\/2019\/05\/logo.png\",\"width\":112,\"height\":112,\"caption\":\"Official Czech & Slovak Everton Supporters' Club\"},\"image\":{\"@id\":\"https:\/\/evertonfc.cz\/#\/schema\/logo\/image\/\"},\"sameAs\":[\"https:\/\/www.facebook.com\/everton.fans.cz.sk\"]},{\"@type\":\"Person\",\"@id\":\"https:\/\/evertonfc.cz\/#\/schema\/person\/f7a5daedb2ffee98480bc70e191aaef1\",\"name\":\"Ri\u010di\",\"sameAs\":[\"https:\/\/x.com\/rbrejsa\"],\"url\":\"https:\/\/evertonfc.cz\/index.php\/author\/rici\/\"}]}<\/script>\n<!-- \/ Yoast SEO plugin. -->","yoast_head_json":{"title":"Obranu m\u00e1 vyztu\u017eit Eliaquim Mangala - Official Czech &amp; Slovak Everton Supporters&#039; Club","robots":{"index":"index","follow":"follow","max-snippet":"max-snippet:-1","max-image-preview":"max-image-preview:large","max-video-preview":"max-video-preview:-1"},"canonical":"https:\/\/evertonfc.cz\/index.php\/2018\/02\/01\/obranu-ma-vyztuzit-eliaquim-mangala\/","og_locale":"cs_CZ","og_type":"article","og_title":"Obranu m\u00e1 vyztu\u017eit Eliaquim Mangala - Official Czech &amp; Slovak Everton Supporters&#039; Club","og_description":"Toffees se do\u010dkali levonoh\u00e9 posily do obrany, i kdy\u017e se nejedn\u00e1 o vysn\u011bn\u00e9ho lev\u00e9ho obr\u00e1nce. Do konce sez\u00f3ny bude na&hellip;","og_url":"https:\/\/evertonfc.cz\/index.php\/2018\/02\/01\/obranu-ma-vyztuzit-eliaquim-mangala\/","og_site_name":"Official Czech &amp; Slovak Everton Supporters&#039; Club","article_publisher":"https:\/\/www.facebook.com\/everton.fans.cz.sk","article_published_time":"2018-02-01T16:34:23+00:00","article_modified_time":"2019-02-06T18:52:32+00:00","og_image":[{"width":720,"height":405,"url":"https:\/\/evertonfc.cz\/wp-content\/uploads\/2019\/01\/transfer.jpg","type":"image\/jpeg"}],"author":"Ri\u010di","twitter_card":"summary_large_image","twitter_creator":"@rbrejsa","twitter_misc":{"Napsal(a)":"Ri\u010di","Odhadovan\u00e1 doba \u010dten\u00ed":"3 minuty"},"schema":{"@context":"https:\/\/schema.org","@graph":[{"@type":"Article","@id":"https:\/\/evertonfc.cz\/index.php\/2018\/02\/01\/obranu-ma-vyztuzit-eliaquim-mangala\/#article","isPartOf":{"@id":"https:\/\/evertonfc.cz\/index.php\/2018\/02\/01\/obranu-ma-vyztuzit-eliaquim-mangala\/"},"author":{"name":"Ri\u010di","@id":"https:\/\/evertonfc.cz\/#\/schema\/person\/f7a5daedb2ffee98480bc70e191aaef1"},"headline":"Obranu m\u00e1 vyztu\u017eit Eliaquim Mangala","datePublished":"2018-02-01T16:34:23+00:00","dateModified":"2019-02-06T18:52:32+00:00","mainEntityOfPage":{"@id":"https:\/\/evertonfc.cz\/index.php\/2018\/02\/01\/obranu-ma-vyztuzit-eliaquim-mangala\/"},"wordCount":550,"commentCount":0,"publisher":{"@id":"https:\/\/evertonfc.cz\/#organization"},"image":{"@id":"https:\/\/evertonfc.cz\/index.php\/2018\/02\/01\/obranu-ma-vyztuzit-eliaquim-mangala\/#primaryimage"},"thumbnailUrl":"https:\/\/evertonfc.cz\/wp-content\/uploads\/2019\/01\/transfer.jpg","articleSection":["P\u0159estupy"],"inLanguage":"cs","potentialAction":[{"@type":"CommentAction","name":"Comment","target":["https:\/\/evertonfc.cz\/index.php\/2018\/02\/01\/obranu-ma-vyztuzit-eliaquim-mangala\/#respond"]}]},{"@type":"WebPage","@id":"https:\/\/evertonfc.cz\/index.php\/2018\/02\/01\/obranu-ma-vyztuzit-eliaquim-mangala\/","url":"https:\/\/evertonfc.cz\/index.php\/2018\/02\/01\/obranu-ma-vyztuzit-eliaquim-mangala\/","name":"Obranu m\u00e1 vyztu\u017eit Eliaquim Mangala - Official Czech &amp; Slovak Everton Supporters&#039; Club","isPartOf":{"@id":"https:\/\/evertonfc.cz\/#website"},"primaryImageOfPage":{"@id":"https:\/\/evertonfc.cz\/index.php\/2018\/02\/01\/obranu-ma-vyztuzit-eliaquim-mangala\/#primaryimage"},"image":{"@id":"https:\/\/evertonfc.cz\/index.php\/2018\/02\/01\/obranu-ma-vyztuzit-eliaquim-mangala\/#primaryimage"},"thumbnailUrl":"https:\/\/evertonfc.cz\/wp-content\/uploads\/2019\/01\/transfer.jpg","datePublished":"2018-02-01T16:34:23+00:00","dateModified":"2019-02-06T18:52:32+00:00","breadcrumb":{"@id":"https:\/\/evertonfc.cz\/index.php\/2018\/02\/01\/obranu-ma-vyztuzit-eliaquim-mangala\/#breadcrumb"},"inLanguage":"cs","potentialAction":[{"@type":"ReadAction","target":["https:\/\/evertonfc.cz\/index.php\/2018\/02\/01\/obranu-ma-vyztuzit-eliaquim-mangala\/"]}]},{"@type":"ImageObject","inLanguage":"cs","@id":"https:\/\/evertonfc.cz\/index.php\/2018\/02\/01\/obranu-ma-vyztuzit-eliaquim-mangala\/#primaryimage","url":"https:\/\/evertonfc.cz\/wp-content\/uploads\/2019\/01\/transfer.jpg","contentUrl":"https:\/\/evertonfc.cz\/wp-content\/uploads\/2019\/01\/transfer.jpg","width":720,"height":405},{"@type":"BreadcrumbList","@id":"https:\/\/evertonfc.cz\/index.php\/2018\/02\/01\/obranu-ma-vyztuzit-eliaquim-mangala\/#breadcrumb","itemListElement":[{"@type":"ListItem","position":1,"name":"Home","item":"https:\/\/evertonfc.cz\/"},{"@type":"ListItem","position":2,"name":"Obranu m\u00e1 vyztu\u017eit Eliaquim Mangala"}]},{"@type":"WebSite","@id":"https:\/\/evertonfc.cz\/#website","url":"https:\/\/evertonfc.cz\/","name":"Official Czech &amp; Slovak Everton Supporters&#039; Club","description":"","publisher":{"@id":"https:\/\/evertonfc.cz\/#organization"},"potentialAction":[{"@type":"SearchAction","target":{"@type":"EntryPoint","urlTemplate":"https:\/\/evertonfc.cz\/?s={search_term_string}"},"query-input":{"@type":"PropertyValueSpecification","valueRequired":true,"valueName":"search_term_string"}}],"inLanguage":"cs"},{"@type":"Organization","@id":"https:\/\/evertonfc.cz\/#organization","name":"Official Czech & Slovak Everton Supporters' Club","url":"https:\/\/evertonfc.cz\/","logo":{"@type":"ImageObject","inLanguage":"cs","@id":"https:\/\/evertonfc.cz\/#\/schema\/logo\/image\/","url":"https:\/\/evertonfc.cz\/wp-content\/uploads\/2019\/05\/logo.png","contentUrl":"https:\/\/evertonfc.cz\/wp-content\/uploads\/2019\/05\/logo.png","width":112,"height":112,"caption":"Official Czech & Slovak Everton Supporters' Club"},"image":{"@id":"https:\/\/evertonfc.cz\/#\/schema\/logo\/image\/"},"sameAs":["https:\/\/www.facebook.com\/everton.fans.cz.sk"]},{"@type":"Person","@id":"https:\/\/evertonfc.cz\/#\/schema\/person\/f7a5daedb2ffee98480bc70e191aaef1","name":"Ri\u010di","sameAs":["https:\/\/x.com\/rbrejsa"],"url":"https:\/\/evertonfc.cz\/index.php\/author\/rici\/"}]}},"_links":{"self":[{"href":"https:\/\/evertonfc.cz\/index.php\/wp-json\/wp\/v2\/posts\/2212"}],"collection":[{"href":"https:\/\/evertonfc.cz\/index.php\/wp-json\/wp\/v2\/posts"}],"about":[{"href":"https:\/\/evertonfc.cz\/index.php\/wp-json\/wp\/v2\/types\/post"}],"author":[{"embeddable":true,"href":"https:\/\/evertonfc.cz\/index.php\/wp-json\/wp\/v2\/users\/6"}],"replies":[{"embeddable":true,"href":"https:\/\/evertonfc.cz\/index.php\/wp-json\/wp\/v2\/comments?post=2212"}],"version-history":[{"count":2,"href":"https:\/\/evertonfc.cz\/index.php\/wp-json\/wp\/v2\/posts\/2212\/revisions"}],"predecessor-version":[{"id":2415,"href":"https:\/\/evertonfc.cz\/index.php\/wp-json\/wp\/v2\/posts\/2212\/revisions\/2415"}],"wp:featuredmedia":[{"embeddable":true,"href":"https:\/\/evertonfc.cz\/index.php\/wp-json\/wp\/v2\/media\/1316"}],"wp:attachment":[{"href":"https:\/\/evertonfc.cz\/index.php\/wp-json\/wp\/v2\/media?parent=2212"}],"wp:term":[{"taxonomy":"category","embeddable":true,"href":"https:\/\/evertonfc.cz\/index.php\/wp-json\/wp\/v2\/categories?post=2212"},{"taxonomy":"post_tag","embeddable":true,"href":"https:\/\/evertonfc.cz\/index.php\/wp-json\/wp\/v2\/tags?post=2212"}],"curies":[{"name":"wp","href":"https:\/\/api.w.org\/{rel}","templated":true}]}}