{"id":2214,"date":"2018-02-01T17:36:13","date_gmt":"2018-02-01T16:36:13","guid":{"rendered":"http:\/\/evertonfc.cz\/?p=2214"},"modified":"2019-03-14T20:51:29","modified_gmt":"2019-03-14T19:51:29","slug":"prestupova-zima-2018","status":"publish","type":"post","link":"https:\/\/evertonfc.cz\/index.php\/2018\/02\/01\/prestupova-zima-2018\/","title":{"rendered":"P\u0159estupov\u00e1 zima 2018"},"content":{"rendered":"\r\n<h4 class=\"wp-block-heading\">Prvn\u00ed m\u011bs\u00edc roku 2018 ji\u017e tradi\u010dn\u011b pat\u0159il hr\u00e1\u010dsk\u00fdm zm\u011bn\u00e1m. V\u00a0Anglii se p\u0159estupov\u00e9ho okno otev\u0159elo 1. ledna a skon\u010dilo o p\u016flnoci 31. ledna (st\u0159edoevropsk\u00e9ho \u010dasu). Tento kr\u00e1tk\u00fd \u010dl\u00e1nek informuje o ofici\u00e1ln\u011b potvrzen\u00fdch p\u0159estupech i hostov\u00e1n\u00edch a z\u00e1rove\u0148 otev\u00edr\u00e1 mo\u017enost diskuze.<\/h4>\r\n\r\n\r\n\r\n<h4 class=\"wp-block-heading\"><strong>P\u0159\u00edchody<\/strong><\/h4>\r\n\r\n\r\n\r\n<p><strong>Conor Grant<\/strong>\u00a0(Crewe Alexandra\u00a0\u2013 n\u00e1vrat z hostov\u00e1n\u00ed)<br \/><a href=\"https:\/\/evertonfc.cz\/index.php\/2018\/01\/06\/zacatek-lednoveho-prestupniho-obdobi-prichod-tosuna-odchod-barkleyho\/\"><strong>Cenk Tosun<\/strong><\/a> (Besiktas\u00a0\u2013 \u00a320,5+1,8+0,43\/0,86m za ka\u017edou sez\u00f3nu s 15\/25 ligov\u00fdmi g\u00f3ly)<br \/><strong><a href=\"https:\/\/evertonfc.cz\/index.php\/2018\/01\/17\/stred-lednoveho-prestupoveho-obdobi-prichazi-walcott\/\">Theo Walcott<\/a> <\/strong>(Arsenal\u00a0\u2013 nezve\u0159ejn\u011bn\u00e1 \u010d\u00e1stka, podle m\u00e9di\u00ed\u00a0\u00a320m)<br \/><a href=\"https:\/\/evertonfc.cz\/index.php\/2018\/02\/01\/obranu-ma-vyztuzit-eliaquim-mangala\/\"><strong>Eliaquim Mangala<\/strong><\/a> (Manchester City \u2013 hostov\u00e1n\u00ed)<\/p>\r\n\r\n\r\n\r\n<h4 class=\"wp-block-heading\"><strong>Odchody<\/strong><\/h4>\r\n\r\n\r\n\r\n<p><strong><strong>Gethin Jones<\/strong>\u00a0<\/strong>(Fleetwood Town \u2013 zdarma)<strong><br \/>Liam Walsh <\/strong>(Bristol City\u00a0\u2013 nezve\u0159ejn\u011bn\u00e1 \u010d\u00e1stka)<strong><strong><br \/><\/strong><a href=\"https:\/\/evertonfc.cz\/index.php\/2018\/01\/06\/zacatek-lednoveho-prestupniho-obdobi-prichod-tosuna-odchod-barkleyho\/\">Ross Barkley<\/a><\/strong> (Chelsea\u00a0\u2013 nezve\u0159ejn\u011bn\u00e1 \u010d\u00e1stka, podle m\u00e9di\u00ed \u00a315m)<br \/><strong>Antonee Robison<\/strong> (Bolton\u00a0Wanderers\u00a0\u2013 prodlou\u017een\u00ed hostov\u00e1n\u00ed)<br \/><a href=\"https:\/\/evertonfc.cz\/index.php\/2018\/01\/08\/oooohh-kevin-mirallas\/\"><strong>Kevin Mirallas<\/strong> <\/a>(Olympiakos \u2013 hostov\u00e1n\u00ed, nezve\u0159ejn\u011bn\u00e1 \u010d\u00e1stka, podle m\u00e9di\u00ed \u00a34m)<br \/><strong>Harry Charsley<\/strong> (Bolton\u00a0Wanderers\u00a0\u2013 hostov\u00e1n\u00ed)<br \/><a href=\"https:\/\/evertonfc.cz\/index.php\/2018\/01\/24\/lennon-mava-sateckem-na-rozloucenou-a-prestupuje-do-burnley\/\"><strong>Aaron Lennon<\/strong><\/a> (Burnley\u00a0\u2013 nezve\u0159ejn\u011bn\u00e1 \u010d\u00e1stka)<br \/><strong>Boris Mathis<\/strong> (Northampton Town\u00a0\u2013 hostov\u00e1n\u00ed)<br \/><a href=\"https:\/\/evertonfc.cz\/index.php\/2018\/01\/31\/sandro-dohraje-sezonu-ve-spanelsku\/\"><strong>Sandro Ram\u00edrez<\/strong><\/a> (Sevilla\u00a0\u2013 hostov\u00e1n\u00ed, nezve\u0159ejn\u011bn\u00e1 \u010d\u00e1stka, podle m\u00e9di\u00ed \u00a30,22m)<br \/><strong>Louis Gray<\/strong> (Carlisle United \u2013 hostov\u00e1n\u00ed)<br \/><a href=\"https:\/\/evertonfc.cz\/index.php\/2018\/01\/31\/lookman-bude-hostovat-v-lipsku\/\"><strong>Ademola Lookman<\/strong><\/a> (RB Lipsko \u2013 hostov\u00e1n\u00ed)<br \/><strong>Muhamed Be\u0161i\u0107\u00a0<\/strong>(Middlesbrough \u2013 hostov\u00e1n\u00ed)<\/p>\r\n","protected":false},"excerpt":{"rendered":"<p>Prvn\u00ed m\u011bs\u00edc roku 2018 ji\u017e tradi\u010dn\u011b pat\u0159il hr\u00e1\u010dsk\u00fdm zm\u011bn\u00e1m. V\u00a0Anglii se p\u0159estupov\u00e9ho okno otev\u0159elo 1. ledna a skon\u010dilo o p\u016flnoci&hellip;<\/p>\n","protected":false},"author":6,"featured_media":1316,"comment_status":"open","ping_status":"closed","sticky":false,"template":"","format":"standard","meta":{"_eb_attr":"","_monsterinsights_skip_tracking":false,"_monsterinsights_sitenote_active":false,"_monsterinsights_sitenote_note":"","_monsterinsights_sitenote_category":0,"footnotes":""},"categories":[41],"tags":[],"yoast_head":"<!-- This site is optimized with the Yoast SEO plugin v23.4 - https:\/\/yoast.com\/wordpress\/plugins\/seo\/ -->\n<title>P\u0159estupov\u00e1 zima 2018 - Official Czech &amp; Slovak Everton Supporters&#039; Club<\/title>\n<meta name=\"robots\" content=\"index, follow, max-snippet:-1, max-image-preview:large, max-video-preview:-1\" \/>\n<link rel=\"canonical\" href=\"https:\/\/evertonfc.cz\/index.php\/2018\/02\/01\/prestupova-zima-2018\/\" \/>\n<meta property=\"og:locale\" content=\"cs_CZ\" \/>\n<meta property=\"og:type\" content=\"article\" \/>\n<meta property=\"og:title\" content=\"P\u0159estupov\u00e1 zima 2018 - Official Czech &amp; Slovak Everton Supporters&#039; Club\" \/>\n<meta property=\"og:description\" content=\"Prvn\u00ed m\u011bs\u00edc roku 2018 ji\u017e tradi\u010dn\u011b pat\u0159il hr\u00e1\u010dsk\u00fdm zm\u011bn\u00e1m. V\u00a0Anglii se p\u0159estupov\u00e9ho okno otev\u0159elo 1. ledna a skon\u010dilo o p\u016flnoci&hellip;\" \/>\n<meta property=\"og:url\" content=\"https:\/\/evertonfc.cz\/index.php\/2018\/02\/01\/prestupova-zima-2018\/\" \/>\n<meta property=\"og:site_name\" content=\"Official Czech &amp; Slovak Everton Supporters&#039; Club\" \/>\n<meta property=\"article:publisher\" content=\"https:\/\/www.facebook.com\/everton.fans.cz.sk\" \/>\n<meta property=\"article:published_time\" content=\"2018-02-01T16:36:13+00:00\" \/>\n<meta property=\"article:modified_time\" content=\"2019-03-14T19:51:29+00:00\" \/>\n<meta property=\"og:image\" content=\"https:\/\/evertonfc.cz\/wp-content\/uploads\/2019\/01\/transfer.jpg\" \/>\n\t<meta property=\"og:image:width\" content=\"720\" \/>\n\t<meta property=\"og:image:height\" content=\"405\" \/>\n\t<meta property=\"og:image:type\" content=\"image\/jpeg\" \/>\n<meta name=\"author\" content=\"Ri\u010di\" \/>\n<meta name=\"twitter:card\" content=\"summary_large_image\" \/>\n<meta name=\"twitter:creator\" content=\"@rbrejsa\" \/>\n<meta name=\"twitter:label1\" content=\"Napsal(a)\" \/>\n\t<meta name=\"twitter:data1\" content=\"Ri\u010di\" \/>\n\t<meta name=\"twitter:label2\" content=\"Odhadovan\u00e1 doba \u010dten\u00ed\" \/>\n\t<meta name=\"twitter:data2\" content=\"1 minuta\" \/>\n<script type=\"application\/ld+json\" class=\"yoast-schema-graph\">{\"@context\":\"https:\/\/schema.org\",\"@graph\":[{\"@type\":\"Article\",\"@id\":\"https:\/\/evertonfc.cz\/index.php\/2018\/02\/01\/prestupova-zima-2018\/#article\",\"isPartOf\":{\"@id\":\"https:\/\/evertonfc.cz\/index.php\/2018\/02\/01\/prestupova-zima-2018\/\"},\"author\":{\"name\":\"Ri\u010di\",\"@id\":\"https:\/\/evertonfc.cz\/#\/schema\/person\/f7a5daedb2ffee98480bc70e191aaef1\"},\"headline\":\"P\u0159estupov\u00e1 zima 2018\",\"datePublished\":\"2018-02-01T16:36:13+00:00\",\"dateModified\":\"2019-03-14T19:51:29+00:00\",\"mainEntityOfPage\":{\"@id\":\"https:\/\/evertonfc.cz\/index.php\/2018\/02\/01\/prestupova-zima-2018\/\"},\"wordCount\":204,\"commentCount\":0,\"publisher\":{\"@id\":\"https:\/\/evertonfc.cz\/#organization\"},\"image\":{\"@id\":\"https:\/\/evertonfc.cz\/index.php\/2018\/02\/01\/prestupova-zima-2018\/#primaryimage\"},\"thumbnailUrl\":\"https:\/\/evertonfc.cz\/wp-content\/uploads\/2019\/01\/transfer.jpg\",\"articleSection\":[\"P\u0159estupy\"],\"inLanguage\":\"cs\",\"potentialAction\":[{\"@type\":\"CommentAction\",\"name\":\"Comment\",\"target\":[\"https:\/\/evertonfc.cz\/index.php\/2018\/02\/01\/prestupova-zima-2018\/#respond\"]}]},{\"@type\":\"WebPage\",\"@id\":\"https:\/\/evertonfc.cz\/index.php\/2018\/02\/01\/prestupova-zima-2018\/\",\"url\":\"https:\/\/evertonfc.cz\/index.php\/2018\/02\/01\/prestupova-zima-2018\/\",\"name\":\"P\u0159estupov\u00e1 zima 2018 - Official Czech &amp; Slovak Everton Supporters&#039; Club\",\"isPartOf\":{\"@id\":\"https:\/\/evertonfc.cz\/#website\"},\"primaryImageOfPage\":{\"@id\":\"https:\/\/evertonfc.cz\/index.php\/2018\/02\/01\/prestupova-zima-2018\/#primaryimage\"},\"image\":{\"@id\":\"https:\/\/evertonfc.cz\/index.php\/2018\/02\/01\/prestupova-zima-2018\/#primaryimage\"},\"thumbnailUrl\":\"https:\/\/evertonfc.cz\/wp-content\/uploads\/2019\/01\/transfer.jpg\",\"datePublished\":\"2018-02-01T16:36:13+00:00\",\"dateModified\":\"2019-03-14T19:51:29+00:00\",\"breadcrumb\":{\"@id\":\"https:\/\/evertonfc.cz\/index.php\/2018\/02\/01\/prestupova-zima-2018\/#breadcrumb\"},\"inLanguage\":\"cs\",\"potentialAction\":[{\"@type\":\"ReadAction\",\"target\":[\"https:\/\/evertonfc.cz\/index.php\/2018\/02\/01\/prestupova-zima-2018\/\"]}]},{\"@type\":\"ImageObject\",\"inLanguage\":\"cs\",\"@id\":\"https:\/\/evertonfc.cz\/index.php\/2018\/02\/01\/prestupova-zima-2018\/#primaryimage\",\"url\":\"https:\/\/evertonfc.cz\/wp-content\/uploads\/2019\/01\/transfer.jpg\",\"contentUrl\":\"https:\/\/evertonfc.cz\/wp-content\/uploads\/2019\/01\/transfer.jpg\",\"width\":720,\"height\":405},{\"@type\":\"BreadcrumbList\",\"@id\":\"https:\/\/evertonfc.cz\/index.php\/2018\/02\/01\/prestupova-zima-2018\/#breadcrumb\",\"itemListElement\":[{\"@type\":\"ListItem\",\"position\":1,\"name\":\"Home\",\"item\":\"https:\/\/evertonfc.cz\/\"},{\"@type\":\"ListItem\",\"position\":2,\"name\":\"P\u0159estupov\u00e1 zima 2018\"}]},{\"@type\":\"WebSite\",\"@id\":\"https:\/\/evertonfc.cz\/#website\",\"url\":\"https:\/\/evertonfc.cz\/\",\"name\":\"Official Czech &amp; Slovak Everton Supporters&#039; Club\",\"description\":\"\",\"publisher\":{\"@id\":\"https:\/\/evertonfc.cz\/#organization\"},\"potentialAction\":[{\"@type\":\"SearchAction\",\"target\":{\"@type\":\"EntryPoint\",\"urlTemplate\":\"https:\/\/evertonfc.cz\/?s={search_term_string}\"},\"query-input\":{\"@type\":\"PropertyValueSpecification\",\"valueRequired\":true,\"valueName\":\"search_term_string\"}}],\"inLanguage\":\"cs\"},{\"@type\":\"Organization\",\"@id\":\"https:\/\/evertonfc.cz\/#organization\",\"name\":\"Official Czech & Slovak Everton Supporters' Club\",\"url\":\"https:\/\/evertonfc.cz\/\",\"logo\":{\"@type\":\"ImageObject\",\"inLanguage\":\"cs\",\"@id\":\"https:\/\/evertonfc.cz\/#\/schema\/logo\/image\/\",\"url\":\"https:\/\/evertonfc.cz\/wp-content\/uploads\/2019\/05\/logo.png\",\"contentUrl\":\"https:\/\/evertonfc.cz\/wp-content\/uploads\/2019\/05\/logo.png\",\"width\":112,\"height\":112,\"caption\":\"Official Czech & Slovak Everton Supporters' Club\"},\"image\":{\"@id\":\"https:\/\/evertonfc.cz\/#\/schema\/logo\/image\/\"},\"sameAs\":[\"https:\/\/www.facebook.com\/everton.fans.cz.sk\"]},{\"@type\":\"Person\",\"@id\":\"https:\/\/evertonfc.cz\/#\/schema\/person\/f7a5daedb2ffee98480bc70e191aaef1\",\"name\":\"Ri\u010di\",\"sameAs\":[\"https:\/\/x.com\/rbrejsa\"],\"url\":\"https:\/\/evertonfc.cz\/index.php\/author\/rici\/\"}]}<\/script>\n<!-- \/ Yoast SEO plugin. -->","yoast_head_json":{"title":"P\u0159estupov\u00e1 zima 2018 - Official Czech &amp; Slovak Everton Supporters&#039; Club","robots":{"index":"index","follow":"follow","max-snippet":"max-snippet:-1","max-image-preview":"max-image-preview:large","max-video-preview":"max-video-preview:-1"},"canonical":"https:\/\/evertonfc.cz\/index.php\/2018\/02\/01\/prestupova-zima-2018\/","og_locale":"cs_CZ","og_type":"article","og_title":"P\u0159estupov\u00e1 zima 2018 - Official Czech &amp; Slovak Everton Supporters&#039; Club","og_description":"Prvn\u00ed m\u011bs\u00edc roku 2018 ji\u017e tradi\u010dn\u011b pat\u0159il hr\u00e1\u010dsk\u00fdm zm\u011bn\u00e1m. V\u00a0Anglii se p\u0159estupov\u00e9ho okno otev\u0159elo 1. ledna a skon\u010dilo o p\u016flnoci&hellip;","og_url":"https:\/\/evertonfc.cz\/index.php\/2018\/02\/01\/prestupova-zima-2018\/","og_site_name":"Official Czech &amp; Slovak Everton Supporters&#039; Club","article_publisher":"https:\/\/www.facebook.com\/everton.fans.cz.sk","article_published_time":"2018-02-01T16:36:13+00:00","article_modified_time":"2019-03-14T19:51:29+00:00","og_image":[{"width":720,"height":405,"url":"https:\/\/evertonfc.cz\/wp-content\/uploads\/2019\/01\/transfer.jpg","type":"image\/jpeg"}],"author":"Ri\u010di","twitter_card":"summary_large_image","twitter_creator":"@rbrejsa","twitter_misc":{"Napsal(a)":"Ri\u010di","Odhadovan\u00e1 doba \u010dten\u00ed":"1 minuta"},"schema":{"@context":"https:\/\/schema.org","@graph":[{"@type":"Article","@id":"https:\/\/evertonfc.cz\/index.php\/2018\/02\/01\/prestupova-zima-2018\/#article","isPartOf":{"@id":"https:\/\/evertonfc.cz\/index.php\/2018\/02\/01\/prestupova-zima-2018\/"},"author":{"name":"Ri\u010di","@id":"https:\/\/evertonfc.cz\/#\/schema\/person\/f7a5daedb2ffee98480bc70e191aaef1"},"headline":"P\u0159estupov\u00e1 zima 2018","datePublished":"2018-02-01T16:36:13+00:00","dateModified":"2019-03-14T19:51:29+00:00","mainEntityOfPage":{"@id":"https:\/\/evertonfc.cz\/index.php\/2018\/02\/01\/prestupova-zima-2018\/"},"wordCount":204,"commentCount":0,"publisher":{"@id":"https:\/\/evertonfc.cz\/#organization"},"image":{"@id":"https:\/\/evertonfc.cz\/index.php\/2018\/02\/01\/prestupova-zima-2018\/#primaryimage"},"thumbnailUrl":"https:\/\/evertonfc.cz\/wp-content\/uploads\/2019\/01\/transfer.jpg","articleSection":["P\u0159estupy"],"inLanguage":"cs","potentialAction":[{"@type":"CommentAction","name":"Comment","target":["https:\/\/evertonfc.cz\/index.php\/2018\/02\/01\/prestupova-zima-2018\/#respond"]}]},{"@type":"WebPage","@id":"https:\/\/evertonfc.cz\/index.php\/2018\/02\/01\/prestupova-zima-2018\/","url":"https:\/\/evertonfc.cz\/index.php\/2018\/02\/01\/prestupova-zima-2018\/","name":"P\u0159estupov\u00e1 zima 2018 - Official Czech &amp; Slovak Everton Supporters&#039; Club","isPartOf":{"@id":"https:\/\/evertonfc.cz\/#website"},"primaryImageOfPage":{"@id":"https:\/\/evertonfc.cz\/index.php\/2018\/02\/01\/prestupova-zima-2018\/#primaryimage"},"image":{"@id":"https:\/\/evertonfc.cz\/index.php\/2018\/02\/01\/prestupova-zima-2018\/#primaryimage"},"thumbnailUrl":"https:\/\/evertonfc.cz\/wp-content\/uploads\/2019\/01\/transfer.jpg","datePublished":"2018-02-01T16:36:13+00:00","dateModified":"2019-03-14T19:51:29+00:00","breadcrumb":{"@id":"https:\/\/evertonfc.cz\/index.php\/2018\/02\/01\/prestupova-zima-2018\/#breadcrumb"},"inLanguage":"cs","potentialAction":[{"@type":"ReadAction","target":["https:\/\/evertonfc.cz\/index.php\/2018\/02\/01\/prestupova-zima-2018\/"]}]},{"@type":"ImageObject","inLanguage":"cs","@id":"https:\/\/evertonfc.cz\/index.php\/2018\/02\/01\/prestupova-zima-2018\/#primaryimage","url":"https:\/\/evertonfc.cz\/wp-content\/uploads\/2019\/01\/transfer.jpg","contentUrl":"https:\/\/evertonfc.cz\/wp-content\/uploads\/2019\/01\/transfer.jpg","width":720,"height":405},{"@type":"BreadcrumbList","@id":"https:\/\/evertonfc.cz\/index.php\/2018\/02\/01\/prestupova-zima-2018\/#breadcrumb","itemListElement":[{"@type":"ListItem","position":1,"name":"Home","item":"https:\/\/evertonfc.cz\/"},{"@type":"ListItem","position":2,"name":"P\u0159estupov\u00e1 zima 2018"}]},{"@type":"WebSite","@id":"https:\/\/evertonfc.cz\/#website","url":"https:\/\/evertonfc.cz\/","name":"Official Czech &amp; Slovak Everton Supporters&#039; Club","description":"","publisher":{"@id":"https:\/\/evertonfc.cz\/#organization"},"potentialAction":[{"@type":"SearchAction","target":{"@type":"EntryPoint","urlTemplate":"https:\/\/evertonfc.cz\/?s={search_term_string}"},"query-input":{"@type":"PropertyValueSpecification","valueRequired":true,"valueName":"search_term_string"}}],"inLanguage":"cs"},{"@type":"Organization","@id":"https:\/\/evertonfc.cz\/#organization","name":"Official Czech & Slovak Everton Supporters' Club","url":"https:\/\/evertonfc.cz\/","logo":{"@type":"ImageObject","inLanguage":"cs","@id":"https:\/\/evertonfc.cz\/#\/schema\/logo\/image\/","url":"https:\/\/evertonfc.cz\/wp-content\/uploads\/2019\/05\/logo.png","contentUrl":"https:\/\/evertonfc.cz\/wp-content\/uploads\/2019\/05\/logo.png","width":112,"height":112,"caption":"Official Czech & Slovak Everton Supporters' Club"},"image":{"@id":"https:\/\/evertonfc.cz\/#\/schema\/logo\/image\/"},"sameAs":["https:\/\/www.facebook.com\/everton.fans.cz.sk"]},{"@type":"Person","@id":"https:\/\/evertonfc.cz\/#\/schema\/person\/f7a5daedb2ffee98480bc70e191aaef1","name":"Ri\u010di","sameAs":["https:\/\/x.com\/rbrejsa"],"url":"https:\/\/evertonfc.cz\/index.php\/author\/rici\/"}]}},"_links":{"self":[{"href":"https:\/\/evertonfc.cz\/index.php\/wp-json\/wp\/v2\/posts\/2214"}],"collection":[{"href":"https:\/\/evertonfc.cz\/index.php\/wp-json\/wp\/v2\/posts"}],"about":[{"href":"https:\/\/evertonfc.cz\/index.php\/wp-json\/wp\/v2\/types\/post"}],"author":[{"embeddable":true,"href":"https:\/\/evertonfc.cz\/index.php\/wp-json\/wp\/v2\/users\/6"}],"replies":[{"embeddable":true,"href":"https:\/\/evertonfc.cz\/index.php\/wp-json\/wp\/v2\/comments?post=2214"}],"version-history":[{"count":3,"href":"https:\/\/evertonfc.cz\/index.php\/wp-json\/wp\/v2\/posts\/2214\/revisions"}],"predecessor-version":[{"id":7029,"href":"https:\/\/evertonfc.cz\/index.php\/wp-json\/wp\/v2\/posts\/2214\/revisions\/7029"}],"wp:featuredmedia":[{"embeddable":true,"href":"https:\/\/evertonfc.cz\/index.php\/wp-json\/wp\/v2\/media\/1316"}],"wp:attachment":[{"href":"https:\/\/evertonfc.cz\/index.php\/wp-json\/wp\/v2\/media?parent=2214"}],"wp:term":[{"taxonomy":"category","embeddable":true,"href":"https:\/\/evertonfc.cz\/index.php\/wp-json\/wp\/v2\/categories?post=2214"},{"taxonomy":"post_tag","embeddable":true,"href":"https:\/\/evertonfc.cz\/index.php\/wp-json\/wp\/v2\/tags?post=2214"}],"curies":[{"name":"wp","href":"https:\/\/api.w.org\/{rel}","templated":true}]}}