{"id":2216,"date":"2018-02-02T17:39:28","date_gmt":"2018-02-02T16:39:28","guid":{"rendered":"http:\/\/evertonfc.cz\/?p=2216"},"modified":"2021-04-25T16:47:28","modified_gmt":"2021-04-25T14:47:28","slug":"preview-arsenal-everton-2","status":"publish","type":"post","link":"https:\/\/evertonfc.cz\/index.php\/2018\/02\/02\/preview-arsenal-everton-2\/","title":{"rendered":"Preview: Arsenal &#8211; Everton"},"content":{"rendered":"\r\n<h4 class=\"wp-block-heading\">Tento pred-z\u00e1pasov\u00fd s\u00fahrn pojmeme netradi\u010dne a to rozhovorom. Nie v\u0161ak hocijak\u00fdm, ale rovno s rivalom z t\u00e1bora dom\u00e1cich. Spoveda\u0165 budeme dlhoro\u010dn\u00e9ho fan\u00fa\u0161ika Gunners, Borisa.<\/h4>\r\n<p style=\"text-align: center;\"><strong>&#8230;&#8230;&#8230;&#8230;&#8230;&#8230;&#8230;&#8230;&#8230;&#8230;&#8230;&#8230;&#8230;&#8230;&#8230;&#8230;&#8230;..<\/strong><\/p>\r\n\r\n\r\n\r\n<h4><span style=\"font-size: 12pt;\"><strong>Za\u010dneme z\u013eahka, u\u017e som \u0165a stihol aj famili\u00e1rne predstavi\u0165. \u010citate\u013eom zatia\u013e napoviem len to\u013eko, \u017ee my dvaja sa pozn\u00e1me zo spolo\u010dn\u00fdch z\u00e1polen\u00ed vo futbale, kde na sebe nem\u00e1\u0161 ni\u010d in\u00e9, ako dres lond\u00fdnskych kanonierov a \u201esvojich\u201c nenazve\u0161 nijak inak ako \u201emy\u201c. Tak\u017ee, kedy a ako, respekt\u00edve pre\u010do sa za\u010dala posadnutos\u0165 erbov s kan\u00f3nom?<\/strong><\/span><\/h4>\r\n\r\n\r\n\r\n<p>V\u00a0prvom rade by som sa ti chcel po\u010fakova\u0165 za umo\u017enenie rozhovoru, dovol\u00edm si poveda\u0165, \u017ee tak\u00e9to aktivity m\u00f4\u017eu posilni\u0165 vz\u00e1jomn\u00fd re\u0161pekt s\u00faperov a\u00a0vytvoria t\u00fa spr\u00e1vnu predz\u00e1pasov\u00fa atmosf\u00e9ru.<\/p>\r\n\r\n\r\n\r\n<p>Moja posadnutos\u0165 za\u010dala e\u0161te okolo roku 2003, kedy som za\u010dal fandi\u0165 franc\u00fazskej reprezent\u00e1cii, z\u00a0\u010doho plynulo smerovanie aj ku klubovej pr\u00edslu\u0161nosti. Bezpochyby, hr\u00e1\u010di ako Henry, Pires \u010di Vieira boli logick\u00fdm magnetom. Pam\u00e4t\u00e1m si, ako som sa, vtedy \u00faplne neznal\u00fd, p\u00fdtal kamar\u00e1ta: \u201eKtor\u00fd je to ten klub, kde hr\u00e1 Henry?\u201c A\u00a0aj takto ne\u0161kodne sa m\u00f4\u017ee za\u010da\u0165 celo\u017eivotn\u00e1 (aspo\u0148 v\u00a0to d\u00fafam) posadnutos\u0165. V\u00a0prvej dek\u00e1de 21. storo\u010dia to bolo sledovanie sk\u00f4r v\u00fdsledkov\u00e9 a\u00a0telev\u00edzne, s n\u00e1stupom internetovej neobmedzenosti fand\u00edm u\u017e ve\u013emi intenz\u00edvne.<\/p>\r\n\r\n\r\n\r\n<h4><span style=\"font-size: 12pt;\"><strong>\u010eakujeme za vysvetlenie, aj na\u0161e pr\u00edbehy s l\u00e1skou k EFC s\u00fa bu\u010f ve\u013emi komplikovan\u00e9, alebo \u00faplne n\u00e1hodn\u00e9. V ka\u017edom pr\u00edpade je to v\u017edy \u010darovn\u00e1 chv\u00ed\u013ea, ke\u010f si to \u010dlovek sp\u00e4tne premietne. K\u013e\u00fa\u010dov\u00e1 ot\u00e1zka prich\u00e1dza hne\u010f ako druh\u00e1, najm\u00e4 ak si chce\u0161 n\u00e1js\u0165 nov\u00fdch priate\u013eov a vyhn\u00fa\u0165 sa aj zimn\u00fdm futsalov\u00fdm debaklom so mnou. \u010co ty a Everton? Ako vn\u00edma\u0161 najstar\u0161\u00ed akt\u00edvny profesion\u00e1lny futbalov\u00fd klub na Merseyside? R\u00e1d\/ner\u00e1d spom\u00edna\u0161 na nejak\u00fd pam\u00e4tn\u00fd z\u00e1pas s nami? A teraz nemysl\u00edm posledn\u00fdch 2:5&#8230;<\/strong><\/span><\/h4>\r\n\r\n\r\n\r\n<p>Everton som v\u017edy vn\u00edmal ako ten sympatickej\u0161\u00ed liverpoolsky klub, alebo aj celkovo anglick\u00fd. Nikdy som vo\u010di nemu nec\u00edtil negat\u00edvne em\u00f3cie, \u010do sa o\u00a0mnoh\u00fdch in\u00fdch poveda\u0165 ned\u00e1 (a to sa teraz nechcem l\u00ed\u0161ka\u0165). P\u00e1\u010dili sa mi jeho tr\u00e9neri v\u00a0posledn\u00fdch rokoch a\u00a0dokonca som mal t\u00fa\u017ebu privies\u0165 na Emirates Davida Moyesa alebo predov\u0161etk\u00fdm Roberta Mart\u00edneza. Ur\u010dite si mysl\u00edm, \u017ee Toffees dlhodobo patria medzi \u0161pi\u010dku. Mus\u00edm prizna\u0165, \u017ee odkedy sa pozn\u00e1me, sledujem Everton intenz\u00edvnej\u0161ie a\u00a0takisto nav\u0161tevujem tieto str\u00e1nky.<\/p>\r\n\r\n\r\n\r\n<p>P\u00e1\u010dil sa mi posledn\u00fd z\u00e1pas minulej sez\u00f3ny, kedy n\u00e1m v\u0161ak ani v\u00ed\u0165azstvo nesta\u010dilo na posledn\u00fa \u0161tvrt\u00fa prie\u010dku Ligy Majstrov, Liverpool si ju v\u00ed\u0165azstvom postr\u00e1\u017eil. Mo\u017eno ste n\u00e1m to aj nechali J. V\u00a0roku 2014 ste zasl\u00fa\u017eene vyhrali 3:0 na dom\u00e1cej p\u00f4de. Na um mi teraz ide vtipn\u00e1 situ\u00e1cia z\u00a0jedn\u00e9ho z\u00e1pasu, kedy sa Arteta, hraj\u00faci u\u017e v\u00a0na\u0161ich farb\u00e1ch, sna\u017eil hra\u0165 telom proti Lukakuovi, v\u00fdsledok je zrejme ka\u017ed\u00e9mu jasn\u00fd&#8230;<\/p>\r\n\r\n\r\n\r\n<h4><span style=\"font-size: 12pt;\"><strong>Veru, s\u00a0t\u00fdm Mart\u00ednezom si sa naozaj zal\u00ed\u0161kal. Ur\u010dite pozn\u00e1\u0161 niekoho z na\u0161eho teraj\u0161ieho k\u00e1dru, nach\u00e1dza sa tam niekto, za koho by si r\u00e1d zacvakal a priviedol na Emirates? Ale \u00faprimne, ani ja sa nehanb\u00edm, ke\u010f poviem, \u017ee \u00d6zil by sa n\u00e1m hodil na lavi\u010dku. K\u013eudne to m\u00f4\u017ee by\u0165 aj niekto z hist\u00f3rie, len nepovedz Alan Ball alebo Franny Jeffers. Za m\u0148a by to bol Tony Adams od v\u00e1s.<\/strong><\/span><\/h4>\r\n\r\n\r\n\r\n<p>Walcotta! Ale nie, v\u00e1\u017ene. Zo s\u00fa\u010dasn\u00e9ho k\u00e1dra sa mi u\u017e viac rokov p\u00e1\u010di Seamus Coleman, aj v\u00a0z\u00e1pasoch proti n\u00e1m hral v\u00fdborne, ur\u010dite by n\u00e1m pomohol vystu\u017ei\u0165 problematick\u00fa poz\u00edciu prav\u00e9ho obrancu. \u010ealej uzn\u00e1vam Leightona Bainesa a po\u010das jedn\u00e9ho prestupov\u00e9ho obdobia sme sa dokonca sna\u017eili z\u00edska\u0165 do na\u0161ich radov Phila Jagielku. Zaujal ma brank\u00e1r Pickford, ur\u010dite m\u00e1te moment\u00e1lne medzi troma \u017er\u010fami s\u013eubnej\u0161iu situ\u00e1ciu. Spomedzi u\u017e neakt\u00edvnych hr\u00e1\u010dov sa mi p\u00e1\u010dil Thomas Gravesen.<\/p>\r\n\r\n\r\n\r\n<h4><span style=\"font-size: 12pt;\"><strong>Na\u010drtnime teraz dovn\u00fatra klubov. Everton je, teda r\u00e1d by bol, na prahu novej \u00e9ry s nov\u00fdm a majetn\u00fdm v\u00e4\u010d\u0161inov\u00fdm vlastn\u00edkom, ktor\u00fd prepadol my\u0161lienke vr\u00e1ti\u0165 mu za\u0161l\u00fa sl\u00e1vu z osemdesiatych rokov. Robia sa pr\u00edpravy na nov\u00fd \u0161tadi\u00f3n, investuje sa (ne\u00faspe\u0161ne) do k\u00e1dra a mana\u017e\u00e9ri sa n\u00e1m za\u010dali meni\u0165 ako na p\u00e1se. Vy ste si nie\u010d\u00edm podobn\u00fdm pre\u0161li, \u0161tadi\u00f3n m\u00e1te u\u017e aj splaten\u00fd a nieko\u013eko sez\u00f3n prin\u00e1\u0161ate do \u0161atne ve\u013ek\u00e9 men\u00e1. Jedin\u00fd probl\u00e9m, teda aspo\u0148 pod\u013ea laick\u00e9ho poh\u013eadu fan\u00fa\u0161ika in\u00e9ho klubu, sa zd\u00e1 by\u0165 Wenger. T\u00e1to sez\u00f3na vyzer\u00e1 op\u00e4\u0165 len na Eur\u00f3psku Ligu a s t\u00fdm asi nie je nikto spokojn\u00fd. Ak\u00fd je tvoj insight z prostredia klubu?<\/strong><\/span><\/h4>\r\n\r\n\r\n\r\n<p>Majite\u013ea, ktor\u00fd chce klubu vr\u00e1ti\u0165 za\u0161l\u00fa sl\u00e1vu v\u00e1m skuto\u010dne z\u00e1vid\u00edm. V\u00e4\u010d\u0161inov\u00fd vlastn\u00edk Arsenalu, Stan Kroenke, je dlhodob\u00fdm t\u0155\u0148om v\u00a0oku fan\u00fa\u0161ikov, najm\u00e4 pre jeho \u0161portov\u00fd nez\u00e1ujem o\u00a0klub a\u00a0\u0165a\u017eko obh\u00e1jite\u013en\u00e9 amb\u00edcie v\u00a0boji o trofeje. Mohlo by sa zda\u0165, \u017ee ho klub zauj\u00edma hlavne po business str\u00e1nke, \u010domu nasved\u010duje aj poz\u00edcia Arsenalu na zozname najbohat\u0161\u00edch klubov sveta, a\u00a0to bez akejko\u013evek v\u00fdznamnej trofeje za posledn\u00fdch&#8230; no ani to nechcem po\u010d\u00edta\u0165. Ars\u00e9ne Wenger sa zd\u00e1 (alebo sk\u00f4r sa zdal) by\u0165 dlhodobo ide\u00e1lnou vo\u013ebou na zabezpe\u010denie takmer popredn\u00fdch poz\u00edci\u00ed s\u00a0hr\u00e1\u010dmi za neve\u013ek\u00e9 peniaze, s\u00a0pridanou hodnotu v\u00a0podobe \u013e\u00fabivej a\u00a0atrakt\u00edvnej hry (takisto minul\u00fd \u010das).<\/p>\r\n\r\n\r\n\r\n<h4><span style=\"font-size: 12pt;\"><strong>M\u00e1me za sebou \u010derstvo skon\u010den\u00e9 prestupov\u00e9 obdobie. Zd\u00e1 sa mi, \u017ee ste z neho vyviazli celkom dobre na pomery, ktor\u00e9 panovali s nepred\u013a\u017een\u00fdmi zmluvami. V\u00fdmenn\u00fd obchod, nov\u00fd overen\u00fd \u00fato\u010dn\u00edk, ten star\u00fd pod papu\u010dou i\u0161iel k mestsk\u00e9mu rivalovi &#8211; si spokojn\u00fd? Alebo by si s\u00e1m vo veden\u00ed po\u010d\u00ednal inak?<\/strong><\/span><\/h4>\r\n\r\n\r\n\r\n<p>Toto prestupov\u00e9 obdobie ma pr\u00edjemne prekvapilo. Wenger, zn\u00e1my neochotou obchodova\u0165 po\u010das zimy, bol nepriaznivou situ\u00e1ciou ako so zmluvami, tak aj s v\u00fdsledkami, prin\u00faten\u00fd kona\u0165. Z klubu odi\u0161iel u\u017e dlh\u0161ie neudr\u017eate\u013en\u00fd Alexis S\u00e1nchez, nehraj\u00faci Theo Walcott, prekvapivo Francis Coquelin a v sm\u00fatku aj Olivier Giroud (rad\u0161ej keby i\u0161iel k v\u00e1m, viem, \u017ee minim\u00e1lne ty si mal o neho z\u00e1ujem) plus zop\u00e1r \u010fal\u0161\u00edch hr\u00e1\u010dov. Prvotn\u00e1 z\u00e1plata situ\u00e1cie v podobe Mkhitaryana bola nie \u00faplne uspokojiv\u00e1, n\u00e1sledn\u00fd pr\u00edchod Aubameyanga a pred\u013a\u017eenie zmluvy \u00d6zila v\u0161ak vliali fan\u00fa\u0161ikom n\u00e1dej na lep\u0161ie zajtraj\u0161ky.<\/p>\r\n<p>V pr\u00edpade \u00d6zila m\u00e1m pocit, ako by i\u0161lo o \u201enew signing\u201c, ke\u010f\u017ee sa v\u0161eobecne predpokladalo, \u017ee najnesk\u00f4r v lete klub opust\u00ed. Pr\u00edchod svetov\u00e9ho \u00fato\u010dn\u00edka, ktor\u00fd nebol vo svojom klube nechcen\u00fd, do na\u0161ich radov je ve\u013ekou vecou. Zd\u00e1 sa mi, \u017ee sa pohli veci k lep\u0161iemu a vedenie sa pripravuje na mo\u017en\u00fd posez\u00f3nny odchod Wengera z poz\u00edcie hlavn\u00e9ho tr\u00e9nera. Problematick\u00e9 v\u0161ak zost\u00e1va zlo\u017eenie obrany a najm\u00e4 dlhodobo neadekv\u00e1tne obsaden\u00e1 poz\u00edcia \u0161t\u00edtov\u00e9ho z\u00e1lo\u017en\u00edka. Je nevyhnutn\u00e9 v lete privies\u0165 posily.<\/p>\r\n\r\n\r\n\r\n<h4><span style=\"font-size: 12pt;\"><strong>Do biznisu s Arsenalom sme zaplietli aj my, ke\u010f sme v\u00e1s u\u0161etrili od platu (aj s patri\u010dn\u00fdm od\u0161kodnen\u00edm) ve\u010dne potenci\u00e1lneho Thea Walcotta. Ja viem, \u017ee ty konkr\u00e9tne m\u00e1\u0161 na neho vyhraden\u00fd n\u00e1zor (o\u010dak\u00e1vam detailn\u00fa odpove\u010f pre\u010do), av\u0161ak my v Goodison Parku sa zatia\u013e nem\u00f4\u017eeme s\u0165a\u017eova\u0165. M\u00e1 raketov\u00fd \u0161tart a z\u00edskava si fan\u00fa\u0161ikov svojou pracovitos\u0165ou. \u010co od neho m\u00f4\u017eeme o\u010dak\u00e1va\u0165?<\/strong><\/span><\/h4>\r\n\r\n\r\n\r\n<p>Ve\u010dne potencion\u00e1lneho, to si ani lep\u0161ie nemohol nap\u00edsa\u0165, je to presn\u00e9 vystihnutie situ\u00e1cie. Theo je (ver\u00edm, \u017ee v srdci st\u00e1le) prav\u00fd Gooner, medzi fan\u00fa\u0161ikmi ve\u013emi ob\u013e\u00faben\u00fd, posledn\u00fd pam\u00e4tn\u00edk sl\u00e1vnej \u00e9ry. Zauj\u00edmavos\u0165ou je, \u017ee v roku 2006 hral na Majstrovstv\u00e1ch sveta bez toho, aby odohral ligov\u00fd z\u00e1pas. Vynikal najm\u00e4 v r\u00fdchlosti a v kvalitnom zakon\u010den\u00ed, dokola som si prehr\u00e1val jeho dva \u0161printy zo z\u00e1verov z\u00e1pasov proti Liverpoolu (\u017eia\u013e, v\u017edy sme po tom e\u0161te stihli inkasova\u0165), \u010di g\u00f3l do siete Chelsea na Vianoce 2010.<\/p>\r\n<p>Jeho nev\u00fdhodou v\u0161ak boli v minulosti \u010dast\u00e9 zranenia, ktor\u00e9 ho v\u017edy zastavili v rozlete. V uplynul\u00fdch dvoch sez\u00f3nach u\u017e dost\u00e1val iba m\u00e1lo pr\u00edle\u017eitost\u00ed, a ke\u010f sa aj dostal na ihrisko, v\u00fdkony boli neuspokojiv\u00e9. Mal som pocit, akoby stratil svoje prednosti. Mysl\u00edm si, \u017ee prestup k v\u00e1m bude pre v\u0161etky strany v\u00fdhodn\u00fd. Theo mal vskutku v\u00fdborn\u00fd vstup a ak t\u00fdmto tempom bude pokra\u010dova\u0165 aj na\u010falej, m\u00f4\u017eete si poveda\u0165, \u017ee ste urobili v\u00fdhodn\u00fd n\u00e1kup. Ja osobne d\u00fafam, \u017ee sa mu bude u v\u00e1s dari\u0165 a dostane sa op\u00e4\u0165 do formy i reprezent\u00e1cie, i ke\u010f v tom pr\u00edpade poc\u00edtim trpk\u00fa pr\u00edchu\u0165 faktu, \u017ee to v sebe Theo vlastne v\u0161etko mal, iba to v \u0148om Wenger \u201ezabil\u201c na lavi\u010dke. Ve\u010f nalejme si \u010dist\u00e9ho v\u00edna, hne\u010f p\u00e1r dn\u00ed po prestupe sme mohli v jeho podan\u00ed vidie\u0165 v\u00fdkony, ak\u00e9 u\u017e d\u00e1vno nie.<\/p>\r\n\r\n\r\n\r\n<h4><span style=\"font-size: 12pt;\"><strong>Prejdime na formu t\u00edmov. Toffees sa kone\u010dne do\u010dkali v\u00ed\u0165azstva po siedmych z\u00e1pasoch. \u010clovek by povedal, \u017ee sa za\u010dne h\u00fdba\u0165 stoli\u010dka aj pod Allardyceom, ale ak by som si mal tipn\u00fa\u0165, to sk\u00f4r dostane vyhadzov Conte, alebo v\u00e1\u0161 profesor Ars\u00e8ne. Preto\u017ee ja moment\u00e1lne pova\u017eujem Gunners za najnepredv\u00eddanej\u0161\u00ed t\u00edm v PL. Po \u0161okuj\u00facom \u0161tarte ste sa pozbierali, ale akoby v\u00e1m znova doch\u00e1dza dych a v\u00fdsledky kol\u00edsaj\u00fa. \u010c\u00edm to pod\u013ea teba je?<\/strong><\/span><\/h4>\r\n\r\n\r\n\r\n<p>V tejto sez\u00f3ne hr\u00e1 Arsenal najnepozerate\u013enej\u0161\u00ed futbal, ak\u00fd som v jeho podan\u00ed kedy videl. Obrana hor\u00ed, stred po\u013ea pos\u00fava loptu do str\u00e1n a \u00fato\u010dn\u00fdch akci\u00ed je pram\u00e1lo. Atmosf\u00e9ra v kab\u00edne zaiste nie je najlep\u0161ia, uvid\u00edme, ako sa vy\u010dist\u00ed vzduch po odchode S\u00e1ncheza, s ktor\u00fdm niektor\u00ed hr\u00e1\u010di \u00fadajne nemali najlep\u0161ie vz\u0165ahy. Probl\u00e9mom je aj pr\u00edprava na z\u00e1pasy, kde ide jednozna\u010dne vina na tr\u00e9nera. Ch\u00fdba motiv\u00e1cia, takticky nezvl\u00e1dame z\u00e1pasy, hr\u00e1\u010di hraj\u00fa na neprirodzen\u00fdch poz\u00edci\u00e1ch a viacer\u00ed pod\u00e1vaj\u00fa prinajlep\u0161om podpriemern\u00e9 v\u00fdkony.<\/p>\r\n<p>Napriek tomu maj\u00fa t\u00fd\u017ede\u0148 \u010do t\u00fd\u017ede\u0148 ist\u00e9 miesto v z\u00e1kladnej zostave, \u010do demotivuje hr\u00e1\u010dov na lavi\u010dke a nen\u00fati k snahe hr\u00e1\u010dov v poli. M\u00e1me najhor\u0161iu bilanciu vo vonkaj\u0161\u00edch z\u00e1pasoch v hist\u00f3rii Premier League. Hra Arsenalu sa stala ve\u013emi predv\u00eddate\u013enou h\u00e1dzanou okolo pokutov\u00e9ho \u00fazemia, na \u010do sa dok\u00e1\u017eu dobre pripravi\u0165 kluby z dolnej polovice tabu\u013eky. V\u00fdmenu tr\u00e9nera vn\u00edmam u\u017e ako nevyhnutnos\u0165.<\/p>\r\n\r\n\r\n\r\n<h4><span style=\"font-size: 12pt;\"><strong>Po zmene tr\u00e9nera s\u00fa zostupom ustr\u00e1chan\u00e9 Labute na koni a odniesol si to ako Liverpool, tak aj Arsenal. V\u00e1\u0161 z\u00e1pas sprev\u00e1dzali neuverite\u013en\u00e9 fat\u00e1lne \u00a0hrubky v obrane. Je to be\u017ene pozorovate\u013en\u00fd jav pre fan\u00fa\u0161ika Arsenalu? Povedz n\u00e1m, \u010do je najv\u00e4\u010d\u0161ou slabinou a \u010do prednos\u0165ou s\u00fa\u010dasn\u00fdch Gunners. Neboj, Samovi ani muk&#8230;<\/strong><\/span><\/h4>\r\n\r\n\r\n\r\n<p>\u017dia\u013e, hrub\u00e9 chyby v\u00a0obrane akosi z\u013eudoveli, aj ke\u010f v\u00a0z\u00e1pase proti Swansea ich bolo akosi prive\u013ea. Niekto by povedal, \u017ee bol podmo\u010den\u00fd tr\u00e1vnik, ale na to sa nemo\u017eno vyhov\u00e1ra\u0165. Z\u00e1pas bol skuto\u010dne tragick\u00fd, a\u00a0to najm\u00e4 z\u00a0hore uveden\u00fdch d\u00f4vodov.<\/p>\r\n\r\n\r\n\r\n<p>\u010co sa t\u00fdka slab\u00edn, tie by sa dali n\u00e1js\u0165 u\u017e dlhoro\u010dne v obrane, kde absentuje dostatok kvalitn\u00fdch hr\u00e1\u010dov. V\u00fdkony Shkodrana Mustafiho pripom\u00ednaj\u00fa s\u00ednusoidu s ve\u013ekou amplit\u00fadou, Laurent Koscielny na v\u0161etko s\u00e1m nesta\u010d\u00ed. Beller\u00edn sa v\u00fdkonnostne str\u00e1ca (ako viacer\u00ed hr\u00e1\u010di v poslednom \u010dase), Chambers a Holding s\u00fa e\u0161te pr\u00edli\u0161 nesk\u00fasen\u00ed. \u0164a\u017eko poveda\u0165, z ak\u00e9ho d\u00f4vodu sed\u00ed na lavi\u010dke letn\u00e1 akviz\u00edcia Kolasinac, ktor\u00fd sa predviedol v dobrom svetle. Pr\u00eds\u013eubom do bud\u00facna by mohol by\u0165 hr\u00e1\u010d akad\u00e9mie, Ainsley Maitland-Niles.<\/p>\r\n<p>Rovnakou slabinou je aj poz\u00edcia defenz\u00edvneho stredopoliara, kde u\u017e dlh\u00fa dobu nenach\u00e1dzame kvalitu. Posledn\u00fdm defenz\u00edvnym z\u00e1lo\u017en\u00edkom, ktor\u00fd sa mi p\u00e1\u010dil, bol Alex Song, ale od toho \u010dasu, s\u00fa do tejto poz\u00edcie tla\u010den\u00ed hr\u00e1\u010di ako Denilson, Arteta, Xhaka a podobne, pre ktor\u00fdch nie je prirodzen\u00e1, resp. na nej nepredv\u00e1dzaj\u00fa potrebn\u00e9 v\u00fdkony. \u017dia\u013e, v poslednom \u010dase sa na\u0161ou slabinou st\u00e1va aj na\u0161a kedysi v\u00fdkladn\u00e1 skri\u0148a, a to kreativita v strede po\u013ea.<\/p>\r\n\r\n\r\n\r\n<p>Prednos\u0165ou Gunners je aj po tomto prestupovom obdob\u00ed \u00fatok, od ktor\u00e9ho o\u010dak\u00e1vam n\u00e1plas\u0165 na bo\u013eavom srdci. Uvid\u00edme, ako a\u00a0na ktor\u00e9 poz\u00edcie zapadn\u00fa nov\u00ed hr\u00e1\u010di.<\/p>\r\n\r\n\r\n\r\n<h4><span style=\"font-size: 12pt;\"><strong>\u017dalovania nie je nikdy dos\u0165, tak \u0165a e\u0161te na z\u00e1ver pekne popros\u00edm. Na\u0161ich fan\u00fa\u0161ikov by s istotou zauj\u00edmalo, s akou zostavou pravdepodobne nast\u00fapite, ktor\u00fa form\u00e1ciu preferujete a na koho si vo forme m\u00e1me d\u00e1va\u0165 pozor. M\u00e1te nejak\u00e9 absencie, ktor\u00e9 v\u00e1s v\u00fdrazne oslabuj\u00fa?<\/strong><\/span><\/h4>\r\n\r\n\r\n\r\n<p>Keby si sa ma na t\u00fato ot\u00e1zku sp\u00fdtal pred t\u00fd\u017ed\u0148om, bez v\u00e1hania by som ti zopakoval zostavu, ktor\u00fa Ars\u00e8ne Wenger opakuje cel\u00fa sez\u00f3nu, bez oh\u013eadu na formu hr\u00e1\u010dov. Nov\u00e9 akviz\u00edcie v\u0161ak m\u00f4\u017eu rozh\u00e1dza\u0165 stereotyp a\u00a0ja v\u00a0to pevne ver\u00edm. \u010co sa t\u00fdka form\u00e1cie, t\u00fato sez\u00f3nu striedame 3-4-3 s\u00a0mojou ob\u013e\u00fabenej\u0161ou 4-3-3, ktor\u00e1 bude d\u00fafam pou\u017eit\u00e1 aj vo vz\u00e1jomnom z\u00e1pase (pri form\u00e1cii 3-4-3 je viacero hr\u00e1\u010dov utopen\u00fdch na neprirodzen\u00fdch poz\u00edci\u00e1ch). Predpoklad\u00e1m, \u017ee v\u00a0br\u00e1ne bude st\u00e1\u0165 aj napriek poslednej minele \u010cech, obranu takisto o\u010dak\u00e1vam nezmenen\u00fa v\u00a0zlo\u017een\u00ed Beller\u00edn \u2013 Koscielny \u2013 Mustafi \u2013 Monreal. Stred po\u013ea by som u\u017e r\u00e1d priv\u00edtal bez naozaj zle hraj\u00faceho Xhaku, jej zlo\u017eenie by mohlo vyzera\u0165 Elneny \u2013 Wilshere \u2013 Ramsey. Nepredpoklad\u00e1m, \u017ee do hry zasiahne od za\u010diatku z\u00e1pasu Aubameyang, a\u00a0tak by mohol \u00fatok hra\u0165 v\u00a0zlo\u017een\u00ed \u00d6zil \u2013 Mkhitaryan \u2013 Lacazette. D\u00fafam, \u017ee Alex Iwobi u\u017e bude tentoraz \u010daka\u0165 na svoju pr\u00edle\u017eitos\u0165 na lavi\u010dke n\u00e1hradn\u00edkov.<\/p>\r\n\r\n\r\n\r\n<p>Na\u0161ou najv\u00e4\u010d\u0161ou absenciou je u\u017e druh\u00fa sez\u00f3nu Santi Cazorla, ale pri v\u00e1\u017enosti jeho zranenia si nerob\u00edm n\u00e1deje, \u017ee bude e\u0161te niekedy plnohodnotne hra\u0165 v\u00a0prvom t\u00edme. Kie\u017eby som sa m\u00fdlil.<\/p>\r\n\r\n\r\n\r\n<h4><span style=\"font-size: 12pt;\"><strong>Tak a to by bolo v\u0161etko. Ve\u013emi pekne ti za cel\u00fd Ofici\u00e1lny \u010cesko-Slovensk\u00fd klub podporovate\u013eov Evertonu \u010fakujem. Viem, ko\u013eko to je n\u00e1mahy, zodpoveda\u0165 v\u0161etky \u0161pekulantsk\u00e9 ot\u00e1zky na\u0161ich redaktorov. A d\u00fafam, \u017ee tvoju particip\u00e1ciu ocenia aj na\u0161i vern\u00ed \u010ditatelia. Ve\u010f nakoniec uvid\u00ed\u0161 aj s\u00e1m, ak sem n\u00e1hodou zabl\u00fadi\u0161. Ako Post Scriptum, \u0165a na \u00fapln\u00fd koniec po\u017eiadam o tip na v\u00fdsledok sobotn\u00e9ho z\u00e1pasu. Za m\u0148a jednozna\u010dne 0:1 a kone\u010dne skalp Emirates&#8230;<\/strong><\/span><\/h4>\r\n\r\n\r\n\r\n<p>\u010eakujem aj ja za mo\u017enos\u0165 odpoveda\u0165 na tvoje ot\u00e1zky a\u00a0podie\u013ea\u0165 sa na spr\u00edjemnen\u00ed predz\u00e1pasov\u00e9ho \u010d\u00edtania va\u0161ich fan\u00fa\u0161ikov. Z\u00e1pasov\u00e9 sk\u00f3re tipujem na 2:1, kedy preuk\u00e1\u017eeme celkom dobr\u00fa formu z\u00a0dom\u00e1cich z\u00e1pasov. Pri takomto v\u00fdsledku by ma pote\u0161ilo, ak by sk\u00f3roval Theo Walcott, ur\u010dite by sa do\u010dkal ocenenia z\u00a0radov publika.<\/p>\r\n\r\n\r\n\r\n<p><strong>\u010co:<\/strong>\u00a0Arsenal FC \u2013 Everton FC, 26. kolo Premier League<strong><br \/>Kedy:<\/strong>\u00a03.2. 2018 od 18:30 SE\u010c<strong><br \/>Kde:<\/strong>\u00a0Emirates Stadium &#8211; Hornsey Rd, Lond\u00fdn N7 7AJ (kapacita: 59\u00a0867)<strong><br \/>Rozhodca:<\/strong>\u00a0N. Swarbrick\u00a0<strong>Asistenti:\u00a0<\/strong>K. Hatzidakis, D. Cook\u00a0<strong>\u0160tvrt\u00fd rozhodca:\u00a0<\/strong>C. Pawson<\/p>\r\n","protected":false},"excerpt":{"rendered":"<p>Tento pred-z\u00e1pasov\u00fd s\u00fahrn pojmeme netradi\u010dne a to rozhovorom. Nie v\u0161ak hocijak\u00fdm, ale rovno s rivalom z t\u00e1bora dom\u00e1cich. Spoveda\u0165 budeme dlhoro\u010dn\u00e9ho fan\u00fa\u0161ika Gunners, Borisa.<\/p>\n","protected":false},"author":1,"featured_media":15084,"comment_status":"open","ping_status":"closed","sticky":false,"template":"","format":"standard","meta":{"_eb_attr":"","_monsterinsights_skip_tracking":false,"_monsterinsights_sitenote_active":false,"_monsterinsights_sitenote_note":"","_monsterinsights_sitenote_category":0,"footnotes":""},"categories":[1,4],"tags":[],"yoast_head":"<!-- This site is optimized with the Yoast SEO plugin v23.4 - https:\/\/yoast.com\/wordpress\/plugins\/seo\/ -->\n<title>Preview: Arsenal - Everton - Official Czech &amp; Slovak Everton Supporters&#039; Club<\/title>\n<meta name=\"robots\" content=\"index, follow, max-snippet:-1, max-image-preview:large, max-video-preview:-1\" \/>\n<link rel=\"canonical\" href=\"https:\/\/evertonfc.cz\/index.php\/2018\/02\/02\/preview-arsenal-everton-2\/\" \/>\n<meta property=\"og:locale\" content=\"cs_CZ\" \/>\n<meta property=\"og:type\" content=\"article\" \/>\n<meta property=\"og:title\" content=\"Preview: Arsenal - Everton - Official Czech &amp; Slovak Everton Supporters&#039; Club\" \/>\n<meta property=\"og:description\" content=\"Tento pred-z\u00e1pasov\u00fd s\u00fahrn pojmeme netradi\u010dne a to rozhovorom. Nie v\u0161ak hocijak\u00fdm, ale rovno s rivalom z t\u00e1bora dom\u00e1cich. Spoveda\u0165 budeme dlhoro\u010dn\u00e9ho fan\u00fa\u0161ika Gunners, Borisa.\" \/>\n<meta property=\"og:url\" content=\"https:\/\/evertonfc.cz\/index.php\/2018\/02\/02\/preview-arsenal-everton-2\/\" \/>\n<meta property=\"og:site_name\" content=\"Official Czech &amp; Slovak Everton Supporters&#039; Club\" \/>\n<meta property=\"article:publisher\" content=\"https:\/\/www.facebook.com\/everton.fans.cz.sk\" \/>\n<meta property=\"article:published_time\" content=\"2018-02-02T16:39:28+00:00\" \/>\n<meta property=\"article:modified_time\" content=\"2021-04-25T14:47:28+00:00\" \/>\n<meta property=\"og:image\" content=\"https:\/\/evertonfc.cz\/wp-content\/uploads\/2021\/04\/Arsenal-VS-Everton.jpg\" \/>\n\t<meta property=\"og:image:width\" content=\"720\" \/>\n\t<meta property=\"og:image:height\" content=\"405\" \/>\n\t<meta property=\"og:image:type\" content=\"image\/jpeg\" \/>\n<meta name=\"author\" content=\"BlueBlooded\" \/>\n<meta name=\"twitter:card\" content=\"summary_large_image\" \/>\n<meta name=\"twitter:label1\" content=\"Napsal(a)\" \/>\n\t<meta name=\"twitter:data1\" content=\"BlueBlooded\" \/>\n\t<meta name=\"twitter:label2\" content=\"Odhadovan\u00e1 doba \u010dten\u00ed\" \/>\n\t<meta name=\"twitter:data2\" content=\"10 minut\" \/>\n<script type=\"application\/ld+json\" class=\"yoast-schema-graph\">{\"@context\":\"https:\/\/schema.org\",\"@graph\":[{\"@type\":\"Article\",\"@id\":\"https:\/\/evertonfc.cz\/index.php\/2018\/02\/02\/preview-arsenal-everton-2\/#article\",\"isPartOf\":{\"@id\":\"https:\/\/evertonfc.cz\/index.php\/2018\/02\/02\/preview-arsenal-everton-2\/\"},\"author\":{\"name\":\"BlueBlooded\",\"@id\":\"https:\/\/evertonfc.cz\/#\/schema\/person\/d4493b8cbea51532597fbc4685698916\"},\"headline\":\"Preview: Arsenal &#8211; Everton\",\"datePublished\":\"2018-02-02T16:39:28+00:00\",\"dateModified\":\"2021-04-25T14:47:28+00:00\",\"mainEntityOfPage\":{\"@id\":\"https:\/\/evertonfc.cz\/index.php\/2018\/02\/02\/preview-arsenal-everton-2\/\"},\"wordCount\":2784,\"commentCount\":0,\"publisher\":{\"@id\":\"https:\/\/evertonfc.cz\/#organization\"},\"image\":{\"@id\":\"https:\/\/evertonfc.cz\/index.php\/2018\/02\/02\/preview-arsenal-everton-2\/#primaryimage\"},\"thumbnailUrl\":\"https:\/\/evertonfc.cz\/wp-content\/uploads\/2021\/04\/Arsenal-VS-Everton.jpg\",\"articleSection\":[\"Rozhovory\",\"Z\u00e1pasy\"],\"inLanguage\":\"cs\",\"potentialAction\":[{\"@type\":\"CommentAction\",\"name\":\"Comment\",\"target\":[\"https:\/\/evertonfc.cz\/index.php\/2018\/02\/02\/preview-arsenal-everton-2\/#respond\"]}]},{\"@type\":\"WebPage\",\"@id\":\"https:\/\/evertonfc.cz\/index.php\/2018\/02\/02\/preview-arsenal-everton-2\/\",\"url\":\"https:\/\/evertonfc.cz\/index.php\/2018\/02\/02\/preview-arsenal-everton-2\/\",\"name\":\"Preview: Arsenal - Everton - Official Czech &amp; Slovak Everton Supporters&#039; Club\",\"isPartOf\":{\"@id\":\"https:\/\/evertonfc.cz\/#website\"},\"primaryImageOfPage\":{\"@id\":\"https:\/\/evertonfc.cz\/index.php\/2018\/02\/02\/preview-arsenal-everton-2\/#primaryimage\"},\"image\":{\"@id\":\"https:\/\/evertonfc.cz\/index.php\/2018\/02\/02\/preview-arsenal-everton-2\/#primaryimage\"},\"thumbnailUrl\":\"https:\/\/evertonfc.cz\/wp-content\/uploads\/2021\/04\/Arsenal-VS-Everton.jpg\",\"datePublished\":\"2018-02-02T16:39:28+00:00\",\"dateModified\":\"2021-04-25T14:47:28+00:00\",\"breadcrumb\":{\"@id\":\"https:\/\/evertonfc.cz\/index.php\/2018\/02\/02\/preview-arsenal-everton-2\/#breadcrumb\"},\"inLanguage\":\"cs\",\"potentialAction\":[{\"@type\":\"ReadAction\",\"target\":[\"https:\/\/evertonfc.cz\/index.php\/2018\/02\/02\/preview-arsenal-everton-2\/\"]}]},{\"@type\":\"ImageObject\",\"inLanguage\":\"cs\",\"@id\":\"https:\/\/evertonfc.cz\/index.php\/2018\/02\/02\/preview-arsenal-everton-2\/#primaryimage\",\"url\":\"https:\/\/evertonfc.cz\/wp-content\/uploads\/2021\/04\/Arsenal-VS-Everton.jpg\",\"contentUrl\":\"https:\/\/evertonfc.cz\/wp-content\/uploads\/2021\/04\/Arsenal-VS-Everton.jpg\",\"width\":720,\"height\":405},{\"@type\":\"BreadcrumbList\",\"@id\":\"https:\/\/evertonfc.cz\/index.php\/2018\/02\/02\/preview-arsenal-everton-2\/#breadcrumb\",\"itemListElement\":[{\"@type\":\"ListItem\",\"position\":1,\"name\":\"Home\",\"item\":\"https:\/\/evertonfc.cz\/\"},{\"@type\":\"ListItem\",\"position\":2,\"name\":\"Preview: Arsenal &#8211; Everton\"}]},{\"@type\":\"WebSite\",\"@id\":\"https:\/\/evertonfc.cz\/#website\",\"url\":\"https:\/\/evertonfc.cz\/\",\"name\":\"Official Czech &amp; Slovak Everton Supporters&#039; Club\",\"description\":\"\",\"publisher\":{\"@id\":\"https:\/\/evertonfc.cz\/#organization\"},\"potentialAction\":[{\"@type\":\"SearchAction\",\"target\":{\"@type\":\"EntryPoint\",\"urlTemplate\":\"https:\/\/evertonfc.cz\/?s={search_term_string}\"},\"query-input\":{\"@type\":\"PropertyValueSpecification\",\"valueRequired\":true,\"valueName\":\"search_term_string\"}}],\"inLanguage\":\"cs\"},{\"@type\":\"Organization\",\"@id\":\"https:\/\/evertonfc.cz\/#organization\",\"name\":\"Official Czech & Slovak Everton Supporters' Club\",\"url\":\"https:\/\/evertonfc.cz\/\",\"logo\":{\"@type\":\"ImageObject\",\"inLanguage\":\"cs\",\"@id\":\"https:\/\/evertonfc.cz\/#\/schema\/logo\/image\/\",\"url\":\"https:\/\/evertonfc.cz\/wp-content\/uploads\/2019\/05\/logo.png\",\"contentUrl\":\"https:\/\/evertonfc.cz\/wp-content\/uploads\/2019\/05\/logo.png\",\"width\":112,\"height\":112,\"caption\":\"Official Czech & Slovak Everton Supporters' Club\"},\"image\":{\"@id\":\"https:\/\/evertonfc.cz\/#\/schema\/logo\/image\/\"},\"sameAs\":[\"https:\/\/www.facebook.com\/everton.fans.cz.sk\"]},{\"@type\":\"Person\",\"@id\":\"https:\/\/evertonfc.cz\/#\/schema\/person\/d4493b8cbea51532597fbc4685698916\",\"name\":\"BlueBlooded\",\"url\":\"https:\/\/evertonfc.cz\/index.php\/author\/admin\/\"}]}<\/script>\n<!-- \/ Yoast SEO plugin. -->","yoast_head_json":{"title":"Preview: Arsenal - Everton - Official Czech &amp; Slovak Everton Supporters&#039; Club","robots":{"index":"index","follow":"follow","max-snippet":"max-snippet:-1","max-image-preview":"max-image-preview:large","max-video-preview":"max-video-preview:-1"},"canonical":"https:\/\/evertonfc.cz\/index.php\/2018\/02\/02\/preview-arsenal-everton-2\/","og_locale":"cs_CZ","og_type":"article","og_title":"Preview: Arsenal - Everton - Official Czech &amp; Slovak Everton Supporters&#039; Club","og_description":"Tento pred-z\u00e1pasov\u00fd s\u00fahrn pojmeme netradi\u010dne a to rozhovorom. Nie v\u0161ak hocijak\u00fdm, ale rovno s rivalom z t\u00e1bora dom\u00e1cich. Spoveda\u0165 budeme dlhoro\u010dn\u00e9ho fan\u00fa\u0161ika Gunners, Borisa.","og_url":"https:\/\/evertonfc.cz\/index.php\/2018\/02\/02\/preview-arsenal-everton-2\/","og_site_name":"Official Czech &amp; Slovak Everton Supporters&#039; Club","article_publisher":"https:\/\/www.facebook.com\/everton.fans.cz.sk","article_published_time":"2018-02-02T16:39:28+00:00","article_modified_time":"2021-04-25T14:47:28+00:00","og_image":[{"width":720,"height":405,"url":"https:\/\/evertonfc.cz\/wp-content\/uploads\/2021\/04\/Arsenal-VS-Everton.jpg","type":"image\/jpeg"}],"author":"BlueBlooded","twitter_card":"summary_large_image","twitter_misc":{"Napsal(a)":"BlueBlooded","Odhadovan\u00e1 doba \u010dten\u00ed":"10 minut"},"schema":{"@context":"https:\/\/schema.org","@graph":[{"@type":"Article","@id":"https:\/\/evertonfc.cz\/index.php\/2018\/02\/02\/preview-arsenal-everton-2\/#article","isPartOf":{"@id":"https:\/\/evertonfc.cz\/index.php\/2018\/02\/02\/preview-arsenal-everton-2\/"},"author":{"name":"BlueBlooded","@id":"https:\/\/evertonfc.cz\/#\/schema\/person\/d4493b8cbea51532597fbc4685698916"},"headline":"Preview: Arsenal &#8211; Everton","datePublished":"2018-02-02T16:39:28+00:00","dateModified":"2021-04-25T14:47:28+00:00","mainEntityOfPage":{"@id":"https:\/\/evertonfc.cz\/index.php\/2018\/02\/02\/preview-arsenal-everton-2\/"},"wordCount":2784,"commentCount":0,"publisher":{"@id":"https:\/\/evertonfc.cz\/#organization"},"image":{"@id":"https:\/\/evertonfc.cz\/index.php\/2018\/02\/02\/preview-arsenal-everton-2\/#primaryimage"},"thumbnailUrl":"https:\/\/evertonfc.cz\/wp-content\/uploads\/2021\/04\/Arsenal-VS-Everton.jpg","articleSection":["Rozhovory","Z\u00e1pasy"],"inLanguage":"cs","potentialAction":[{"@type":"CommentAction","name":"Comment","target":["https:\/\/evertonfc.cz\/index.php\/2018\/02\/02\/preview-arsenal-everton-2\/#respond"]}]},{"@type":"WebPage","@id":"https:\/\/evertonfc.cz\/index.php\/2018\/02\/02\/preview-arsenal-everton-2\/","url":"https:\/\/evertonfc.cz\/index.php\/2018\/02\/02\/preview-arsenal-everton-2\/","name":"Preview: Arsenal - Everton - Official Czech &amp; Slovak Everton Supporters&#039; Club","isPartOf":{"@id":"https:\/\/evertonfc.cz\/#website"},"primaryImageOfPage":{"@id":"https:\/\/evertonfc.cz\/index.php\/2018\/02\/02\/preview-arsenal-everton-2\/#primaryimage"},"image":{"@id":"https:\/\/evertonfc.cz\/index.php\/2018\/02\/02\/preview-arsenal-everton-2\/#primaryimage"},"thumbnailUrl":"https:\/\/evertonfc.cz\/wp-content\/uploads\/2021\/04\/Arsenal-VS-Everton.jpg","datePublished":"2018-02-02T16:39:28+00:00","dateModified":"2021-04-25T14:47:28+00:00","breadcrumb":{"@id":"https:\/\/evertonfc.cz\/index.php\/2018\/02\/02\/preview-arsenal-everton-2\/#breadcrumb"},"inLanguage":"cs","potentialAction":[{"@type":"ReadAction","target":["https:\/\/evertonfc.cz\/index.php\/2018\/02\/02\/preview-arsenal-everton-2\/"]}]},{"@type":"ImageObject","inLanguage":"cs","@id":"https:\/\/evertonfc.cz\/index.php\/2018\/02\/02\/preview-arsenal-everton-2\/#primaryimage","url":"https:\/\/evertonfc.cz\/wp-content\/uploads\/2021\/04\/Arsenal-VS-Everton.jpg","contentUrl":"https:\/\/evertonfc.cz\/wp-content\/uploads\/2021\/04\/Arsenal-VS-Everton.jpg","width":720,"height":405},{"@type":"BreadcrumbList","@id":"https:\/\/evertonfc.cz\/index.php\/2018\/02\/02\/preview-arsenal-everton-2\/#breadcrumb","itemListElement":[{"@type":"ListItem","position":1,"name":"Home","item":"https:\/\/evertonfc.cz\/"},{"@type":"ListItem","position":2,"name":"Preview: Arsenal &#8211; Everton"}]},{"@type":"WebSite","@id":"https:\/\/evertonfc.cz\/#website","url":"https:\/\/evertonfc.cz\/","name":"Official Czech &amp; Slovak Everton Supporters&#039; Club","description":"","publisher":{"@id":"https:\/\/evertonfc.cz\/#organization"},"potentialAction":[{"@type":"SearchAction","target":{"@type":"EntryPoint","urlTemplate":"https:\/\/evertonfc.cz\/?s={search_term_string}"},"query-input":{"@type":"PropertyValueSpecification","valueRequired":true,"valueName":"search_term_string"}}],"inLanguage":"cs"},{"@type":"Organization","@id":"https:\/\/evertonfc.cz\/#organization","name":"Official Czech & Slovak Everton Supporters' Club","url":"https:\/\/evertonfc.cz\/","logo":{"@type":"ImageObject","inLanguage":"cs","@id":"https:\/\/evertonfc.cz\/#\/schema\/logo\/image\/","url":"https:\/\/evertonfc.cz\/wp-content\/uploads\/2019\/05\/logo.png","contentUrl":"https:\/\/evertonfc.cz\/wp-content\/uploads\/2019\/05\/logo.png","width":112,"height":112,"caption":"Official Czech & Slovak Everton Supporters' Club"},"image":{"@id":"https:\/\/evertonfc.cz\/#\/schema\/logo\/image\/"},"sameAs":["https:\/\/www.facebook.com\/everton.fans.cz.sk"]},{"@type":"Person","@id":"https:\/\/evertonfc.cz\/#\/schema\/person\/d4493b8cbea51532597fbc4685698916","name":"BlueBlooded","url":"https:\/\/evertonfc.cz\/index.php\/author\/admin\/"}]}},"_links":{"self":[{"href":"https:\/\/evertonfc.cz\/index.php\/wp-json\/wp\/v2\/posts\/2216"}],"collection":[{"href":"https:\/\/evertonfc.cz\/index.php\/wp-json\/wp\/v2\/posts"}],"about":[{"href":"https:\/\/evertonfc.cz\/index.php\/wp-json\/wp\/v2\/types\/post"}],"author":[{"embeddable":true,"href":"https:\/\/evertonfc.cz\/index.php\/wp-json\/wp\/v2\/users\/1"}],"replies":[{"embeddable":true,"href":"https:\/\/evertonfc.cz\/index.php\/wp-json\/wp\/v2\/comments?post=2216"}],"version-history":[{"count":5,"href":"https:\/\/evertonfc.cz\/index.php\/wp-json\/wp\/v2\/posts\/2216\/revisions"}],"predecessor-version":[{"id":15115,"href":"https:\/\/evertonfc.cz\/index.php\/wp-json\/wp\/v2\/posts\/2216\/revisions\/15115"}],"wp:featuredmedia":[{"embeddable":true,"href":"https:\/\/evertonfc.cz\/index.php\/wp-json\/wp\/v2\/media\/15084"}],"wp:attachment":[{"href":"https:\/\/evertonfc.cz\/index.php\/wp-json\/wp\/v2\/media?parent=2216"}],"wp:term":[{"taxonomy":"category","embeddable":true,"href":"https:\/\/evertonfc.cz\/index.php\/wp-json\/wp\/v2\/categories?post=2216"},{"taxonomy":"post_tag","embeddable":true,"href":"https:\/\/evertonfc.cz\/index.php\/wp-json\/wp\/v2\/tags?post=2216"}],"curies":[{"name":"wp","href":"https:\/\/api.w.org\/{rel}","templated":true}]}}