{"id":22163,"date":"2023-07-26T21:21:51","date_gmt":"2023-07-26T19:21:51","guid":{"rendered":"https:\/\/evertonfc.cz\/?p=22163"},"modified":"2023-07-30T20:37:36","modified_gmt":"2023-07-30T18:37:36","slug":"bolton-wanderers-everton-00","status":"publish","type":"post","link":"https:\/\/evertonfc.cz\/index.php\/2023\/07\/26\/bolton-wanderers-everton-00\/","title":{"rendered":"Bolton Wanderers &#8211; Everton 0:0"},"content":{"rendered":"<h4>T\u0159et\u00ed p\u0159\u00e1telsk\u00e9 utk\u00e1n\u00ed skon\u010dilo bez \u0161r\u00e1mu na jedn\u00e9 \u010di druh\u00e9 stran\u011b. Z v\u00fdsledku nelze samoz\u0159ejm\u011b nic vyvozovat. Snad jen, v\u00fdzva pro Thelwella &amp; spol.: \u201eSe\u017ee\u0148te \u00fato\u010dn\u00edka!&#8220;<\/h4>\n<p>T\u0159etiligov\u00fd soupe\u0159 je v p\u0159\u00edprav\u011b o malinko d\u00e1le, League One za\u010d\u00edn\u00e1 ji\u017e za t\u00fdden. Nedala se tedy \u010dekat \u017e\u00e1dn\u00e1 kanon\u00e1da, obzvl\u00e1\u0161t\u011b, kdy\u017e Toffees postr\u00e1daj\u00ed n\u011bkolik opor. V r\u00e1mci testov\u00e1n\u00ed navl\u00e9kl rukavice Jo\u00e3o Virginia. Mist\u0159\u00edci Evropy do 21 let \u2013 Garner a Branthwaite, se teprve vracej\u00ed z prodlou\u017een\u00e9ho volna, tak\u017ee obrana nastoupila v o\u010dek\u00e1vateln\u00e9m slo\u017een\u00ed. V z\u00e1loze se m\u011bl uk\u00e1zat Andr\u00e9 Gomes, polit\u00fd na hostov\u00e1n\u00ed v Lille \u201aEau de vie\u2018. Vedle n\u011bj se postavil uzdraven\u00fd Amadou Onana. Dal\u0161\u00ed navr\u00e1tilec z hostov\u00e1n\u00ed, Lewis Dobbin, dostal \u0161anci na k\u0159\u00eddle, v ofenziv\u011b doplnil nejlep\u0161\u00edho st\u0159elce a asistenta z lo\u0148sk\u00e9 sez\u00f3ny, a taky Maupay. Zat\u00edm tedy \u017e\u00e1dn\u00fd Danjuma.<\/p>\n<h4>Prvn\u00ed polo\u010das<\/h4>\n<p>Na Toughsheet Community Stadium, pam\u011btn\u00edk\u016fm lep\u0161\u00edch rok\u016f Wanderers zn\u00e1m\u00fd jako Reebok Stadium, p\u0159ijelo dosti Evertonians. Utk\u00e1n\u00ed za\u010dalo ve svi\u017en\u00e9m tempu, jak jinak. U\u017e ve 4. minut\u011b se za pomoci Younga, McNeila a zejm\u00e9na svi\u017en\u00e9ho Dobbina posunul m\u00ed\u010d k Iwobimu, ale ten nezakon\u010dil dosti razantn\u011b. T\u00e9m\u011b\u0159 okam\u017eit\u011b st\u0159\u00edlel McNeil, zpomalen\u00fd z\u00e1b\u011br ale uk\u00e1zal, \u017ee si jen po\u010d\u00edhal na Maupaye, te\u010dovanou st\u0159elu ale brank\u00e1\u0159 krkolomn\u011b kryl a Francouz se k dor\u00e1\u017ece neprotla\u010dil.<\/p>\n<p>Je\u0161t\u011b jsem stihl zahl\u00e9dnout, jak Onana u\u017e podruh\u00e9 nevyb\u00edrav\u011b b\u011bhem 10 minut sest\u0159elil soupe\u0159e, kdy\u017e padl stream, kter\u00fd se ji\u017e do p\u0159est\u00e1vky nevzpamatoval. D\u00e1le tedy jen telegraficky. Hned po restartu zahr\u00e1l brank\u00e1\u0159 Baxter rukou po mal\u00e9 dom\u016f, ale nep\u0159\u00edm\u00e9mu kopu \u010delit nemusel, McNeil po pati\u010dce Younga pouze nast\u0159elil ze\u010f, z dor\u00e1\u017eky Tarkowski p\u0159est\u0159elil. Iwobi dostal dv\u011b dal\u0161\u00ed p\u0159\u00edle\u017eitosti dot\u00e1hnout rychl\u00fd p\u0159echod. P\u0159i prvn\u00ed byl zablokov\u00e1n, pot\u00e9 posadil m\u00ed\u010d na hlavu Onany, ale obrana Trotters stihla odvr\u00e1tit. Young z voleje p\u0159est\u0159elil. T\u011bsn\u011b p\u0159ed p\u0159est\u00e1vkou vyslal McNeil do samostatn\u00e9ho \u00faniku Dobbina, ale ten nejlep\u0161\u00ed p\u0159\u00edle\u017eitost prov\u00e1hal. Pak zav\u00e1hal jako posledn\u00ed Tarkowski, ale dom\u00e1c\u00edm neurval polo\u010dasov\u00e9 veden\u00ed Charles, vz\u00e1p\u011bt\u00ed nevyzr\u00e1l na Virginiu ani z d\u00e1lky Williams.<\/p>\n<p>Pozitivn\u00ed byl v\u00fdkon Younga, kter\u00fd hr\u00e1l s velk\u00fdm klidem a s p\u0159ehledem. A\u017e na koncovku lze pochv\u00e1lit trio McNeil, Iwobi, Dobbin. Slab\u0161\u00ed, jako by sv\u00e1zan\u00fd, op\u011bt p\u016fsobil Gomes.<\/p>\n<h4>Druh\u00fd polo\u010das<\/h4>\n<p>B\u011bhem p\u0159est\u00e1vky jsem objevil nov\u00fd stream. Sou\u010dasn\u011b do\u0161lo k osmi zm\u011bn\u00e1m, p\u0159i\u010dem\u017e odpadl\u00edci si je\u0161t\u011b p\u0159ed sprchou dali p\u00e1r sprint\u016f. Mlad\u00edci vstoupili do hry s vervou, ve 50. minut\u011b m\u00ed\u0159il z nebezpe\u010dn\u00e9 vzd\u00e1lenosti Stanley Mills nad. Pak se ale za\u010dali ze hry vytr\u00e1cet, dom\u00e1c\u00ed z\u00edskali p\u0159evahu, Virginia nejednou musel zasahovat. P\u00e1r centimetr\u016f od branky sez\u00f3ny byl Tyler Onyango, kdy\u017e si m\u010d p\u0159ipravil pati\u010dkou, ale p\u0159ehodil brank\u00e1\u0159e i b\u0159evno. Za zm\u00ednku je\u0161t\u011b stoj\u00ed \u0161ance Okoronkwa po chyb\u011b obrany, ale zam\u00ed\u0159il jen do ustupuj\u00edc\u00edho brank\u00e1\u0159e a Sherif u\u017e nestihl \u0161\u0165ouchnout m\u00ed\u010d do branky.<\/p>\n<p>Mlad\u00ed se hodnot\u00ed obt\u00ed\u017en\u011b, moc bych jim to p\u0159\u00e1l, ale na prvn\u00ed t\u00fdm to zat\u00edm nebude. Virginia m\u011bl n\u011bkolik dobr\u00fdch z\u00e1krok\u016f, ale v rozehr\u00e1vce p\u016fsobil ob\u010das bohorovn\u011b a p\u0159\u00edli\u0161 riskoval, m\u00ed\u010d v\u011bt\u0161inou ztratil. Nejsem si jist\u00fd, zda to byl Higgins, jednou se p\u011bkn\u011b vymotal z obkl\u00ed\u010den\u00ed snad 5 nep\u0159\u00e1tel, ale jeho prav\u00e1 strana asi nejv\u00edc ho\u0159ela. Warrington rozdal p\u00e1r dobr\u00fdch p\u0159ihr\u00e1vek, spolu s Millsem asi nejv\u00fdrazn\u011bj\u0161\u00ed, ale z\u016fstali trochu za o\u010dek\u00e1v\u00e1n\u00edm, rozhodn\u011b nem\u011bli nad soupe\u0159em navrch. Jak u\u017e dnes v\u00edme, Warrington byl zap\u016fj\u010den do Plymouthu, nov\u00e1\u010dka Championshipu. Hodn\u011b \u0161t\u011bst\u00ed tam a hlavn\u011b n\u00e1m tady.<\/p>\n<p style=\"text-align: right;\"><span style=\"font-size: 8pt;\">foto zdroj: thestar.co.uk<\/span><\/p>\n<p><strong>Bolton Wanderers FC:<\/strong> Baxter \u2013 Dacres-Cogley, Jones (70\u2018 Forrester), Almeida Santos, Iredale \u2013 Williams<br \/>\n(72\u2018 Ashworth), Dempsey (70\u2018 Thomason), Morley (72\u2018 Mendes Gomes) \u2013 Sheehan, Charles (63\u2018 N\u2019lundulu), Adeboyejo (63\u2018 Jerome).<\/p>\n<p><strong>Everton FC:<\/strong> Virginia \u2013 Patterson (46\u2018 Higgins), Tarkowski (46\u2018 Godfrey), Keane (68\u2018 Astley), Young (46\u2018 Hunt) \u2013 \u00a0Onana (46\u2018 Warrington), Gomes (46\u2018 Onyango) \u2013 Dobbin (77\u2018 Sherif), Iwobi (46\u2018 Kouyate), McNeil (46\u2018 Mills)\u2013 Maupay (46\u2018 Okoronkwo)<\/p>\n","protected":false},"excerpt":{"rendered":"<p>T\u0159et\u00ed p\u0159\u00e1telsk\u00e9 utk\u00e1n\u00ed skon\u010dilo bez \u0161r\u00e1mu na jedn\u00e9 \u010di druh\u00e9 stran\u011b. Z v\u00fdsledku nelze samoz\u0159ejm\u011b nic vyvozovat. Snad jen, v\u00fdzva pro Thelwella &#038; spol : \u201eSe\u017ee\u0148te \u00fato\u010dn\u00edka!&#8220;<\/p>\n","protected":false},"author":10,"featured_media":22162,"comment_status":"open","ping_status":"closed","sticky":false,"template":"","format":"standard","meta":{"_eb_attr":"","_monsterinsights_skip_tracking":false,"_monsterinsights_sitenote_active":false,"_monsterinsights_sitenote_note":"","_monsterinsights_sitenote_category":0,"footnotes":""},"categories":[4],"tags":[],"yoast_head":"<!-- This site is optimized with the Yoast SEO plugin v23.4 - https:\/\/yoast.com\/wordpress\/plugins\/seo\/ -->\n<title>Bolton Wanderers - Everton 0:0 - Official Czech &amp; Slovak Everton Supporters&#039; Club<\/title>\n<meta name=\"robots\" content=\"index, follow, max-snippet:-1, max-image-preview:large, max-video-preview:-1\" \/>\n<link rel=\"canonical\" href=\"https:\/\/evertonfc.cz\/index.php\/2023\/07\/26\/bolton-wanderers-everton-00\/\" \/>\n<meta property=\"og:locale\" content=\"cs_CZ\" \/>\n<meta property=\"og:type\" content=\"article\" \/>\n<meta property=\"og:title\" content=\"Bolton Wanderers - Everton 0:0 - Official Czech &amp; Slovak Everton Supporters&#039; Club\" \/>\n<meta property=\"og:description\" content=\"T\u0159et\u00ed p\u0159\u00e1telsk\u00e9 utk\u00e1n\u00ed skon\u010dilo bez \u0161r\u00e1mu na jedn\u00e9 \u010di druh\u00e9 stran\u011b. Z v\u00fdsledku nelze samoz\u0159ejm\u011b nic vyvozovat. Snad jen, v\u00fdzva pro Thelwella &amp; spol : \u201eSe\u017ee\u0148te \u00fato\u010dn\u00edka!&quot;\" \/>\n<meta property=\"og:url\" content=\"https:\/\/evertonfc.cz\/index.php\/2023\/07\/26\/bolton-wanderers-everton-00\/\" \/>\n<meta property=\"og:site_name\" content=\"Official Czech &amp; Slovak Everton Supporters&#039; Club\" \/>\n<meta property=\"article:publisher\" content=\"https:\/\/www.facebook.com\/everton.fans.cz.sk\" \/>\n<meta property=\"article:published_time\" content=\"2023-07-26T19:21:51+00:00\" \/>\n<meta property=\"article:modified_time\" content=\"2023-07-30T18:37:36+00:00\" \/>\n<meta property=\"og:image\" content=\"https:\/\/evertonfc.cz\/wp-content\/uploads\/2023\/07\/bolton_pre.png\" \/>\n\t<meta property=\"og:image:width\" content=\"720\" \/>\n\t<meta property=\"og:image:height\" content=\"405\" \/>\n\t<meta property=\"og:image:type\" content=\"image\/png\" \/>\n<meta name=\"author\" content=\"Fip\" \/>\n<meta name=\"twitter:card\" content=\"summary_large_image\" \/>\n<meta name=\"twitter:label1\" content=\"Napsal(a)\" \/>\n\t<meta name=\"twitter:data1\" content=\"Fip\" \/>\n\t<meta name=\"twitter:label2\" content=\"Odhadovan\u00e1 doba \u010dten\u00ed\" \/>\n\t<meta name=\"twitter:data2\" content=\"4 minuty\" \/>\n<script type=\"application\/ld+json\" class=\"yoast-schema-graph\">{\"@context\":\"https:\/\/schema.org\",\"@graph\":[{\"@type\":\"Article\",\"@id\":\"https:\/\/evertonfc.cz\/index.php\/2023\/07\/26\/bolton-wanderers-everton-00\/#article\",\"isPartOf\":{\"@id\":\"https:\/\/evertonfc.cz\/index.php\/2023\/07\/26\/bolton-wanderers-everton-00\/\"},\"author\":{\"name\":\"Fip\",\"@id\":\"https:\/\/evertonfc.cz\/#\/schema\/person\/35904009755e8eaa0dc1a5f5f0419002\"},\"headline\":\"Bolton Wanderers &#8211; Everton 0:0\",\"datePublished\":\"2023-07-26T19:21:51+00:00\",\"dateModified\":\"2023-07-30T18:37:36+00:00\",\"mainEntityOfPage\":{\"@id\":\"https:\/\/evertonfc.cz\/index.php\/2023\/07\/26\/bolton-wanderers-everton-00\/\"},\"wordCount\":774,\"commentCount\":7,\"publisher\":{\"@id\":\"https:\/\/evertonfc.cz\/#organization\"},\"image\":{\"@id\":\"https:\/\/evertonfc.cz\/index.php\/2023\/07\/26\/bolton-wanderers-everton-00\/#primaryimage\"},\"thumbnailUrl\":\"https:\/\/evertonfc.cz\/wp-content\/uploads\/2023\/07\/bolton_pre.png\",\"articleSection\":[\"Z\u00e1pasy\"],\"inLanguage\":\"cs\",\"potentialAction\":[{\"@type\":\"CommentAction\",\"name\":\"Comment\",\"target\":[\"https:\/\/evertonfc.cz\/index.php\/2023\/07\/26\/bolton-wanderers-everton-00\/#respond\"]}]},{\"@type\":\"WebPage\",\"@id\":\"https:\/\/evertonfc.cz\/index.php\/2023\/07\/26\/bolton-wanderers-everton-00\/\",\"url\":\"https:\/\/evertonfc.cz\/index.php\/2023\/07\/26\/bolton-wanderers-everton-00\/\",\"name\":\"Bolton Wanderers - Everton 0:0 - Official Czech &amp; Slovak Everton Supporters&#039; Club\",\"isPartOf\":{\"@id\":\"https:\/\/evertonfc.cz\/#website\"},\"primaryImageOfPage\":{\"@id\":\"https:\/\/evertonfc.cz\/index.php\/2023\/07\/26\/bolton-wanderers-everton-00\/#primaryimage\"},\"image\":{\"@id\":\"https:\/\/evertonfc.cz\/index.php\/2023\/07\/26\/bolton-wanderers-everton-00\/#primaryimage\"},\"thumbnailUrl\":\"https:\/\/evertonfc.cz\/wp-content\/uploads\/2023\/07\/bolton_pre.png\",\"datePublished\":\"2023-07-26T19:21:51+00:00\",\"dateModified\":\"2023-07-30T18:37:36+00:00\",\"breadcrumb\":{\"@id\":\"https:\/\/evertonfc.cz\/index.php\/2023\/07\/26\/bolton-wanderers-everton-00\/#breadcrumb\"},\"inLanguage\":\"cs\",\"potentialAction\":[{\"@type\":\"ReadAction\",\"target\":[\"https:\/\/evertonfc.cz\/index.php\/2023\/07\/26\/bolton-wanderers-everton-00\/\"]}]},{\"@type\":\"ImageObject\",\"inLanguage\":\"cs\",\"@id\":\"https:\/\/evertonfc.cz\/index.php\/2023\/07\/26\/bolton-wanderers-everton-00\/#primaryimage\",\"url\":\"https:\/\/evertonfc.cz\/wp-content\/uploads\/2023\/07\/bolton_pre.png\",\"contentUrl\":\"https:\/\/evertonfc.cz\/wp-content\/uploads\/2023\/07\/bolton_pre.png\",\"width\":720,\"height\":405},{\"@type\":\"BreadcrumbList\",\"@id\":\"https:\/\/evertonfc.cz\/index.php\/2023\/07\/26\/bolton-wanderers-everton-00\/#breadcrumb\",\"itemListElement\":[{\"@type\":\"ListItem\",\"position\":1,\"name\":\"Home\",\"item\":\"https:\/\/evertonfc.cz\/\"},{\"@type\":\"ListItem\",\"position\":2,\"name\":\"Bolton Wanderers &#8211; Everton 0:0\"}]},{\"@type\":\"WebSite\",\"@id\":\"https:\/\/evertonfc.cz\/#website\",\"url\":\"https:\/\/evertonfc.cz\/\",\"name\":\"Official Czech &amp; Slovak Everton Supporters&#039; Club\",\"description\":\"\",\"publisher\":{\"@id\":\"https:\/\/evertonfc.cz\/#organization\"},\"potentialAction\":[{\"@type\":\"SearchAction\",\"target\":{\"@type\":\"EntryPoint\",\"urlTemplate\":\"https:\/\/evertonfc.cz\/?s={search_term_string}\"},\"query-input\":{\"@type\":\"PropertyValueSpecification\",\"valueRequired\":true,\"valueName\":\"search_term_string\"}}],\"inLanguage\":\"cs\"},{\"@type\":\"Organization\",\"@id\":\"https:\/\/evertonfc.cz\/#organization\",\"name\":\"Official Czech & Slovak Everton Supporters' Club\",\"url\":\"https:\/\/evertonfc.cz\/\",\"logo\":{\"@type\":\"ImageObject\",\"inLanguage\":\"cs\",\"@id\":\"https:\/\/evertonfc.cz\/#\/schema\/logo\/image\/\",\"url\":\"https:\/\/evertonfc.cz\/wp-content\/uploads\/2019\/05\/logo.png\",\"contentUrl\":\"https:\/\/evertonfc.cz\/wp-content\/uploads\/2019\/05\/logo.png\",\"width\":112,\"height\":112,\"caption\":\"Official Czech & Slovak Everton Supporters' Club\"},\"image\":{\"@id\":\"https:\/\/evertonfc.cz\/#\/schema\/logo\/image\/\"},\"sameAs\":[\"https:\/\/www.facebook.com\/everton.fans.cz.sk\"]},{\"@type\":\"Person\",\"@id\":\"https:\/\/evertonfc.cz\/#\/schema\/person\/35904009755e8eaa0dc1a5f5f0419002\",\"name\":\"Fip\",\"url\":\"https:\/\/evertonfc.cz\/index.php\/author\/fip\/\"}]}<\/script>\n<!-- \/ Yoast SEO plugin. -->","yoast_head_json":{"title":"Bolton Wanderers - Everton 0:0 - Official Czech &amp; Slovak Everton Supporters&#039; Club","robots":{"index":"index","follow":"follow","max-snippet":"max-snippet:-1","max-image-preview":"max-image-preview:large","max-video-preview":"max-video-preview:-1"},"canonical":"https:\/\/evertonfc.cz\/index.php\/2023\/07\/26\/bolton-wanderers-everton-00\/","og_locale":"cs_CZ","og_type":"article","og_title":"Bolton Wanderers - Everton 0:0 - Official Czech &amp; Slovak Everton Supporters&#039; Club","og_description":"T\u0159et\u00ed p\u0159\u00e1telsk\u00e9 utk\u00e1n\u00ed skon\u010dilo bez \u0161r\u00e1mu na jedn\u00e9 \u010di druh\u00e9 stran\u011b. Z v\u00fdsledku nelze samoz\u0159ejm\u011b nic vyvozovat. Snad jen, v\u00fdzva pro Thelwella & spol : \u201eSe\u017ee\u0148te \u00fato\u010dn\u00edka!\"","og_url":"https:\/\/evertonfc.cz\/index.php\/2023\/07\/26\/bolton-wanderers-everton-00\/","og_site_name":"Official Czech &amp; Slovak Everton Supporters&#039; Club","article_publisher":"https:\/\/www.facebook.com\/everton.fans.cz.sk","article_published_time":"2023-07-26T19:21:51+00:00","article_modified_time":"2023-07-30T18:37:36+00:00","og_image":[{"width":720,"height":405,"url":"https:\/\/evertonfc.cz\/wp-content\/uploads\/2023\/07\/bolton_pre.png","type":"image\/png"}],"author":"Fip","twitter_card":"summary_large_image","twitter_misc":{"Napsal(a)":"Fip","Odhadovan\u00e1 doba \u010dten\u00ed":"4 minuty"},"schema":{"@context":"https:\/\/schema.org","@graph":[{"@type":"Article","@id":"https:\/\/evertonfc.cz\/index.php\/2023\/07\/26\/bolton-wanderers-everton-00\/#article","isPartOf":{"@id":"https:\/\/evertonfc.cz\/index.php\/2023\/07\/26\/bolton-wanderers-everton-00\/"},"author":{"name":"Fip","@id":"https:\/\/evertonfc.cz\/#\/schema\/person\/35904009755e8eaa0dc1a5f5f0419002"},"headline":"Bolton Wanderers &#8211; Everton 0:0","datePublished":"2023-07-26T19:21:51+00:00","dateModified":"2023-07-30T18:37:36+00:00","mainEntityOfPage":{"@id":"https:\/\/evertonfc.cz\/index.php\/2023\/07\/26\/bolton-wanderers-everton-00\/"},"wordCount":774,"commentCount":7,"publisher":{"@id":"https:\/\/evertonfc.cz\/#organization"},"image":{"@id":"https:\/\/evertonfc.cz\/index.php\/2023\/07\/26\/bolton-wanderers-everton-00\/#primaryimage"},"thumbnailUrl":"https:\/\/evertonfc.cz\/wp-content\/uploads\/2023\/07\/bolton_pre.png","articleSection":["Z\u00e1pasy"],"inLanguage":"cs","potentialAction":[{"@type":"CommentAction","name":"Comment","target":["https:\/\/evertonfc.cz\/index.php\/2023\/07\/26\/bolton-wanderers-everton-00\/#respond"]}]},{"@type":"WebPage","@id":"https:\/\/evertonfc.cz\/index.php\/2023\/07\/26\/bolton-wanderers-everton-00\/","url":"https:\/\/evertonfc.cz\/index.php\/2023\/07\/26\/bolton-wanderers-everton-00\/","name":"Bolton Wanderers - Everton 0:0 - Official Czech &amp; Slovak Everton Supporters&#039; Club","isPartOf":{"@id":"https:\/\/evertonfc.cz\/#website"},"primaryImageOfPage":{"@id":"https:\/\/evertonfc.cz\/index.php\/2023\/07\/26\/bolton-wanderers-everton-00\/#primaryimage"},"image":{"@id":"https:\/\/evertonfc.cz\/index.php\/2023\/07\/26\/bolton-wanderers-everton-00\/#primaryimage"},"thumbnailUrl":"https:\/\/evertonfc.cz\/wp-content\/uploads\/2023\/07\/bolton_pre.png","datePublished":"2023-07-26T19:21:51+00:00","dateModified":"2023-07-30T18:37:36+00:00","breadcrumb":{"@id":"https:\/\/evertonfc.cz\/index.php\/2023\/07\/26\/bolton-wanderers-everton-00\/#breadcrumb"},"inLanguage":"cs","potentialAction":[{"@type":"ReadAction","target":["https:\/\/evertonfc.cz\/index.php\/2023\/07\/26\/bolton-wanderers-everton-00\/"]}]},{"@type":"ImageObject","inLanguage":"cs","@id":"https:\/\/evertonfc.cz\/index.php\/2023\/07\/26\/bolton-wanderers-everton-00\/#primaryimage","url":"https:\/\/evertonfc.cz\/wp-content\/uploads\/2023\/07\/bolton_pre.png","contentUrl":"https:\/\/evertonfc.cz\/wp-content\/uploads\/2023\/07\/bolton_pre.png","width":720,"height":405},{"@type":"BreadcrumbList","@id":"https:\/\/evertonfc.cz\/index.php\/2023\/07\/26\/bolton-wanderers-everton-00\/#breadcrumb","itemListElement":[{"@type":"ListItem","position":1,"name":"Home","item":"https:\/\/evertonfc.cz\/"},{"@type":"ListItem","position":2,"name":"Bolton Wanderers &#8211; Everton 0:0"}]},{"@type":"WebSite","@id":"https:\/\/evertonfc.cz\/#website","url":"https:\/\/evertonfc.cz\/","name":"Official Czech &amp; Slovak Everton Supporters&#039; Club","description":"","publisher":{"@id":"https:\/\/evertonfc.cz\/#organization"},"potentialAction":[{"@type":"SearchAction","target":{"@type":"EntryPoint","urlTemplate":"https:\/\/evertonfc.cz\/?s={search_term_string}"},"query-input":{"@type":"PropertyValueSpecification","valueRequired":true,"valueName":"search_term_string"}}],"inLanguage":"cs"},{"@type":"Organization","@id":"https:\/\/evertonfc.cz\/#organization","name":"Official Czech & Slovak Everton Supporters' Club","url":"https:\/\/evertonfc.cz\/","logo":{"@type":"ImageObject","inLanguage":"cs","@id":"https:\/\/evertonfc.cz\/#\/schema\/logo\/image\/","url":"https:\/\/evertonfc.cz\/wp-content\/uploads\/2019\/05\/logo.png","contentUrl":"https:\/\/evertonfc.cz\/wp-content\/uploads\/2019\/05\/logo.png","width":112,"height":112,"caption":"Official Czech & Slovak Everton Supporters' Club"},"image":{"@id":"https:\/\/evertonfc.cz\/#\/schema\/logo\/image\/"},"sameAs":["https:\/\/www.facebook.com\/everton.fans.cz.sk"]},{"@type":"Person","@id":"https:\/\/evertonfc.cz\/#\/schema\/person\/35904009755e8eaa0dc1a5f5f0419002","name":"Fip","url":"https:\/\/evertonfc.cz\/index.php\/author\/fip\/"}]}},"_links":{"self":[{"href":"https:\/\/evertonfc.cz\/index.php\/wp-json\/wp\/v2\/posts\/22163"}],"collection":[{"href":"https:\/\/evertonfc.cz\/index.php\/wp-json\/wp\/v2\/posts"}],"about":[{"href":"https:\/\/evertonfc.cz\/index.php\/wp-json\/wp\/v2\/types\/post"}],"author":[{"embeddable":true,"href":"https:\/\/evertonfc.cz\/index.php\/wp-json\/wp\/v2\/users\/10"}],"replies":[{"embeddable":true,"href":"https:\/\/evertonfc.cz\/index.php\/wp-json\/wp\/v2\/comments?post=22163"}],"version-history":[{"count":7,"href":"https:\/\/evertonfc.cz\/index.php\/wp-json\/wp\/v2\/posts\/22163\/revisions"}],"predecessor-version":[{"id":22224,"href":"https:\/\/evertonfc.cz\/index.php\/wp-json\/wp\/v2\/posts\/22163\/revisions\/22224"}],"wp:featuredmedia":[{"embeddable":true,"href":"https:\/\/evertonfc.cz\/index.php\/wp-json\/wp\/v2\/media\/22162"}],"wp:attachment":[{"href":"https:\/\/evertonfc.cz\/index.php\/wp-json\/wp\/v2\/media?parent=22163"}],"wp:term":[{"taxonomy":"category","embeddable":true,"href":"https:\/\/evertonfc.cz\/index.php\/wp-json\/wp\/v2\/categories?post=22163"},{"taxonomy":"post_tag","embeddable":true,"href":"https:\/\/evertonfc.cz\/index.php\/wp-json\/wp\/v2\/tags?post=22163"}],"curies":[{"name":"wp","href":"https:\/\/api.w.org\/{rel}","templated":true}]}}