{"id":2220,"date":"2018-02-09T17:44:06","date_gmt":"2018-02-09T16:44:06","guid":{"rendered":"http:\/\/evertonfc.cz\/?p=2220"},"modified":"2021-04-04T13:51:05","modified_gmt":"2021-04-04T11:51:05","slug":"preview-everton-crystal-palace-2","status":"publish","type":"post","link":"https:\/\/evertonfc.cz\/index.php\/2018\/02\/09\/preview-everton-crystal-palace-2\/","title":{"rendered":"Preview: Everton &#8211; Crystal Palace"},"content":{"rendered":"\r\n<h4 class=\"wp-block-heading\">Po \u017ealostn\u011b trapn\u00e9m vystoupen\u00ed na Emirates Stadium se Everton hodl\u00e1 vr\u00e1tit na v\u00edt\u011bznou vlnu. Na dom\u00e1c\u00ed p\u016fd\u011b \u010del\u00ed Crystalu Palace, b\u00fdval\u00e9mu klubu mana\u017eera Sama Allardycea (p\u0159\u00edli\u0161 velk\u00fd sentiment ale ne\u010dekejte, v\u017edy\u0165 Allardyce vedl snad v\u0161echny (pod)pr\u016fm\u011brn\u00e9 prvoligov\u00e9 celky v Anglii).<\/h4>\r\n\r\n\r\n\r\n<p>Minul\u00fd v\u00edkend uk\u00e1zal, \u017ee minim\u00e1ln\u011b v\u00a0leto\u0161n\u00edm ro\u010dn\u00edku m\u016f\u017ee b\u00fdt dno tr\u00e1pen\u00ed Evertonu prohlubov\u00e1no donekone\u010dna. Allardyce zvolil na h\u0159i\u0161ti Arsenalu ultra-obrannou taktiku se sedmi defenzivn\u00edmi hr\u00e1\u010di. Pr\u00fd proto\u017ee se s hr\u00e1\u010di shodl na tom, \u017ee Everton se Arsenalu kvalitativn\u011b nem\u016f\u017ee rovnat. Divn\u00e9, \u017ee podobnou premisou se v pond\u011bl\u00ed ne\u0159\u00eddil Watford, kdy\u017e rozdrtil Chelsea 4:1&#8230;<\/p>\r\n\r\n\r\n\r\n<p>V kontrastu s p\u011btibrankov\u00fdm debaklem Toffees byl zda\u0159il\u00fd debut Ademoly Lookmana v RB Lipsko. \u0160ikovn\u00e9mu mlad\u00edkovi sta\u010dilo deset minut, aby sv\u00e9mu nov\u00e9mu t\u00fdmu za\u0159\u00eddil v\u00edt\u011bzstv\u00ed. Na to konto dostal Allardyce b\u011bhem poz\u00e1pasov\u00e9 tiskov\u00e9 konference na Emirates Stadium ot\u00e1zku, zda lituje Lookmanova odchodu. Odpov\u011b\u010f?\u00a0<em>\u201eNe. M\u00e1m Yannicka Bolasieho, kter\u00fd st\u00e1l 30 milion\u016f liber, a m\u00e1m Thea Walcotta, kter\u00fd st\u00e1l 20 milion\u016f liber. Oba disponuj\u00ed daleko v\u00edce zku\u0161enostmi ne\u017e Lookman. Pokud by dnes nastoupil, nehr\u00e1l by o nic l\u00e9pe ne\u017e ostatn\u00ed, proto\u017ee cel\u00fd t\u00fdm byl ot\u0159esn\u00fd.\u201c<\/em><\/p>\r\n\r\n\r\n\r\n<p>P\u0159i t\u011bchto slovech nejednoho p\u0159\u00edznivce Evertonu napadne, kam vlastn\u011b klub v \u010dele s Allardycem sm\u011b\u0159uje? Ke sv\u011btl\u00fdm z\u00edt\u0159k\u016fm? K z\u00edt\u0159k\u016fm s talenty jako Lookman v sestav\u011b? Pochybnosti p\u0159evl\u00e1d\u00e1vaj\u00ed.<\/p>\r\n\r\n\r\n\r\n<p>Co se t\u00fd\u010de dlouhodob\u00fdch pl\u00e1n\u016f, mezi Evertonians se za\u010d\u00edn\u00e1 \u0161\u00ed\u0159it p\u0159\u00e1n\u00ed, aby Moshiri co nejd\u0159\u00edve p\u0159ehodnotil sv\u016fj postoj a Allardyce vyhodil. Co se potom t\u00fdk\u00e1 kr\u00e1tkodob\u00fdch pl\u00e1n\u016f, p\u0159evl\u00e1d\u00e1 nad\u011bje, \u017ee Allardyce zapomene na ultra-obrannou taktiku ze z\u00e1pasu s Arsenalem a vr\u00e1t\u00ed se k taktice z v\u00edt\u011bzn\u00e9ho z\u00e1pasu s Leicesterem. Tedy rozestaven\u00ed 4-3-3, kdy na prav\u00e9m beku op\u011bt bude op\u011bt moct nasko\u010dit vracej\u00edc\u00ed se Coleman a ve st\u0159edu obranu se nedostane na slab\u00e9ho Williamse. Pozici lev\u00e9ho obr\u00e1nce by mohl obsadit Garbutt, to se v\u0161ak nejsp\u00ed\u0161e nestane, a tak si Allardyce hod\u00ed kostkou mezi Martinou a Mangalou. P\u0159ipom\u00edn\u00e1m, \u017ee ani jeden z\u00a0t\u00e9to dvojice nen\u00ed \u010distokrevn\u00fd lev\u00fd bek.<\/p>\r\n\r\n\r\n\r\n<p>Ve st\u0159edu pole se proti Leicesteru da\u0159ilo trojici Gana, Davies, Rooney, st\u00e1lo by tak za to, j\u00ed d\u00e1t dal\u0161\u00ed \u0161anci. K\u0159\u00eddla Sigurdsson a Walcott jsou pom\u011brn\u011b jasn\u00e1 a hrot \u00fatoku obsad\u00ed Niasse, \u010di Calvert Lewin, proto\u017ee Tosun, jak pravil Allardyce, pot\u0159ebuje je\u0161t\u011b \u010das na adaptaci.<\/p>\r\n\r\n\r\n\r\n<p>A m\u016f\u017ee b\u00fdt sestava s Rooneym a Sigurdssonem v\u00edt\u011bzn\u00e1, p\u0159esto\u017ee, jak (op\u011bt pro jednou) pravil Allardyce, tito dva spolu nemohou hr\u00e1t? Statistiky \u0159\u00edkaj\u00ed, \u017ee ano:<\/p>\r\n\r\n\r\n\r\n<ul>\r\n<li>Pokud pod Allardycem Rooney a Sigurdsson\u00a0nastoupili\u00a0spole\u010dn\u011b v z\u00e1kladn\u00ed sestav\u011b, Everton v \u0161esti ligov\u00fdch z\u00e1pasech \u010dty\u0159ikr\u00e1t vyhr\u00e1l, jednou remizoval a jednou prohr\u00e1l.<\/li>\r\n<li>Pokud pod Allardycem Rooney a Sigurdsson\u00a0nenastoupili\u00a0spole\u010dn\u011b v z\u00e1kladn\u00ed sestav\u011b, Everton v \u0161esti ligov\u00fdch z\u00e1pasech t\u0159ikr\u00e1t remizoval a t\u0159ikr\u00e1t prohr\u00e1l.<\/li>\r\n<\/ul>\r\n\r\n\r\n\r\n<p>Z dlouhodob\u011b zran\u011bn\u00fdch se pomalu uzdravuj\u00ed Maarten Stekelenburg a Leighton Baines, druh\u00fd jmenovan\u00fd by mohl zas\u00e1hnout u\u017e do dal\u0161\u00edho utk\u00e1n\u00ed s Watfordem, kter\u00e9 je na programu za dva t\u00fddny. Ramiro Funes Mori poprv\u00e9 od b\u0159ezna 2017 vyb\u011bhl na tr\u00e1vn\u00edk k sout\u011b\u017en\u00edmu utk\u00e1n\u00ed, v t\u00fddnu si p\u0159ipsal polo\u010das za U23. Ne\u017e bude ale na po\u0159adu dne jeho start v prvn\u00edm t\u00fdmu, mus\u00ed odehr\u00e1t je\u0161t\u011b dal\u0161\u00ed dva, t\u0159i z\u00e1pasy za U23. Absence Jamese McCarthyho je samoz\u0159ejmost\u00ed.<\/p>\r\n\r\n\r\n\r\n<p>Crystal Palace, aktu\u00e1ln\u011b 14. t\u00fdm Premier League, v posledn\u00edch dvou kolech nasb\u00edral stejn\u00fd po\u010det bod\u016f za rem\u00edzy 1:1 na p\u016fd\u011b West Hamu a doma s Newcastlem. Sv\u011b\u0159enc\u016fm Roye Hodgsona se po hr\u016fzostra\u0161n\u00e9m za\u010d\u00e1tku sez\u00f3ny, jen\u017e vyhazovem odnesl mana\u017eer Frank de Boer, poda\u0159ilo opustit sestupov\u00e9 vody. Hodgsonovi v\u0161ak p\u0159ibyly nov\u00e9 starosti, kv\u016fli zran\u011bn\u00ed na dlouho dobu p\u0159i\u0161el hned o dva kl\u00ed\u010dov\u00e9 ofenzivn\u00ed hr\u00e1\u010de. M\u011bs\u00edc se bude muset obej\u00edt bez Wilfrieda Zahy a dokonce a\u017e do srpna bez Bakaryho Saka. Tyto absence mohou m\u00edt pro Eagles fat\u00e1ln\u00ed n\u00e1sledky, zvl\u00e1\u0161\u0165 kdy\u017e hlavn\u00ed \u00fato\u010dn\u00edk Christian Benteke neza\u017e\u00edv\u00e1 dvakr\u00e1t vyda\u0159enou sez\u00f3nu. Ve 20 ligov\u00fdch kolech vst\u0159elil pouh\u00e9 dv\u011b branky (je tedy jasn\u00e9, \u017ee proti Everton aspo\u0148 jednou sk\u00f3ruje).<\/p>\r\n\r\n\r\n\r\n<p>Duel bude v sobotu od 19:30 ze z\u00e1znamu vys\u00edlat stanice Digi Sport 1.<\/p>\r\n\r\n\r\n\r\n<p><strong>Co:<\/strong>\u00a0Everton FC &#8211; Crystal Palace FC, 27. kolo Premier League<br \/><strong>Kdy:<\/strong>\u00a010. 2. 2018 od 16:00 SE\u010c<br \/><strong>Kde:\u00a0<\/strong>Goodison Park, Liverpool (kapacita: 40 221)<br \/><strong>Rozhod\u010d\u00ed:<\/strong>\u00a0Jon Moss<\/p>\r\n","protected":false},"excerpt":{"rendered":"<p>Po \u017ealostn\u011b trapn\u00e9m vystoupen\u00ed na Emirates Stadium se Everton hodl\u00e1 vr\u00e1tit na v\u00edt\u011bznou vlnu. Na dom\u00e1c\u00ed p\u016fd\u011b \u010del\u00ed Crystalu Palace, b\u00fdval\u00e9mu klubu mana\u017eera Sama Allardycea.<\/p>\n","protected":false},"author":6,"featured_media":14858,"comment_status":"open","ping_status":"closed","sticky":false,"template":"","format":"standard","meta":{"_eb_attr":"","_monsterinsights_skip_tracking":false,"_monsterinsights_sitenote_active":false,"_monsterinsights_sitenote_note":"","_monsterinsights_sitenote_category":0,"footnotes":""},"categories":[4],"tags":[],"yoast_head":"<!-- This site is optimized with the Yoast SEO plugin v23.4 - https:\/\/yoast.com\/wordpress\/plugins\/seo\/ -->\n<title>Preview: Everton - Crystal Palace - Official Czech &amp; Slovak Everton Supporters&#039; Club<\/title>\n<meta name=\"robots\" content=\"index, follow, max-snippet:-1, max-image-preview:large, max-video-preview:-1\" \/>\n<link rel=\"canonical\" href=\"https:\/\/evertonfc.cz\/index.php\/2018\/02\/09\/preview-everton-crystal-palace-2\/\" \/>\n<meta property=\"og:locale\" content=\"cs_CZ\" \/>\n<meta property=\"og:type\" content=\"article\" \/>\n<meta property=\"og:title\" content=\"Preview: Everton - Crystal Palace - Official Czech &amp; Slovak Everton Supporters&#039; Club\" \/>\n<meta property=\"og:description\" content=\"Po \u017ealostn\u011b trapn\u00e9m vystoupen\u00ed na Emirates Stadium se Everton hodl\u00e1 vr\u00e1tit na v\u00edt\u011bznou vlnu. Na dom\u00e1c\u00ed p\u016fd\u011b \u010del\u00ed Crystalu Palace, b\u00fdval\u00e9mu klubu mana\u017eera Sama Allardycea.\" \/>\n<meta property=\"og:url\" content=\"https:\/\/evertonfc.cz\/index.php\/2018\/02\/09\/preview-everton-crystal-palace-2\/\" \/>\n<meta property=\"og:site_name\" content=\"Official Czech &amp; Slovak Everton Supporters&#039; Club\" \/>\n<meta property=\"article:publisher\" content=\"https:\/\/www.facebook.com\/everton.fans.cz.sk\" \/>\n<meta property=\"article:published_time\" content=\"2018-02-09T16:44:06+00:00\" \/>\n<meta property=\"article:modified_time\" content=\"2021-04-04T11:51:05+00:00\" \/>\n<meta property=\"og:image\" content=\"https:\/\/evertonfc.cz\/wp-content\/uploads\/2021\/04\/Everton-VS-Crystal-Palace.png\" \/>\n\t<meta property=\"og:image:width\" content=\"720\" \/>\n\t<meta property=\"og:image:height\" content=\"405\" \/>\n\t<meta property=\"og:image:type\" content=\"image\/png\" \/>\n<meta name=\"author\" content=\"Ri\u010di\" \/>\n<meta name=\"twitter:card\" content=\"summary_large_image\" \/>\n<meta name=\"twitter:creator\" content=\"@rbrejsa\" \/>\n<meta name=\"twitter:label1\" content=\"Napsal(a)\" \/>\n\t<meta name=\"twitter:data1\" content=\"Ri\u010di\" \/>\n\t<meta name=\"twitter:label2\" content=\"Odhadovan\u00e1 doba \u010dten\u00ed\" \/>\n\t<meta name=\"twitter:data2\" content=\"4 minuty\" \/>\n<script type=\"application\/ld+json\" class=\"yoast-schema-graph\">{\"@context\":\"https:\/\/schema.org\",\"@graph\":[{\"@type\":\"Article\",\"@id\":\"https:\/\/evertonfc.cz\/index.php\/2018\/02\/09\/preview-everton-crystal-palace-2\/#article\",\"isPartOf\":{\"@id\":\"https:\/\/evertonfc.cz\/index.php\/2018\/02\/09\/preview-everton-crystal-palace-2\/\"},\"author\":{\"name\":\"Ri\u010di\",\"@id\":\"https:\/\/evertonfc.cz\/#\/schema\/person\/f7a5daedb2ffee98480bc70e191aaef1\"},\"headline\":\"Preview: Everton &#8211; Crystal Palace\",\"datePublished\":\"2018-02-09T16:44:06+00:00\",\"dateModified\":\"2021-04-04T11:51:05+00:00\",\"mainEntityOfPage\":{\"@id\":\"https:\/\/evertonfc.cz\/index.php\/2018\/02\/09\/preview-everton-crystal-palace-2\/\"},\"wordCount\":857,\"commentCount\":0,\"publisher\":{\"@id\":\"https:\/\/evertonfc.cz\/#organization\"},\"image\":{\"@id\":\"https:\/\/evertonfc.cz\/index.php\/2018\/02\/09\/preview-everton-crystal-palace-2\/#primaryimage\"},\"thumbnailUrl\":\"https:\/\/evertonfc.cz\/wp-content\/uploads\/2021\/04\/Everton-VS-Crystal-Palace.png\",\"articleSection\":[\"Z\u00e1pasy\"],\"inLanguage\":\"cs\",\"potentialAction\":[{\"@type\":\"CommentAction\",\"name\":\"Comment\",\"target\":[\"https:\/\/evertonfc.cz\/index.php\/2018\/02\/09\/preview-everton-crystal-palace-2\/#respond\"]}]},{\"@type\":\"WebPage\",\"@id\":\"https:\/\/evertonfc.cz\/index.php\/2018\/02\/09\/preview-everton-crystal-palace-2\/\",\"url\":\"https:\/\/evertonfc.cz\/index.php\/2018\/02\/09\/preview-everton-crystal-palace-2\/\",\"name\":\"Preview: Everton - Crystal Palace - Official Czech &amp; Slovak Everton Supporters&#039; Club\",\"isPartOf\":{\"@id\":\"https:\/\/evertonfc.cz\/#website\"},\"primaryImageOfPage\":{\"@id\":\"https:\/\/evertonfc.cz\/index.php\/2018\/02\/09\/preview-everton-crystal-palace-2\/#primaryimage\"},\"image\":{\"@id\":\"https:\/\/evertonfc.cz\/index.php\/2018\/02\/09\/preview-everton-crystal-palace-2\/#primaryimage\"},\"thumbnailUrl\":\"https:\/\/evertonfc.cz\/wp-content\/uploads\/2021\/04\/Everton-VS-Crystal-Palace.png\",\"datePublished\":\"2018-02-09T16:44:06+00:00\",\"dateModified\":\"2021-04-04T11:51:05+00:00\",\"breadcrumb\":{\"@id\":\"https:\/\/evertonfc.cz\/index.php\/2018\/02\/09\/preview-everton-crystal-palace-2\/#breadcrumb\"},\"inLanguage\":\"cs\",\"potentialAction\":[{\"@type\":\"ReadAction\",\"target\":[\"https:\/\/evertonfc.cz\/index.php\/2018\/02\/09\/preview-everton-crystal-palace-2\/\"]}]},{\"@type\":\"ImageObject\",\"inLanguage\":\"cs\",\"@id\":\"https:\/\/evertonfc.cz\/index.php\/2018\/02\/09\/preview-everton-crystal-palace-2\/#primaryimage\",\"url\":\"https:\/\/evertonfc.cz\/wp-content\/uploads\/2021\/04\/Everton-VS-Crystal-Palace.png\",\"contentUrl\":\"https:\/\/evertonfc.cz\/wp-content\/uploads\/2021\/04\/Everton-VS-Crystal-Palace.png\",\"width\":720,\"height\":405},{\"@type\":\"BreadcrumbList\",\"@id\":\"https:\/\/evertonfc.cz\/index.php\/2018\/02\/09\/preview-everton-crystal-palace-2\/#breadcrumb\",\"itemListElement\":[{\"@type\":\"ListItem\",\"position\":1,\"name\":\"Home\",\"item\":\"https:\/\/evertonfc.cz\/\"},{\"@type\":\"ListItem\",\"position\":2,\"name\":\"Preview: Everton &#8211; Crystal Palace\"}]},{\"@type\":\"WebSite\",\"@id\":\"https:\/\/evertonfc.cz\/#website\",\"url\":\"https:\/\/evertonfc.cz\/\",\"name\":\"Official Czech &amp; Slovak Everton Supporters&#039; Club\",\"description\":\"\",\"publisher\":{\"@id\":\"https:\/\/evertonfc.cz\/#organization\"},\"potentialAction\":[{\"@type\":\"SearchAction\",\"target\":{\"@type\":\"EntryPoint\",\"urlTemplate\":\"https:\/\/evertonfc.cz\/?s={search_term_string}\"},\"query-input\":{\"@type\":\"PropertyValueSpecification\",\"valueRequired\":true,\"valueName\":\"search_term_string\"}}],\"inLanguage\":\"cs\"},{\"@type\":\"Organization\",\"@id\":\"https:\/\/evertonfc.cz\/#organization\",\"name\":\"Official Czech & Slovak Everton Supporters' Club\",\"url\":\"https:\/\/evertonfc.cz\/\",\"logo\":{\"@type\":\"ImageObject\",\"inLanguage\":\"cs\",\"@id\":\"https:\/\/evertonfc.cz\/#\/schema\/logo\/image\/\",\"url\":\"https:\/\/evertonfc.cz\/wp-content\/uploads\/2019\/05\/logo.png\",\"contentUrl\":\"https:\/\/evertonfc.cz\/wp-content\/uploads\/2019\/05\/logo.png\",\"width\":112,\"height\":112,\"caption\":\"Official Czech & Slovak Everton Supporters' Club\"},\"image\":{\"@id\":\"https:\/\/evertonfc.cz\/#\/schema\/logo\/image\/\"},\"sameAs\":[\"https:\/\/www.facebook.com\/everton.fans.cz.sk\"]},{\"@type\":\"Person\",\"@id\":\"https:\/\/evertonfc.cz\/#\/schema\/person\/f7a5daedb2ffee98480bc70e191aaef1\",\"name\":\"Ri\u010di\",\"sameAs\":[\"https:\/\/x.com\/rbrejsa\"],\"url\":\"https:\/\/evertonfc.cz\/index.php\/author\/rici\/\"}]}<\/script>\n<!-- \/ Yoast SEO plugin. -->","yoast_head_json":{"title":"Preview: Everton - Crystal Palace - Official Czech &amp; Slovak Everton Supporters&#039; Club","robots":{"index":"index","follow":"follow","max-snippet":"max-snippet:-1","max-image-preview":"max-image-preview:large","max-video-preview":"max-video-preview:-1"},"canonical":"https:\/\/evertonfc.cz\/index.php\/2018\/02\/09\/preview-everton-crystal-palace-2\/","og_locale":"cs_CZ","og_type":"article","og_title":"Preview: Everton - Crystal Palace - Official Czech &amp; Slovak Everton Supporters&#039; Club","og_description":"Po \u017ealostn\u011b trapn\u00e9m vystoupen\u00ed na Emirates Stadium se Everton hodl\u00e1 vr\u00e1tit na v\u00edt\u011bznou vlnu. Na dom\u00e1c\u00ed p\u016fd\u011b \u010del\u00ed Crystalu Palace, b\u00fdval\u00e9mu klubu mana\u017eera Sama Allardycea.","og_url":"https:\/\/evertonfc.cz\/index.php\/2018\/02\/09\/preview-everton-crystal-palace-2\/","og_site_name":"Official Czech &amp; Slovak Everton Supporters&#039; Club","article_publisher":"https:\/\/www.facebook.com\/everton.fans.cz.sk","article_published_time":"2018-02-09T16:44:06+00:00","article_modified_time":"2021-04-04T11:51:05+00:00","og_image":[{"width":720,"height":405,"url":"https:\/\/evertonfc.cz\/wp-content\/uploads\/2021\/04\/Everton-VS-Crystal-Palace.png","type":"image\/png"}],"author":"Ri\u010di","twitter_card":"summary_large_image","twitter_creator":"@rbrejsa","twitter_misc":{"Napsal(a)":"Ri\u010di","Odhadovan\u00e1 doba \u010dten\u00ed":"4 minuty"},"schema":{"@context":"https:\/\/schema.org","@graph":[{"@type":"Article","@id":"https:\/\/evertonfc.cz\/index.php\/2018\/02\/09\/preview-everton-crystal-palace-2\/#article","isPartOf":{"@id":"https:\/\/evertonfc.cz\/index.php\/2018\/02\/09\/preview-everton-crystal-palace-2\/"},"author":{"name":"Ri\u010di","@id":"https:\/\/evertonfc.cz\/#\/schema\/person\/f7a5daedb2ffee98480bc70e191aaef1"},"headline":"Preview: Everton &#8211; Crystal Palace","datePublished":"2018-02-09T16:44:06+00:00","dateModified":"2021-04-04T11:51:05+00:00","mainEntityOfPage":{"@id":"https:\/\/evertonfc.cz\/index.php\/2018\/02\/09\/preview-everton-crystal-palace-2\/"},"wordCount":857,"commentCount":0,"publisher":{"@id":"https:\/\/evertonfc.cz\/#organization"},"image":{"@id":"https:\/\/evertonfc.cz\/index.php\/2018\/02\/09\/preview-everton-crystal-palace-2\/#primaryimage"},"thumbnailUrl":"https:\/\/evertonfc.cz\/wp-content\/uploads\/2021\/04\/Everton-VS-Crystal-Palace.png","articleSection":["Z\u00e1pasy"],"inLanguage":"cs","potentialAction":[{"@type":"CommentAction","name":"Comment","target":["https:\/\/evertonfc.cz\/index.php\/2018\/02\/09\/preview-everton-crystal-palace-2\/#respond"]}]},{"@type":"WebPage","@id":"https:\/\/evertonfc.cz\/index.php\/2018\/02\/09\/preview-everton-crystal-palace-2\/","url":"https:\/\/evertonfc.cz\/index.php\/2018\/02\/09\/preview-everton-crystal-palace-2\/","name":"Preview: Everton - Crystal Palace - Official Czech &amp; Slovak Everton Supporters&#039; Club","isPartOf":{"@id":"https:\/\/evertonfc.cz\/#website"},"primaryImageOfPage":{"@id":"https:\/\/evertonfc.cz\/index.php\/2018\/02\/09\/preview-everton-crystal-palace-2\/#primaryimage"},"image":{"@id":"https:\/\/evertonfc.cz\/index.php\/2018\/02\/09\/preview-everton-crystal-palace-2\/#primaryimage"},"thumbnailUrl":"https:\/\/evertonfc.cz\/wp-content\/uploads\/2021\/04\/Everton-VS-Crystal-Palace.png","datePublished":"2018-02-09T16:44:06+00:00","dateModified":"2021-04-04T11:51:05+00:00","breadcrumb":{"@id":"https:\/\/evertonfc.cz\/index.php\/2018\/02\/09\/preview-everton-crystal-palace-2\/#breadcrumb"},"inLanguage":"cs","potentialAction":[{"@type":"ReadAction","target":["https:\/\/evertonfc.cz\/index.php\/2018\/02\/09\/preview-everton-crystal-palace-2\/"]}]},{"@type":"ImageObject","inLanguage":"cs","@id":"https:\/\/evertonfc.cz\/index.php\/2018\/02\/09\/preview-everton-crystal-palace-2\/#primaryimage","url":"https:\/\/evertonfc.cz\/wp-content\/uploads\/2021\/04\/Everton-VS-Crystal-Palace.png","contentUrl":"https:\/\/evertonfc.cz\/wp-content\/uploads\/2021\/04\/Everton-VS-Crystal-Palace.png","width":720,"height":405},{"@type":"BreadcrumbList","@id":"https:\/\/evertonfc.cz\/index.php\/2018\/02\/09\/preview-everton-crystal-palace-2\/#breadcrumb","itemListElement":[{"@type":"ListItem","position":1,"name":"Home","item":"https:\/\/evertonfc.cz\/"},{"@type":"ListItem","position":2,"name":"Preview: Everton &#8211; Crystal Palace"}]},{"@type":"WebSite","@id":"https:\/\/evertonfc.cz\/#website","url":"https:\/\/evertonfc.cz\/","name":"Official Czech &amp; Slovak Everton Supporters&#039; Club","description":"","publisher":{"@id":"https:\/\/evertonfc.cz\/#organization"},"potentialAction":[{"@type":"SearchAction","target":{"@type":"EntryPoint","urlTemplate":"https:\/\/evertonfc.cz\/?s={search_term_string}"},"query-input":{"@type":"PropertyValueSpecification","valueRequired":true,"valueName":"search_term_string"}}],"inLanguage":"cs"},{"@type":"Organization","@id":"https:\/\/evertonfc.cz\/#organization","name":"Official Czech & Slovak Everton Supporters' Club","url":"https:\/\/evertonfc.cz\/","logo":{"@type":"ImageObject","inLanguage":"cs","@id":"https:\/\/evertonfc.cz\/#\/schema\/logo\/image\/","url":"https:\/\/evertonfc.cz\/wp-content\/uploads\/2019\/05\/logo.png","contentUrl":"https:\/\/evertonfc.cz\/wp-content\/uploads\/2019\/05\/logo.png","width":112,"height":112,"caption":"Official Czech & Slovak Everton Supporters' Club"},"image":{"@id":"https:\/\/evertonfc.cz\/#\/schema\/logo\/image\/"},"sameAs":["https:\/\/www.facebook.com\/everton.fans.cz.sk"]},{"@type":"Person","@id":"https:\/\/evertonfc.cz\/#\/schema\/person\/f7a5daedb2ffee98480bc70e191aaef1","name":"Ri\u010di","sameAs":["https:\/\/x.com\/rbrejsa"],"url":"https:\/\/evertonfc.cz\/index.php\/author\/rici\/"}]}},"_links":{"self":[{"href":"https:\/\/evertonfc.cz\/index.php\/wp-json\/wp\/v2\/posts\/2220"}],"collection":[{"href":"https:\/\/evertonfc.cz\/index.php\/wp-json\/wp\/v2\/posts"}],"about":[{"href":"https:\/\/evertonfc.cz\/index.php\/wp-json\/wp\/v2\/types\/post"}],"author":[{"embeddable":true,"href":"https:\/\/evertonfc.cz\/index.php\/wp-json\/wp\/v2\/users\/6"}],"replies":[{"embeddable":true,"href":"https:\/\/evertonfc.cz\/index.php\/wp-json\/wp\/v2\/comments?post=2220"}],"version-history":[{"count":2,"href":"https:\/\/evertonfc.cz\/index.php\/wp-json\/wp\/v2\/posts\/2220\/revisions"}],"predecessor-version":[{"id":14865,"href":"https:\/\/evertonfc.cz\/index.php\/wp-json\/wp\/v2\/posts\/2220\/revisions\/14865"}],"wp:featuredmedia":[{"embeddable":true,"href":"https:\/\/evertonfc.cz\/index.php\/wp-json\/wp\/v2\/media\/14858"}],"wp:attachment":[{"href":"https:\/\/evertonfc.cz\/index.php\/wp-json\/wp\/v2\/media?parent=2220"}],"wp:term":[{"taxonomy":"category","embeddable":true,"href":"https:\/\/evertonfc.cz\/index.php\/wp-json\/wp\/v2\/categories?post=2220"},{"taxonomy":"post_tag","embeddable":true,"href":"https:\/\/evertonfc.cz\/index.php\/wp-json\/wp\/v2\/tags?post=2220"}],"curies":[{"name":"wp","href":"https:\/\/api.w.org\/{rel}","templated":true}]}}