{"id":22215,"date":"2023-07-30T20:15:40","date_gmt":"2023-07-30T18:15:40","guid":{"rendered":"https:\/\/evertonfc.cz\/?p=22215"},"modified":"2023-07-30T20:35:16","modified_gmt":"2023-07-30T18:35:16","slug":"stoke-city-everton-01","status":"publish","type":"post","link":"https:\/\/evertonfc.cz\/index.php\/2023\/07\/30\/stoke-city-everton-01\/","title":{"rendered":"Stoke City &#8211; Everton 0:1"},"content":{"rendered":"<h4>G\u00f3l Onany z nastaven\u00e9ho \u010dasu druh\u00e9ho polo\u010dasu zajistil, \u017ee v p\u0159\u00edpravn\u00e9m obdob\u00ed Everton je\u0161t\u011b neprohr\u00e1l.<\/h4>\n<p>Dyche op\u011bt zvolil rozestaven\u00ed 4-3-3, debutu za Everton se na pozici hro\u0165\u00e1ka do\u010dkal Danjuma. V z\u00e1loze byla tentokr\u00e1t vyzkou\u0161ena trojice Gana-Garner-Doucour\u00e9.<\/p>\n<p>Aktivn\u011bji za\u010dali dom\u00e1c\u00ed, p\u0159ece jen bylo vid\u011bt, \u017ee jsou v p\u0159\u00edprav\u011b o krok d\u00e1l. Nicm\u00e9n\u011b zazn\u00e1men\u00edhodnou \u0161anci si nevytvo\u0159ili. A tak zahrozili host\u00e9. Ve 20. minut\u011b centr Younga sklepl hlavou Keane k Doucour\u00e9mu, ale jeho st\u0159elu zblokoval Wilcot, pak u\u017e dom\u00e1c\u00ed zvl\u00e1dli dostat m\u00ed\u010d pry\u010d. Pot\u00e9 se hr\u00e1l u\u017e zaj\u00edmav\u011bj\u0161\u00ed fotbal. Na st\u0159elu Garnera odpov\u011bd\u011blo Stoke proti\u00fatokem, ale na posledn\u00ed chv\u00edli zvl\u00e1dl Young zakro\u010dit proti p\u0159\u00edpadn\u00e9 a nebezpe\u010dn\u00e9 st\u0159ele Chiquinha z mal\u00e9ho \u010dtverce. Zbytek polo\u010dasu se nesl ve znamen\u00ed tlaku Evertonu, ale tomu chyb\u011bla fin\u00e1ln\u00ed p\u0159ihr\u00e1vka. Stoke toho vyu\u017e\u00edvalo k relativn\u011b \u010dast\u00fdm proti\u00fatok\u016fm. Ani jeden t\u00fdm ale u\u017e nem\u011bl p\u0159\u00edle\u017eitost, o \u0161anci se v\u016fbec nem\u016f\u017eeme bavit.<\/p>\n<p>Do druh\u00e9ho polo\u010dasu Branthwaite, Maupay a Onana vyst\u0159\u00eddali Danjumu a Garnera s Keanem. Pr\u00e1v\u011b Onana m\u011bl prvn\u00ed \u0161anci t\u00e9to \u010d\u00e1sti, ale st\u0159ela z hranice velk\u00e9ho \u010dtverce netrefila za\u0159\u00edzen\u00ed. Za dom\u00e1c\u00ed nebezpe\u010dn\u011b o chv\u00edli pozd\u011bji vyst\u0159elil Brown, Pickford vyrazil na roh. N\u00e1sledovala pas\u00e1\u017e tlaku dom\u00e1c\u00edch, ale bez \u0161anc\u00ed. Kdy\u017e se Everton z tlaku ji\u017e ot\u0159epal, tak p\u0159i\u0161el ve velk\u00e9m v\u00e1pn\u011b z\u00e1krok na McNeila. Host\u00e9 cht\u011bli &#8222;p\u011btku&#8220;, ale rozhod\u010d\u00ed ji nena\u0159\u00eddil. McNeil byl o n\u011bkolik minut pozd\u011bji vyst\u0159\u00edd\u00e1n Dobbinem. Vyrovnan\u011bj\u0161\u00ed pas\u00e1\u017e vyvrcholila \u0161anc\u00ed Dobbina po akci Oyanga (vyst\u0159\u00eddal Doucour\u00e9ho) s Onanou, ale puml\u00ed\u010d op\u011bt netrefil branku. A kdy\u017e o n\u011bkolik minut pozd\u011bji st\u0159ela stejn\u00e9ho hr\u00e1\u010de na\u0161la s\u00ed\u0165, stalo se tak do jej\u00ed bo\u010dn\u00ed \u010d\u00e1sti.<\/p>\n<p>Vzd\u00e1len\u011b se ale aspo\u0148 pod\u00edlel na jedin\u00e9 brance. Pr\u00e1v\u011b jeho st\u0159elu vyrazil brank\u00e1\u0159 Travers na roh. Dobbin se ujal jeho zahr\u00e1n\u00ed a po hlavi\u010dce Tarkowsk\u00e9ho m\u00ed\u010d doslova procedil p\u0159es brank\u00e1\u0159e Onana &#8211;\u00a0<strong>0:1!\u00a0<\/strong><\/p>\n<p>Posledn\u00ed p\u0159\u00edpravn\u00fd z\u00e1pas (a jedin\u00fd v Goodison Parku) je v sobotu odpoledne 5. 8.. Sv\u00e9 um\u011bn\u00ed n\u00e1m p\u0159ijede p\u0159edv\u00e9st Sporting Lisabon. Jist\u00e1 sehranost by se u\u017e hodila&#8230;<\/p>\n<p style=\"text-align: right;\"><span style=\"font-size: 8pt;\">(fotozdroj: Getty Images)<\/span><\/p>\n<p><strong>G\u00f3l:\u00a0<\/strong>90. (+6.) Onana<\/p>\n<p><strong>Stoke City FC: <\/strong>Travers &#8211; Hoever, Wilmot, Rose, Stevens (62. Tymon) &#8211; Thompson (62.Onomah), Laurent, Johnson<br \/>\n(76. Sidibe) &#8211; Chiquinho (62.Vidigal), Brown (62. Wesley), Campbell (62. Mmaee)<\/p>\n<p><strong>Everton FC:\u00a0<\/strong>Pickford &#8211; Patterson, Keane (46. Branthwaite), Tarkowski, Young &#8211; Gana, Doucoure (83. Onyango) &#8211; Iwobi, Garner (46. Onana), McNeil (69. Dobbin) &#8211;\u00a0 Danjuma (46. Maupay)<\/p>\n","protected":false},"excerpt":{"rendered":"<p>G\u00f3l Onany z nastaven\u00e9ho \u010dasu druh\u00e9ho polo\u010dasu zajistil, \u017ee v p\u0159\u00edpravn\u00e9m obdob\u00ed Everton je\u0161t\u011b neprohr\u00e1l.<\/p>\n","protected":false},"author":12,"featured_media":22221,"comment_status":"open","ping_status":"closed","sticky":false,"template":"","format":"standard","meta":{"_eb_attr":"","_monsterinsights_skip_tracking":false,"_monsterinsights_sitenote_active":false,"_monsterinsights_sitenote_note":"","_monsterinsights_sitenote_category":0,"footnotes":""},"categories":[4],"tags":[],"yoast_head":"<!-- This site is optimized with the Yoast SEO plugin v23.4 - https:\/\/yoast.com\/wordpress\/plugins\/seo\/ -->\n<title>Stoke City - Everton 0:1 - Official Czech &amp; Slovak Everton Supporters&#039; Club<\/title>\n<meta name=\"description\" content=\"G\u00f3l Onany z nastaven\u00e9ho \u010dasu druh\u00e9ho polo\u010dasu zajistil, \u017ee v p\u0159\u00edpravn\u00e9m obdob\u00ed Everton je\u0161t\u011b neprohr\u00e1l.\" \/>\n<meta name=\"robots\" content=\"index, follow, max-snippet:-1, max-image-preview:large, max-video-preview:-1\" \/>\n<link rel=\"canonical\" href=\"https:\/\/evertonfc.cz\/index.php\/2023\/07\/30\/stoke-city-everton-01\/\" \/>\n<meta property=\"og:locale\" content=\"cs_CZ\" \/>\n<meta property=\"og:type\" content=\"article\" \/>\n<meta property=\"og:title\" content=\"Stoke City - Everton 0:1 - Official Czech &amp; Slovak Everton Supporters&#039; Club\" \/>\n<meta property=\"og:description\" content=\"G\u00f3l Onany z nastaven\u00e9ho \u010dasu druh\u00e9ho polo\u010dasu zajistil, \u017ee v p\u0159\u00edpravn\u00e9m obdob\u00ed Everton je\u0161t\u011b neprohr\u00e1l.\" \/>\n<meta property=\"og:url\" content=\"https:\/\/evertonfc.cz\/index.php\/2023\/07\/30\/stoke-city-everton-01\/\" \/>\n<meta property=\"og:site_name\" content=\"Official Czech &amp; Slovak Everton Supporters&#039; Club\" \/>\n<meta property=\"article:publisher\" content=\"https:\/\/www.facebook.com\/everton.fans.cz.sk\" \/>\n<meta property=\"article:published_time\" content=\"2023-07-30T18:15:40+00:00\" \/>\n<meta property=\"article:modified_time\" content=\"2023-07-30T18:35:16+00:00\" \/>\n<meta property=\"og:image\" content=\"https:\/\/evertonfc.cz\/wp-content\/uploads\/2023\/07\/Stoke-City-0-1-Everton-by-Getty-Images-30-7-2023.jpg\" \/>\n\t<meta property=\"og:image:width\" content=\"720\" \/>\n\t<meta property=\"og:image:height\" content=\"405\" \/>\n\t<meta property=\"og:image:type\" content=\"image\/jpeg\" \/>\n<meta name=\"author\" content=\"Javor\" \/>\n<meta name=\"twitter:card\" content=\"summary_large_image\" \/>\n<meta name=\"twitter:creator\" content=\"@LoudinJan\" \/>\n<meta name=\"twitter:label1\" content=\"Napsal(a)\" \/>\n\t<meta name=\"twitter:data1\" content=\"Javor\" \/>\n\t<meta name=\"twitter:label2\" content=\"Odhadovan\u00e1 doba \u010dten\u00ed\" \/>\n\t<meta name=\"twitter:data2\" content=\"3 minuty\" \/>\n<script type=\"application\/ld+json\" class=\"yoast-schema-graph\">{\"@context\":\"https:\/\/schema.org\",\"@graph\":[{\"@type\":\"Article\",\"@id\":\"https:\/\/evertonfc.cz\/index.php\/2023\/07\/30\/stoke-city-everton-01\/#article\",\"isPartOf\":{\"@id\":\"https:\/\/evertonfc.cz\/index.php\/2023\/07\/30\/stoke-city-everton-01\/\"},\"author\":{\"name\":\"Javor\",\"@id\":\"https:\/\/evertonfc.cz\/#\/schema\/person\/b30daf6a5852f4811f8207a17ec1bf78\"},\"headline\":\"Stoke City &#8211; Everton 0:1\",\"datePublished\":\"2023-07-30T18:15:40+00:00\",\"dateModified\":\"2023-07-30T18:35:16+00:00\",\"mainEntityOfPage\":{\"@id\":\"https:\/\/evertonfc.cz\/index.php\/2023\/07\/30\/stoke-city-everton-01\/\"},\"wordCount\":481,\"commentCount\":1,\"publisher\":{\"@id\":\"https:\/\/evertonfc.cz\/#organization\"},\"image\":{\"@id\":\"https:\/\/evertonfc.cz\/index.php\/2023\/07\/30\/stoke-city-everton-01\/#primaryimage\"},\"thumbnailUrl\":\"https:\/\/evertonfc.cz\/wp-content\/uploads\/2023\/07\/Stoke-City-0-1-Everton-by-Getty-Images-30-7-2023.jpg\",\"articleSection\":[\"Z\u00e1pasy\"],\"inLanguage\":\"cs\",\"potentialAction\":[{\"@type\":\"CommentAction\",\"name\":\"Comment\",\"target\":[\"https:\/\/evertonfc.cz\/index.php\/2023\/07\/30\/stoke-city-everton-01\/#respond\"]}]},{\"@type\":\"WebPage\",\"@id\":\"https:\/\/evertonfc.cz\/index.php\/2023\/07\/30\/stoke-city-everton-01\/\",\"url\":\"https:\/\/evertonfc.cz\/index.php\/2023\/07\/30\/stoke-city-everton-01\/\",\"name\":\"Stoke City - Everton 0:1 - Official Czech &amp; Slovak Everton Supporters&#039; Club\",\"isPartOf\":{\"@id\":\"https:\/\/evertonfc.cz\/#website\"},\"primaryImageOfPage\":{\"@id\":\"https:\/\/evertonfc.cz\/index.php\/2023\/07\/30\/stoke-city-everton-01\/#primaryimage\"},\"image\":{\"@id\":\"https:\/\/evertonfc.cz\/index.php\/2023\/07\/30\/stoke-city-everton-01\/#primaryimage\"},\"thumbnailUrl\":\"https:\/\/evertonfc.cz\/wp-content\/uploads\/2023\/07\/Stoke-City-0-1-Everton-by-Getty-Images-30-7-2023.jpg\",\"datePublished\":\"2023-07-30T18:15:40+00:00\",\"dateModified\":\"2023-07-30T18:35:16+00:00\",\"description\":\"G\u00f3l Onany z nastaven\u00e9ho \u010dasu druh\u00e9ho polo\u010dasu zajistil, \u017ee v p\u0159\u00edpravn\u00e9m obdob\u00ed Everton je\u0161t\u011b neprohr\u00e1l.\",\"breadcrumb\":{\"@id\":\"https:\/\/evertonfc.cz\/index.php\/2023\/07\/30\/stoke-city-everton-01\/#breadcrumb\"},\"inLanguage\":\"cs\",\"potentialAction\":[{\"@type\":\"ReadAction\",\"target\":[\"https:\/\/evertonfc.cz\/index.php\/2023\/07\/30\/stoke-city-everton-01\/\"]}]},{\"@type\":\"ImageObject\",\"inLanguage\":\"cs\",\"@id\":\"https:\/\/evertonfc.cz\/index.php\/2023\/07\/30\/stoke-city-everton-01\/#primaryimage\",\"url\":\"https:\/\/evertonfc.cz\/wp-content\/uploads\/2023\/07\/Stoke-City-0-1-Everton-by-Getty-Images-30-7-2023.jpg\",\"contentUrl\":\"https:\/\/evertonfc.cz\/wp-content\/uploads\/2023\/07\/Stoke-City-0-1-Everton-by-Getty-Images-30-7-2023.jpg\",\"width\":720,\"height\":405},{\"@type\":\"BreadcrumbList\",\"@id\":\"https:\/\/evertonfc.cz\/index.php\/2023\/07\/30\/stoke-city-everton-01\/#breadcrumb\",\"itemListElement\":[{\"@type\":\"ListItem\",\"position\":1,\"name\":\"Home\",\"item\":\"https:\/\/evertonfc.cz\/\"},{\"@type\":\"ListItem\",\"position\":2,\"name\":\"Stoke City &#8211; Everton 0:1\"}]},{\"@type\":\"WebSite\",\"@id\":\"https:\/\/evertonfc.cz\/#website\",\"url\":\"https:\/\/evertonfc.cz\/\",\"name\":\"Official Czech &amp; Slovak Everton Supporters&#039; Club\",\"description\":\"\",\"publisher\":{\"@id\":\"https:\/\/evertonfc.cz\/#organization\"},\"potentialAction\":[{\"@type\":\"SearchAction\",\"target\":{\"@type\":\"EntryPoint\",\"urlTemplate\":\"https:\/\/evertonfc.cz\/?s={search_term_string}\"},\"query-input\":{\"@type\":\"PropertyValueSpecification\",\"valueRequired\":true,\"valueName\":\"search_term_string\"}}],\"inLanguage\":\"cs\"},{\"@type\":\"Organization\",\"@id\":\"https:\/\/evertonfc.cz\/#organization\",\"name\":\"Official Czech & Slovak Everton Supporters' Club\",\"url\":\"https:\/\/evertonfc.cz\/\",\"logo\":{\"@type\":\"ImageObject\",\"inLanguage\":\"cs\",\"@id\":\"https:\/\/evertonfc.cz\/#\/schema\/logo\/image\/\",\"url\":\"https:\/\/evertonfc.cz\/wp-content\/uploads\/2019\/05\/logo.png\",\"contentUrl\":\"https:\/\/evertonfc.cz\/wp-content\/uploads\/2019\/05\/logo.png\",\"width\":112,\"height\":112,\"caption\":\"Official Czech & Slovak Everton Supporters' Club\"},\"image\":{\"@id\":\"https:\/\/evertonfc.cz\/#\/schema\/logo\/image\/\"},\"sameAs\":[\"https:\/\/www.facebook.com\/everton.fans.cz.sk\"]},{\"@type\":\"Person\",\"@id\":\"https:\/\/evertonfc.cz\/#\/schema\/person\/b30daf6a5852f4811f8207a17ec1bf78\",\"name\":\"Javor\",\"sameAs\":[\"https:\/\/x.com\/LoudinJan\"],\"url\":\"https:\/\/evertonfc.cz\/index.php\/author\/javor\/\"}]}<\/script>\n<!-- \/ Yoast SEO plugin. -->","yoast_head_json":{"title":"Stoke City - Everton 0:1 - Official Czech &amp; Slovak Everton Supporters&#039; Club","description":"G\u00f3l Onany z nastaven\u00e9ho \u010dasu druh\u00e9ho polo\u010dasu zajistil, \u017ee v p\u0159\u00edpravn\u00e9m obdob\u00ed Everton je\u0161t\u011b neprohr\u00e1l.","robots":{"index":"index","follow":"follow","max-snippet":"max-snippet:-1","max-image-preview":"max-image-preview:large","max-video-preview":"max-video-preview:-1"},"canonical":"https:\/\/evertonfc.cz\/index.php\/2023\/07\/30\/stoke-city-everton-01\/","og_locale":"cs_CZ","og_type":"article","og_title":"Stoke City - Everton 0:1 - Official Czech &amp; Slovak Everton Supporters&#039; Club","og_description":"G\u00f3l Onany z nastaven\u00e9ho \u010dasu druh\u00e9ho polo\u010dasu zajistil, \u017ee v p\u0159\u00edpravn\u00e9m obdob\u00ed Everton je\u0161t\u011b neprohr\u00e1l.","og_url":"https:\/\/evertonfc.cz\/index.php\/2023\/07\/30\/stoke-city-everton-01\/","og_site_name":"Official Czech &amp; Slovak Everton Supporters&#039; Club","article_publisher":"https:\/\/www.facebook.com\/everton.fans.cz.sk","article_published_time":"2023-07-30T18:15:40+00:00","article_modified_time":"2023-07-30T18:35:16+00:00","og_image":[{"width":720,"height":405,"url":"https:\/\/evertonfc.cz\/wp-content\/uploads\/2023\/07\/Stoke-City-0-1-Everton-by-Getty-Images-30-7-2023.jpg","type":"image\/jpeg"}],"author":"Javor","twitter_card":"summary_large_image","twitter_creator":"@LoudinJan","twitter_misc":{"Napsal(a)":"Javor","Odhadovan\u00e1 doba \u010dten\u00ed":"3 minuty"},"schema":{"@context":"https:\/\/schema.org","@graph":[{"@type":"Article","@id":"https:\/\/evertonfc.cz\/index.php\/2023\/07\/30\/stoke-city-everton-01\/#article","isPartOf":{"@id":"https:\/\/evertonfc.cz\/index.php\/2023\/07\/30\/stoke-city-everton-01\/"},"author":{"name":"Javor","@id":"https:\/\/evertonfc.cz\/#\/schema\/person\/b30daf6a5852f4811f8207a17ec1bf78"},"headline":"Stoke City &#8211; Everton 0:1","datePublished":"2023-07-30T18:15:40+00:00","dateModified":"2023-07-30T18:35:16+00:00","mainEntityOfPage":{"@id":"https:\/\/evertonfc.cz\/index.php\/2023\/07\/30\/stoke-city-everton-01\/"},"wordCount":481,"commentCount":1,"publisher":{"@id":"https:\/\/evertonfc.cz\/#organization"},"image":{"@id":"https:\/\/evertonfc.cz\/index.php\/2023\/07\/30\/stoke-city-everton-01\/#primaryimage"},"thumbnailUrl":"https:\/\/evertonfc.cz\/wp-content\/uploads\/2023\/07\/Stoke-City-0-1-Everton-by-Getty-Images-30-7-2023.jpg","articleSection":["Z\u00e1pasy"],"inLanguage":"cs","potentialAction":[{"@type":"CommentAction","name":"Comment","target":["https:\/\/evertonfc.cz\/index.php\/2023\/07\/30\/stoke-city-everton-01\/#respond"]}]},{"@type":"WebPage","@id":"https:\/\/evertonfc.cz\/index.php\/2023\/07\/30\/stoke-city-everton-01\/","url":"https:\/\/evertonfc.cz\/index.php\/2023\/07\/30\/stoke-city-everton-01\/","name":"Stoke City - Everton 0:1 - Official Czech &amp; Slovak Everton Supporters&#039; Club","isPartOf":{"@id":"https:\/\/evertonfc.cz\/#website"},"primaryImageOfPage":{"@id":"https:\/\/evertonfc.cz\/index.php\/2023\/07\/30\/stoke-city-everton-01\/#primaryimage"},"image":{"@id":"https:\/\/evertonfc.cz\/index.php\/2023\/07\/30\/stoke-city-everton-01\/#primaryimage"},"thumbnailUrl":"https:\/\/evertonfc.cz\/wp-content\/uploads\/2023\/07\/Stoke-City-0-1-Everton-by-Getty-Images-30-7-2023.jpg","datePublished":"2023-07-30T18:15:40+00:00","dateModified":"2023-07-30T18:35:16+00:00","description":"G\u00f3l Onany z nastaven\u00e9ho \u010dasu druh\u00e9ho polo\u010dasu zajistil, \u017ee v p\u0159\u00edpravn\u00e9m obdob\u00ed Everton je\u0161t\u011b neprohr\u00e1l.","breadcrumb":{"@id":"https:\/\/evertonfc.cz\/index.php\/2023\/07\/30\/stoke-city-everton-01\/#breadcrumb"},"inLanguage":"cs","potentialAction":[{"@type":"ReadAction","target":["https:\/\/evertonfc.cz\/index.php\/2023\/07\/30\/stoke-city-everton-01\/"]}]},{"@type":"ImageObject","inLanguage":"cs","@id":"https:\/\/evertonfc.cz\/index.php\/2023\/07\/30\/stoke-city-everton-01\/#primaryimage","url":"https:\/\/evertonfc.cz\/wp-content\/uploads\/2023\/07\/Stoke-City-0-1-Everton-by-Getty-Images-30-7-2023.jpg","contentUrl":"https:\/\/evertonfc.cz\/wp-content\/uploads\/2023\/07\/Stoke-City-0-1-Everton-by-Getty-Images-30-7-2023.jpg","width":720,"height":405},{"@type":"BreadcrumbList","@id":"https:\/\/evertonfc.cz\/index.php\/2023\/07\/30\/stoke-city-everton-01\/#breadcrumb","itemListElement":[{"@type":"ListItem","position":1,"name":"Home","item":"https:\/\/evertonfc.cz\/"},{"@type":"ListItem","position":2,"name":"Stoke City &#8211; Everton 0:1"}]},{"@type":"WebSite","@id":"https:\/\/evertonfc.cz\/#website","url":"https:\/\/evertonfc.cz\/","name":"Official Czech &amp; Slovak Everton Supporters&#039; Club","description":"","publisher":{"@id":"https:\/\/evertonfc.cz\/#organization"},"potentialAction":[{"@type":"SearchAction","target":{"@type":"EntryPoint","urlTemplate":"https:\/\/evertonfc.cz\/?s={search_term_string}"},"query-input":{"@type":"PropertyValueSpecification","valueRequired":true,"valueName":"search_term_string"}}],"inLanguage":"cs"},{"@type":"Organization","@id":"https:\/\/evertonfc.cz\/#organization","name":"Official Czech & Slovak Everton Supporters' Club","url":"https:\/\/evertonfc.cz\/","logo":{"@type":"ImageObject","inLanguage":"cs","@id":"https:\/\/evertonfc.cz\/#\/schema\/logo\/image\/","url":"https:\/\/evertonfc.cz\/wp-content\/uploads\/2019\/05\/logo.png","contentUrl":"https:\/\/evertonfc.cz\/wp-content\/uploads\/2019\/05\/logo.png","width":112,"height":112,"caption":"Official Czech & Slovak Everton Supporters' Club"},"image":{"@id":"https:\/\/evertonfc.cz\/#\/schema\/logo\/image\/"},"sameAs":["https:\/\/www.facebook.com\/everton.fans.cz.sk"]},{"@type":"Person","@id":"https:\/\/evertonfc.cz\/#\/schema\/person\/b30daf6a5852f4811f8207a17ec1bf78","name":"Javor","sameAs":["https:\/\/x.com\/LoudinJan"],"url":"https:\/\/evertonfc.cz\/index.php\/author\/javor\/"}]}},"_links":{"self":[{"href":"https:\/\/evertonfc.cz\/index.php\/wp-json\/wp\/v2\/posts\/22215"}],"collection":[{"href":"https:\/\/evertonfc.cz\/index.php\/wp-json\/wp\/v2\/posts"}],"about":[{"href":"https:\/\/evertonfc.cz\/index.php\/wp-json\/wp\/v2\/types\/post"}],"author":[{"embeddable":true,"href":"https:\/\/evertonfc.cz\/index.php\/wp-json\/wp\/v2\/users\/12"}],"replies":[{"embeddable":true,"href":"https:\/\/evertonfc.cz\/index.php\/wp-json\/wp\/v2\/comments?post=22215"}],"version-history":[{"count":5,"href":"https:\/\/evertonfc.cz\/index.php\/wp-json\/wp\/v2\/posts\/22215\/revisions"}],"predecessor-version":[{"id":22222,"href":"https:\/\/evertonfc.cz\/index.php\/wp-json\/wp\/v2\/posts\/22215\/revisions\/22222"}],"wp:featuredmedia":[{"embeddable":true,"href":"https:\/\/evertonfc.cz\/index.php\/wp-json\/wp\/v2\/media\/22221"}],"wp:attachment":[{"href":"https:\/\/evertonfc.cz\/index.php\/wp-json\/wp\/v2\/media?parent=22215"}],"wp:term":[{"taxonomy":"category","embeddable":true,"href":"https:\/\/evertonfc.cz\/index.php\/wp-json\/wp\/v2\/categories?post=22215"},{"taxonomy":"post_tag","embeddable":true,"href":"https:\/\/evertonfc.cz\/index.php\/wp-json\/wp\/v2\/tags?post=22215"}],"curies":[{"name":"wp","href":"https:\/\/api.w.org\/{rel}","templated":true}]}}