{"id":22260,"date":"2023-08-02T21:24:17","date_gmt":"2023-08-02T19:24:17","guid":{"rendered":"https:\/\/evertonfc.cz\/?p=22260"},"modified":"2023-08-03T09:47:19","modified_gmt":"2023-08-03T07:47:19","slug":"prichazi-emma-bissell","status":"publish","type":"post","link":"https:\/\/evertonfc.cz\/index.php\/2023\/08\/02\/prichazi-emma-bissell\/","title":{"rendered":"P\u0159ich\u00e1z\u00ed Emma Bissell"},"content":{"rendered":"<h4>Everon dnes ozn\u00e1mil, \u017ee podepsal dvouletou smlouvu s Emmou Bissell. 21 let\u00e1 roda\u010dka z Chestru p\u0159ich\u00e1z\u00ed z floridsk\u00e9ho klubu Florida State Seminoles.<\/h4>\n<p>Emma v n\u011bm str\u00e1vila dva roky jako z\u00e1lo\u017enice. Je odchovankou akademie Manchester City, ale zde se do seniorsk\u00e9ho t\u00fdmu moc nedostala. P\u0161enka j\u00ed v tomto sm\u011bru kvetla a\u017e v Bristol City, za kter\u00e9 hr\u00e1la v sez\u00f3n\u011b 2020\/21 a za kter\u00fd tak\u00e9 zaznamenala sv\u016fj prvn\u00ed a jedin\u00fd g\u00f3l ve WSL. P\u016fsoben\u00ed v Evertonu vid\u00ed jako dobrou p\u0159\u00edle\u017eitost na sob\u011b d\u00e1le pracovat a zm\u011b\u0159it sv\u00e9 s\u00edly s nejlep\u0161\u00edmi hr\u00e1\u010dkami WSL. K p\u0159estupu do Evertonu j\u00ed \u00fadajn\u011b pohnul i rozhovor s Jill Scott a Jess Park a tak\u00e9 p\u0159\u00edjemn\u00e9 prost\u0159ed\u00ed a styl hry, kter\u00fd se Brian S\u00f8rensen sna\u017e\u00ed t\u00fdmu v\u0161t\u00edpit.\u00a0 S\u00e1m manager vid\u00ed budoucnost Bissell zejm\u00e9na jako ofenzivn\u00ed z\u00e1lo\u017enice. Tedy hodn\u00ed \u0161t\u011bst\u00ed, Emmo, v\u00edtej a <strong><span style=\"color: #0000ff;\">COYB!<\/span><\/strong><\/p>\n<p style=\"text-align: right;\"><span style=\"font-size: 8pt;\"><em>Zdroj fotografie: bbc.co.uk<\/em><\/span><\/p>\n","protected":false},"excerpt":{"rendered":"<p>Everon dnes ozn\u00e1mil, \u017ee podepsal dvouletou smlouvu s Emmou Bissell. 21 let\u00e1 roda\u010dka z Chestru p\u0159ich\u00e1z\u00ed z floridsk\u00e9ho klubu Florida State Seminoles.<\/p>\n","protected":false},"author":26,"featured_media":22264,"comment_status":"open","ping_status":"closed","sticky":false,"template":"","format":"standard","meta":{"_eb_attr":"","_monsterinsights_skip_tracking":false,"_monsterinsights_sitenote_active":false,"_monsterinsights_sitenote_note":"","_monsterinsights_sitenote_category":0,"footnotes":""},"categories":[110],"tags":[],"yoast_head":"<!-- This site is optimized with the Yoast SEO plugin v23.4 - https:\/\/yoast.com\/wordpress\/plugins\/seo\/ -->\n<title>P\u0159ich\u00e1z\u00ed Emma Bissell - Official Czech &amp; Slovak Everton Supporters&#039; Club<\/title>\n<meta name=\"robots\" content=\"index, follow, max-snippet:-1, max-image-preview:large, max-video-preview:-1\" \/>\n<link rel=\"canonical\" href=\"https:\/\/evertonfc.cz\/index.php\/2023\/08\/02\/prichazi-emma-bissell\/\" \/>\n<meta property=\"og:locale\" content=\"cs_CZ\" \/>\n<meta property=\"og:type\" content=\"article\" \/>\n<meta property=\"og:title\" content=\"P\u0159ich\u00e1z\u00ed Emma Bissell - Official Czech &amp; Slovak Everton Supporters&#039; Club\" \/>\n<meta property=\"og:description\" content=\"Everon dnes ozn\u00e1mil, \u017ee podepsal dvouletou smlouvu s Emmou Bissell. 21 let\u00e1 roda\u010dka z Chestru p\u0159ich\u00e1z\u00ed z floridsk\u00e9ho klubu Florida State Seminoles.\" \/>\n<meta property=\"og:url\" content=\"https:\/\/evertonfc.cz\/index.php\/2023\/08\/02\/prichazi-emma-bissell\/\" \/>\n<meta property=\"og:site_name\" content=\"Official Czech &amp; Slovak Everton Supporters&#039; Club\" \/>\n<meta property=\"article:publisher\" content=\"https:\/\/www.facebook.com\/everton.fans.cz.sk\" \/>\n<meta property=\"article:published_time\" content=\"2023-08-02T19:24:17+00:00\" \/>\n<meta property=\"article:modified_time\" content=\"2023-08-03T07:47:19+00:00\" \/>\n<meta property=\"og:image\" content=\"https:\/\/evertonfc.cz\/wp-content\/uploads\/2023\/08\/Emma-Bissell-web-2_08_2023.jpg\" \/>\n\t<meta property=\"og:image:width\" content=\"720\" \/>\n\t<meta property=\"og:image:height\" content=\"405\" \/>\n\t<meta property=\"og:image:type\" content=\"image\/jpeg\" \/>\n<meta name=\"author\" content=\"Karamela\" \/>\n<meta name=\"twitter:card\" content=\"summary_large_image\" \/>\n<meta name=\"twitter:label1\" content=\"Napsal(a)\" \/>\n\t<meta name=\"twitter:data1\" content=\"Karamela\" \/>\n\t<meta name=\"twitter:label2\" content=\"Odhadovan\u00e1 doba \u010dten\u00ed\" \/>\n\t<meta name=\"twitter:data2\" content=\"1 minuta\" \/>\n<script type=\"application\/ld+json\" class=\"yoast-schema-graph\">{\"@context\":\"https:\/\/schema.org\",\"@graph\":[{\"@type\":\"Article\",\"@id\":\"https:\/\/evertonfc.cz\/index.php\/2023\/08\/02\/prichazi-emma-bissell\/#article\",\"isPartOf\":{\"@id\":\"https:\/\/evertonfc.cz\/index.php\/2023\/08\/02\/prichazi-emma-bissell\/\"},\"author\":{\"name\":\"Karamela\",\"@id\":\"https:\/\/evertonfc.cz\/#\/schema\/person\/e9a24a80a32efa1344dd2c4e5882185c\"},\"headline\":\"P\u0159ich\u00e1z\u00ed Emma Bissell\",\"datePublished\":\"2023-08-02T19:24:17+00:00\",\"dateModified\":\"2023-08-03T07:47:19+00:00\",\"mainEntityOfPage\":{\"@id\":\"https:\/\/evertonfc.cz\/index.php\/2023\/08\/02\/prichazi-emma-bissell\/\"},\"wordCount\":181,\"commentCount\":0,\"publisher\":{\"@id\":\"https:\/\/evertonfc.cz\/#organization\"},\"image\":{\"@id\":\"https:\/\/evertonfc.cz\/index.php\/2023\/08\/02\/prichazi-emma-bissell\/#primaryimage\"},\"thumbnailUrl\":\"https:\/\/evertonfc.cz\/wp-content\/uploads\/2023\/08\/Emma-Bissell-web-2_08_2023.jpg\",\"articleSection\":[\"Everton Women\"],\"inLanguage\":\"cs\",\"potentialAction\":[{\"@type\":\"CommentAction\",\"name\":\"Comment\",\"target\":[\"https:\/\/evertonfc.cz\/index.php\/2023\/08\/02\/prichazi-emma-bissell\/#respond\"]}]},{\"@type\":\"WebPage\",\"@id\":\"https:\/\/evertonfc.cz\/index.php\/2023\/08\/02\/prichazi-emma-bissell\/\",\"url\":\"https:\/\/evertonfc.cz\/index.php\/2023\/08\/02\/prichazi-emma-bissell\/\",\"name\":\"P\u0159ich\u00e1z\u00ed Emma Bissell - Official Czech &amp; Slovak Everton Supporters&#039; Club\",\"isPartOf\":{\"@id\":\"https:\/\/evertonfc.cz\/#website\"},\"primaryImageOfPage\":{\"@id\":\"https:\/\/evertonfc.cz\/index.php\/2023\/08\/02\/prichazi-emma-bissell\/#primaryimage\"},\"image\":{\"@id\":\"https:\/\/evertonfc.cz\/index.php\/2023\/08\/02\/prichazi-emma-bissell\/#primaryimage\"},\"thumbnailUrl\":\"https:\/\/evertonfc.cz\/wp-content\/uploads\/2023\/08\/Emma-Bissell-web-2_08_2023.jpg\",\"datePublished\":\"2023-08-02T19:24:17+00:00\",\"dateModified\":\"2023-08-03T07:47:19+00:00\",\"breadcrumb\":{\"@id\":\"https:\/\/evertonfc.cz\/index.php\/2023\/08\/02\/prichazi-emma-bissell\/#breadcrumb\"},\"inLanguage\":\"cs\",\"potentialAction\":[{\"@type\":\"ReadAction\",\"target\":[\"https:\/\/evertonfc.cz\/index.php\/2023\/08\/02\/prichazi-emma-bissell\/\"]}]},{\"@type\":\"ImageObject\",\"inLanguage\":\"cs\",\"@id\":\"https:\/\/evertonfc.cz\/index.php\/2023\/08\/02\/prichazi-emma-bissell\/#primaryimage\",\"url\":\"https:\/\/evertonfc.cz\/wp-content\/uploads\/2023\/08\/Emma-Bissell-web-2_08_2023.jpg\",\"contentUrl\":\"https:\/\/evertonfc.cz\/wp-content\/uploads\/2023\/08\/Emma-Bissell-web-2_08_2023.jpg\",\"width\":720,\"height\":405},{\"@type\":\"BreadcrumbList\",\"@id\":\"https:\/\/evertonfc.cz\/index.php\/2023\/08\/02\/prichazi-emma-bissell\/#breadcrumb\",\"itemListElement\":[{\"@type\":\"ListItem\",\"position\":1,\"name\":\"Home\",\"item\":\"https:\/\/evertonfc.cz\/\"},{\"@type\":\"ListItem\",\"position\":2,\"name\":\"P\u0159ich\u00e1z\u00ed Emma Bissell\"}]},{\"@type\":\"WebSite\",\"@id\":\"https:\/\/evertonfc.cz\/#website\",\"url\":\"https:\/\/evertonfc.cz\/\",\"name\":\"Official Czech &amp; Slovak Everton Supporters&#039; Club\",\"description\":\"\",\"publisher\":{\"@id\":\"https:\/\/evertonfc.cz\/#organization\"},\"potentialAction\":[{\"@type\":\"SearchAction\",\"target\":{\"@type\":\"EntryPoint\",\"urlTemplate\":\"https:\/\/evertonfc.cz\/?s={search_term_string}\"},\"query-input\":{\"@type\":\"PropertyValueSpecification\",\"valueRequired\":true,\"valueName\":\"search_term_string\"}}],\"inLanguage\":\"cs\"},{\"@type\":\"Organization\",\"@id\":\"https:\/\/evertonfc.cz\/#organization\",\"name\":\"Official Czech & Slovak Everton Supporters' Club\",\"url\":\"https:\/\/evertonfc.cz\/\",\"logo\":{\"@type\":\"ImageObject\",\"inLanguage\":\"cs\",\"@id\":\"https:\/\/evertonfc.cz\/#\/schema\/logo\/image\/\",\"url\":\"https:\/\/evertonfc.cz\/wp-content\/uploads\/2019\/05\/logo.png\",\"contentUrl\":\"https:\/\/evertonfc.cz\/wp-content\/uploads\/2019\/05\/logo.png\",\"width\":112,\"height\":112,\"caption\":\"Official Czech & Slovak Everton Supporters' Club\"},\"image\":{\"@id\":\"https:\/\/evertonfc.cz\/#\/schema\/logo\/image\/\"},\"sameAs\":[\"https:\/\/www.facebook.com\/everton.fans.cz.sk\"]},{\"@type\":\"Person\",\"@id\":\"https:\/\/evertonfc.cz\/#\/schema\/person\/e9a24a80a32efa1344dd2c4e5882185c\",\"name\":\"Karamela\",\"url\":\"https:\/\/evertonfc.cz\/index.php\/author\/karamela\/\"}]}<\/script>\n<!-- \/ Yoast SEO plugin. -->","yoast_head_json":{"title":"P\u0159ich\u00e1z\u00ed Emma Bissell - Official Czech &amp; Slovak Everton Supporters&#039; Club","robots":{"index":"index","follow":"follow","max-snippet":"max-snippet:-1","max-image-preview":"max-image-preview:large","max-video-preview":"max-video-preview:-1"},"canonical":"https:\/\/evertonfc.cz\/index.php\/2023\/08\/02\/prichazi-emma-bissell\/","og_locale":"cs_CZ","og_type":"article","og_title":"P\u0159ich\u00e1z\u00ed Emma Bissell - Official Czech &amp; Slovak Everton Supporters&#039; Club","og_description":"Everon dnes ozn\u00e1mil, \u017ee podepsal dvouletou smlouvu s Emmou Bissell. 21 let\u00e1 roda\u010dka z Chestru p\u0159ich\u00e1z\u00ed z floridsk\u00e9ho klubu Florida State Seminoles.","og_url":"https:\/\/evertonfc.cz\/index.php\/2023\/08\/02\/prichazi-emma-bissell\/","og_site_name":"Official Czech &amp; Slovak Everton Supporters&#039; Club","article_publisher":"https:\/\/www.facebook.com\/everton.fans.cz.sk","article_published_time":"2023-08-02T19:24:17+00:00","article_modified_time":"2023-08-03T07:47:19+00:00","og_image":[{"width":720,"height":405,"url":"https:\/\/evertonfc.cz\/wp-content\/uploads\/2023\/08\/Emma-Bissell-web-2_08_2023.jpg","type":"image\/jpeg"}],"author":"Karamela","twitter_card":"summary_large_image","twitter_misc":{"Napsal(a)":"Karamela","Odhadovan\u00e1 doba \u010dten\u00ed":"1 minuta"},"schema":{"@context":"https:\/\/schema.org","@graph":[{"@type":"Article","@id":"https:\/\/evertonfc.cz\/index.php\/2023\/08\/02\/prichazi-emma-bissell\/#article","isPartOf":{"@id":"https:\/\/evertonfc.cz\/index.php\/2023\/08\/02\/prichazi-emma-bissell\/"},"author":{"name":"Karamela","@id":"https:\/\/evertonfc.cz\/#\/schema\/person\/e9a24a80a32efa1344dd2c4e5882185c"},"headline":"P\u0159ich\u00e1z\u00ed Emma Bissell","datePublished":"2023-08-02T19:24:17+00:00","dateModified":"2023-08-03T07:47:19+00:00","mainEntityOfPage":{"@id":"https:\/\/evertonfc.cz\/index.php\/2023\/08\/02\/prichazi-emma-bissell\/"},"wordCount":181,"commentCount":0,"publisher":{"@id":"https:\/\/evertonfc.cz\/#organization"},"image":{"@id":"https:\/\/evertonfc.cz\/index.php\/2023\/08\/02\/prichazi-emma-bissell\/#primaryimage"},"thumbnailUrl":"https:\/\/evertonfc.cz\/wp-content\/uploads\/2023\/08\/Emma-Bissell-web-2_08_2023.jpg","articleSection":["Everton Women"],"inLanguage":"cs","potentialAction":[{"@type":"CommentAction","name":"Comment","target":["https:\/\/evertonfc.cz\/index.php\/2023\/08\/02\/prichazi-emma-bissell\/#respond"]}]},{"@type":"WebPage","@id":"https:\/\/evertonfc.cz\/index.php\/2023\/08\/02\/prichazi-emma-bissell\/","url":"https:\/\/evertonfc.cz\/index.php\/2023\/08\/02\/prichazi-emma-bissell\/","name":"P\u0159ich\u00e1z\u00ed Emma Bissell - Official Czech &amp; Slovak Everton Supporters&#039; Club","isPartOf":{"@id":"https:\/\/evertonfc.cz\/#website"},"primaryImageOfPage":{"@id":"https:\/\/evertonfc.cz\/index.php\/2023\/08\/02\/prichazi-emma-bissell\/#primaryimage"},"image":{"@id":"https:\/\/evertonfc.cz\/index.php\/2023\/08\/02\/prichazi-emma-bissell\/#primaryimage"},"thumbnailUrl":"https:\/\/evertonfc.cz\/wp-content\/uploads\/2023\/08\/Emma-Bissell-web-2_08_2023.jpg","datePublished":"2023-08-02T19:24:17+00:00","dateModified":"2023-08-03T07:47:19+00:00","breadcrumb":{"@id":"https:\/\/evertonfc.cz\/index.php\/2023\/08\/02\/prichazi-emma-bissell\/#breadcrumb"},"inLanguage":"cs","potentialAction":[{"@type":"ReadAction","target":["https:\/\/evertonfc.cz\/index.php\/2023\/08\/02\/prichazi-emma-bissell\/"]}]},{"@type":"ImageObject","inLanguage":"cs","@id":"https:\/\/evertonfc.cz\/index.php\/2023\/08\/02\/prichazi-emma-bissell\/#primaryimage","url":"https:\/\/evertonfc.cz\/wp-content\/uploads\/2023\/08\/Emma-Bissell-web-2_08_2023.jpg","contentUrl":"https:\/\/evertonfc.cz\/wp-content\/uploads\/2023\/08\/Emma-Bissell-web-2_08_2023.jpg","width":720,"height":405},{"@type":"BreadcrumbList","@id":"https:\/\/evertonfc.cz\/index.php\/2023\/08\/02\/prichazi-emma-bissell\/#breadcrumb","itemListElement":[{"@type":"ListItem","position":1,"name":"Home","item":"https:\/\/evertonfc.cz\/"},{"@type":"ListItem","position":2,"name":"P\u0159ich\u00e1z\u00ed Emma Bissell"}]},{"@type":"WebSite","@id":"https:\/\/evertonfc.cz\/#website","url":"https:\/\/evertonfc.cz\/","name":"Official Czech &amp; Slovak Everton Supporters&#039; Club","description":"","publisher":{"@id":"https:\/\/evertonfc.cz\/#organization"},"potentialAction":[{"@type":"SearchAction","target":{"@type":"EntryPoint","urlTemplate":"https:\/\/evertonfc.cz\/?s={search_term_string}"},"query-input":{"@type":"PropertyValueSpecification","valueRequired":true,"valueName":"search_term_string"}}],"inLanguage":"cs"},{"@type":"Organization","@id":"https:\/\/evertonfc.cz\/#organization","name":"Official Czech & Slovak Everton Supporters' Club","url":"https:\/\/evertonfc.cz\/","logo":{"@type":"ImageObject","inLanguage":"cs","@id":"https:\/\/evertonfc.cz\/#\/schema\/logo\/image\/","url":"https:\/\/evertonfc.cz\/wp-content\/uploads\/2019\/05\/logo.png","contentUrl":"https:\/\/evertonfc.cz\/wp-content\/uploads\/2019\/05\/logo.png","width":112,"height":112,"caption":"Official Czech & Slovak Everton Supporters' Club"},"image":{"@id":"https:\/\/evertonfc.cz\/#\/schema\/logo\/image\/"},"sameAs":["https:\/\/www.facebook.com\/everton.fans.cz.sk"]},{"@type":"Person","@id":"https:\/\/evertonfc.cz\/#\/schema\/person\/e9a24a80a32efa1344dd2c4e5882185c","name":"Karamela","url":"https:\/\/evertonfc.cz\/index.php\/author\/karamela\/"}]}},"_links":{"self":[{"href":"https:\/\/evertonfc.cz\/index.php\/wp-json\/wp\/v2\/posts\/22260"}],"collection":[{"href":"https:\/\/evertonfc.cz\/index.php\/wp-json\/wp\/v2\/posts"}],"about":[{"href":"https:\/\/evertonfc.cz\/index.php\/wp-json\/wp\/v2\/types\/post"}],"author":[{"embeddable":true,"href":"https:\/\/evertonfc.cz\/index.php\/wp-json\/wp\/v2\/users\/26"}],"replies":[{"embeddable":true,"href":"https:\/\/evertonfc.cz\/index.php\/wp-json\/wp\/v2\/comments?post=22260"}],"version-history":[{"count":7,"href":"https:\/\/evertonfc.cz\/index.php\/wp-json\/wp\/v2\/posts\/22260\/revisions"}],"predecessor-version":[{"id":22275,"href":"https:\/\/evertonfc.cz\/index.php\/wp-json\/wp\/v2\/posts\/22260\/revisions\/22275"}],"wp:featuredmedia":[{"embeddable":true,"href":"https:\/\/evertonfc.cz\/index.php\/wp-json\/wp\/v2\/media\/22264"}],"wp:attachment":[{"href":"https:\/\/evertonfc.cz\/index.php\/wp-json\/wp\/v2\/media?parent=22260"}],"wp:term":[{"taxonomy":"category","embeddable":true,"href":"https:\/\/evertonfc.cz\/index.php\/wp-json\/wp\/v2\/categories?post=22260"},{"taxonomy":"post_tag","embeddable":true,"href":"https:\/\/evertonfc.cz\/index.php\/wp-json\/wp\/v2\/tags?post=22260"}],"curies":[{"name":"wp","href":"https:\/\/api.w.org\/{rel}","templated":true}]}}