{"id":22292,"date":"2023-08-06T17:57:51","date_gmt":"2023-08-06T15:57:51","guid":{"rendered":"https:\/\/evertonfc.cz\/?p=22292"},"modified":"2023-08-06T17:58:39","modified_gmt":"2023-08-06T15:58:39","slug":"everton-sporting-cp-10","status":"publish","type":"post","link":"https:\/\/evertonfc.cz\/index.php\/2023\/08\/06\/everton-sporting-cp-10\/","title":{"rendered":"Everton \u2013 Sporting CP 1:0"},"content":{"rendered":"<h4>Posledn\u00fd test pred za\u010diatkom ostrovn\u00e9ho marat\u00f3nu priniesol op\u00e4\u0165 \u010dist\u00e9 konto, relat\u00edvne pevn\u00fa obranu, dobre funguj\u00faci stred, no st\u00e1le m\u00e1rny \u00fatok. Bude to sta\u010di\u0165?<\/h4>\n<p>Srdce nejedn\u00e9ho fan\u00fa\u0161ika posko\u010dilo, ke\u010f vy\u0161lo najavo, \u017ee okrem z\u00e1pasu za zatvoren\u00fdmi dverami s Monzou, bol Calvert-Lewin schopn\u00fd nast\u00fapi\u0165 aj ofici\u00e1lnom priate\u013eskom meran\u00ed s\u00edl. Naopak, obo\u010die ost\u00e1va na\u010falej zdvihnut\u00e9 pri, zd\u00e1 sa novej s\u00e1ge, ktorou sa zrejme stane nevyhnutn\u00fd odchod Demaraia Graya do Fulhamu.<\/p>\n<p>Pohyb opa\u010dn\u00fdm smerom, ale z\u00a0t\u00e1bora portugalsk\u00e9ho oponenta v\u00a0pr\u00edprave, je u\u017e takmer dokonan\u00fd. Chermiti, ktor\u00fd sa do duelu nijako nezapojil, podst\u00fapi zajtra na Finch Farm zdravotn\u00fa prehliadku. Ak\u00e9 \u010d\u00edslo dresu asi tak dostane?<\/p>\n<p>Sobotn\u00ed absentuj\u00faci v\u00a0Goodison Parku boli st\u00e1le Coleman s\u00a0Allim, st\u00e1le sa zotavuj\u00faci zo svojich zranen\u00ed a\u00a0n\u00e1sledn\u00fdch oper\u00e1ci\u00ed. Gbamin ost\u00e1va nezvestn\u00fd. Sn\u00e1\u010f sa \u010doskoro dozvieme, kam sa kone\u010dne strat\u00ed natrvalo. \u010co najkrat\u0161\u00ed n\u00e1vrat v\u0161ak budeme pria\u0165 McNeilovi a\u00a0Danjumovi. Druh\u00fd menovan\u00fd by mal stihn\u00fa\u0165 Silvovu n\u00e1v\u0161tevu.<\/p>\n<h4><strong>Sean Dyche o\u00a0z\u00e1pase:<\/strong><\/h4>\n<blockquote><p><span style=\"font-size: 12pt;\"><em>\u201eE\u0161te ch\u00fdba nejak\u00e1 extra ostros\u0165, ale tieto z\u00e1pasy s\u00fa d\u00f4le\u017eit\u00e9. St\u00e1le to nie je to prav\u00e9, samozrejme, ale fantastick\u00e1 \u00fa\u010das\u0165 od Evertonians. \u010eakujeme im za to. Ke\u010f hr\u00e1me proti eur\u00f3pskym s\u00faperom, vieme, \u017ee s\u00fa ve\u013emi metodick\u00ed. Ve\u013emi technick\u00ed v zmysle dr\u017eania lopty, \u010do je dobr\u00e9. V Premier League je to podobn\u00e9. Niekedy mo\u017eno trochu pomal\u0161ie ako Premier League, ale viete, tak\u00fd pocit. Tak\u017ee va\u0161a forma je d\u00f4le\u017eit\u00e1, va\u0161e taktick\u00e9 pochopenie a potom to, ako rozbijete ich hru. Celkovo n\u00e1m to ob\u010das i\u0161lo. Nieko\u013ekokr\u00e1t sme trochu plytvali v prechode, v prvom pol\u010dase viac. V druhom pol\u010dase sme v\u0161ak boli o nie\u010do produkt\u00edvnej\u0161\u00ed a lep\u0161ie sme ich zvl\u00e1dli. Boli tam nejak\u00e9 dobr\u00e9 veci, ale nie sme naivn\u00ed, pokia\u013e ide o to, \u017ee Premier League je in\u00e1. Napriek tomu tieto hry pou\u017e\u00edvame rozumne.\u201c<\/em><\/span><\/p><\/blockquote>\n<p>Takmer 30-tis\u00edc \u013eud\u00ed na \u0161tadi\u00f3ne sledovalo celkom zauj\u00edmav\u00fd futbal. Sporting opl\u00fdval o\u010dak\u00e1vanou technickou kvalitou, dominoval hre, ale nevedel si vytvori\u0165 absol\u00fatne \u0161ance. I ke\u010f mo\u017eno kon\u0161tatova\u0165, \u017ee na Everton z minulej sez\u00f3ny pod Lampardom by to mohlo sta\u010di\u0165. Hr\u00e1\u010di v modro bielom sa v\u0161ak takisto pri p\u00e1r pr\u00edle\u017eitostiach nenechali zahanbi\u0165, ale nebolo to ni\u010d ohuruj\u00face. Okrem skvel\u00e9ho Onanu, ktor\u00fd \u0165ahal cel\u00fd t\u00edm.<\/p>\n<p>Nikto v\u0161ak nevedel zu\u017eitkova\u0165 po\u010detn\u00e9 rohy, \u010di priame kopy, ktor\u00e9 boli a\u017e pr\u00edli\u0161 \u010dasto laxne zahran\u00e9. Najv\u00e4\u010d\u0161ou \u0161ancou tak bola strela Doucour\u00e9ho. T\u00fa brank\u00e1r vyrazil pred seba, no bol dostato\u010dne r\u00fdchly aby sa vzchopil a\u00a0vysporiadal aj z\u00a0n\u00e1slednou dor\u00e1\u017ekou od DCL. Po pol\u010dase pri\u0161li striedania a\u00a0od Maupaya nikto ni\u010d ne\u010dakal.<\/p>\n<p>Onana trafil pri konci z\u00e1pasu ty\u010dku, ale o\u00a0ni\u010d \u010falej nebol ani s\u00faper, ktor\u00fd to sk\u00fa\u0161al omnoho \u010dastej\u0161ie. V\u0161etci d\u00fafaj\u00fa, \u017ee zranenie Tarkowskeho nebude ni\u010d v\u00e1\u017ene, a\u00a0\u017ee doteraj\u0161\u00edch \u0161es\u0165 z\u00e1pasov sta\u010dilo na to, aby sa kab\u00edna stmelila do jednoliateho celku, ktor\u00fd zvl\u00e1dne z\u00edska\u0165 za desa\u0165 mesiacov viac ako len 36 bodov&#8230;<\/p>\n<h4><strong>Sean Dyche o\u00a0DCL, mlad\u00edkoch a prestupoch:<\/strong><\/h4>\n<blockquote><p><span style=\"font-size: 12pt;\"><em>\u201eDom e\u0161te nie je celkom pripraven\u00fd. Mus\u00edme s n\u00edm by\u0165 opatrn\u00ed, ale tento t\u00fd\u017ede\u0148 hral dvakr\u00e1t 45 min\u00fat, \u010do je pote\u0161uj\u00face. Prv\u00e1 vec je pok\u00fasi\u0165 sa ho pripravi\u0165. O\u00a0zvy\u0161ok (\u010do sa t\u00fdka strie\u013eania g\u00f3lov) sa neboj\u00edm. M\u00e1 za sebou \u0165a\u017ek\u00e9 obdobie. Sna\u017e\u00edme sa, aby bol pripraven\u00fd a skuto\u010dne fit. Na to je na dobrej ceste. Toto je \u010fal\u0161\u00ed krok spr\u00e1vnym smerom. T\u00edm je vcelku mal\u00fd a st\u00e1le sme na trhu. Sna\u017e\u00edme sa z\u00edska\u0165 hr\u00e1\u010dov, ktor\u00ed n\u00e1s m\u00f4\u017eu posilni\u0165. Mlad\u00ed hr\u00e1\u010di v\u0161ak predviedli nieko\u013eko dobr\u00fdch predstaven\u00ed, najm\u00e4 Lewis Dobbin, ktor\u00fd si zasl\u00fa\u017ei skuto\u010dn\u00fa zmienku, preto\u017ee mal fantastick\u00fa predsez\u00f3nnu pr\u00edpravu. Je zrejm\u00e9, \u017ee Jarrad (Branthwaite) sa vracia po prekonan\u00ed zranenia. Pri\u0161iel a prisp\u00f4sobil sa tomu, \u010do rob\u00edme. T\u00edto dvaja, okrem in\u00fdch z mlad\u00fdch chalanov, si po\u010d\u00ednali dobre.\u201c<\/em><\/span><\/p><\/blockquote>\n<p style=\"text-align: right;\"><span style=\"font-size: 8pt;\">(fotozdroj: Chris Brunskill\/Fantasista\/Getty Images)<\/span><\/p>\n<p><strong>G\u00f3ly<\/strong>: 45+1\u00b4 Calvert-Lewin (pen)\u00a0 <strong>\u017dlt\u00e9 karty<\/strong>: 75\u00b4 Maupay, 78\u00b4 Onana<\/p>\n<p><strong>Everton FC<\/strong>: Pickford\u00a0\u2013 Patterson, Tarkowski (88&#8242; Keane), Godfrey (46&#8242; Branthwaite), Young (65&#8242; Mykolenko) \u00a0\u2013 Garner, Onana, Doucour\u00e9 (79&#8242; Gomes), Gana (74&#8242; Dobbin), Iwobi \u2013 Calvert-Lewin (46&#8242; Maupay)<\/p>\n<p><em>Nevyu\u017eit\u00ed n\u00e1hradn\u00edci: Virg\u00ednia, Lonergan, Hunt, Onyango\u00a0 <\/em><strong>Div\u00e1ci<\/strong>: 28 322<\/p>\n","protected":false},"excerpt":{"rendered":"<p>Posledn\u00fd test pred za\u010diatkom ostrovn\u00e9ho marat\u00f3nu priniesol op\u00e4\u0165 \u010dist\u00e9 konto, relat\u00edvne pevn\u00fa obranu, dobre funguj\u00faci stred, no st\u00e1le m\u00e1rny \u00fatok. Bude to sta\u010di\u0165?<\/p>\n","protected":false},"author":1,"featured_media":22293,"comment_status":"open","ping_status":"closed","sticky":false,"template":"","format":"standard","meta":{"_eb_attr":"","_monsterinsights_skip_tracking":false,"_monsterinsights_sitenote_active":false,"_monsterinsights_sitenote_note":"","_monsterinsights_sitenote_category":0,"footnotes":""},"categories":[4],"tags":[],"yoast_head":"<!-- This site is optimized with the Yoast SEO plugin v23.4 - https:\/\/yoast.com\/wordpress\/plugins\/seo\/ -->\n<title>Everton \u2013 Sporting CP 1:0 - Official Czech &amp; Slovak Everton Supporters&#039; Club<\/title>\n<meta name=\"robots\" content=\"index, follow, max-snippet:-1, max-image-preview:large, max-video-preview:-1\" \/>\n<link rel=\"canonical\" href=\"https:\/\/evertonfc.cz\/index.php\/2023\/08\/06\/everton-sporting-cp-10\/\" \/>\n<meta property=\"og:locale\" content=\"cs_CZ\" \/>\n<meta property=\"og:type\" content=\"article\" \/>\n<meta property=\"og:title\" content=\"Everton \u2013 Sporting CP 1:0 - Official Czech &amp; Slovak Everton Supporters&#039; Club\" \/>\n<meta property=\"og:description\" content=\"Posledn\u00fd test pred za\u010diatkom ostrovn\u00e9ho marat\u00f3nu priniesol op\u00e4\u0165 \u010dist\u00e9 konto, relat\u00edvne pevn\u00fa obranu, dobre funguj\u00faci stred, no st\u00e1le m\u00e1rny \u00fatok. Bude to sta\u010di\u0165?\" \/>\n<meta property=\"og:url\" content=\"https:\/\/evertonfc.cz\/index.php\/2023\/08\/06\/everton-sporting-cp-10\/\" \/>\n<meta property=\"og:site_name\" content=\"Official Czech &amp; Slovak Everton Supporters&#039; Club\" \/>\n<meta property=\"article:publisher\" content=\"https:\/\/www.facebook.com\/everton.fans.cz.sk\" \/>\n<meta property=\"article:published_time\" content=\"2023-08-06T15:57:51+00:00\" \/>\n<meta property=\"article:modified_time\" content=\"2023-08-06T15:58:39+00:00\" \/>\n<meta property=\"og:image\" content=\"https:\/\/evertonfc.cz\/wp-content\/uploads\/2023\/08\/Everton-1-0-Sporting-CP-by-Getty-Images-6-8-2023.jpg\" \/>\n\t<meta property=\"og:image:width\" content=\"720\" \/>\n\t<meta property=\"og:image:height\" content=\"405\" \/>\n\t<meta property=\"og:image:type\" content=\"image\/jpeg\" \/>\n<meta name=\"author\" content=\"BlueBlooded\" \/>\n<meta name=\"twitter:card\" content=\"summary_large_image\" \/>\n<meta name=\"twitter:label1\" content=\"Napsal(a)\" \/>\n\t<meta name=\"twitter:data1\" content=\"BlueBlooded\" \/>\n\t<meta name=\"twitter:label2\" content=\"Odhadovan\u00e1 doba \u010dten\u00ed\" \/>\n\t<meta name=\"twitter:data2\" content=\"3 minuty\" \/>\n<script type=\"application\/ld+json\" class=\"yoast-schema-graph\">{\"@context\":\"https:\/\/schema.org\",\"@graph\":[{\"@type\":\"Article\",\"@id\":\"https:\/\/evertonfc.cz\/index.php\/2023\/08\/06\/everton-sporting-cp-10\/#article\",\"isPartOf\":{\"@id\":\"https:\/\/evertonfc.cz\/index.php\/2023\/08\/06\/everton-sporting-cp-10\/\"},\"author\":{\"name\":\"BlueBlooded\",\"@id\":\"https:\/\/evertonfc.cz\/#\/schema\/person\/d4493b8cbea51532597fbc4685698916\"},\"headline\":\"Everton \u2013 Sporting CP 1:0\",\"datePublished\":\"2023-08-06T15:57:51+00:00\",\"dateModified\":\"2023-08-06T15:58:39+00:00\",\"mainEntityOfPage\":{\"@id\":\"https:\/\/evertonfc.cz\/index.php\/2023\/08\/06\/everton-sporting-cp-10\/\"},\"wordCount\":796,\"commentCount\":2,\"publisher\":{\"@id\":\"https:\/\/evertonfc.cz\/#organization\"},\"image\":{\"@id\":\"https:\/\/evertonfc.cz\/index.php\/2023\/08\/06\/everton-sporting-cp-10\/#primaryimage\"},\"thumbnailUrl\":\"https:\/\/evertonfc.cz\/wp-content\/uploads\/2023\/08\/Everton-1-0-Sporting-CP-by-Getty-Images-6-8-2023.jpg\",\"articleSection\":[\"Z\u00e1pasy\"],\"inLanguage\":\"cs\",\"potentialAction\":[{\"@type\":\"CommentAction\",\"name\":\"Comment\",\"target\":[\"https:\/\/evertonfc.cz\/index.php\/2023\/08\/06\/everton-sporting-cp-10\/#respond\"]}]},{\"@type\":\"WebPage\",\"@id\":\"https:\/\/evertonfc.cz\/index.php\/2023\/08\/06\/everton-sporting-cp-10\/\",\"url\":\"https:\/\/evertonfc.cz\/index.php\/2023\/08\/06\/everton-sporting-cp-10\/\",\"name\":\"Everton \u2013 Sporting CP 1:0 - Official Czech &amp; Slovak Everton Supporters&#039; Club\",\"isPartOf\":{\"@id\":\"https:\/\/evertonfc.cz\/#website\"},\"primaryImageOfPage\":{\"@id\":\"https:\/\/evertonfc.cz\/index.php\/2023\/08\/06\/everton-sporting-cp-10\/#primaryimage\"},\"image\":{\"@id\":\"https:\/\/evertonfc.cz\/index.php\/2023\/08\/06\/everton-sporting-cp-10\/#primaryimage\"},\"thumbnailUrl\":\"https:\/\/evertonfc.cz\/wp-content\/uploads\/2023\/08\/Everton-1-0-Sporting-CP-by-Getty-Images-6-8-2023.jpg\",\"datePublished\":\"2023-08-06T15:57:51+00:00\",\"dateModified\":\"2023-08-06T15:58:39+00:00\",\"breadcrumb\":{\"@id\":\"https:\/\/evertonfc.cz\/index.php\/2023\/08\/06\/everton-sporting-cp-10\/#breadcrumb\"},\"inLanguage\":\"cs\",\"potentialAction\":[{\"@type\":\"ReadAction\",\"target\":[\"https:\/\/evertonfc.cz\/index.php\/2023\/08\/06\/everton-sporting-cp-10\/\"]}]},{\"@type\":\"ImageObject\",\"inLanguage\":\"cs\",\"@id\":\"https:\/\/evertonfc.cz\/index.php\/2023\/08\/06\/everton-sporting-cp-10\/#primaryimage\",\"url\":\"https:\/\/evertonfc.cz\/wp-content\/uploads\/2023\/08\/Everton-1-0-Sporting-CP-by-Getty-Images-6-8-2023.jpg\",\"contentUrl\":\"https:\/\/evertonfc.cz\/wp-content\/uploads\/2023\/08\/Everton-1-0-Sporting-CP-by-Getty-Images-6-8-2023.jpg\",\"width\":720,\"height\":405},{\"@type\":\"BreadcrumbList\",\"@id\":\"https:\/\/evertonfc.cz\/index.php\/2023\/08\/06\/everton-sporting-cp-10\/#breadcrumb\",\"itemListElement\":[{\"@type\":\"ListItem\",\"position\":1,\"name\":\"Home\",\"item\":\"https:\/\/evertonfc.cz\/\"},{\"@type\":\"ListItem\",\"position\":2,\"name\":\"Everton \u2013 Sporting CP 1:0\"}]},{\"@type\":\"WebSite\",\"@id\":\"https:\/\/evertonfc.cz\/#website\",\"url\":\"https:\/\/evertonfc.cz\/\",\"name\":\"Official Czech &amp; Slovak Everton Supporters&#039; Club\",\"description\":\"\",\"publisher\":{\"@id\":\"https:\/\/evertonfc.cz\/#organization\"},\"potentialAction\":[{\"@type\":\"SearchAction\",\"target\":{\"@type\":\"EntryPoint\",\"urlTemplate\":\"https:\/\/evertonfc.cz\/?s={search_term_string}\"},\"query-input\":{\"@type\":\"PropertyValueSpecification\",\"valueRequired\":true,\"valueName\":\"search_term_string\"}}],\"inLanguage\":\"cs\"},{\"@type\":\"Organization\",\"@id\":\"https:\/\/evertonfc.cz\/#organization\",\"name\":\"Official Czech & Slovak Everton Supporters' Club\",\"url\":\"https:\/\/evertonfc.cz\/\",\"logo\":{\"@type\":\"ImageObject\",\"inLanguage\":\"cs\",\"@id\":\"https:\/\/evertonfc.cz\/#\/schema\/logo\/image\/\",\"url\":\"https:\/\/evertonfc.cz\/wp-content\/uploads\/2019\/05\/logo.png\",\"contentUrl\":\"https:\/\/evertonfc.cz\/wp-content\/uploads\/2019\/05\/logo.png\",\"width\":112,\"height\":112,\"caption\":\"Official Czech & Slovak Everton Supporters' Club\"},\"image\":{\"@id\":\"https:\/\/evertonfc.cz\/#\/schema\/logo\/image\/\"},\"sameAs\":[\"https:\/\/www.facebook.com\/everton.fans.cz.sk\"]},{\"@type\":\"Person\",\"@id\":\"https:\/\/evertonfc.cz\/#\/schema\/person\/d4493b8cbea51532597fbc4685698916\",\"name\":\"BlueBlooded\",\"url\":\"https:\/\/evertonfc.cz\/index.php\/author\/admin\/\"}]}<\/script>\n<!-- \/ Yoast SEO plugin. -->","yoast_head_json":{"title":"Everton \u2013 Sporting CP 1:0 - Official Czech &amp; Slovak Everton Supporters&#039; Club","robots":{"index":"index","follow":"follow","max-snippet":"max-snippet:-1","max-image-preview":"max-image-preview:large","max-video-preview":"max-video-preview:-1"},"canonical":"https:\/\/evertonfc.cz\/index.php\/2023\/08\/06\/everton-sporting-cp-10\/","og_locale":"cs_CZ","og_type":"article","og_title":"Everton \u2013 Sporting CP 1:0 - Official Czech &amp; Slovak Everton Supporters&#039; Club","og_description":"Posledn\u00fd test pred za\u010diatkom ostrovn\u00e9ho marat\u00f3nu priniesol op\u00e4\u0165 \u010dist\u00e9 konto, relat\u00edvne pevn\u00fa obranu, dobre funguj\u00faci stred, no st\u00e1le m\u00e1rny \u00fatok. Bude to sta\u010di\u0165?","og_url":"https:\/\/evertonfc.cz\/index.php\/2023\/08\/06\/everton-sporting-cp-10\/","og_site_name":"Official Czech &amp; Slovak Everton Supporters&#039; Club","article_publisher":"https:\/\/www.facebook.com\/everton.fans.cz.sk","article_published_time":"2023-08-06T15:57:51+00:00","article_modified_time":"2023-08-06T15:58:39+00:00","og_image":[{"width":720,"height":405,"url":"https:\/\/evertonfc.cz\/wp-content\/uploads\/2023\/08\/Everton-1-0-Sporting-CP-by-Getty-Images-6-8-2023.jpg","type":"image\/jpeg"}],"author":"BlueBlooded","twitter_card":"summary_large_image","twitter_misc":{"Napsal(a)":"BlueBlooded","Odhadovan\u00e1 doba \u010dten\u00ed":"3 minuty"},"schema":{"@context":"https:\/\/schema.org","@graph":[{"@type":"Article","@id":"https:\/\/evertonfc.cz\/index.php\/2023\/08\/06\/everton-sporting-cp-10\/#article","isPartOf":{"@id":"https:\/\/evertonfc.cz\/index.php\/2023\/08\/06\/everton-sporting-cp-10\/"},"author":{"name":"BlueBlooded","@id":"https:\/\/evertonfc.cz\/#\/schema\/person\/d4493b8cbea51532597fbc4685698916"},"headline":"Everton \u2013 Sporting CP 1:0","datePublished":"2023-08-06T15:57:51+00:00","dateModified":"2023-08-06T15:58:39+00:00","mainEntityOfPage":{"@id":"https:\/\/evertonfc.cz\/index.php\/2023\/08\/06\/everton-sporting-cp-10\/"},"wordCount":796,"commentCount":2,"publisher":{"@id":"https:\/\/evertonfc.cz\/#organization"},"image":{"@id":"https:\/\/evertonfc.cz\/index.php\/2023\/08\/06\/everton-sporting-cp-10\/#primaryimage"},"thumbnailUrl":"https:\/\/evertonfc.cz\/wp-content\/uploads\/2023\/08\/Everton-1-0-Sporting-CP-by-Getty-Images-6-8-2023.jpg","articleSection":["Z\u00e1pasy"],"inLanguage":"cs","potentialAction":[{"@type":"CommentAction","name":"Comment","target":["https:\/\/evertonfc.cz\/index.php\/2023\/08\/06\/everton-sporting-cp-10\/#respond"]}]},{"@type":"WebPage","@id":"https:\/\/evertonfc.cz\/index.php\/2023\/08\/06\/everton-sporting-cp-10\/","url":"https:\/\/evertonfc.cz\/index.php\/2023\/08\/06\/everton-sporting-cp-10\/","name":"Everton \u2013 Sporting CP 1:0 - Official Czech &amp; Slovak Everton Supporters&#039; Club","isPartOf":{"@id":"https:\/\/evertonfc.cz\/#website"},"primaryImageOfPage":{"@id":"https:\/\/evertonfc.cz\/index.php\/2023\/08\/06\/everton-sporting-cp-10\/#primaryimage"},"image":{"@id":"https:\/\/evertonfc.cz\/index.php\/2023\/08\/06\/everton-sporting-cp-10\/#primaryimage"},"thumbnailUrl":"https:\/\/evertonfc.cz\/wp-content\/uploads\/2023\/08\/Everton-1-0-Sporting-CP-by-Getty-Images-6-8-2023.jpg","datePublished":"2023-08-06T15:57:51+00:00","dateModified":"2023-08-06T15:58:39+00:00","breadcrumb":{"@id":"https:\/\/evertonfc.cz\/index.php\/2023\/08\/06\/everton-sporting-cp-10\/#breadcrumb"},"inLanguage":"cs","potentialAction":[{"@type":"ReadAction","target":["https:\/\/evertonfc.cz\/index.php\/2023\/08\/06\/everton-sporting-cp-10\/"]}]},{"@type":"ImageObject","inLanguage":"cs","@id":"https:\/\/evertonfc.cz\/index.php\/2023\/08\/06\/everton-sporting-cp-10\/#primaryimage","url":"https:\/\/evertonfc.cz\/wp-content\/uploads\/2023\/08\/Everton-1-0-Sporting-CP-by-Getty-Images-6-8-2023.jpg","contentUrl":"https:\/\/evertonfc.cz\/wp-content\/uploads\/2023\/08\/Everton-1-0-Sporting-CP-by-Getty-Images-6-8-2023.jpg","width":720,"height":405},{"@type":"BreadcrumbList","@id":"https:\/\/evertonfc.cz\/index.php\/2023\/08\/06\/everton-sporting-cp-10\/#breadcrumb","itemListElement":[{"@type":"ListItem","position":1,"name":"Home","item":"https:\/\/evertonfc.cz\/"},{"@type":"ListItem","position":2,"name":"Everton \u2013 Sporting CP 1:0"}]},{"@type":"WebSite","@id":"https:\/\/evertonfc.cz\/#website","url":"https:\/\/evertonfc.cz\/","name":"Official Czech &amp; Slovak Everton Supporters&#039; Club","description":"","publisher":{"@id":"https:\/\/evertonfc.cz\/#organization"},"potentialAction":[{"@type":"SearchAction","target":{"@type":"EntryPoint","urlTemplate":"https:\/\/evertonfc.cz\/?s={search_term_string}"},"query-input":{"@type":"PropertyValueSpecification","valueRequired":true,"valueName":"search_term_string"}}],"inLanguage":"cs"},{"@type":"Organization","@id":"https:\/\/evertonfc.cz\/#organization","name":"Official Czech & Slovak Everton Supporters' Club","url":"https:\/\/evertonfc.cz\/","logo":{"@type":"ImageObject","inLanguage":"cs","@id":"https:\/\/evertonfc.cz\/#\/schema\/logo\/image\/","url":"https:\/\/evertonfc.cz\/wp-content\/uploads\/2019\/05\/logo.png","contentUrl":"https:\/\/evertonfc.cz\/wp-content\/uploads\/2019\/05\/logo.png","width":112,"height":112,"caption":"Official Czech & Slovak Everton Supporters' Club"},"image":{"@id":"https:\/\/evertonfc.cz\/#\/schema\/logo\/image\/"},"sameAs":["https:\/\/www.facebook.com\/everton.fans.cz.sk"]},{"@type":"Person","@id":"https:\/\/evertonfc.cz\/#\/schema\/person\/d4493b8cbea51532597fbc4685698916","name":"BlueBlooded","url":"https:\/\/evertonfc.cz\/index.php\/author\/admin\/"}]}},"_links":{"self":[{"href":"https:\/\/evertonfc.cz\/index.php\/wp-json\/wp\/v2\/posts\/22292"}],"collection":[{"href":"https:\/\/evertonfc.cz\/index.php\/wp-json\/wp\/v2\/posts"}],"about":[{"href":"https:\/\/evertonfc.cz\/index.php\/wp-json\/wp\/v2\/types\/post"}],"author":[{"embeddable":true,"href":"https:\/\/evertonfc.cz\/index.php\/wp-json\/wp\/v2\/users\/1"}],"replies":[{"embeddable":true,"href":"https:\/\/evertonfc.cz\/index.php\/wp-json\/wp\/v2\/comments?post=22292"}],"version-history":[{"count":3,"href":"https:\/\/evertonfc.cz\/index.php\/wp-json\/wp\/v2\/posts\/22292\/revisions"}],"predecessor-version":[{"id":22296,"href":"https:\/\/evertonfc.cz\/index.php\/wp-json\/wp\/v2\/posts\/22292\/revisions\/22296"}],"wp:featuredmedia":[{"embeddable":true,"href":"https:\/\/evertonfc.cz\/index.php\/wp-json\/wp\/v2\/media\/22293"}],"wp:attachment":[{"href":"https:\/\/evertonfc.cz\/index.php\/wp-json\/wp\/v2\/media?parent=22292"}],"wp:term":[{"taxonomy":"category","embeddable":true,"href":"https:\/\/evertonfc.cz\/index.php\/wp-json\/wp\/v2\/categories?post=22292"},{"taxonomy":"post_tag","embeddable":true,"href":"https:\/\/evertonfc.cz\/index.php\/wp-json\/wp\/v2\/tags?post=22292"}],"curies":[{"name":"wp","href":"https:\/\/api.w.org\/{rel}","templated":true}]}}