{"id":22313,"date":"2023-08-09T14:03:29","date_gmt":"2023-08-09T12:03:29","guid":{"rendered":"https:\/\/evertonfc.cz\/?p=22313"},"modified":"2023-10-08T15:42:06","modified_gmt":"2023-10-08T13:42:06","slug":"zhodnoceni-sezony-2022-23","status":"publish","type":"post","link":"https:\/\/evertonfc.cz\/index.php\/2023\/08\/09\/zhodnoceni-sezony-2022-23\/","title":{"rendered":"Zhodnocen\u00ed sez\u00f3ny 2022\/23"},"content":{"rendered":"<h4>Neradi vzpom\u00edn\u00e1me na nep\u0159\u00edjemn\u00e9, aspo\u0148 jednou se to ale ud\u011blat mus\u00ed. Dali jsme si odstup, i \u010dasov\u00fd, a nechali rozj\u00edmat jin\u00e9. Tak a\u0165 to m\u00e1me rychle za sebou.<\/h4>\n<p><em>Ot\u00e1zky jsme kladli koleg\u016fm fanou\u0161k\u016fm z fanklubu &#8211; Wendovi a spidourovi, kte\u0159\u00ed se je\u0161t\u011b na\u0161eho v\u00fdslechu nez\u00fa\u010dastnili. D\u011bkuji ob\u011bma za n\u00e1mahu a up\u0159\u00edmnost. <span style=\"color: #ff0000;\">VAROV\u00c1N\u00cd: N\u00e1sleduje dlouh\u00e9 \u010dten\u00ed! #wednesdaylongread<\/span><\/em><\/p>\n<hr \/>\n<p><em>Dal\u0161\u00ed sez\u00f3na je za n\u00e1mi. A jsme, mysl\u00edm si, v\u0161ichni zatracen\u011b r\u00e1di, \u017ee to m\u00e1me za sebou. Navzdory stavu, ve kter\u00e9m se klub n\u011bjak\u00fd \u010das nach\u00e1z\u00ed, se poda\u0159ilo naj\u00edt 3 hor\u0161\u00ed ligisty. Nebudeme si ale nic nalh\u00e1vat, s takov\u00fdm pr\u016fb\u011bhem se dalo po\u010d\u00edtat. Pocity existenci\u00e1ln\u00ed krize dost mo\u017en\u00e1 za\u017e\u00edval v pr\u016fb\u011bhu sez\u00f3ny asi ka\u017ed\u00fd Evertonian. Byl to konstantn\u00ed dojem, na z\u00e1klad\u011b nap\u0159. hern\u00edho projevu, nebo se stup\u0148oval, jak se bl\u00ed\u017eilo rozuzlen\u00ed?<\/em><\/p>\n<p><em>V r\u00e1mci leto\u0161n\u00edho shrnut\u00ed sez\u00f3ny bych cht\u011bl \u010d\u00e1ste\u010dn\u011b zmapovat v\u00fdvoj tohoto destruk\u010dn\u00edho dopadu, kter\u00fd na n\u00e1s tato\u00a0 z\u00e1liba cht\u011b necht\u011b m\u00e1. Proto chci poprosit, zda by bylo mo\u017en\u00e9 ke ka\u017ed\u00e9 ot\u00e1zce uv\u00e9st sv\u016fj subjektivn\u00ed pocit v dan\u00e9m obdob\u00ed s vyhl\u00eddkami na z\u00e1chranu a t\u0159eba je doplnit kr\u00e1tk\u00fdm koment\u00e1\u0159e<\/em><em>m. Pro sjednocen\u00ed bych asi pou\u017eil \u0161koln\u00ed \u0161k\u00e1lu, kde 1 je v\u00edra v komfortn\u00ed z\u00e1chranu, naopak 5 se rovn\u00e1 pocitu bezmoci z nevyhnuteln\u00e9ho p\u00e1du. Nenechte se, pros\u00edm, nijak ovlivnit snad trochu sugestivn\u00edmi ot\u00e1zkami.<\/em><\/p>\n\n\t\t<style type=\"text\/css\">\n\t\t\t#gallery-1 {\n\t\t\t\tmargin: auto;\n\t\t\t}\n\t\t\t#gallery-1 .gallery-item {\n\t\t\t\tfloat: left;\n\t\t\t\tmargin-top: 10px;\n\t\t\t\ttext-align: center;\n\t\t\t\twidth: 50%;\n\t\t\t}\n\t\t\t#gallery-1 img {\n\t\t\t\tborder: 2px solid #cfcfcf;\n\t\t\t}\n\t\t\t#gallery-1 .gallery-caption {\n\t\t\t\tmargin-left: 0;\n\t\t\t}\n\t\t\t\/* see gallery_shortcode() in wp-includes\/media.php *\/\n\t\t<\/style>\n\t\t<div id='gallery-1' class='gallery galleryid-22313 gallery-columns-2 gallery-size-full'><dl class='gallery-item'>\n\t\t\t<dt class='gallery-icon landscape'>\n\t\t\t\t<a href='https:\/\/evertonfc.cz\/mcneil-by-evertonfc-com-28-7-2022\/'><img loading=\"lazy\" decoding=\"async\" width=\"720\" height=\"405\" src=\"https:\/\/evertonfc.cz\/wp-content\/uploads\/2022\/07\/McNeil-by-evertonfc.com-28-7-2022.jpg\" class=\"attachment-full size-full\" alt=\"\" srcset=\"https:\/\/evertonfc.cz\/wp-content\/uploads\/2022\/07\/McNeil-by-evertonfc.com-28-7-2022.jpg 720w, https:\/\/evertonfc.cz\/wp-content\/uploads\/2022\/07\/McNeil-by-evertonfc.com-28-7-2022-300x169.jpg 300w\" sizes=\"(max-width: 720px) 100vw, 720px\" \/><\/a>\n\t\t\t<\/dt><\/dl><dl class='gallery-item'>\n\t\t\t<dt class='gallery-icon landscape'>\n\t\t\t\t<a href='https:\/\/evertonfc.cz\/neal_maupay_25_8_2022\/'><img loading=\"lazy\" decoding=\"async\" width=\"720\" height=\"405\" src=\"https:\/\/evertonfc.cz\/wp-content\/uploads\/2022\/08\/neal_maupay_25_8_2022.jpg\" class=\"attachment-full size-full\" alt=\"\" srcset=\"https:\/\/evertonfc.cz\/wp-content\/uploads\/2022\/08\/neal_maupay_25_8_2022.jpg 720w, https:\/\/evertonfc.cz\/wp-content\/uploads\/2022\/08\/neal_maupay_25_8_2022-300x169.jpg 300w\" sizes=\"(max-width: 720px) 100vw, 720px\" \/><\/a>\n\t\t\t<\/dt><\/dl><br style=\"clear: both\" \/>\n\t\t<\/div>\n\n<h4><span style=\"font-size: 12pt;\">Vra\u0165me se tedy do lo\u0148sk\u00e9ho l\u00e9ta. Frank Lampard je\u0161t\u011b pln sebev\u00edry p\u0159iv\u00edtal po kr\u00e1tk\u00fdch pr\u00e1zdnin\u00e1ch t\u00fdm u\u017e bez asi nejv\u011bt\u0161\u00ed hv\u011bzdy Richarlisona. V p\u0159\u00edprav\u011b byl k vid\u011bn\u00ed v\u00fdprask od Minnesoty. Ale postupn\u011b se t\u00fdm rozr\u016fstal, i posily, v prvn\u00ed vln\u011b Tarkowski, McNeil, Coady a Vinagre. Jak jsi tyhle zm\u011bny vn\u00edmal?<\/span><\/h4>\n<p><strong>Wendo:\u00a0<\/strong><span class=\"im\"><em><span style=\"color: #ff0000;\">Subjekt\u00edvny pocit = <strong>4<\/strong><\/span><\/em><\/span><\/p>\n<p>Na margo odchodu Richarlisona som \u010dakal, \u017ee za\u010dneme lovi\u0165 po n\u00e1hrade v ofenz\u00edve. Pri\u0161li dvaja stop\u00e9ri, obranca<br \/>\na z\u00e1lo\u017en\u00edk. Sklamanie.<\/p>\n<p><strong>spidour:\u00a0<\/strong><span class=\"im\"><em><span style=\"color: #ff0000;\">Subjektivn\u00ed pocit = <strong>2<\/strong><\/span><\/em><\/span><\/p>\n<p>Na Tarkiho jsem se t\u011b\u0161il, na\u0161e obrana m\u011b teda optimismem nenapl\u0148ovala a jeho jsem vn\u00edmal jako ten z\u00e1kladn\u00ed stavebn\u00ed k\u00e1men defenz\u00edvy, statistiky zblokovan\u00fdch st\u0159el hovo\u0159ily za v\u0161e. <span class=\"im\">McNeilla jsem neznal a, te\u010f bych si m\u011bl nafackovat, nic jsem od n\u011bj ne\u010dekal a je\u0161t\u011b si nav\u00edc myslel, \u017ee je mu asi 28 (facepalm), no jo no, to m\u00e1m za to. To, jak jsem mu v\u011b\u0159il uk\u00e1zala i m\u00e1 s\u00e1zka o 3 piva s Ri\u010dim, kdo na tom bude bodov\u011b l\u00e9pe, jestli on, nebo Gray. Prohr\u00e1l jsem celkem jasn\u011b.<br \/>\nU Coadyho jsem si \u0159\u00edkal, \u017ee OK, ale pro\u010d dal\u0161\u00ed stoper? M\u00e1me p\u0159ece Minu, sice sklen\u011bnka, ale OK. Holgate a Godfrey, to by p\u0159ece m\u011blo sta\u010dit. Ano, Keanea jsem vy\u0159adil, jeho chyby mi zp\u016fsobovaly \u0161patnou n\u00e1ladu. Vinagre se mi l\u00edbil<br \/>\nv p\u0159\u00e1tel\u00e1c\u00edch, super technika, a \u0159\u00edkal jsem si, \u017ee by mohl alternovat m\u00edsto Mykolenka, kdy\u017e bude zran\u011bnej nebo budeme pot\u0159ebovat v\u00edc kreativity a ne jenom pilovat lajnu\u2026 Dote\u010f nev\u00edm, pro\u010d nedostal po\u0159\u00e1dnou \u0161anci a p\u0159ijde mi to \u0161koda.<\/span><\/p>\n\n\t\t<style type=\"text\/css\">\n\t\t\t#gallery-2 {\n\t\t\t\tmargin: auto;\n\t\t\t}\n\t\t\t#gallery-2 .gallery-item {\n\t\t\t\tfloat: left;\n\t\t\t\tmargin-top: 10px;\n\t\t\t\ttext-align: center;\n\t\t\t\twidth: 50%;\n\t\t\t}\n\t\t\t#gallery-2 img {\n\t\t\t\tborder: 2px solid #cfcfcf;\n\t\t\t}\n\t\t\t#gallery-2 .gallery-caption {\n\t\t\t\tmargin-left: 0;\n\t\t\t}\n\t\t\t\/* see gallery_shortcode() in wp-includes\/media.php *\/\n\t\t<\/style>\n\t\t<div id='gallery-2' class='gallery galleryid-22313 gallery-columns-2 gallery-size-full'><dl class='gallery-item'>\n\t\t\t<dt class='gallery-icon landscape'>\n\t\t\t\t<a href='https:\/\/evertonfc.cz\/everton-vs-chelsea-0-1-by-efc-com-6-8-2022\/'><img loading=\"lazy\" decoding=\"async\" width=\"720\" height=\"405\" src=\"https:\/\/evertonfc.cz\/wp-content\/uploads\/2022\/08\/Everton-vs-Chelsea-0-1-by-efc.com-6-8-2022.jpg\" class=\"attachment-full size-full\" alt=\"\" srcset=\"https:\/\/evertonfc.cz\/wp-content\/uploads\/2022\/08\/Everton-vs-Chelsea-0-1-by-efc.com-6-8-2022.jpg 720w, https:\/\/evertonfc.cz\/wp-content\/uploads\/2022\/08\/Everton-vs-Chelsea-0-1-by-efc.com-6-8-2022-300x169.jpg 300w\" sizes=\"(max-width: 720px) 100vw, 720px\" \/><\/a>\n\t\t\t<\/dt><\/dl><dl class='gallery-item'>\n\t\t\t<dt class='gallery-icon landscape'>\n\t\t\t\t<a href='https:\/\/evertonfc.cz\/everton-vs-liverpool-by-sky-sports-3-9-2022\/'><img loading=\"lazy\" decoding=\"async\" width=\"720\" height=\"405\" src=\"https:\/\/evertonfc.cz\/wp-content\/uploads\/2022\/09\/Everton-vs-Liverpool-by-Sky-Sports-3-9-2022.jpg\" class=\"attachment-full size-full\" alt=\"\" srcset=\"https:\/\/evertonfc.cz\/wp-content\/uploads\/2022\/09\/Everton-vs-Liverpool-by-Sky-Sports-3-9-2022.jpg 720w, https:\/\/evertonfc.cz\/wp-content\/uploads\/2022\/09\/Everton-vs-Liverpool-by-Sky-Sports-3-9-2022-300x169.jpg 300w\" sizes=\"(max-width: 720px) 100vw, 720px\" \/><\/a>\n\t\t\t<\/dt><\/dl><br style=\"clear: both\" \/>\n\t\t<\/div>\n\n<h4><span style=\"font-size: 12pt;\">Start ro\u010dn\u00edku napov\u00eddal o mo\u017enostech t\u00fdmu \u2013 6 kol bez v\u00fdhry, n\u011bkter\u00e9 v\u00fdkony slab\u0161\u00ed, jin\u00e9 obstojn\u00e9. Na konci p\u0159estupn\u00edho okna dorazil kvartet Garner, Maupay, Gana, Onana, na pap\u00ed\u0159e to nevypadalo zle. A kdy\u017e p\u0159id\u00e1m 2 z\u00e1\u0159ijov\u00e9 v\u00fdhry (WHU, SOT), jeden by se za\u010dal skoro radovat.<\/span><\/h4>\n<p><strong>Wendo:\u00a0<\/strong><span class=\"im\"><em><span style=\"color: #ff0000;\">Subjekt\u00edvny pocit = <strong>4<\/strong><\/span><\/em><\/span><\/p>\n<p>\u00c1no, nevyzeralo to zle, ale ani moc optimisticky s nami. St\u00e1le tam bol zdvihnut\u00fd ukazov\u00e1k, nako\u013eko Garner, Onana boli neodsk\u00fa\u0161an\u00fd v PL, Maupay lepil asi nejak\u00fa dieru v ofenz\u00edve, Gana bol skvel\u00fd u n\u00e1s, no v PSG zohrieval lavi\u010dku a tie\u017e sa potreboval rozohra\u0165. V\u0161etci sa museli zapracova\u0165 do syst\u00e9mu, ktor\u00fd sme chceli hra\u0165. A to sa ned\u00e1 zo d\u0148a na de\u0148. St\u00e1le som bol v ag\u00f3nii.<\/p>\n<p><strong>spidour:\u00a0<\/strong><span class=\"im\"><em><span style=\"color: #ff0000;\">Subjektivn\u00ed pocit = <\/span><\/em><em><span style=\"color: #ff0000;\"><strong>2<\/strong><\/span><\/em><\/span><\/p>\n<p>Od za\u010d\u00e1tku jsem koukal jenom na to, abychom byli nad \u010darou ponoru, v\u00edc jsem neo\u010dek\u00e1val a pomal\u00e9 sb\u00edr\u00e1n\u00ed bod\u016f mi p\u0159i\u0161lo OK, pokud bychom se p\u0159ehoupli p\u0159es 1 bod na z\u00e1pas. Tak\u017ee jsem byl celkem pozitivn\u00ed. K posil\u00e1m &#8211; <span class=\"im\">Garnera jsem bral jako mlad\u00fd prospekt, povedlo se mu to v Champu za Forest, tak jsme vsadili na budoucnost, \u017ee z n\u011bj bude hv\u011bzda. Zlep\u0161uje se, tak\u017ee super. Maupay uk\u00e1zal hned od za\u010d\u00e1tku, \u017ee p\u0159i\u0161el zhruba v podobn\u00e9 kondici a form\u011b, jako na\u0161e, na\u0161t\u011bst\u00ed u\u017e b\u00fdval\u00e1, venezuelsk\u00e1 posila Rond\u00f3n. To bylo to sam\u00e9, tak\u017ee jsem v\u017edy dr\u017eel smutek, pokud m\u011bl dostat n\u011bjak\u00e9 minuty. No proti WHU m\u011bl sv\u016fj hv\u011bzdn\u00fd moment sez\u00f3ny. Od t\u00e9 doby jsem si jen \u0159\u00edkal, komu na h\u0159i\u0161ti jednu vraz\u00ed. Alespo\u0148 faktor toho, \u017ee se dostal soupe\u0159\u016fm pod k\u016f\u017ei b\u011bhem p\u00e1r minut, oce\u0148uju. Gana odv\u00e1d\u00ed svoje a vylo\u017een\u011b mi jeho n\u00e1vrat ud\u011blal radost, jenom jsem si dob\u0159e pamatoval jeho minely, ne\u017e odch\u00e1zel. Tak jsem si \u0159\u00edkal, OK, hlavn\u011b bez nich. Onana je skv\u011bl\u00fd n\u00e1kup. Pavouk, co kdy\u017e nat\u00e1hne ty svoje nohy, tak kr\u00e1sn\u011b odebere bal\u00f3n a je\u0161t\u011b zasprintuje dop\u0159edu. Skv\u011blej kluk na 8, kter\u00e9ho pot\u0159ebujeme. Jednou bude hv\u011bzda PL.<\/span><\/p>\n\n\t\t<style type=\"text\/css\">\n\t\t\t#gallery-3 {\n\t\t\t\tmargin: auto;\n\t\t\t}\n\t\t\t#gallery-3 .gallery-item {\n\t\t\t\tfloat: left;\n\t\t\t\tmargin-top: 10px;\n\t\t\t\ttext-align: center;\n\t\t\t\twidth: 50%;\n\t\t\t}\n\t\t\t#gallery-3 img {\n\t\t\t\tborder: 2px solid #cfcfcf;\n\t\t\t}\n\t\t\t#gallery-3 .gallery-caption {\n\t\t\t\tmargin-left: 0;\n\t\t\t}\n\t\t\t\/* see gallery_shortcode() in wp-includes\/media.php *\/\n\t\t<\/style>\n\t\t<div id='gallery-3' class='gallery galleryid-22313 gallery-columns-2 gallery-size-full'><dl class='gallery-item'>\n\t\t\t<dt class='gallery-icon landscape'>\n\t\t\t\t<a href='https:\/\/evertonfc.cz\/everton-vs-west-ham-by-premier-league-19-9-2022\/'><img loading=\"lazy\" decoding=\"async\" width=\"720\" height=\"405\" src=\"https:\/\/evertonfc.cz\/wp-content\/uploads\/2022\/09\/Everton-vs-West-Ham-by-Premier-League-19-9-2022.jpg\" class=\"attachment-full size-full\" alt=\"\" srcset=\"https:\/\/evertonfc.cz\/wp-content\/uploads\/2022\/09\/Everton-vs-West-Ham-by-Premier-League-19-9-2022.jpg 720w, https:\/\/evertonfc.cz\/wp-content\/uploads\/2022\/09\/Everton-vs-West-Ham-by-Premier-League-19-9-2022-300x169.jpg 300w\" sizes=\"(max-width: 720px) 100vw, 720px\" \/><\/a>\n\t\t\t<\/dt><\/dl><dl class='gallery-item'>\n\t\t\t<dt class='gallery-icon landscape'>\n\t\t\t\t<a href='https:\/\/evertonfc.cz\/mcneil_at_stmarys\/'><img loading=\"lazy\" decoding=\"async\" width=\"720\" height=\"405\" src=\"https:\/\/evertonfc.cz\/wp-content\/uploads\/2022\/10\/mcneil_at_stmarys.jpg\" class=\"attachment-full size-full\" alt=\"\" srcset=\"https:\/\/evertonfc.cz\/wp-content\/uploads\/2022\/10\/mcneil_at_stmarys.jpg 720w, https:\/\/evertonfc.cz\/wp-content\/uploads\/2022\/10\/mcneil_at_stmarys-300x169.jpg 300w\" sizes=\"(max-width: 720px) 100vw, 720px\" \/><\/a>\n\t\t\t<\/dt><\/dl><br style=\"clear: both\" \/>\n\t\t<\/div>\n\n<h4><span style=\"font-size: 12pt;\">Jen\u017ee ouha, podzim se n\u00e1m pokazil, 3 prohry se siln\u00fdmi soupe\u0159i zastavila v\u00fdhra proti Palace, n\u00e1sledovalo ale op\u011bt slab\u0161\u00ed obdob\u00ed korunovan\u00e9 dvojitou prohrou s Cherries. Lamaparda zastihlo MS bez odpov\u011bdi na krizi. Jak\u00fd m\u011blo vlastn\u011b MS dopad a jak Everton s pauzou nalo\u017eil?<\/span><\/h4>\n<p><strong>Wendo: <\/strong><span class=\"im\"><em><span style=\"color: #ff0000;\">Subjekt\u00edvny pocit = <strong>5<\/strong><\/span><\/em><\/span><\/p>\n<p>Pr\u00e1ve to bol n\u00e1sledok nezohratosti a po\u010das ligy sa ned\u00e1 u\u010di\u0165 syst\u00e9m. Veril som, \u017ee po\u010das MS sa mu\u017estvo zomkne a doladia sa detaily oh\u013eadom syst\u00e9mu, \u010do chceme hra\u0165. No opak bol pravdou&#8230; Katastrofa.<\/p>\n<p><strong>spidour:\u00a0<\/strong><span class=\"im\"><em><span style=\"color: #ff0000;\">Subjektivn\u00ed pocit = <\/span><\/em><\/span><strong><span style=\"color: #ff0000;\"><em>4<\/em><\/span><\/strong><\/p>\n<p>MS takhle vlo\u017een\u00e9 do sez\u00f3ny je vra\u017eda, ale prachy Kata\u0159an\u016f nesmrd\u00ed, i kdy\u017e mus\u00edm uznat, \u017ee se jim MS povedlo. Na n\u00e1s to nem\u011blo v\u016fbec \u017e\u00e1dn\u00fd vliv, bohu\u017eel. U\u017e proti Cherries jsme hr\u00e1li tragicky a jenom jsme v tom pokra\u010dovali. Ka\u017ed\u00fd t\u00fdden jsem \u010dekal, \u017ee Franka sacknou, ka\u017ed\u00fd t\u00fdden jsem byl zklam\u00e1n, \u017ee ne.<\/p>\n\n\t\t<style type=\"text\/css\">\n\t\t\t#gallery-4 {\n\t\t\t\tmargin: auto;\n\t\t\t}\n\t\t\t#gallery-4 .gallery-item {\n\t\t\t\tfloat: left;\n\t\t\t\tmargin-top: 10px;\n\t\t\t\ttext-align: center;\n\t\t\t\twidth: 50%;\n\t\t\t}\n\t\t\t#gallery-4 img {\n\t\t\t\tborder: 2px solid #cfcfcf;\n\t\t\t}\n\t\t\t#gallery-4 .gallery-caption {\n\t\t\t\tmargin-left: 0;\n\t\t\t}\n\t\t\t\/* see gallery_shortcode() in wp-includes\/media.php *\/\n\t\t<\/style>\n\t\t<div id='gallery-4' class='gallery galleryid-22313 gallery-columns-2 gallery-size-full'><dl class='gallery-item'>\n\t\t\t<dt class='gallery-icon landscape'>\n\t\t\t\t<a href='https:\/\/evertonfc.cz\/bournemouth-3-0-everton-12-11-2022\/'><img loading=\"lazy\" decoding=\"async\" width=\"720\" height=\"405\" src=\"https:\/\/evertonfc.cz\/wp-content\/uploads\/2022\/11\/Bournemouth-3-0-Everton-12-11-2022.jpg\" class=\"attachment-full size-full\" alt=\"\" srcset=\"https:\/\/evertonfc.cz\/wp-content\/uploads\/2022\/11\/Bournemouth-3-0-Everton-12-11-2022.jpg 720w, https:\/\/evertonfc.cz\/wp-content\/uploads\/2022\/11\/Bournemouth-3-0-Everton-12-11-2022-300x169.jpg 300w\" sizes=\"(max-width: 720px) 100vw, 720px\" \/><\/a>\n\t\t\t<\/dt><\/dl><dl class='gallery-item'>\n\t\t\t<dt class='gallery-icon landscape'>\n\t\t\t\t<a href='https:\/\/evertonfc.cz\/lampard_8_11_2022\/'><img loading=\"lazy\" decoding=\"async\" width=\"720\" height=\"405\" src=\"https:\/\/evertonfc.cz\/wp-content\/uploads\/2022\/11\/lampard_8_11_2022.jpg\" class=\"attachment-full size-full\" alt=\"\" srcset=\"https:\/\/evertonfc.cz\/wp-content\/uploads\/2022\/11\/lampard_8_11_2022.jpg 720w, https:\/\/evertonfc.cz\/wp-content\/uploads\/2022\/11\/lampard_8_11_2022-300x169.jpg 300w\" sizes=\"(max-width: 720px) 100vw, 720px\" \/><\/a>\n\t\t\t<\/dt><\/dl><br style=\"clear: both\" \/>\n\t\t<\/div>\n\n<h4><span style=\"font-size: 12pt;\">A\u0165 u\u017e byl pl\u00e1n jak\u00fdkoli, v\u00fdsledky po restartu byly katastrof\u00e1ln\u00ed, Toffees z\u00edskali 1 bod z 18 mo\u017en\u00fdch. To byl Frank\u016fv konec, jak jsi to vn\u00edmal?<\/span><\/h4>\n<p><strong>Wendo:\u00a0<\/strong><span class=\"im\"><em><span style=\"color: #ff0000;\">Subjekt\u00edvny pocit = <strong>5<\/strong><\/span><\/em><\/span><\/p>\n<p>Dos\u0165 som po minuloro\u010dnej z\u00e1chrane s Frankom veril, \u017ee u n\u00e1s zavedie nejak\u00fd jeho \u0161t\u00fdl a budeme \u00faspe\u0161n\u00fd. To, \u010do sme uhrali za t\u00fdch 6 k\u00f4l, bola katastrofa. Pocit som mal tak\u00fd, ako keby nie\u010do \u0161kr\u00edpalo v \u0161atni medzi jeho t\u00edmom a hr\u00e1\u010dmi. V\u00e4\u010d\u0161inou sa udeje to, \u017ee to odnesie tr\u00e9ner a aj som to tak tu\u0161il. Cel\u00e9 zle.<\/p>\n<p><strong>spidour:\u00a0<\/strong><span class=\"im\"><em><span style=\"color: #ff0000;\">Subjektivn\u00ed pocit = <\/span><\/em><\/span><strong><span style=\"color: #ff0000;\"><em>4<\/em><\/span><\/strong><\/p>\n<p>\u00daleva, kone\u010dn\u011b \u0161el. Prok\u00e1zalo se, \u017ee to nen\u00ed tren\u00e9r s kvalitami na Premier League. Jo, fajn, byl idolem spousty hr\u00e1\u010d\u016f, co k n\u00e1m p\u0159i\u0161li, tak\u017ee jeho osobnost pomohla tomu, \u017ee k n\u00e1m hr\u00e1\u010di v\u016fbec p\u0159i\u0161li, ale to je asi tak v\u0161echno.<\/p>\n\n\t\t<style type=\"text\/css\">\n\t\t\t#gallery-5 {\n\t\t\t\tmargin: auto;\n\t\t\t}\n\t\t\t#gallery-5 .gallery-item {\n\t\t\t\tfloat: left;\n\t\t\t\tmargin-top: 10px;\n\t\t\t\ttext-align: center;\n\t\t\t\twidth: 50%;\n\t\t\t}\n\t\t\t#gallery-5 img {\n\t\t\t\tborder: 2px solid #cfcfcf;\n\t\t\t}\n\t\t\t#gallery-5 .gallery-caption {\n\t\t\t\tmargin-left: 0;\n\t\t\t}\n\t\t\t\/* see gallery_shortcode() in wp-includes\/media.php *\/\n\t\t<\/style>\n\t\t<div id='gallery-5' class='gallery galleryid-22313 gallery-columns-2 gallery-size-full'><dl class='gallery-item'>\n\t\t\t<dt class='gallery-icon landscape'>\n\t\t\t\t<a href='https:\/\/evertonfc.cz\/west-ham-vs-everton-by-alex-pantling-getty-images-22-1-2023\/'><img loading=\"lazy\" decoding=\"async\" width=\"720\" height=\"405\" src=\"https:\/\/evertonfc.cz\/wp-content\/uploads\/2023\/01\/West-Ham-vs-Everton-by-Alex-Pantling-Getty-Images-22-1-2023.jpg\" class=\"attachment-full size-full\" alt=\"\" srcset=\"https:\/\/evertonfc.cz\/wp-content\/uploads\/2023\/01\/West-Ham-vs-Everton-by-Alex-Pantling-Getty-Images-22-1-2023.jpg 720w, https:\/\/evertonfc.cz\/wp-content\/uploads\/2023\/01\/West-Ham-vs-Everton-by-Alex-Pantling-Getty-Images-22-1-2023-300x169.jpg 300w\" sizes=\"(max-width: 720px) 100vw, 720px\" \/><\/a>\n\t\t\t<\/dt><\/dl><dl class='gallery-item'>\n\t\t\t<dt class='gallery-icon landscape'>\n\t\t\t\t<a href='https:\/\/evertonfc.cz\/everton-1-2-southampton-15-01-2023\/'><img loading=\"lazy\" decoding=\"async\" width=\"720\" height=\"405\" src=\"https:\/\/evertonfc.cz\/wp-content\/uploads\/2023\/01\/Everton-1-2-Southampton-15-01-2023.jpg\" class=\"attachment-full size-full\" alt=\"\" srcset=\"https:\/\/evertonfc.cz\/wp-content\/uploads\/2023\/01\/Everton-1-2-Southampton-15-01-2023.jpg 720w, https:\/\/evertonfc.cz\/wp-content\/uploads\/2023\/01\/Everton-1-2-Southampton-15-01-2023-300x169.jpg 300w\" sizes=\"(max-width: 720px) 100vw, 720px\" \/><\/a>\n\t\t\t<\/dt><\/dl><br style=\"clear: both\" \/>\n\t\t<\/div>\n\n<h4><span style=\"font-size: 12pt;\">Na konci ledna veden\u00ed uk\u00e1zalo na nejzku\u0161en\u011bj\u0161\u00edho z\u00e1chran\u00e1\u0159e, co byl k\u00a0m\u00e1n\u00ed. Sou\u010dasn\u011b ale Sean Dyche nem\u011bl prostor na posiln\u011bn\u00ed, p\u0159estupn\u00ed obdob\u00ed proteklo mezi prsty a zmizel nejlep\u0161\u00ed produkt akademie posledn\u00edch let. V\u0161ichni okolo mohutn\u011b posilovali, ve fanou\u0161kovi Evertonu ale zbyla jen mal\u00e1 du\u0161i\u010dka.<\/span><\/h4>\n<p><strong>Wendo: <\/strong><span class=\"im\"><em><span style=\"color: #ff0000;\">Subjekt\u00edvny pocit = <strong>4<\/strong><\/span><\/em><\/span><\/p>\n<p>Hej, chcelo to impulz, zmenu taktiky, srdie\u010dko, du\u0161u a v\u0161etko, \u010do patr\u00ed na ihrisko, ke\u010f hr\u00e1\u0161 za Everton. Kr\u00e1sna story je okolo tu\u0161\u00edm Bielsu, ktor\u00fd sa vraj zatvoril do kanclu a \u0161tudoval rozlosovanie. Asi po 4-5 hodin\u00e1ch vy\u0161iel a povedal vedeniu, \u017ee d\u017eob berie, aj ke\u010f padneme do Champu, no toto sa u\u017e zachr\u00e1ni\u0165 ned\u00e1. Miz\u00e9ria \u00fapln\u00e1.<\/p>\n<p><strong>spidour:<\/strong> <span class=\"im\"><em><span style=\"color: #ff0000;\">Subjektivn\u00ed pocit = <\/span><\/em><\/span><span style=\"color: #ff0000;\"><em><strong>2<\/strong><\/em><\/span><\/p>\n<p>No, tou dobou jsem za\u010d\u00ednal tak\u00e9 b\u00fdt malov\u011brn\u00fd, ale p\u0159\u00edchod Dycheho ve mn\u011b vzbudil nad\u011bji, pro\u010d? To vysv\u011btluje dal\u0161\u00ed tv\u00e1 ot\u00e1zka.<\/p>\n\n\t\t<style type=\"text\/css\">\n\t\t\t#gallery-6 {\n\t\t\t\tmargin: auto;\n\t\t\t}\n\t\t\t#gallery-6 .gallery-item {\n\t\t\t\tfloat: left;\n\t\t\t\tmargin-top: 10px;\n\t\t\t\ttext-align: center;\n\t\t\t\twidth: 50%;\n\t\t\t}\n\t\t\t#gallery-6 img {\n\t\t\t\tborder: 2px solid #cfcfcf;\n\t\t\t}\n\t\t\t#gallery-6 .gallery-caption {\n\t\t\t\tmargin-left: 0;\n\t\t\t}\n\t\t\t\/* see gallery_shortcode() in wp-includes\/media.php *\/\n\t\t<\/style>\n\t\t<div id='gallery-6' class='gallery galleryid-22313 gallery-columns-2 gallery-size-full'><dl class='gallery-item'>\n\t\t\t<dt class='gallery-icon landscape'>\n\t\t\t\t<a href='https:\/\/evertonfc.cz\/sean-dyche-by-evertonfc-com-6-2-2023\/'><img loading=\"lazy\" decoding=\"async\" width=\"720\" height=\"405\" src=\"https:\/\/evertonfc.cz\/wp-content\/uploads\/2023\/02\/Sean-Dyche-by-evertonfc.com-6-2-2023.jpg\" class=\"attachment-full size-full\" alt=\"\" srcset=\"https:\/\/evertonfc.cz\/wp-content\/uploads\/2023\/02\/Sean-Dyche-by-evertonfc.com-6-2-2023.jpg 720w, https:\/\/evertonfc.cz\/wp-content\/uploads\/2023\/02\/Sean-Dyche-by-evertonfc.com-6-2-2023-300x169.jpg 300w\" sizes=\"(max-width: 720px) 100vw, 720px\" \/><\/a>\n\t\t\t<\/dt><\/dl><dl class='gallery-item'>\n\t\t\t<dt class='gallery-icon landscape'>\n\t\t\t\t<a href='https:\/\/evertonfc.cz\/everton-1-0-leeds-18-02-2023\/'><img loading=\"lazy\" decoding=\"async\" width=\"720\" height=\"405\" src=\"https:\/\/evertonfc.cz\/wp-content\/uploads\/2023\/02\/Everton-1-0-Leeds-18-02-2023.jpg\" class=\"attachment-full size-full\" alt=\"\" srcset=\"https:\/\/evertonfc.cz\/wp-content\/uploads\/2023\/02\/Everton-1-0-Leeds-18-02-2023.jpg 720w, https:\/\/evertonfc.cz\/wp-content\/uploads\/2023\/02\/Everton-1-0-Leeds-18-02-2023-300x169.jpg 300w\" sizes=\"(max-width: 720px) 100vw, 720px\" \/><\/a>\n\t\t\t<\/dt><\/dl><br style=\"clear: both\" \/>\n\t\t<\/div>\n\n<h4><span style=\"font-size: 12pt;\">Dyche to vzal od podlahy, pevn\u00e1 obrana je z\u00e1klad. P\u0159ineslo to 3 v\u00fdhry 1:0 ze 4 prvn\u00edch p\u0159edstaven\u00edch na Goodison Parku, co\u017e naru\u0161ila jen Aston Villa. Venku to ale zat\u00edm na v\u00edc jak na bod nebylo. P\u0159esto progres\u2026<\/span><\/h4>\n<p><strong>Wendo: <\/strong><span class=\"im\"><em><span style=\"color: #ff0000;\">Subjekt\u00edvny pocit = <strong>3<\/strong><\/span><\/em><\/span><\/p>\n<p>Toto bola asi jedin\u00e1 cesta. Vzadu ParkTheBus a n\u00e1js\u0165 recept na strelenie jedn\u00e9ho g\u00f3lu, zvy\u0161ok \u010dasu bet\u00f3nova\u0165 jak onoho \u010dasu Leicester, ke\u010f z\u00edskal titul. U\u017e sa postupne dalo rozm\u00fd\u0161\u013ea\u0165 aj o z\u00e1chrane.<\/p>\n<p><strong>spidour:\u00a0<\/strong><span class=\"im\"><em><span style=\"color: #ff0000;\">Subjektivn\u00ed pocit = <\/span><\/em><\/span><span style=\"color: #ff0000;\"><em><strong>2<\/strong><\/em><\/span><\/p>\n<p>Je to, jak \u0159\u00edk\u00e1\u0161, Dyche je ide\u00e1ln\u00ed volba pro t\u00fdm, co hraje o z\u00e1chranu a tam je pevn\u00e1 obrana z\u00e1klad. Pod\u00edvej se na Leeds, kter\u00fd spadnul. St\u0159\u00edlet g\u00f3ly um\u011bj, ale ta obrana, to byla trag\u00e9die. S chut\u00ed jsem si v z\u00e1pasech Leedsu s\u00e1zel na 2,5+ g\u00f3lu na z\u00e1pas, to byla tutovka. Nav\u00edc Dyche um\u00ed tu obranu postavit tak, aby se v n\u00ed hr\u00e1\u010di zlep\u0161ovali. Plus um\u00ed vymyslet taktiku tak, abychom m\u011bli nejen pevnou obranu, ale tak\u00e9 se z proti\u00fatok\u016f dost\u00e1vali do \u0161anc\u00ed. Pod\u00edvej se na na\u0161i statistiku xG pod Frankiem a pod Dychem. M\u011bli jsme ur\u010dit\u011b p\u0159es 1,5 xG za z\u00e1pas, co\u017e pod Frankem byla naprost\u00e1 utopie, ten m\u011bl stats jako Leeds pod Big Samem.<\/p>\n\n\t\t<style type=\"text\/css\">\n\t\t\t#gallery-7 {\n\t\t\t\tmargin: auto;\n\t\t\t}\n\t\t\t#gallery-7 .gallery-item {\n\t\t\t\tfloat: left;\n\t\t\t\tmargin-top: 10px;\n\t\t\t\ttext-align: center;\n\t\t\t\twidth: 50%;\n\t\t\t}\n\t\t\t#gallery-7 img {\n\t\t\t\tborder: 2px solid #cfcfcf;\n\t\t\t}\n\t\t\t#gallery-7 .gallery-caption {\n\t\t\t\tmargin-left: 0;\n\t\t\t}\n\t\t\t\/* see gallery_shortcode() in wp-includes\/media.php *\/\n\t\t<\/style>\n\t\t<div id='gallery-7' class='gallery galleryid-22313 gallery-columns-2 gallery-size-full'><dl class='gallery-item'>\n\t\t\t<dt class='gallery-icon landscape'>\n\t\t\t\t<a href='https:\/\/evertonfc.cz\/chelsea-2-2-everton-simms-beinsports-com-19-3-2023\/'><img loading=\"lazy\" decoding=\"async\" width=\"720\" height=\"405\" src=\"https:\/\/evertonfc.cz\/wp-content\/uploads\/2023\/03\/Chelsea-2-2-Everton-Simms-BeInSports.com-19-3-2023.jpg\" class=\"attachment-full size-full\" alt=\"\" srcset=\"https:\/\/evertonfc.cz\/wp-content\/uploads\/2023\/03\/Chelsea-2-2-Everton-Simms-BeInSports.com-19-3-2023.jpg 720w, https:\/\/evertonfc.cz\/wp-content\/uploads\/2023\/03\/Chelsea-2-2-Everton-Simms-BeInSports.com-19-3-2023-300x169.jpg 300w\" sizes=\"(max-width: 720px) 100vw, 720px\" \/><\/a>\n\t\t\t<\/dt><\/dl><dl class='gallery-item'>\n\t\t\t<dt class='gallery-icon landscape'>\n\t\t\t\t<a href='https:\/\/evertonfc.cz\/everton-1-1-tottenham-by-premierleague-com-4-4-2023\/'><img loading=\"lazy\" decoding=\"async\" width=\"720\" height=\"405\" src=\"https:\/\/evertonfc.cz\/wp-content\/uploads\/2023\/04\/Everton-1-1-Tottenham-by-premierleague.com-4-4-2023.jpg\" class=\"attachment-full size-full\" alt=\"\" srcset=\"https:\/\/evertonfc.cz\/wp-content\/uploads\/2023\/04\/Everton-1-1-Tottenham-by-premierleague.com-4-4-2023.jpg 720w, https:\/\/evertonfc.cz\/wp-content\/uploads\/2023\/04\/Everton-1-1-Tottenham-by-premierleague.com-4-4-2023-300x169.jpg 300w\" sizes=\"(max-width: 720px) 100vw, 720px\" \/><\/a>\n\t\t\t<\/dt><\/dl><br style=\"clear: both\" \/>\n\t\t<\/div>\n\n<h4><span style=\"font-size: 12pt;\">Jen\u017ee to by nebyl Everton, kdybychom se na tobog\u00e1nu nevezli pro zm\u011bnu dol\u016f. P\u0159i\u0161el such\u00fd duben a v n\u011bm jen 2 body z 5 ma\u010d\u016f, vy\u0161perkov\u00e1no dom\u00e1c\u00edm v\u00fdpraskem od Newcastlu. Kouzlo pominulo?<\/span><\/h4>\n<p><strong>Wendo: <\/strong><span class=\"im\"><em><span style=\"color: #ff0000;\">Subjekt\u00edvny pocit = <strong>4<\/strong><\/span><\/em><\/span><\/p>\n<p>Mysl\u00edm si, \u017ee to nebolo k\u00fazlo. Proste sa na n\u00e1s s\u00faperi dobre pripravili, kukli vide\u00e1, poznali \u0161t\u00fdl Dychea a podobne. St\u00e1le som v\u0161ak veril v z\u00e1chranu.<\/p>\n<p><strong>spidour: <\/strong><span class=\"im\"><em><span style=\"color: #ff0000;\">Subjektivn\u00ed pocit = <\/span><\/em><\/span><strong><span style=\"color: #ff0000;\"><em>3<\/em><\/span><\/strong><\/p>\n<p>Duben byl t\u011b\u017ek\u00fd los, bohu\u017eel. N\u00e1\u0161 k\u00e1dr nem\u00e1 zase takovou kvalitu, abychom m\u011bli ambice bodovat ka\u017ed\u00fd z\u00e1pas.<br \/>\nA s \u010delem tabulky je sp\u00ed\u0161 n\u00e1hoda, kdy\u017e n\u011bco urveme. Bez \u00fato\u010dn\u00edka, proto\u017ee DCL byl 3\/5 zran\u011bnej, se hraje blb\u011b. Slu\u0161\u00ed se p\u0159ipomenout g\u00f3l Micheala Keana na 1:1 proti Kohout\u016fm. D\u011blovka snad ze 30 metr\u016f do vinglu v 90. minut\u011b. Je tedy pravda, \u017ee pod g\u00f3l na 1:0 se dost podepsal, ale napravil. Nav\u00edc jsem to vn\u00edmal jako instakarmu za to, jak Kane nasimuloval Doucour\u00e9ho s\u00e1hnut\u00ed na n\u011bj. Ne, \u017ee by nes\u00e1hl, ale on se tam sv\u00edjel jako kdyby ho sundal Tyson sv\u00fdm h\u00e1kem. R\u00e1d bych tak\u00e9 p\u0159ipomenul posledn\u00ed z\u00e1pas v b\u0159eznu na Chelsea, kde Simms v posledn\u00edch minut\u00e1ch z\u00e1pasu vyrovnal na 2:2 a uk\u00e1zal, \u017ee by m\u011bl dostat v\u00edce \u0161anc\u00ed. Pro\u010d je nedostal, nev\u00edm, ale t\u011bch 5 mega + bonusy, by nakonec mohla b\u00fdt akceptovateln\u00e1 kompenzace, pokud p\u0159ivedeme n\u011bkoho hotov\u00e9ho za podobn\u00e9 pen\u00edze. Uzn\u00e1v\u00e1m, \u017ee nem\u00e1me \u00fapln\u011b 2 roky \u010das na to, abychom z n\u011bj ud\u011blali dobr\u00e9ho hr\u00e1\u010de, jako jsme ten \u010das dali DCL za jeho ml\u00e1d\u00ed.<\/p>\n\n\t\t<style type=\"text\/css\">\n\t\t\t#gallery-8 {\n\t\t\t\tmargin: auto;\n\t\t\t}\n\t\t\t#gallery-8 .gallery-item {\n\t\t\t\tfloat: left;\n\t\t\t\tmargin-top: 10px;\n\t\t\t\ttext-align: center;\n\t\t\t\twidth: 50%;\n\t\t\t}\n\t\t\t#gallery-8 img {\n\t\t\t\tborder: 2px solid #cfcfcf;\n\t\t\t}\n\t\t\t#gallery-8 .gallery-caption {\n\t\t\t\tmargin-left: 0;\n\t\t\t}\n\t\t\t\/* see gallery_shortcode() in wp-includes\/media.php *\/\n\t\t<\/style>\n\t\t<div id='gallery-8' class='gallery galleryid-22313 gallery-columns-2 gallery-size-full'><dl class='gallery-item'>\n\t\t\t<dt class='gallery-icon landscape'>\n\t\t\t\t<a href='https:\/\/evertonfc.cz\/everton-1-3-fulham-by-marc-atkins-getty-images-15-4-2023\/'><img loading=\"lazy\" decoding=\"async\" width=\"720\" height=\"405\" src=\"https:\/\/evertonfc.cz\/wp-content\/uploads\/2023\/04\/Everton-1-3-Fulham-by-Marc-Atkins-Getty-Images-15-4-2023.jpg\" class=\"attachment-full size-full\" alt=\"\" srcset=\"https:\/\/evertonfc.cz\/wp-content\/uploads\/2023\/04\/Everton-1-3-Fulham-by-Marc-Atkins-Getty-Images-15-4-2023.jpg 720w, https:\/\/evertonfc.cz\/wp-content\/uploads\/2023\/04\/Everton-1-3-Fulham-by-Marc-Atkins-Getty-Images-15-4-2023-300x169.jpg 300w\" sizes=\"(max-width: 720px) 100vw, 720px\" \/><\/a>\n\t\t\t<\/dt><\/dl><dl class='gallery-item'>\n\t\t\t<dt class='gallery-icon landscape'>\n\t\t\t\t<a href='https:\/\/evertonfc.cz\/everton-1-4-newcastle-by-gareth-copley-getty-images-28-4-2023\/'><img loading=\"lazy\" decoding=\"async\" width=\"720\" height=\"405\" src=\"https:\/\/evertonfc.cz\/wp-content\/uploads\/2023\/04\/Everton-1-4-Newcastle-by-Gareth-Copley-Getty-Images-28-4-2023.jpg\" class=\"attachment-full size-full\" alt=\"\" srcset=\"https:\/\/evertonfc.cz\/wp-content\/uploads\/2023\/04\/Everton-1-4-Newcastle-by-Gareth-Copley-Getty-Images-28-4-2023.jpg 720w, https:\/\/evertonfc.cz\/wp-content\/uploads\/2023\/04\/Everton-1-4-Newcastle-by-Gareth-Copley-Getty-Images-28-4-2023-300x169.jpg 300w\" sizes=\"(max-width: 720px) 100vw, 720px\" \/><\/a>\n\t\t\t<\/dt><\/dl><br style=\"clear: both\" \/>\n\t\t<\/div>\n\n<h4><span style=\"font-size: 12pt;\">Na z\u00e1v\u011br trochu zadrob\u00edme, p\u0159ich\u00e1zej\u00ed toti\u017e kritick\u00e9 momenty. Pickford chyt\u00e1 penaltu a bod z\u00a0Leicesteru. N\u00e1sleduje n\u011bco, co bych ozna\u010dil jako \u201ez\u00e1zrak na Amex\u201c a povinn\u00e1 prohra se City. P\u0159esto se karta i d\u00edky losu obr\u00e1tila.<\/span><\/h4>\n<p><strong>Wendo:<\/strong>\u00a0<span class=\"im\"><em><span style=\"color: #ff0000;\">Subjekt\u00edvny pocit = <strong>4<\/strong><\/span><\/em><\/span><\/p>\n<p>Tak, nikto nechcel padn\u00fa\u0165 do Champu a ostatn\u00ed dvaja, traja nad nami zahrali dobr\u00e9 v\u00fdsledky. Z\u00edskali body a bolo u\u017e pomali\u010dky jasn\u00e9, \u017ee p\u00f4jdeme traja kandid\u00e1ti o jedno z\u00e1chran\u00e1rske miesto a\u017e do konca. Nakoniec t\u00e1 v\u00fdhra na Amex Stadium bola, mysl\u00edm, rozhoduj\u00faca na ceste k z\u00e1chrane.<\/p>\n<p><strong>spidour:\u00a0<\/strong><span class=\"im\"><em><span style=\"color: #ff0000;\">Subjektivn\u00ed pocit = <\/span><\/em><\/span><span style=\"color: #ff0000;\"><em><strong>3<\/strong><\/em><\/span><\/p>\n<p>Z\u00e1pas s Leicesterem byl magor fotbal. Okolo 3,5 xG na obou stran\u00e1ch. Mohlo to skon\u010dit jakkoliv. Z\u00e1zrak na Amex byl n\u011bco, co bych fakt ne\u010dekal a je pravda, \u017ee u prvn\u00edch 2 g\u00f3l\u016f Doucour\u00e9ho jsme m\u011bli dost kliku. Pardon, v\u00edm, \u017ee Doucour\u00e9 je \u0161pi\u010dkov\u00fd technik a cht\u011bl to tak trefit. P\u0159i t\u0159et\u00edm poji\u0161\u0165ov\u00e1ku u\u017e se z\u00e1pas v 2. polo\u010dase jen dohr\u00e1val, to jsme taky moc za celou sez\u00f3nu neza\u017eili, teda jo, ale nevedli jsme.<\/p>\n\n\t\t<style type=\"text\/css\">\n\t\t\t#gallery-9 {\n\t\t\t\tmargin: auto;\n\t\t\t}\n\t\t\t#gallery-9 .gallery-item {\n\t\t\t\tfloat: left;\n\t\t\t\tmargin-top: 10px;\n\t\t\t\ttext-align: center;\n\t\t\t\twidth: 50%;\n\t\t\t}\n\t\t\t#gallery-9 img {\n\t\t\t\tborder: 2px solid #cfcfcf;\n\t\t\t}\n\t\t\t#gallery-9 .gallery-caption {\n\t\t\t\tmargin-left: 0;\n\t\t\t}\n\t\t\t\/* see gallery_shortcode() in wp-includes\/media.php *\/\n\t\t<\/style>\n\t\t<div id='gallery-9' class='gallery galleryid-22313 gallery-columns-2 gallery-size-full'><dl class='gallery-item'>\n\t\t\t<dt class='gallery-icon landscape'>\n\t\t\t\t<a href='https:\/\/evertonfc.cz\/foxy_pickford\/'><img loading=\"lazy\" decoding=\"async\" width=\"720\" height=\"405\" src=\"https:\/\/evertonfc.cz\/wp-content\/uploads\/2023\/05\/FOXY_PICKFORD.jpg\" class=\"attachment-full size-full\" alt=\"\" srcset=\"https:\/\/evertonfc.cz\/wp-content\/uploads\/2023\/05\/FOXY_PICKFORD.jpg 720w, https:\/\/evertonfc.cz\/wp-content\/uploads\/2023\/05\/FOXY_PICKFORD-300x169.jpg 300w\" sizes=\"(max-width: 720px) 100vw, 720px\" \/><\/a>\n\t\t\t<\/dt><\/dl><dl class='gallery-item'>\n\t\t\t<dt class='gallery-icon landscape'>\n\t\t\t\t<a href='https:\/\/evertonfc.cz\/brighton-1-5-everton-by-premier-league-8-5-2023\/'><img loading=\"lazy\" decoding=\"async\" width=\"720\" height=\"405\" src=\"https:\/\/evertonfc.cz\/wp-content\/uploads\/2023\/05\/Brighton-1-5-Everton-by-Premier-League-8-5-2023.jpg\" class=\"attachment-full size-full\" alt=\"\" srcset=\"https:\/\/evertonfc.cz\/wp-content\/uploads\/2023\/05\/Brighton-1-5-Everton-by-Premier-League-8-5-2023.jpg 720w, https:\/\/evertonfc.cz\/wp-content\/uploads\/2023\/05\/Brighton-1-5-Everton-by-Premier-League-8-5-2023-300x169.jpg 300w\" sizes=\"(max-width: 720px) 100vw, 720px\" \/><\/a>\n\t\t\t<\/dt><\/dl><br style=\"clear: both\" \/>\n\t\t<\/div>\n\n<h4><span style=\"font-size: 12pt;\">D\u011bjstv\u00ed 37: utrpen\u00ed na Molineux a s min(el)ou na konci, pardon, Minou. Sokov\u00e9 v boji o udr\u017een\u00ed ale sehr\u00e1vali sv\u016fj part v\u00fdte\u010dn\u011b i s pomoc\u00ed agenta Allardycea. U\u017e to vypad\u00e1 nad\u011bjn\u011b.<\/span><\/h4>\n<p><strong>Wendo: <\/strong><span class=\"im\"><em><span style=\"color: #ff0000;\">Subjekt\u00edvny pocit = <strong>4<\/strong><\/span><\/em><\/span><\/p>\n<p>Tento z\u00e1pas som nevidel, no kone\u010dn\u00fd v\u00fdsledok ma pote\u0161il. Vedeli sme v\u0161etci, \u017ee to m\u00e1me vo vlastn\u00fdch ruk\u00e1ch<br \/>\na nemus\u00edme kalkulova\u0165 jak Slovensk\u00e1 reprezent\u00e1cia v hokeji, ke\u010f na MS postupujeme do \u0161tvr\u0165fin\u00e1le. Prich\u00e1dza viera,<br \/>\na \u00fasmev zatia\u013e cez zuby, ale je.<\/p>\n<p><strong>spidour: <\/strong><span class=\"im\"><em><span style=\"color: #ff0000;\">Subjektivn\u00ed pocit = <\/span><\/em><\/span><span style=\"color: #ff0000;\"><em><strong>3<\/strong>\u00a0<\/em><\/span><\/p>\n<p>Ten g\u00f3l zajistil, \u017ee jsme to m\u011bli ve sv\u00fdch rukou. Kdy\u017e tak proch\u00e1z\u00edme tou sez\u00f3nou, tak bych \u0159ekl, \u017ee n\u00e1s zdobila pod Dychem hrozn\u011b siln\u00e1 v\u016fle ten z\u00e1pas zvr\u00e1tit. A dost \u010dasto, pravda, se \u0161t\u011bst\u00edm, se n\u00e1m povedlo vydolovat ten tou\u017eebn\u00fd bod\u00edk. Takhle jsme urvali minim\u00e1ln\u011b 4 body. Bez nich bychom byli v Champu.<\/p>\n\n\t\t<style type=\"text\/css\">\n\t\t\t#gallery-10 {\n\t\t\t\tmargin: auto;\n\t\t\t}\n\t\t\t#gallery-10 .gallery-item {\n\t\t\t\tfloat: left;\n\t\t\t\tmargin-top: 10px;\n\t\t\t\ttext-align: center;\n\t\t\t\twidth: 50%;\n\t\t\t}\n\t\t\t#gallery-10 img {\n\t\t\t\tborder: 2px solid #cfcfcf;\n\t\t\t}\n\t\t\t#gallery-10 .gallery-caption {\n\t\t\t\tmargin-left: 0;\n\t\t\t}\n\t\t\t\/* see gallery_shortcode() in wp-includes\/media.php *\/\n\t\t<\/style>\n\t\t<div id='gallery-10' class='gallery galleryid-22313 gallery-columns-2 gallery-size-full'><dl class='gallery-item'>\n\t\t\t<dt class='gallery-icon landscape'>\n\t\t\t\t<a href='https:\/\/evertonfc.cz\/city03\/'><img loading=\"lazy\" decoding=\"async\" width=\"720\" height=\"405\" src=\"https:\/\/evertonfc.cz\/wp-content\/uploads\/2023\/05\/city03.jpg\" class=\"attachment-full size-full\" alt=\"\" srcset=\"https:\/\/evertonfc.cz\/wp-content\/uploads\/2023\/05\/city03.jpg 720w, https:\/\/evertonfc.cz\/wp-content\/uploads\/2023\/05\/city03-300x169.jpg 300w\" sizes=\"(max-width: 720px) 100vw, 720px\" \/><\/a>\n\t\t\t<\/dt><\/dl><dl class='gallery-item'>\n\t\t\t<dt class='gallery-icon landscape'>\n\t\t\t\t<a href='https:\/\/evertonfc.cz\/skysports-wolverhampton-1-1-everton-20-6-2023\/'><img loading=\"lazy\" decoding=\"async\" width=\"720\" height=\"405\" src=\"https:\/\/evertonfc.cz\/wp-content\/uploads\/2023\/05\/Skysports-Wolverhampton-1-1-Everton-20-6-2023.jpg\" class=\"attachment-full size-full\" alt=\"\" srcset=\"https:\/\/evertonfc.cz\/wp-content\/uploads\/2023\/05\/Skysports-Wolverhampton-1-1-Everton-20-6-2023.jpg 720w, https:\/\/evertonfc.cz\/wp-content\/uploads\/2023\/05\/Skysports-Wolverhampton-1-1-Everton-20-6-2023-300x169.jpg 300w\" sizes=\"(max-width: 720px) 100vw, 720px\" \/><\/a>\n\t\t\t<\/dt><\/dl><br style=\"clear: both\" \/>\n\t\t<\/div>\n\n<h4><span style=\"font-size: 12pt;\">Fanou\u0161kovsk\u00e1 podpora byla op\u011bt znamenit\u00e1, v posledn\u00edm kole proti Cherries u\u017e to m\u011bla b\u00fdt jen formalita. P\u0159esto nap\u011bt\u00ed vydr\u017eelo vlastn\u011b a\u017e do posledn\u00ed minuty. Obrovsk\u00fd k\u00e1men spadl v\u0161em v Evertonu druh\u00fd rok za sebou. Ale sta\u010dilo, m\u016f\u017eeme s t\u00edm u\u017e, pros\u00edm, p\u0159estat? M\u016f\u017eeme?<\/span><\/h4>\n<p><strong>Wendo:<\/strong>\u00a0<span class=\"im\"><em><span style=\"color: #ff0000;\">Subjekt\u00edvny pocit pred z\u00e1pasom = <strong>3 &#8211;<\/strong><\/span><\/em><\/span><\/p>\n<p>Pod\u013ea m\u0148a fan\u00fa\u0161ikovsk\u00e1 podpora dotla\u010dila hr\u00e1\u010dov k v\u00fdkonom, ktor\u00e9 znamenali z\u00e1chranu. Za\u010dali jazdi\u0165, nechali srdce na ihrisku, proste sa im chcelo. Prebrali sme aj tak\u00fdch hr\u00e1\u010dov ako Doucour\u00e9 \u010di Iwobi a kone\u010dne sa presadili aj strelecky.<\/p>\n<p><strong>spidour:\u00a0<\/strong><span class=\"im\"><em><span style=\"color: #ff0000;\">Subjektivn\u00ed pocit <\/span><\/em><\/span><span style=\"color: #ff0000;\"><em>p\u0159ed z\u00e1pasem<span class=\"im\"> = <\/span><strong>3<\/strong><\/em><\/span><\/p>\n<p>M\u016f\u017eeme, sta\u010d\u00ed p\u0159iv\u00e9st posily na oba kraje obran, k\u0159\u00eddla, jednoho a\u017e dva hro\u0165\u00e1ky a m\u00e1me k\u00e1dr na 6. flek. No, v na\u0161\u00ed finan\u010dn\u00ed realit\u011b si teda poj\u010fme sehnat 2 k\u0159\u00eddla a 2 \u00fato\u010dn\u00edky a k\u00e1dr bude na klidn\u00fd st\u0159ed tabulky, mo\u017en\u00e1 horn\u00ed st\u0159ed. Jo, \u0159\u00edkali jsme v na\u0161\u00ed finan\u010dn\u00ed realit\u011b\u2026 Tak to m\u00e1me Danjumu, tak je\u0161t\u011b jednoho k n\u011bmu a m\u011blo by to hodit 13-15. m\u00edsto.<\/p>\n\n\t\t<style type=\"text\/css\">\n\t\t\t#gallery-11 {\n\t\t\t\tmargin: auto;\n\t\t\t}\n\t\t\t#gallery-11 .gallery-item {\n\t\t\t\tfloat: left;\n\t\t\t\tmargin-top: 10px;\n\t\t\t\ttext-align: center;\n\t\t\t\twidth: 50%;\n\t\t\t}\n\t\t\t#gallery-11 img {\n\t\t\t\tborder: 2px solid #cfcfcf;\n\t\t\t}\n\t\t\t#gallery-11 .gallery-caption {\n\t\t\t\tmargin-left: 0;\n\t\t\t}\n\t\t\t\/* see gallery_shortcode() in wp-includes\/media.php *\/\n\t\t<\/style>\n\t\t<div id='gallery-11' class='gallery galleryid-22313 gallery-columns-2 gallery-size-full'><dl class='gallery-item'>\n\t\t\t<dt class='gallery-icon landscape'>\n\t\t\t\t<a href='https:\/\/evertonfc.cz\/afcb\/'><img loading=\"lazy\" decoding=\"async\" width=\"720\" height=\"405\" src=\"https:\/\/evertonfc.cz\/wp-content\/uploads\/2023\/05\/afcb.jpg\" class=\"attachment-full size-full\" alt=\"\" srcset=\"https:\/\/evertonfc.cz\/wp-content\/uploads\/2023\/05\/afcb.jpg 720w, https:\/\/evertonfc.cz\/wp-content\/uploads\/2023\/05\/afcb-300x169.jpg 300w\" sizes=\"(max-width: 720px) 100vw, 720px\" \/><\/a>\n\t\t\t<\/dt><\/dl><dl class='gallery-item'>\n\t\t\t<dt class='gallery-icon landscape'>\n\t\t\t\t<a href='https:\/\/evertonfc.cz\/index.php\/2023\/06\/03\/vyjazd-viera-v-zachranu\/everton-1-0-bournemouth-relegation-battle-by-marian-2-6-2023-2\/'><img loading=\"lazy\" decoding=\"async\" width=\"720\" height=\"405\" src=\"https:\/\/evertonfc.cz\/wp-content\/uploads\/2023\/06\/Everton-1-0-Bournemouth-relegation-battle-by-Marian-2-6-2023-2.jpg\" class=\"attachment-full size-full\" alt=\"\" srcset=\"https:\/\/evertonfc.cz\/wp-content\/uploads\/2023\/06\/Everton-1-0-Bournemouth-relegation-battle-by-Marian-2-6-2023-2.jpg 720w, https:\/\/evertonfc.cz\/wp-content\/uploads\/2023\/06\/Everton-1-0-Bournemouth-relegation-battle-by-Marian-2-6-2023-2-300x169.jpg 300w\" sizes=\"(max-width: 720px) 100vw, 720px\" \/><\/a>\n\t\t\t<\/dt><\/dl><br style=\"clear: both\" \/>\n\t\t<\/div>\n\n<h4><span style=\"font-size: 12pt;\">Na z\u00e1v\u011br n\u011bco pozitivn\u00ed, u\u017e bez hodnocen\u00ed vnit\u0159n\u00edho zoufalstv\u00ed. Pros\u00edm o v\u0161echny nej: nejlep\u0161\u00ed hr\u00e1\u010d, posila, z\u00e1pas, g\u00f3l, v\u0161echno, co t\u011b napadne.<\/span><\/h4>\n<p style=\"text-align: center;\"><strong>Wendo:\u00a0<\/strong><\/p>\n<ul style=\"list-style-type: circle;\">\n<li><span style=\"text-decoration: underline;\">Hr\u00e1\u010d:<\/span> Alex Iwobi, v\u017edy dok\u00e1zal to svoje a ke\u010f bolo treba zasko\u010di\u0165, tak aj wingbeka zahral.<\/li>\n<li><span class=\"im\"><span style=\"text-decoration: underline;\">Posila:<\/span><\/span> Dwight McNeil, ve\u013ek\u00e1 konkurencia v tomto mu je Tarkowski. Dobr\u00e9 n\u00e1kupy obaja, aj ke\u010f McNeilovy trvalo chv\u00ed\u013eu k\u00fdm sa na\u0161iel a za\u010dal. No nie je to CR7, tak\u017ee je mu odpusten\u00e9. Tarki v\u017edy spo\u013eahliv\u00fd, v\u017edy pripraven\u00fd. Proste hr\u00e1\u010d, ktor\u00fd si v\u00fdplatu zasl\u00fa\u017eil. No vyber\u00e1m McNeila ako top posilu.<\/li>\n<li><span class=\"im\"><span style=\"text-decoration: underline;\">Z\u00e1pas:<\/span> <\/span>Asi BHA a v\u00fdhra 5:1 vonku, to bol tot\u00e1lny \u0161ok pre m\u0148a, nako\u013eko pred aj po hral BHA \u00faplne skvele.<\/li>\n<li><span class=\"im\"><span style=\"text-decoration: underline;\">G\u00f3l:<\/span> <\/span>Doucour\u00e9ho volej v poslednom kole. To u\u017e ur\u010dite nezopakuje pri jeho kopacej technike, jedine, \u017ee by na tom popracoval.<\/li>\n<\/ul>\n<p>E\u0161te by som pochv\u00e1lil Dychea a jeho t\u00edm, ktor\u00ed dok\u00e1zali tie opusten\u00e9 du\u0161i\u010dky zo \u0161atne nejak prebra\u0165 a vysvetli\u0165 im, \u017ee musia necha\u0165 na ihrisku srdie\u010dko, ke\u010f si chc\u00fa zasl\u00fa\u017ei\u0165 obdiv fan\u00fa\u0161ikov a v\u00fdplatu. M\u00e1m vieru v to, \u017ee ich v pr\u00edprave nachystaj\u00fa poriadne na sez\u00f3nu, pr\u00edpadne umne doplnia k\u00e1der a u\u017e nebudeme za\u017e\u00edva\u0165 tak\u00e9to stresy.<\/p>\n<p style=\"text-align: center;\"><strong>spidour:<\/strong><\/p>\n<ul style=\"list-style-type: circle;\">\n<li><span style=\"text-decoration: underline;\">Hr\u00e1\u010d:<\/span> Tarkowski, t\u011bsn\u011b za n\u00edm Pickford.<\/li>\n<li><span class=\"im\"><span style=\"text-decoration: underline;\">Posila:<\/span> Dyche s jeho zm\u011bnou my\u0161len\u00ed hr\u00e1\u010d\u016f a hern\u00edho stylu. Pokud bych nepo\u010d\u00edtal tren\u00e9ra, tak Onana.<\/span><\/li>\n<li><span class=\"im\"><span style=\"text-decoration: underline;\">Z\u00e1pas:<\/span> V\u00fdhra nad Cherries v posledn\u00edm kole.<\/span><\/li>\n<li><span class=\"im\"><span style=\"text-decoration: underline;\">G\u00f3l:<\/span> Michael Keane proti Spurs.<\/span><\/li>\n<\/ul>\n<p style=\"text-align: right;\"><span style=\"font-size: 8pt;\">(fotozdroj titulka: Sky Sports)<\/span><\/p>\n<h3 style=\"text-align: center;\"><span style=\"color: #3366ff;\"><em><strong>Up The Toffees !!!<\/strong><\/em><\/span><\/h3>\n","protected":false},"excerpt":{"rendered":"<p>Neradi vzpom\u00edn\u00e1me na nep\u0159\u00edjemn\u00e9, ale alespo\u0148 jednou se to ud\u011blat mus\u00ed. Dali jsme si odstup, i \u010dasov\u00fd, a nechali rozj\u00edmat jin\u00e9. Tak a\u0165 to m\u00e1me rychle za sebou.<\/p>\n","protected":false},"author":10,"featured_media":22319,"comment_status":"open","ping_status":"closed","sticky":false,"template":"","format":"standard","meta":{"_eb_attr":"","_monsterinsights_skip_tracking":false,"_monsterinsights_sitenote_active":false,"_monsterinsights_sitenote_note":"","_monsterinsights_sitenote_category":0,"footnotes":""},"categories":[15],"tags":[],"yoast_head":"<!-- This site is optimized with the Yoast SEO plugin v23.4 - https:\/\/yoast.com\/wordpress\/plugins\/seo\/ -->\n<title>Zhodnocen\u00ed sez\u00f3ny 2022\/23 - Official Czech &amp; Slovak Everton Supporters&#039; Club<\/title>\n<meta name=\"robots\" content=\"index, follow, max-snippet:-1, max-image-preview:large, max-video-preview:-1\" \/>\n<link rel=\"canonical\" href=\"https:\/\/evertonfc.cz\/index.php\/2023\/08\/09\/zhodnoceni-sezony-2022-23\/\" \/>\n<meta property=\"og:locale\" content=\"cs_CZ\" \/>\n<meta property=\"og:type\" content=\"article\" \/>\n<meta property=\"og:title\" content=\"Zhodnocen\u00ed sez\u00f3ny 2022\/23 - Official Czech &amp; Slovak Everton Supporters&#039; Club\" \/>\n<meta property=\"og:description\" content=\"Neradi vzpom\u00edn\u00e1me na nep\u0159\u00edjemn\u00e9, ale alespo\u0148 jednou se to ud\u011blat mus\u00ed. Dali jsme si odstup, i \u010dasov\u00fd, a nechali rozj\u00edmat jin\u00e9. Tak a\u0165 to m\u00e1me rychle za sebou.\" \/>\n<meta property=\"og:url\" content=\"https:\/\/evertonfc.cz\/index.php\/2023\/08\/09\/zhodnoceni-sezony-2022-23\/\" \/>\n<meta property=\"og:site_name\" content=\"Official Czech &amp; Slovak Everton Supporters&#039; Club\" \/>\n<meta property=\"article:publisher\" content=\"https:\/\/www.facebook.com\/everton.fans.cz.sk\" \/>\n<meta property=\"article:published_time\" content=\"2023-08-09T12:03:29+00:00\" \/>\n<meta property=\"article:modified_time\" content=\"2023-10-08T13:42:06+00:00\" \/>\n<meta property=\"og:image\" content=\"https:\/\/evertonfc.cz\/wp-content\/uploads\/2023\/08\/Everton-22-23-by-Sky-Sports-9-8-2023-.jpg\" \/>\n\t<meta property=\"og:image:width\" content=\"720\" \/>\n\t<meta property=\"og:image:height\" content=\"405\" \/>\n\t<meta property=\"og:image:type\" content=\"image\/jpeg\" \/>\n<meta name=\"author\" content=\"Fip\" \/>\n<meta name=\"twitter:card\" content=\"summary_large_image\" \/>\n<meta name=\"twitter:label1\" content=\"Napsal(a)\" \/>\n\t<meta name=\"twitter:data1\" content=\"Fip\" \/>\n\t<meta name=\"twitter:label2\" content=\"Odhadovan\u00e1 doba \u010dten\u00ed\" \/>\n\t<meta name=\"twitter:data2\" content=\"13 minut\" \/>\n<script type=\"application\/ld+json\" class=\"yoast-schema-graph\">{\"@context\":\"https:\/\/schema.org\",\"@graph\":[{\"@type\":\"Article\",\"@id\":\"https:\/\/evertonfc.cz\/index.php\/2023\/08\/09\/zhodnoceni-sezony-2022-23\/#article\",\"isPartOf\":{\"@id\":\"https:\/\/evertonfc.cz\/index.php\/2023\/08\/09\/zhodnoceni-sezony-2022-23\/\"},\"author\":{\"name\":\"Fip\",\"@id\":\"https:\/\/evertonfc.cz\/#\/schema\/person\/35904009755e8eaa0dc1a5f5f0419002\"},\"headline\":\"Zhodnocen\u00ed sez\u00f3ny 2022\/23\",\"datePublished\":\"2023-08-09T12:03:29+00:00\",\"dateModified\":\"2023-10-08T13:42:06+00:00\",\"mainEntityOfPage\":{\"@id\":\"https:\/\/evertonfc.cz\/index.php\/2023\/08\/09\/zhodnoceni-sezony-2022-23\/\"},\"wordCount\":2949,\"commentCount\":2,\"publisher\":{\"@id\":\"https:\/\/evertonfc.cz\/#organization\"},\"image\":{\"@id\":\"https:\/\/evertonfc.cz\/index.php\/2023\/08\/09\/zhodnoceni-sezony-2022-23\/#primaryimage\"},\"thumbnailUrl\":\"https:\/\/evertonfc.cz\/wp-content\/uploads\/2023\/08\/Everton-22-23-by-Sky-Sports-9-8-2023-.jpg\",\"articleSection\":[\"Zhodnocen\u00ed sez\u00f3n\"],\"inLanguage\":\"cs\",\"potentialAction\":[{\"@type\":\"CommentAction\",\"name\":\"Comment\",\"target\":[\"https:\/\/evertonfc.cz\/index.php\/2023\/08\/09\/zhodnoceni-sezony-2022-23\/#respond\"]}]},{\"@type\":\"WebPage\",\"@id\":\"https:\/\/evertonfc.cz\/index.php\/2023\/08\/09\/zhodnoceni-sezony-2022-23\/\",\"url\":\"https:\/\/evertonfc.cz\/index.php\/2023\/08\/09\/zhodnoceni-sezony-2022-23\/\",\"name\":\"Zhodnocen\u00ed sez\u00f3ny 2022\/23 - Official Czech &amp; Slovak Everton Supporters&#039; Club\",\"isPartOf\":{\"@id\":\"https:\/\/evertonfc.cz\/#website\"},\"primaryImageOfPage\":{\"@id\":\"https:\/\/evertonfc.cz\/index.php\/2023\/08\/09\/zhodnoceni-sezony-2022-23\/#primaryimage\"},\"image\":{\"@id\":\"https:\/\/evertonfc.cz\/index.php\/2023\/08\/09\/zhodnoceni-sezony-2022-23\/#primaryimage\"},\"thumbnailUrl\":\"https:\/\/evertonfc.cz\/wp-content\/uploads\/2023\/08\/Everton-22-23-by-Sky-Sports-9-8-2023-.jpg\",\"datePublished\":\"2023-08-09T12:03:29+00:00\",\"dateModified\":\"2023-10-08T13:42:06+00:00\",\"breadcrumb\":{\"@id\":\"https:\/\/evertonfc.cz\/index.php\/2023\/08\/09\/zhodnoceni-sezony-2022-23\/#breadcrumb\"},\"inLanguage\":\"cs\",\"potentialAction\":[{\"@type\":\"ReadAction\",\"target\":[\"https:\/\/evertonfc.cz\/index.php\/2023\/08\/09\/zhodnoceni-sezony-2022-23\/\"]}]},{\"@type\":\"ImageObject\",\"inLanguage\":\"cs\",\"@id\":\"https:\/\/evertonfc.cz\/index.php\/2023\/08\/09\/zhodnoceni-sezony-2022-23\/#primaryimage\",\"url\":\"https:\/\/evertonfc.cz\/wp-content\/uploads\/2023\/08\/Everton-22-23-by-Sky-Sports-9-8-2023-.jpg\",\"contentUrl\":\"https:\/\/evertonfc.cz\/wp-content\/uploads\/2023\/08\/Everton-22-23-by-Sky-Sports-9-8-2023-.jpg\",\"width\":720,\"height\":405},{\"@type\":\"BreadcrumbList\",\"@id\":\"https:\/\/evertonfc.cz\/index.php\/2023\/08\/09\/zhodnoceni-sezony-2022-23\/#breadcrumb\",\"itemListElement\":[{\"@type\":\"ListItem\",\"position\":1,\"name\":\"Home\",\"item\":\"https:\/\/evertonfc.cz\/\"},{\"@type\":\"ListItem\",\"position\":2,\"name\":\"Zhodnocen\u00ed sez\u00f3ny 2022\/23\"}]},{\"@type\":\"WebSite\",\"@id\":\"https:\/\/evertonfc.cz\/#website\",\"url\":\"https:\/\/evertonfc.cz\/\",\"name\":\"Official Czech &amp; Slovak Everton Supporters&#039; Club\",\"description\":\"\",\"publisher\":{\"@id\":\"https:\/\/evertonfc.cz\/#organization\"},\"potentialAction\":[{\"@type\":\"SearchAction\",\"target\":{\"@type\":\"EntryPoint\",\"urlTemplate\":\"https:\/\/evertonfc.cz\/?s={search_term_string}\"},\"query-input\":{\"@type\":\"PropertyValueSpecification\",\"valueRequired\":true,\"valueName\":\"search_term_string\"}}],\"inLanguage\":\"cs\"},{\"@type\":\"Organization\",\"@id\":\"https:\/\/evertonfc.cz\/#organization\",\"name\":\"Official Czech & Slovak Everton Supporters' Club\",\"url\":\"https:\/\/evertonfc.cz\/\",\"logo\":{\"@type\":\"ImageObject\",\"inLanguage\":\"cs\",\"@id\":\"https:\/\/evertonfc.cz\/#\/schema\/logo\/image\/\",\"url\":\"https:\/\/evertonfc.cz\/wp-content\/uploads\/2019\/05\/logo.png\",\"contentUrl\":\"https:\/\/evertonfc.cz\/wp-content\/uploads\/2019\/05\/logo.png\",\"width\":112,\"height\":112,\"caption\":\"Official Czech & Slovak Everton Supporters' Club\"},\"image\":{\"@id\":\"https:\/\/evertonfc.cz\/#\/schema\/logo\/image\/\"},\"sameAs\":[\"https:\/\/www.facebook.com\/everton.fans.cz.sk\"]},{\"@type\":\"Person\",\"@id\":\"https:\/\/evertonfc.cz\/#\/schema\/person\/35904009755e8eaa0dc1a5f5f0419002\",\"name\":\"Fip\",\"url\":\"https:\/\/evertonfc.cz\/index.php\/author\/fip\/\"}]}<\/script>\n<!-- \/ Yoast SEO plugin. -->","yoast_head_json":{"title":"Zhodnocen\u00ed sez\u00f3ny 2022\/23 - Official Czech &amp; Slovak Everton Supporters&#039; Club","robots":{"index":"index","follow":"follow","max-snippet":"max-snippet:-1","max-image-preview":"max-image-preview:large","max-video-preview":"max-video-preview:-1"},"canonical":"https:\/\/evertonfc.cz\/index.php\/2023\/08\/09\/zhodnoceni-sezony-2022-23\/","og_locale":"cs_CZ","og_type":"article","og_title":"Zhodnocen\u00ed sez\u00f3ny 2022\/23 - Official Czech &amp; Slovak Everton Supporters&#039; Club","og_description":"Neradi vzpom\u00edn\u00e1me na nep\u0159\u00edjemn\u00e9, ale alespo\u0148 jednou se to ud\u011blat mus\u00ed. Dali jsme si odstup, i \u010dasov\u00fd, a nechali rozj\u00edmat jin\u00e9. Tak a\u0165 to m\u00e1me rychle za sebou.","og_url":"https:\/\/evertonfc.cz\/index.php\/2023\/08\/09\/zhodnoceni-sezony-2022-23\/","og_site_name":"Official Czech &amp; Slovak Everton Supporters&#039; Club","article_publisher":"https:\/\/www.facebook.com\/everton.fans.cz.sk","article_published_time":"2023-08-09T12:03:29+00:00","article_modified_time":"2023-10-08T13:42:06+00:00","og_image":[{"width":720,"height":405,"url":"https:\/\/evertonfc.cz\/wp-content\/uploads\/2023\/08\/Everton-22-23-by-Sky-Sports-9-8-2023-.jpg","type":"image\/jpeg"}],"author":"Fip","twitter_card":"summary_large_image","twitter_misc":{"Napsal(a)":"Fip","Odhadovan\u00e1 doba \u010dten\u00ed":"13 minut"},"schema":{"@context":"https:\/\/schema.org","@graph":[{"@type":"Article","@id":"https:\/\/evertonfc.cz\/index.php\/2023\/08\/09\/zhodnoceni-sezony-2022-23\/#article","isPartOf":{"@id":"https:\/\/evertonfc.cz\/index.php\/2023\/08\/09\/zhodnoceni-sezony-2022-23\/"},"author":{"name":"Fip","@id":"https:\/\/evertonfc.cz\/#\/schema\/person\/35904009755e8eaa0dc1a5f5f0419002"},"headline":"Zhodnocen\u00ed sez\u00f3ny 2022\/23","datePublished":"2023-08-09T12:03:29+00:00","dateModified":"2023-10-08T13:42:06+00:00","mainEntityOfPage":{"@id":"https:\/\/evertonfc.cz\/index.php\/2023\/08\/09\/zhodnoceni-sezony-2022-23\/"},"wordCount":2949,"commentCount":2,"publisher":{"@id":"https:\/\/evertonfc.cz\/#organization"},"image":{"@id":"https:\/\/evertonfc.cz\/index.php\/2023\/08\/09\/zhodnoceni-sezony-2022-23\/#primaryimage"},"thumbnailUrl":"https:\/\/evertonfc.cz\/wp-content\/uploads\/2023\/08\/Everton-22-23-by-Sky-Sports-9-8-2023-.jpg","articleSection":["Zhodnocen\u00ed sez\u00f3n"],"inLanguage":"cs","potentialAction":[{"@type":"CommentAction","name":"Comment","target":["https:\/\/evertonfc.cz\/index.php\/2023\/08\/09\/zhodnoceni-sezony-2022-23\/#respond"]}]},{"@type":"WebPage","@id":"https:\/\/evertonfc.cz\/index.php\/2023\/08\/09\/zhodnoceni-sezony-2022-23\/","url":"https:\/\/evertonfc.cz\/index.php\/2023\/08\/09\/zhodnoceni-sezony-2022-23\/","name":"Zhodnocen\u00ed sez\u00f3ny 2022\/23 - Official Czech &amp; Slovak Everton Supporters&#039; Club","isPartOf":{"@id":"https:\/\/evertonfc.cz\/#website"},"primaryImageOfPage":{"@id":"https:\/\/evertonfc.cz\/index.php\/2023\/08\/09\/zhodnoceni-sezony-2022-23\/#primaryimage"},"image":{"@id":"https:\/\/evertonfc.cz\/index.php\/2023\/08\/09\/zhodnoceni-sezony-2022-23\/#primaryimage"},"thumbnailUrl":"https:\/\/evertonfc.cz\/wp-content\/uploads\/2023\/08\/Everton-22-23-by-Sky-Sports-9-8-2023-.jpg","datePublished":"2023-08-09T12:03:29+00:00","dateModified":"2023-10-08T13:42:06+00:00","breadcrumb":{"@id":"https:\/\/evertonfc.cz\/index.php\/2023\/08\/09\/zhodnoceni-sezony-2022-23\/#breadcrumb"},"inLanguage":"cs","potentialAction":[{"@type":"ReadAction","target":["https:\/\/evertonfc.cz\/index.php\/2023\/08\/09\/zhodnoceni-sezony-2022-23\/"]}]},{"@type":"ImageObject","inLanguage":"cs","@id":"https:\/\/evertonfc.cz\/index.php\/2023\/08\/09\/zhodnoceni-sezony-2022-23\/#primaryimage","url":"https:\/\/evertonfc.cz\/wp-content\/uploads\/2023\/08\/Everton-22-23-by-Sky-Sports-9-8-2023-.jpg","contentUrl":"https:\/\/evertonfc.cz\/wp-content\/uploads\/2023\/08\/Everton-22-23-by-Sky-Sports-9-8-2023-.jpg","width":720,"height":405},{"@type":"BreadcrumbList","@id":"https:\/\/evertonfc.cz\/index.php\/2023\/08\/09\/zhodnoceni-sezony-2022-23\/#breadcrumb","itemListElement":[{"@type":"ListItem","position":1,"name":"Home","item":"https:\/\/evertonfc.cz\/"},{"@type":"ListItem","position":2,"name":"Zhodnocen\u00ed sez\u00f3ny 2022\/23"}]},{"@type":"WebSite","@id":"https:\/\/evertonfc.cz\/#website","url":"https:\/\/evertonfc.cz\/","name":"Official Czech &amp; Slovak Everton Supporters&#039; Club","description":"","publisher":{"@id":"https:\/\/evertonfc.cz\/#organization"},"potentialAction":[{"@type":"SearchAction","target":{"@type":"EntryPoint","urlTemplate":"https:\/\/evertonfc.cz\/?s={search_term_string}"},"query-input":{"@type":"PropertyValueSpecification","valueRequired":true,"valueName":"search_term_string"}}],"inLanguage":"cs"},{"@type":"Organization","@id":"https:\/\/evertonfc.cz\/#organization","name":"Official Czech & Slovak Everton Supporters' Club","url":"https:\/\/evertonfc.cz\/","logo":{"@type":"ImageObject","inLanguage":"cs","@id":"https:\/\/evertonfc.cz\/#\/schema\/logo\/image\/","url":"https:\/\/evertonfc.cz\/wp-content\/uploads\/2019\/05\/logo.png","contentUrl":"https:\/\/evertonfc.cz\/wp-content\/uploads\/2019\/05\/logo.png","width":112,"height":112,"caption":"Official Czech & Slovak Everton Supporters' Club"},"image":{"@id":"https:\/\/evertonfc.cz\/#\/schema\/logo\/image\/"},"sameAs":["https:\/\/www.facebook.com\/everton.fans.cz.sk"]},{"@type":"Person","@id":"https:\/\/evertonfc.cz\/#\/schema\/person\/35904009755e8eaa0dc1a5f5f0419002","name":"Fip","url":"https:\/\/evertonfc.cz\/index.php\/author\/fip\/"}]}},"_links":{"self":[{"href":"https:\/\/evertonfc.cz\/index.php\/wp-json\/wp\/v2\/posts\/22313"}],"collection":[{"href":"https:\/\/evertonfc.cz\/index.php\/wp-json\/wp\/v2\/posts"}],"about":[{"href":"https:\/\/evertonfc.cz\/index.php\/wp-json\/wp\/v2\/types\/post"}],"author":[{"embeddable":true,"href":"https:\/\/evertonfc.cz\/index.php\/wp-json\/wp\/v2\/users\/10"}],"replies":[{"embeddable":true,"href":"https:\/\/evertonfc.cz\/index.php\/wp-json\/wp\/v2\/comments?post=22313"}],"version-history":[{"count":7,"href":"https:\/\/evertonfc.cz\/index.php\/wp-json\/wp\/v2\/posts\/22313\/revisions"}],"predecessor-version":[{"id":22942,"href":"https:\/\/evertonfc.cz\/index.php\/wp-json\/wp\/v2\/posts\/22313\/revisions\/22942"}],"wp:featuredmedia":[{"embeddable":true,"href":"https:\/\/evertonfc.cz\/index.php\/wp-json\/wp\/v2\/media\/22319"}],"wp:attachment":[{"href":"https:\/\/evertonfc.cz\/index.php\/wp-json\/wp\/v2\/media?parent=22313"}],"wp:term":[{"taxonomy":"category","embeddable":true,"href":"https:\/\/evertonfc.cz\/index.php\/wp-json\/wp\/v2\/categories?post=22313"},{"taxonomy":"post_tag","embeddable":true,"href":"https:\/\/evertonfc.cz\/index.php\/wp-json\/wp\/v2\/tags?post=22313"}],"curies":[{"name":"wp","href":"https:\/\/api.w.org\/{rel}","templated":true}]}}