{"id":2236,"date":"2018-03-06T17:58:31","date_gmt":"2018-03-06T16:58:31","guid":{"rendered":"http:\/\/evertonfc.cz\/?p=2236"},"modified":"2019-02-05T17:59:49","modified_gmt":"2019-02-05T16:59:49","slug":"funes-mori-jsem-pripraven","status":"publish","type":"post","link":"https:\/\/evertonfc.cz\/index.php\/2018\/03\/06\/funes-mori-jsem-pripraven\/","title":{"rendered":"Funes Mori: Jsem p\u0159ipraven"},"content":{"rendered":"\n<h4 class=\"wp-block-heading\">Ramiro Funes Mori se zotavil z t\u011b\u017ek\u00e9ho zran\u011bn\u00ed kolena a podle vlastn\u00edch slov je p\u0159ipraven nasko\u010dit rovnou do z\u00e1kladn\u00ed sestavy prvn\u00edho t\u00fdmu.<\/h4>\n\n\n\n<p>Levonoh\u00fd stoper chyb\u011bl cel\u00fd rok pot\u00e9, co si v b\u0159eznu 2017 z mezist\u00e1tn\u00edho st\u0159etnut\u00ed za Argentinu odnesl v\u00e1\u017en\u00e9 zran\u011bn\u00ed kolena. Dokonce musel n\u00e1sledn\u011b podstoupit dva chirurgick\u00e9 z\u00e1kroky.<\/p>\n\n\n\n<p>Po absolvov\u00e1n\u00ed rekonvalescence z\u00edsk\u00e1val hern\u00ed praxi ve v\u00fdb\u011bru Evertonu U23, kter\u00e9mu naposledy v\u010dera \u2013 v den sv\u00fdch 27. narozenin \u2013 pomohl slu\u0161n\u00fdm v\u00fdkonem k v\u00fdh\u0159e 2:0 nad Swansea. V utk\u00e1n\u00ed se mimochodem objevil i Davy Klaassen, letn\u00ed posila za 23,6 milionu liber, pro ni\u017e nen\u00ed m\u00edsto ani na lavi\u010dce prvn\u00edho t\u00fdmu.<\/p>\n\n\n\n<p><em>\u201eV posledn\u00edch t\u00fddnech dob\u0159e tr\u00e9nuji, a i p\u0159eto\u017ee jsem nehr\u00e1l za prvn\u00ed t\u00fdm, do z\u00e1pasov\u00e9ho rytmu jsem se dostal d\u00edky start\u016fm ve v\u00fdb\u011bru U23. Jsem stoprocentn\u011b zdr\u00e1v a p\u0159ipraven nastoupit do sobotn\u00edho ligov\u00e9ho utk\u00e1n\u00ed s Brightonem,\u201c<\/em>\u00a0poslal Funes Mori vzkaz nejen mana\u017eerovi Allardyceovi.<\/p>\n\n\n\n<p>O mo\u017enosti nasadit Funese Moriho mus\u00ed Allardyce minim\u00e1ln\u011b p\u0159em\u00fd\u0161let. Williamsovi toti\u017e za\u010d\u00edn\u00e1 t\u0159\u00edz\u00e1pasov\u00fd trest za vylou\u010den\u00ed, Keanovi se posledn\u00ed duel s Burnley nevyda\u0159il, Mangalovi pravd\u011bpodobn\u011b p\u0159ed\u010dasn\u011b skon\u010dila sez\u00f3na kv\u016fli zran\u011bn\u00ed a zbyl\u00ed dva stope\u0159i Holgate a Jagielka se v posledn\u00ed dob\u011b net\u011b\u0161\u00ed velk\u00e9 d\u016fv\u011b\u0159e Sama Allardycea.<\/p>\n\n\n\n<p>Argentince \u017eene k n\u00e1vratu do sestavy Toffees p\u0159edev\u0161\u00edm vidina \u00fa\u010dasti na mistrovstv\u00ed sv\u011bta. P\u0159ed zran\u011bn\u00edm toti\u017e pat\u0159il do z\u00e1kladn\u00ed jeden\u00e1ctky n\u00e1rodn\u00edho t\u00fdmu a po\u010d\u00edtat s&nbsp;n\u00edm, zd\u00e1 se, bude i nov\u00fd tren\u00e9r Jorge Sampaoli (ve funkci od kv\u011btna 2017), kter\u00fd ho nominoval k b\u0159eznov\u00fdm p\u0159\u00e1telsk\u00fdm z\u00e1pas\u016fm v It\u00e1lii a ve \u0160pan\u011blsku.<\/p>\n\n\n\n<p>Funes Mori p\u016fsob\u00ed na Goodison Parku od l\u00e9ta 2015, kdy ho za 9,5 milionu liber vykoupil z River Plate tehdej\u0161\u00ed mana\u017eer Roberto Mart\u00ednez. Za klub stihl d\u016frazn\u00fd obr\u00e1nce odehr\u00e1t 63 z\u00e1pas\u016f, v nich\u017e vst\u0159elil p\u011bt branek. St\u00e1vaj\u00edc\u00ed kontrakt mu vypr\u0161\u00ed a\u017e v roce 2020.<\/p>\n","protected":false},"excerpt":{"rendered":"<p>Ramiro Funes Mori se zotavil z t\u011b\u017ek\u00e9ho zran\u011bn\u00ed kolena a podle vlastn\u00edch slov je p\u0159ipraven nasko\u010dit rovnou do z\u00e1kladn\u00ed sestavy&hellip;<\/p>\n","protected":false},"author":6,"featured_media":1312,"comment_status":"open","ping_status":"closed","sticky":false,"template":"","format":"standard","meta":{"_eb_attr":"","_monsterinsights_skip_tracking":false,"_monsterinsights_sitenote_active":false,"_monsterinsights_sitenote_note":"","_monsterinsights_sitenote_category":0,"footnotes":""},"categories":[1],"tags":[],"yoast_head":"<!-- This site is optimized with the Yoast SEO plugin v23.4 - https:\/\/yoast.com\/wordpress\/plugins\/seo\/ -->\n<title>Funes Mori: Jsem p\u0159ipraven - Official Czech &amp; Slovak Everton Supporters&#039; Club<\/title>\n<meta name=\"robots\" content=\"index, follow, max-snippet:-1, max-image-preview:large, max-video-preview:-1\" \/>\n<link rel=\"canonical\" href=\"https:\/\/evertonfc.cz\/index.php\/2018\/03\/06\/funes-mori-jsem-pripraven\/\" \/>\n<meta property=\"og:locale\" content=\"cs_CZ\" \/>\n<meta property=\"og:type\" content=\"article\" \/>\n<meta property=\"og:title\" content=\"Funes Mori: Jsem p\u0159ipraven - Official Czech &amp; Slovak Everton Supporters&#039; Club\" \/>\n<meta property=\"og:description\" content=\"Ramiro Funes Mori se zotavil z t\u011b\u017ek\u00e9ho zran\u011bn\u00ed kolena a podle vlastn\u00edch slov je p\u0159ipraven nasko\u010dit rovnou do z\u00e1kladn\u00ed sestavy&hellip;\" \/>\n<meta property=\"og:url\" content=\"https:\/\/evertonfc.cz\/index.php\/2018\/03\/06\/funes-mori-jsem-pripraven\/\" \/>\n<meta property=\"og:site_name\" content=\"Official Czech &amp; Slovak Everton Supporters&#039; Club\" \/>\n<meta property=\"article:publisher\" content=\"https:\/\/www.facebook.com\/everton.fans.cz.sk\" \/>\n<meta property=\"article:published_time\" content=\"2018-03-06T16:58:31+00:00\" \/>\n<meta property=\"article:modified_time\" content=\"2019-02-05T16:59:49+00:00\" \/>\n<meta property=\"og:image\" content=\"https:\/\/evertonfc.cz\/wp-content\/uploads\/2019\/01\/interview.jpg\" \/>\n\t<meta property=\"og:image:width\" content=\"720\" \/>\n\t<meta property=\"og:image:height\" content=\"405\" \/>\n\t<meta property=\"og:image:type\" content=\"image\/jpeg\" \/>\n<meta name=\"author\" content=\"Ri\u010di\" \/>\n<meta name=\"twitter:card\" content=\"summary_large_image\" \/>\n<meta name=\"twitter:creator\" content=\"@rbrejsa\" \/>\n<meta name=\"twitter:label1\" content=\"Napsal(a)\" \/>\n\t<meta name=\"twitter:data1\" content=\"Ri\u010di\" \/>\n\t<meta name=\"twitter:label2\" content=\"Odhadovan\u00e1 doba \u010dten\u00ed\" \/>\n\t<meta name=\"twitter:data2\" content=\"2 minuty\" \/>\n<script type=\"application\/ld+json\" class=\"yoast-schema-graph\">{\"@context\":\"https:\/\/schema.org\",\"@graph\":[{\"@type\":\"Article\",\"@id\":\"https:\/\/evertonfc.cz\/index.php\/2018\/03\/06\/funes-mori-jsem-pripraven\/#article\",\"isPartOf\":{\"@id\":\"https:\/\/evertonfc.cz\/index.php\/2018\/03\/06\/funes-mori-jsem-pripraven\/\"},\"author\":{\"name\":\"Ri\u010di\",\"@id\":\"https:\/\/evertonfc.cz\/#\/schema\/person\/f7a5daedb2ffee98480bc70e191aaef1\"},\"headline\":\"Funes Mori: Jsem p\u0159ipraven\",\"datePublished\":\"2018-03-06T16:58:31+00:00\",\"dateModified\":\"2019-02-05T16:59:49+00:00\",\"mainEntityOfPage\":{\"@id\":\"https:\/\/evertonfc.cz\/index.php\/2018\/03\/06\/funes-mori-jsem-pripraven\/\"},\"wordCount\":391,\"commentCount\":0,\"publisher\":{\"@id\":\"https:\/\/evertonfc.cz\/#organization\"},\"image\":{\"@id\":\"https:\/\/evertonfc.cz\/index.php\/2018\/03\/06\/funes-mori-jsem-pripraven\/#primaryimage\"},\"thumbnailUrl\":\"https:\/\/evertonfc.cz\/wp-content\/uploads\/2019\/01\/interview.jpg\",\"articleSection\":[\"Rozhovory\"],\"inLanguage\":\"cs\",\"potentialAction\":[{\"@type\":\"CommentAction\",\"name\":\"Comment\",\"target\":[\"https:\/\/evertonfc.cz\/index.php\/2018\/03\/06\/funes-mori-jsem-pripraven\/#respond\"]}]},{\"@type\":\"WebPage\",\"@id\":\"https:\/\/evertonfc.cz\/index.php\/2018\/03\/06\/funes-mori-jsem-pripraven\/\",\"url\":\"https:\/\/evertonfc.cz\/index.php\/2018\/03\/06\/funes-mori-jsem-pripraven\/\",\"name\":\"Funes Mori: Jsem p\u0159ipraven - Official Czech &amp; Slovak Everton Supporters&#039; Club\",\"isPartOf\":{\"@id\":\"https:\/\/evertonfc.cz\/#website\"},\"primaryImageOfPage\":{\"@id\":\"https:\/\/evertonfc.cz\/index.php\/2018\/03\/06\/funes-mori-jsem-pripraven\/#primaryimage\"},\"image\":{\"@id\":\"https:\/\/evertonfc.cz\/index.php\/2018\/03\/06\/funes-mori-jsem-pripraven\/#primaryimage\"},\"thumbnailUrl\":\"https:\/\/evertonfc.cz\/wp-content\/uploads\/2019\/01\/interview.jpg\",\"datePublished\":\"2018-03-06T16:58:31+00:00\",\"dateModified\":\"2019-02-05T16:59:49+00:00\",\"breadcrumb\":{\"@id\":\"https:\/\/evertonfc.cz\/index.php\/2018\/03\/06\/funes-mori-jsem-pripraven\/#breadcrumb\"},\"inLanguage\":\"cs\",\"potentialAction\":[{\"@type\":\"ReadAction\",\"target\":[\"https:\/\/evertonfc.cz\/index.php\/2018\/03\/06\/funes-mori-jsem-pripraven\/\"]}]},{\"@type\":\"ImageObject\",\"inLanguage\":\"cs\",\"@id\":\"https:\/\/evertonfc.cz\/index.php\/2018\/03\/06\/funes-mori-jsem-pripraven\/#primaryimage\",\"url\":\"https:\/\/evertonfc.cz\/wp-content\/uploads\/2019\/01\/interview.jpg\",\"contentUrl\":\"https:\/\/evertonfc.cz\/wp-content\/uploads\/2019\/01\/interview.jpg\",\"width\":720,\"height\":405},{\"@type\":\"BreadcrumbList\",\"@id\":\"https:\/\/evertonfc.cz\/index.php\/2018\/03\/06\/funes-mori-jsem-pripraven\/#breadcrumb\",\"itemListElement\":[{\"@type\":\"ListItem\",\"position\":1,\"name\":\"Home\",\"item\":\"https:\/\/evertonfc.cz\/\"},{\"@type\":\"ListItem\",\"position\":2,\"name\":\"Funes Mori: Jsem p\u0159ipraven\"}]},{\"@type\":\"WebSite\",\"@id\":\"https:\/\/evertonfc.cz\/#website\",\"url\":\"https:\/\/evertonfc.cz\/\",\"name\":\"Official Czech &amp; Slovak Everton Supporters&#039; Club\",\"description\":\"\",\"publisher\":{\"@id\":\"https:\/\/evertonfc.cz\/#organization\"},\"potentialAction\":[{\"@type\":\"SearchAction\",\"target\":{\"@type\":\"EntryPoint\",\"urlTemplate\":\"https:\/\/evertonfc.cz\/?s={search_term_string}\"},\"query-input\":{\"@type\":\"PropertyValueSpecification\",\"valueRequired\":true,\"valueName\":\"search_term_string\"}}],\"inLanguage\":\"cs\"},{\"@type\":\"Organization\",\"@id\":\"https:\/\/evertonfc.cz\/#organization\",\"name\":\"Official Czech & Slovak Everton Supporters' Club\",\"url\":\"https:\/\/evertonfc.cz\/\",\"logo\":{\"@type\":\"ImageObject\",\"inLanguage\":\"cs\",\"@id\":\"https:\/\/evertonfc.cz\/#\/schema\/logo\/image\/\",\"url\":\"https:\/\/evertonfc.cz\/wp-content\/uploads\/2019\/05\/logo.png\",\"contentUrl\":\"https:\/\/evertonfc.cz\/wp-content\/uploads\/2019\/05\/logo.png\",\"width\":112,\"height\":112,\"caption\":\"Official Czech & Slovak Everton Supporters' Club\"},\"image\":{\"@id\":\"https:\/\/evertonfc.cz\/#\/schema\/logo\/image\/\"},\"sameAs\":[\"https:\/\/www.facebook.com\/everton.fans.cz.sk\"]},{\"@type\":\"Person\",\"@id\":\"https:\/\/evertonfc.cz\/#\/schema\/person\/f7a5daedb2ffee98480bc70e191aaef1\",\"name\":\"Ri\u010di\",\"sameAs\":[\"https:\/\/x.com\/rbrejsa\"],\"url\":\"https:\/\/evertonfc.cz\/index.php\/author\/rici\/\"}]}<\/script>\n<!-- \/ Yoast SEO plugin. -->","yoast_head_json":{"title":"Funes Mori: Jsem p\u0159ipraven - Official Czech &amp; Slovak Everton Supporters&#039; Club","robots":{"index":"index","follow":"follow","max-snippet":"max-snippet:-1","max-image-preview":"max-image-preview:large","max-video-preview":"max-video-preview:-1"},"canonical":"https:\/\/evertonfc.cz\/index.php\/2018\/03\/06\/funes-mori-jsem-pripraven\/","og_locale":"cs_CZ","og_type":"article","og_title":"Funes Mori: Jsem p\u0159ipraven - Official Czech &amp; Slovak Everton Supporters&#039; Club","og_description":"Ramiro Funes Mori se zotavil z t\u011b\u017ek\u00e9ho zran\u011bn\u00ed kolena a podle vlastn\u00edch slov je p\u0159ipraven nasko\u010dit rovnou do z\u00e1kladn\u00ed sestavy&hellip;","og_url":"https:\/\/evertonfc.cz\/index.php\/2018\/03\/06\/funes-mori-jsem-pripraven\/","og_site_name":"Official Czech &amp; Slovak Everton Supporters&#039; Club","article_publisher":"https:\/\/www.facebook.com\/everton.fans.cz.sk","article_published_time":"2018-03-06T16:58:31+00:00","article_modified_time":"2019-02-05T16:59:49+00:00","og_image":[{"width":720,"height":405,"url":"https:\/\/evertonfc.cz\/wp-content\/uploads\/2019\/01\/interview.jpg","type":"image\/jpeg"}],"author":"Ri\u010di","twitter_card":"summary_large_image","twitter_creator":"@rbrejsa","twitter_misc":{"Napsal(a)":"Ri\u010di","Odhadovan\u00e1 doba \u010dten\u00ed":"2 minuty"},"schema":{"@context":"https:\/\/schema.org","@graph":[{"@type":"Article","@id":"https:\/\/evertonfc.cz\/index.php\/2018\/03\/06\/funes-mori-jsem-pripraven\/#article","isPartOf":{"@id":"https:\/\/evertonfc.cz\/index.php\/2018\/03\/06\/funes-mori-jsem-pripraven\/"},"author":{"name":"Ri\u010di","@id":"https:\/\/evertonfc.cz\/#\/schema\/person\/f7a5daedb2ffee98480bc70e191aaef1"},"headline":"Funes Mori: Jsem p\u0159ipraven","datePublished":"2018-03-06T16:58:31+00:00","dateModified":"2019-02-05T16:59:49+00:00","mainEntityOfPage":{"@id":"https:\/\/evertonfc.cz\/index.php\/2018\/03\/06\/funes-mori-jsem-pripraven\/"},"wordCount":391,"commentCount":0,"publisher":{"@id":"https:\/\/evertonfc.cz\/#organization"},"image":{"@id":"https:\/\/evertonfc.cz\/index.php\/2018\/03\/06\/funes-mori-jsem-pripraven\/#primaryimage"},"thumbnailUrl":"https:\/\/evertonfc.cz\/wp-content\/uploads\/2019\/01\/interview.jpg","articleSection":["Rozhovory"],"inLanguage":"cs","potentialAction":[{"@type":"CommentAction","name":"Comment","target":["https:\/\/evertonfc.cz\/index.php\/2018\/03\/06\/funes-mori-jsem-pripraven\/#respond"]}]},{"@type":"WebPage","@id":"https:\/\/evertonfc.cz\/index.php\/2018\/03\/06\/funes-mori-jsem-pripraven\/","url":"https:\/\/evertonfc.cz\/index.php\/2018\/03\/06\/funes-mori-jsem-pripraven\/","name":"Funes Mori: Jsem p\u0159ipraven - Official Czech &amp; Slovak Everton Supporters&#039; Club","isPartOf":{"@id":"https:\/\/evertonfc.cz\/#website"},"primaryImageOfPage":{"@id":"https:\/\/evertonfc.cz\/index.php\/2018\/03\/06\/funes-mori-jsem-pripraven\/#primaryimage"},"image":{"@id":"https:\/\/evertonfc.cz\/index.php\/2018\/03\/06\/funes-mori-jsem-pripraven\/#primaryimage"},"thumbnailUrl":"https:\/\/evertonfc.cz\/wp-content\/uploads\/2019\/01\/interview.jpg","datePublished":"2018-03-06T16:58:31+00:00","dateModified":"2019-02-05T16:59:49+00:00","breadcrumb":{"@id":"https:\/\/evertonfc.cz\/index.php\/2018\/03\/06\/funes-mori-jsem-pripraven\/#breadcrumb"},"inLanguage":"cs","potentialAction":[{"@type":"ReadAction","target":["https:\/\/evertonfc.cz\/index.php\/2018\/03\/06\/funes-mori-jsem-pripraven\/"]}]},{"@type":"ImageObject","inLanguage":"cs","@id":"https:\/\/evertonfc.cz\/index.php\/2018\/03\/06\/funes-mori-jsem-pripraven\/#primaryimage","url":"https:\/\/evertonfc.cz\/wp-content\/uploads\/2019\/01\/interview.jpg","contentUrl":"https:\/\/evertonfc.cz\/wp-content\/uploads\/2019\/01\/interview.jpg","width":720,"height":405},{"@type":"BreadcrumbList","@id":"https:\/\/evertonfc.cz\/index.php\/2018\/03\/06\/funes-mori-jsem-pripraven\/#breadcrumb","itemListElement":[{"@type":"ListItem","position":1,"name":"Home","item":"https:\/\/evertonfc.cz\/"},{"@type":"ListItem","position":2,"name":"Funes Mori: Jsem p\u0159ipraven"}]},{"@type":"WebSite","@id":"https:\/\/evertonfc.cz\/#website","url":"https:\/\/evertonfc.cz\/","name":"Official Czech &amp; Slovak Everton Supporters&#039; Club","description":"","publisher":{"@id":"https:\/\/evertonfc.cz\/#organization"},"potentialAction":[{"@type":"SearchAction","target":{"@type":"EntryPoint","urlTemplate":"https:\/\/evertonfc.cz\/?s={search_term_string}"},"query-input":{"@type":"PropertyValueSpecification","valueRequired":true,"valueName":"search_term_string"}}],"inLanguage":"cs"},{"@type":"Organization","@id":"https:\/\/evertonfc.cz\/#organization","name":"Official Czech & Slovak Everton Supporters' Club","url":"https:\/\/evertonfc.cz\/","logo":{"@type":"ImageObject","inLanguage":"cs","@id":"https:\/\/evertonfc.cz\/#\/schema\/logo\/image\/","url":"https:\/\/evertonfc.cz\/wp-content\/uploads\/2019\/05\/logo.png","contentUrl":"https:\/\/evertonfc.cz\/wp-content\/uploads\/2019\/05\/logo.png","width":112,"height":112,"caption":"Official Czech & Slovak Everton Supporters' Club"},"image":{"@id":"https:\/\/evertonfc.cz\/#\/schema\/logo\/image\/"},"sameAs":["https:\/\/www.facebook.com\/everton.fans.cz.sk"]},{"@type":"Person","@id":"https:\/\/evertonfc.cz\/#\/schema\/person\/f7a5daedb2ffee98480bc70e191aaef1","name":"Ri\u010di","sameAs":["https:\/\/x.com\/rbrejsa"],"url":"https:\/\/evertonfc.cz\/index.php\/author\/rici\/"}]}},"_links":{"self":[{"href":"https:\/\/evertonfc.cz\/index.php\/wp-json\/wp\/v2\/posts\/2236"}],"collection":[{"href":"https:\/\/evertonfc.cz\/index.php\/wp-json\/wp\/v2\/posts"}],"about":[{"href":"https:\/\/evertonfc.cz\/index.php\/wp-json\/wp\/v2\/types\/post"}],"author":[{"embeddable":true,"href":"https:\/\/evertonfc.cz\/index.php\/wp-json\/wp\/v2\/users\/6"}],"replies":[{"embeddable":true,"href":"https:\/\/evertonfc.cz\/index.php\/wp-json\/wp\/v2\/comments?post=2236"}],"version-history":[{"count":1,"href":"https:\/\/evertonfc.cz\/index.php\/wp-json\/wp\/v2\/posts\/2236\/revisions"}],"predecessor-version":[{"id":2237,"href":"https:\/\/evertonfc.cz\/index.php\/wp-json\/wp\/v2\/posts\/2236\/revisions\/2237"}],"wp:featuredmedia":[{"embeddable":true,"href":"https:\/\/evertonfc.cz\/index.php\/wp-json\/wp\/v2\/media\/1312"}],"wp:attachment":[{"href":"https:\/\/evertonfc.cz\/index.php\/wp-json\/wp\/v2\/media?parent=2236"}],"wp:term":[{"taxonomy":"category","embeddable":true,"href":"https:\/\/evertonfc.cz\/index.php\/wp-json\/wp\/v2\/categories?post=2236"},{"taxonomy":"post_tag","embeddable":true,"href":"https:\/\/evertonfc.cz\/index.php\/wp-json\/wp\/v2\/tags?post=2236"}],"curies":[{"name":"wp","href":"https:\/\/api.w.org\/{rel}","templated":true}]}}