{"id":22368,"date":"2023-08-12T18:00:48","date_gmt":"2023-08-12T16:00:48","guid":{"rendered":"https:\/\/evertonfc.cz\/?p=22368"},"modified":"2023-10-10T15:19:41","modified_gmt":"2023-10-10T13:19:41","slug":"everton-fulham-0-1","status":"publish","type":"post","link":"https:\/\/evertonfc.cz\/index.php\/2023\/08\/12\/everton-fulham-0-1\/","title":{"rendered":"Everton &#8211; Fulham 0:1"},"content":{"rendered":"<h4>Nov\u00e1 sez\u00f3na, star\u00fd Everton. Toffees si v \u00favodn\u00edm kole vytvo\u0159ili p\u011bt a\u017e \u0161est g\u00f3lov\u00fdch \u0161anc\u00ed, av\u0161ak v\u00edt\u011bznou branku z\u00e1pasu nakonec vst\u0159elil Fulham, a to ze sv\u00e9 jedin\u00e9 st\u0159ely na br\u00e1nu.<\/h4>\n<p>Everton nenastoupil v nejsiln\u011bj\u0161\u00ed mo\u017en\u00e9 sestav\u011b, kv\u016fli zran\u011bn\u00ed absentoval lo\u0148sk\u00fd nejlep\u0161\u00ed st\u0159elec Dwight McNeil a tak\u00e9 Dominic Calvert-Lewin, kter\u00fd st\u00e1le nab\u00edr\u00e1 kondici po sv\u00fdch vlekl\u00fdch pat\u00e1li\u00edch. Posila Arnaut Danjuma z\u016fstala pouze na lavi\u010dce n\u00e1hradn\u00edk\u016f, kde sed\u011bl tak\u00e9 nap\u0159\u00edklad mlad\u00edk Jarrad Brantwaite, na \u00fakor n\u011bho\u017e se objevil v z\u00e1kladn\u00ed sestav\u011b Michael Keane. Jedinou letn\u00ed posilou v \u00favodn\u00ed jeden\u00e1ctce tak byl 38let\u00fd Ashley Young. Na hrotu \u00fatoku operoval Neal Maupay. Fulham se v z\u00e1kladn\u00ed sestav\u011b musel obej\u00edt bez sv\u00fdch t\u0159\u00ed opor &#8211; Palhinha kv\u016fli zran\u011bn\u00ed ramene chyb\u00ed del\u0161\u00ed dobu, zotavuj\u00edc\u00ed se Pereira byl nominov\u00e1n pouze na lavi\u010dku, kde za\u010dal utk\u00e1n\u00ed rovn\u011b\u017e Mitrovi\u0107, st\u00e1le koketuj\u00edc\u00ed s p\u0159estupem do Saudsk\u00e9 Ar\u00e1bie.<\/p>\n<p>A pr\u00e1v\u011b kritizovan\u00fd Maupay se u\u017e v prvn\u00ed minut\u011b dostal do \u00favodn\u00ed \u0161ance z\u00e1pasu, kdy\u017e vyu\u017eil rozpa\u010ditou rozehr\u00e1vku host\u00ed a nebezpe\u010dn\u011b p\u00e1lil z \u00fahlu. Minul pouze o kousek.<\/p>\n<p>U\u017e v p\u00e1t\u00e9 minut\u011b se po p\u0159esn\u00e9m pasu Onany probil do stoprocentn\u00ed g\u00f3lovky Doucour\u00e9, k \u010demu\u017e mu tak\u00e9 pomohlo podklouznut\u00ed soupe\u0159e, s\u00e1m p\u0159ed Lenem v\u0161ak nedok\u00e1zal zachovat chladnou hlavu a neprotla\u010dil m\u00ed\u010d do s\u00edt\u011b.<\/p>\n<p>Fulham m\u011bl sice 70 procent \u010dasu balon na sv\u00fdch kopa\u010dk\u00e1ch, ale byl to Everton, jen\u017e si po rychl\u00fdch kontrech vytv\u00e1\u0159el a\u017e nezvykle velk\u00fd po\u010det nebezpe\u010dn\u00fdch a kombina\u010dn\u011b p\u011bkn\u00fdch akc\u00ed. Po p\u016flhodin\u011b hry Doucour\u00e9 hlavi\u010dkou na\u0161el Maupaye v mal\u00e9m v\u00e1pn\u011b, ale Francouz neprost\u0159elil Lena. Vz\u00e1p\u011bt\u00ed Michael Keane doklepl m\u00ed\u010d do br\u00e1ny, ale rozhod\u010d\u00ed vid\u011bl faul Tarkowskiho na vyb\u011bhnuv\u0161\u00edho Lena, kter\u00e9mu vypadl centr z rukavic.<\/p>\n<p>Festival zahozen\u00fdch \u0161anc\u00ed Toffees vygradoval p\u0159ed polo\u010dasovou p\u0159est\u00e1vkou. Neal Maupay si op\u011bt v g\u00f3lov\u00e9 p\u0159\u00edle\u017eitosti vyl\u00e1mal zuby na skv\u011bl\u00e9m Lenovi a s n\u00e1slednou dor\u00e1\u017ekou nepochodil ani Iwobi.<\/p>\n<p>Do druh\u00e9ho polo\u010dasu vstoupili l\u00e9pe Cottagers, umn\u011b kombinovali a z jejich p\u0159evahy vy\u00fastila v 57. minut\u011b st\u0159ela Ra\u00fala Jim\u00e9neze do ty\u010de. Mexi\u010dan vz\u00e1p\u011bt\u00ed opustil h\u0159i\u0161t\u011b spolu s Cairneym a do hry nasko\u010dila ofenzivn\u00ed esa Mitrovi\u0107 a Pereira.<\/p>\n<p>V 68. minut\u011b se hbit\u011b uvolnil Iwobi a ost\u0159e vyst\u0159elil. Jeho pokus vyrazil Leno p\u0159ed sebe do strany, kde na hranici velk\u00e9ho v\u00e1pna dor\u00e1\u017eel Patterson, jen\u017ee volil razanci na \u00fakor p\u0159esnosti a oraz\u00edtkoval jen b\u0159evno.<\/p>\n<p>V 72. minut\u011b se do\u010dkal debutu v modr\u00e9m dresu Arnaut Danjuma, kter\u00fd vyst\u0159\u00eddal Maupaye. A v n\u00e1sleduj\u00edc\u00ed minut\u011b Fulham ude\u0159il prakticky z ni\u010deho. D\u016frazn\u00fd Pereira odcentroval p\u0159es Pattersona a osamocen\u00fd De Cordova-Reid zbl\u00edzka sk\u00f3roval &#8211; <strong>0:1<\/strong>. Autor branky mohl za chvilku p\u0159idat i druhou trefu, ale prudk\u00fd centr nebyl schopen vm\u011bstnat mezi t\u0159i ty\u010de.<\/p>\n<p>V z\u00e1v\u011bre\u010dn\u00e9 desetiminutovce Dyche poslal na h\u0159i\u0161t\u011b mlad\u00e9ho \u00fato\u010dn\u00edka Lewise Dobbina, ale ani on nedok\u00e1zal prolomit st\u0159eleck\u00e9 tr\u00e1pen\u00ed. Rovn\u011b\u017e se to nepoda\u0159ilo zakon\u010duj\u00edc\u00edm Iwobimu a Tarkowskimu, kte\u0159\u00ed neusp\u011bli v solidn\u00edch \u0161anc\u00edch zbl\u00edzka.<\/p>\n<p>Everton si ze z\u00e1pasu, kter\u00fd m\u011bl vyhr\u00e1t, neodn\u00e1\u0161\u00ed ani bod. Snad to nebude p\u0159edzv\u011bst dal\u0161\u00ed dlouh\u00e9 sez\u00f3ny na ligov\u00e9m chvostu.<\/p>\n<p style=\"text-align: right;\"><span style=\"font-size: 8pt;\">(foto zdroj: evertonfc.com)<\/span><\/p>\n<p><strong>Branka:<\/strong> 73. De Cordova-Reid\u00a0 \u00a0<strong>\u017dK:<\/strong> 30. Willian, 87. Tete<\/p>\n<p><strong>Everton:<\/strong> Pickford &#8211; Patterson, Keane, Tarkowski, Young &#8211; Garner (83. Dobbin), Gueye, Onana, Iwobi &#8211; Doucour\u00e9 &#8211; Maupay (72. Danjuma)<\/p>\n<p><strong>Fulham:<\/strong> Leno &#8211; Tete, Diop, Ream, Robinson &#8211; Cairney (58. Pereira), Luki\u0107, Reed &#8211; Wilian (46. De Cordova-Reid), Jim\u00e9nez (58. Mitrovi\u0107), Wilson<\/p>\n<p><strong>Rozhod\u010d\u00ed:<\/strong> Stuart Attwell\u00a0 \u00a0<strong>Div\u00e1ci:<\/strong> 39 940<\/p>\n","protected":false},"excerpt":{"rendered":"<p>Nov\u00e1 sez\u00f3na, star\u00fd Everton. Toffees si v \u00favodn\u00edm kole vytvo\u0159ili p\u011bt a\u017e \u0161est g\u00f3lov\u00fdch \u0161anc\u00ed, av\u0161ak v\u00edt\u011bznou branku z\u00e1pasu nakonec vst\u0159elil Fulham, a to ze sv\u00e9 jedin\u00e9 st\u0159ely na br\u00e1nu.<\/p>\n","protected":false},"author":6,"featured_media":22371,"comment_status":"open","ping_status":"closed","sticky":false,"template":"","format":"standard","meta":{"_eb_attr":"","_monsterinsights_skip_tracking":false,"_monsterinsights_sitenote_active":false,"_monsterinsights_sitenote_note":"","_monsterinsights_sitenote_category":0,"footnotes":""},"categories":[4],"tags":[],"yoast_head":"<!-- This site is optimized with the Yoast SEO plugin v23.4 - https:\/\/yoast.com\/wordpress\/plugins\/seo\/ -->\n<title>Everton - Fulham 0:1 - Official Czech &amp; Slovak Everton Supporters&#039; Club<\/title>\n<meta name=\"robots\" content=\"index, follow, max-snippet:-1, max-image-preview:large, max-video-preview:-1\" \/>\n<link rel=\"canonical\" href=\"https:\/\/evertonfc.cz\/index.php\/2023\/08\/12\/everton-fulham-0-1\/\" \/>\n<meta property=\"og:locale\" content=\"cs_CZ\" \/>\n<meta property=\"og:type\" content=\"article\" \/>\n<meta property=\"og:title\" content=\"Everton - Fulham 0:1 - Official Czech &amp; Slovak Everton Supporters&#039; Club\" \/>\n<meta property=\"og:description\" content=\"Nov\u00e1 sez\u00f3na, star\u00fd Everton. Toffees si v \u00favodn\u00edm kole vytvo\u0159ili p\u011bt a\u017e \u0161est g\u00f3lov\u00fdch \u0161anc\u00ed, av\u0161ak v\u00edt\u011bznou branku z\u00e1pasu nakonec vst\u0159elil Fulham, a to ze sv\u00e9 jedin\u00e9 st\u0159ely na br\u00e1nu.\" \/>\n<meta property=\"og:url\" content=\"https:\/\/evertonfc.cz\/index.php\/2023\/08\/12\/everton-fulham-0-1\/\" \/>\n<meta property=\"og:site_name\" content=\"Official Czech &amp; Slovak Everton Supporters&#039; Club\" \/>\n<meta property=\"article:publisher\" content=\"https:\/\/www.facebook.com\/everton.fans.cz.sk\" \/>\n<meta property=\"article:published_time\" content=\"2023-08-12T16:00:48+00:00\" \/>\n<meta property=\"article:modified_time\" content=\"2023-10-10T13:19:41+00:00\" \/>\n<meta property=\"og:image\" content=\"https:\/\/evertonfc.cz\/wp-content\/uploads\/2023\/08\/maupay_12_8_2023.jpeg\" \/>\n\t<meta property=\"og:image:width\" content=\"720\" \/>\n\t<meta property=\"og:image:height\" content=\"405\" \/>\n\t<meta property=\"og:image:type\" content=\"image\/jpeg\" \/>\n<meta name=\"author\" content=\"Ri\u010di\" \/>\n<meta name=\"twitter:card\" content=\"summary_large_image\" \/>\n<meta name=\"twitter:creator\" content=\"@rbrejsa\" \/>\n<meta name=\"twitter:label1\" content=\"Napsal(a)\" \/>\n\t<meta name=\"twitter:data1\" content=\"Ri\u010di\" \/>\n\t<meta name=\"twitter:label2\" content=\"Odhadovan\u00e1 doba \u010dten\u00ed\" \/>\n\t<meta name=\"twitter:data2\" content=\"3 minuty\" \/>\n<script type=\"application\/ld+json\" class=\"yoast-schema-graph\">{\"@context\":\"https:\/\/schema.org\",\"@graph\":[{\"@type\":\"Article\",\"@id\":\"https:\/\/evertonfc.cz\/index.php\/2023\/08\/12\/everton-fulham-0-1\/#article\",\"isPartOf\":{\"@id\":\"https:\/\/evertonfc.cz\/index.php\/2023\/08\/12\/everton-fulham-0-1\/\"},\"author\":{\"name\":\"Ri\u010di\",\"@id\":\"https:\/\/evertonfc.cz\/#\/schema\/person\/f7a5daedb2ffee98480bc70e191aaef1\"},\"headline\":\"Everton &#8211; Fulham 0:1\",\"datePublished\":\"2023-08-12T16:00:48+00:00\",\"dateModified\":\"2023-10-10T13:19:41+00:00\",\"mainEntityOfPage\":{\"@id\":\"https:\/\/evertonfc.cz\/index.php\/2023\/08\/12\/everton-fulham-0-1\/\"},\"wordCount\":690,\"commentCount\":14,\"publisher\":{\"@id\":\"https:\/\/evertonfc.cz\/#organization\"},\"image\":{\"@id\":\"https:\/\/evertonfc.cz\/index.php\/2023\/08\/12\/everton-fulham-0-1\/#primaryimage\"},\"thumbnailUrl\":\"https:\/\/evertonfc.cz\/wp-content\/uploads\/2023\/08\/maupay_12_8_2023.jpeg\",\"articleSection\":[\"Z\u00e1pasy\"],\"inLanguage\":\"cs\",\"potentialAction\":[{\"@type\":\"CommentAction\",\"name\":\"Comment\",\"target\":[\"https:\/\/evertonfc.cz\/index.php\/2023\/08\/12\/everton-fulham-0-1\/#respond\"]}]},{\"@type\":\"WebPage\",\"@id\":\"https:\/\/evertonfc.cz\/index.php\/2023\/08\/12\/everton-fulham-0-1\/\",\"url\":\"https:\/\/evertonfc.cz\/index.php\/2023\/08\/12\/everton-fulham-0-1\/\",\"name\":\"Everton - Fulham 0:1 - Official Czech &amp; Slovak Everton Supporters&#039; Club\",\"isPartOf\":{\"@id\":\"https:\/\/evertonfc.cz\/#website\"},\"primaryImageOfPage\":{\"@id\":\"https:\/\/evertonfc.cz\/index.php\/2023\/08\/12\/everton-fulham-0-1\/#primaryimage\"},\"image\":{\"@id\":\"https:\/\/evertonfc.cz\/index.php\/2023\/08\/12\/everton-fulham-0-1\/#primaryimage\"},\"thumbnailUrl\":\"https:\/\/evertonfc.cz\/wp-content\/uploads\/2023\/08\/maupay_12_8_2023.jpeg\",\"datePublished\":\"2023-08-12T16:00:48+00:00\",\"dateModified\":\"2023-10-10T13:19:41+00:00\",\"breadcrumb\":{\"@id\":\"https:\/\/evertonfc.cz\/index.php\/2023\/08\/12\/everton-fulham-0-1\/#breadcrumb\"},\"inLanguage\":\"cs\",\"potentialAction\":[{\"@type\":\"ReadAction\",\"target\":[\"https:\/\/evertonfc.cz\/index.php\/2023\/08\/12\/everton-fulham-0-1\/\"]}]},{\"@type\":\"ImageObject\",\"inLanguage\":\"cs\",\"@id\":\"https:\/\/evertonfc.cz\/index.php\/2023\/08\/12\/everton-fulham-0-1\/#primaryimage\",\"url\":\"https:\/\/evertonfc.cz\/wp-content\/uploads\/2023\/08\/maupay_12_8_2023.jpeg\",\"contentUrl\":\"https:\/\/evertonfc.cz\/wp-content\/uploads\/2023\/08\/maupay_12_8_2023.jpeg\",\"width\":720,\"height\":405},{\"@type\":\"BreadcrumbList\",\"@id\":\"https:\/\/evertonfc.cz\/index.php\/2023\/08\/12\/everton-fulham-0-1\/#breadcrumb\",\"itemListElement\":[{\"@type\":\"ListItem\",\"position\":1,\"name\":\"Home\",\"item\":\"https:\/\/evertonfc.cz\/\"},{\"@type\":\"ListItem\",\"position\":2,\"name\":\"Everton &#8211; Fulham 0:1\"}]},{\"@type\":\"WebSite\",\"@id\":\"https:\/\/evertonfc.cz\/#website\",\"url\":\"https:\/\/evertonfc.cz\/\",\"name\":\"Official Czech &amp; Slovak Everton Supporters&#039; Club\",\"description\":\"\",\"publisher\":{\"@id\":\"https:\/\/evertonfc.cz\/#organization\"},\"potentialAction\":[{\"@type\":\"SearchAction\",\"target\":{\"@type\":\"EntryPoint\",\"urlTemplate\":\"https:\/\/evertonfc.cz\/?s={search_term_string}\"},\"query-input\":{\"@type\":\"PropertyValueSpecification\",\"valueRequired\":true,\"valueName\":\"search_term_string\"}}],\"inLanguage\":\"cs\"},{\"@type\":\"Organization\",\"@id\":\"https:\/\/evertonfc.cz\/#organization\",\"name\":\"Official Czech & Slovak Everton Supporters' Club\",\"url\":\"https:\/\/evertonfc.cz\/\",\"logo\":{\"@type\":\"ImageObject\",\"inLanguage\":\"cs\",\"@id\":\"https:\/\/evertonfc.cz\/#\/schema\/logo\/image\/\",\"url\":\"https:\/\/evertonfc.cz\/wp-content\/uploads\/2019\/05\/logo.png\",\"contentUrl\":\"https:\/\/evertonfc.cz\/wp-content\/uploads\/2019\/05\/logo.png\",\"width\":112,\"height\":112,\"caption\":\"Official Czech & Slovak Everton Supporters' Club\"},\"image\":{\"@id\":\"https:\/\/evertonfc.cz\/#\/schema\/logo\/image\/\"},\"sameAs\":[\"https:\/\/www.facebook.com\/everton.fans.cz.sk\"]},{\"@type\":\"Person\",\"@id\":\"https:\/\/evertonfc.cz\/#\/schema\/person\/f7a5daedb2ffee98480bc70e191aaef1\",\"name\":\"Ri\u010di\",\"sameAs\":[\"https:\/\/x.com\/rbrejsa\"],\"url\":\"https:\/\/evertonfc.cz\/index.php\/author\/rici\/\"}]}<\/script>\n<!-- \/ Yoast SEO plugin. -->","yoast_head_json":{"title":"Everton - Fulham 0:1 - Official Czech &amp; Slovak Everton Supporters&#039; Club","robots":{"index":"index","follow":"follow","max-snippet":"max-snippet:-1","max-image-preview":"max-image-preview:large","max-video-preview":"max-video-preview:-1"},"canonical":"https:\/\/evertonfc.cz\/index.php\/2023\/08\/12\/everton-fulham-0-1\/","og_locale":"cs_CZ","og_type":"article","og_title":"Everton - Fulham 0:1 - Official Czech &amp; Slovak Everton Supporters&#039; Club","og_description":"Nov\u00e1 sez\u00f3na, star\u00fd Everton. Toffees si v \u00favodn\u00edm kole vytvo\u0159ili p\u011bt a\u017e \u0161est g\u00f3lov\u00fdch \u0161anc\u00ed, av\u0161ak v\u00edt\u011bznou branku z\u00e1pasu nakonec vst\u0159elil Fulham, a to ze sv\u00e9 jedin\u00e9 st\u0159ely na br\u00e1nu.","og_url":"https:\/\/evertonfc.cz\/index.php\/2023\/08\/12\/everton-fulham-0-1\/","og_site_name":"Official Czech &amp; Slovak Everton Supporters&#039; Club","article_publisher":"https:\/\/www.facebook.com\/everton.fans.cz.sk","article_published_time":"2023-08-12T16:00:48+00:00","article_modified_time":"2023-10-10T13:19:41+00:00","og_image":[{"width":720,"height":405,"url":"https:\/\/evertonfc.cz\/wp-content\/uploads\/2023\/08\/maupay_12_8_2023.jpeg","type":"image\/jpeg"}],"author":"Ri\u010di","twitter_card":"summary_large_image","twitter_creator":"@rbrejsa","twitter_misc":{"Napsal(a)":"Ri\u010di","Odhadovan\u00e1 doba \u010dten\u00ed":"3 minuty"},"schema":{"@context":"https:\/\/schema.org","@graph":[{"@type":"Article","@id":"https:\/\/evertonfc.cz\/index.php\/2023\/08\/12\/everton-fulham-0-1\/#article","isPartOf":{"@id":"https:\/\/evertonfc.cz\/index.php\/2023\/08\/12\/everton-fulham-0-1\/"},"author":{"name":"Ri\u010di","@id":"https:\/\/evertonfc.cz\/#\/schema\/person\/f7a5daedb2ffee98480bc70e191aaef1"},"headline":"Everton &#8211; Fulham 0:1","datePublished":"2023-08-12T16:00:48+00:00","dateModified":"2023-10-10T13:19:41+00:00","mainEntityOfPage":{"@id":"https:\/\/evertonfc.cz\/index.php\/2023\/08\/12\/everton-fulham-0-1\/"},"wordCount":690,"commentCount":14,"publisher":{"@id":"https:\/\/evertonfc.cz\/#organization"},"image":{"@id":"https:\/\/evertonfc.cz\/index.php\/2023\/08\/12\/everton-fulham-0-1\/#primaryimage"},"thumbnailUrl":"https:\/\/evertonfc.cz\/wp-content\/uploads\/2023\/08\/maupay_12_8_2023.jpeg","articleSection":["Z\u00e1pasy"],"inLanguage":"cs","potentialAction":[{"@type":"CommentAction","name":"Comment","target":["https:\/\/evertonfc.cz\/index.php\/2023\/08\/12\/everton-fulham-0-1\/#respond"]}]},{"@type":"WebPage","@id":"https:\/\/evertonfc.cz\/index.php\/2023\/08\/12\/everton-fulham-0-1\/","url":"https:\/\/evertonfc.cz\/index.php\/2023\/08\/12\/everton-fulham-0-1\/","name":"Everton - Fulham 0:1 - Official Czech &amp; Slovak Everton Supporters&#039; Club","isPartOf":{"@id":"https:\/\/evertonfc.cz\/#website"},"primaryImageOfPage":{"@id":"https:\/\/evertonfc.cz\/index.php\/2023\/08\/12\/everton-fulham-0-1\/#primaryimage"},"image":{"@id":"https:\/\/evertonfc.cz\/index.php\/2023\/08\/12\/everton-fulham-0-1\/#primaryimage"},"thumbnailUrl":"https:\/\/evertonfc.cz\/wp-content\/uploads\/2023\/08\/maupay_12_8_2023.jpeg","datePublished":"2023-08-12T16:00:48+00:00","dateModified":"2023-10-10T13:19:41+00:00","breadcrumb":{"@id":"https:\/\/evertonfc.cz\/index.php\/2023\/08\/12\/everton-fulham-0-1\/#breadcrumb"},"inLanguage":"cs","potentialAction":[{"@type":"ReadAction","target":["https:\/\/evertonfc.cz\/index.php\/2023\/08\/12\/everton-fulham-0-1\/"]}]},{"@type":"ImageObject","inLanguage":"cs","@id":"https:\/\/evertonfc.cz\/index.php\/2023\/08\/12\/everton-fulham-0-1\/#primaryimage","url":"https:\/\/evertonfc.cz\/wp-content\/uploads\/2023\/08\/maupay_12_8_2023.jpeg","contentUrl":"https:\/\/evertonfc.cz\/wp-content\/uploads\/2023\/08\/maupay_12_8_2023.jpeg","width":720,"height":405},{"@type":"BreadcrumbList","@id":"https:\/\/evertonfc.cz\/index.php\/2023\/08\/12\/everton-fulham-0-1\/#breadcrumb","itemListElement":[{"@type":"ListItem","position":1,"name":"Home","item":"https:\/\/evertonfc.cz\/"},{"@type":"ListItem","position":2,"name":"Everton &#8211; Fulham 0:1"}]},{"@type":"WebSite","@id":"https:\/\/evertonfc.cz\/#website","url":"https:\/\/evertonfc.cz\/","name":"Official Czech &amp; Slovak Everton Supporters&#039; Club","description":"","publisher":{"@id":"https:\/\/evertonfc.cz\/#organization"},"potentialAction":[{"@type":"SearchAction","target":{"@type":"EntryPoint","urlTemplate":"https:\/\/evertonfc.cz\/?s={search_term_string}"},"query-input":{"@type":"PropertyValueSpecification","valueRequired":true,"valueName":"search_term_string"}}],"inLanguage":"cs"},{"@type":"Organization","@id":"https:\/\/evertonfc.cz\/#organization","name":"Official Czech & Slovak Everton Supporters' Club","url":"https:\/\/evertonfc.cz\/","logo":{"@type":"ImageObject","inLanguage":"cs","@id":"https:\/\/evertonfc.cz\/#\/schema\/logo\/image\/","url":"https:\/\/evertonfc.cz\/wp-content\/uploads\/2019\/05\/logo.png","contentUrl":"https:\/\/evertonfc.cz\/wp-content\/uploads\/2019\/05\/logo.png","width":112,"height":112,"caption":"Official Czech & Slovak Everton Supporters' Club"},"image":{"@id":"https:\/\/evertonfc.cz\/#\/schema\/logo\/image\/"},"sameAs":["https:\/\/www.facebook.com\/everton.fans.cz.sk"]},{"@type":"Person","@id":"https:\/\/evertonfc.cz\/#\/schema\/person\/f7a5daedb2ffee98480bc70e191aaef1","name":"Ri\u010di","sameAs":["https:\/\/x.com\/rbrejsa"],"url":"https:\/\/evertonfc.cz\/index.php\/author\/rici\/"}]}},"_links":{"self":[{"href":"https:\/\/evertonfc.cz\/index.php\/wp-json\/wp\/v2\/posts\/22368"}],"collection":[{"href":"https:\/\/evertonfc.cz\/index.php\/wp-json\/wp\/v2\/posts"}],"about":[{"href":"https:\/\/evertonfc.cz\/index.php\/wp-json\/wp\/v2\/types\/post"}],"author":[{"embeddable":true,"href":"https:\/\/evertonfc.cz\/index.php\/wp-json\/wp\/v2\/users\/6"}],"replies":[{"embeddable":true,"href":"https:\/\/evertonfc.cz\/index.php\/wp-json\/wp\/v2\/comments?post=22368"}],"version-history":[{"count":11,"href":"https:\/\/evertonfc.cz\/index.php\/wp-json\/wp\/v2\/posts\/22368\/revisions"}],"predecessor-version":[{"id":22961,"href":"https:\/\/evertonfc.cz\/index.php\/wp-json\/wp\/v2\/posts\/22368\/revisions\/22961"}],"wp:featuredmedia":[{"embeddable":true,"href":"https:\/\/evertonfc.cz\/index.php\/wp-json\/wp\/v2\/media\/22371"}],"wp:attachment":[{"href":"https:\/\/evertonfc.cz\/index.php\/wp-json\/wp\/v2\/media?parent=22368"}],"wp:term":[{"taxonomy":"category","embeddable":true,"href":"https:\/\/evertonfc.cz\/index.php\/wp-json\/wp\/v2\/categories?post=22368"},{"taxonomy":"post_tag","embeddable":true,"href":"https:\/\/evertonfc.cz\/index.php\/wp-json\/wp\/v2\/tags?post=22368"}],"curies":[{"name":"wp","href":"https:\/\/api.w.org\/{rel}","templated":true}]}}