{"id":22384,"date":"2023-08-14T12:24:53","date_gmt":"2023-08-14T10:24:53","guid":{"rendered":"https:\/\/evertonfc.cz\/?p=22384"},"modified":"2023-09-19T08:30:12","modified_gmt":"2023-09-19T06:30:12","slug":"na-hostovani-prichazi-harrison","status":"publish","type":"post","link":"https:\/\/evertonfc.cz\/index.php\/2023\/08\/14\/na-hostovani-prichazi-harrison\/","title":{"rendered":"Na hostov\u00e1n\u00ed p\u0159ich\u00e1z\u00ed Harrison"},"content":{"rendered":"<h4>Everton dok\u00e1zal zrealizovat p\u0159\u00edchod jednoho ze sv\u00fdch letn\u00edch p\u0159estupov\u00fdch c\u00edl\u016f. Z Leedsu United se na ro\u010dn\u00ed hostov\u00e1n\u00ed do Goodison Parku st\u011bhuje Jack Harrison.<\/h4>\n<p>B\u011bhem hostov\u00e1n\u00ed 26let\u00e9ho k\u0159\u00eddeln\u00edka bude moct Everton uplatnit neup\u0159esn\u011bnou opci na v\u00fdkup. V aktu\u00e1ln\u00ed sez\u00f3n\u011b budou Toffees rovn\u011b\u017e hradit cel\u00fd jeho t\u00fddenn\u00ed plat ve v\u00fd\u0161i 60 tis\u00edc liber.<\/p>\n<p>Everton cht\u011bl p\u016fvodn\u011b transfer dot\u00e1hnout ji\u017e na za\u010d\u00e1tku l\u00e9ta, ale kv\u016fli Harrisonov\u011b zran\u011bn\u00ed ky\u010dle musel vy\u010dkat na p\u0159esn\u011bj\u0161\u00ed informace o dob\u011b absence. O\u010dek\u00e1v\u00e1 se, \u017ee hr\u00e1\u010d se uzdrav\u00ed v polovin\u011b z\u00e1\u0159\u00ed po reprezenta\u010dn\u00ed p\u0159est\u00e1vce. To znamen\u00e1, \u017ee vynech\u00e1 prvn\u00ed \u010dty\u0159i ligov\u00e1 kola a druh\u00e9 kolo Ligov\u00e9ho poh\u00e1ru.<\/p>\n<p>O anglick\u00e9ho pracanta byl tak\u00e9 z\u00e1jem ze strany Aston Villy, ale mana\u017eerovi Dychovi se nakonec poda\u0159ilo z\u00edskat svou po\u017eadovanou posilu. Ta by m\u011bla p\u0159in\u00e9st dlouho pot\u0159ebnou efektivitu do \u00fato\u010dn\u00e9 f\u00e1ze. V minul\u00e9 sez\u00f3n\u011b Premier League zaznamenal Harrison velmi slu\u0161n\u00fdch p\u011bt branek a sedm asistenc\u00ed.<\/p>\n<p>Harrison doposud u\u0161el pom\u011brn\u011b zaj\u00edmavou kari\u00e9rn\u00ed cestu. Kr\u00e1tce p\u016fsobil v akademi\u00edch Liverpoolu a Manchesteru United, ale b\u011bhem st\u0159edn\u00ed \u0161koly se p\u0159est\u011bhoval do Spojen\u00fdch st\u00e1t\u016f americk\u00fdch, kde si ud\u011blal jm\u00e9no zejm\u00e9na b\u011bhem p\u016fsoben\u00ed v prvoligov\u00e9m celku New York City.<\/p>\n<p>Z americk\u00e9 metropole se v roce 2018 p\u0159esunul do Manchesteru City, a to v r\u00e1mci holdingov\u00e9 spole\u010dnosti City Football Group. V dresu Citizens v\u0161ak nikdy nenastoupil do sout\u011b\u017en\u00edho z\u00e1pasu. Nejprve str\u00e1vil p\u016flro\u010dn\u00ed hostov\u00e1n\u00ed v druholigov\u00e9m Middlesbrough a n\u00e1sledn\u011b t\u0159i sez\u00f3ny v \u0159ad\u011b hostoval v Leedsu United, kam posl\u00e9ze i p\u0159estoupil.<\/p>\n<p>S Whites po dvou sez\u00f3n\u00e1ch str\u00e1ven\u00fdch ve druh\u00e9 lize postoupil do Premier League, kde se po dobu t\u0159\u00ed let prezentoval solidn\u00edmi v\u00fdkony. Ve dvou ro\u010dn\u00edc\u00edch vst\u0159elil po osmi ligov\u00fdch brank\u00e1ch a v lo\u0148sk\u00e9 sez\u00f3n\u011b, kter\u00e1 znamenala sestup Leedsu, vst\u0159elil zm\u00edn\u011bn\u00fdch p\u011bt branek.<\/p>\n<p>Hostov\u00e1n\u00ed v Evertonu bylo umo\u017en\u011bno d\u00edky sestupov\u00e9 klauzule v Harrisonov\u011b smlouv\u011b s Leedsem United. Tu podepsal jenom na za\u010d\u00e1tku tohoto roku, kdy\u017e obdr\u017eel nab\u00eddku b\u011bhem l\u00e9ka\u0159sk\u00e9 prohl\u00eddky v Leicesteru City, kam hodlal p\u0159estoupit.<\/p>\n<p>V Evertonu by m\u011bl nosit dres s \u010d\u00edslem 11, kter\u00fd posledn\u00ed dva roky obl\u00e9kal Demarai Gray. Jamajsk\u00fd reprezentant je v\u0161ak na odchodu z Goodison Parku.<\/p>\n<p>Everton st\u00e1le jedn\u00e1 s Leedsem United o p\u0159estupu Wilfrieda Gnonta, kter\u00fd odm\u00edt\u00e1 hr\u00e1t ve druh\u00e9 lize. Leeds po\u017eaduje za p\u0159estup sv\u00e9ho klenotu minim\u00e1ln\u011b 25 milion\u016f liber, zat\u00edmco Everton dosud ne\u00fasp\u011b\u0161n\u011b nab\u00edzel 16 a 20 milion\u016f liber.<\/p>\n<p>Dal\u0161\u00ed zpr\u00e1vy hovo\u0159\u00ed o z\u00e1jmu Evertonu o \u00fato\u010dn\u00edka Beta z Udinese, ale jedn\u00e1n\u00ed jsou zat\u00edm ve velmi ran\u00e9 f\u00e1zi.<\/p>\n<p style=\"text-align: right;\"><span style=\"font-size: 8pt;\">(foto zdroj: caughtoffside.com)<\/span><\/p>\n","protected":false},"excerpt":{"rendered":"<p>Everton dok\u00e1zal zrealizovat p\u0159\u00edchod jednoho ze sv\u00fdch letn\u00edch p\u0159estupov\u00fdch c\u00edl\u016f. Z Leedsu United se na ro\u010dn\u00ed hostov\u00e1n\u00ed do Goodison Parku st\u011bhuje Jack Harrison.<\/p>\n","protected":false},"author":6,"featured_media":22383,"comment_status":"open","ping_status":"closed","sticky":false,"template":"","format":"standard","meta":{"_eb_attr":"","_monsterinsights_skip_tracking":false,"_monsterinsights_sitenote_active":false,"_monsterinsights_sitenote_note":"","_monsterinsights_sitenote_category":0,"footnotes":""},"categories":[41],"tags":[],"yoast_head":"<!-- This site is optimized with the Yoast SEO plugin v23.4 - https:\/\/yoast.com\/wordpress\/plugins\/seo\/ -->\n<title>Na hostov\u00e1n\u00ed p\u0159ich\u00e1z\u00ed Harrison - Official Czech &amp; Slovak Everton Supporters&#039; Club<\/title>\n<meta name=\"robots\" content=\"index, follow, max-snippet:-1, max-image-preview:large, max-video-preview:-1\" \/>\n<link rel=\"canonical\" href=\"https:\/\/evertonfc.cz\/index.php\/2023\/08\/14\/na-hostovani-prichazi-harrison\/\" \/>\n<meta property=\"og:locale\" content=\"cs_CZ\" \/>\n<meta property=\"og:type\" content=\"article\" \/>\n<meta property=\"og:title\" content=\"Na hostov\u00e1n\u00ed p\u0159ich\u00e1z\u00ed Harrison - Official Czech &amp; Slovak Everton Supporters&#039; Club\" \/>\n<meta property=\"og:description\" content=\"Everton dok\u00e1zal zrealizovat p\u0159\u00edchod jednoho ze sv\u00fdch letn\u00edch p\u0159estupov\u00fdch c\u00edl\u016f. Z Leedsu United se na ro\u010dn\u00ed hostov\u00e1n\u00ed do Goodison Parku st\u011bhuje Jack Harrison.\" \/>\n<meta property=\"og:url\" content=\"https:\/\/evertonfc.cz\/index.php\/2023\/08\/14\/na-hostovani-prichazi-harrison\/\" \/>\n<meta property=\"og:site_name\" content=\"Official Czech &amp; Slovak Everton Supporters&#039; Club\" \/>\n<meta property=\"article:publisher\" content=\"https:\/\/www.facebook.com\/everton.fans.cz.sk\" \/>\n<meta property=\"article:published_time\" content=\"2023-08-14T10:24:53+00:00\" \/>\n<meta property=\"article:modified_time\" content=\"2023-09-19T06:30:12+00:00\" \/>\n<meta property=\"og:image\" content=\"https:\/\/evertonfc.cz\/wp-content\/uploads\/2023\/08\/harrison_14_8_2023.jpg\" \/>\n\t<meta property=\"og:image:width\" content=\"720\" \/>\n\t<meta property=\"og:image:height\" content=\"405\" \/>\n\t<meta property=\"og:image:type\" content=\"image\/jpeg\" \/>\n<meta name=\"author\" content=\"Ri\u010di\" \/>\n<meta name=\"twitter:card\" content=\"summary_large_image\" \/>\n<meta name=\"twitter:creator\" content=\"@rbrejsa\" \/>\n<meta name=\"twitter:label1\" content=\"Napsal(a)\" \/>\n\t<meta name=\"twitter:data1\" content=\"Ri\u010di\" \/>\n\t<meta name=\"twitter:label2\" content=\"Odhadovan\u00e1 doba \u010dten\u00ed\" \/>\n\t<meta name=\"twitter:data2\" content=\"3 minuty\" \/>\n<script type=\"application\/ld+json\" class=\"yoast-schema-graph\">{\"@context\":\"https:\/\/schema.org\",\"@graph\":[{\"@type\":\"Article\",\"@id\":\"https:\/\/evertonfc.cz\/index.php\/2023\/08\/14\/na-hostovani-prichazi-harrison\/#article\",\"isPartOf\":{\"@id\":\"https:\/\/evertonfc.cz\/index.php\/2023\/08\/14\/na-hostovani-prichazi-harrison\/\"},\"author\":{\"name\":\"Ri\u010di\",\"@id\":\"https:\/\/evertonfc.cz\/#\/schema\/person\/f7a5daedb2ffee98480bc70e191aaef1\"},\"headline\":\"Na hostov\u00e1n\u00ed p\u0159ich\u00e1z\u00ed Harrison\",\"datePublished\":\"2023-08-14T10:24:53+00:00\",\"dateModified\":\"2023-09-19T06:30:12+00:00\",\"mainEntityOfPage\":{\"@id\":\"https:\/\/evertonfc.cz\/index.php\/2023\/08\/14\/na-hostovani-prichazi-harrison\/\"},\"wordCount\":538,\"commentCount\":5,\"publisher\":{\"@id\":\"https:\/\/evertonfc.cz\/#organization\"},\"image\":{\"@id\":\"https:\/\/evertonfc.cz\/index.php\/2023\/08\/14\/na-hostovani-prichazi-harrison\/#primaryimage\"},\"thumbnailUrl\":\"https:\/\/evertonfc.cz\/wp-content\/uploads\/2023\/08\/harrison_14_8_2023.jpg\",\"articleSection\":[\"P\u0159estupy\"],\"inLanguage\":\"cs\",\"potentialAction\":[{\"@type\":\"CommentAction\",\"name\":\"Comment\",\"target\":[\"https:\/\/evertonfc.cz\/index.php\/2023\/08\/14\/na-hostovani-prichazi-harrison\/#respond\"]}]},{\"@type\":\"WebPage\",\"@id\":\"https:\/\/evertonfc.cz\/index.php\/2023\/08\/14\/na-hostovani-prichazi-harrison\/\",\"url\":\"https:\/\/evertonfc.cz\/index.php\/2023\/08\/14\/na-hostovani-prichazi-harrison\/\",\"name\":\"Na hostov\u00e1n\u00ed p\u0159ich\u00e1z\u00ed Harrison - Official Czech &amp; Slovak Everton Supporters&#039; Club\",\"isPartOf\":{\"@id\":\"https:\/\/evertonfc.cz\/#website\"},\"primaryImageOfPage\":{\"@id\":\"https:\/\/evertonfc.cz\/index.php\/2023\/08\/14\/na-hostovani-prichazi-harrison\/#primaryimage\"},\"image\":{\"@id\":\"https:\/\/evertonfc.cz\/index.php\/2023\/08\/14\/na-hostovani-prichazi-harrison\/#primaryimage\"},\"thumbnailUrl\":\"https:\/\/evertonfc.cz\/wp-content\/uploads\/2023\/08\/harrison_14_8_2023.jpg\",\"datePublished\":\"2023-08-14T10:24:53+00:00\",\"dateModified\":\"2023-09-19T06:30:12+00:00\",\"breadcrumb\":{\"@id\":\"https:\/\/evertonfc.cz\/index.php\/2023\/08\/14\/na-hostovani-prichazi-harrison\/#breadcrumb\"},\"inLanguage\":\"cs\",\"potentialAction\":[{\"@type\":\"ReadAction\",\"target\":[\"https:\/\/evertonfc.cz\/index.php\/2023\/08\/14\/na-hostovani-prichazi-harrison\/\"]}]},{\"@type\":\"ImageObject\",\"inLanguage\":\"cs\",\"@id\":\"https:\/\/evertonfc.cz\/index.php\/2023\/08\/14\/na-hostovani-prichazi-harrison\/#primaryimage\",\"url\":\"https:\/\/evertonfc.cz\/wp-content\/uploads\/2023\/08\/harrison_14_8_2023.jpg\",\"contentUrl\":\"https:\/\/evertonfc.cz\/wp-content\/uploads\/2023\/08\/harrison_14_8_2023.jpg\",\"width\":720,\"height\":405},{\"@type\":\"BreadcrumbList\",\"@id\":\"https:\/\/evertonfc.cz\/index.php\/2023\/08\/14\/na-hostovani-prichazi-harrison\/#breadcrumb\",\"itemListElement\":[{\"@type\":\"ListItem\",\"position\":1,\"name\":\"Home\",\"item\":\"https:\/\/evertonfc.cz\/\"},{\"@type\":\"ListItem\",\"position\":2,\"name\":\"Na hostov\u00e1n\u00ed p\u0159ich\u00e1z\u00ed Harrison\"}]},{\"@type\":\"WebSite\",\"@id\":\"https:\/\/evertonfc.cz\/#website\",\"url\":\"https:\/\/evertonfc.cz\/\",\"name\":\"Official Czech &amp; Slovak Everton Supporters&#039; Club\",\"description\":\"\",\"publisher\":{\"@id\":\"https:\/\/evertonfc.cz\/#organization\"},\"potentialAction\":[{\"@type\":\"SearchAction\",\"target\":{\"@type\":\"EntryPoint\",\"urlTemplate\":\"https:\/\/evertonfc.cz\/?s={search_term_string}\"},\"query-input\":{\"@type\":\"PropertyValueSpecification\",\"valueRequired\":true,\"valueName\":\"search_term_string\"}}],\"inLanguage\":\"cs\"},{\"@type\":\"Organization\",\"@id\":\"https:\/\/evertonfc.cz\/#organization\",\"name\":\"Official Czech & Slovak Everton Supporters' Club\",\"url\":\"https:\/\/evertonfc.cz\/\",\"logo\":{\"@type\":\"ImageObject\",\"inLanguage\":\"cs\",\"@id\":\"https:\/\/evertonfc.cz\/#\/schema\/logo\/image\/\",\"url\":\"https:\/\/evertonfc.cz\/wp-content\/uploads\/2019\/05\/logo.png\",\"contentUrl\":\"https:\/\/evertonfc.cz\/wp-content\/uploads\/2019\/05\/logo.png\",\"width\":112,\"height\":112,\"caption\":\"Official Czech & Slovak Everton Supporters' Club\"},\"image\":{\"@id\":\"https:\/\/evertonfc.cz\/#\/schema\/logo\/image\/\"},\"sameAs\":[\"https:\/\/www.facebook.com\/everton.fans.cz.sk\"]},{\"@type\":\"Person\",\"@id\":\"https:\/\/evertonfc.cz\/#\/schema\/person\/f7a5daedb2ffee98480bc70e191aaef1\",\"name\":\"Ri\u010di\",\"sameAs\":[\"https:\/\/x.com\/rbrejsa\"],\"url\":\"https:\/\/evertonfc.cz\/index.php\/author\/rici\/\"}]}<\/script>\n<!-- \/ Yoast SEO plugin. -->","yoast_head_json":{"title":"Na hostov\u00e1n\u00ed p\u0159ich\u00e1z\u00ed Harrison - Official Czech &amp; Slovak Everton Supporters&#039; Club","robots":{"index":"index","follow":"follow","max-snippet":"max-snippet:-1","max-image-preview":"max-image-preview:large","max-video-preview":"max-video-preview:-1"},"canonical":"https:\/\/evertonfc.cz\/index.php\/2023\/08\/14\/na-hostovani-prichazi-harrison\/","og_locale":"cs_CZ","og_type":"article","og_title":"Na hostov\u00e1n\u00ed p\u0159ich\u00e1z\u00ed Harrison - Official Czech &amp; Slovak Everton Supporters&#039; Club","og_description":"Everton dok\u00e1zal zrealizovat p\u0159\u00edchod jednoho ze sv\u00fdch letn\u00edch p\u0159estupov\u00fdch c\u00edl\u016f. Z Leedsu United se na ro\u010dn\u00ed hostov\u00e1n\u00ed do Goodison Parku st\u011bhuje Jack Harrison.","og_url":"https:\/\/evertonfc.cz\/index.php\/2023\/08\/14\/na-hostovani-prichazi-harrison\/","og_site_name":"Official Czech &amp; Slovak Everton Supporters&#039; Club","article_publisher":"https:\/\/www.facebook.com\/everton.fans.cz.sk","article_published_time":"2023-08-14T10:24:53+00:00","article_modified_time":"2023-09-19T06:30:12+00:00","og_image":[{"width":720,"height":405,"url":"https:\/\/evertonfc.cz\/wp-content\/uploads\/2023\/08\/harrison_14_8_2023.jpg","type":"image\/jpeg"}],"author":"Ri\u010di","twitter_card":"summary_large_image","twitter_creator":"@rbrejsa","twitter_misc":{"Napsal(a)":"Ri\u010di","Odhadovan\u00e1 doba \u010dten\u00ed":"3 minuty"},"schema":{"@context":"https:\/\/schema.org","@graph":[{"@type":"Article","@id":"https:\/\/evertonfc.cz\/index.php\/2023\/08\/14\/na-hostovani-prichazi-harrison\/#article","isPartOf":{"@id":"https:\/\/evertonfc.cz\/index.php\/2023\/08\/14\/na-hostovani-prichazi-harrison\/"},"author":{"name":"Ri\u010di","@id":"https:\/\/evertonfc.cz\/#\/schema\/person\/f7a5daedb2ffee98480bc70e191aaef1"},"headline":"Na hostov\u00e1n\u00ed p\u0159ich\u00e1z\u00ed Harrison","datePublished":"2023-08-14T10:24:53+00:00","dateModified":"2023-09-19T06:30:12+00:00","mainEntityOfPage":{"@id":"https:\/\/evertonfc.cz\/index.php\/2023\/08\/14\/na-hostovani-prichazi-harrison\/"},"wordCount":538,"commentCount":5,"publisher":{"@id":"https:\/\/evertonfc.cz\/#organization"},"image":{"@id":"https:\/\/evertonfc.cz\/index.php\/2023\/08\/14\/na-hostovani-prichazi-harrison\/#primaryimage"},"thumbnailUrl":"https:\/\/evertonfc.cz\/wp-content\/uploads\/2023\/08\/harrison_14_8_2023.jpg","articleSection":["P\u0159estupy"],"inLanguage":"cs","potentialAction":[{"@type":"CommentAction","name":"Comment","target":["https:\/\/evertonfc.cz\/index.php\/2023\/08\/14\/na-hostovani-prichazi-harrison\/#respond"]}]},{"@type":"WebPage","@id":"https:\/\/evertonfc.cz\/index.php\/2023\/08\/14\/na-hostovani-prichazi-harrison\/","url":"https:\/\/evertonfc.cz\/index.php\/2023\/08\/14\/na-hostovani-prichazi-harrison\/","name":"Na hostov\u00e1n\u00ed p\u0159ich\u00e1z\u00ed Harrison - Official Czech &amp; Slovak Everton Supporters&#039; Club","isPartOf":{"@id":"https:\/\/evertonfc.cz\/#website"},"primaryImageOfPage":{"@id":"https:\/\/evertonfc.cz\/index.php\/2023\/08\/14\/na-hostovani-prichazi-harrison\/#primaryimage"},"image":{"@id":"https:\/\/evertonfc.cz\/index.php\/2023\/08\/14\/na-hostovani-prichazi-harrison\/#primaryimage"},"thumbnailUrl":"https:\/\/evertonfc.cz\/wp-content\/uploads\/2023\/08\/harrison_14_8_2023.jpg","datePublished":"2023-08-14T10:24:53+00:00","dateModified":"2023-09-19T06:30:12+00:00","breadcrumb":{"@id":"https:\/\/evertonfc.cz\/index.php\/2023\/08\/14\/na-hostovani-prichazi-harrison\/#breadcrumb"},"inLanguage":"cs","potentialAction":[{"@type":"ReadAction","target":["https:\/\/evertonfc.cz\/index.php\/2023\/08\/14\/na-hostovani-prichazi-harrison\/"]}]},{"@type":"ImageObject","inLanguage":"cs","@id":"https:\/\/evertonfc.cz\/index.php\/2023\/08\/14\/na-hostovani-prichazi-harrison\/#primaryimage","url":"https:\/\/evertonfc.cz\/wp-content\/uploads\/2023\/08\/harrison_14_8_2023.jpg","contentUrl":"https:\/\/evertonfc.cz\/wp-content\/uploads\/2023\/08\/harrison_14_8_2023.jpg","width":720,"height":405},{"@type":"BreadcrumbList","@id":"https:\/\/evertonfc.cz\/index.php\/2023\/08\/14\/na-hostovani-prichazi-harrison\/#breadcrumb","itemListElement":[{"@type":"ListItem","position":1,"name":"Home","item":"https:\/\/evertonfc.cz\/"},{"@type":"ListItem","position":2,"name":"Na hostov\u00e1n\u00ed p\u0159ich\u00e1z\u00ed Harrison"}]},{"@type":"WebSite","@id":"https:\/\/evertonfc.cz\/#website","url":"https:\/\/evertonfc.cz\/","name":"Official Czech &amp; Slovak Everton Supporters&#039; Club","description":"","publisher":{"@id":"https:\/\/evertonfc.cz\/#organization"},"potentialAction":[{"@type":"SearchAction","target":{"@type":"EntryPoint","urlTemplate":"https:\/\/evertonfc.cz\/?s={search_term_string}"},"query-input":{"@type":"PropertyValueSpecification","valueRequired":true,"valueName":"search_term_string"}}],"inLanguage":"cs"},{"@type":"Organization","@id":"https:\/\/evertonfc.cz\/#organization","name":"Official Czech & Slovak Everton Supporters' Club","url":"https:\/\/evertonfc.cz\/","logo":{"@type":"ImageObject","inLanguage":"cs","@id":"https:\/\/evertonfc.cz\/#\/schema\/logo\/image\/","url":"https:\/\/evertonfc.cz\/wp-content\/uploads\/2019\/05\/logo.png","contentUrl":"https:\/\/evertonfc.cz\/wp-content\/uploads\/2019\/05\/logo.png","width":112,"height":112,"caption":"Official Czech & Slovak Everton Supporters' Club"},"image":{"@id":"https:\/\/evertonfc.cz\/#\/schema\/logo\/image\/"},"sameAs":["https:\/\/www.facebook.com\/everton.fans.cz.sk"]},{"@type":"Person","@id":"https:\/\/evertonfc.cz\/#\/schema\/person\/f7a5daedb2ffee98480bc70e191aaef1","name":"Ri\u010di","sameAs":["https:\/\/x.com\/rbrejsa"],"url":"https:\/\/evertonfc.cz\/index.php\/author\/rici\/"}]}},"_links":{"self":[{"href":"https:\/\/evertonfc.cz\/index.php\/wp-json\/wp\/v2\/posts\/22384"}],"collection":[{"href":"https:\/\/evertonfc.cz\/index.php\/wp-json\/wp\/v2\/posts"}],"about":[{"href":"https:\/\/evertonfc.cz\/index.php\/wp-json\/wp\/v2\/types\/post"}],"author":[{"embeddable":true,"href":"https:\/\/evertonfc.cz\/index.php\/wp-json\/wp\/v2\/users\/6"}],"replies":[{"embeddable":true,"href":"https:\/\/evertonfc.cz\/index.php\/wp-json\/wp\/v2\/comments?post=22384"}],"version-history":[{"count":6,"href":"https:\/\/evertonfc.cz\/index.php\/wp-json\/wp\/v2\/posts\/22384\/revisions"}],"predecessor-version":[{"id":22401,"href":"https:\/\/evertonfc.cz\/index.php\/wp-json\/wp\/v2\/posts\/22384\/revisions\/22401"}],"wp:featuredmedia":[{"embeddable":true,"href":"https:\/\/evertonfc.cz\/index.php\/wp-json\/wp\/v2\/media\/22383"}],"wp:attachment":[{"href":"https:\/\/evertonfc.cz\/index.php\/wp-json\/wp\/v2\/media?parent=22384"}],"wp:term":[{"taxonomy":"category","embeddable":true,"href":"https:\/\/evertonfc.cz\/index.php\/wp-json\/wp\/v2\/categories?post=22384"},{"taxonomy":"post_tag","embeddable":true,"href":"https:\/\/evertonfc.cz\/index.php\/wp-json\/wp\/v2\/tags?post=22384"}],"curies":[{"name":"wp","href":"https:\/\/api.w.org\/{rel}","templated":true}]}}