{"id":2240,"date":"2018-01-06T18:11:30","date_gmt":"2018-01-06T17:11:30","guid":{"rendered":"http:\/\/evertonfc.cz\/?p=2240"},"modified":"2019-02-05T18:13:22","modified_gmt":"2019-02-05T17:13:22","slug":"zacatek-lednoveho-prestupniho-obdobi-prichod-tosuna-odchod-barkleyho","status":"publish","type":"post","link":"https:\/\/evertonfc.cz\/index.php\/2018\/01\/06\/zacatek-lednoveho-prestupniho-obdobi-prichod-tosuna-odchod-barkleyho\/","title":{"rendered":"Za\u010d\u00e1tek lednov\u00e9ho p\u0159estupn\u00edho obdob\u00ed &#8211; p\u0159\u00edchod Tosuna, odchod Barkleyho"},"content":{"rendered":"\n<h4 class=\"wp-block-heading\">N\u011bkolik m\u011bs\u00edc\u016f a p\u00e1r t\u00fddn\u016f o\u010dek\u00e1van\u00e9 zm\u011bny se staly realitou.<\/h4>\n\n\n\n<p>Vemu to chronologicky. U konce je Barkleyho s\u00e1ga. Anglick\u00fd reprezentant a odchovanec Evertonu p\u0159estoupil do Chelsea. Cena? 15 milion\u016f liber. Tam m\u011bl nakro\u010deno ji\u017e v l\u00e9t\u011b, ale z p\u0159estupu kv\u016fli zran\u011bn\u00ed se\u0161lo. St\u00e1l by o dvacet mega v\u00edce.. Pro n\u011bkter\u00e9 m\u016f\u017ee b\u00fdt p\u0159ekvapen\u00edm, \u017ee souboj o n\u011bj vyhr\u00e1l pr\u00e1v\u011b Abramovi\u010d, proto\u017ee jednu dobu to najisto vypadalo, \u017ee p\u016fjde do Tottenhamu. Le\u010d nakonec z\u016fst\u00e1v\u00e1 v\u011brn\u00fd modr\u00e9 barv\u011b. Na ofici\u00e1ln\u00edch str\u00e1nk\u00e1ch Chelsea nijak nepop\u00edr\u00e1, \u017ee jedn\u00edm z d\u016fvod\u016f pro p\u0159estup byla touha zahr\u00e1t si Ligu mistr\u016f.<\/p>\n\n\n\n<p>Karamelky tak\u00e9 zaznamenaly ve\u010der jeden p\u0159\u00edchod. Do konce byl dota\u017een p\u0159\u00edchod tureck\u00e9ho \u00fato\u010dn\u00edka Cenka Tosuna z Besiktase Istanbul. Rod\u00e1k z n\u011bmeck\u00e9ho Wetzlaru st\u00e1l 22 milion\u016f liber a pochopiteln\u011b se na hran\u00ed v Premier League t\u011b\u0161\u00ed. A co k p\u0159estupu \u0159ekl?<em>\u00a0\u201eJsem r\u00e1d, \u017ee jsem tady a \u017ee je p\u0159estup u\u017e za mnou. Opravdu se t\u011b\u0161\u00edm, \u017ee si za Everton zahraji co nejd\u0159\u00edve. Toffees jsou skv\u011bl\u00fd klub s bohatou histori\u00ed, chci se od hr\u00e1\u010d\u016f jako Rooney nau\u010dit co nejv\u00edc. Karamelky maj\u00ed velmi dobr\u00e9 tvo\u0159iv\u00e9 hr\u00e1\u010de, ti mi pom\u016f\u017eou st\u0159\u00edlet g\u00f3ly.\u201c<\/em>\u00a0Nosit bude dres \u010d\u00edslo 14.<\/p>\n\n\n\n<p>Radost m\u00e1 samoz\u0159ejm\u011b i mana\u017eer Allardyce.\u00a0<em>\u201eTosun je moment\u00e1ln\u011b tureck\u00fd hro\u0165\u00e1k \u010d\u00edslo jedna, co\u017e prok\u00e1zal i brankami v Lize mistr\u016f. M\u00e1 dobr\u00fd pohyb, um\u00ed st\u0159\u00edlet ob\u011bma nohama, efektivn\u00ed je i ve vzduchu.\u201c<\/em><\/p>\n\n\n\n<p>Tosun podepsal smlouvu na 4,5 roku.<br><\/p>\n","protected":false},"excerpt":{"rendered":"<p>N\u011bkolik m\u011bs\u00edc\u016f a p\u00e1r t\u00fddn\u016f o\u010dek\u00e1van\u00e9 zm\u011bny se staly realitou. Vemu to chronologicky. U konce je Barkleyho s\u00e1ga. Anglick\u00fd reprezentant&hellip;<\/p>\n","protected":false},"author":12,"featured_media":1316,"comment_status":"open","ping_status":"closed","sticky":false,"template":"","format":"standard","meta":{"_eb_attr":"","_monsterinsights_skip_tracking":false,"_monsterinsights_sitenote_active":false,"_monsterinsights_sitenote_note":"","_monsterinsights_sitenote_category":0,"footnotes":""},"categories":[41],"tags":[],"yoast_head":"<!-- This site is optimized with the Yoast SEO plugin v23.4 - https:\/\/yoast.com\/wordpress\/plugins\/seo\/ -->\n<title>Za\u010d\u00e1tek lednov\u00e9ho p\u0159estupn\u00edho obdob\u00ed - p\u0159\u00edchod Tosuna, odchod Barkleyho - Official Czech &amp; Slovak Everton Supporters&#039; Club<\/title>\n<meta name=\"robots\" content=\"index, follow, max-snippet:-1, max-image-preview:large, max-video-preview:-1\" \/>\n<link rel=\"canonical\" href=\"https:\/\/evertonfc.cz\/index.php\/2018\/01\/06\/zacatek-lednoveho-prestupniho-obdobi-prichod-tosuna-odchod-barkleyho\/\" \/>\n<meta property=\"og:locale\" content=\"cs_CZ\" \/>\n<meta property=\"og:type\" content=\"article\" \/>\n<meta property=\"og:title\" content=\"Za\u010d\u00e1tek lednov\u00e9ho p\u0159estupn\u00edho obdob\u00ed - p\u0159\u00edchod Tosuna, odchod Barkleyho - Official Czech &amp; Slovak Everton Supporters&#039; Club\" \/>\n<meta property=\"og:description\" content=\"N\u011bkolik m\u011bs\u00edc\u016f a p\u00e1r t\u00fddn\u016f o\u010dek\u00e1van\u00e9 zm\u011bny se staly realitou. Vemu to chronologicky. U konce je Barkleyho s\u00e1ga. Anglick\u00fd reprezentant&hellip;\" \/>\n<meta property=\"og:url\" content=\"https:\/\/evertonfc.cz\/index.php\/2018\/01\/06\/zacatek-lednoveho-prestupniho-obdobi-prichod-tosuna-odchod-barkleyho\/\" \/>\n<meta property=\"og:site_name\" content=\"Official Czech &amp; Slovak Everton Supporters&#039; Club\" \/>\n<meta property=\"article:publisher\" content=\"https:\/\/www.facebook.com\/everton.fans.cz.sk\" \/>\n<meta property=\"article:published_time\" content=\"2018-01-06T17:11:30+00:00\" \/>\n<meta property=\"article:modified_time\" content=\"2019-02-05T17:13:22+00:00\" \/>\n<meta property=\"og:image\" content=\"https:\/\/evertonfc.cz\/wp-content\/uploads\/2019\/01\/transfer.jpg\" \/>\n\t<meta property=\"og:image:width\" content=\"720\" \/>\n\t<meta property=\"og:image:height\" content=\"405\" \/>\n\t<meta property=\"og:image:type\" content=\"image\/jpeg\" \/>\n<meta name=\"author\" content=\"Javor\" \/>\n<meta name=\"twitter:card\" content=\"summary_large_image\" \/>\n<meta name=\"twitter:creator\" content=\"@LoudinJan\" \/>\n<meta name=\"twitter:label1\" content=\"Napsal(a)\" \/>\n\t<meta name=\"twitter:data1\" content=\"Javor\" \/>\n\t<meta name=\"twitter:label2\" content=\"Odhadovan\u00e1 doba \u010dten\u00ed\" \/>\n\t<meta name=\"twitter:data2\" content=\"1 minuta\" \/>\n<script type=\"application\/ld+json\" class=\"yoast-schema-graph\">{\"@context\":\"https:\/\/schema.org\",\"@graph\":[{\"@type\":\"Article\",\"@id\":\"https:\/\/evertonfc.cz\/index.php\/2018\/01\/06\/zacatek-lednoveho-prestupniho-obdobi-prichod-tosuna-odchod-barkleyho\/#article\",\"isPartOf\":{\"@id\":\"https:\/\/evertonfc.cz\/index.php\/2018\/01\/06\/zacatek-lednoveho-prestupniho-obdobi-prichod-tosuna-odchod-barkleyho\/\"},\"author\":{\"name\":\"Javor\",\"@id\":\"https:\/\/evertonfc.cz\/#\/schema\/person\/b30daf6a5852f4811f8207a17ec1bf78\"},\"headline\":\"Za\u010d\u00e1tek lednov\u00e9ho p\u0159estupn\u00edho obdob\u00ed &#8211; p\u0159\u00edchod Tosuna, odchod Barkleyho\",\"datePublished\":\"2018-01-06T17:11:30+00:00\",\"dateModified\":\"2019-02-05T17:13:22+00:00\",\"mainEntityOfPage\":{\"@id\":\"https:\/\/evertonfc.cz\/index.php\/2018\/01\/06\/zacatek-lednoveho-prestupniho-obdobi-prichod-tosuna-odchod-barkleyho\/\"},\"wordCount\":308,\"commentCount\":0,\"publisher\":{\"@id\":\"https:\/\/evertonfc.cz\/#organization\"},\"image\":{\"@id\":\"https:\/\/evertonfc.cz\/index.php\/2018\/01\/06\/zacatek-lednoveho-prestupniho-obdobi-prichod-tosuna-odchod-barkleyho\/#primaryimage\"},\"thumbnailUrl\":\"https:\/\/evertonfc.cz\/wp-content\/uploads\/2019\/01\/transfer.jpg\",\"articleSection\":[\"P\u0159estupy\"],\"inLanguage\":\"cs\",\"potentialAction\":[{\"@type\":\"CommentAction\",\"name\":\"Comment\",\"target\":[\"https:\/\/evertonfc.cz\/index.php\/2018\/01\/06\/zacatek-lednoveho-prestupniho-obdobi-prichod-tosuna-odchod-barkleyho\/#respond\"]}]},{\"@type\":\"WebPage\",\"@id\":\"https:\/\/evertonfc.cz\/index.php\/2018\/01\/06\/zacatek-lednoveho-prestupniho-obdobi-prichod-tosuna-odchod-barkleyho\/\",\"url\":\"https:\/\/evertonfc.cz\/index.php\/2018\/01\/06\/zacatek-lednoveho-prestupniho-obdobi-prichod-tosuna-odchod-barkleyho\/\",\"name\":\"Za\u010d\u00e1tek lednov\u00e9ho p\u0159estupn\u00edho obdob\u00ed - p\u0159\u00edchod Tosuna, odchod Barkleyho - Official Czech &amp; Slovak Everton Supporters&#039; Club\",\"isPartOf\":{\"@id\":\"https:\/\/evertonfc.cz\/#website\"},\"primaryImageOfPage\":{\"@id\":\"https:\/\/evertonfc.cz\/index.php\/2018\/01\/06\/zacatek-lednoveho-prestupniho-obdobi-prichod-tosuna-odchod-barkleyho\/#primaryimage\"},\"image\":{\"@id\":\"https:\/\/evertonfc.cz\/index.php\/2018\/01\/06\/zacatek-lednoveho-prestupniho-obdobi-prichod-tosuna-odchod-barkleyho\/#primaryimage\"},\"thumbnailUrl\":\"https:\/\/evertonfc.cz\/wp-content\/uploads\/2019\/01\/transfer.jpg\",\"datePublished\":\"2018-01-06T17:11:30+00:00\",\"dateModified\":\"2019-02-05T17:13:22+00:00\",\"breadcrumb\":{\"@id\":\"https:\/\/evertonfc.cz\/index.php\/2018\/01\/06\/zacatek-lednoveho-prestupniho-obdobi-prichod-tosuna-odchod-barkleyho\/#breadcrumb\"},\"inLanguage\":\"cs\",\"potentialAction\":[{\"@type\":\"ReadAction\",\"target\":[\"https:\/\/evertonfc.cz\/index.php\/2018\/01\/06\/zacatek-lednoveho-prestupniho-obdobi-prichod-tosuna-odchod-barkleyho\/\"]}]},{\"@type\":\"ImageObject\",\"inLanguage\":\"cs\",\"@id\":\"https:\/\/evertonfc.cz\/index.php\/2018\/01\/06\/zacatek-lednoveho-prestupniho-obdobi-prichod-tosuna-odchod-barkleyho\/#primaryimage\",\"url\":\"https:\/\/evertonfc.cz\/wp-content\/uploads\/2019\/01\/transfer.jpg\",\"contentUrl\":\"https:\/\/evertonfc.cz\/wp-content\/uploads\/2019\/01\/transfer.jpg\",\"width\":720,\"height\":405},{\"@type\":\"BreadcrumbList\",\"@id\":\"https:\/\/evertonfc.cz\/index.php\/2018\/01\/06\/zacatek-lednoveho-prestupniho-obdobi-prichod-tosuna-odchod-barkleyho\/#breadcrumb\",\"itemListElement\":[{\"@type\":\"ListItem\",\"position\":1,\"name\":\"Home\",\"item\":\"https:\/\/evertonfc.cz\/\"},{\"@type\":\"ListItem\",\"position\":2,\"name\":\"Za\u010d\u00e1tek lednov\u00e9ho p\u0159estupn\u00edho obdob\u00ed &#8211; p\u0159\u00edchod Tosuna, odchod Barkleyho\"}]},{\"@type\":\"WebSite\",\"@id\":\"https:\/\/evertonfc.cz\/#website\",\"url\":\"https:\/\/evertonfc.cz\/\",\"name\":\"Official Czech &amp; Slovak Everton Supporters&#039; Club\",\"description\":\"\",\"publisher\":{\"@id\":\"https:\/\/evertonfc.cz\/#organization\"},\"potentialAction\":[{\"@type\":\"SearchAction\",\"target\":{\"@type\":\"EntryPoint\",\"urlTemplate\":\"https:\/\/evertonfc.cz\/?s={search_term_string}\"},\"query-input\":{\"@type\":\"PropertyValueSpecification\",\"valueRequired\":true,\"valueName\":\"search_term_string\"}}],\"inLanguage\":\"cs\"},{\"@type\":\"Organization\",\"@id\":\"https:\/\/evertonfc.cz\/#organization\",\"name\":\"Official Czech & Slovak Everton Supporters' Club\",\"url\":\"https:\/\/evertonfc.cz\/\",\"logo\":{\"@type\":\"ImageObject\",\"inLanguage\":\"cs\",\"@id\":\"https:\/\/evertonfc.cz\/#\/schema\/logo\/image\/\",\"url\":\"https:\/\/evertonfc.cz\/wp-content\/uploads\/2019\/05\/logo.png\",\"contentUrl\":\"https:\/\/evertonfc.cz\/wp-content\/uploads\/2019\/05\/logo.png\",\"width\":112,\"height\":112,\"caption\":\"Official Czech & Slovak Everton Supporters' Club\"},\"image\":{\"@id\":\"https:\/\/evertonfc.cz\/#\/schema\/logo\/image\/\"},\"sameAs\":[\"https:\/\/www.facebook.com\/everton.fans.cz.sk\"]},{\"@type\":\"Person\",\"@id\":\"https:\/\/evertonfc.cz\/#\/schema\/person\/b30daf6a5852f4811f8207a17ec1bf78\",\"name\":\"Javor\",\"sameAs\":[\"https:\/\/x.com\/LoudinJan\"],\"url\":\"https:\/\/evertonfc.cz\/index.php\/author\/javor\/\"}]}<\/script>\n<!-- \/ Yoast SEO plugin. -->","yoast_head_json":{"title":"Za\u010d\u00e1tek lednov\u00e9ho p\u0159estupn\u00edho obdob\u00ed - p\u0159\u00edchod Tosuna, odchod Barkleyho - Official Czech &amp; Slovak Everton Supporters&#039; Club","robots":{"index":"index","follow":"follow","max-snippet":"max-snippet:-1","max-image-preview":"max-image-preview:large","max-video-preview":"max-video-preview:-1"},"canonical":"https:\/\/evertonfc.cz\/index.php\/2018\/01\/06\/zacatek-lednoveho-prestupniho-obdobi-prichod-tosuna-odchod-barkleyho\/","og_locale":"cs_CZ","og_type":"article","og_title":"Za\u010d\u00e1tek lednov\u00e9ho p\u0159estupn\u00edho obdob\u00ed - p\u0159\u00edchod Tosuna, odchod Barkleyho - Official Czech &amp; Slovak Everton Supporters&#039; Club","og_description":"N\u011bkolik m\u011bs\u00edc\u016f a p\u00e1r t\u00fddn\u016f o\u010dek\u00e1van\u00e9 zm\u011bny se staly realitou. Vemu to chronologicky. U konce je Barkleyho s\u00e1ga. Anglick\u00fd reprezentant&hellip;","og_url":"https:\/\/evertonfc.cz\/index.php\/2018\/01\/06\/zacatek-lednoveho-prestupniho-obdobi-prichod-tosuna-odchod-barkleyho\/","og_site_name":"Official Czech &amp; Slovak Everton Supporters&#039; Club","article_publisher":"https:\/\/www.facebook.com\/everton.fans.cz.sk","article_published_time":"2018-01-06T17:11:30+00:00","article_modified_time":"2019-02-05T17:13:22+00:00","og_image":[{"width":720,"height":405,"url":"https:\/\/evertonfc.cz\/wp-content\/uploads\/2019\/01\/transfer.jpg","type":"image\/jpeg"}],"author":"Javor","twitter_card":"summary_large_image","twitter_creator":"@LoudinJan","twitter_misc":{"Napsal(a)":"Javor","Odhadovan\u00e1 doba \u010dten\u00ed":"1 minuta"},"schema":{"@context":"https:\/\/schema.org","@graph":[{"@type":"Article","@id":"https:\/\/evertonfc.cz\/index.php\/2018\/01\/06\/zacatek-lednoveho-prestupniho-obdobi-prichod-tosuna-odchod-barkleyho\/#article","isPartOf":{"@id":"https:\/\/evertonfc.cz\/index.php\/2018\/01\/06\/zacatek-lednoveho-prestupniho-obdobi-prichod-tosuna-odchod-barkleyho\/"},"author":{"name":"Javor","@id":"https:\/\/evertonfc.cz\/#\/schema\/person\/b30daf6a5852f4811f8207a17ec1bf78"},"headline":"Za\u010d\u00e1tek lednov\u00e9ho p\u0159estupn\u00edho obdob\u00ed &#8211; p\u0159\u00edchod Tosuna, odchod Barkleyho","datePublished":"2018-01-06T17:11:30+00:00","dateModified":"2019-02-05T17:13:22+00:00","mainEntityOfPage":{"@id":"https:\/\/evertonfc.cz\/index.php\/2018\/01\/06\/zacatek-lednoveho-prestupniho-obdobi-prichod-tosuna-odchod-barkleyho\/"},"wordCount":308,"commentCount":0,"publisher":{"@id":"https:\/\/evertonfc.cz\/#organization"},"image":{"@id":"https:\/\/evertonfc.cz\/index.php\/2018\/01\/06\/zacatek-lednoveho-prestupniho-obdobi-prichod-tosuna-odchod-barkleyho\/#primaryimage"},"thumbnailUrl":"https:\/\/evertonfc.cz\/wp-content\/uploads\/2019\/01\/transfer.jpg","articleSection":["P\u0159estupy"],"inLanguage":"cs","potentialAction":[{"@type":"CommentAction","name":"Comment","target":["https:\/\/evertonfc.cz\/index.php\/2018\/01\/06\/zacatek-lednoveho-prestupniho-obdobi-prichod-tosuna-odchod-barkleyho\/#respond"]}]},{"@type":"WebPage","@id":"https:\/\/evertonfc.cz\/index.php\/2018\/01\/06\/zacatek-lednoveho-prestupniho-obdobi-prichod-tosuna-odchod-barkleyho\/","url":"https:\/\/evertonfc.cz\/index.php\/2018\/01\/06\/zacatek-lednoveho-prestupniho-obdobi-prichod-tosuna-odchod-barkleyho\/","name":"Za\u010d\u00e1tek lednov\u00e9ho p\u0159estupn\u00edho obdob\u00ed - p\u0159\u00edchod Tosuna, odchod Barkleyho - Official Czech &amp; Slovak Everton Supporters&#039; Club","isPartOf":{"@id":"https:\/\/evertonfc.cz\/#website"},"primaryImageOfPage":{"@id":"https:\/\/evertonfc.cz\/index.php\/2018\/01\/06\/zacatek-lednoveho-prestupniho-obdobi-prichod-tosuna-odchod-barkleyho\/#primaryimage"},"image":{"@id":"https:\/\/evertonfc.cz\/index.php\/2018\/01\/06\/zacatek-lednoveho-prestupniho-obdobi-prichod-tosuna-odchod-barkleyho\/#primaryimage"},"thumbnailUrl":"https:\/\/evertonfc.cz\/wp-content\/uploads\/2019\/01\/transfer.jpg","datePublished":"2018-01-06T17:11:30+00:00","dateModified":"2019-02-05T17:13:22+00:00","breadcrumb":{"@id":"https:\/\/evertonfc.cz\/index.php\/2018\/01\/06\/zacatek-lednoveho-prestupniho-obdobi-prichod-tosuna-odchod-barkleyho\/#breadcrumb"},"inLanguage":"cs","potentialAction":[{"@type":"ReadAction","target":["https:\/\/evertonfc.cz\/index.php\/2018\/01\/06\/zacatek-lednoveho-prestupniho-obdobi-prichod-tosuna-odchod-barkleyho\/"]}]},{"@type":"ImageObject","inLanguage":"cs","@id":"https:\/\/evertonfc.cz\/index.php\/2018\/01\/06\/zacatek-lednoveho-prestupniho-obdobi-prichod-tosuna-odchod-barkleyho\/#primaryimage","url":"https:\/\/evertonfc.cz\/wp-content\/uploads\/2019\/01\/transfer.jpg","contentUrl":"https:\/\/evertonfc.cz\/wp-content\/uploads\/2019\/01\/transfer.jpg","width":720,"height":405},{"@type":"BreadcrumbList","@id":"https:\/\/evertonfc.cz\/index.php\/2018\/01\/06\/zacatek-lednoveho-prestupniho-obdobi-prichod-tosuna-odchod-barkleyho\/#breadcrumb","itemListElement":[{"@type":"ListItem","position":1,"name":"Home","item":"https:\/\/evertonfc.cz\/"},{"@type":"ListItem","position":2,"name":"Za\u010d\u00e1tek lednov\u00e9ho p\u0159estupn\u00edho obdob\u00ed &#8211; p\u0159\u00edchod Tosuna, odchod Barkleyho"}]},{"@type":"WebSite","@id":"https:\/\/evertonfc.cz\/#website","url":"https:\/\/evertonfc.cz\/","name":"Official Czech &amp; Slovak Everton Supporters&#039; Club","description":"","publisher":{"@id":"https:\/\/evertonfc.cz\/#organization"},"potentialAction":[{"@type":"SearchAction","target":{"@type":"EntryPoint","urlTemplate":"https:\/\/evertonfc.cz\/?s={search_term_string}"},"query-input":{"@type":"PropertyValueSpecification","valueRequired":true,"valueName":"search_term_string"}}],"inLanguage":"cs"},{"@type":"Organization","@id":"https:\/\/evertonfc.cz\/#organization","name":"Official Czech & Slovak Everton Supporters' Club","url":"https:\/\/evertonfc.cz\/","logo":{"@type":"ImageObject","inLanguage":"cs","@id":"https:\/\/evertonfc.cz\/#\/schema\/logo\/image\/","url":"https:\/\/evertonfc.cz\/wp-content\/uploads\/2019\/05\/logo.png","contentUrl":"https:\/\/evertonfc.cz\/wp-content\/uploads\/2019\/05\/logo.png","width":112,"height":112,"caption":"Official Czech & Slovak Everton Supporters' Club"},"image":{"@id":"https:\/\/evertonfc.cz\/#\/schema\/logo\/image\/"},"sameAs":["https:\/\/www.facebook.com\/everton.fans.cz.sk"]},{"@type":"Person","@id":"https:\/\/evertonfc.cz\/#\/schema\/person\/b30daf6a5852f4811f8207a17ec1bf78","name":"Javor","sameAs":["https:\/\/x.com\/LoudinJan"],"url":"https:\/\/evertonfc.cz\/index.php\/author\/javor\/"}]}},"_links":{"self":[{"href":"https:\/\/evertonfc.cz\/index.php\/wp-json\/wp\/v2\/posts\/2240"}],"collection":[{"href":"https:\/\/evertonfc.cz\/index.php\/wp-json\/wp\/v2\/posts"}],"about":[{"href":"https:\/\/evertonfc.cz\/index.php\/wp-json\/wp\/v2\/types\/post"}],"author":[{"embeddable":true,"href":"https:\/\/evertonfc.cz\/index.php\/wp-json\/wp\/v2\/users\/12"}],"replies":[{"embeddable":true,"href":"https:\/\/evertonfc.cz\/index.php\/wp-json\/wp\/v2\/comments?post=2240"}],"version-history":[{"count":1,"href":"https:\/\/evertonfc.cz\/index.php\/wp-json\/wp\/v2\/posts\/2240\/revisions"}],"predecessor-version":[{"id":2241,"href":"https:\/\/evertonfc.cz\/index.php\/wp-json\/wp\/v2\/posts\/2240\/revisions\/2241"}],"wp:featuredmedia":[{"embeddable":true,"href":"https:\/\/evertonfc.cz\/index.php\/wp-json\/wp\/v2\/media\/1316"}],"wp:attachment":[{"href":"https:\/\/evertonfc.cz\/index.php\/wp-json\/wp\/v2\/media?parent=2240"}],"wp:term":[{"taxonomy":"category","embeddable":true,"href":"https:\/\/evertonfc.cz\/index.php\/wp-json\/wp\/v2\/categories?post=2240"},{"taxonomy":"post_tag","embeddable":true,"href":"https:\/\/evertonfc.cz\/index.php\/wp-json\/wp\/v2\/tags?post=2240"}],"curies":[{"name":"wp","href":"https:\/\/api.w.org\/{rel}","templated":true}]}}