{"id":22415,"date":"2023-08-18T13:00:43","date_gmt":"2023-08-18T11:00:43","guid":{"rendered":"https:\/\/evertonfc.cz\/?p=22415"},"modified":"2023-08-20T11:00:18","modified_gmt":"2023-08-20T09:00:18","slug":"prichazi-karoline-olesen","status":"publish","type":"post","link":"https:\/\/evertonfc.cz\/index.php\/2023\/08\/18\/prichazi-karoline-olesen\/","title":{"rendered":"P\u0159ich\u00e1z\u00ed Justine Vanhaevermaet a Karoline Olesen"},"content":{"rendered":"<h4>\u010ctvrtou posilou letn\u00edho p\u0159estupov\u00e9ho okna na Walton Hall Park se stala belgick\u00e1 internacion\u00e1lka Justine Vanhaevermaet, p\u00e1tou pak Karoline Olesen.<\/h4>\n<p>Pon\u011bkud opo\u017ed\u011bn\u011b, ale p\u0159ece informujeme ct\u011bn\u00e9 \u010dten\u00e1\u0159e, \u017ee \u0159ady Everton Women pos\u00edlily dal\u0161\u00ed dv\u011b hr\u00e1\u010dky. Tou prvn\u00ed je Justine Vanhaevermaet. 31. let\u00e1 st\u0159edn\u00ed z\u00e1lo\u017enice k n\u00e1m p\u0159i\u0161la ze sestoupiv\u0161\u00edho Readingu, za kter\u00fd odehr\u00e1la dv\u011b sez\u00f3ny. Za Royals nastoupila k\u00a0 39 z\u00e1pas\u016fm, ve kter\u00fdch sk\u00f3rovala 6 kr\u00e1t. Ne\u017e Justine dorazila do Anglie, str\u00e1vila 13 let v belgick\u00e9, norsk\u00e9 a n\u011bmeck\u00e9 prvn\u00ed ligy. Z \u0159ady klub\u016f, jejich\u017e barvy h\u00e1jila je asi nejzn\u00e1m\u011bj\u0161\u00ed RSC Anderlecht. V tomto b\u00edlomodr\u00e9m dresu hr\u00e1la ve dvou obdob\u00edch, nejprve v letech 2012-2013, pot\u00e9 2016-2018. Na Briana S\u00f8rensen ov\u0161em nejv\u00edce zap\u016fsobily jej\u00ed konzistentn\u00ed v\u00fdkony v dresu Royals, kter\u00e9 ho p\u0159im\u011bly nab\u00eddnout Justin\u011b evertonsk\u00e9 anga\u017em\u00e1. Ob\u011b strany se shodly na smlouv\u011b do l\u00e9ta 2025.<\/p>\n<p>18 let\u00e1 z\u00e1lo\u017enice Karoline Olesen je Brianu S\u00f8rensenovo dob\u0159e zn\u00e1m\u00e1 z jeho minul\u00e9ho p\u016fsobi\u0161t\u011b ve Fortun\u011b Hj\u00f8ring, kde ji p\u0159ivedl do A-t\u00fdmu. Pr\u00e1v\u011b tato zn\u00e1most a dobr\u00e9 reference od \u010detn\u00fdch evertonsk\u00fdch d\u00e1nsk\u00fdch kolegy\u0148 p\u0159isp\u011bly k rozhodnut\u00ed Olesen p\u0159ilo\u017eit hrot pera na vyte\u010dkovanou \u010d\u00e1st smlouvy a upsat se Blues do l\u00e9ta 2025. V\u011b\u0159\u00edme, \u017ee (mo\u017en\u00e1 p\u0159es vhodn\u011b zvolen\u00e9 hostov\u00e1n\u00ed) se Karoline stane platnou posilou t\u00fdmu a napln\u00ed tak p\u0159edstavy, kter\u00e9 ona sama i mana\u017eer o jej\u00edm anga\u017em\u00e1 maj\u00ed. <strong><span style=\"color: #0000ff;\">COYB!<\/span><\/strong><\/p>\n<p style=\"text-align: right;\"><span style=\"font-size: 8pt;\"><em>Zdroj fotografie: dhnet.be, shekicks.net<\/em><\/span><\/p>\n<h4><\/h4>\n","protected":false},"excerpt":{"rendered":"<p>\u010ctvrtou posilou letn\u00edho p\u0159estupov\u00e9ho okna na Walton Hall Park se stala belgick\u00e1 internacion\u00e1lka Justine Vanhaevermaet, p\u00e1tou pak Karoline Olesen.<\/p>\n","protected":false},"author":26,"featured_media":22434,"comment_status":"open","ping_status":"closed","sticky":false,"template":"","format":"standard","meta":{"_eb_attr":"","_monsterinsights_skip_tracking":false,"_monsterinsights_sitenote_active":false,"_monsterinsights_sitenote_note":"","_monsterinsights_sitenote_category":0,"footnotes":""},"categories":[110],"tags":[],"yoast_head":"<!-- This site is optimized with the Yoast SEO plugin v23.4 - https:\/\/yoast.com\/wordpress\/plugins\/seo\/ -->\n<title>P\u0159ich\u00e1z\u00ed Justine Vanhaevermaet a Karoline Olesen - Official Czech &amp; Slovak Everton Supporters&#039; Club<\/title>\n<meta name=\"robots\" content=\"index, follow, max-snippet:-1, max-image-preview:large, max-video-preview:-1\" \/>\n<link rel=\"canonical\" href=\"https:\/\/evertonfc.cz\/index.php\/2023\/08\/18\/prichazi-karoline-olesen\/\" \/>\n<meta property=\"og:locale\" content=\"cs_CZ\" \/>\n<meta property=\"og:type\" content=\"article\" \/>\n<meta property=\"og:title\" content=\"P\u0159ich\u00e1z\u00ed Justine Vanhaevermaet a Karoline Olesen - Official Czech &amp; Slovak Everton Supporters&#039; Club\" \/>\n<meta property=\"og:description\" content=\"\u010ctvrtou posilou letn\u00edho p\u0159estupov\u00e9ho okna na Walton Hall Park se stala belgick\u00e1 internacion\u00e1lka Justine Vanhaevermaet, p\u00e1tou pak Karoline Olesen.\" \/>\n<meta property=\"og:url\" content=\"https:\/\/evertonfc.cz\/index.php\/2023\/08\/18\/prichazi-karoline-olesen\/\" \/>\n<meta property=\"og:site_name\" content=\"Official Czech &amp; Slovak Everton Supporters&#039; Club\" \/>\n<meta property=\"article:publisher\" content=\"https:\/\/www.facebook.com\/everton.fans.cz.sk\" \/>\n<meta property=\"article:published_time\" content=\"2023-08-18T11:00:43+00:00\" \/>\n<meta property=\"article:modified_time\" content=\"2023-08-20T09:00:18+00:00\" \/>\n<meta property=\"og:image\" content=\"https:\/\/evertonfc.cz\/wp-content\/uploads\/2023\/08\/Vanhaevermaet-Olesen-20-8-2023.jpg\" \/>\n\t<meta property=\"og:image:width\" content=\"720\" \/>\n\t<meta property=\"og:image:height\" content=\"405\" \/>\n\t<meta property=\"og:image:type\" content=\"image\/jpeg\" \/>\n<meta name=\"author\" content=\"Karamela\" \/>\n<meta name=\"twitter:card\" content=\"summary_large_image\" \/>\n<meta name=\"twitter:label1\" content=\"Napsal(a)\" \/>\n\t<meta name=\"twitter:data1\" content=\"Karamela\" \/>\n\t<meta name=\"twitter:label2\" content=\"Odhadovan\u00e1 doba \u010dten\u00ed\" \/>\n\t<meta name=\"twitter:data2\" content=\"2 minuty\" \/>\n<script type=\"application\/ld+json\" class=\"yoast-schema-graph\">{\"@context\":\"https:\/\/schema.org\",\"@graph\":[{\"@type\":\"Article\",\"@id\":\"https:\/\/evertonfc.cz\/index.php\/2023\/08\/18\/prichazi-karoline-olesen\/#article\",\"isPartOf\":{\"@id\":\"https:\/\/evertonfc.cz\/index.php\/2023\/08\/18\/prichazi-karoline-olesen\/\"},\"author\":{\"name\":\"Karamela\",\"@id\":\"https:\/\/evertonfc.cz\/#\/schema\/person\/e9a24a80a32efa1344dd2c4e5882185c\"},\"headline\":\"P\u0159ich\u00e1z\u00ed Justine Vanhaevermaet a Karoline Olesen\",\"datePublished\":\"2023-08-18T11:00:43+00:00\",\"dateModified\":\"2023-08-20T09:00:18+00:00\",\"mainEntityOfPage\":{\"@id\":\"https:\/\/evertonfc.cz\/index.php\/2023\/08\/18\/prichazi-karoline-olesen\/\"},\"wordCount\":296,\"commentCount\":0,\"publisher\":{\"@id\":\"https:\/\/evertonfc.cz\/#organization\"},\"image\":{\"@id\":\"https:\/\/evertonfc.cz\/index.php\/2023\/08\/18\/prichazi-karoline-olesen\/#primaryimage\"},\"thumbnailUrl\":\"https:\/\/evertonfc.cz\/wp-content\/uploads\/2023\/08\/Vanhaevermaet-Olesen-20-8-2023.jpg\",\"articleSection\":[\"Everton Women\"],\"inLanguage\":\"cs\",\"potentialAction\":[{\"@type\":\"CommentAction\",\"name\":\"Comment\",\"target\":[\"https:\/\/evertonfc.cz\/index.php\/2023\/08\/18\/prichazi-karoline-olesen\/#respond\"]}]},{\"@type\":\"WebPage\",\"@id\":\"https:\/\/evertonfc.cz\/index.php\/2023\/08\/18\/prichazi-karoline-olesen\/\",\"url\":\"https:\/\/evertonfc.cz\/index.php\/2023\/08\/18\/prichazi-karoline-olesen\/\",\"name\":\"P\u0159ich\u00e1z\u00ed Justine Vanhaevermaet a Karoline Olesen - Official Czech &amp; Slovak Everton Supporters&#039; Club\",\"isPartOf\":{\"@id\":\"https:\/\/evertonfc.cz\/#website\"},\"primaryImageOfPage\":{\"@id\":\"https:\/\/evertonfc.cz\/index.php\/2023\/08\/18\/prichazi-karoline-olesen\/#primaryimage\"},\"image\":{\"@id\":\"https:\/\/evertonfc.cz\/index.php\/2023\/08\/18\/prichazi-karoline-olesen\/#primaryimage\"},\"thumbnailUrl\":\"https:\/\/evertonfc.cz\/wp-content\/uploads\/2023\/08\/Vanhaevermaet-Olesen-20-8-2023.jpg\",\"datePublished\":\"2023-08-18T11:00:43+00:00\",\"dateModified\":\"2023-08-20T09:00:18+00:00\",\"breadcrumb\":{\"@id\":\"https:\/\/evertonfc.cz\/index.php\/2023\/08\/18\/prichazi-karoline-olesen\/#breadcrumb\"},\"inLanguage\":\"cs\",\"potentialAction\":[{\"@type\":\"ReadAction\",\"target\":[\"https:\/\/evertonfc.cz\/index.php\/2023\/08\/18\/prichazi-karoline-olesen\/\"]}]},{\"@type\":\"ImageObject\",\"inLanguage\":\"cs\",\"@id\":\"https:\/\/evertonfc.cz\/index.php\/2023\/08\/18\/prichazi-karoline-olesen\/#primaryimage\",\"url\":\"https:\/\/evertonfc.cz\/wp-content\/uploads\/2023\/08\/Vanhaevermaet-Olesen-20-8-2023.jpg\",\"contentUrl\":\"https:\/\/evertonfc.cz\/wp-content\/uploads\/2023\/08\/Vanhaevermaet-Olesen-20-8-2023.jpg\",\"width\":720,\"height\":405},{\"@type\":\"BreadcrumbList\",\"@id\":\"https:\/\/evertonfc.cz\/index.php\/2023\/08\/18\/prichazi-karoline-olesen\/#breadcrumb\",\"itemListElement\":[{\"@type\":\"ListItem\",\"position\":1,\"name\":\"Home\",\"item\":\"https:\/\/evertonfc.cz\/\"},{\"@type\":\"ListItem\",\"position\":2,\"name\":\"P\u0159ich\u00e1z\u00ed Justine Vanhaevermaet a Karoline Olesen\"}]},{\"@type\":\"WebSite\",\"@id\":\"https:\/\/evertonfc.cz\/#website\",\"url\":\"https:\/\/evertonfc.cz\/\",\"name\":\"Official Czech &amp; Slovak Everton Supporters&#039; Club\",\"description\":\"\",\"publisher\":{\"@id\":\"https:\/\/evertonfc.cz\/#organization\"},\"potentialAction\":[{\"@type\":\"SearchAction\",\"target\":{\"@type\":\"EntryPoint\",\"urlTemplate\":\"https:\/\/evertonfc.cz\/?s={search_term_string}\"},\"query-input\":{\"@type\":\"PropertyValueSpecification\",\"valueRequired\":true,\"valueName\":\"search_term_string\"}}],\"inLanguage\":\"cs\"},{\"@type\":\"Organization\",\"@id\":\"https:\/\/evertonfc.cz\/#organization\",\"name\":\"Official Czech & Slovak Everton Supporters' Club\",\"url\":\"https:\/\/evertonfc.cz\/\",\"logo\":{\"@type\":\"ImageObject\",\"inLanguage\":\"cs\",\"@id\":\"https:\/\/evertonfc.cz\/#\/schema\/logo\/image\/\",\"url\":\"https:\/\/evertonfc.cz\/wp-content\/uploads\/2019\/05\/logo.png\",\"contentUrl\":\"https:\/\/evertonfc.cz\/wp-content\/uploads\/2019\/05\/logo.png\",\"width\":112,\"height\":112,\"caption\":\"Official Czech & Slovak Everton Supporters' Club\"},\"image\":{\"@id\":\"https:\/\/evertonfc.cz\/#\/schema\/logo\/image\/\"},\"sameAs\":[\"https:\/\/www.facebook.com\/everton.fans.cz.sk\"]},{\"@type\":\"Person\",\"@id\":\"https:\/\/evertonfc.cz\/#\/schema\/person\/e9a24a80a32efa1344dd2c4e5882185c\",\"name\":\"Karamela\",\"url\":\"https:\/\/evertonfc.cz\/index.php\/author\/karamela\/\"}]}<\/script>\n<!-- \/ Yoast SEO plugin. -->","yoast_head_json":{"title":"P\u0159ich\u00e1z\u00ed Justine Vanhaevermaet a Karoline Olesen - Official Czech &amp; Slovak Everton Supporters&#039; Club","robots":{"index":"index","follow":"follow","max-snippet":"max-snippet:-1","max-image-preview":"max-image-preview:large","max-video-preview":"max-video-preview:-1"},"canonical":"https:\/\/evertonfc.cz\/index.php\/2023\/08\/18\/prichazi-karoline-olesen\/","og_locale":"cs_CZ","og_type":"article","og_title":"P\u0159ich\u00e1z\u00ed Justine Vanhaevermaet a Karoline Olesen - Official Czech &amp; Slovak Everton Supporters&#039; Club","og_description":"\u010ctvrtou posilou letn\u00edho p\u0159estupov\u00e9ho okna na Walton Hall Park se stala belgick\u00e1 internacion\u00e1lka Justine Vanhaevermaet, p\u00e1tou pak Karoline Olesen.","og_url":"https:\/\/evertonfc.cz\/index.php\/2023\/08\/18\/prichazi-karoline-olesen\/","og_site_name":"Official Czech &amp; Slovak Everton Supporters&#039; Club","article_publisher":"https:\/\/www.facebook.com\/everton.fans.cz.sk","article_published_time":"2023-08-18T11:00:43+00:00","article_modified_time":"2023-08-20T09:00:18+00:00","og_image":[{"width":720,"height":405,"url":"https:\/\/evertonfc.cz\/wp-content\/uploads\/2023\/08\/Vanhaevermaet-Olesen-20-8-2023.jpg","type":"image\/jpeg"}],"author":"Karamela","twitter_card":"summary_large_image","twitter_misc":{"Napsal(a)":"Karamela","Odhadovan\u00e1 doba \u010dten\u00ed":"2 minuty"},"schema":{"@context":"https:\/\/schema.org","@graph":[{"@type":"Article","@id":"https:\/\/evertonfc.cz\/index.php\/2023\/08\/18\/prichazi-karoline-olesen\/#article","isPartOf":{"@id":"https:\/\/evertonfc.cz\/index.php\/2023\/08\/18\/prichazi-karoline-olesen\/"},"author":{"name":"Karamela","@id":"https:\/\/evertonfc.cz\/#\/schema\/person\/e9a24a80a32efa1344dd2c4e5882185c"},"headline":"P\u0159ich\u00e1z\u00ed Justine Vanhaevermaet a Karoline Olesen","datePublished":"2023-08-18T11:00:43+00:00","dateModified":"2023-08-20T09:00:18+00:00","mainEntityOfPage":{"@id":"https:\/\/evertonfc.cz\/index.php\/2023\/08\/18\/prichazi-karoline-olesen\/"},"wordCount":296,"commentCount":0,"publisher":{"@id":"https:\/\/evertonfc.cz\/#organization"},"image":{"@id":"https:\/\/evertonfc.cz\/index.php\/2023\/08\/18\/prichazi-karoline-olesen\/#primaryimage"},"thumbnailUrl":"https:\/\/evertonfc.cz\/wp-content\/uploads\/2023\/08\/Vanhaevermaet-Olesen-20-8-2023.jpg","articleSection":["Everton Women"],"inLanguage":"cs","potentialAction":[{"@type":"CommentAction","name":"Comment","target":["https:\/\/evertonfc.cz\/index.php\/2023\/08\/18\/prichazi-karoline-olesen\/#respond"]}]},{"@type":"WebPage","@id":"https:\/\/evertonfc.cz\/index.php\/2023\/08\/18\/prichazi-karoline-olesen\/","url":"https:\/\/evertonfc.cz\/index.php\/2023\/08\/18\/prichazi-karoline-olesen\/","name":"P\u0159ich\u00e1z\u00ed Justine Vanhaevermaet a Karoline Olesen - Official Czech &amp; Slovak Everton Supporters&#039; Club","isPartOf":{"@id":"https:\/\/evertonfc.cz\/#website"},"primaryImageOfPage":{"@id":"https:\/\/evertonfc.cz\/index.php\/2023\/08\/18\/prichazi-karoline-olesen\/#primaryimage"},"image":{"@id":"https:\/\/evertonfc.cz\/index.php\/2023\/08\/18\/prichazi-karoline-olesen\/#primaryimage"},"thumbnailUrl":"https:\/\/evertonfc.cz\/wp-content\/uploads\/2023\/08\/Vanhaevermaet-Olesen-20-8-2023.jpg","datePublished":"2023-08-18T11:00:43+00:00","dateModified":"2023-08-20T09:00:18+00:00","breadcrumb":{"@id":"https:\/\/evertonfc.cz\/index.php\/2023\/08\/18\/prichazi-karoline-olesen\/#breadcrumb"},"inLanguage":"cs","potentialAction":[{"@type":"ReadAction","target":["https:\/\/evertonfc.cz\/index.php\/2023\/08\/18\/prichazi-karoline-olesen\/"]}]},{"@type":"ImageObject","inLanguage":"cs","@id":"https:\/\/evertonfc.cz\/index.php\/2023\/08\/18\/prichazi-karoline-olesen\/#primaryimage","url":"https:\/\/evertonfc.cz\/wp-content\/uploads\/2023\/08\/Vanhaevermaet-Olesen-20-8-2023.jpg","contentUrl":"https:\/\/evertonfc.cz\/wp-content\/uploads\/2023\/08\/Vanhaevermaet-Olesen-20-8-2023.jpg","width":720,"height":405},{"@type":"BreadcrumbList","@id":"https:\/\/evertonfc.cz\/index.php\/2023\/08\/18\/prichazi-karoline-olesen\/#breadcrumb","itemListElement":[{"@type":"ListItem","position":1,"name":"Home","item":"https:\/\/evertonfc.cz\/"},{"@type":"ListItem","position":2,"name":"P\u0159ich\u00e1z\u00ed Justine Vanhaevermaet a Karoline Olesen"}]},{"@type":"WebSite","@id":"https:\/\/evertonfc.cz\/#website","url":"https:\/\/evertonfc.cz\/","name":"Official Czech &amp; Slovak Everton Supporters&#039; Club","description":"","publisher":{"@id":"https:\/\/evertonfc.cz\/#organization"},"potentialAction":[{"@type":"SearchAction","target":{"@type":"EntryPoint","urlTemplate":"https:\/\/evertonfc.cz\/?s={search_term_string}"},"query-input":{"@type":"PropertyValueSpecification","valueRequired":true,"valueName":"search_term_string"}}],"inLanguage":"cs"},{"@type":"Organization","@id":"https:\/\/evertonfc.cz\/#organization","name":"Official Czech & Slovak Everton Supporters' Club","url":"https:\/\/evertonfc.cz\/","logo":{"@type":"ImageObject","inLanguage":"cs","@id":"https:\/\/evertonfc.cz\/#\/schema\/logo\/image\/","url":"https:\/\/evertonfc.cz\/wp-content\/uploads\/2019\/05\/logo.png","contentUrl":"https:\/\/evertonfc.cz\/wp-content\/uploads\/2019\/05\/logo.png","width":112,"height":112,"caption":"Official Czech & Slovak Everton Supporters' Club"},"image":{"@id":"https:\/\/evertonfc.cz\/#\/schema\/logo\/image\/"},"sameAs":["https:\/\/www.facebook.com\/everton.fans.cz.sk"]},{"@type":"Person","@id":"https:\/\/evertonfc.cz\/#\/schema\/person\/e9a24a80a32efa1344dd2c4e5882185c","name":"Karamela","url":"https:\/\/evertonfc.cz\/index.php\/author\/karamela\/"}]}},"_links":{"self":[{"href":"https:\/\/evertonfc.cz\/index.php\/wp-json\/wp\/v2\/posts\/22415"}],"collection":[{"href":"https:\/\/evertonfc.cz\/index.php\/wp-json\/wp\/v2\/posts"}],"about":[{"href":"https:\/\/evertonfc.cz\/index.php\/wp-json\/wp\/v2\/types\/post"}],"author":[{"embeddable":true,"href":"https:\/\/evertonfc.cz\/index.php\/wp-json\/wp\/v2\/users\/26"}],"replies":[{"embeddable":true,"href":"https:\/\/evertonfc.cz\/index.php\/wp-json\/wp\/v2\/comments?post=22415"}],"version-history":[{"count":7,"href":"https:\/\/evertonfc.cz\/index.php\/wp-json\/wp\/v2\/posts\/22415\/revisions"}],"predecessor-version":[{"id":22435,"href":"https:\/\/evertonfc.cz\/index.php\/wp-json\/wp\/v2\/posts\/22415\/revisions\/22435"}],"wp:featuredmedia":[{"embeddable":true,"href":"https:\/\/evertonfc.cz\/index.php\/wp-json\/wp\/v2\/media\/22434"}],"wp:attachment":[{"href":"https:\/\/evertonfc.cz\/index.php\/wp-json\/wp\/v2\/media?parent=22415"}],"wp:term":[{"taxonomy":"category","embeddable":true,"href":"https:\/\/evertonfc.cz\/index.php\/wp-json\/wp\/v2\/categories?post=22415"},{"taxonomy":"post_tag","embeddable":true,"href":"https:\/\/evertonfc.cz\/index.php\/wp-json\/wp\/v2\/tags?post=22415"}],"curies":[{"name":"wp","href":"https:\/\/api.w.org\/{rel}","templated":true}]}}