{"id":22442,"date":"2023-08-21T17:38:40","date_gmt":"2023-08-21T15:38:40","guid":{"rendered":"https:\/\/evertonfc.cz\/?p=22442"},"modified":"2023-08-21T17:38:40","modified_gmt":"2023-08-21T15:38:40","slug":"aston-villa-everton-40","status":"publish","type":"post","link":"https:\/\/evertonfc.cz\/index.php\/2023\/08\/21\/aston-villa-everton-40\/","title":{"rendered":"Aston Villa \u2013 Everton 4:0"},"content":{"rendered":"<h4>Panika, stres a o\u010di pre pla\u010d&#8230; Ale je to len druh\u00e9 kolo! \u00c1no, aj takto sa mus\u00edme chl\u00e1choli\u0165 priatelia, v\u00a0hre je e\u0161te 108 bodov, ktor\u00e9 m\u00f4\u017eu by\u0165 na\u0161e. \u00daplne v\u00a0pohode.<\/h4>\n<p>But OK, teraz sa vr\u00e1\u0165me sp\u00e4\u0165 do tie\u0148a, kde sa rozm\u00fd\u0161\u013ea bez toho, aby n\u00e1m svietili v\u0161etky kontrolky, a\u00a0logika n\u00e1\u0161ho r\u00e1cia sa nestr\u00e1cala v\u00a0n\u00fadzovom re\u017eime. Ten by si v\u0161ak kone\u010dne mohli vypn\u00fa\u0165 Dychovi zverenci. Je evidentn\u00e9, \u017ee na trip do Villa Parku pri\u0161li nedostato\u010dne namotivovan\u00fd, neveriaci vo vlastn\u00e9 schopnosti.<\/p>\n<p>Inak si rovnako ako Dyche, neviem vysvetli\u0165 ten sklesl\u00fd v\u00fdkon, ktor\u00fdm sa prezentovali. Predsa len, bol to rovnak\u00fd t\u00edm, ak\u00fd vyklusal na Fulham. Ten, ktor\u00fd v\u00a0po\u010dte \u0161anc\u00ed prev\u00fd\u0161il ak\u00fdko\u013evek in\u00fd t\u00edm v\u00a0minulej sez\u00f3ne, ktor\u00fd v\u00a0z\u00e1pase nesk\u00f3roval. Ba \u010do viac, k\u00a0dispoz\u00edcii mal u\u017e aj uzdraven\u00e9ho Calverta-Lewina. Ten v\u0161ak nemal dlh\u00e9 trvanie.<\/p>\n<h4><strong>1.pol\u010das<\/strong><\/h4>\n<p>Stretnutie za\u010dalo o\u010dak\u00e1vane. Villans prebrali kontrolu a\u00a0Everton sa ob\u010das skonsolidoval na nejak\u00fd ten pokus o\u00a0ofenz\u00edvu. Ale od host\u00ed to nebolo presved\u010div\u00e9. Dom\u00e1ci n\u00e1s \u013eahko zatv\u00e1rali na vlastnej polovici, a\u00a0pomerne jednoducho posielali pred Pickforda jednu loptu za druhou. Zauj\u00edmav\u00fdm prvkom v\u00a0na\u0161ej hre, ktor\u00fd toto mohol sp\u00f4sobova\u0165, bolo vy\u0161\u0161ie postavenie Doucour\u00e9ho.<\/p>\n<p>Ten hral zrejme pod\u013ea pokynov doslova podhrot, \u010d\u00edm okr\u00e1dal z\u00e1lohu o\u00a0jej hustotu a\u00a0nepriepustnos\u0165. Presne tak vznikla akcia prv\u00e9ho g\u00f3lu. Villa prepas\u00edrovala loptu cez Gueyeho s\u00a0Onanou, a\u00a0po kr\u00eddle postupovala do v\u00e1pna. Tam nedostatok d\u00f4razu Younga, d\u00f4slednosti Garnera, a\u00a0pozornosti od Keane znamenal \u013eahk\u00fd g\u00f3l v\u00a0na\u0161ej sieti. 1:0. Obzeranie sa, kto za to mohol a\u00a0\u010do teraz.<\/p>\n<p>O\u00a0tri min\u00faty nesk\u00f4r bolo e\u0161te hor\u0161ie. Kr\u00e1tky roh a center do mal\u00e9ho v\u00e1pna rovno pred nos Watkinsa prin\u00fatil Pickforda skratovo reagova\u0165. Str\u00e1\u017eca sv\u00e4tyne nechcel osta\u0165 svojmu povolaniu ni\u010d dl\u017en\u00fd, a\u00a0tak napriahol jeden vzduchom chladen\u00fd h\u00e1k v\u00a0n\u00e1deji, \u017ee odprace loptu na posledn\u00fa chv\u00ed\u013eu niekam do pre\u010d. Nepodarilo sa.<\/p>\n<p>Netrafil s\u00edce ani loptu alebo hr\u00e1\u010da, Watkins v\u0161ak stihol ma\u0165 kontakt, a\u00a0tak to cel\u00e9 zav\u00e1\u0148alo faulom po letmom dotyku hr\u00e1\u010dov. VAR, penalta, Luiz, g\u00f3l. 2:0. Everton sa nevedel pozviecha\u0165 a\u00a0so \u0161\u0165ast\u00edm neinkasoval viackr\u00e1t. Najbli\u017e\u0161ie z\u00a0modr\u00fdch sa k\u00a0br\u00e1ne dostal striedaj\u00faci Danjuma, no jeho pokus zbl\u00edzka brank\u00e1r kry.<\/p>\n<h4><strong>2.pol\u010das<\/strong><\/h4>\n<p>Spom\u00ednan\u00fd Danjuma vymenil pr\u00e1ve zranen\u00e9ho DCL, ktor\u00fd sa zbyto\u010dne vrhol do s\u00faboja, ktor\u00fd nemohol vyhra\u0165. A\u00a0zlomil si pri tom l\u00edcnu kos\u0165. M\u00f4j skromn\u00fd tip po\u010das z\u00e1pasu bol, \u017ee to m\u00e1 len prasknut\u00e9. Nu\u017e, \u010dakaj\u00fa ho teda zrejme aspo\u0148 dva mesiace mimo diania. Preto nie je na \u010do \u010daka\u0165, potrebujeme \u010d\u00edm sk\u00f4r viac pos\u00edl.<\/p>\n<p>O\u00a0to viac, ke\u010f sa v\u00a0druhom pol\u010dase posadil na zem Iwobi. Hamstring, au. Ko\u013eko si ten vy\u017eiada, e\u0161te nevedno. Ale s\u00a0ur\u010ditos\u0165ou vieme, ak\u00e9 zmeny v\u00a0zostave nastan\u00fa proti Wolves. Jednou z\u00a0nich by mal by\u0165 aj Keane. Zle obsaden\u00fd hr\u00e1\u010d, zm\u00e4tkovanie a\u00a0tr\u00e1pny g\u00f3l z\u00a0Digneho vhadzovania. 3:0 a\u00a0to nepre\u0161la ani hodina z\u00e1pasu.<\/p>\n<p>Utierame si pot z\u00a0tv\u00e1re. Ale v\u00a0skuto\u010dnosti nem\u00e1me ani \u0161ajnu, pre\u010do sa pot\u00edme. Na ihrisku to toti\u017e nevidno. Na ihrisku u\u017e bol aj z\u00a0nutnosti Maupay, alebo Dobbin, ale bez v\u00e4\u010d\u0161ieho efektu. Spom\u00ednan\u00fd Franc\u00faz v\u0161ak nesklamal, a\u00a0sp\u00e1lil tutovku rovno do brank\u00e1ra, ke\u010f ho pod\u013ea\u00a0taktickej pr\u00edpravy s\u00fapera nikto pri rohu nebr\u00e1nil.<\/p>\n<p>Posledn\u00fd g\u00f3l bol z\u00a0kateg\u00f3rie \u201elen Everton\u201c. Young vhadzuje loptu hor\u0161ie ako ja na turnaji, kr\u00ed\u017eom cez dvoch hr\u00e1\u010dov a\u00a0e\u0161te k\u00a0tomu slabo. Keane ju zluftuje a\u00a0Duran sa ocit\u00e1 v\u00a0samostatnom n\u00e1jazde na br\u00e1nu. 4:0. Tak neDychovsk\u00fd v\u00fdkon sme asi e\u0161te nevideli. Nes\u00fastredenos\u0165, individu\u00e1lne chyby, jednoducho bordel&#8230;<\/p>\n<h4><strong>Sean Dyche po z\u00e1pase:<\/strong><\/h4>\n<blockquote><p><span style=\"font-size: 12pt;\"><em>\u201eMy sme boli na m\u00edle \u010faleko. Cez pol\u010das som mohol vystrieda\u0165 cel\u00fd t\u00edm. Oni boli vo v\u0161etkom lep\u0161\u00ed. Je to zvl\u00e1\u0161tne, preto\u017ee pred t\u00fd\u017ed\u0148om sme boli naozaj dobr\u00ed. Mus\u00edme n\u00e1js\u0165 konzistenciu. M\u00f4\u017eete ma\u0165 spolo\u010dne zl\u00fd de\u0148, a ten bol dnes. Chyby, samozrejme, tie\u017e nepom\u00e1haj\u00fa, ale to si mus\u00ed ka\u017ed\u00fd napravi\u0165. Nem\u00f4\u017eete \u010daka\u0165, \u017ee to niekto oprav\u00ed a pr\u00e1ve som o tom hovoril s hr\u00e1\u010dmi \u2013 ka\u017ed\u00fd mus\u00ed nie\u010do zmeni\u0165.\u201c<\/em><\/span><\/p><\/blockquote>\n<h4><strong>James Tarkowski po z\u00e1pase:<\/strong><\/h4>\n<blockquote><p><span style=\"font-size: 12pt;\"><em>\u201eAsi sedem min\u00fat sme za\u010dali dobre a potom sme kapitulovali. Videl som chab\u00fa re\u010d tela. Nemysl\u00edm si, \u017ee je to nedostatkom \u00fasilia ako tak\u00e9ho. Nie je to tak, \u017ee nikto nebeh\u00e1, mo\u017eno len zl\u00e1 discipl\u00edna v\u00a0na\u0161om tvare a otvorili sme sa. Ka\u017ed\u00fd g\u00f3l je pre m\u0148a hrozn\u00fd. Ke\u010f strelili g\u00f3l, zdvihli chvosty a my sme \u00faplne zlo\u017eili hlavy a potom sme sa k nim ani nepribl\u00ed\u017eili. Sklamanie, ale pozit\u00edva s\u00fa, \u017ee minul\u00fd t\u00fd\u017ede\u0148 oni prehrali 5-1 a potom sa tu objavili a vyhrali 4-0. Tak\u017ee nie je d\u00f4vod, pre\u010do by sme to nemohli urobi\u0165 my bud\u00faci t\u00fd\u017ede\u0148.\u201c<\/em><\/span><\/p><\/blockquote>\n<h4 style=\"text-align: center;\"><strong>\u0160tatistick\u00e9 okienko:<\/strong><\/h4>\n<ul>\n<li>Everton prehral posledn\u00fdch 5 z\u00e1pasov proti Aston Ville &#8211; najhor\u0161ia s\u00e9ria prehier v hist\u00f3rii proti The Villans.<\/li>\n<li>Karamelky tak po z\u00e1pasovom kole skon\u010dili na dne tabu\u013eky prv\u00fdkr\u00e1t od septembra 2010.<\/li>\n<li>EFC prv\u00fdkr\u00e1t od ro\u010dn\u00edka 1955\/56 prehralo obe \u00favodn\u00e9 kol\u00e1 sez\u00f3ny bez g\u00f3lu.<\/li>\n<\/ul>\n<h3 style=\"text-align: center;\"><span style=\"color: #3366ff;\"><em><strong>Come on you Blues !!!<\/strong><\/em><\/span><\/h3>\n<p style=\"text-align: right;\"><span style=\"font-size: 8pt;\">(fotozdroj: Sky Sports)<\/span><\/p>\n<p><strong>Zostrihy:<\/strong> hoofoot.com\/Everton TV\u00a0 <strong>Mu\u017e z\u00e1pasu redakcie:<\/strong> Arnaut Danjuma<\/p>\n<p><strong>G\u00f3ly:<\/strong> 18\u00b4 McGinn (Bailey), 29\u00b4 Douglas Luiz (pen), 51\u00b4 Bailey, 75\u00b4 Duran<\/p>\n<p><strong>\u017dlt\u00e9 karty:<\/strong> 14\u00b4 Luiz, 24\u00b4 Pickford, 33\u00b4 Digne, 45+4\u00b4 Keane, 45+9\u00b4 Gueye, 86\u00b4 Patterson, 89\u00b4Archer<\/p>\n<p><strong>Aston Villa FC:<\/strong> Mart\u00ednez \u2013 Cash, Konsa, Torres, Digne \u2013 Kamara, Douglas (64\u00b4 Coutinho, 85\u00b4 Archer), McGinn \u2013 Diaby (64\u00b4 Carlos), Hwang (74\u00b4 Duran), Bailey (63\u00b4 Tielemans)<\/p>\n<p><strong>Everton FC:<\/strong> Pickford \u2013 Patterson, Keane, Tarkowski, Young \u2013 Garner, Doucour\u00e9 (90+8\u00b4 Onyango), Gueye (46\u00b4 Dobbin), Onana, Iwobi (51\u00b4 Maupay) \u2013 Calvert-Lewin (38\u00b4 Danjuma)<\/p>\n<p><strong>Rozhod\u010d\u00ed: <\/strong>Anthony Taylor<strong>\u00a0 Div\u00e1k\u016f: <\/strong>41 694<\/p>\n","protected":false},"excerpt":{"rendered":"<p>Panika, stres a o\u010di pre pla\u010d&#8230; Ale je to len druh\u00e9 kolo! \u00c1no, aj takto sa mus\u00edme chl\u00e1choli\u0165 priatelia, v\u00a0hre je e\u0161te 108 bodov, ktor\u00e9 m\u00f4\u017eu by\u0165 na\u0161e. \u00daplne v\u00a0pohode.<\/p>\n","protected":false},"author":1,"featured_media":22443,"comment_status":"open","ping_status":"closed","sticky":false,"template":"","format":"standard","meta":{"_eb_attr":"","_monsterinsights_skip_tracking":false,"_monsterinsights_sitenote_active":false,"_monsterinsights_sitenote_note":"","_monsterinsights_sitenote_category":0,"footnotes":""},"categories":[4],"tags":[],"yoast_head":"<!-- This site is optimized with the Yoast SEO plugin v23.4 - https:\/\/yoast.com\/wordpress\/plugins\/seo\/ -->\n<title>Aston Villa \u2013 Everton 4:0 - Official Czech &amp; Slovak Everton Supporters&#039; Club<\/title>\n<meta name=\"robots\" content=\"index, follow, max-snippet:-1, max-image-preview:large, max-video-preview:-1\" \/>\n<link rel=\"canonical\" href=\"https:\/\/evertonfc.cz\/index.php\/2023\/08\/21\/aston-villa-everton-40\/\" \/>\n<meta property=\"og:locale\" content=\"cs_CZ\" \/>\n<meta property=\"og:type\" content=\"article\" \/>\n<meta property=\"og:title\" content=\"Aston Villa \u2013 Everton 4:0 - Official Czech &amp; Slovak Everton Supporters&#039; Club\" \/>\n<meta property=\"og:description\" content=\"Panika, stres a o\u010di pre pla\u010d... Ale je to len druh\u00e9 kolo! \u00c1no, aj takto sa mus\u00edme chl\u00e1choli\u0165 priatelia, v\u00a0hre je e\u0161te 108 bodov, ktor\u00e9 m\u00f4\u017eu by\u0165 na\u0161e. \u00daplne v\u00a0pohode.\" \/>\n<meta property=\"og:url\" content=\"https:\/\/evertonfc.cz\/index.php\/2023\/08\/21\/aston-villa-everton-40\/\" \/>\n<meta property=\"og:site_name\" content=\"Official Czech &amp; Slovak Everton Supporters&#039; Club\" \/>\n<meta property=\"article:publisher\" content=\"https:\/\/www.facebook.com\/everton.fans.cz.sk\" \/>\n<meta property=\"article:published_time\" content=\"2023-08-21T15:38:40+00:00\" \/>\n<meta property=\"og:image\" content=\"https:\/\/evertonfc.cz\/wp-content\/uploads\/2023\/08\/Aston-Villa-4-0-Everton-by-Sky-Sports-20-8-2023.jpg\" \/>\n\t<meta property=\"og:image:width\" content=\"720\" \/>\n\t<meta property=\"og:image:height\" content=\"405\" \/>\n\t<meta property=\"og:image:type\" content=\"image\/jpeg\" \/>\n<meta name=\"author\" content=\"BlueBlooded\" \/>\n<meta name=\"twitter:card\" content=\"summary_large_image\" \/>\n<meta name=\"twitter:label1\" content=\"Napsal(a)\" \/>\n\t<meta name=\"twitter:data1\" content=\"BlueBlooded\" \/>\n\t<meta name=\"twitter:label2\" content=\"Odhadovan\u00e1 doba \u010dten\u00ed\" \/>\n\t<meta name=\"twitter:data2\" content=\"4 minuty\" \/>\n<script type=\"application\/ld+json\" class=\"yoast-schema-graph\">{\"@context\":\"https:\/\/schema.org\",\"@graph\":[{\"@type\":\"Article\",\"@id\":\"https:\/\/evertonfc.cz\/index.php\/2023\/08\/21\/aston-villa-everton-40\/#article\",\"isPartOf\":{\"@id\":\"https:\/\/evertonfc.cz\/index.php\/2023\/08\/21\/aston-villa-everton-40\/\"},\"author\":{\"name\":\"BlueBlooded\",\"@id\":\"https:\/\/evertonfc.cz\/#\/schema\/person\/d4493b8cbea51532597fbc4685698916\"},\"headline\":\"Aston Villa \u2013 Everton 4:0\",\"datePublished\":\"2023-08-21T15:38:40+00:00\",\"dateModified\":\"2023-08-21T15:38:40+00:00\",\"mainEntityOfPage\":{\"@id\":\"https:\/\/evertonfc.cz\/index.php\/2023\/08\/21\/aston-villa-everton-40\/\"},\"wordCount\":1052,\"commentCount\":4,\"publisher\":{\"@id\":\"https:\/\/evertonfc.cz\/#organization\"},\"image\":{\"@id\":\"https:\/\/evertonfc.cz\/index.php\/2023\/08\/21\/aston-villa-everton-40\/#primaryimage\"},\"thumbnailUrl\":\"https:\/\/evertonfc.cz\/wp-content\/uploads\/2023\/08\/Aston-Villa-4-0-Everton-by-Sky-Sports-20-8-2023.jpg\",\"articleSection\":[\"Z\u00e1pasy\"],\"inLanguage\":\"cs\",\"potentialAction\":[{\"@type\":\"CommentAction\",\"name\":\"Comment\",\"target\":[\"https:\/\/evertonfc.cz\/index.php\/2023\/08\/21\/aston-villa-everton-40\/#respond\"]}]},{\"@type\":\"WebPage\",\"@id\":\"https:\/\/evertonfc.cz\/index.php\/2023\/08\/21\/aston-villa-everton-40\/\",\"url\":\"https:\/\/evertonfc.cz\/index.php\/2023\/08\/21\/aston-villa-everton-40\/\",\"name\":\"Aston Villa \u2013 Everton 4:0 - Official Czech &amp; Slovak Everton Supporters&#039; Club\",\"isPartOf\":{\"@id\":\"https:\/\/evertonfc.cz\/#website\"},\"primaryImageOfPage\":{\"@id\":\"https:\/\/evertonfc.cz\/index.php\/2023\/08\/21\/aston-villa-everton-40\/#primaryimage\"},\"image\":{\"@id\":\"https:\/\/evertonfc.cz\/index.php\/2023\/08\/21\/aston-villa-everton-40\/#primaryimage\"},\"thumbnailUrl\":\"https:\/\/evertonfc.cz\/wp-content\/uploads\/2023\/08\/Aston-Villa-4-0-Everton-by-Sky-Sports-20-8-2023.jpg\",\"datePublished\":\"2023-08-21T15:38:40+00:00\",\"dateModified\":\"2023-08-21T15:38:40+00:00\",\"breadcrumb\":{\"@id\":\"https:\/\/evertonfc.cz\/index.php\/2023\/08\/21\/aston-villa-everton-40\/#breadcrumb\"},\"inLanguage\":\"cs\",\"potentialAction\":[{\"@type\":\"ReadAction\",\"target\":[\"https:\/\/evertonfc.cz\/index.php\/2023\/08\/21\/aston-villa-everton-40\/\"]}]},{\"@type\":\"ImageObject\",\"inLanguage\":\"cs\",\"@id\":\"https:\/\/evertonfc.cz\/index.php\/2023\/08\/21\/aston-villa-everton-40\/#primaryimage\",\"url\":\"https:\/\/evertonfc.cz\/wp-content\/uploads\/2023\/08\/Aston-Villa-4-0-Everton-by-Sky-Sports-20-8-2023.jpg\",\"contentUrl\":\"https:\/\/evertonfc.cz\/wp-content\/uploads\/2023\/08\/Aston-Villa-4-0-Everton-by-Sky-Sports-20-8-2023.jpg\",\"width\":720,\"height\":405},{\"@type\":\"BreadcrumbList\",\"@id\":\"https:\/\/evertonfc.cz\/index.php\/2023\/08\/21\/aston-villa-everton-40\/#breadcrumb\",\"itemListElement\":[{\"@type\":\"ListItem\",\"position\":1,\"name\":\"Home\",\"item\":\"https:\/\/evertonfc.cz\/\"},{\"@type\":\"ListItem\",\"position\":2,\"name\":\"Aston Villa \u2013 Everton 4:0\"}]},{\"@type\":\"WebSite\",\"@id\":\"https:\/\/evertonfc.cz\/#website\",\"url\":\"https:\/\/evertonfc.cz\/\",\"name\":\"Official Czech &amp; Slovak Everton Supporters&#039; Club\",\"description\":\"\",\"publisher\":{\"@id\":\"https:\/\/evertonfc.cz\/#organization\"},\"potentialAction\":[{\"@type\":\"SearchAction\",\"target\":{\"@type\":\"EntryPoint\",\"urlTemplate\":\"https:\/\/evertonfc.cz\/?s={search_term_string}\"},\"query-input\":{\"@type\":\"PropertyValueSpecification\",\"valueRequired\":true,\"valueName\":\"search_term_string\"}}],\"inLanguage\":\"cs\"},{\"@type\":\"Organization\",\"@id\":\"https:\/\/evertonfc.cz\/#organization\",\"name\":\"Official Czech & Slovak Everton Supporters' Club\",\"url\":\"https:\/\/evertonfc.cz\/\",\"logo\":{\"@type\":\"ImageObject\",\"inLanguage\":\"cs\",\"@id\":\"https:\/\/evertonfc.cz\/#\/schema\/logo\/image\/\",\"url\":\"https:\/\/evertonfc.cz\/wp-content\/uploads\/2019\/05\/logo.png\",\"contentUrl\":\"https:\/\/evertonfc.cz\/wp-content\/uploads\/2019\/05\/logo.png\",\"width\":112,\"height\":112,\"caption\":\"Official Czech & Slovak Everton Supporters' Club\"},\"image\":{\"@id\":\"https:\/\/evertonfc.cz\/#\/schema\/logo\/image\/\"},\"sameAs\":[\"https:\/\/www.facebook.com\/everton.fans.cz.sk\"]},{\"@type\":\"Person\",\"@id\":\"https:\/\/evertonfc.cz\/#\/schema\/person\/d4493b8cbea51532597fbc4685698916\",\"name\":\"BlueBlooded\",\"url\":\"https:\/\/evertonfc.cz\/index.php\/author\/admin\/\"}]}<\/script>\n<!-- \/ Yoast SEO plugin. -->","yoast_head_json":{"title":"Aston Villa \u2013 Everton 4:0 - Official Czech &amp; Slovak Everton Supporters&#039; Club","robots":{"index":"index","follow":"follow","max-snippet":"max-snippet:-1","max-image-preview":"max-image-preview:large","max-video-preview":"max-video-preview:-1"},"canonical":"https:\/\/evertonfc.cz\/index.php\/2023\/08\/21\/aston-villa-everton-40\/","og_locale":"cs_CZ","og_type":"article","og_title":"Aston Villa \u2013 Everton 4:0 - Official Czech &amp; Slovak Everton Supporters&#039; Club","og_description":"Panika, stres a o\u010di pre pla\u010d... Ale je to len druh\u00e9 kolo! \u00c1no, aj takto sa mus\u00edme chl\u00e1choli\u0165 priatelia, v\u00a0hre je e\u0161te 108 bodov, ktor\u00e9 m\u00f4\u017eu by\u0165 na\u0161e. \u00daplne v\u00a0pohode.","og_url":"https:\/\/evertonfc.cz\/index.php\/2023\/08\/21\/aston-villa-everton-40\/","og_site_name":"Official Czech &amp; Slovak Everton Supporters&#039; Club","article_publisher":"https:\/\/www.facebook.com\/everton.fans.cz.sk","article_published_time":"2023-08-21T15:38:40+00:00","og_image":[{"width":720,"height":405,"url":"https:\/\/evertonfc.cz\/wp-content\/uploads\/2023\/08\/Aston-Villa-4-0-Everton-by-Sky-Sports-20-8-2023.jpg","type":"image\/jpeg"}],"author":"BlueBlooded","twitter_card":"summary_large_image","twitter_misc":{"Napsal(a)":"BlueBlooded","Odhadovan\u00e1 doba \u010dten\u00ed":"4 minuty"},"schema":{"@context":"https:\/\/schema.org","@graph":[{"@type":"Article","@id":"https:\/\/evertonfc.cz\/index.php\/2023\/08\/21\/aston-villa-everton-40\/#article","isPartOf":{"@id":"https:\/\/evertonfc.cz\/index.php\/2023\/08\/21\/aston-villa-everton-40\/"},"author":{"name":"BlueBlooded","@id":"https:\/\/evertonfc.cz\/#\/schema\/person\/d4493b8cbea51532597fbc4685698916"},"headline":"Aston Villa \u2013 Everton 4:0","datePublished":"2023-08-21T15:38:40+00:00","dateModified":"2023-08-21T15:38:40+00:00","mainEntityOfPage":{"@id":"https:\/\/evertonfc.cz\/index.php\/2023\/08\/21\/aston-villa-everton-40\/"},"wordCount":1052,"commentCount":4,"publisher":{"@id":"https:\/\/evertonfc.cz\/#organization"},"image":{"@id":"https:\/\/evertonfc.cz\/index.php\/2023\/08\/21\/aston-villa-everton-40\/#primaryimage"},"thumbnailUrl":"https:\/\/evertonfc.cz\/wp-content\/uploads\/2023\/08\/Aston-Villa-4-0-Everton-by-Sky-Sports-20-8-2023.jpg","articleSection":["Z\u00e1pasy"],"inLanguage":"cs","potentialAction":[{"@type":"CommentAction","name":"Comment","target":["https:\/\/evertonfc.cz\/index.php\/2023\/08\/21\/aston-villa-everton-40\/#respond"]}]},{"@type":"WebPage","@id":"https:\/\/evertonfc.cz\/index.php\/2023\/08\/21\/aston-villa-everton-40\/","url":"https:\/\/evertonfc.cz\/index.php\/2023\/08\/21\/aston-villa-everton-40\/","name":"Aston Villa \u2013 Everton 4:0 - Official Czech &amp; Slovak Everton Supporters&#039; Club","isPartOf":{"@id":"https:\/\/evertonfc.cz\/#website"},"primaryImageOfPage":{"@id":"https:\/\/evertonfc.cz\/index.php\/2023\/08\/21\/aston-villa-everton-40\/#primaryimage"},"image":{"@id":"https:\/\/evertonfc.cz\/index.php\/2023\/08\/21\/aston-villa-everton-40\/#primaryimage"},"thumbnailUrl":"https:\/\/evertonfc.cz\/wp-content\/uploads\/2023\/08\/Aston-Villa-4-0-Everton-by-Sky-Sports-20-8-2023.jpg","datePublished":"2023-08-21T15:38:40+00:00","dateModified":"2023-08-21T15:38:40+00:00","breadcrumb":{"@id":"https:\/\/evertonfc.cz\/index.php\/2023\/08\/21\/aston-villa-everton-40\/#breadcrumb"},"inLanguage":"cs","potentialAction":[{"@type":"ReadAction","target":["https:\/\/evertonfc.cz\/index.php\/2023\/08\/21\/aston-villa-everton-40\/"]}]},{"@type":"ImageObject","inLanguage":"cs","@id":"https:\/\/evertonfc.cz\/index.php\/2023\/08\/21\/aston-villa-everton-40\/#primaryimage","url":"https:\/\/evertonfc.cz\/wp-content\/uploads\/2023\/08\/Aston-Villa-4-0-Everton-by-Sky-Sports-20-8-2023.jpg","contentUrl":"https:\/\/evertonfc.cz\/wp-content\/uploads\/2023\/08\/Aston-Villa-4-0-Everton-by-Sky-Sports-20-8-2023.jpg","width":720,"height":405},{"@type":"BreadcrumbList","@id":"https:\/\/evertonfc.cz\/index.php\/2023\/08\/21\/aston-villa-everton-40\/#breadcrumb","itemListElement":[{"@type":"ListItem","position":1,"name":"Home","item":"https:\/\/evertonfc.cz\/"},{"@type":"ListItem","position":2,"name":"Aston Villa \u2013 Everton 4:0"}]},{"@type":"WebSite","@id":"https:\/\/evertonfc.cz\/#website","url":"https:\/\/evertonfc.cz\/","name":"Official Czech &amp; Slovak Everton Supporters&#039; Club","description":"","publisher":{"@id":"https:\/\/evertonfc.cz\/#organization"},"potentialAction":[{"@type":"SearchAction","target":{"@type":"EntryPoint","urlTemplate":"https:\/\/evertonfc.cz\/?s={search_term_string}"},"query-input":{"@type":"PropertyValueSpecification","valueRequired":true,"valueName":"search_term_string"}}],"inLanguage":"cs"},{"@type":"Organization","@id":"https:\/\/evertonfc.cz\/#organization","name":"Official Czech & Slovak Everton Supporters' Club","url":"https:\/\/evertonfc.cz\/","logo":{"@type":"ImageObject","inLanguage":"cs","@id":"https:\/\/evertonfc.cz\/#\/schema\/logo\/image\/","url":"https:\/\/evertonfc.cz\/wp-content\/uploads\/2019\/05\/logo.png","contentUrl":"https:\/\/evertonfc.cz\/wp-content\/uploads\/2019\/05\/logo.png","width":112,"height":112,"caption":"Official Czech & Slovak Everton Supporters' Club"},"image":{"@id":"https:\/\/evertonfc.cz\/#\/schema\/logo\/image\/"},"sameAs":["https:\/\/www.facebook.com\/everton.fans.cz.sk"]},{"@type":"Person","@id":"https:\/\/evertonfc.cz\/#\/schema\/person\/d4493b8cbea51532597fbc4685698916","name":"BlueBlooded","url":"https:\/\/evertonfc.cz\/index.php\/author\/admin\/"}]}},"_links":{"self":[{"href":"https:\/\/evertonfc.cz\/index.php\/wp-json\/wp\/v2\/posts\/22442"}],"collection":[{"href":"https:\/\/evertonfc.cz\/index.php\/wp-json\/wp\/v2\/posts"}],"about":[{"href":"https:\/\/evertonfc.cz\/index.php\/wp-json\/wp\/v2\/types\/post"}],"author":[{"embeddable":true,"href":"https:\/\/evertonfc.cz\/index.php\/wp-json\/wp\/v2\/users\/1"}],"replies":[{"embeddable":true,"href":"https:\/\/evertonfc.cz\/index.php\/wp-json\/wp\/v2\/comments?post=22442"}],"version-history":[{"count":2,"href":"https:\/\/evertonfc.cz\/index.php\/wp-json\/wp\/v2\/posts\/22442\/revisions"}],"predecessor-version":[{"id":22445,"href":"https:\/\/evertonfc.cz\/index.php\/wp-json\/wp\/v2\/posts\/22442\/revisions\/22445"}],"wp:featuredmedia":[{"embeddable":true,"href":"https:\/\/evertonfc.cz\/index.php\/wp-json\/wp\/v2\/media\/22443"}],"wp:attachment":[{"href":"https:\/\/evertonfc.cz\/index.php\/wp-json\/wp\/v2\/media?parent=22442"}],"wp:term":[{"taxonomy":"category","embeddable":true,"href":"https:\/\/evertonfc.cz\/index.php\/wp-json\/wp\/v2\/categories?post=22442"},{"taxonomy":"post_tag","embeddable":true,"href":"https:\/\/evertonfc.cz\/index.php\/wp-json\/wp\/v2\/tags?post=22442"}],"curies":[{"name":"wp","href":"https:\/\/api.w.org\/{rel}","templated":true}]}}