{"id":22475,"date":"2023-08-26T14:18:27","date_gmt":"2023-08-26T12:18:27","guid":{"rendered":"https:\/\/evertonfc.cz\/?p=22475"},"modified":"2023-08-26T14:44:01","modified_gmt":"2023-08-26T12:44:01","slug":"preview-everton-wolverhampton-wanderers-7","status":"publish","type":"post","link":"https:\/\/evertonfc.cz\/index.php\/2023\/08\/26\/preview-everton-wolverhampton-wanderers-7\/","title":{"rendered":"Preview: Everton \u2013 Wolverhampton Wanderers"},"content":{"rendered":"<h4>26. august, tretie ligov\u00e9 kolo, no ja v\u00e1m neviem. Je u\u017e \u010das na povinn\u00fa v\u00fdhru? Lebo ak nech\u00e1me \u010fal\u0161iu hladn\u00fa svorku hodova\u0165 na na\u0161ej bodovej koristi, pekn\u00fd poh\u013ead to nebude.<\/h4>\n<p>Karamelky s\u00fa na tom z\u00fafalo. Zatia\u013e bez bodov, niet to \u00fato\u010dn\u00edka, ani schopn\u00e9ho, zdrav\u00e9ho \u010di fit, a\u00a0po peniazoch sa z\u013eahla zem. Dyche si ide na tla\u010dovk\u00e1ch svoje, s\u00a0ni\u010d\u00edm v\u00fdznamn\u00fdm sa nepodel\u00ed, a\u00a0\u010di kone\u010dne posad\u00ed Keanea, to sa dozvieme a\u017e hodinu pred z\u00e1pasom. Ale nestr\u00e1cajme n\u00e1dej. N\u00e1\u0161 s\u00faper si tie\u017e nem\u00f4\u017ee vyskakova\u0165.<\/p>\n<h4><strong>Dyche pred z\u00e1pasom:<\/strong><\/h4>\n<blockquote><p><span style=\"font-size: 12pt;\"><em>\u201eFutbalisti nie s\u00fa a\u017e tak\u00ed odoln\u00ed, ako si \u013eudia myslia, najm\u00e4 pokia\u013e ide o ich profesiu. Netreba ve\u013ea, aby som pouk\u00e1zal na to, \u010do bolo proti Ville zl\u00e9. Oni vedia. Tak\u017ee je to o tom, \u017ee sa s nimi o tom viac ako o \u010domko\u013evek porozpr\u00e1vame. Nekri\u010dal som a nevrieskal na nich. Sch\u00e1dzaj\u00fa z ihriska a vedia, \u010do sa pokazilo, na \u010do by bol krik? Vedia, \u017ee na to nemali kolekt\u00edvne, tak\u017ee sme\u00a0 hovorili , \u010do to znamen\u00e1 v \u0161ir\u0161om kontexte. Bol to rozhovor s ur\u010ditou anal\u00fdzou a nasmerovan\u00edm ich spr\u00e1vnym smerom.\u201c<\/em><\/span><\/p><\/blockquote>\n<p>Mar\u00f3dka na Finch Farm je katastrof\u00e1lna. Aj preto \u0161\u00e9f lavi\u010dky nevyl\u00fa\u010dil zmeny v zostave. Neodsk\u00fa\u0161an\u00ed v ostrej akcii s\u00fa st\u00e1le Branthwaite s Godfreym. Chermiti zo zvl\u00e1\u0161tnych d\u00f4vodov nie je k videniu ani na fotk\u00e1ch a vide\u00e1ch z tr\u00e9ningov. Mak\u00e1 v posilke? Inak na zozname trval\u00fdch absent\u00e9rov n\u00e1jdeme dlh\u00fd st\u013apec mien. Calvert-Lewin s prasknut\u00fdm l\u00edcom, Coleman s kolenom, Iwobi s hamstringom, McNeil je mimo s \u010dlenkom a Harrisson s bedrom. Gomesa vraj tr\u00e1pi l\u00fdtko, ale sk\u00f4r sa potichu pracuje na jeho odchode. A tak\u00fd Dele Alli sa brzd\u00ed v zotaven\u00ed z oper\u00e1cie bedra kv\u00f4li svalov\u00e9mu zraneniu a tak skoro ho ur\u010dite neuvid\u00edme. Ak v\u00f4bec.<\/p>\n<p>Hostia nemaj\u00fa probl\u00e9my so zraneniami. Cel\u00fd k\u00e1der je schopn\u00fd nast\u00fapi\u0165, okrem Nunesa. Ten je indisponovan\u00fd za zbyto\u010dn\u00fa \u010derven\u00fa kartu. A tie\u017e po \u0148om n\u00e1hodou po\u013euje aj Manchester City, ke\u010f Paqueta rad\u0161ej asi st\u00e1vkuje.<\/p>\n<h4><strong>P&amp;S neplat\u00ed len pre n\u00e1s<\/strong><\/h4>\n<p>Ke\u010f sa objavila spr\u00e1va, \u017ee Julen Lopetegui odch\u00e1dza z\u00a0Black Country, nezainteresovan\u00e9 obo\u010dia sa zdvihli. Ve\u010f tento ostrie\u013ean\u00fd \u0161panielsky boss, s\u00edce neochotne, ale zapriahol hladuj\u00facich Vlkov na dne tabu\u013eky v\u00a0decembri, nak\u0155mil ich po\u010das janu\u00e1ra nov\u00fdmi posilami, a\u00a0poh\u00e1\u0148al ich a\u017e do cie\u013ea na pohodlnom trin\u00e1stom mieste.<\/p>\n<p>Blb\u00e9 je, \u017ee pri tom minul v\u0161etky klubov\u00e9 z\u00e1soby. \u017diadne mlsky na letn\u00e9 mesiace neostali. Dokonca sa museli rozviaza\u0165 popruhy, a nejak\u00e9 tie kusy necha\u0165 utiec\u0165 za in\u00fdmi p\u00e1nmi. Probl\u00e9m? Pre \u013eud\u00ed, dopredu upozornen\u00fdch na z\u00e1kernos\u0165 situ\u00e1cie, asi nie. No Julenovi to niekto zabudol poveda\u0165. Aj to, \u017ee t\u00fdch takmer 90 mili\u00f3nov libier, ktor\u00e9 sa ut\u0155\u017eili pri v\u00fdpredaji Nevesa, Collinsa, Coadyho a Jimen\u00e9za s Gillesom p\u00f4jde nedotknut\u00fdch do kasy. Lebo inak pr\u00edde zdvihnut\u00fd ukazov\u00e1k od p\u00e1nov s excelmi s \u010derven\u00fdmi \u010d\u00edslami ako v na\u0161om pr\u00edpade.<\/p>\n<p>Na pochopenie ich situ\u00e1cie treba pozna\u0165 amortiz\u00e1ciu, \u00fa\u010dtovn\u00fd princ\u00edp, ktor\u00fd umo\u017e\u0148uje rozlo\u017ei\u0165 n\u00e1klady na akt\u00edvum po\u010das jeho \u017eivotnosti. Je navrhnut\u00fd tak, aby presnej\u0161ie odr\u00e1\u017eal kapit\u00e1lov\u00e9 v\u00fddavky podniku. Preto je vo futbalov\u00fdch kluboch rozdiel medzi pe\u0148a\u017en\u00fdm tokom (prestupov\u00e9 sumy, platy) a \u00fa\u010dtami (amortiz\u00e1cia). Preto pre Wolves v snahe dosiahnu\u0165 zisk v tejto sez\u00f3ne to nie je tak\u00e9 jednoduch\u00e9, ako len prinies\u0165 peniaze. Pre \u00fa\u010dtovn\u00e9 hodnoty niektor\u00fdch hr\u00e1\u010dov si ich klub dokonca nem\u00f4\u017ee dovoli\u0165 ani preda\u0165. Bl\u00e1zniv\u00e9, v\u0161ak?<\/p>\n<h4><strong>\u0160tatistick\u00e9 okienko:<\/strong><\/h4>\n<ul>\n<li>Everton nevyhral v posledn\u00fdch \u0161tyroch z\u00e1pasoch Premier League proti Wolves (D1, L3).<\/li>\n<li>Wolves chc\u00fa po prv\u00fd raz vyhra\u0165 vonku tri po sebe id\u00face z\u00e1pasy proti Evertonu.<\/li>\n<li>EFC by mohlo prehra\u0165 prv\u00e9 tri z\u00e1pasy v ligovej kampani prv\u00fdkr\u00e1t od ro\u010dn\u00edka 1990\/91.,<\/li>\n<li>Vlci by mohli prehra\u0165 svoje \u00favodn\u00e9 3 z\u00e1pasy sez\u00f3ny druh\u00fdkr\u00e1t za posledn\u00e9 tri kampane.<\/li>\n<li>V\u0161etky 4 dom\u00e1ce v\u00ed\u0165azstv\u00e1 Evertonu v PL pod veden\u00edm Seana Dychea boli 1:0.<\/li>\n<li>Sean Dyche prehral iba 1 z 12 ligov\u00fdch z\u00e1pasov ako mana\u017e\u00e9r proti Wolves (W5, D6).<\/li>\n<li>Hostia v posledn\u00fdch deviatich z\u00e1pasoch PL vonku nevyhrali (D2, L7) a prv\u00fdkr\u00e1t od roku 2011 by mohli prehra\u0165 \u0161es\u0165 vonkaj\u0161\u00edch ligov\u00fdch z\u00e1pasov v rade.<\/li>\n<li>Karamelky strelili viac ako 1 g\u00f3l iba v jednom z posledn\u00fdch 20 dom\u00e1cich ligov\u00fdch z\u00e1pasov a v \u017eiadnom z predch\u00e1dzaj\u00facich 14.<\/li>\n<\/ul>\n<h3 style=\"text-align: center;\"><span style=\"color: #3366ff;\"><em><strong>Up The Toffees !!!<\/strong><\/em><\/span><\/h3>\n<p><strong>\u010co:<\/strong> Everton FC \u2013 Wolverhampton Wanderers FC, 3. kolo Premier League<br \/>\n<strong>Kedy:<\/strong> 26.8. 2023 od 16:00 SE\u010c<br \/>\n<strong>Ako: <\/strong>stream CANAL+Sport 3 (komentuje Jan P\u011bru\u0161ka)<br \/>\n<strong>Kde:<\/strong> Goodison Park \u2013 Goodison Rd, Liverpool L4 4EL (kapacita: 39 572)<br \/>\n<strong>Rozhodca:<\/strong> Craig Pawson\u00a0 <strong>Asistenti:<\/strong> M. Perry, S. Meredith\u00a0 <strong>\u0160tvrt\u00fd rozhodca:<\/strong> J. Linington<br \/>\n<strong>VAR: <\/strong>Graham Scott\u00a0 <strong>Asistent VAR: <\/strong>Wade Smith<\/p>\n","protected":false},"excerpt":{"rendered":"<p>26. august, tretie ligov\u00e9 kolo, no ja v\u00e1m neviem. Je u\u017e \u010das na povinn\u00fa v\u00fdhru? Lebo ak nech\u00e1me \u010fal\u0161iu hladn\u00fa svorku hodova\u0165 na na\u0161ej bodovej koristi, pekn\u00fd poh\u013ead to nebude.<\/p>\n","protected":false},"author":1,"featured_media":15370,"comment_status":"open","ping_status":"closed","sticky":false,"template":"","format":"standard","meta":{"_eb_attr":"","_monsterinsights_skip_tracking":false,"_monsterinsights_sitenote_active":false,"_monsterinsights_sitenote_note":"","_monsterinsights_sitenote_category":0,"footnotes":""},"categories":[4],"tags":[],"yoast_head":"<!-- This site is optimized with the Yoast SEO plugin v23.4 - https:\/\/yoast.com\/wordpress\/plugins\/seo\/ -->\n<title>Preview: Everton \u2013 Wolverhampton Wanderers - Official Czech &amp; Slovak Everton Supporters&#039; Club<\/title>\n<meta name=\"robots\" content=\"index, follow, max-snippet:-1, max-image-preview:large, max-video-preview:-1\" \/>\n<link rel=\"canonical\" href=\"https:\/\/evertonfc.cz\/index.php\/2023\/08\/26\/preview-everton-wolverhampton-wanderers-7\/\" \/>\n<meta property=\"og:locale\" content=\"cs_CZ\" \/>\n<meta property=\"og:type\" content=\"article\" \/>\n<meta property=\"og:title\" content=\"Preview: Everton \u2013 Wolverhampton Wanderers - Official Czech &amp; Slovak Everton Supporters&#039; Club\" \/>\n<meta property=\"og:description\" content=\"26. august, tretie ligov\u00e9 kolo, no ja v\u00e1m neviem. Je u\u017e \u010das na povinn\u00fa v\u00fdhru? Lebo ak nech\u00e1me \u010fal\u0161iu hladn\u00fa svorku hodova\u0165 na na\u0161ej bodovej koristi, pekn\u00fd poh\u013ead to nebude.\" \/>\n<meta property=\"og:url\" content=\"https:\/\/evertonfc.cz\/index.php\/2023\/08\/26\/preview-everton-wolverhampton-wanderers-7\/\" \/>\n<meta property=\"og:site_name\" content=\"Official Czech &amp; Slovak Everton Supporters&#039; Club\" \/>\n<meta property=\"article:publisher\" content=\"https:\/\/www.facebook.com\/everton.fans.cz.sk\" \/>\n<meta property=\"article:published_time\" content=\"2023-08-26T12:18:27+00:00\" \/>\n<meta property=\"article:modified_time\" content=\"2023-08-26T12:44:01+00:00\" \/>\n<meta property=\"og:image\" content=\"https:\/\/evertonfc.cz\/wp-content\/uploads\/2021\/05\/Everton-VS-Wolverhampton-Wanderers.png\" \/>\n\t<meta property=\"og:image:width\" content=\"720\" \/>\n\t<meta property=\"og:image:height\" content=\"405\" \/>\n\t<meta property=\"og:image:type\" content=\"image\/png\" \/>\n<meta name=\"author\" content=\"BlueBlooded\" \/>\n<meta name=\"twitter:card\" content=\"summary_large_image\" \/>\n<meta name=\"twitter:label1\" content=\"Napsal(a)\" \/>\n\t<meta name=\"twitter:data1\" content=\"BlueBlooded\" \/>\n\t<meta name=\"twitter:label2\" content=\"Odhadovan\u00e1 doba \u010dten\u00ed\" \/>\n\t<meta name=\"twitter:data2\" content=\"4 minuty\" \/>\n<script type=\"application\/ld+json\" class=\"yoast-schema-graph\">{\"@context\":\"https:\/\/schema.org\",\"@graph\":[{\"@type\":\"Article\",\"@id\":\"https:\/\/evertonfc.cz\/index.php\/2023\/08\/26\/preview-everton-wolverhampton-wanderers-7\/#article\",\"isPartOf\":{\"@id\":\"https:\/\/evertonfc.cz\/index.php\/2023\/08\/26\/preview-everton-wolverhampton-wanderers-7\/\"},\"author\":{\"name\":\"BlueBlooded\",\"@id\":\"https:\/\/evertonfc.cz\/#\/schema\/person\/d4493b8cbea51532597fbc4685698916\"},\"headline\":\"Preview: Everton \u2013 Wolverhampton Wanderers\",\"datePublished\":\"2023-08-26T12:18:27+00:00\",\"dateModified\":\"2023-08-26T12:44:01+00:00\",\"mainEntityOfPage\":{\"@id\":\"https:\/\/evertonfc.cz\/index.php\/2023\/08\/26\/preview-everton-wolverhampton-wanderers-7\/\"},\"wordCount\":867,\"commentCount\":11,\"publisher\":{\"@id\":\"https:\/\/evertonfc.cz\/#organization\"},\"image\":{\"@id\":\"https:\/\/evertonfc.cz\/index.php\/2023\/08\/26\/preview-everton-wolverhampton-wanderers-7\/#primaryimage\"},\"thumbnailUrl\":\"https:\/\/evertonfc.cz\/wp-content\/uploads\/2021\/05\/Everton-VS-Wolverhampton-Wanderers.png\",\"articleSection\":[\"Z\u00e1pasy\"],\"inLanguage\":\"cs\",\"potentialAction\":[{\"@type\":\"CommentAction\",\"name\":\"Comment\",\"target\":[\"https:\/\/evertonfc.cz\/index.php\/2023\/08\/26\/preview-everton-wolverhampton-wanderers-7\/#respond\"]}]},{\"@type\":\"WebPage\",\"@id\":\"https:\/\/evertonfc.cz\/index.php\/2023\/08\/26\/preview-everton-wolverhampton-wanderers-7\/\",\"url\":\"https:\/\/evertonfc.cz\/index.php\/2023\/08\/26\/preview-everton-wolverhampton-wanderers-7\/\",\"name\":\"Preview: Everton \u2013 Wolverhampton Wanderers - Official Czech &amp; Slovak Everton Supporters&#039; Club\",\"isPartOf\":{\"@id\":\"https:\/\/evertonfc.cz\/#website\"},\"primaryImageOfPage\":{\"@id\":\"https:\/\/evertonfc.cz\/index.php\/2023\/08\/26\/preview-everton-wolverhampton-wanderers-7\/#primaryimage\"},\"image\":{\"@id\":\"https:\/\/evertonfc.cz\/index.php\/2023\/08\/26\/preview-everton-wolverhampton-wanderers-7\/#primaryimage\"},\"thumbnailUrl\":\"https:\/\/evertonfc.cz\/wp-content\/uploads\/2021\/05\/Everton-VS-Wolverhampton-Wanderers.png\",\"datePublished\":\"2023-08-26T12:18:27+00:00\",\"dateModified\":\"2023-08-26T12:44:01+00:00\",\"breadcrumb\":{\"@id\":\"https:\/\/evertonfc.cz\/index.php\/2023\/08\/26\/preview-everton-wolverhampton-wanderers-7\/#breadcrumb\"},\"inLanguage\":\"cs\",\"potentialAction\":[{\"@type\":\"ReadAction\",\"target\":[\"https:\/\/evertonfc.cz\/index.php\/2023\/08\/26\/preview-everton-wolverhampton-wanderers-7\/\"]}]},{\"@type\":\"ImageObject\",\"inLanguage\":\"cs\",\"@id\":\"https:\/\/evertonfc.cz\/index.php\/2023\/08\/26\/preview-everton-wolverhampton-wanderers-7\/#primaryimage\",\"url\":\"https:\/\/evertonfc.cz\/wp-content\/uploads\/2021\/05\/Everton-VS-Wolverhampton-Wanderers.png\",\"contentUrl\":\"https:\/\/evertonfc.cz\/wp-content\/uploads\/2021\/05\/Everton-VS-Wolverhampton-Wanderers.png\",\"width\":720,\"height\":405},{\"@type\":\"BreadcrumbList\",\"@id\":\"https:\/\/evertonfc.cz\/index.php\/2023\/08\/26\/preview-everton-wolverhampton-wanderers-7\/#breadcrumb\",\"itemListElement\":[{\"@type\":\"ListItem\",\"position\":1,\"name\":\"Home\",\"item\":\"https:\/\/evertonfc.cz\/\"},{\"@type\":\"ListItem\",\"position\":2,\"name\":\"Preview: Everton \u2013 Wolverhampton Wanderers\"}]},{\"@type\":\"WebSite\",\"@id\":\"https:\/\/evertonfc.cz\/#website\",\"url\":\"https:\/\/evertonfc.cz\/\",\"name\":\"Official Czech &amp; Slovak Everton Supporters&#039; Club\",\"description\":\"\",\"publisher\":{\"@id\":\"https:\/\/evertonfc.cz\/#organization\"},\"potentialAction\":[{\"@type\":\"SearchAction\",\"target\":{\"@type\":\"EntryPoint\",\"urlTemplate\":\"https:\/\/evertonfc.cz\/?s={search_term_string}\"},\"query-input\":{\"@type\":\"PropertyValueSpecification\",\"valueRequired\":true,\"valueName\":\"search_term_string\"}}],\"inLanguage\":\"cs\"},{\"@type\":\"Organization\",\"@id\":\"https:\/\/evertonfc.cz\/#organization\",\"name\":\"Official Czech & Slovak Everton Supporters' Club\",\"url\":\"https:\/\/evertonfc.cz\/\",\"logo\":{\"@type\":\"ImageObject\",\"inLanguage\":\"cs\",\"@id\":\"https:\/\/evertonfc.cz\/#\/schema\/logo\/image\/\",\"url\":\"https:\/\/evertonfc.cz\/wp-content\/uploads\/2019\/05\/logo.png\",\"contentUrl\":\"https:\/\/evertonfc.cz\/wp-content\/uploads\/2019\/05\/logo.png\",\"width\":112,\"height\":112,\"caption\":\"Official Czech & Slovak Everton Supporters' Club\"},\"image\":{\"@id\":\"https:\/\/evertonfc.cz\/#\/schema\/logo\/image\/\"},\"sameAs\":[\"https:\/\/www.facebook.com\/everton.fans.cz.sk\"]},{\"@type\":\"Person\",\"@id\":\"https:\/\/evertonfc.cz\/#\/schema\/person\/d4493b8cbea51532597fbc4685698916\",\"name\":\"BlueBlooded\",\"url\":\"https:\/\/evertonfc.cz\/index.php\/author\/admin\/\"}]}<\/script>\n<!-- \/ Yoast SEO plugin. -->","yoast_head_json":{"title":"Preview: Everton \u2013 Wolverhampton Wanderers - Official Czech &amp; Slovak Everton Supporters&#039; Club","robots":{"index":"index","follow":"follow","max-snippet":"max-snippet:-1","max-image-preview":"max-image-preview:large","max-video-preview":"max-video-preview:-1"},"canonical":"https:\/\/evertonfc.cz\/index.php\/2023\/08\/26\/preview-everton-wolverhampton-wanderers-7\/","og_locale":"cs_CZ","og_type":"article","og_title":"Preview: Everton \u2013 Wolverhampton Wanderers - Official Czech &amp; Slovak Everton Supporters&#039; Club","og_description":"26. august, tretie ligov\u00e9 kolo, no ja v\u00e1m neviem. Je u\u017e \u010das na povinn\u00fa v\u00fdhru? Lebo ak nech\u00e1me \u010fal\u0161iu hladn\u00fa svorku hodova\u0165 na na\u0161ej bodovej koristi, pekn\u00fd poh\u013ead to nebude.","og_url":"https:\/\/evertonfc.cz\/index.php\/2023\/08\/26\/preview-everton-wolverhampton-wanderers-7\/","og_site_name":"Official Czech &amp; Slovak Everton Supporters&#039; Club","article_publisher":"https:\/\/www.facebook.com\/everton.fans.cz.sk","article_published_time":"2023-08-26T12:18:27+00:00","article_modified_time":"2023-08-26T12:44:01+00:00","og_image":[{"width":720,"height":405,"url":"https:\/\/evertonfc.cz\/wp-content\/uploads\/2021\/05\/Everton-VS-Wolverhampton-Wanderers.png","type":"image\/png"}],"author":"BlueBlooded","twitter_card":"summary_large_image","twitter_misc":{"Napsal(a)":"BlueBlooded","Odhadovan\u00e1 doba \u010dten\u00ed":"4 minuty"},"schema":{"@context":"https:\/\/schema.org","@graph":[{"@type":"Article","@id":"https:\/\/evertonfc.cz\/index.php\/2023\/08\/26\/preview-everton-wolverhampton-wanderers-7\/#article","isPartOf":{"@id":"https:\/\/evertonfc.cz\/index.php\/2023\/08\/26\/preview-everton-wolverhampton-wanderers-7\/"},"author":{"name":"BlueBlooded","@id":"https:\/\/evertonfc.cz\/#\/schema\/person\/d4493b8cbea51532597fbc4685698916"},"headline":"Preview: Everton \u2013 Wolverhampton Wanderers","datePublished":"2023-08-26T12:18:27+00:00","dateModified":"2023-08-26T12:44:01+00:00","mainEntityOfPage":{"@id":"https:\/\/evertonfc.cz\/index.php\/2023\/08\/26\/preview-everton-wolverhampton-wanderers-7\/"},"wordCount":867,"commentCount":11,"publisher":{"@id":"https:\/\/evertonfc.cz\/#organization"},"image":{"@id":"https:\/\/evertonfc.cz\/index.php\/2023\/08\/26\/preview-everton-wolverhampton-wanderers-7\/#primaryimage"},"thumbnailUrl":"https:\/\/evertonfc.cz\/wp-content\/uploads\/2021\/05\/Everton-VS-Wolverhampton-Wanderers.png","articleSection":["Z\u00e1pasy"],"inLanguage":"cs","potentialAction":[{"@type":"CommentAction","name":"Comment","target":["https:\/\/evertonfc.cz\/index.php\/2023\/08\/26\/preview-everton-wolverhampton-wanderers-7\/#respond"]}]},{"@type":"WebPage","@id":"https:\/\/evertonfc.cz\/index.php\/2023\/08\/26\/preview-everton-wolverhampton-wanderers-7\/","url":"https:\/\/evertonfc.cz\/index.php\/2023\/08\/26\/preview-everton-wolverhampton-wanderers-7\/","name":"Preview: Everton \u2013 Wolverhampton Wanderers - Official Czech &amp; Slovak Everton Supporters&#039; Club","isPartOf":{"@id":"https:\/\/evertonfc.cz\/#website"},"primaryImageOfPage":{"@id":"https:\/\/evertonfc.cz\/index.php\/2023\/08\/26\/preview-everton-wolverhampton-wanderers-7\/#primaryimage"},"image":{"@id":"https:\/\/evertonfc.cz\/index.php\/2023\/08\/26\/preview-everton-wolverhampton-wanderers-7\/#primaryimage"},"thumbnailUrl":"https:\/\/evertonfc.cz\/wp-content\/uploads\/2021\/05\/Everton-VS-Wolverhampton-Wanderers.png","datePublished":"2023-08-26T12:18:27+00:00","dateModified":"2023-08-26T12:44:01+00:00","breadcrumb":{"@id":"https:\/\/evertonfc.cz\/index.php\/2023\/08\/26\/preview-everton-wolverhampton-wanderers-7\/#breadcrumb"},"inLanguage":"cs","potentialAction":[{"@type":"ReadAction","target":["https:\/\/evertonfc.cz\/index.php\/2023\/08\/26\/preview-everton-wolverhampton-wanderers-7\/"]}]},{"@type":"ImageObject","inLanguage":"cs","@id":"https:\/\/evertonfc.cz\/index.php\/2023\/08\/26\/preview-everton-wolverhampton-wanderers-7\/#primaryimage","url":"https:\/\/evertonfc.cz\/wp-content\/uploads\/2021\/05\/Everton-VS-Wolverhampton-Wanderers.png","contentUrl":"https:\/\/evertonfc.cz\/wp-content\/uploads\/2021\/05\/Everton-VS-Wolverhampton-Wanderers.png","width":720,"height":405},{"@type":"BreadcrumbList","@id":"https:\/\/evertonfc.cz\/index.php\/2023\/08\/26\/preview-everton-wolverhampton-wanderers-7\/#breadcrumb","itemListElement":[{"@type":"ListItem","position":1,"name":"Home","item":"https:\/\/evertonfc.cz\/"},{"@type":"ListItem","position":2,"name":"Preview: Everton \u2013 Wolverhampton Wanderers"}]},{"@type":"WebSite","@id":"https:\/\/evertonfc.cz\/#website","url":"https:\/\/evertonfc.cz\/","name":"Official Czech &amp; Slovak Everton Supporters&#039; Club","description":"","publisher":{"@id":"https:\/\/evertonfc.cz\/#organization"},"potentialAction":[{"@type":"SearchAction","target":{"@type":"EntryPoint","urlTemplate":"https:\/\/evertonfc.cz\/?s={search_term_string}"},"query-input":{"@type":"PropertyValueSpecification","valueRequired":true,"valueName":"search_term_string"}}],"inLanguage":"cs"},{"@type":"Organization","@id":"https:\/\/evertonfc.cz\/#organization","name":"Official Czech & Slovak Everton Supporters' Club","url":"https:\/\/evertonfc.cz\/","logo":{"@type":"ImageObject","inLanguage":"cs","@id":"https:\/\/evertonfc.cz\/#\/schema\/logo\/image\/","url":"https:\/\/evertonfc.cz\/wp-content\/uploads\/2019\/05\/logo.png","contentUrl":"https:\/\/evertonfc.cz\/wp-content\/uploads\/2019\/05\/logo.png","width":112,"height":112,"caption":"Official Czech & Slovak Everton Supporters' Club"},"image":{"@id":"https:\/\/evertonfc.cz\/#\/schema\/logo\/image\/"},"sameAs":["https:\/\/www.facebook.com\/everton.fans.cz.sk"]},{"@type":"Person","@id":"https:\/\/evertonfc.cz\/#\/schema\/person\/d4493b8cbea51532597fbc4685698916","name":"BlueBlooded","url":"https:\/\/evertonfc.cz\/index.php\/author\/admin\/"}]}},"_links":{"self":[{"href":"https:\/\/evertonfc.cz\/index.php\/wp-json\/wp\/v2\/posts\/22475"}],"collection":[{"href":"https:\/\/evertonfc.cz\/index.php\/wp-json\/wp\/v2\/posts"}],"about":[{"href":"https:\/\/evertonfc.cz\/index.php\/wp-json\/wp\/v2\/types\/post"}],"author":[{"embeddable":true,"href":"https:\/\/evertonfc.cz\/index.php\/wp-json\/wp\/v2\/users\/1"}],"replies":[{"embeddable":true,"href":"https:\/\/evertonfc.cz\/index.php\/wp-json\/wp\/v2\/comments?post=22475"}],"version-history":[{"count":8,"href":"https:\/\/evertonfc.cz\/index.php\/wp-json\/wp\/v2\/posts\/22475\/revisions"}],"predecessor-version":[{"id":22483,"href":"https:\/\/evertonfc.cz\/index.php\/wp-json\/wp\/v2\/posts\/22475\/revisions\/22483"}],"wp:featuredmedia":[{"embeddable":true,"href":"https:\/\/evertonfc.cz\/index.php\/wp-json\/wp\/v2\/media\/15370"}],"wp:attachment":[{"href":"https:\/\/evertonfc.cz\/index.php\/wp-json\/wp\/v2\/media?parent=22475"}],"wp:term":[{"taxonomy":"category","embeddable":true,"href":"https:\/\/evertonfc.cz\/index.php\/wp-json\/wp\/v2\/categories?post=22475"},{"taxonomy":"post_tag","embeddable":true,"href":"https:\/\/evertonfc.cz\/index.php\/wp-json\/wp\/v2\/tags?post=22475"}],"curies":[{"name":"wp","href":"https:\/\/api.w.org\/{rel}","templated":true}]}}