{"id":22484,"date":"2023-08-27T12:46:13","date_gmt":"2023-08-27T10:46:13","guid":{"rendered":"https:\/\/evertonfc.cz\/?p=22484"},"modified":"2023-10-17T09:22:21","modified_gmt":"2023-10-17T07:22:21","slug":"prichazi-heather-payne","status":"publish","type":"post","link":"https:\/\/evertonfc.cz\/index.php\/2023\/08\/27\/prichazi-heather-payne\/","title":{"rendered":"P\u0159ich\u00e1z\u00ed Heather Payne"},"content":{"rendered":"<h4>Na Walton Hall Park se z Floridy p\u0159em\u00edstila \u00fato\u010dnice Heather Payne.<\/h4>\n<p>T\u0159iadvacetilet\u00e1, 170 cm vysok\u00e1 Haether Margaret Payne se narodila v roce 2000 v irsk\u00e9m Ballinasloe a zemi jetelov\u00e9ho trojl\u00edstku tak\u00e9 nyn\u00ed Heather reprezentuje. Nastupuje nej\u010dast\u011bji jako z\u00e1lo\u017enice nebo wingback, i kdy\u017e se v kolonce &#8222;positions&#8220; lze do\u010d\u00edst i \u00fadaj &#8222;forward.&#8220; S fotbalem seri\u00f3zn\u011b za\u010dala\u00a0 v roce 2016, kde se stala hr\u00e1\u010dkou Peamount United.\u00a0 V klubu z\u016fstala t\u0159i roky, sk\u00f3rovala 13x. N\u00e1sledovalo ro\u010dn\u00ed anga\u017em\u00e1 v Bristolu, za kter\u00fd zas\u00e1hla do 9 z\u00e1pas\u016f a g\u00f3l si nep\u0159ipsala. Mezi roky 2019 &#8211; 2023 odjela Floridu studovat dietetiku (studium \u00fasp\u011b\u0161n\u011b dokon\u010dila v roce 2023) a hr\u00e1t za univerzitn\u00ed t\u00fdm Florida State Seminoles.<\/p>\n<p>V dresu Seminol\u016f odehr\u00e1la 60 utk\u00e1n\u00ed a p\u0159ipsala si 9 branek.\u00a0 Kapitolu sv\u00e9 reprezenta\u010dn\u00ed kari\u00e9ry za\u010dala Heather ps\u00e1t v roce 2015, kdy se p\u0159es ml\u00e1de\u017enick\u00e9 kategorie posunula v roce 2018 a\u017e do dosp\u011bl\u00e9ho reprezenta\u010dn\u00edho t\u00fdmu. Irsk\u00e9 barvy h\u00e1jila i na ned\u00e1vno skon\u010den\u00e9m MS v Austr\u00e1lii a na Nov\u00e9m Z\u00e9landu, Irsko mistrovstv\u00ed opustilo u\u017e po skupinov\u00e9 f\u00e1zi. Payne nastoupila k prvn\u00edm t\u0159em z\u00e1pas\u016fm, kdy se v posledn\u00ed minut\u011b t\u0159et\u00edho z\u00e1pasu zranila. \u010ctvrt\u00fd a posledn\u00ed irsk\u00fd z\u00e1pas se u\u017e odehr\u00e1val bez n\u00ed.<\/p>\n<p>Za zm\u00ednku stoj\u00ed i jej\u00ed aktu\u00e1ln\u00ed ocen\u011bn\u00ed jako nejlep\u0161\u00ed mlad\u00e9 irsk\u00e9 fotbalistky roku. Evertonu se Heather upsala na dva roky. Pod\u00edl na jej\u00edm p\u0159\u00edchodu m\u00e1 i neofici\u00e1ln\u00ed evertonsk\u00e1 irsk\u00e1 agentka Courtney Brosnan, se kterou p\u0159estup p\u0159edem konzultovala. Jej\u00ed p\u0159\u00edchod znamen\u00e1 tak dal\u0161\u00ed roz\u0161\u00ed\u0159en\u00ed mlad\u00e9ho t\u00fdmu Briana S\u00f8rensena. <strong><span style=\"color: #0000ff; --darkreader-inline-color: #3d3db6;\" data-darkreader-inline-color=\"\">COYB!<\/span><\/strong><\/p>\n<p style=\"text-align: right;\"><span style=\"font-size: 8pt;\"><em>Zdroj fotografie: www.rti.ie<\/em><\/span><\/p>\n","protected":false},"excerpt":{"rendered":"<p>Na Walton Hall Park se z Floridy p\u0159em\u00edstila \u00fato\u010dnice Heather Payne.<\/p>\n","protected":false},"author":26,"featured_media":22487,"comment_status":"open","ping_status":"closed","sticky":false,"template":"","format":"standard","meta":{"_eb_attr":"","_monsterinsights_skip_tracking":false,"_monsterinsights_sitenote_active":false,"_monsterinsights_sitenote_note":"","_monsterinsights_sitenote_category":0,"footnotes":""},"categories":[110,41],"tags":[],"yoast_head":"<!-- This site is optimized with the Yoast SEO plugin v23.4 - https:\/\/yoast.com\/wordpress\/plugins\/seo\/ -->\n<title>P\u0159ich\u00e1z\u00ed Heather Payne - Official Czech &amp; Slovak Everton Supporters&#039; Club<\/title>\n<meta name=\"robots\" content=\"index, follow, max-snippet:-1, max-image-preview:large, max-video-preview:-1\" \/>\n<link rel=\"canonical\" href=\"https:\/\/evertonfc.cz\/index.php\/2023\/08\/27\/prichazi-heather-payne\/\" \/>\n<meta property=\"og:locale\" content=\"cs_CZ\" \/>\n<meta property=\"og:type\" content=\"article\" \/>\n<meta property=\"og:title\" content=\"P\u0159ich\u00e1z\u00ed Heather Payne - Official Czech &amp; Slovak Everton Supporters&#039; Club\" \/>\n<meta property=\"og:description\" content=\"Na Walton Hall Park se z Floridy p\u0159em\u00edstila \u00fato\u010dnice Heather Payne.\" \/>\n<meta property=\"og:url\" content=\"https:\/\/evertonfc.cz\/index.php\/2023\/08\/27\/prichazi-heather-payne\/\" \/>\n<meta property=\"og:site_name\" content=\"Official Czech &amp; Slovak Everton Supporters&#039; Club\" \/>\n<meta property=\"article:publisher\" content=\"https:\/\/www.facebook.com\/everton.fans.cz.sk\" \/>\n<meta property=\"article:published_time\" content=\"2023-08-27T10:46:13+00:00\" \/>\n<meta property=\"article:modified_time\" content=\"2023-10-17T07:22:21+00:00\" \/>\n<meta property=\"og:image\" content=\"https:\/\/evertonfc.cz\/wp-content\/uploads\/2023\/08\/Payne.jpg\" \/>\n\t<meta property=\"og:image:width\" content=\"720\" \/>\n\t<meta property=\"og:image:height\" content=\"406\" \/>\n\t<meta property=\"og:image:type\" content=\"image\/jpeg\" \/>\n<meta name=\"author\" content=\"Karamela\" \/>\n<meta name=\"twitter:card\" content=\"summary_large_image\" \/>\n<meta name=\"twitter:label1\" content=\"Napsal(a)\" \/>\n\t<meta name=\"twitter:data1\" content=\"Karamela\" \/>\n\t<meta name=\"twitter:label2\" content=\"Odhadovan\u00e1 doba \u010dten\u00ed\" \/>\n\t<meta name=\"twitter:data2\" content=\"2 minuty\" \/>\n<script type=\"application\/ld+json\" class=\"yoast-schema-graph\">{\"@context\":\"https:\/\/schema.org\",\"@graph\":[{\"@type\":\"Article\",\"@id\":\"https:\/\/evertonfc.cz\/index.php\/2023\/08\/27\/prichazi-heather-payne\/#article\",\"isPartOf\":{\"@id\":\"https:\/\/evertonfc.cz\/index.php\/2023\/08\/27\/prichazi-heather-payne\/\"},\"author\":{\"name\":\"Karamela\",\"@id\":\"https:\/\/evertonfc.cz\/#\/schema\/person\/e9a24a80a32efa1344dd2c4e5882185c\"},\"headline\":\"P\u0159ich\u00e1z\u00ed Heather Payne\",\"datePublished\":\"2023-08-27T10:46:13+00:00\",\"dateModified\":\"2023-10-17T07:22:21+00:00\",\"mainEntityOfPage\":{\"@id\":\"https:\/\/evertonfc.cz\/index.php\/2023\/08\/27\/prichazi-heather-payne\/\"},\"wordCount\":311,\"commentCount\":0,\"publisher\":{\"@id\":\"https:\/\/evertonfc.cz\/#organization\"},\"image\":{\"@id\":\"https:\/\/evertonfc.cz\/index.php\/2023\/08\/27\/prichazi-heather-payne\/#primaryimage\"},\"thumbnailUrl\":\"https:\/\/evertonfc.cz\/wp-content\/uploads\/2023\/08\/Payne.jpg\",\"articleSection\":[\"Everton Women\",\"P\u0159estupy\"],\"inLanguage\":\"cs\",\"potentialAction\":[{\"@type\":\"CommentAction\",\"name\":\"Comment\",\"target\":[\"https:\/\/evertonfc.cz\/index.php\/2023\/08\/27\/prichazi-heather-payne\/#respond\"]}]},{\"@type\":\"WebPage\",\"@id\":\"https:\/\/evertonfc.cz\/index.php\/2023\/08\/27\/prichazi-heather-payne\/\",\"url\":\"https:\/\/evertonfc.cz\/index.php\/2023\/08\/27\/prichazi-heather-payne\/\",\"name\":\"P\u0159ich\u00e1z\u00ed Heather Payne - Official Czech &amp; Slovak Everton Supporters&#039; Club\",\"isPartOf\":{\"@id\":\"https:\/\/evertonfc.cz\/#website\"},\"primaryImageOfPage\":{\"@id\":\"https:\/\/evertonfc.cz\/index.php\/2023\/08\/27\/prichazi-heather-payne\/#primaryimage\"},\"image\":{\"@id\":\"https:\/\/evertonfc.cz\/index.php\/2023\/08\/27\/prichazi-heather-payne\/#primaryimage\"},\"thumbnailUrl\":\"https:\/\/evertonfc.cz\/wp-content\/uploads\/2023\/08\/Payne.jpg\",\"datePublished\":\"2023-08-27T10:46:13+00:00\",\"dateModified\":\"2023-10-17T07:22:21+00:00\",\"breadcrumb\":{\"@id\":\"https:\/\/evertonfc.cz\/index.php\/2023\/08\/27\/prichazi-heather-payne\/#breadcrumb\"},\"inLanguage\":\"cs\",\"potentialAction\":[{\"@type\":\"ReadAction\",\"target\":[\"https:\/\/evertonfc.cz\/index.php\/2023\/08\/27\/prichazi-heather-payne\/\"]}]},{\"@type\":\"ImageObject\",\"inLanguage\":\"cs\",\"@id\":\"https:\/\/evertonfc.cz\/index.php\/2023\/08\/27\/prichazi-heather-payne\/#primaryimage\",\"url\":\"https:\/\/evertonfc.cz\/wp-content\/uploads\/2023\/08\/Payne.jpg\",\"contentUrl\":\"https:\/\/evertonfc.cz\/wp-content\/uploads\/2023\/08\/Payne.jpg\",\"width\":720,\"height\":406},{\"@type\":\"BreadcrumbList\",\"@id\":\"https:\/\/evertonfc.cz\/index.php\/2023\/08\/27\/prichazi-heather-payne\/#breadcrumb\",\"itemListElement\":[{\"@type\":\"ListItem\",\"position\":1,\"name\":\"Home\",\"item\":\"https:\/\/evertonfc.cz\/\"},{\"@type\":\"ListItem\",\"position\":2,\"name\":\"P\u0159ich\u00e1z\u00ed Heather Payne\"}]},{\"@type\":\"WebSite\",\"@id\":\"https:\/\/evertonfc.cz\/#website\",\"url\":\"https:\/\/evertonfc.cz\/\",\"name\":\"Official Czech &amp; Slovak Everton Supporters&#039; Club\",\"description\":\"\",\"publisher\":{\"@id\":\"https:\/\/evertonfc.cz\/#organization\"},\"potentialAction\":[{\"@type\":\"SearchAction\",\"target\":{\"@type\":\"EntryPoint\",\"urlTemplate\":\"https:\/\/evertonfc.cz\/?s={search_term_string}\"},\"query-input\":{\"@type\":\"PropertyValueSpecification\",\"valueRequired\":true,\"valueName\":\"search_term_string\"}}],\"inLanguage\":\"cs\"},{\"@type\":\"Organization\",\"@id\":\"https:\/\/evertonfc.cz\/#organization\",\"name\":\"Official Czech & Slovak Everton Supporters' Club\",\"url\":\"https:\/\/evertonfc.cz\/\",\"logo\":{\"@type\":\"ImageObject\",\"inLanguage\":\"cs\",\"@id\":\"https:\/\/evertonfc.cz\/#\/schema\/logo\/image\/\",\"url\":\"https:\/\/evertonfc.cz\/wp-content\/uploads\/2019\/05\/logo.png\",\"contentUrl\":\"https:\/\/evertonfc.cz\/wp-content\/uploads\/2019\/05\/logo.png\",\"width\":112,\"height\":112,\"caption\":\"Official Czech & Slovak Everton Supporters' Club\"},\"image\":{\"@id\":\"https:\/\/evertonfc.cz\/#\/schema\/logo\/image\/\"},\"sameAs\":[\"https:\/\/www.facebook.com\/everton.fans.cz.sk\"]},{\"@type\":\"Person\",\"@id\":\"https:\/\/evertonfc.cz\/#\/schema\/person\/e9a24a80a32efa1344dd2c4e5882185c\",\"name\":\"Karamela\",\"url\":\"https:\/\/evertonfc.cz\/index.php\/author\/karamela\/\"}]}<\/script>\n<!-- \/ Yoast SEO plugin. -->","yoast_head_json":{"title":"P\u0159ich\u00e1z\u00ed Heather Payne - Official Czech &amp; Slovak Everton Supporters&#039; Club","robots":{"index":"index","follow":"follow","max-snippet":"max-snippet:-1","max-image-preview":"max-image-preview:large","max-video-preview":"max-video-preview:-1"},"canonical":"https:\/\/evertonfc.cz\/index.php\/2023\/08\/27\/prichazi-heather-payne\/","og_locale":"cs_CZ","og_type":"article","og_title":"P\u0159ich\u00e1z\u00ed Heather Payne - Official Czech &amp; Slovak Everton Supporters&#039; Club","og_description":"Na Walton Hall Park se z Floridy p\u0159em\u00edstila \u00fato\u010dnice Heather Payne.","og_url":"https:\/\/evertonfc.cz\/index.php\/2023\/08\/27\/prichazi-heather-payne\/","og_site_name":"Official Czech &amp; Slovak Everton Supporters&#039; Club","article_publisher":"https:\/\/www.facebook.com\/everton.fans.cz.sk","article_published_time":"2023-08-27T10:46:13+00:00","article_modified_time":"2023-10-17T07:22:21+00:00","og_image":[{"width":720,"height":406,"url":"https:\/\/evertonfc.cz\/wp-content\/uploads\/2023\/08\/Payne.jpg","type":"image\/jpeg"}],"author":"Karamela","twitter_card":"summary_large_image","twitter_misc":{"Napsal(a)":"Karamela","Odhadovan\u00e1 doba \u010dten\u00ed":"2 minuty"},"schema":{"@context":"https:\/\/schema.org","@graph":[{"@type":"Article","@id":"https:\/\/evertonfc.cz\/index.php\/2023\/08\/27\/prichazi-heather-payne\/#article","isPartOf":{"@id":"https:\/\/evertonfc.cz\/index.php\/2023\/08\/27\/prichazi-heather-payne\/"},"author":{"name":"Karamela","@id":"https:\/\/evertonfc.cz\/#\/schema\/person\/e9a24a80a32efa1344dd2c4e5882185c"},"headline":"P\u0159ich\u00e1z\u00ed Heather Payne","datePublished":"2023-08-27T10:46:13+00:00","dateModified":"2023-10-17T07:22:21+00:00","mainEntityOfPage":{"@id":"https:\/\/evertonfc.cz\/index.php\/2023\/08\/27\/prichazi-heather-payne\/"},"wordCount":311,"commentCount":0,"publisher":{"@id":"https:\/\/evertonfc.cz\/#organization"},"image":{"@id":"https:\/\/evertonfc.cz\/index.php\/2023\/08\/27\/prichazi-heather-payne\/#primaryimage"},"thumbnailUrl":"https:\/\/evertonfc.cz\/wp-content\/uploads\/2023\/08\/Payne.jpg","articleSection":["Everton Women","P\u0159estupy"],"inLanguage":"cs","potentialAction":[{"@type":"CommentAction","name":"Comment","target":["https:\/\/evertonfc.cz\/index.php\/2023\/08\/27\/prichazi-heather-payne\/#respond"]}]},{"@type":"WebPage","@id":"https:\/\/evertonfc.cz\/index.php\/2023\/08\/27\/prichazi-heather-payne\/","url":"https:\/\/evertonfc.cz\/index.php\/2023\/08\/27\/prichazi-heather-payne\/","name":"P\u0159ich\u00e1z\u00ed Heather Payne - Official Czech &amp; Slovak Everton Supporters&#039; Club","isPartOf":{"@id":"https:\/\/evertonfc.cz\/#website"},"primaryImageOfPage":{"@id":"https:\/\/evertonfc.cz\/index.php\/2023\/08\/27\/prichazi-heather-payne\/#primaryimage"},"image":{"@id":"https:\/\/evertonfc.cz\/index.php\/2023\/08\/27\/prichazi-heather-payne\/#primaryimage"},"thumbnailUrl":"https:\/\/evertonfc.cz\/wp-content\/uploads\/2023\/08\/Payne.jpg","datePublished":"2023-08-27T10:46:13+00:00","dateModified":"2023-10-17T07:22:21+00:00","breadcrumb":{"@id":"https:\/\/evertonfc.cz\/index.php\/2023\/08\/27\/prichazi-heather-payne\/#breadcrumb"},"inLanguage":"cs","potentialAction":[{"@type":"ReadAction","target":["https:\/\/evertonfc.cz\/index.php\/2023\/08\/27\/prichazi-heather-payne\/"]}]},{"@type":"ImageObject","inLanguage":"cs","@id":"https:\/\/evertonfc.cz\/index.php\/2023\/08\/27\/prichazi-heather-payne\/#primaryimage","url":"https:\/\/evertonfc.cz\/wp-content\/uploads\/2023\/08\/Payne.jpg","contentUrl":"https:\/\/evertonfc.cz\/wp-content\/uploads\/2023\/08\/Payne.jpg","width":720,"height":406},{"@type":"BreadcrumbList","@id":"https:\/\/evertonfc.cz\/index.php\/2023\/08\/27\/prichazi-heather-payne\/#breadcrumb","itemListElement":[{"@type":"ListItem","position":1,"name":"Home","item":"https:\/\/evertonfc.cz\/"},{"@type":"ListItem","position":2,"name":"P\u0159ich\u00e1z\u00ed Heather Payne"}]},{"@type":"WebSite","@id":"https:\/\/evertonfc.cz\/#website","url":"https:\/\/evertonfc.cz\/","name":"Official Czech &amp; Slovak Everton Supporters&#039; Club","description":"","publisher":{"@id":"https:\/\/evertonfc.cz\/#organization"},"potentialAction":[{"@type":"SearchAction","target":{"@type":"EntryPoint","urlTemplate":"https:\/\/evertonfc.cz\/?s={search_term_string}"},"query-input":{"@type":"PropertyValueSpecification","valueRequired":true,"valueName":"search_term_string"}}],"inLanguage":"cs"},{"@type":"Organization","@id":"https:\/\/evertonfc.cz\/#organization","name":"Official Czech & Slovak Everton Supporters' Club","url":"https:\/\/evertonfc.cz\/","logo":{"@type":"ImageObject","inLanguage":"cs","@id":"https:\/\/evertonfc.cz\/#\/schema\/logo\/image\/","url":"https:\/\/evertonfc.cz\/wp-content\/uploads\/2019\/05\/logo.png","contentUrl":"https:\/\/evertonfc.cz\/wp-content\/uploads\/2019\/05\/logo.png","width":112,"height":112,"caption":"Official Czech & Slovak Everton Supporters' Club"},"image":{"@id":"https:\/\/evertonfc.cz\/#\/schema\/logo\/image\/"},"sameAs":["https:\/\/www.facebook.com\/everton.fans.cz.sk"]},{"@type":"Person","@id":"https:\/\/evertonfc.cz\/#\/schema\/person\/e9a24a80a32efa1344dd2c4e5882185c","name":"Karamela","url":"https:\/\/evertonfc.cz\/index.php\/author\/karamela\/"}]}},"_links":{"self":[{"href":"https:\/\/evertonfc.cz\/index.php\/wp-json\/wp\/v2\/posts\/22484"}],"collection":[{"href":"https:\/\/evertonfc.cz\/index.php\/wp-json\/wp\/v2\/posts"}],"about":[{"href":"https:\/\/evertonfc.cz\/index.php\/wp-json\/wp\/v2\/types\/post"}],"author":[{"embeddable":true,"href":"https:\/\/evertonfc.cz\/index.php\/wp-json\/wp\/v2\/users\/26"}],"replies":[{"embeddable":true,"href":"https:\/\/evertonfc.cz\/index.php\/wp-json\/wp\/v2\/comments?post=22484"}],"version-history":[{"count":5,"href":"https:\/\/evertonfc.cz\/index.php\/wp-json\/wp\/v2\/posts\/22484\/revisions"}],"predecessor-version":[{"id":22503,"href":"https:\/\/evertonfc.cz\/index.php\/wp-json\/wp\/v2\/posts\/22484\/revisions\/22503"}],"wp:featuredmedia":[{"embeddable":true,"href":"https:\/\/evertonfc.cz\/index.php\/wp-json\/wp\/v2\/media\/22487"}],"wp:attachment":[{"href":"https:\/\/evertonfc.cz\/index.php\/wp-json\/wp\/v2\/media?parent=22484"}],"wp:term":[{"taxonomy":"category","embeddable":true,"href":"https:\/\/evertonfc.cz\/index.php\/wp-json\/wp\/v2\/categories?post=22484"},{"taxonomy":"post_tag","embeddable":true,"href":"https:\/\/evertonfc.cz\/index.php\/wp-json\/wp\/v2\/tags?post=22484"}],"curies":[{"name":"wp","href":"https:\/\/api.w.org\/{rel}","templated":true}]}}