{"id":22490,"date":"2023-08-27T14:08:38","date_gmt":"2023-08-27T12:08:38","guid":{"rendered":"https:\/\/evertonfc.cz\/?p=22490"},"modified":"2023-08-27T18:55:28","modified_gmt":"2023-08-27T16:55:28","slug":"everton-wolverhampton-01","status":"publish","type":"post","link":"https:\/\/evertonfc.cz\/index.php\/2023\/08\/27\/everton-wolverhampton-01\/","title":{"rendered":"Everton \u2013 Wolverhampton Wanderers 0:1"},"content":{"rendered":"<h4>Po l\u00e9t\u011b jsou Wolves pova\u017eov\u00e1ni za ohro\u017een\u00fd druh, ale slab\u0161\u00ed kusy je\u0161t\u011b um\u00ed kousat. Toffees \u0161kr\u00e1bali, ale zuby\u00a0 m\u011bli slepen\u00e9 a po t\u0159ech kolech jsou na dvou nul\u00e1ch.<\/h4>\n<p>Sean Dyche musel cht\u011b necht\u011b ud\u011blat 3 zm\u011bny v z\u00e1kladn\u00ed jeden\u00e1ctce. Pochrouman\u00e9 ofenzivn\u00ed duo DCL s Alexem Iwobim nahradil Arnaut Danjuma a mlad\u00fd Lewis Dobbin, kter\u00fd se trochu ne\u010dekan\u011b chyt\u00e1 sv\u00e9 \u0161ance. Na stoperu pak vysly\u0161el lodivod vol\u00e1n\u00ed publika a hodil p\u0159es palubu chybuj\u00edc\u00edho Michaela Keana. Na jeho m\u00edsto povolal kadeta Jarrada Branthwaita. Poprv\u00e9 na lavi\u010dku usedl dal\u0161\u00ed mlad\u00edk Youssef Chermiti.<\/p>\n<p>Gary O\u2019Neil s\u00e1hl do slo\u017een\u00ed sme\u010dky dvakr\u00e1t, vykartovan\u00e9ho Matheuse Nunese nahradil na k\u0159\u00eddle Hwang Hee-Chan, Ait-Nouri za\u010dal v z\u00e1v\u011bt\u0159\u00ed a jeho m\u00edsto na lev\u00e9m kraji zaujal Hugo Bueno.<\/p>\n<h4>Prvn\u00ed polo\u010das<\/h4>\n<p>P\u0159ed z\u00e1pasem prob\u011bhla minuta ticha za tragicky zesnul\u00e9ho Michaela Jonese. Klub reprezentuj\u00edci Black Country nast\u0159\u00edlel v minul\u00e9 sez\u00f3n\u011b je\u0161t\u011b m\u00e9n\u011b ne\u017e dom\u00e1c\u00ed, z\u00e1pas prob\u00edhal ve velmi aktivn\u00edm tempu, \u00fatok p\u0159ech\u00e1zel v \u00fatok. Prvn\u00ed p\u0159\u00edle\u017eitost m\u011bli na hlav\u011b host\u00e9, v \u010derven\u00e9m od\u011bn\u00ed, konkr\u00e9tn\u011b Mario Lemina, ale Pickford byl p\u0159ipraven\u00fd. Na druh\u00e9 stran\u011b \u010dile a vysoko napadalo trio Danjuma \u2013 Doucour\u00e9 \u2013 Dobbin, p\u0159i prvn\u00edm n\u00e1znaku ale nikdo nedos\u00e1hl na nebezpe\u010dn\u00fd centr od Pattersona. Everton to zkou\u0161el dlouh\u00fdmi bal\u00f3ny za obranu, jeden vyhlavi\u010dkoval vyb\u011bhnuv\u0161\u00ed g\u00f3lman S\u00e1, dal\u0161\u00ed m\u00ed\u010d od Onany nezkrotil Garner.<\/p>\n<p>V 10. minut\u011b musel hasit Youngovo podklouznut\u00ed Branthwaite, kontroval Dobbin, ale ani jeden ze 2 centr\u016f nena\u0161el adres\u00e1ta. Anglick\u00fd mlad\u00edk dlouho hledal cestu p\u0159es Semeda, ale vybojoval prvn\u00ed roh. Pak z ni\u010deho nic, Pickford\u016fv prudk\u00fd pas prodlou\u017eil Onana tak dob\u0159e, \u017ee Danjuma \u0161el s\u00e1m na brank\u00e1\u0159e. Prost\u0159elil ruce Joseho S\u00e1, ale m\u00ed\u010d si cestu do s\u00edt\u011b nena\u0161el, narazil na ty\u010d. Holan\u010fan byl na hran\u011b ofsajdu, ale na detailn\u00ed p\u0159ezkoum\u00e1v\u00e1n\u00ed nedo\u0161lo. Dom\u00e1c\u00ed dr\u017eeli v\u00edce m\u00ed\u010d, ale host\u00e9 hrozili z brejku, Neto si ale nep\u0159i\u0161el na val Pattersona a Doucour\u00e9ho, skotsk\u00fd mlad\u00edk pak zboural Hwanga i s teleskopem.<\/p>\n<p>Ve 26. minut\u011b jsme si je\u0161t\u011b jednou p\u0159ipomn\u011bli zesnul\u00e9ho \u201eLittle Michaela\u201c. RIP.<\/p>\n<p>Druh\u00fd roh dom\u00e1c\u00edch vy\u00fastil ve velikou \u0161anci. Odra\u017een\u00fd m\u00ed\u010d Garner nap\u00e1lil p\u0159ed br\u00e1nu, kde se nastavoval Dobbin, m\u00ed\u010d skon\u010dil u Tarkowsk\u00e9ho kter\u00fd z kraje mal\u00e9ho v\u00e1pna trefil jen do bo\u010dn\u00ed s\u00edt\u011b. Za protesty dostal \u017elutou kartu Gomes, Young z p\u0159\u00edm\u00e1ku vyb\u00eddl Branthwaitea, ale ten m\u00ed\u0159il nad, ale ne a\u017e tak jako na druh\u00e9 stran\u011b Neto p\u0159i pokusu o k\u0159\u00ed\u017enou st\u0159elu. Patterson\u016fv centr si na\u0161el ve v\u00e1pn\u011b Danjuma, bal\u00f3n mu p\u0159ist\u00e1l skoro na noze, ale v p\u0159\u00edle\u017eitosti z kategorie \u201eco chce\u0161 v\u00edc\u201c volejem netrefil v\u016fbec branku. Dobbin nakonec vym\u00e1mil na rozhod\u010d\u00edm \u017elutou i pro Semeda. P\u016fla dobrzdila do z\u00e1v\u011bru p\u0159i o\u0161et\u0159ov\u00e1n\u00ed Matheuse Cunhy.<\/p>\n<h4>Druh\u00fd polo\u010das<\/h4>\n<p>Ait-Nouri nahradil pochrouman\u00e9ho Hwanga. Ne\u017e nabral fotbal po pauze obr\u00e1tky, uk\u00e1zal Lemina, \u017ee ne\u010dte ob\u011b\u017en\u00edky a dostal \u017elutou za \u010dachry s m\u00ed\u010dem po odp\u00edsk\u00e1n\u00ed. Napomenul ho i jeho vlastn\u00ed spoluhr\u00e1\u010d, veter\u00e1n Dawson. P\u0159ibli\u017en\u011b mezi 50. a 70. minutou jsme vid\u011bli velmi hektick\u00e9 p\u0159el\u00e9v\u00e1n\u00ed hry sem-tam. Young vyzval Danjumu a jeho na prvn\u00ed pohled nep\u0159\u00edli\u0161 poveden\u00e9 zakon\u010den\u00ed nedok\u00e1zal udr\u017eet portugalsk\u00fd brank\u00e1\u0159. Ten z n\u00e1sledn\u00e9ho rohu vyrazil Tarkowsk\u00e9ho hlavi\u010dku, o repar\u00e1t se pokusil mlad\u00fd Branthwaite, ale p\u0159ipraven\u00fd S\u00e1 si poradil i s n\u00ed, aby p\u0159i pokusu rychle rozehr\u00e1t \u010delil p\u0159\u00edmo ramenu statn\u00e9ho obr\u00e1nce, za co\u017e Jarrad dostal napomenut\u00ed.<\/p>\n<p>Onana v\u00fdborn\u011b obral Neta, ale byl p\u0159itom podkopnut. Vzap\u00e1\u011bt\u00ed jsme byli varov\u00e1n\u00ed, Bueno na\u0161el nepokryt\u00e9ho Fabio Silvu a vl\u010d\u00ed flop sk\u00f3roval. Na\u0161t\u011bst\u00ed byl ale o p\u00e1r centimetr\u016f p\u0159ed obr\u00e1nci, tak\u017ee neplatil. Varov\u00e1n\u00ed druh\u00e9, Tarkowski lehkomysln\u011b pou\u0161t\u011bl n\u00e1kop za sebe na Pickforda, ten ale z\u016fstal vzadu, m\u00ed\u010de se zmocnil op\u011bt Silva, na\u0161t\u011bst\u00ed obst\u0159el brank\u00e1\u0159e do s\u00edt\u011b nezakroutil. Garner zastavoval Ait-Nouriho za \u017elutou.<\/p>\n<p>Danjuma po Doucour\u00e9ho vyb\u00eddnut\u00ed z boku neprost\u0159elil, vz\u00e1p\u011bt\u00ed Garner\u016fv n\u00edzk\u00fd centr na zadn\u00ed ty\u010di v p\u0159edklonu hlavi\u010dkoval malijsk\u00fd reprezentant, ale S\u00e1 v brance p\u0159edvedl neskute\u010dn\u00fd vyt\u00e1hl z\u00e1krok snad za cel\u00fd xG. Mezit\u00edm na h\u0159i\u0161t\u011b p\u0159ikva\u010dil ve sv\u00e9 premi\u00e9\u0159e Chermiti. Doucour\u00e9 donutil Dawsona k faulu a dal\u0161\u00ed \u017elut\u00e9. Pickford pak musel uk\u00e1zat brilantn\u00ed reflexy po centru, kter\u00fd sr\u00e1\u017eel na branku jeden z dvojice Branthwaite\/Lemina. Sekundy opojen\u00ed z branky jsme mohli za\u017e\u00edt i my, Doucour\u00e9 si po nar\u00e1\u017ee\u010dce Garnera a Chermitiho navedl m\u00ed\u010d a z bl\u00edzka prost\u0159elil S\u00e1, ale na za\u010d\u00e1tku byl o p\u016flkroku nap\u0159ed, praporek podpo\u0159il i VAR.<\/p>\n<p>Z\u00e1pletka z\u00e1pasu pak dostala pro n\u00e1s \u010dast\u00fd a p\u0159edv\u00eddateln\u00fd obrat. O\u2019Neil poslal na h\u0159i\u0161t\u011b Kalajd\u017ei\u010de. Rakousk\u00fd dlouh\u00e1n zanedlouho \u0159\u00e1dil jako \u010dern\u00e1 ruka ve v\u00e1pn\u011b Toffees. Po\u010d\u00edhal si na Net\u016fv centr za Tarkowskim, kde si pod sebou nechal zamotan\u00e9ho Pattersona a lehk\u00fdm pohybem poslal m\u00ed\u010d za Pickforda \u2013 <strong>0:1<\/strong>. Z toho \u00faderu se Goodison Park nevzpamatoval, nepomohlo ani vysl\u00e1n\u00ed Keana s Cannonem, naopak jejich prot\u011bj\u0161ek Sarabia m\u011bl je\u0161t\u011b 2 p\u0159\u00edle\u017eitosti sk\u00f3re nav\u00fd\u0161it.<\/p>\n<h4>Zhodnocen\u00ed<\/h4>\n<p>Snaha rozhodn\u011b nelze up\u0159\u00edt, ale prohra doma s rivalem v boji o z\u00e1chranu bol\u00ed. \u0160anc\u00ed bylo op\u011bt dost, ale nem\u00e1lo jsme jich nechali i soupe\u0159i. Poda\u0159ilo se soupe\u0159e n\u011bkolikr\u00e1t p\u0159etla\u010dit, ale kvalita v zakon\u010den\u00ed je mizern\u00e1. \u010cestn\u00e9 uzn\u00e1n\u00ed tedy pat\u0159\u00ed i str\u00e1\u017eci soupe\u0159ovy svatyn\u011b, znovu to bylo na m\u00edsto v sestav\u011b kola. Mu\u017eem z\u00e1pasu vol\u00edm Abdoulaye Doucour\u00e9ho, kter\u00fd agresivn\u011b napadal, vybojoval nespo\u010det m\u00ed\u010d\u016f na hranici faulu a m\u011bl 2 nejv\u011bt\u0161\u00ed brankov\u00e9 \u0161ance, kter\u00e9 ale neprom\u011bnil.<\/p>\n<p>Solidn\u00ed z\u00e1pas zahr\u00e1l i Jarrad Branthwaite, z hostov\u00e1n\u00ed se vr\u00e1til vysp\u011blej\u0161\u00ed, bez d\u0159\u00edv\u011bj\u0161\u00ed nervozity n\u011bkolikr\u00e1t dok\u00e1zal vystoupit a odrazit v z\u00e1rodku akce soupe\u0159e. Danjuma se do \u0161anc\u00ed dost\u00e1val a je podle m\u011b ot\u00e1zkou \u010dasu, kdy mu to tam spadne. Vzhledem k proh\u0159e bych kritice podrobil defenz\u00edvu, v rozhoduj\u00edc\u00edch momentech si p\u0159i centrech nepo\u010d\u00ednala stoprocentn\u011b a soupe\u0159 toho nekompromisn\u011b vyu\u017eil.<\/p>\n<p style=\"text-align: right;\"><span style=\"font-size: 8pt;\">foto zdroj: Peter Byrne\/PA via AP, Canadian Press, nsnews.com<\/span><\/p>\n<p><strong>Branka<\/strong>: 87\u2018 Kalajd\u017ei\u010d (Neto)<\/p>\n<p><strong>\u017dlut\u00e9 karty<\/strong>: 53\u2018 Branthwaite, 62\u2018 Garner, 90\u2018 Chermiti, 29\u2018 Gomes, 40\u2018 Semedo, 51\u2018 Lemina, 68\u2018 Dawson<\/p>\n<p><strong>O\u010dek\u00e1van\u00e9 branky<\/strong>: 1,07 \u2013 1,14\u00a0 <strong>Dr\u017een\u00ed m\u00ed\u010de<\/strong>: 47% \u2013 53%\u00a0 <strong>St\u0159ely celkem\/na branku<\/strong>: 15\/7 \u2013 11\/2\u00a0 <strong>Rohy<\/strong>: \u00a07 \u2013 0<\/p>\n<p><strong>Everton<\/strong>: Pickford \u2013 Patterson, Tarkowski, Branthwaite, Young \u2013Gana (91\u2018 Keane) \u2013 Garner, Onana, Doucour\u00e9, Dobbin (66\u2018 Chermiti) \u2013 Danjuma (91\u2018 Cannon).<\/p>\n<p><strong>Wolves<\/strong>: S\u00e1 \u2013 Semedo, Kilman, Dawson, Bueno (85\u2018 Toti) \u2013 Neto, Gomes, Lemina, Hwang (45\u2018 Ait-Nouri) \u2013 Cunha (85\u2018 Kalajd\u017ei\u0107) &#8211; F.Silva (73\u2018 Sarabia)<\/p>\n<p><strong>Rozhod\u010d\u00ed: <\/strong>Craig Pawson\u00a0<strong> Div\u00e1k\u016f:<\/strong> 38 851<\/p>\n","protected":false},"excerpt":{"rendered":"<p>Po l\u00e9t\u011b jsou Wolves pova\u017eov\u00e1ni za ohro\u017een\u00fd druh, ale slab\u0161\u00ed kusy je\u0161t\u011b um\u00ed kousat. Toffees \u0161kr\u00e1bali, ale zuby m\u011bli slepen\u00e9 a po t\u0159ech kolech jsou na dvou nul\u00e1ch. <\/p>\n","protected":false},"author":10,"featured_media":22489,"comment_status":"open","ping_status":"closed","sticky":false,"template":"","format":"standard","meta":{"_eb_attr":"","_monsterinsights_skip_tracking":false,"_monsterinsights_sitenote_active":false,"_monsterinsights_sitenote_note":"","_monsterinsights_sitenote_category":0,"footnotes":""},"categories":[4],"tags":[],"yoast_head":"<!-- This site is optimized with the Yoast SEO plugin v23.4 - https:\/\/yoast.com\/wordpress\/plugins\/seo\/ -->\n<title>Everton \u2013 Wolverhampton Wanderers 0:1 - Official Czech &amp; Slovak Everton Supporters&#039; Club<\/title>\n<meta name=\"robots\" content=\"index, follow, max-snippet:-1, max-image-preview:large, max-video-preview:-1\" \/>\n<link rel=\"canonical\" href=\"https:\/\/evertonfc.cz\/index.php\/2023\/08\/27\/everton-wolverhampton-01\/\" \/>\n<meta property=\"og:locale\" content=\"cs_CZ\" \/>\n<meta property=\"og:type\" content=\"article\" \/>\n<meta property=\"og:title\" content=\"Everton \u2013 Wolverhampton Wanderers 0:1 - Official Czech &amp; Slovak Everton Supporters&#039; Club\" \/>\n<meta property=\"og:description\" content=\"Po l\u00e9t\u011b jsou Wolves pova\u017eov\u00e1ni za ohro\u017een\u00fd druh, ale slab\u0161\u00ed kusy je\u0161t\u011b um\u00ed kousat. Toffees \u0161kr\u00e1bali, ale zuby m\u011bli slepen\u00e9 a po t\u0159ech kolech jsou na dvou nul\u00e1ch.\" \/>\n<meta property=\"og:url\" content=\"https:\/\/evertonfc.cz\/index.php\/2023\/08\/27\/everton-wolverhampton-01\/\" \/>\n<meta property=\"og:site_name\" content=\"Official Czech &amp; Slovak Everton Supporters&#039; Club\" \/>\n<meta property=\"article:publisher\" content=\"https:\/\/www.facebook.com\/everton.fans.cz.sk\" \/>\n<meta property=\"article:published_time\" content=\"2023-08-27T12:08:38+00:00\" \/>\n<meta property=\"article:modified_time\" content=\"2023-08-27T16:55:28+00:00\" \/>\n<meta property=\"og:image\" content=\"https:\/\/evertonfc.cz\/wp-content\/uploads\/2023\/08\/wolves_hd23.png\" \/>\n\t<meta property=\"og:image:width\" content=\"720\" \/>\n\t<meta property=\"og:image:height\" content=\"405\" \/>\n\t<meta property=\"og:image:type\" content=\"image\/png\" \/>\n<meta name=\"author\" content=\"Fip\" \/>\n<meta name=\"twitter:card\" content=\"summary_large_image\" \/>\n<meta name=\"twitter:label1\" content=\"Napsal(a)\" \/>\n\t<meta name=\"twitter:data1\" content=\"Fip\" \/>\n\t<meta name=\"twitter:label2\" content=\"Odhadovan\u00e1 doba \u010dten\u00ed\" \/>\n\t<meta name=\"twitter:data2\" content=\"6 minut\" \/>\n<script type=\"application\/ld+json\" class=\"yoast-schema-graph\">{\"@context\":\"https:\/\/schema.org\",\"@graph\":[{\"@type\":\"Article\",\"@id\":\"https:\/\/evertonfc.cz\/index.php\/2023\/08\/27\/everton-wolverhampton-01\/#article\",\"isPartOf\":{\"@id\":\"https:\/\/evertonfc.cz\/index.php\/2023\/08\/27\/everton-wolverhampton-01\/\"},\"author\":{\"name\":\"Fip\",\"@id\":\"https:\/\/evertonfc.cz\/#\/schema\/person\/35904009755e8eaa0dc1a5f5f0419002\"},\"headline\":\"Everton \u2013 Wolverhampton Wanderers 0:1\",\"datePublished\":\"2023-08-27T12:08:38+00:00\",\"dateModified\":\"2023-08-27T16:55:28+00:00\",\"mainEntityOfPage\":{\"@id\":\"https:\/\/evertonfc.cz\/index.php\/2023\/08\/27\/everton-wolverhampton-01\/\"},\"wordCount\":1244,\"commentCount\":12,\"publisher\":{\"@id\":\"https:\/\/evertonfc.cz\/#organization\"},\"image\":{\"@id\":\"https:\/\/evertonfc.cz\/index.php\/2023\/08\/27\/everton-wolverhampton-01\/#primaryimage\"},\"thumbnailUrl\":\"https:\/\/evertonfc.cz\/wp-content\/uploads\/2023\/08\/wolves_hd23.png\",\"articleSection\":[\"Z\u00e1pasy\"],\"inLanguage\":\"cs\",\"potentialAction\":[{\"@type\":\"CommentAction\",\"name\":\"Comment\",\"target\":[\"https:\/\/evertonfc.cz\/index.php\/2023\/08\/27\/everton-wolverhampton-01\/#respond\"]}]},{\"@type\":\"WebPage\",\"@id\":\"https:\/\/evertonfc.cz\/index.php\/2023\/08\/27\/everton-wolverhampton-01\/\",\"url\":\"https:\/\/evertonfc.cz\/index.php\/2023\/08\/27\/everton-wolverhampton-01\/\",\"name\":\"Everton \u2013 Wolverhampton Wanderers 0:1 - Official Czech &amp; Slovak Everton Supporters&#039; Club\",\"isPartOf\":{\"@id\":\"https:\/\/evertonfc.cz\/#website\"},\"primaryImageOfPage\":{\"@id\":\"https:\/\/evertonfc.cz\/index.php\/2023\/08\/27\/everton-wolverhampton-01\/#primaryimage\"},\"image\":{\"@id\":\"https:\/\/evertonfc.cz\/index.php\/2023\/08\/27\/everton-wolverhampton-01\/#primaryimage\"},\"thumbnailUrl\":\"https:\/\/evertonfc.cz\/wp-content\/uploads\/2023\/08\/wolves_hd23.png\",\"datePublished\":\"2023-08-27T12:08:38+00:00\",\"dateModified\":\"2023-08-27T16:55:28+00:00\",\"breadcrumb\":{\"@id\":\"https:\/\/evertonfc.cz\/index.php\/2023\/08\/27\/everton-wolverhampton-01\/#breadcrumb\"},\"inLanguage\":\"cs\",\"potentialAction\":[{\"@type\":\"ReadAction\",\"target\":[\"https:\/\/evertonfc.cz\/index.php\/2023\/08\/27\/everton-wolverhampton-01\/\"]}]},{\"@type\":\"ImageObject\",\"inLanguage\":\"cs\",\"@id\":\"https:\/\/evertonfc.cz\/index.php\/2023\/08\/27\/everton-wolverhampton-01\/#primaryimage\",\"url\":\"https:\/\/evertonfc.cz\/wp-content\/uploads\/2023\/08\/wolves_hd23.png\",\"contentUrl\":\"https:\/\/evertonfc.cz\/wp-content\/uploads\/2023\/08\/wolves_hd23.png\",\"width\":720,\"height\":405},{\"@type\":\"BreadcrumbList\",\"@id\":\"https:\/\/evertonfc.cz\/index.php\/2023\/08\/27\/everton-wolverhampton-01\/#breadcrumb\",\"itemListElement\":[{\"@type\":\"ListItem\",\"position\":1,\"name\":\"Home\",\"item\":\"https:\/\/evertonfc.cz\/\"},{\"@type\":\"ListItem\",\"position\":2,\"name\":\"Everton \u2013 Wolverhampton Wanderers 0:1\"}]},{\"@type\":\"WebSite\",\"@id\":\"https:\/\/evertonfc.cz\/#website\",\"url\":\"https:\/\/evertonfc.cz\/\",\"name\":\"Official Czech &amp; Slovak Everton Supporters&#039; Club\",\"description\":\"\",\"publisher\":{\"@id\":\"https:\/\/evertonfc.cz\/#organization\"},\"potentialAction\":[{\"@type\":\"SearchAction\",\"target\":{\"@type\":\"EntryPoint\",\"urlTemplate\":\"https:\/\/evertonfc.cz\/?s={search_term_string}\"},\"query-input\":{\"@type\":\"PropertyValueSpecification\",\"valueRequired\":true,\"valueName\":\"search_term_string\"}}],\"inLanguage\":\"cs\"},{\"@type\":\"Organization\",\"@id\":\"https:\/\/evertonfc.cz\/#organization\",\"name\":\"Official Czech & Slovak Everton Supporters' Club\",\"url\":\"https:\/\/evertonfc.cz\/\",\"logo\":{\"@type\":\"ImageObject\",\"inLanguage\":\"cs\",\"@id\":\"https:\/\/evertonfc.cz\/#\/schema\/logo\/image\/\",\"url\":\"https:\/\/evertonfc.cz\/wp-content\/uploads\/2019\/05\/logo.png\",\"contentUrl\":\"https:\/\/evertonfc.cz\/wp-content\/uploads\/2019\/05\/logo.png\",\"width\":112,\"height\":112,\"caption\":\"Official Czech & Slovak Everton Supporters' Club\"},\"image\":{\"@id\":\"https:\/\/evertonfc.cz\/#\/schema\/logo\/image\/\"},\"sameAs\":[\"https:\/\/www.facebook.com\/everton.fans.cz.sk\"]},{\"@type\":\"Person\",\"@id\":\"https:\/\/evertonfc.cz\/#\/schema\/person\/35904009755e8eaa0dc1a5f5f0419002\",\"name\":\"Fip\",\"url\":\"https:\/\/evertonfc.cz\/index.php\/author\/fip\/\"}]}<\/script>\n<!-- \/ Yoast SEO plugin. -->","yoast_head_json":{"title":"Everton \u2013 Wolverhampton Wanderers 0:1 - Official Czech &amp; Slovak Everton Supporters&#039; Club","robots":{"index":"index","follow":"follow","max-snippet":"max-snippet:-1","max-image-preview":"max-image-preview:large","max-video-preview":"max-video-preview:-1"},"canonical":"https:\/\/evertonfc.cz\/index.php\/2023\/08\/27\/everton-wolverhampton-01\/","og_locale":"cs_CZ","og_type":"article","og_title":"Everton \u2013 Wolverhampton Wanderers 0:1 - Official Czech &amp; Slovak Everton Supporters&#039; Club","og_description":"Po l\u00e9t\u011b jsou Wolves pova\u017eov\u00e1ni za ohro\u017een\u00fd druh, ale slab\u0161\u00ed kusy je\u0161t\u011b um\u00ed kousat. Toffees \u0161kr\u00e1bali, ale zuby m\u011bli slepen\u00e9 a po t\u0159ech kolech jsou na dvou nul\u00e1ch.","og_url":"https:\/\/evertonfc.cz\/index.php\/2023\/08\/27\/everton-wolverhampton-01\/","og_site_name":"Official Czech &amp; Slovak Everton Supporters&#039; Club","article_publisher":"https:\/\/www.facebook.com\/everton.fans.cz.sk","article_published_time":"2023-08-27T12:08:38+00:00","article_modified_time":"2023-08-27T16:55:28+00:00","og_image":[{"width":720,"height":405,"url":"https:\/\/evertonfc.cz\/wp-content\/uploads\/2023\/08\/wolves_hd23.png","type":"image\/png"}],"author":"Fip","twitter_card":"summary_large_image","twitter_misc":{"Napsal(a)":"Fip","Odhadovan\u00e1 doba \u010dten\u00ed":"6 minut"},"schema":{"@context":"https:\/\/schema.org","@graph":[{"@type":"Article","@id":"https:\/\/evertonfc.cz\/index.php\/2023\/08\/27\/everton-wolverhampton-01\/#article","isPartOf":{"@id":"https:\/\/evertonfc.cz\/index.php\/2023\/08\/27\/everton-wolverhampton-01\/"},"author":{"name":"Fip","@id":"https:\/\/evertonfc.cz\/#\/schema\/person\/35904009755e8eaa0dc1a5f5f0419002"},"headline":"Everton \u2013 Wolverhampton Wanderers 0:1","datePublished":"2023-08-27T12:08:38+00:00","dateModified":"2023-08-27T16:55:28+00:00","mainEntityOfPage":{"@id":"https:\/\/evertonfc.cz\/index.php\/2023\/08\/27\/everton-wolverhampton-01\/"},"wordCount":1244,"commentCount":12,"publisher":{"@id":"https:\/\/evertonfc.cz\/#organization"},"image":{"@id":"https:\/\/evertonfc.cz\/index.php\/2023\/08\/27\/everton-wolverhampton-01\/#primaryimage"},"thumbnailUrl":"https:\/\/evertonfc.cz\/wp-content\/uploads\/2023\/08\/wolves_hd23.png","articleSection":["Z\u00e1pasy"],"inLanguage":"cs","potentialAction":[{"@type":"CommentAction","name":"Comment","target":["https:\/\/evertonfc.cz\/index.php\/2023\/08\/27\/everton-wolverhampton-01\/#respond"]}]},{"@type":"WebPage","@id":"https:\/\/evertonfc.cz\/index.php\/2023\/08\/27\/everton-wolverhampton-01\/","url":"https:\/\/evertonfc.cz\/index.php\/2023\/08\/27\/everton-wolverhampton-01\/","name":"Everton \u2013 Wolverhampton Wanderers 0:1 - Official Czech &amp; Slovak Everton Supporters&#039; Club","isPartOf":{"@id":"https:\/\/evertonfc.cz\/#website"},"primaryImageOfPage":{"@id":"https:\/\/evertonfc.cz\/index.php\/2023\/08\/27\/everton-wolverhampton-01\/#primaryimage"},"image":{"@id":"https:\/\/evertonfc.cz\/index.php\/2023\/08\/27\/everton-wolverhampton-01\/#primaryimage"},"thumbnailUrl":"https:\/\/evertonfc.cz\/wp-content\/uploads\/2023\/08\/wolves_hd23.png","datePublished":"2023-08-27T12:08:38+00:00","dateModified":"2023-08-27T16:55:28+00:00","breadcrumb":{"@id":"https:\/\/evertonfc.cz\/index.php\/2023\/08\/27\/everton-wolverhampton-01\/#breadcrumb"},"inLanguage":"cs","potentialAction":[{"@type":"ReadAction","target":["https:\/\/evertonfc.cz\/index.php\/2023\/08\/27\/everton-wolverhampton-01\/"]}]},{"@type":"ImageObject","inLanguage":"cs","@id":"https:\/\/evertonfc.cz\/index.php\/2023\/08\/27\/everton-wolverhampton-01\/#primaryimage","url":"https:\/\/evertonfc.cz\/wp-content\/uploads\/2023\/08\/wolves_hd23.png","contentUrl":"https:\/\/evertonfc.cz\/wp-content\/uploads\/2023\/08\/wolves_hd23.png","width":720,"height":405},{"@type":"BreadcrumbList","@id":"https:\/\/evertonfc.cz\/index.php\/2023\/08\/27\/everton-wolverhampton-01\/#breadcrumb","itemListElement":[{"@type":"ListItem","position":1,"name":"Home","item":"https:\/\/evertonfc.cz\/"},{"@type":"ListItem","position":2,"name":"Everton \u2013 Wolverhampton Wanderers 0:1"}]},{"@type":"WebSite","@id":"https:\/\/evertonfc.cz\/#website","url":"https:\/\/evertonfc.cz\/","name":"Official Czech &amp; Slovak Everton Supporters&#039; Club","description":"","publisher":{"@id":"https:\/\/evertonfc.cz\/#organization"},"potentialAction":[{"@type":"SearchAction","target":{"@type":"EntryPoint","urlTemplate":"https:\/\/evertonfc.cz\/?s={search_term_string}"},"query-input":{"@type":"PropertyValueSpecification","valueRequired":true,"valueName":"search_term_string"}}],"inLanguage":"cs"},{"@type":"Organization","@id":"https:\/\/evertonfc.cz\/#organization","name":"Official Czech & Slovak Everton Supporters' Club","url":"https:\/\/evertonfc.cz\/","logo":{"@type":"ImageObject","inLanguage":"cs","@id":"https:\/\/evertonfc.cz\/#\/schema\/logo\/image\/","url":"https:\/\/evertonfc.cz\/wp-content\/uploads\/2019\/05\/logo.png","contentUrl":"https:\/\/evertonfc.cz\/wp-content\/uploads\/2019\/05\/logo.png","width":112,"height":112,"caption":"Official Czech & Slovak Everton Supporters' Club"},"image":{"@id":"https:\/\/evertonfc.cz\/#\/schema\/logo\/image\/"},"sameAs":["https:\/\/www.facebook.com\/everton.fans.cz.sk"]},{"@type":"Person","@id":"https:\/\/evertonfc.cz\/#\/schema\/person\/35904009755e8eaa0dc1a5f5f0419002","name":"Fip","url":"https:\/\/evertonfc.cz\/index.php\/author\/fip\/"}]}},"_links":{"self":[{"href":"https:\/\/evertonfc.cz\/index.php\/wp-json\/wp\/v2\/posts\/22490"}],"collection":[{"href":"https:\/\/evertonfc.cz\/index.php\/wp-json\/wp\/v2\/posts"}],"about":[{"href":"https:\/\/evertonfc.cz\/index.php\/wp-json\/wp\/v2\/types\/post"}],"author":[{"embeddable":true,"href":"https:\/\/evertonfc.cz\/index.php\/wp-json\/wp\/v2\/users\/10"}],"replies":[{"embeddable":true,"href":"https:\/\/evertonfc.cz\/index.php\/wp-json\/wp\/v2\/comments?post=22490"}],"version-history":[{"count":7,"href":"https:\/\/evertonfc.cz\/index.php\/wp-json\/wp\/v2\/posts\/22490\/revisions"}],"predecessor-version":[{"id":22498,"href":"https:\/\/evertonfc.cz\/index.php\/wp-json\/wp\/v2\/posts\/22490\/revisions\/22498"}],"wp:featuredmedia":[{"embeddable":true,"href":"https:\/\/evertonfc.cz\/index.php\/wp-json\/wp\/v2\/media\/22489"}],"wp:attachment":[{"href":"https:\/\/evertonfc.cz\/index.php\/wp-json\/wp\/v2\/media?parent=22490"}],"wp:term":[{"taxonomy":"category","embeddable":true,"href":"https:\/\/evertonfc.cz\/index.php\/wp-json\/wp\/v2\/categories?post=22490"},{"taxonomy":"post_tag","embeddable":true,"href":"https:\/\/evertonfc.cz\/index.php\/wp-json\/wp\/v2\/tags?post=22490"}],"curies":[{"name":"wp","href":"https:\/\/api.w.org\/{rel}","templated":true}]}}