{"id":22505,"date":"2023-08-29T15:45:14","date_gmt":"2023-08-29T13:45:14","guid":{"rendered":"https:\/\/evertonfc.cz\/?p=22505"},"modified":"2023-08-29T21:00:19","modified_gmt":"2023-08-29T19:00:19","slug":"vysnena-posila-do-utoku-beto","status":"publish","type":"post","link":"https:\/\/evertonfc.cz\/index.php\/2023\/08\/29\/vysnena-posila-do-utoku-beto\/","title":{"rendered":"Vysn\u011bn\u00e1 posila do \u00fatoku: Beto"},"content":{"rendered":"<h4>Nepochybn\u011b nebudu mluvit jen za sebe, kdy\u017e po p\u0159\u00edchodu \u00fato\u010dn\u00edka Beta ocituju slova slovensk\u00e9ho fotbalisty Stana Lobotky: <em>\u201eThis is my sen.\u201c<\/em><\/h4>\n<p>P\u0159estup 25let\u00e9ho hab\u00e1na vyvol\u00e1v\u00e1 mezi fanou\u0161ky Evertonu nad\u0161en\u00ed. A nen\u00ed se \u010demu divit. Toffees hledaj\u00ed spolehliv\u00e9ho st\u0159elce ji\u017e n\u011bkolik let. Mohlo by se \u0159\u00edci, \u017ee u\u017e \u0161est let od chv\u00edle, kdy Romelu Lukaku ode\u0161el do Manchesteru United.<\/p>\n<p>Beto p\u0159itom nen\u00ed g\u00f3lovou ma\u0161inou, kter\u00e1 nas\u00e1z\u00ed 30 branek za sez\u00f3nu. Ale pokud by dok\u00e1zal udr\u017eet sv\u016fj sez\u00f3nn\u00ed pr\u016fm\u011br 10 branek z Portugalska a It\u00e1lie, stal by se snad novodobou ikonou klubu. Tak &#8222;m\u00e1lo&#8220; sta\u010d\u00ed ke \u0161t\u011bst\u00ed.<\/p>\n<p>Co tak\u00e9 pot\u011b\u0161\u00ed, to je struktura p\u0159estupu. Everton zaplat\u00ed Udinese z\u00e1kladn\u00ed \u010d\u00e1stku ve v\u00fd\u0161i 21,4 milionu liber a dal\u0161\u00edch 4,2 milionu liber je v\u00e1z\u00e1no na v\u00fdkonnostn\u00ed bonusy. Prvn\u00ed spl\u00e1tka italsk\u00e9mu klub v\u0161ak prob\u011bhne a\u017e (!) v p\u0159\u00ed\u0161t\u00edm finan\u010dn\u00edm roce, co\u017e Toffees nyn\u00ed v l\u00e9t\u011b pom\u016f\u017ee p\u0159i p\u0159\u00edpadn\u00e9m n\u00e1kupu dal\u0161\u00edch hr\u00e1\u010d\u016f.<\/p>\n<p>Beto bude nosit dres s \u010d\u00edslem 14 a na Goodison Parku podepsal smlouvu do roku 2027. Po dokon\u010den\u00ed p\u0159estupu prohl\u00e1sil: <em>\u201eJsem nad\u0161en\u00fd. Everton o m\u011b projevil z\u00e1jem ji\u017e v lednu, a kdy\u017e se ozval znovu v l\u00e9t\u011b, nev\u00e1hal jsem. M\u00e1m pocit, \u017ee se mohu rychle zapadnout do t\u00fdmu a okam\u017eit\u011b pomoci k v\u00fdhr\u00e1m.\u201c<\/em><\/p>\n<p>Svou radost z nov\u00e9ho \u00fato\u010dn\u00edka neukr\u00fdval ani mana\u017eer Sean Dyche: <em>\u201eNa\u0161\u00edm c\u00edlem bylo pos\u00edlit \u00fatok, a to se n\u00e1m poda\u0159ilo p\u0159\u00edchodem Beta. V posledn\u00edch dvou letech prok\u00e1zal svou schopnost v t\u011b\u017ek\u00e9 italsk\u00e9 lize. Z\u00edskali jsme siln\u00e9ho \u00fato\u010dn\u00edka, kter\u00fd um\u00ed dr\u017eet m\u00ed\u010d, kombinovat, vyhr\u00e1vat souboje, tvrd\u011b pracovat pro t\u00fdm a p\u0159edev\u0161\u00edm st\u0159\u00edlet g\u00f3ly.\u201c<\/em><\/p>\n<p>Cel\u00fdm jm\u00e9nem Norberto Bercique Gomes Betuncal m\u00e1 za sebou tvrd\u011b vyd\u0159enou kari\u00e9ru. V mlad\u00ed se sice na rok mihl v akademii slavn\u00e9 Benfiky, jinak ale hr\u00e1val za amatersk\u00fd celek Uni\u00e3o Tires, v jeho\u017e dresu je\u0161t\u011b ve 18 nastupoval v p\u00e1t\u00e9 portugalsk\u00e9 lize a z\u00e1rove\u0148 pracoval ve fastfoodov\u00e9m \u0159et\u011bzci KFC.<\/p>\n<p>V roce 2018 ale p\u0159estoupil do t\u0159etiligov\u00e9ho klubu Ol\u00edmpico Montijo a jeho fotbalov\u00e1 kari\u00e9ra za\u010dala nab\u00edrat na obr\u00e1tk\u00e1ch. U\u017e po jedn\u00e9 sez\u00f3n\u011b si vyslou\u017eil p\u0159estup do prvoligov\u00e9ho Portimonense, kde po p\u016flro\u010dn\u00ed adaptaci za\u017eil sv\u016fj prolomov\u00fd ro\u010dn\u00edk s 11 vst\u0159elen\u00fdmi brankami. Tehdy 23let\u00fd rod\u00e1k z Lisabonu se v l\u00e9t\u011b 2021 stal \u017e\u00e1dan\u00fdm talentem, jeho\u017e nakonec z\u00edskalo italsk\u00e9 Udinese na ro\u010dn\u00ed hostov\u00e1n\u00ed s povinnou opci na trval\u00fd p\u0159estup ve v\u00fd\u0161i 10 milion\u016f eur.<\/p>\n<p>V italsk\u00e9 lize se vyt\u00e1hl\u00fd \u00fato\u010dn\u00edk s ko\u0159eny v africk\u00e9 Guineji-Bissau rychle aklimatizoval a ve sv\u00e9 prvn\u00ed sez\u00f3n\u011b vst\u0159elil 11 branek, aby v n\u00e1sleduj\u00edc\u00edm ro\u010dn\u00edku 2022\/23 nav\u00e1zal deseti g\u00f3ly. To u\u017e mu sta\u010dilo k vysn\u011bn\u00e9mu p\u0159estupu do Premier League a do Everton, kde p\u016fsobili jeho vzory Samuel Eto\u2019o a Romelu Lukaku.<\/p>\n<p>Beto je ji\u017e p\u00e1tou letn\u00ed posilou Evertonu, p\u0159ipojil se k Ashley Youngovi, Arnautu Danjumovi, Youssefu Chermitimu a Jacku Harrisonovi.<\/p>\n<div class=\"single-entry-summary\">\n<div class=\"wprt-container\">\n<p style=\"text-align: right;\"><span style=\"font-size: 8pt;\">(foto zdroj: evertonfc.com)<\/span><\/p>\n<\/div>\n<\/div>\n","protected":false},"excerpt":{"rendered":"<p>Nepochybn\u011b nebudu mluvit jen za sebe, kdy\u017e po p\u0159\u00edchodu \u00fato\u010dn\u00edka Beta ocituju slova slovensk\u00e9ho fotbalisty Stana Lobotky: \u201eThis is my sen.\u201c<\/p>\n","protected":false},"author":6,"featured_media":22504,"comment_status":"open","ping_status":"closed","sticky":false,"template":"","format":"standard","meta":{"_eb_attr":"","_monsterinsights_skip_tracking":false,"_monsterinsights_sitenote_active":false,"_monsterinsights_sitenote_note":"","_monsterinsights_sitenote_category":0,"footnotes":""},"categories":[41],"tags":[],"yoast_head":"<!-- This site is optimized with the Yoast SEO plugin v23.4 - https:\/\/yoast.com\/wordpress\/plugins\/seo\/ -->\n<title>Vysn\u011bn\u00e1 posila do \u00fatoku: Beto - Official Czech &amp; Slovak Everton Supporters&#039; Club<\/title>\n<meta name=\"description\" content=\"Nepochybn\u011b nebudu mluvit jen za sebe, kdy\u017e po p\u0159\u00edchodu \u00fato\u010dn\u00edka Beta ocituju slova slovensk\u00e9ho fotbalisty Stana Lobotky: \u201eThis is my sen.\u201c\" \/>\n<meta name=\"robots\" content=\"index, follow, max-snippet:-1, max-image-preview:large, max-video-preview:-1\" \/>\n<link rel=\"canonical\" href=\"https:\/\/evertonfc.cz\/index.php\/2023\/08\/29\/vysnena-posila-do-utoku-beto\/\" \/>\n<meta property=\"og:locale\" content=\"cs_CZ\" \/>\n<meta property=\"og:type\" content=\"article\" \/>\n<meta property=\"og:title\" content=\"Vysn\u011bn\u00e1 posila do \u00fatoku: Beto - Official Czech &amp; Slovak Everton Supporters&#039; Club\" \/>\n<meta property=\"og:description\" content=\"Nepochybn\u011b nebudu mluvit jen za sebe, kdy\u017e po p\u0159\u00edchodu \u00fato\u010dn\u00edka Beta ocituju slova slovensk\u00e9ho fotbalisty Stana Lobotky: \u201eThis is my sen.\u201c\" \/>\n<meta property=\"og:url\" content=\"https:\/\/evertonfc.cz\/index.php\/2023\/08\/29\/vysnena-posila-do-utoku-beto\/\" \/>\n<meta property=\"og:site_name\" content=\"Official Czech &amp; Slovak Everton Supporters&#039; Club\" \/>\n<meta property=\"article:publisher\" content=\"https:\/\/www.facebook.com\/everton.fans.cz.sk\" \/>\n<meta property=\"article:published_time\" content=\"2023-08-29T13:45:14+00:00\" \/>\n<meta property=\"article:modified_time\" content=\"2023-08-29T19:00:19+00:00\" \/>\n<meta property=\"og:image\" content=\"https:\/\/evertonfc.cz\/wp-content\/uploads\/2023\/08\/beto_29_8_2023.jpeg\" \/>\n\t<meta property=\"og:image:width\" content=\"720\" \/>\n\t<meta property=\"og:image:height\" content=\"405\" \/>\n\t<meta property=\"og:image:type\" content=\"image\/jpeg\" \/>\n<meta name=\"author\" content=\"Ri\u010di\" \/>\n<meta name=\"twitter:card\" content=\"summary_large_image\" \/>\n<meta name=\"twitter:creator\" content=\"@rbrejsa\" \/>\n<meta name=\"twitter:label1\" content=\"Napsal(a)\" \/>\n\t<meta name=\"twitter:data1\" content=\"Ri\u010di\" \/>\n\t<meta name=\"twitter:label2\" content=\"Odhadovan\u00e1 doba \u010dten\u00ed\" \/>\n\t<meta name=\"twitter:data2\" content=\"3 minuty\" \/>\n<script type=\"application\/ld+json\" class=\"yoast-schema-graph\">{\"@context\":\"https:\/\/schema.org\",\"@graph\":[{\"@type\":\"Article\",\"@id\":\"https:\/\/evertonfc.cz\/index.php\/2023\/08\/29\/vysnena-posila-do-utoku-beto\/#article\",\"isPartOf\":{\"@id\":\"https:\/\/evertonfc.cz\/index.php\/2023\/08\/29\/vysnena-posila-do-utoku-beto\/\"},\"author\":{\"name\":\"Ri\u010di\",\"@id\":\"https:\/\/evertonfc.cz\/#\/schema\/person\/f7a5daedb2ffee98480bc70e191aaef1\"},\"headline\":\"Vysn\u011bn\u00e1 posila do \u00fatoku: Beto\",\"datePublished\":\"2023-08-29T13:45:14+00:00\",\"dateModified\":\"2023-08-29T19:00:19+00:00\",\"mainEntityOfPage\":{\"@id\":\"https:\/\/evertonfc.cz\/index.php\/2023\/08\/29\/vysnena-posila-do-utoku-beto\/\"},\"wordCount\":585,\"commentCount\":3,\"publisher\":{\"@id\":\"https:\/\/evertonfc.cz\/#organization\"},\"image\":{\"@id\":\"https:\/\/evertonfc.cz\/index.php\/2023\/08\/29\/vysnena-posila-do-utoku-beto\/#primaryimage\"},\"thumbnailUrl\":\"https:\/\/evertonfc.cz\/wp-content\/uploads\/2023\/08\/beto_29_8_2023.jpeg\",\"articleSection\":[\"P\u0159estupy\"],\"inLanguage\":\"cs\",\"potentialAction\":[{\"@type\":\"CommentAction\",\"name\":\"Comment\",\"target\":[\"https:\/\/evertonfc.cz\/index.php\/2023\/08\/29\/vysnena-posila-do-utoku-beto\/#respond\"]}]},{\"@type\":\"WebPage\",\"@id\":\"https:\/\/evertonfc.cz\/index.php\/2023\/08\/29\/vysnena-posila-do-utoku-beto\/\",\"url\":\"https:\/\/evertonfc.cz\/index.php\/2023\/08\/29\/vysnena-posila-do-utoku-beto\/\",\"name\":\"Vysn\u011bn\u00e1 posila do \u00fatoku: Beto - Official Czech &amp; Slovak Everton Supporters&#039; Club\",\"isPartOf\":{\"@id\":\"https:\/\/evertonfc.cz\/#website\"},\"primaryImageOfPage\":{\"@id\":\"https:\/\/evertonfc.cz\/index.php\/2023\/08\/29\/vysnena-posila-do-utoku-beto\/#primaryimage\"},\"image\":{\"@id\":\"https:\/\/evertonfc.cz\/index.php\/2023\/08\/29\/vysnena-posila-do-utoku-beto\/#primaryimage\"},\"thumbnailUrl\":\"https:\/\/evertonfc.cz\/wp-content\/uploads\/2023\/08\/beto_29_8_2023.jpeg\",\"datePublished\":\"2023-08-29T13:45:14+00:00\",\"dateModified\":\"2023-08-29T19:00:19+00:00\",\"description\":\"Nepochybn\u011b nebudu mluvit jen za sebe, kdy\u017e po p\u0159\u00edchodu \u00fato\u010dn\u00edka Beta ocituju slova slovensk\u00e9ho fotbalisty Stana Lobotky: \u201eThis is my sen.\u201c\",\"breadcrumb\":{\"@id\":\"https:\/\/evertonfc.cz\/index.php\/2023\/08\/29\/vysnena-posila-do-utoku-beto\/#breadcrumb\"},\"inLanguage\":\"cs\",\"potentialAction\":[{\"@type\":\"ReadAction\",\"target\":[\"https:\/\/evertonfc.cz\/index.php\/2023\/08\/29\/vysnena-posila-do-utoku-beto\/\"]}]},{\"@type\":\"ImageObject\",\"inLanguage\":\"cs\",\"@id\":\"https:\/\/evertonfc.cz\/index.php\/2023\/08\/29\/vysnena-posila-do-utoku-beto\/#primaryimage\",\"url\":\"https:\/\/evertonfc.cz\/wp-content\/uploads\/2023\/08\/beto_29_8_2023.jpeg\",\"contentUrl\":\"https:\/\/evertonfc.cz\/wp-content\/uploads\/2023\/08\/beto_29_8_2023.jpeg\",\"width\":720,\"height\":405},{\"@type\":\"BreadcrumbList\",\"@id\":\"https:\/\/evertonfc.cz\/index.php\/2023\/08\/29\/vysnena-posila-do-utoku-beto\/#breadcrumb\",\"itemListElement\":[{\"@type\":\"ListItem\",\"position\":1,\"name\":\"Home\",\"item\":\"https:\/\/evertonfc.cz\/\"},{\"@type\":\"ListItem\",\"position\":2,\"name\":\"Vysn\u011bn\u00e1 posila do \u00fatoku: Beto\"}]},{\"@type\":\"WebSite\",\"@id\":\"https:\/\/evertonfc.cz\/#website\",\"url\":\"https:\/\/evertonfc.cz\/\",\"name\":\"Official Czech &amp; Slovak Everton Supporters&#039; Club\",\"description\":\"\",\"publisher\":{\"@id\":\"https:\/\/evertonfc.cz\/#organization\"},\"potentialAction\":[{\"@type\":\"SearchAction\",\"target\":{\"@type\":\"EntryPoint\",\"urlTemplate\":\"https:\/\/evertonfc.cz\/?s={search_term_string}\"},\"query-input\":{\"@type\":\"PropertyValueSpecification\",\"valueRequired\":true,\"valueName\":\"search_term_string\"}}],\"inLanguage\":\"cs\"},{\"@type\":\"Organization\",\"@id\":\"https:\/\/evertonfc.cz\/#organization\",\"name\":\"Official Czech & Slovak Everton Supporters' Club\",\"url\":\"https:\/\/evertonfc.cz\/\",\"logo\":{\"@type\":\"ImageObject\",\"inLanguage\":\"cs\",\"@id\":\"https:\/\/evertonfc.cz\/#\/schema\/logo\/image\/\",\"url\":\"https:\/\/evertonfc.cz\/wp-content\/uploads\/2019\/05\/logo.png\",\"contentUrl\":\"https:\/\/evertonfc.cz\/wp-content\/uploads\/2019\/05\/logo.png\",\"width\":112,\"height\":112,\"caption\":\"Official Czech & Slovak Everton Supporters' Club\"},\"image\":{\"@id\":\"https:\/\/evertonfc.cz\/#\/schema\/logo\/image\/\"},\"sameAs\":[\"https:\/\/www.facebook.com\/everton.fans.cz.sk\"]},{\"@type\":\"Person\",\"@id\":\"https:\/\/evertonfc.cz\/#\/schema\/person\/f7a5daedb2ffee98480bc70e191aaef1\",\"name\":\"Ri\u010di\",\"sameAs\":[\"https:\/\/x.com\/rbrejsa\"],\"url\":\"https:\/\/evertonfc.cz\/index.php\/author\/rici\/\"}]}<\/script>\n<!-- \/ Yoast SEO plugin. -->","yoast_head_json":{"title":"Vysn\u011bn\u00e1 posila do \u00fatoku: Beto - Official Czech &amp; Slovak Everton Supporters&#039; Club","description":"Nepochybn\u011b nebudu mluvit jen za sebe, kdy\u017e po p\u0159\u00edchodu \u00fato\u010dn\u00edka Beta ocituju slova slovensk\u00e9ho fotbalisty Stana Lobotky: \u201eThis is my sen.\u201c","robots":{"index":"index","follow":"follow","max-snippet":"max-snippet:-1","max-image-preview":"max-image-preview:large","max-video-preview":"max-video-preview:-1"},"canonical":"https:\/\/evertonfc.cz\/index.php\/2023\/08\/29\/vysnena-posila-do-utoku-beto\/","og_locale":"cs_CZ","og_type":"article","og_title":"Vysn\u011bn\u00e1 posila do \u00fatoku: Beto - Official Czech &amp; Slovak Everton Supporters&#039; Club","og_description":"Nepochybn\u011b nebudu mluvit jen za sebe, kdy\u017e po p\u0159\u00edchodu \u00fato\u010dn\u00edka Beta ocituju slova slovensk\u00e9ho fotbalisty Stana Lobotky: \u201eThis is my sen.\u201c","og_url":"https:\/\/evertonfc.cz\/index.php\/2023\/08\/29\/vysnena-posila-do-utoku-beto\/","og_site_name":"Official Czech &amp; Slovak Everton Supporters&#039; Club","article_publisher":"https:\/\/www.facebook.com\/everton.fans.cz.sk","article_published_time":"2023-08-29T13:45:14+00:00","article_modified_time":"2023-08-29T19:00:19+00:00","og_image":[{"width":720,"height":405,"url":"https:\/\/evertonfc.cz\/wp-content\/uploads\/2023\/08\/beto_29_8_2023.jpeg","type":"image\/jpeg"}],"author":"Ri\u010di","twitter_card":"summary_large_image","twitter_creator":"@rbrejsa","twitter_misc":{"Napsal(a)":"Ri\u010di","Odhadovan\u00e1 doba \u010dten\u00ed":"3 minuty"},"schema":{"@context":"https:\/\/schema.org","@graph":[{"@type":"Article","@id":"https:\/\/evertonfc.cz\/index.php\/2023\/08\/29\/vysnena-posila-do-utoku-beto\/#article","isPartOf":{"@id":"https:\/\/evertonfc.cz\/index.php\/2023\/08\/29\/vysnena-posila-do-utoku-beto\/"},"author":{"name":"Ri\u010di","@id":"https:\/\/evertonfc.cz\/#\/schema\/person\/f7a5daedb2ffee98480bc70e191aaef1"},"headline":"Vysn\u011bn\u00e1 posila do \u00fatoku: Beto","datePublished":"2023-08-29T13:45:14+00:00","dateModified":"2023-08-29T19:00:19+00:00","mainEntityOfPage":{"@id":"https:\/\/evertonfc.cz\/index.php\/2023\/08\/29\/vysnena-posila-do-utoku-beto\/"},"wordCount":585,"commentCount":3,"publisher":{"@id":"https:\/\/evertonfc.cz\/#organization"},"image":{"@id":"https:\/\/evertonfc.cz\/index.php\/2023\/08\/29\/vysnena-posila-do-utoku-beto\/#primaryimage"},"thumbnailUrl":"https:\/\/evertonfc.cz\/wp-content\/uploads\/2023\/08\/beto_29_8_2023.jpeg","articleSection":["P\u0159estupy"],"inLanguage":"cs","potentialAction":[{"@type":"CommentAction","name":"Comment","target":["https:\/\/evertonfc.cz\/index.php\/2023\/08\/29\/vysnena-posila-do-utoku-beto\/#respond"]}]},{"@type":"WebPage","@id":"https:\/\/evertonfc.cz\/index.php\/2023\/08\/29\/vysnena-posila-do-utoku-beto\/","url":"https:\/\/evertonfc.cz\/index.php\/2023\/08\/29\/vysnena-posila-do-utoku-beto\/","name":"Vysn\u011bn\u00e1 posila do \u00fatoku: Beto - Official Czech &amp; Slovak Everton Supporters&#039; Club","isPartOf":{"@id":"https:\/\/evertonfc.cz\/#website"},"primaryImageOfPage":{"@id":"https:\/\/evertonfc.cz\/index.php\/2023\/08\/29\/vysnena-posila-do-utoku-beto\/#primaryimage"},"image":{"@id":"https:\/\/evertonfc.cz\/index.php\/2023\/08\/29\/vysnena-posila-do-utoku-beto\/#primaryimage"},"thumbnailUrl":"https:\/\/evertonfc.cz\/wp-content\/uploads\/2023\/08\/beto_29_8_2023.jpeg","datePublished":"2023-08-29T13:45:14+00:00","dateModified":"2023-08-29T19:00:19+00:00","description":"Nepochybn\u011b nebudu mluvit jen za sebe, kdy\u017e po p\u0159\u00edchodu \u00fato\u010dn\u00edka Beta ocituju slova slovensk\u00e9ho fotbalisty Stana Lobotky: \u201eThis is my sen.\u201c","breadcrumb":{"@id":"https:\/\/evertonfc.cz\/index.php\/2023\/08\/29\/vysnena-posila-do-utoku-beto\/#breadcrumb"},"inLanguage":"cs","potentialAction":[{"@type":"ReadAction","target":["https:\/\/evertonfc.cz\/index.php\/2023\/08\/29\/vysnena-posila-do-utoku-beto\/"]}]},{"@type":"ImageObject","inLanguage":"cs","@id":"https:\/\/evertonfc.cz\/index.php\/2023\/08\/29\/vysnena-posila-do-utoku-beto\/#primaryimage","url":"https:\/\/evertonfc.cz\/wp-content\/uploads\/2023\/08\/beto_29_8_2023.jpeg","contentUrl":"https:\/\/evertonfc.cz\/wp-content\/uploads\/2023\/08\/beto_29_8_2023.jpeg","width":720,"height":405},{"@type":"BreadcrumbList","@id":"https:\/\/evertonfc.cz\/index.php\/2023\/08\/29\/vysnena-posila-do-utoku-beto\/#breadcrumb","itemListElement":[{"@type":"ListItem","position":1,"name":"Home","item":"https:\/\/evertonfc.cz\/"},{"@type":"ListItem","position":2,"name":"Vysn\u011bn\u00e1 posila do \u00fatoku: Beto"}]},{"@type":"WebSite","@id":"https:\/\/evertonfc.cz\/#website","url":"https:\/\/evertonfc.cz\/","name":"Official Czech &amp; Slovak Everton Supporters&#039; Club","description":"","publisher":{"@id":"https:\/\/evertonfc.cz\/#organization"},"potentialAction":[{"@type":"SearchAction","target":{"@type":"EntryPoint","urlTemplate":"https:\/\/evertonfc.cz\/?s={search_term_string}"},"query-input":{"@type":"PropertyValueSpecification","valueRequired":true,"valueName":"search_term_string"}}],"inLanguage":"cs"},{"@type":"Organization","@id":"https:\/\/evertonfc.cz\/#organization","name":"Official Czech & Slovak Everton Supporters' Club","url":"https:\/\/evertonfc.cz\/","logo":{"@type":"ImageObject","inLanguage":"cs","@id":"https:\/\/evertonfc.cz\/#\/schema\/logo\/image\/","url":"https:\/\/evertonfc.cz\/wp-content\/uploads\/2019\/05\/logo.png","contentUrl":"https:\/\/evertonfc.cz\/wp-content\/uploads\/2019\/05\/logo.png","width":112,"height":112,"caption":"Official Czech & Slovak Everton Supporters' Club"},"image":{"@id":"https:\/\/evertonfc.cz\/#\/schema\/logo\/image\/"},"sameAs":["https:\/\/www.facebook.com\/everton.fans.cz.sk"]},{"@type":"Person","@id":"https:\/\/evertonfc.cz\/#\/schema\/person\/f7a5daedb2ffee98480bc70e191aaef1","name":"Ri\u010di","sameAs":["https:\/\/x.com\/rbrejsa"],"url":"https:\/\/evertonfc.cz\/index.php\/author\/rici\/"}]}},"_links":{"self":[{"href":"https:\/\/evertonfc.cz\/index.php\/wp-json\/wp\/v2\/posts\/22505"}],"collection":[{"href":"https:\/\/evertonfc.cz\/index.php\/wp-json\/wp\/v2\/posts"}],"about":[{"href":"https:\/\/evertonfc.cz\/index.php\/wp-json\/wp\/v2\/types\/post"}],"author":[{"embeddable":true,"href":"https:\/\/evertonfc.cz\/index.php\/wp-json\/wp\/v2\/users\/6"}],"replies":[{"embeddable":true,"href":"https:\/\/evertonfc.cz\/index.php\/wp-json\/wp\/v2\/comments?post=22505"}],"version-history":[{"count":19,"href":"https:\/\/evertonfc.cz\/index.php\/wp-json\/wp\/v2\/posts\/22505\/revisions"}],"predecessor-version":[{"id":22529,"href":"https:\/\/evertonfc.cz\/index.php\/wp-json\/wp\/v2\/posts\/22505\/revisions\/22529"}],"wp:featuredmedia":[{"embeddable":true,"href":"https:\/\/evertonfc.cz\/index.php\/wp-json\/wp\/v2\/media\/22504"}],"wp:attachment":[{"href":"https:\/\/evertonfc.cz\/index.php\/wp-json\/wp\/v2\/media?parent=22505"}],"wp:term":[{"taxonomy":"category","embeddable":true,"href":"https:\/\/evertonfc.cz\/index.php\/wp-json\/wp\/v2\/categories?post=22505"},{"taxonomy":"post_tag","embeddable":true,"href":"https:\/\/evertonfc.cz\/index.php\/wp-json\/wp\/v2\/tags?post=22505"}],"curies":[{"name":"wp","href":"https:\/\/api.w.org\/{rel}","templated":true}]}}