{"id":2251,"date":"2018-01-17T18:21:02","date_gmt":"2018-01-17T17:21:02","guid":{"rendered":"http:\/\/evertonfc.cz\/?p=2251"},"modified":"2019-02-05T18:23:08","modified_gmt":"2019-02-05T17:23:08","slug":"stred-lednoveho-prestupoveho-obdobi-prichazi-walcott","status":"publish","type":"post","link":"https:\/\/evertonfc.cz\/index.php\/2018\/01\/17\/stred-lednoveho-prestupoveho-obdobi-prichazi-walcott\/","title":{"rendered":"St\u0159ed lednov\u00e9ho p\u0159estupov\u00e9ho obdob\u00ed \u2013 p\u0159ich\u00e1z\u00ed Walcott"},"content":{"rendered":"\n<h4 class=\"wp-block-heading\">Hr\u00e1\u010d Arsenalu dal p\u0159ednost n\u00e1m p\u0159ed Southamptonem, jeho\u017e odchovancem je.<\/h4>\n\n\n\n<p>Dnes Everton z\u00edskal druhou posilu. Z Arsenalu p\u0159ich\u00e1z\u00ed pos\u00edlit karamelky Theo Walcott, kter\u00fd hraje prim\u00e1rn\u011b k\u0159\u00eddlo, ale m\u016f\u017ee zasko\u010dit i v \u00fatoku. \u010c\u00e1stka za p\u0159estup je 20 milion\u016f liber (\u010di mo\u017en\u00e1 trochu v\u00edce) a smlouva byla podeps\u00e1na na 3,5 roku. Walcott bude nosit dres \u010d\u00edslo 11, kter\u00fd uvolnil odchodem na \u0159eck\u00e9 hostov\u00e1n\u00ed Mirallas.<\/p>\n\n\n\n<p>P\u0159esto\u017ee Walcott v lo\u0148sk\u00e9 sez\u00f3n\u011b nast\u0159\u00edlel 19 sout\u011b\u017en\u00edch branek, v posledn\u00edch m\u011bs\u00edc\u00edch se na Emirates Stadium net\u011b\u0161il d\u016fv\u011b\u0159e, mana\u017eer Ars\u00e8ne Wenger mu start v z\u00e1kladn\u00ed sestav\u011b v Premier naposledy dop\u0159\u00e1l v dubnu. Odchod tak nikoho nep\u0159ekvapil.<\/p>\n\n\n\n<p>Celkem za Gunners od p\u0159esunu z jihu Anglie v roce 2005 odehr\u00e1l 270 ligov\u00fdch utk\u00e1n\u00edch, v nich\u017e zaznamenal 65 g\u00f3l\u016f a 43 asistenc\u00ed. V klubov\u00fdch tabulk\u00e1ch st\u0159elc\u016f i nahrava\u010d\u016f v \u00e9\u0159e Premier League se t\u00edm \u0159ad\u00ed na p\u00e1t\u00e9 m\u00edsto. Z&nbsp;trofej\u00ed pozvedl nad hlavu hned t\u0159ikr\u00e1t FA Cup.<\/p>\n\n\n\n<p>V Evertonu hodl\u00e1 28let\u00fd rychl\u00edk op\u011bt pravideln\u011b nastupovat a vr\u00e1tit se do anglick\u00e9 reprezentace, v n\u00ed\u017e absentuje od mistrovstv\u00ed Evropy 2016. Nominace na letn\u00ed mistrovstv\u00ed sv\u011bta v Rusku jist\u011b p\u0159edstavuje velkou motivaci.<\/p>\n\n\n\n<p><em>\u201eDo Evertonu jsem cht\u011bl p\u0159ij\u00edt, proto\u017ee jedn\u00e1 se o velmi ambici\u00f3zn\u00ed celek, kter\u00fd by r\u00e1d prorazil do vy\u0161\u0161\u00edch pater tabulky. Nav\u00edc se v p\u0159\u00ed\u0161t\u00edch letech bude st\u011bhovat na nov\u00fd stadium. Everton \u010dekaj\u00ed vzru\u0161uj\u00edc\u00ed \u010dasy. Z osobn\u00edho hlediska jsem pln\u00fd o\u010dek\u00e1v\u00e1n\u00ed za\u010d\u00edt novou kapitolu, mysl\u00edm, \u017ee jsem si vybral spr\u00e1vn\u00e9 m\u00edsto. Jsem p\u0159ipraven\u00fd pracovat na sto procent a uk\u00e1zat, co ve m\u011b v\u011bz\u00ed,\u201c <\/em>prozradil Walcott.<\/p>\n\n\n\n<p>Spokojenost s p\u0159estupem neskr\u00fdval ani mana\u017eer Toffees Sam Allardyce:\u00a0<em>\u201eZ\u00e1jem m\u011blo i n\u011bkolik jin\u00fdch klub\u016f, ale misky vah na na\u0161i stranu p\u0159ev\u00e1\u017eily na\u0161e ambice. Theo tou\u017e\u00ed b\u00fdt sou\u010d\u00e1st\u00ed \u00fasp\u011b\u0161n\u00e9ho klubu. V 28 letech ji\u017e stihl odehr\u00e1t 47 z\u00e1pas\u016f za reprezentaci, jedn\u00e1 se o zku\u0161en\u00e9ho hr\u00e1\u010de, kter\u00fd hledal \u010derstv\u00fd impuls v kari\u00e9\u0159e. Arsenal nyn\u00ed s\u00e1z\u00ed na formaci s wing-backy, tud\u00ed\u017e pro Thea nebylo m\u00edsto v t\u00fdmu. Jsem velmi r\u00e1d, \u017ee se n\u00e1m poda\u0159ilo transfer realizovat. Jeho osobn\u00ed statistiky jsou skv\u011bl\u00e9, na vrcholu kari\u00e9ry m\u016f\u017ee b\u00fdt dal\u0161\u00ed t\u0159i roky.\u201c<\/em><br><\/p>\n","protected":false},"excerpt":{"rendered":"<p>Hr\u00e1\u010d Arsenalu dal p\u0159ednost n\u00e1m p\u0159ed Southamptonem, jeho\u017e odchovancem je. Dnes Everton z\u00edskal druhou posilu. Z Arsenalu p\u0159ich\u00e1z\u00ed pos\u00edlit karamelky&hellip;<\/p>\n","protected":false},"author":12,"featured_media":1316,"comment_status":"open","ping_status":"closed","sticky":false,"template":"","format":"standard","meta":{"_eb_attr":"","_monsterinsights_skip_tracking":false,"_monsterinsights_sitenote_active":false,"_monsterinsights_sitenote_note":"","_monsterinsights_sitenote_category":0,"footnotes":""},"categories":[41],"tags":[],"yoast_head":"<!-- This site is optimized with the Yoast SEO plugin v23.4 - https:\/\/yoast.com\/wordpress\/plugins\/seo\/ -->\n<title>St\u0159ed lednov\u00e9ho p\u0159estupov\u00e9ho obdob\u00ed \u2013 p\u0159ich\u00e1z\u00ed Walcott - Official Czech &amp; Slovak Everton Supporters&#039; Club<\/title>\n<meta name=\"robots\" content=\"index, follow, max-snippet:-1, max-image-preview:large, max-video-preview:-1\" \/>\n<link rel=\"canonical\" href=\"https:\/\/evertonfc.cz\/index.php\/2018\/01\/17\/stred-lednoveho-prestupoveho-obdobi-prichazi-walcott\/\" \/>\n<meta property=\"og:locale\" content=\"cs_CZ\" \/>\n<meta property=\"og:type\" content=\"article\" \/>\n<meta property=\"og:title\" content=\"St\u0159ed lednov\u00e9ho p\u0159estupov\u00e9ho obdob\u00ed \u2013 p\u0159ich\u00e1z\u00ed Walcott - Official Czech &amp; Slovak Everton Supporters&#039; Club\" \/>\n<meta property=\"og:description\" content=\"Hr\u00e1\u010d Arsenalu dal p\u0159ednost n\u00e1m p\u0159ed Southamptonem, jeho\u017e odchovancem je. Dnes Everton z\u00edskal druhou posilu. Z Arsenalu p\u0159ich\u00e1z\u00ed pos\u00edlit karamelky&hellip;\" \/>\n<meta property=\"og:url\" content=\"https:\/\/evertonfc.cz\/index.php\/2018\/01\/17\/stred-lednoveho-prestupoveho-obdobi-prichazi-walcott\/\" \/>\n<meta property=\"og:site_name\" content=\"Official Czech &amp; Slovak Everton Supporters&#039; Club\" \/>\n<meta property=\"article:publisher\" content=\"https:\/\/www.facebook.com\/everton.fans.cz.sk\" \/>\n<meta property=\"article:published_time\" content=\"2018-01-17T17:21:02+00:00\" \/>\n<meta property=\"article:modified_time\" content=\"2019-02-05T17:23:08+00:00\" \/>\n<meta property=\"og:image\" content=\"https:\/\/evertonfc.cz\/wp-content\/uploads\/2019\/01\/transfer.jpg\" \/>\n\t<meta property=\"og:image:width\" content=\"720\" \/>\n\t<meta property=\"og:image:height\" content=\"405\" \/>\n\t<meta property=\"og:image:type\" content=\"image\/jpeg\" \/>\n<meta name=\"author\" content=\"Javor\" \/>\n<meta name=\"twitter:card\" content=\"summary_large_image\" \/>\n<meta name=\"twitter:creator\" content=\"@LoudinJan\" \/>\n<meta name=\"twitter:label1\" content=\"Napsal(a)\" \/>\n\t<meta name=\"twitter:data1\" content=\"Javor\" \/>\n\t<meta name=\"twitter:label2\" content=\"Odhadovan\u00e1 doba \u010dten\u00ed\" \/>\n\t<meta name=\"twitter:data2\" content=\"2 minuty\" \/>\n<script type=\"application\/ld+json\" class=\"yoast-schema-graph\">{\"@context\":\"https:\/\/schema.org\",\"@graph\":[{\"@type\":\"Article\",\"@id\":\"https:\/\/evertonfc.cz\/index.php\/2018\/01\/17\/stred-lednoveho-prestupoveho-obdobi-prichazi-walcott\/#article\",\"isPartOf\":{\"@id\":\"https:\/\/evertonfc.cz\/index.php\/2018\/01\/17\/stred-lednoveho-prestupoveho-obdobi-prichazi-walcott\/\"},\"author\":{\"name\":\"Javor\",\"@id\":\"https:\/\/evertonfc.cz\/#\/schema\/person\/b30daf6a5852f4811f8207a17ec1bf78\"},\"headline\":\"St\u0159ed lednov\u00e9ho p\u0159estupov\u00e9ho obdob\u00ed \u2013 p\u0159ich\u00e1z\u00ed Walcott\",\"datePublished\":\"2018-01-17T17:21:02+00:00\",\"dateModified\":\"2019-02-05T17:23:08+00:00\",\"mainEntityOfPage\":{\"@id\":\"https:\/\/evertonfc.cz\/index.php\/2018\/01\/17\/stred-lednoveho-prestupoveho-obdobi-prichazi-walcott\/\"},\"wordCount\":442,\"commentCount\":0,\"publisher\":{\"@id\":\"https:\/\/evertonfc.cz\/#organization\"},\"image\":{\"@id\":\"https:\/\/evertonfc.cz\/index.php\/2018\/01\/17\/stred-lednoveho-prestupoveho-obdobi-prichazi-walcott\/#primaryimage\"},\"thumbnailUrl\":\"https:\/\/evertonfc.cz\/wp-content\/uploads\/2019\/01\/transfer.jpg\",\"articleSection\":[\"P\u0159estupy\"],\"inLanguage\":\"cs\",\"potentialAction\":[{\"@type\":\"CommentAction\",\"name\":\"Comment\",\"target\":[\"https:\/\/evertonfc.cz\/index.php\/2018\/01\/17\/stred-lednoveho-prestupoveho-obdobi-prichazi-walcott\/#respond\"]}]},{\"@type\":\"WebPage\",\"@id\":\"https:\/\/evertonfc.cz\/index.php\/2018\/01\/17\/stred-lednoveho-prestupoveho-obdobi-prichazi-walcott\/\",\"url\":\"https:\/\/evertonfc.cz\/index.php\/2018\/01\/17\/stred-lednoveho-prestupoveho-obdobi-prichazi-walcott\/\",\"name\":\"St\u0159ed lednov\u00e9ho p\u0159estupov\u00e9ho obdob\u00ed \u2013 p\u0159ich\u00e1z\u00ed Walcott - Official Czech &amp; Slovak Everton Supporters&#039; Club\",\"isPartOf\":{\"@id\":\"https:\/\/evertonfc.cz\/#website\"},\"primaryImageOfPage\":{\"@id\":\"https:\/\/evertonfc.cz\/index.php\/2018\/01\/17\/stred-lednoveho-prestupoveho-obdobi-prichazi-walcott\/#primaryimage\"},\"image\":{\"@id\":\"https:\/\/evertonfc.cz\/index.php\/2018\/01\/17\/stred-lednoveho-prestupoveho-obdobi-prichazi-walcott\/#primaryimage\"},\"thumbnailUrl\":\"https:\/\/evertonfc.cz\/wp-content\/uploads\/2019\/01\/transfer.jpg\",\"datePublished\":\"2018-01-17T17:21:02+00:00\",\"dateModified\":\"2019-02-05T17:23:08+00:00\",\"breadcrumb\":{\"@id\":\"https:\/\/evertonfc.cz\/index.php\/2018\/01\/17\/stred-lednoveho-prestupoveho-obdobi-prichazi-walcott\/#breadcrumb\"},\"inLanguage\":\"cs\",\"potentialAction\":[{\"@type\":\"ReadAction\",\"target\":[\"https:\/\/evertonfc.cz\/index.php\/2018\/01\/17\/stred-lednoveho-prestupoveho-obdobi-prichazi-walcott\/\"]}]},{\"@type\":\"ImageObject\",\"inLanguage\":\"cs\",\"@id\":\"https:\/\/evertonfc.cz\/index.php\/2018\/01\/17\/stred-lednoveho-prestupoveho-obdobi-prichazi-walcott\/#primaryimage\",\"url\":\"https:\/\/evertonfc.cz\/wp-content\/uploads\/2019\/01\/transfer.jpg\",\"contentUrl\":\"https:\/\/evertonfc.cz\/wp-content\/uploads\/2019\/01\/transfer.jpg\",\"width\":720,\"height\":405},{\"@type\":\"BreadcrumbList\",\"@id\":\"https:\/\/evertonfc.cz\/index.php\/2018\/01\/17\/stred-lednoveho-prestupoveho-obdobi-prichazi-walcott\/#breadcrumb\",\"itemListElement\":[{\"@type\":\"ListItem\",\"position\":1,\"name\":\"Home\",\"item\":\"https:\/\/evertonfc.cz\/\"},{\"@type\":\"ListItem\",\"position\":2,\"name\":\"St\u0159ed lednov\u00e9ho p\u0159estupov\u00e9ho obdob\u00ed \u2013 p\u0159ich\u00e1z\u00ed Walcott\"}]},{\"@type\":\"WebSite\",\"@id\":\"https:\/\/evertonfc.cz\/#website\",\"url\":\"https:\/\/evertonfc.cz\/\",\"name\":\"Official Czech &amp; Slovak Everton Supporters&#039; Club\",\"description\":\"\",\"publisher\":{\"@id\":\"https:\/\/evertonfc.cz\/#organization\"},\"potentialAction\":[{\"@type\":\"SearchAction\",\"target\":{\"@type\":\"EntryPoint\",\"urlTemplate\":\"https:\/\/evertonfc.cz\/?s={search_term_string}\"},\"query-input\":{\"@type\":\"PropertyValueSpecification\",\"valueRequired\":true,\"valueName\":\"search_term_string\"}}],\"inLanguage\":\"cs\"},{\"@type\":\"Organization\",\"@id\":\"https:\/\/evertonfc.cz\/#organization\",\"name\":\"Official Czech & Slovak Everton Supporters' Club\",\"url\":\"https:\/\/evertonfc.cz\/\",\"logo\":{\"@type\":\"ImageObject\",\"inLanguage\":\"cs\",\"@id\":\"https:\/\/evertonfc.cz\/#\/schema\/logo\/image\/\",\"url\":\"https:\/\/evertonfc.cz\/wp-content\/uploads\/2019\/05\/logo.png\",\"contentUrl\":\"https:\/\/evertonfc.cz\/wp-content\/uploads\/2019\/05\/logo.png\",\"width\":112,\"height\":112,\"caption\":\"Official Czech & Slovak Everton Supporters' Club\"},\"image\":{\"@id\":\"https:\/\/evertonfc.cz\/#\/schema\/logo\/image\/\"},\"sameAs\":[\"https:\/\/www.facebook.com\/everton.fans.cz.sk\"]},{\"@type\":\"Person\",\"@id\":\"https:\/\/evertonfc.cz\/#\/schema\/person\/b30daf6a5852f4811f8207a17ec1bf78\",\"name\":\"Javor\",\"sameAs\":[\"https:\/\/x.com\/LoudinJan\"],\"url\":\"https:\/\/evertonfc.cz\/index.php\/author\/javor\/\"}]}<\/script>\n<!-- \/ Yoast SEO plugin. -->","yoast_head_json":{"title":"St\u0159ed lednov\u00e9ho p\u0159estupov\u00e9ho obdob\u00ed \u2013 p\u0159ich\u00e1z\u00ed Walcott - Official Czech &amp; Slovak Everton Supporters&#039; Club","robots":{"index":"index","follow":"follow","max-snippet":"max-snippet:-1","max-image-preview":"max-image-preview:large","max-video-preview":"max-video-preview:-1"},"canonical":"https:\/\/evertonfc.cz\/index.php\/2018\/01\/17\/stred-lednoveho-prestupoveho-obdobi-prichazi-walcott\/","og_locale":"cs_CZ","og_type":"article","og_title":"St\u0159ed lednov\u00e9ho p\u0159estupov\u00e9ho obdob\u00ed \u2013 p\u0159ich\u00e1z\u00ed Walcott - Official Czech &amp; Slovak Everton Supporters&#039; Club","og_description":"Hr\u00e1\u010d Arsenalu dal p\u0159ednost n\u00e1m p\u0159ed Southamptonem, jeho\u017e odchovancem je. Dnes Everton z\u00edskal druhou posilu. Z Arsenalu p\u0159ich\u00e1z\u00ed pos\u00edlit karamelky&hellip;","og_url":"https:\/\/evertonfc.cz\/index.php\/2018\/01\/17\/stred-lednoveho-prestupoveho-obdobi-prichazi-walcott\/","og_site_name":"Official Czech &amp; Slovak Everton Supporters&#039; Club","article_publisher":"https:\/\/www.facebook.com\/everton.fans.cz.sk","article_published_time":"2018-01-17T17:21:02+00:00","article_modified_time":"2019-02-05T17:23:08+00:00","og_image":[{"width":720,"height":405,"url":"https:\/\/evertonfc.cz\/wp-content\/uploads\/2019\/01\/transfer.jpg","type":"image\/jpeg"}],"author":"Javor","twitter_card":"summary_large_image","twitter_creator":"@LoudinJan","twitter_misc":{"Napsal(a)":"Javor","Odhadovan\u00e1 doba \u010dten\u00ed":"2 minuty"},"schema":{"@context":"https:\/\/schema.org","@graph":[{"@type":"Article","@id":"https:\/\/evertonfc.cz\/index.php\/2018\/01\/17\/stred-lednoveho-prestupoveho-obdobi-prichazi-walcott\/#article","isPartOf":{"@id":"https:\/\/evertonfc.cz\/index.php\/2018\/01\/17\/stred-lednoveho-prestupoveho-obdobi-prichazi-walcott\/"},"author":{"name":"Javor","@id":"https:\/\/evertonfc.cz\/#\/schema\/person\/b30daf6a5852f4811f8207a17ec1bf78"},"headline":"St\u0159ed lednov\u00e9ho p\u0159estupov\u00e9ho obdob\u00ed \u2013 p\u0159ich\u00e1z\u00ed Walcott","datePublished":"2018-01-17T17:21:02+00:00","dateModified":"2019-02-05T17:23:08+00:00","mainEntityOfPage":{"@id":"https:\/\/evertonfc.cz\/index.php\/2018\/01\/17\/stred-lednoveho-prestupoveho-obdobi-prichazi-walcott\/"},"wordCount":442,"commentCount":0,"publisher":{"@id":"https:\/\/evertonfc.cz\/#organization"},"image":{"@id":"https:\/\/evertonfc.cz\/index.php\/2018\/01\/17\/stred-lednoveho-prestupoveho-obdobi-prichazi-walcott\/#primaryimage"},"thumbnailUrl":"https:\/\/evertonfc.cz\/wp-content\/uploads\/2019\/01\/transfer.jpg","articleSection":["P\u0159estupy"],"inLanguage":"cs","potentialAction":[{"@type":"CommentAction","name":"Comment","target":["https:\/\/evertonfc.cz\/index.php\/2018\/01\/17\/stred-lednoveho-prestupoveho-obdobi-prichazi-walcott\/#respond"]}]},{"@type":"WebPage","@id":"https:\/\/evertonfc.cz\/index.php\/2018\/01\/17\/stred-lednoveho-prestupoveho-obdobi-prichazi-walcott\/","url":"https:\/\/evertonfc.cz\/index.php\/2018\/01\/17\/stred-lednoveho-prestupoveho-obdobi-prichazi-walcott\/","name":"St\u0159ed lednov\u00e9ho p\u0159estupov\u00e9ho obdob\u00ed \u2013 p\u0159ich\u00e1z\u00ed Walcott - Official Czech &amp; Slovak Everton Supporters&#039; Club","isPartOf":{"@id":"https:\/\/evertonfc.cz\/#website"},"primaryImageOfPage":{"@id":"https:\/\/evertonfc.cz\/index.php\/2018\/01\/17\/stred-lednoveho-prestupoveho-obdobi-prichazi-walcott\/#primaryimage"},"image":{"@id":"https:\/\/evertonfc.cz\/index.php\/2018\/01\/17\/stred-lednoveho-prestupoveho-obdobi-prichazi-walcott\/#primaryimage"},"thumbnailUrl":"https:\/\/evertonfc.cz\/wp-content\/uploads\/2019\/01\/transfer.jpg","datePublished":"2018-01-17T17:21:02+00:00","dateModified":"2019-02-05T17:23:08+00:00","breadcrumb":{"@id":"https:\/\/evertonfc.cz\/index.php\/2018\/01\/17\/stred-lednoveho-prestupoveho-obdobi-prichazi-walcott\/#breadcrumb"},"inLanguage":"cs","potentialAction":[{"@type":"ReadAction","target":["https:\/\/evertonfc.cz\/index.php\/2018\/01\/17\/stred-lednoveho-prestupoveho-obdobi-prichazi-walcott\/"]}]},{"@type":"ImageObject","inLanguage":"cs","@id":"https:\/\/evertonfc.cz\/index.php\/2018\/01\/17\/stred-lednoveho-prestupoveho-obdobi-prichazi-walcott\/#primaryimage","url":"https:\/\/evertonfc.cz\/wp-content\/uploads\/2019\/01\/transfer.jpg","contentUrl":"https:\/\/evertonfc.cz\/wp-content\/uploads\/2019\/01\/transfer.jpg","width":720,"height":405},{"@type":"BreadcrumbList","@id":"https:\/\/evertonfc.cz\/index.php\/2018\/01\/17\/stred-lednoveho-prestupoveho-obdobi-prichazi-walcott\/#breadcrumb","itemListElement":[{"@type":"ListItem","position":1,"name":"Home","item":"https:\/\/evertonfc.cz\/"},{"@type":"ListItem","position":2,"name":"St\u0159ed lednov\u00e9ho p\u0159estupov\u00e9ho obdob\u00ed \u2013 p\u0159ich\u00e1z\u00ed Walcott"}]},{"@type":"WebSite","@id":"https:\/\/evertonfc.cz\/#website","url":"https:\/\/evertonfc.cz\/","name":"Official Czech &amp; Slovak Everton Supporters&#039; Club","description":"","publisher":{"@id":"https:\/\/evertonfc.cz\/#organization"},"potentialAction":[{"@type":"SearchAction","target":{"@type":"EntryPoint","urlTemplate":"https:\/\/evertonfc.cz\/?s={search_term_string}"},"query-input":{"@type":"PropertyValueSpecification","valueRequired":true,"valueName":"search_term_string"}}],"inLanguage":"cs"},{"@type":"Organization","@id":"https:\/\/evertonfc.cz\/#organization","name":"Official Czech & Slovak Everton Supporters' Club","url":"https:\/\/evertonfc.cz\/","logo":{"@type":"ImageObject","inLanguage":"cs","@id":"https:\/\/evertonfc.cz\/#\/schema\/logo\/image\/","url":"https:\/\/evertonfc.cz\/wp-content\/uploads\/2019\/05\/logo.png","contentUrl":"https:\/\/evertonfc.cz\/wp-content\/uploads\/2019\/05\/logo.png","width":112,"height":112,"caption":"Official Czech & Slovak Everton Supporters' Club"},"image":{"@id":"https:\/\/evertonfc.cz\/#\/schema\/logo\/image\/"},"sameAs":["https:\/\/www.facebook.com\/everton.fans.cz.sk"]},{"@type":"Person","@id":"https:\/\/evertonfc.cz\/#\/schema\/person\/b30daf6a5852f4811f8207a17ec1bf78","name":"Javor","sameAs":["https:\/\/x.com\/LoudinJan"],"url":"https:\/\/evertonfc.cz\/index.php\/author\/javor\/"}]}},"_links":{"self":[{"href":"https:\/\/evertonfc.cz\/index.php\/wp-json\/wp\/v2\/posts\/2251"}],"collection":[{"href":"https:\/\/evertonfc.cz\/index.php\/wp-json\/wp\/v2\/posts"}],"about":[{"href":"https:\/\/evertonfc.cz\/index.php\/wp-json\/wp\/v2\/types\/post"}],"author":[{"embeddable":true,"href":"https:\/\/evertonfc.cz\/index.php\/wp-json\/wp\/v2\/users\/12"}],"replies":[{"embeddable":true,"href":"https:\/\/evertonfc.cz\/index.php\/wp-json\/wp\/v2\/comments?post=2251"}],"version-history":[{"count":1,"href":"https:\/\/evertonfc.cz\/index.php\/wp-json\/wp\/v2\/posts\/2251\/revisions"}],"predecessor-version":[{"id":2252,"href":"https:\/\/evertonfc.cz\/index.php\/wp-json\/wp\/v2\/posts\/2251\/revisions\/2252"}],"wp:featuredmedia":[{"embeddable":true,"href":"https:\/\/evertonfc.cz\/index.php\/wp-json\/wp\/v2\/media\/1316"}],"wp:attachment":[{"href":"https:\/\/evertonfc.cz\/index.php\/wp-json\/wp\/v2\/media?parent=2251"}],"wp:term":[{"taxonomy":"category","embeddable":true,"href":"https:\/\/evertonfc.cz\/index.php\/wp-json\/wp\/v2\/categories?post=2251"},{"taxonomy":"post_tag","embeddable":true,"href":"https:\/\/evertonfc.cz\/index.php\/wp-json\/wp\/v2\/tags?post=2251"}],"curies":[{"name":"wp","href":"https:\/\/api.w.org\/{rel}","templated":true}]}}