{"id":2253,"date":"2018-01-20T18:23:18","date_gmt":"2018-01-20T17:23:18","guid":{"rendered":"http:\/\/evertonfc.cz\/?p=2253"},"modified":"2020-09-23T20:24:47","modified_gmt":"2020-09-23T18:24:47","slug":"preview-everton-west-bromwich-albion","status":"publish","type":"post","link":"https:\/\/evertonfc.cz\/index.php\/2018\/01\/20\/preview-everton-west-bromwich-albion\/","title":{"rendered":"Preview: Everton &#8211; West Bromwich Albion"},"content":{"rendered":"\r\n<h4 class=\"wp-block-heading\">Dom\u00e1ci by sa radi vr\u00e1tili do star\u00fdch ko\u013eaj\u00ed. \u010co to znamen\u00e1? Pevn\u00e1 obrana, \u010dist\u00e9 konto a nejak\u00e1 t\u00e1 \u0161tipka kvality na \u0161\u0165astn\u00fd g\u00f3l. \u010co na to hostia, uvid\u00edme v odvetnom z\u00e1pase 24. kola Premier League.<em><strong>\u201e<\/strong><\/em><\/h4>\r\n\r\n\r\n\r\n<p>Jojo efekt b\u00fdva zradn\u00fd a presved\u010dil sa o tom u\u017e aj tak\u00fd sk\u00fasen\u00fd mana\u017e\u00e9r ako je Allardyce. Pred jeho tis\u00edcim z\u00e1pasom v roli mana\u017e\u00e9ra aj s\u00e1m poznamenal, \u017ee sa pravdepodobne nechal unies\u0165 r\u00fdchlym pokrokom v obrane a hoci sa zd\u00e1 ukut\u00e1, e\u0161te st\u00e1le ju treba vytvrdzova\u0165, aby premena bola \u00fapln\u00e1 a trv\u00e1cna. Inak, ako sme sa sami presved\u010dili, nie je mo\u017en\u00e9 zakomponov\u00e1va\u0165 odv\u00e1\u017enej\u0161ie \u00fato\u010dn\u00e9 ch\u00fa\u0165ky. Netrpezlivos\u0165 Evertonians oh\u013eadom tohto aspektu hry je pochopite\u013en\u00e1, ale treba ma\u0165 na pam\u00e4ti, \u017ee Toffees mali probl\u00e9my v tomto oddelen\u00ed u\u017e sk\u00f4r a nie je to len chyba nov\u00e9ho, nepopul\u00e1rneho \u0161\u00e9fa lavi\u010dky. Posledn\u00fdm dvom sa tento probl\u00e9m daril \u00faspe\u0161ne maskova\u0165 cez osobu Romela Lukaka, av\u0161ak bez spo\u013eahliv\u00e9ho bombard\u00e9ra s neohrozen\u00fdm fyzick\u00fdm fondom to ide ove\u013ea \u0165a\u017e\u0161ie. Obzvl\u00e1\u0161\u0165, ke\u010f dan\u00fd t\u00edm nem\u00e1 dlhodobo vsugerovan\u00fa invekt\u00edvu a vytv\u00e1ranie \u0161anc\u00ed je pre\u0148 cudzie ako mier na Bl\u00edzkom v\u00fdchode.<\/p>\r\n\r\n\r\n\r\n<h4><strong><em>\u201eVice Versa\u201d<\/em><\/strong><\/h4>\r\n\r\n\r\n\r\n<p>\u010co mu v\u0161ak m\u00f4\u017eeme spolo\u010dne vy\u010d\u00edta\u0165 je presne opa\u010dn\u00fd pr\u00edstup k z\u00e1pasom. Zo za\u010diatku anga\u017em\u00e1nu i\u0161lo v\u0161etko pod\u013ea predst\u00e1v a logick\u00fdch ciest. Ale niekde okolo The Hawthorns to za\u010dalo \u0161kr\u00edpa\u0165 a zmyslupln\u00e9 od\u00f4vodnenia sa vytratili spolo\u010dne s v\u00fdsledkami, vi\u010f dehonest\u00e1ciu vo Wembley. \u010co teda o\u010dak\u00e1va\u0165 od nasleduj\u00faceho duelu? Za\u00fa\u010dinkuj\u00fa nov\u00e9 posily na \u010dele s Walcottom na ofenz\u00edvny prejav, alebo sa Sam rozhodne neriskova\u0165?<\/p>\r\n\r\n\r\n\r\n<p>Do z\u00e1pasu nem\u00f4\u017eeme po\u010d\u00edta\u0165 st\u00e1le s Morim ani Colemanom, ktor\u00fd u\u017e tr\u00e9nuje s prv\u00fdm t\u00edmom a pod\u013ea vyjadren\u00ed sa u\u017e bl\u00ed\u017ei k n\u00e1vratu. Mimo s\u00fa tie\u017e Stekelenburg a Baines. \u010co sa t\u00fdka druh\u00e9ho menovan\u00e9ho, Cuco Martina je limitovan\u00e1 vo\u013eba na poz\u00edciu \u013eav\u00e9ho obrancu a ako sa potvrdilo, Luke Garbutt tr\u00e9nuje s A t\u00edmom a vynech\u00e1va z\u00e1pasy U23. Jeho \u0161tart dnes poobede, \u010di aspo\u0148 \u00fa\u010das\u0165 na lavi\u010dke n\u00e1hradn\u00edkov je teda viac ne\u017e pravdepodobn\u00e1.<\/p>\r\n<h4><strong><em>\u201eBoing Up Boing Down\u201d<\/em><\/strong><\/h4>\r\n\r\n\r\n\r\n<p>Str\u00e1vi\u0165 v podstate cel\u00fa minul\u00fa sez\u00f3nu v hornej polovici tabu\u013eky a nestrati\u0165 ani jedn\u00e9ho \u010dlena z\u00e1kladnej zostavy, to sa m\u00f4\u017ee javi\u0165 ako dobr\u00fd recept na zopakovanie \u00faspechu, alebo nie? K\u00fdvanie hlavou v tomto momente zna\u010d\u00ed, \u017ee ste spr\u00e1vne kritick\u00ed. Na tomto leveli futbalovej hierarchie nie je ni\u010d garantovan\u00e9. Rovnako ako my\u0161lienka, \u017ee jedna podaren\u00e1 sez\u00f3na v\u00e1m zaru\u010d\u00ed status bojovania o prie\u010dky dlhodobo okupovan\u00e9. Pulisa to vy\u0161lo draho a stav\u00edm sa, \u017ee \u010fal\u0161\u00ed p\u00e1n na P to tie\u017e nepre\u017eije. Po ukon\u010denej s\u00e9ri\u00ed dvadsiatich ligov\u00fdch z\u00e1pasov bez v\u00fdhry (od augusta!) sa jeho mu\u017estvo, k\u00fdm forma nevyprch\u00e1, pon\u00e1h\u013ea k n\u00e1m. Skoro ako v p\u00e4\u0165desiatych rokoch. Plynul\u00fd \u00fato\u010dn\u00fd futbal, ktor\u00fd hralo mu\u017estvo vyn\u00e1\u0161an\u00e9 do nebies ako \u201et\u00edm storo\u010dia\u201c. Niektor\u00ed dokonca za\u0161li tak \u010faleko, \u017ee si priali ich reprezent\u00e1ciu vo fin\u00e1le Majstrovstiev sveta 1954 miesto n\u00e1rodn\u00e9ho v\u00fdberu hrd\u00e9ho Albi\u00f3nu. Nu\u017e, \u010dasy sa menia, humor nie.<\/p>\r\n\r\n\r\n\r\n<p>S nov\u00fdmi, vraj ambici\u00f3znymi majite\u013emi sa malo bl\u00fdska\u0165 na lep\u0161ie \u010dasy, podobne ako u n\u00e1s. Av\u0161ak s rast\u00facimi finan\u010dn\u00fdmi mo\u017enos\u0165ami asi p\u00f4sob\u00edme odstra\u0161uj\u00facim dojmom. Na poli prestupovom sa im v\u010das podarilo len nahradi\u0165 od\u00edden\u00e9ho Fletchera Livermorom, po\u017ei\u010dal sa Krychowiak z PSG a do \u00fatoku cez leto pri\u0161iel Jay Rodriquez. Na hos\u0165ovan\u00ed Egyp\u0165an Hegazy viac ne\u017e zaujal ako pevn\u00e1 s\u00fa\u010das\u0165 z\u00e1kladnej zostavy, preto probl\u00e9m s aktivovan\u00edm k\u00fapnej opcie e\u0161te pred janu\u00e1rov\u00fdm oknom nebol. Tento spom\u00ednan\u00fd stop\u00e9r v\u0161ak spolo\u010dne s Dawsonom \u010delia e\u0161te fitnes testu pred z\u00e1pasom. Nacer Chadli ani James Morrison sa naopak na tr\u00e1vniku Starej D\u00e1my neobjavia.<\/p>\r\n\r\n\r\n\r\n<h3 style=\"text-align: center;\"><span style=\"color: #3366ff;\"><em><strong>Up The Toffees !!!<\/strong><\/em><\/span><\/h3>\r\n<hr \/>\r\n\r\n\r\n<p><strong>\u010co:<\/strong>\u00a0Everton FC \u2013 West Bromwich Albion FC, 24. kolo Premier League<strong><br \/>Kedy:<\/strong>\u00a020.1. 2018 od 16:00 SE\u010c<strong><br \/>Kde:<\/strong>\u00a0Goodison Park &#8211; Goodison Rd, Liverpool L4 4EL (kapacita: 40 221)<strong><br \/>Rozhodca:<\/strong>\u00a0S. Attwell\u00a0<strong>Asistenti:\u00a0<\/strong>G. Beswick, R. West\u00a0<strong>\u0160tvrt\u00fd rozhodca:<\/strong>\u00a0A. Taylor<\/p>\r\n","protected":false},"excerpt":{"rendered":"<p>Dom\u00e1ci by sa radi vr\u00e1tili do star\u00fdch ko\u013eaj\u00ed. \u010co to znamen\u00e1? Pevn\u00e1 obrana, \u010dist\u00e9 konto a nejak\u00e1 t\u00e1 \u0161tipka kvality&hellip;<\/p>\n","protected":false},"author":1,"featured_media":12056,"comment_status":"open","ping_status":"closed","sticky":false,"template":"","format":"standard","meta":{"_eb_attr":"","_monsterinsights_skip_tracking":false,"_monsterinsights_sitenote_active":false,"_monsterinsights_sitenote_note":"","_monsterinsights_sitenote_category":0,"footnotes":""},"categories":[4],"tags":[],"yoast_head":"<!-- This site is optimized with the Yoast SEO plugin v23.4 - https:\/\/yoast.com\/wordpress\/plugins\/seo\/ -->\n<title>Preview: Everton - West Bromwich Albion - Official Czech &amp; Slovak Everton Supporters&#039; Club<\/title>\n<meta name=\"robots\" content=\"index, follow, max-snippet:-1, max-image-preview:large, max-video-preview:-1\" \/>\n<link rel=\"canonical\" href=\"https:\/\/evertonfc.cz\/index.php\/2018\/01\/20\/preview-everton-west-bromwich-albion\/\" \/>\n<meta property=\"og:locale\" content=\"cs_CZ\" \/>\n<meta property=\"og:type\" content=\"article\" \/>\n<meta property=\"og:title\" content=\"Preview: Everton - West Bromwich Albion - Official Czech &amp; Slovak Everton Supporters&#039; Club\" \/>\n<meta property=\"og:description\" content=\"Dom\u00e1ci by sa radi vr\u00e1tili do star\u00fdch ko\u013eaj\u00ed. \u010co to znamen\u00e1? Pevn\u00e1 obrana, \u010dist\u00e9 konto a nejak\u00e1 t\u00e1 \u0161tipka kvality&hellip;\" \/>\n<meta property=\"og:url\" content=\"https:\/\/evertonfc.cz\/index.php\/2018\/01\/20\/preview-everton-west-bromwich-albion\/\" \/>\n<meta property=\"og:site_name\" content=\"Official Czech &amp; Slovak Everton Supporters&#039; Club\" \/>\n<meta property=\"article:publisher\" content=\"https:\/\/www.facebook.com\/everton.fans.cz.sk\" \/>\n<meta property=\"article:published_time\" content=\"2018-01-20T17:23:18+00:00\" \/>\n<meta property=\"article:modified_time\" content=\"2020-09-23T18:24:47+00:00\" \/>\n<meta property=\"og:image\" content=\"https:\/\/evertonfc.cz\/wp-content\/uploads\/2020\/09\/Everton-West-Bromwich-18-9-2020.jpg\" \/>\n\t<meta property=\"og:image:width\" content=\"720\" \/>\n\t<meta property=\"og:image:height\" content=\"405\" \/>\n\t<meta property=\"og:image:type\" content=\"image\/jpeg\" \/>\n<meta name=\"author\" content=\"BlueBlooded\" \/>\n<meta name=\"twitter:card\" content=\"summary_large_image\" \/>\n<meta name=\"twitter:label1\" content=\"Napsal(a)\" \/>\n\t<meta name=\"twitter:data1\" content=\"BlueBlooded\" \/>\n\t<meta name=\"twitter:label2\" content=\"Odhadovan\u00e1 doba \u010dten\u00ed\" \/>\n\t<meta name=\"twitter:data2\" content=\"4 minuty\" \/>\n<script type=\"application\/ld+json\" class=\"yoast-schema-graph\">{\"@context\":\"https:\/\/schema.org\",\"@graph\":[{\"@type\":\"Article\",\"@id\":\"https:\/\/evertonfc.cz\/index.php\/2018\/01\/20\/preview-everton-west-bromwich-albion\/#article\",\"isPartOf\":{\"@id\":\"https:\/\/evertonfc.cz\/index.php\/2018\/01\/20\/preview-everton-west-bromwich-albion\/\"},\"author\":{\"name\":\"BlueBlooded\",\"@id\":\"https:\/\/evertonfc.cz\/#\/schema\/person\/d4493b8cbea51532597fbc4685698916\"},\"headline\":\"Preview: Everton &#8211; West Bromwich Albion\",\"datePublished\":\"2018-01-20T17:23:18+00:00\",\"dateModified\":\"2020-09-23T18:24:47+00:00\",\"mainEntityOfPage\":{\"@id\":\"https:\/\/evertonfc.cz\/index.php\/2018\/01\/20\/preview-everton-west-bromwich-albion\/\"},\"wordCount\":774,\"commentCount\":0,\"publisher\":{\"@id\":\"https:\/\/evertonfc.cz\/#organization\"},\"image\":{\"@id\":\"https:\/\/evertonfc.cz\/index.php\/2018\/01\/20\/preview-everton-west-bromwich-albion\/#primaryimage\"},\"thumbnailUrl\":\"https:\/\/evertonfc.cz\/wp-content\/uploads\/2020\/09\/Everton-West-Bromwich-18-9-2020.jpg\",\"articleSection\":[\"Z\u00e1pasy\"],\"inLanguage\":\"cs\",\"potentialAction\":[{\"@type\":\"CommentAction\",\"name\":\"Comment\",\"target\":[\"https:\/\/evertonfc.cz\/index.php\/2018\/01\/20\/preview-everton-west-bromwich-albion\/#respond\"]}]},{\"@type\":\"WebPage\",\"@id\":\"https:\/\/evertonfc.cz\/index.php\/2018\/01\/20\/preview-everton-west-bromwich-albion\/\",\"url\":\"https:\/\/evertonfc.cz\/index.php\/2018\/01\/20\/preview-everton-west-bromwich-albion\/\",\"name\":\"Preview: Everton - West Bromwich Albion - Official Czech &amp; Slovak Everton Supporters&#039; Club\",\"isPartOf\":{\"@id\":\"https:\/\/evertonfc.cz\/#website\"},\"primaryImageOfPage\":{\"@id\":\"https:\/\/evertonfc.cz\/index.php\/2018\/01\/20\/preview-everton-west-bromwich-albion\/#primaryimage\"},\"image\":{\"@id\":\"https:\/\/evertonfc.cz\/index.php\/2018\/01\/20\/preview-everton-west-bromwich-albion\/#primaryimage\"},\"thumbnailUrl\":\"https:\/\/evertonfc.cz\/wp-content\/uploads\/2020\/09\/Everton-West-Bromwich-18-9-2020.jpg\",\"datePublished\":\"2018-01-20T17:23:18+00:00\",\"dateModified\":\"2020-09-23T18:24:47+00:00\",\"breadcrumb\":{\"@id\":\"https:\/\/evertonfc.cz\/index.php\/2018\/01\/20\/preview-everton-west-bromwich-albion\/#breadcrumb\"},\"inLanguage\":\"cs\",\"potentialAction\":[{\"@type\":\"ReadAction\",\"target\":[\"https:\/\/evertonfc.cz\/index.php\/2018\/01\/20\/preview-everton-west-bromwich-albion\/\"]}]},{\"@type\":\"ImageObject\",\"inLanguage\":\"cs\",\"@id\":\"https:\/\/evertonfc.cz\/index.php\/2018\/01\/20\/preview-everton-west-bromwich-albion\/#primaryimage\",\"url\":\"https:\/\/evertonfc.cz\/wp-content\/uploads\/2020\/09\/Everton-West-Bromwich-18-9-2020.jpg\",\"contentUrl\":\"https:\/\/evertonfc.cz\/wp-content\/uploads\/2020\/09\/Everton-West-Bromwich-18-9-2020.jpg\",\"width\":720,\"height\":405},{\"@type\":\"BreadcrumbList\",\"@id\":\"https:\/\/evertonfc.cz\/index.php\/2018\/01\/20\/preview-everton-west-bromwich-albion\/#breadcrumb\",\"itemListElement\":[{\"@type\":\"ListItem\",\"position\":1,\"name\":\"Home\",\"item\":\"https:\/\/evertonfc.cz\/\"},{\"@type\":\"ListItem\",\"position\":2,\"name\":\"Preview: Everton &#8211; West Bromwich Albion\"}]},{\"@type\":\"WebSite\",\"@id\":\"https:\/\/evertonfc.cz\/#website\",\"url\":\"https:\/\/evertonfc.cz\/\",\"name\":\"Official Czech &amp; Slovak Everton Supporters&#039; Club\",\"description\":\"\",\"publisher\":{\"@id\":\"https:\/\/evertonfc.cz\/#organization\"},\"potentialAction\":[{\"@type\":\"SearchAction\",\"target\":{\"@type\":\"EntryPoint\",\"urlTemplate\":\"https:\/\/evertonfc.cz\/?s={search_term_string}\"},\"query-input\":{\"@type\":\"PropertyValueSpecification\",\"valueRequired\":true,\"valueName\":\"search_term_string\"}}],\"inLanguage\":\"cs\"},{\"@type\":\"Organization\",\"@id\":\"https:\/\/evertonfc.cz\/#organization\",\"name\":\"Official Czech & Slovak Everton Supporters' Club\",\"url\":\"https:\/\/evertonfc.cz\/\",\"logo\":{\"@type\":\"ImageObject\",\"inLanguage\":\"cs\",\"@id\":\"https:\/\/evertonfc.cz\/#\/schema\/logo\/image\/\",\"url\":\"https:\/\/evertonfc.cz\/wp-content\/uploads\/2019\/05\/logo.png\",\"contentUrl\":\"https:\/\/evertonfc.cz\/wp-content\/uploads\/2019\/05\/logo.png\",\"width\":112,\"height\":112,\"caption\":\"Official Czech & Slovak Everton Supporters' Club\"},\"image\":{\"@id\":\"https:\/\/evertonfc.cz\/#\/schema\/logo\/image\/\"},\"sameAs\":[\"https:\/\/www.facebook.com\/everton.fans.cz.sk\"]},{\"@type\":\"Person\",\"@id\":\"https:\/\/evertonfc.cz\/#\/schema\/person\/d4493b8cbea51532597fbc4685698916\",\"name\":\"BlueBlooded\",\"url\":\"https:\/\/evertonfc.cz\/index.php\/author\/admin\/\"}]}<\/script>\n<!-- \/ Yoast SEO plugin. -->","yoast_head_json":{"title":"Preview: Everton - West Bromwich Albion - Official Czech &amp; Slovak Everton Supporters&#039; Club","robots":{"index":"index","follow":"follow","max-snippet":"max-snippet:-1","max-image-preview":"max-image-preview:large","max-video-preview":"max-video-preview:-1"},"canonical":"https:\/\/evertonfc.cz\/index.php\/2018\/01\/20\/preview-everton-west-bromwich-albion\/","og_locale":"cs_CZ","og_type":"article","og_title":"Preview: Everton - West Bromwich Albion - Official Czech &amp; Slovak Everton Supporters&#039; Club","og_description":"Dom\u00e1ci by sa radi vr\u00e1tili do star\u00fdch ko\u013eaj\u00ed. \u010co to znamen\u00e1? Pevn\u00e1 obrana, \u010dist\u00e9 konto a nejak\u00e1 t\u00e1 \u0161tipka kvality&hellip;","og_url":"https:\/\/evertonfc.cz\/index.php\/2018\/01\/20\/preview-everton-west-bromwich-albion\/","og_site_name":"Official Czech &amp; Slovak Everton Supporters&#039; Club","article_publisher":"https:\/\/www.facebook.com\/everton.fans.cz.sk","article_published_time":"2018-01-20T17:23:18+00:00","article_modified_time":"2020-09-23T18:24:47+00:00","og_image":[{"width":720,"height":405,"url":"https:\/\/evertonfc.cz\/wp-content\/uploads\/2020\/09\/Everton-West-Bromwich-18-9-2020.jpg","type":"image\/jpeg"}],"author":"BlueBlooded","twitter_card":"summary_large_image","twitter_misc":{"Napsal(a)":"BlueBlooded","Odhadovan\u00e1 doba \u010dten\u00ed":"4 minuty"},"schema":{"@context":"https:\/\/schema.org","@graph":[{"@type":"Article","@id":"https:\/\/evertonfc.cz\/index.php\/2018\/01\/20\/preview-everton-west-bromwich-albion\/#article","isPartOf":{"@id":"https:\/\/evertonfc.cz\/index.php\/2018\/01\/20\/preview-everton-west-bromwich-albion\/"},"author":{"name":"BlueBlooded","@id":"https:\/\/evertonfc.cz\/#\/schema\/person\/d4493b8cbea51532597fbc4685698916"},"headline":"Preview: Everton &#8211; West Bromwich Albion","datePublished":"2018-01-20T17:23:18+00:00","dateModified":"2020-09-23T18:24:47+00:00","mainEntityOfPage":{"@id":"https:\/\/evertonfc.cz\/index.php\/2018\/01\/20\/preview-everton-west-bromwich-albion\/"},"wordCount":774,"commentCount":0,"publisher":{"@id":"https:\/\/evertonfc.cz\/#organization"},"image":{"@id":"https:\/\/evertonfc.cz\/index.php\/2018\/01\/20\/preview-everton-west-bromwich-albion\/#primaryimage"},"thumbnailUrl":"https:\/\/evertonfc.cz\/wp-content\/uploads\/2020\/09\/Everton-West-Bromwich-18-9-2020.jpg","articleSection":["Z\u00e1pasy"],"inLanguage":"cs","potentialAction":[{"@type":"CommentAction","name":"Comment","target":["https:\/\/evertonfc.cz\/index.php\/2018\/01\/20\/preview-everton-west-bromwich-albion\/#respond"]}]},{"@type":"WebPage","@id":"https:\/\/evertonfc.cz\/index.php\/2018\/01\/20\/preview-everton-west-bromwich-albion\/","url":"https:\/\/evertonfc.cz\/index.php\/2018\/01\/20\/preview-everton-west-bromwich-albion\/","name":"Preview: Everton - West Bromwich Albion - Official Czech &amp; Slovak Everton Supporters&#039; Club","isPartOf":{"@id":"https:\/\/evertonfc.cz\/#website"},"primaryImageOfPage":{"@id":"https:\/\/evertonfc.cz\/index.php\/2018\/01\/20\/preview-everton-west-bromwich-albion\/#primaryimage"},"image":{"@id":"https:\/\/evertonfc.cz\/index.php\/2018\/01\/20\/preview-everton-west-bromwich-albion\/#primaryimage"},"thumbnailUrl":"https:\/\/evertonfc.cz\/wp-content\/uploads\/2020\/09\/Everton-West-Bromwich-18-9-2020.jpg","datePublished":"2018-01-20T17:23:18+00:00","dateModified":"2020-09-23T18:24:47+00:00","breadcrumb":{"@id":"https:\/\/evertonfc.cz\/index.php\/2018\/01\/20\/preview-everton-west-bromwich-albion\/#breadcrumb"},"inLanguage":"cs","potentialAction":[{"@type":"ReadAction","target":["https:\/\/evertonfc.cz\/index.php\/2018\/01\/20\/preview-everton-west-bromwich-albion\/"]}]},{"@type":"ImageObject","inLanguage":"cs","@id":"https:\/\/evertonfc.cz\/index.php\/2018\/01\/20\/preview-everton-west-bromwich-albion\/#primaryimage","url":"https:\/\/evertonfc.cz\/wp-content\/uploads\/2020\/09\/Everton-West-Bromwich-18-9-2020.jpg","contentUrl":"https:\/\/evertonfc.cz\/wp-content\/uploads\/2020\/09\/Everton-West-Bromwich-18-9-2020.jpg","width":720,"height":405},{"@type":"BreadcrumbList","@id":"https:\/\/evertonfc.cz\/index.php\/2018\/01\/20\/preview-everton-west-bromwich-albion\/#breadcrumb","itemListElement":[{"@type":"ListItem","position":1,"name":"Home","item":"https:\/\/evertonfc.cz\/"},{"@type":"ListItem","position":2,"name":"Preview: Everton &#8211; West Bromwich Albion"}]},{"@type":"WebSite","@id":"https:\/\/evertonfc.cz\/#website","url":"https:\/\/evertonfc.cz\/","name":"Official Czech &amp; Slovak Everton Supporters&#039; Club","description":"","publisher":{"@id":"https:\/\/evertonfc.cz\/#organization"},"potentialAction":[{"@type":"SearchAction","target":{"@type":"EntryPoint","urlTemplate":"https:\/\/evertonfc.cz\/?s={search_term_string}"},"query-input":{"@type":"PropertyValueSpecification","valueRequired":true,"valueName":"search_term_string"}}],"inLanguage":"cs"},{"@type":"Organization","@id":"https:\/\/evertonfc.cz\/#organization","name":"Official Czech & Slovak Everton Supporters' Club","url":"https:\/\/evertonfc.cz\/","logo":{"@type":"ImageObject","inLanguage":"cs","@id":"https:\/\/evertonfc.cz\/#\/schema\/logo\/image\/","url":"https:\/\/evertonfc.cz\/wp-content\/uploads\/2019\/05\/logo.png","contentUrl":"https:\/\/evertonfc.cz\/wp-content\/uploads\/2019\/05\/logo.png","width":112,"height":112,"caption":"Official Czech & Slovak Everton Supporters' Club"},"image":{"@id":"https:\/\/evertonfc.cz\/#\/schema\/logo\/image\/"},"sameAs":["https:\/\/www.facebook.com\/everton.fans.cz.sk"]},{"@type":"Person","@id":"https:\/\/evertonfc.cz\/#\/schema\/person\/d4493b8cbea51532597fbc4685698916","name":"BlueBlooded","url":"https:\/\/evertonfc.cz\/index.php\/author\/admin\/"}]}},"_links":{"self":[{"href":"https:\/\/evertonfc.cz\/index.php\/wp-json\/wp\/v2\/posts\/2253"}],"collection":[{"href":"https:\/\/evertonfc.cz\/index.php\/wp-json\/wp\/v2\/posts"}],"about":[{"href":"https:\/\/evertonfc.cz\/index.php\/wp-json\/wp\/v2\/types\/post"}],"author":[{"embeddable":true,"href":"https:\/\/evertonfc.cz\/index.php\/wp-json\/wp\/v2\/users\/1"}],"replies":[{"embeddable":true,"href":"https:\/\/evertonfc.cz\/index.php\/wp-json\/wp\/v2\/comments?post=2253"}],"version-history":[{"count":4,"href":"https:\/\/evertonfc.cz\/index.php\/wp-json\/wp\/v2\/posts\/2253\/revisions"}],"predecessor-version":[{"id":12115,"href":"https:\/\/evertonfc.cz\/index.php\/wp-json\/wp\/v2\/posts\/2253\/revisions\/12115"}],"wp:featuredmedia":[{"embeddable":true,"href":"https:\/\/evertonfc.cz\/index.php\/wp-json\/wp\/v2\/media\/12056"}],"wp:attachment":[{"href":"https:\/\/evertonfc.cz\/index.php\/wp-json\/wp\/v2\/media?parent=2253"}],"wp:term":[{"taxonomy":"category","embeddable":true,"href":"https:\/\/evertonfc.cz\/index.php\/wp-json\/wp\/v2\/categories?post=2253"},{"taxonomy":"post_tag","embeddable":true,"href":"https:\/\/evertonfc.cz\/index.php\/wp-json\/wp\/v2\/tags?post=2253"}],"curies":[{"name":"wp","href":"https:\/\/api.w.org\/{rel}","templated":true}]}}