{"id":2255,"date":"2018-01-21T18:26:30","date_gmt":"2018-01-21T17:26:30","guid":{"rendered":"http:\/\/evertonfc.cz\/?p=2255"},"modified":"2019-02-05T18:28:03","modified_gmt":"2019-02-05T17:28:03","slug":"everton-west-bromwich-albion-11","status":"publish","type":"post","link":"https:\/\/evertonfc.cz\/index.php\/2018\/01\/21\/everton-west-bromwich-albion-11\/","title":{"rendered":"Everton &#8211; West Bromwich Albion 1:1"},"content":{"rendered":"\n<p>Ani nie po mesiaci n\u00e1m bol dopriaty odvetn\u00fd duel s Baggies a \u010di sa podaril, u\u017e m\u00e1te mo\u017enos\u0165 vidie\u0165 v nadpise. Polep\u0161ili sme sa o g\u00f3l, rovnako ako s\u00faper. Tomu vrav\u00edm kontraindik\u00e1cia progresu.<\/p>\n\n\n\n<p>Ka\u017ed\u00fd pozn\u00e1 \u017eivotom overen\u00fd fakt, \u017ee mnohokr\u00e1t opakovan\u00e1 lo\u017e sa st\u00e1va pravdou. Ale nebojte sa, v tomto \u010dl\u00e1nku v\u00e1m nejdeme klama\u0165. Len tradi\u010dn\u00fd filozofick\u00fd \u00favod pon\u00faka rozj\u00edmanie nad takou vecou, akou je z\u00e1mennos\u0165 slov opa\u010dn\u00e9ho v\u00fdznamu. V\u00fdsledok toti\u017e pri spr\u00e1vnej \u00favahe a v\u00fdbere v\u00fdrazov, b\u00fdva p\u00f4sobivo aktu\u00e1lny. \u010ci\u017ee, dok\u00e1\u017ee sa nejeden raz opakovan\u00e1 pravda sta\u0165 realitou? S v\u00fdnimkou modlitieb, zariek\u00e1van\u00ed, \u010di in\u00fdch nadprirodzen\u00fdch ritu\u00e1lov, vieme po v\u010deraj\u0161om z\u00e1pase s \u013e\u00fatos\u0165ou ozn\u00e1mi\u0165, \u017ee nie! Bohu\u017eia\u013e, mus\u00edm si zlos\u0165 a bezn\u00e1dej vyb\u00edja\u0165 na tak\u00fdchto rozumolamoch, preto\u017ee ako ka\u017ed\u00fd fan\u00fa\u0161ik, neviem pochopi\u0165 zm\u00fd\u0161\u013eanie mana\u017e\u00e9rov. Ur\u010dite viete absol\u00fatne presne o \u010dom hovor\u00edm, tak u\u017e viac nebudem zdr\u017eiava\u0165 pred \u00fatrapn\u00fdm opisom sobotn\u00e9ho stretnutia, ktor\u00e9 ako naschv\u00e1l op\u00e4\u0165 pripadlo mne, \u010di\u017ee ist\u00e9 vzorce opakovania bud\u00fa zrejme badate\u013en\u00e9. Ale posna\u017e\u00edm sa, nie v\u0161ak z povinnosti&#8230;<\/p>\n\n\n\n<p><strong><em>\u201e<\/em><\/strong><em><strong>Stand-Up Performance\u201c<\/strong><\/em><\/p>\n\n\n\n<p>Tesne pred v\u00fdkopom sa uctila pamiatka Cyrilla Regisa, dlhoro\u010dn\u00e9ho \u00fato\u010dn\u00edka Baggies a Coventry City, ale to nie je d\u00f4vod pre\u010do som t\u00fato kapitolu v\u00f4bec nejako nazval. Na v\u00fdkon zverencov Allardycea to toti\u017e sed\u00ed presne. St\u00e1\u0165 a by\u0165 na smiech. Na tr\u00e1vnik pred dom\u00e1cich div\u00e1kov poslal Sam debutov\u00fa posilu z Arsenalu, chorv\u00e1tskeho \u0161p\u00edlmachra (v posledn\u00fdch 5 z\u00e1pasoch nebol Nikola nominovan\u00fd 4x!) a Ashleyho Williamsa. To\u013eko k person\u00e1lnym zmen\u00e1m, prejdime na predveden\u00fa hru. Karamelky sa nestihli ani poriadne porozhliadnu\u0165 po s\u00faperovej br\u00e1ne a prakticky cel\u00fd z\u00e1pas nah\u00e1\u0148ali jedno-g\u00f3lov\u00e9 manko zo siedmej min\u00faty. Po urgentnej strele Krychowiaka, zachytil Pickfordov odkop od br\u00e1ny West Brom a ihne\u010f zapo\u010dal proti\u00fatok tromi prihr\u00e1vkami, na ktor\u00fdch konci \u010d\u00edhal ofsajdovou pascou nestr\u00e1\u017een\u00fd Rodriguez. S\u00e1m si poradil a Mason sa e\u0161te m\u00e1 \u010do u\u010di\u0165 \u2013&nbsp;<strong>1:0<\/strong>. Potom nasledovala dos\u0165 dlh\u00e1 a hluch\u00e1 pas\u00e1\u017e bezradnosti, kde vynikali smie\u0161ne nepresnosti na\u0161ich prihr\u00e1vok a a\u017e zneva\u017euj\u00faci nedostatok pohybu od takmer v\u0161etk\u00fdch hr\u00e1\u010dov v modrom. Je priam k zbl\u00e1zneniu sa pozera\u0165 na to s vedom\u00edm, \u017ee my ako fanatick\u00ed nasledovn\u00edci s t\u00fdm ni\u010d nenarob\u00edme, ba priam sme len odk\u00e1zan\u00ed sledova\u0165 ten matro\u0161. A \u017ee je kvalitn\u00fd, to sa odzrkad\u013euje v koment\u00e1roch Evertonians kdeko\u013evek sa pozriete, Ja viem, st\u00e1le to nie je tragick\u00e9 ako jesenn\u00e9 melanch\u00f3lie, ale aj tak. Posme\u0161ky po prvej strele Kennyho (!!!) na br\u00e1nu po troch z\u00e1pasoch, to chce hr\u00e1\u010dsku sebareflexiu.<\/p>\n\n\n\n<p>Druh\u00fd pol\u010das na\u010dala zmena z trestnej lavice n\u00e1hradn\u00edkov, na ktor\u00fa putoval Vla\u0161i\u010d a z ktorej sa dvihol Bolasie. Zmena \u017eiadna, aspo\u0148 nie v sk\u00f3re. Potom pri\u0161lo to, \u010do sa op\u00e4\u0165 nerado vid\u00ed na zelen\u00fdch ploch\u00e1ch ur\u010den\u00fdm \u0161portov\u00e9mu vy\u017eitiu. McCarthy zazm\u00e4tkoval v na vlastnej polovici, prihral nevedno pre\u010do nepripraven\u00e9mu Schneiderlinovi, ten loptu stratil a \u00fatok host\u00ed v podan\u00ed Rond\u00f3na bol na svete. James je v\u0161ak zn\u00e1my ako zanieten\u00fd pre vec a svoju chybu sa odhodlal napravi\u0165 v poslednej mo\u017enej sekunde, ke\u010f vlo\u017eil svoju prava\u010dku pred napriahnut\u00fa nohu venezuelsk\u00e9ho \u00fato\u010dn\u00edka. Au. Neviem si ani predstavi\u0165, ak\u00fa silu m\u00e1 Rond\u00f3n v noh\u00e1ch, ke\u010f v\u00e1m na po\u010dkanie dok\u00e1\u017ee, ani nie v proti pohybe, zlomi\u0165 naraz ihlicu s p\u00ed\u0161\u0165alou. Macca teda musel by\u0165 na nosidl\u00e1ch transportovan\u00fd za potlesku rovno do nemocnice na oper\u00e1ciu a z\u00e1pasu sa znova len tak nedo\u010dk\u00e1. Dokonca Seamus Coleman, ktor\u00fd sa z rovnak\u00e9ho zranenia zotavoval len ned\u00e1vno, odi\u0161iel z riadite\u013esk\u00fdch boxov pravdepodobne priamo za spoluhr\u00e1\u010dom, poskytn\u00fa\u0165 mu aspo\u0148 slov\u00e1 \u00fatechy. Ako jedin\u00fd vie, ak\u00e9 to v skuto\u010dnosti je.<\/p>\n\n\n\n<p>\u00cdrskeho stredopoliara vystriedal Rooney a hra mohla pokra\u010dova\u0165, ke\u010f o chv\u00ed\u013eu nesk\u00f4r dostal priestor aj Niasse. Senegal\u010dan m\u00e1 t\u00fato sez\u00f3nu poves\u0165 z\u00e1chran\u00e1ra. Na&nbsp;<strong>1:1<\/strong>&nbsp;vyrovnal pr\u00e1ve on, v\u010faka centru Rooneyho na Walcotta, ktor\u00fd hlavi\u010dkou asistoval priamo na kopa\u010dku \u010d\u00edsla 19. V\u00ed\u0165azn\u00fa bodku za z\u00e1pasom mohli nap\u00edsa\u0165 obe mu\u017estv\u00e1, av\u0161ak ani n\u00e1dhern\u00fd volej z kopa\u010dky novej jeden\u00e1stky Evertonu, ani pekn\u00fd pokus hos\u0165uj\u00facej deviatky do brvna sa neujali. Tak\u017ee to ost\u00e1va na mne a budem mrha\u0165 ako v\u017edy&#8230;<\/p>\n\n\n\n<p><strong>Mu\u017e z\u00e1pasu:&nbsp;<\/strong>Salom\u00f3n Rond\u00f3n (Sky \/ BBC)<\/p>\n\n\n\n<p><strong>G\u00f3ly:<\/strong>7\u00b4 Rodriguez, 70\u00b4 Niasse<\/p>\n\n\n\n<p><strong>\u017dK:&nbsp;<\/strong>45+1\u00b4 Walcott, 58\u00b4 Schneiderlin, 88\u00b4 Dawson<\/p>\n\n\n\n<p><strong>West Bromwich Albion&nbsp;<\/strong><strong>FC:&nbsp;<\/strong>Forster \u2013 Dawson, Hegazy, Evans, Gibbs, Phillips, Krychowiak, Barry, Brunt (79\u00b4Livermore), Rond\u00f3n, Rodriguez (79\u00b4McClean)<\/p>\n\n\n\n<p><strong>Everton FC:&nbsp;<\/strong>Pickford \u2013 Kenny, Holgate, Williams, Martina, McCarthy (61\u00b4Rooney), Schneiderlin, Sigurdsson, Walcott, Tosun (69\u00b4Niasse), Vla\u0161i\u010d (46\u00b4Bolasie)<\/p>\n\n\n\n<p><strong>Rozhodca:&nbsp;<\/strong>Stuart Attwell<\/p>\n\n\n\n<p><strong>Po\u010det div\u00e1kov:<\/strong>&nbsp;39 061, Goodison Park (Liverpool)<\/p>\n","protected":false},"excerpt":{"rendered":"<p>Ani nie po mesiaci n\u00e1m bol dopriaty odvetn\u00fd duel s Baggies a \u010di sa podaril, u\u017e m\u00e1te mo\u017enos\u0165 vidie\u0165 v&hellip;<\/p>\n","protected":false},"author":1,"featured_media":1315,"comment_status":"open","ping_status":"closed","sticky":false,"template":"","format":"standard","meta":{"_eb_attr":"","_monsterinsights_skip_tracking":false,"_monsterinsights_sitenote_active":false,"_monsterinsights_sitenote_note":"","_monsterinsights_sitenote_category":0,"footnotes":""},"categories":[4],"tags":[],"yoast_head":"<!-- This site is optimized with the Yoast SEO plugin v23.4 - https:\/\/yoast.com\/wordpress\/plugins\/seo\/ -->\n<title>Everton - West Bromwich Albion 1:1 - Official Czech &amp; Slovak Everton Supporters&#039; Club<\/title>\n<meta name=\"robots\" content=\"index, follow, max-snippet:-1, max-image-preview:large, max-video-preview:-1\" \/>\n<link rel=\"canonical\" href=\"https:\/\/evertonfc.cz\/index.php\/2018\/01\/21\/everton-west-bromwich-albion-11\/\" \/>\n<meta property=\"og:locale\" content=\"cs_CZ\" \/>\n<meta property=\"og:type\" content=\"article\" \/>\n<meta property=\"og:title\" content=\"Everton - West Bromwich Albion 1:1 - Official Czech &amp; Slovak Everton Supporters&#039; Club\" \/>\n<meta property=\"og:description\" content=\"Ani nie po mesiaci n\u00e1m bol dopriaty odvetn\u00fd duel s Baggies a \u010di sa podaril, u\u017e m\u00e1te mo\u017enos\u0165 vidie\u0165 v&hellip;\" \/>\n<meta property=\"og:url\" content=\"https:\/\/evertonfc.cz\/index.php\/2018\/01\/21\/everton-west-bromwich-albion-11\/\" \/>\n<meta property=\"og:site_name\" content=\"Official Czech &amp; Slovak Everton Supporters&#039; Club\" \/>\n<meta property=\"article:publisher\" content=\"https:\/\/www.facebook.com\/everton.fans.cz.sk\" \/>\n<meta property=\"article:published_time\" content=\"2018-01-21T17:26:30+00:00\" \/>\n<meta property=\"article:modified_time\" content=\"2019-02-05T17:28:03+00:00\" \/>\n<meta property=\"og:image\" content=\"https:\/\/evertonfc.cz\/wp-content\/uploads\/2019\/01\/report.jpg\" \/>\n\t<meta property=\"og:image:width\" content=\"720\" \/>\n\t<meta property=\"og:image:height\" content=\"405\" \/>\n\t<meta property=\"og:image:type\" content=\"image\/jpeg\" \/>\n<meta name=\"author\" content=\"BlueBlooded\" \/>\n<meta name=\"twitter:card\" content=\"summary_large_image\" \/>\n<meta name=\"twitter:label1\" content=\"Napsal(a)\" \/>\n\t<meta name=\"twitter:data1\" content=\"BlueBlooded\" \/>\n\t<meta name=\"twitter:label2\" content=\"Odhadovan\u00e1 doba \u010dten\u00ed\" \/>\n\t<meta name=\"twitter:data2\" content=\"4 minuty\" \/>\n<script type=\"application\/ld+json\" class=\"yoast-schema-graph\">{\"@context\":\"https:\/\/schema.org\",\"@graph\":[{\"@type\":\"Article\",\"@id\":\"https:\/\/evertonfc.cz\/index.php\/2018\/01\/21\/everton-west-bromwich-albion-11\/#article\",\"isPartOf\":{\"@id\":\"https:\/\/evertonfc.cz\/index.php\/2018\/01\/21\/everton-west-bromwich-albion-11\/\"},\"author\":{\"name\":\"BlueBlooded\",\"@id\":\"https:\/\/evertonfc.cz\/#\/schema\/person\/d4493b8cbea51532597fbc4685698916\"},\"headline\":\"Everton &#8211; West Bromwich Albion 1:1\",\"datePublished\":\"2018-01-21T17:26:30+00:00\",\"dateModified\":\"2019-02-05T17:28:03+00:00\",\"mainEntityOfPage\":{\"@id\":\"https:\/\/evertonfc.cz\/index.php\/2018\/01\/21\/everton-west-bromwich-albion-11\/\"},\"wordCount\":882,\"commentCount\":0,\"publisher\":{\"@id\":\"https:\/\/evertonfc.cz\/#organization\"},\"image\":{\"@id\":\"https:\/\/evertonfc.cz\/index.php\/2018\/01\/21\/everton-west-bromwich-albion-11\/#primaryimage\"},\"thumbnailUrl\":\"https:\/\/evertonfc.cz\/wp-content\/uploads\/2019\/01\/report.jpg\",\"articleSection\":[\"Z\u00e1pasy\"],\"inLanguage\":\"cs\",\"potentialAction\":[{\"@type\":\"CommentAction\",\"name\":\"Comment\",\"target\":[\"https:\/\/evertonfc.cz\/index.php\/2018\/01\/21\/everton-west-bromwich-albion-11\/#respond\"]}]},{\"@type\":\"WebPage\",\"@id\":\"https:\/\/evertonfc.cz\/index.php\/2018\/01\/21\/everton-west-bromwich-albion-11\/\",\"url\":\"https:\/\/evertonfc.cz\/index.php\/2018\/01\/21\/everton-west-bromwich-albion-11\/\",\"name\":\"Everton - West Bromwich Albion 1:1 - Official Czech &amp; Slovak Everton Supporters&#039; Club\",\"isPartOf\":{\"@id\":\"https:\/\/evertonfc.cz\/#website\"},\"primaryImageOfPage\":{\"@id\":\"https:\/\/evertonfc.cz\/index.php\/2018\/01\/21\/everton-west-bromwich-albion-11\/#primaryimage\"},\"image\":{\"@id\":\"https:\/\/evertonfc.cz\/index.php\/2018\/01\/21\/everton-west-bromwich-albion-11\/#primaryimage\"},\"thumbnailUrl\":\"https:\/\/evertonfc.cz\/wp-content\/uploads\/2019\/01\/report.jpg\",\"datePublished\":\"2018-01-21T17:26:30+00:00\",\"dateModified\":\"2019-02-05T17:28:03+00:00\",\"breadcrumb\":{\"@id\":\"https:\/\/evertonfc.cz\/index.php\/2018\/01\/21\/everton-west-bromwich-albion-11\/#breadcrumb\"},\"inLanguage\":\"cs\",\"potentialAction\":[{\"@type\":\"ReadAction\",\"target\":[\"https:\/\/evertonfc.cz\/index.php\/2018\/01\/21\/everton-west-bromwich-albion-11\/\"]}]},{\"@type\":\"ImageObject\",\"inLanguage\":\"cs\",\"@id\":\"https:\/\/evertonfc.cz\/index.php\/2018\/01\/21\/everton-west-bromwich-albion-11\/#primaryimage\",\"url\":\"https:\/\/evertonfc.cz\/wp-content\/uploads\/2019\/01\/report.jpg\",\"contentUrl\":\"https:\/\/evertonfc.cz\/wp-content\/uploads\/2019\/01\/report.jpg\",\"width\":720,\"height\":405},{\"@type\":\"BreadcrumbList\",\"@id\":\"https:\/\/evertonfc.cz\/index.php\/2018\/01\/21\/everton-west-bromwich-albion-11\/#breadcrumb\",\"itemListElement\":[{\"@type\":\"ListItem\",\"position\":1,\"name\":\"Home\",\"item\":\"https:\/\/evertonfc.cz\/\"},{\"@type\":\"ListItem\",\"position\":2,\"name\":\"Everton &#8211; West Bromwich Albion 1:1\"}]},{\"@type\":\"WebSite\",\"@id\":\"https:\/\/evertonfc.cz\/#website\",\"url\":\"https:\/\/evertonfc.cz\/\",\"name\":\"Official Czech &amp; Slovak Everton Supporters&#039; Club\",\"description\":\"\",\"publisher\":{\"@id\":\"https:\/\/evertonfc.cz\/#organization\"},\"potentialAction\":[{\"@type\":\"SearchAction\",\"target\":{\"@type\":\"EntryPoint\",\"urlTemplate\":\"https:\/\/evertonfc.cz\/?s={search_term_string}\"},\"query-input\":{\"@type\":\"PropertyValueSpecification\",\"valueRequired\":true,\"valueName\":\"search_term_string\"}}],\"inLanguage\":\"cs\"},{\"@type\":\"Organization\",\"@id\":\"https:\/\/evertonfc.cz\/#organization\",\"name\":\"Official Czech & Slovak Everton Supporters' Club\",\"url\":\"https:\/\/evertonfc.cz\/\",\"logo\":{\"@type\":\"ImageObject\",\"inLanguage\":\"cs\",\"@id\":\"https:\/\/evertonfc.cz\/#\/schema\/logo\/image\/\",\"url\":\"https:\/\/evertonfc.cz\/wp-content\/uploads\/2019\/05\/logo.png\",\"contentUrl\":\"https:\/\/evertonfc.cz\/wp-content\/uploads\/2019\/05\/logo.png\",\"width\":112,\"height\":112,\"caption\":\"Official Czech & Slovak Everton Supporters' Club\"},\"image\":{\"@id\":\"https:\/\/evertonfc.cz\/#\/schema\/logo\/image\/\"},\"sameAs\":[\"https:\/\/www.facebook.com\/everton.fans.cz.sk\"]},{\"@type\":\"Person\",\"@id\":\"https:\/\/evertonfc.cz\/#\/schema\/person\/d4493b8cbea51532597fbc4685698916\",\"name\":\"BlueBlooded\",\"url\":\"https:\/\/evertonfc.cz\/index.php\/author\/admin\/\"}]}<\/script>\n<!-- \/ Yoast SEO plugin. -->","yoast_head_json":{"title":"Everton - West Bromwich Albion 1:1 - Official Czech &amp; Slovak Everton Supporters&#039; Club","robots":{"index":"index","follow":"follow","max-snippet":"max-snippet:-1","max-image-preview":"max-image-preview:large","max-video-preview":"max-video-preview:-1"},"canonical":"https:\/\/evertonfc.cz\/index.php\/2018\/01\/21\/everton-west-bromwich-albion-11\/","og_locale":"cs_CZ","og_type":"article","og_title":"Everton - West Bromwich Albion 1:1 - Official Czech &amp; Slovak Everton Supporters&#039; Club","og_description":"Ani nie po mesiaci n\u00e1m bol dopriaty odvetn\u00fd duel s Baggies a \u010di sa podaril, u\u017e m\u00e1te mo\u017enos\u0165 vidie\u0165 v&hellip;","og_url":"https:\/\/evertonfc.cz\/index.php\/2018\/01\/21\/everton-west-bromwich-albion-11\/","og_site_name":"Official Czech &amp; Slovak Everton Supporters&#039; Club","article_publisher":"https:\/\/www.facebook.com\/everton.fans.cz.sk","article_published_time":"2018-01-21T17:26:30+00:00","article_modified_time":"2019-02-05T17:28:03+00:00","og_image":[{"width":720,"height":405,"url":"https:\/\/evertonfc.cz\/wp-content\/uploads\/2019\/01\/report.jpg","type":"image\/jpeg"}],"author":"BlueBlooded","twitter_card":"summary_large_image","twitter_misc":{"Napsal(a)":"BlueBlooded","Odhadovan\u00e1 doba \u010dten\u00ed":"4 minuty"},"schema":{"@context":"https:\/\/schema.org","@graph":[{"@type":"Article","@id":"https:\/\/evertonfc.cz\/index.php\/2018\/01\/21\/everton-west-bromwich-albion-11\/#article","isPartOf":{"@id":"https:\/\/evertonfc.cz\/index.php\/2018\/01\/21\/everton-west-bromwich-albion-11\/"},"author":{"name":"BlueBlooded","@id":"https:\/\/evertonfc.cz\/#\/schema\/person\/d4493b8cbea51532597fbc4685698916"},"headline":"Everton &#8211; West Bromwich Albion 1:1","datePublished":"2018-01-21T17:26:30+00:00","dateModified":"2019-02-05T17:28:03+00:00","mainEntityOfPage":{"@id":"https:\/\/evertonfc.cz\/index.php\/2018\/01\/21\/everton-west-bromwich-albion-11\/"},"wordCount":882,"commentCount":0,"publisher":{"@id":"https:\/\/evertonfc.cz\/#organization"},"image":{"@id":"https:\/\/evertonfc.cz\/index.php\/2018\/01\/21\/everton-west-bromwich-albion-11\/#primaryimage"},"thumbnailUrl":"https:\/\/evertonfc.cz\/wp-content\/uploads\/2019\/01\/report.jpg","articleSection":["Z\u00e1pasy"],"inLanguage":"cs","potentialAction":[{"@type":"CommentAction","name":"Comment","target":["https:\/\/evertonfc.cz\/index.php\/2018\/01\/21\/everton-west-bromwich-albion-11\/#respond"]}]},{"@type":"WebPage","@id":"https:\/\/evertonfc.cz\/index.php\/2018\/01\/21\/everton-west-bromwich-albion-11\/","url":"https:\/\/evertonfc.cz\/index.php\/2018\/01\/21\/everton-west-bromwich-albion-11\/","name":"Everton - West Bromwich Albion 1:1 - Official Czech &amp; Slovak Everton Supporters&#039; Club","isPartOf":{"@id":"https:\/\/evertonfc.cz\/#website"},"primaryImageOfPage":{"@id":"https:\/\/evertonfc.cz\/index.php\/2018\/01\/21\/everton-west-bromwich-albion-11\/#primaryimage"},"image":{"@id":"https:\/\/evertonfc.cz\/index.php\/2018\/01\/21\/everton-west-bromwich-albion-11\/#primaryimage"},"thumbnailUrl":"https:\/\/evertonfc.cz\/wp-content\/uploads\/2019\/01\/report.jpg","datePublished":"2018-01-21T17:26:30+00:00","dateModified":"2019-02-05T17:28:03+00:00","breadcrumb":{"@id":"https:\/\/evertonfc.cz\/index.php\/2018\/01\/21\/everton-west-bromwich-albion-11\/#breadcrumb"},"inLanguage":"cs","potentialAction":[{"@type":"ReadAction","target":["https:\/\/evertonfc.cz\/index.php\/2018\/01\/21\/everton-west-bromwich-albion-11\/"]}]},{"@type":"ImageObject","inLanguage":"cs","@id":"https:\/\/evertonfc.cz\/index.php\/2018\/01\/21\/everton-west-bromwich-albion-11\/#primaryimage","url":"https:\/\/evertonfc.cz\/wp-content\/uploads\/2019\/01\/report.jpg","contentUrl":"https:\/\/evertonfc.cz\/wp-content\/uploads\/2019\/01\/report.jpg","width":720,"height":405},{"@type":"BreadcrumbList","@id":"https:\/\/evertonfc.cz\/index.php\/2018\/01\/21\/everton-west-bromwich-albion-11\/#breadcrumb","itemListElement":[{"@type":"ListItem","position":1,"name":"Home","item":"https:\/\/evertonfc.cz\/"},{"@type":"ListItem","position":2,"name":"Everton &#8211; West Bromwich Albion 1:1"}]},{"@type":"WebSite","@id":"https:\/\/evertonfc.cz\/#website","url":"https:\/\/evertonfc.cz\/","name":"Official Czech &amp; Slovak Everton Supporters&#039; Club","description":"","publisher":{"@id":"https:\/\/evertonfc.cz\/#organization"},"potentialAction":[{"@type":"SearchAction","target":{"@type":"EntryPoint","urlTemplate":"https:\/\/evertonfc.cz\/?s={search_term_string}"},"query-input":{"@type":"PropertyValueSpecification","valueRequired":true,"valueName":"search_term_string"}}],"inLanguage":"cs"},{"@type":"Organization","@id":"https:\/\/evertonfc.cz\/#organization","name":"Official Czech & Slovak Everton Supporters' Club","url":"https:\/\/evertonfc.cz\/","logo":{"@type":"ImageObject","inLanguage":"cs","@id":"https:\/\/evertonfc.cz\/#\/schema\/logo\/image\/","url":"https:\/\/evertonfc.cz\/wp-content\/uploads\/2019\/05\/logo.png","contentUrl":"https:\/\/evertonfc.cz\/wp-content\/uploads\/2019\/05\/logo.png","width":112,"height":112,"caption":"Official Czech & Slovak Everton Supporters' Club"},"image":{"@id":"https:\/\/evertonfc.cz\/#\/schema\/logo\/image\/"},"sameAs":["https:\/\/www.facebook.com\/everton.fans.cz.sk"]},{"@type":"Person","@id":"https:\/\/evertonfc.cz\/#\/schema\/person\/d4493b8cbea51532597fbc4685698916","name":"BlueBlooded","url":"https:\/\/evertonfc.cz\/index.php\/author\/admin\/"}]}},"_links":{"self":[{"href":"https:\/\/evertonfc.cz\/index.php\/wp-json\/wp\/v2\/posts\/2255"}],"collection":[{"href":"https:\/\/evertonfc.cz\/index.php\/wp-json\/wp\/v2\/posts"}],"about":[{"href":"https:\/\/evertonfc.cz\/index.php\/wp-json\/wp\/v2\/types\/post"}],"author":[{"embeddable":true,"href":"https:\/\/evertonfc.cz\/index.php\/wp-json\/wp\/v2\/users\/1"}],"replies":[{"embeddable":true,"href":"https:\/\/evertonfc.cz\/index.php\/wp-json\/wp\/v2\/comments?post=2255"}],"version-history":[{"count":1,"href":"https:\/\/evertonfc.cz\/index.php\/wp-json\/wp\/v2\/posts\/2255\/revisions"}],"predecessor-version":[{"id":2256,"href":"https:\/\/evertonfc.cz\/index.php\/wp-json\/wp\/v2\/posts\/2255\/revisions\/2256"}],"wp:featuredmedia":[{"embeddable":true,"href":"https:\/\/evertonfc.cz\/index.php\/wp-json\/wp\/v2\/media\/1315"}],"wp:attachment":[{"href":"https:\/\/evertonfc.cz\/index.php\/wp-json\/wp\/v2\/media?parent=2255"}],"wp:term":[{"taxonomy":"category","embeddable":true,"href":"https:\/\/evertonfc.cz\/index.php\/wp-json\/wp\/v2\/categories?post=2255"},{"taxonomy":"post_tag","embeddable":true,"href":"https:\/\/evertonfc.cz\/index.php\/wp-json\/wp\/v2\/tags?post=2255"}],"curies":[{"name":"wp","href":"https:\/\/api.w.org\/{rel}","templated":true}]}}