{"id":2257,"date":"2018-01-21T18:28:09","date_gmt":"2018-01-21T17:28:09","guid":{"rendered":"http:\/\/evertonfc.cz\/?p=2257"},"modified":"2019-02-05T18:30:37","modified_gmt":"2019-02-05T17:30:37","slug":"watford-propustil-silvu-neprimo-pritom-obvinil-everton","status":"publish","type":"post","link":"https:\/\/evertonfc.cz\/index.php\/2018\/01\/21\/watford-propustil-silvu-neprimo-pritom-obvinil-everton\/","title":{"rendered":"Watford propustil Silvu, nep\u0159\u00edmo p\u0159itom obvinil Everton"},"content":{"rendered":"\n<h4 class=\"wp-block-heading\">Watford v\u010dera ne\u010dekan\u011b z 10. m\u00edsta tabulky propustil mana\u017eera Marca Silvu, kter\u00fd do klubu p\u0159i\u0161el jenom v l\u00e9t\u011b. Katalyz\u00e1torem rozhodnut\u00ed byl pr\u00fd listopadov\u00fd z\u00e1jem Evertonu o Portugalce.<\/h4>\n\n\n\n<p>Toffees na vyj\u00e1d\u0159en\u00ed zat\u00edm ofici\u00e1ln\u011b nereagovali a je nepravd\u011bpodobn\u00e9, \u017ee v\u016fbec budou.<\/p>\n\n\n\n<p>Farhad Moshiri, vlastn\u00edk nejv\u011bt\u0161\u00edho pod\u00edlu v Evertonu, v listopadu po vyhazovu Ronalda Koemana identifikoval Silvu jako vysn\u011bn\u00e9ho n\u00e1stupce na mana\u017eersk\u00fd post. Watfordu dokonce ne\u00fasp\u011b\u0161n\u011b nab\u00edzel a\u017e 15 milion\u016f liber.<\/p>\n\n\n\n<p>Silva si do t\u00e9 doby u\u017e\u00edval vyda\u0159en\u00fd start v nov\u00e9m p\u016fsobi\u0161ti, Hornets byli na dost\u0159el nejlep\u0161\u00edm t\u00fdm\u016fm ligy a p\u0159edv\u00e1d\u011bli atraktivn\u00ed fotbal. Po z\u00e1jmu ze strany Evertonu ale jejich forma rapidn\u011b poklesla. Sice se nyn\u00ed nach\u00e1zej\u00ed na 10. m\u00edst\u011b v tabulce, ov\u0161em z posledn\u00edch 11 utk\u00e1n\u00ed vyhr\u00e1li jedin\u00e9, co\u017e po v\u010derej\u0161\u00ed proh\u0159e s Leicestere vy\u00fastilo v Silvovo propu\u0161t\u011bn\u00ed.<\/p>\n\n\n\n<p>V ofici\u00e1ln\u00edm prohl\u00e1\u0161en\u00ed na str\u00e1nk\u00e1ch Watfordu se p\u00ed\u0161e:\u00a0<em>\u201eKlub je p\u0159esv\u011bd\u010den, \u017ee jmenov\u00e1n\u00ed Silvy bylo spr\u00e1vn\u00e9 a neb\u00fdt nem\u00edstn\u00e9ho kontaktu ze strany ligov\u00e9 rivala, nad\u00e1le by se n\u00e1m da\u0159ilo. Katalyz\u00e1torem tohoto rozhodnut\u00ed je pr\u00e1v\u011b zm\u00edn\u011bn\u00fd nem\u00edstn\u00fd kontakt, kter\u00fd podle n\u00e1zoru p\u0159edstavenstva zap\u0159\u00ed\u010dinil zhor\u0161en\u00e9 soust\u0159ed\u011bn\u00ed mana\u017eera i v\u00fdsledky, a tak ohrozil\u00a0dlouhodobou budoucnost klubu.\u201c<\/em><\/p>\n\n\n\n<p>V&nbsp;prohl\u00e1\u0161en\u00ed oproti zvyklostem chyb\u00ed pod\u011bkov\u00e1n\u00ed mana\u017eerovi za odveden\u00e9 slu\u017eby.<\/p>\n\n\n\n<p>Watford je\u0161t\u011b v ten sam\u00fd den dosadil do funkce \u0160pan\u011bla Javiho Graciu, jen\u017e naposledy p\u016fsobil v rusk\u00e9m Rubinu Kaza\u0148. Gracia je des\u00e1t\u00fdm mana\u017eerem na Vicarage Road od roku 2012.<\/p>\n\n\n\n<p>Everton po nezdaru anga\u017eovat Silvu a dlouh\u00e9m hled\u00e1n\u00ed nakonec na\u0161el Koemanova n\u00e1stupce v Samu Allardyceovi. Ten po skv\u011bl\u00e9m za\u010d\u00e1tku mus\u00ed \u0159e\u0161it \u0161patn\u00e9 v\u00fdsledky a hrozbu z\u00e1chran\u00e1\u0159sk\u00fdch boj\u016f. Aktu\u00e1ln\u00ed n\u00e1skok na sestupov\u00e9 p\u0159\u00ed\u010dky je stejn\u00fd (5 bod\u016f), jako kdy\u017e byl Allardyce jmenov\u00e1n.<\/p>\n","protected":false},"excerpt":{"rendered":"<p>Watford v\u010dera ne\u010dekan\u011b z 10. m\u00edsta tabulky propustil mana\u017eera Marca Silvu, kter\u00fd do klubu p\u0159i\u0161el jenom v l\u00e9t\u011b. Katalyz\u00e1torem rozhodnut\u00ed&hellip;<\/p>\n","protected":false},"author":6,"featured_media":1313,"comment_status":"open","ping_status":"closed","sticky":false,"template":"","format":"standard","meta":{"_eb_attr":"","_monsterinsights_skip_tracking":false,"_monsterinsights_sitenote_active":false,"_monsterinsights_sitenote_note":"","_monsterinsights_sitenote_category":0,"footnotes":""},"categories":[42],"tags":[],"yoast_head":"<!-- This site is optimized with the Yoast SEO plugin v23.4 - https:\/\/yoast.com\/wordpress\/plugins\/seo\/ -->\n<title>Watford propustil Silvu, nep\u0159\u00edmo p\u0159itom obvinil Everton - Official Czech &amp; Slovak Everton Supporters&#039; Club<\/title>\n<meta name=\"robots\" content=\"index, follow, max-snippet:-1, max-image-preview:large, max-video-preview:-1\" \/>\n<link rel=\"canonical\" href=\"https:\/\/evertonfc.cz\/index.php\/2018\/01\/21\/watford-propustil-silvu-neprimo-pritom-obvinil-everton\/\" \/>\n<meta property=\"og:locale\" content=\"cs_CZ\" \/>\n<meta property=\"og:type\" content=\"article\" \/>\n<meta property=\"og:title\" content=\"Watford propustil Silvu, nep\u0159\u00edmo p\u0159itom obvinil Everton - Official Czech &amp; Slovak Everton Supporters&#039; Club\" \/>\n<meta property=\"og:description\" content=\"Watford v\u010dera ne\u010dekan\u011b z 10. m\u00edsta tabulky propustil mana\u017eera Marca Silvu, kter\u00fd do klubu p\u0159i\u0161el jenom v l\u00e9t\u011b. Katalyz\u00e1torem rozhodnut\u00ed&hellip;\" \/>\n<meta property=\"og:url\" content=\"https:\/\/evertonfc.cz\/index.php\/2018\/01\/21\/watford-propustil-silvu-neprimo-pritom-obvinil-everton\/\" \/>\n<meta property=\"og:site_name\" content=\"Official Czech &amp; Slovak Everton Supporters&#039; Club\" \/>\n<meta property=\"article:publisher\" content=\"https:\/\/www.facebook.com\/everton.fans.cz.sk\" \/>\n<meta property=\"article:published_time\" content=\"2018-01-21T17:28:09+00:00\" \/>\n<meta property=\"article:modified_time\" content=\"2019-02-05T17:30:37+00:00\" \/>\n<meta property=\"og:image\" content=\"https:\/\/evertonfc.cz\/wp-content\/uploads\/2019\/01\/news.jpg\" \/>\n\t<meta property=\"og:image:width\" content=\"720\" \/>\n\t<meta property=\"og:image:height\" content=\"405\" \/>\n\t<meta property=\"og:image:type\" content=\"image\/jpeg\" \/>\n<meta name=\"author\" content=\"Ri\u010di\" \/>\n<meta name=\"twitter:card\" content=\"summary_large_image\" \/>\n<meta name=\"twitter:creator\" content=\"@rbrejsa\" \/>\n<meta name=\"twitter:label1\" content=\"Napsal(a)\" \/>\n\t<meta name=\"twitter:data1\" content=\"Ri\u010di\" \/>\n\t<meta name=\"twitter:label2\" content=\"Odhadovan\u00e1 doba \u010dten\u00ed\" \/>\n\t<meta name=\"twitter:data2\" content=\"2 minuty\" \/>\n<script type=\"application\/ld+json\" class=\"yoast-schema-graph\">{\"@context\":\"https:\/\/schema.org\",\"@graph\":[{\"@type\":\"Article\",\"@id\":\"https:\/\/evertonfc.cz\/index.php\/2018\/01\/21\/watford-propustil-silvu-neprimo-pritom-obvinil-everton\/#article\",\"isPartOf\":{\"@id\":\"https:\/\/evertonfc.cz\/index.php\/2018\/01\/21\/watford-propustil-silvu-neprimo-pritom-obvinil-everton\/\"},\"author\":{\"name\":\"Ri\u010di\",\"@id\":\"https:\/\/evertonfc.cz\/#\/schema\/person\/f7a5daedb2ffee98480bc70e191aaef1\"},\"headline\":\"Watford propustil Silvu, nep\u0159\u00edmo p\u0159itom obvinil Everton\",\"datePublished\":\"2018-01-21T17:28:09+00:00\",\"dateModified\":\"2019-02-05T17:30:37+00:00\",\"mainEntityOfPage\":{\"@id\":\"https:\/\/evertonfc.cz\/index.php\/2018\/01\/21\/watford-propustil-silvu-neprimo-pritom-obvinil-everton\/\"},\"wordCount\":372,\"commentCount\":0,\"publisher\":{\"@id\":\"https:\/\/evertonfc.cz\/#organization\"},\"image\":{\"@id\":\"https:\/\/evertonfc.cz\/index.php\/2018\/01\/21\/watford-propustil-silvu-neprimo-pritom-obvinil-everton\/#primaryimage\"},\"thumbnailUrl\":\"https:\/\/evertonfc.cz\/wp-content\/uploads\/2019\/01\/news.jpg\",\"articleSection\":[\"Aktuality\"],\"inLanguage\":\"cs\",\"potentialAction\":[{\"@type\":\"CommentAction\",\"name\":\"Comment\",\"target\":[\"https:\/\/evertonfc.cz\/index.php\/2018\/01\/21\/watford-propustil-silvu-neprimo-pritom-obvinil-everton\/#respond\"]}]},{\"@type\":\"WebPage\",\"@id\":\"https:\/\/evertonfc.cz\/index.php\/2018\/01\/21\/watford-propustil-silvu-neprimo-pritom-obvinil-everton\/\",\"url\":\"https:\/\/evertonfc.cz\/index.php\/2018\/01\/21\/watford-propustil-silvu-neprimo-pritom-obvinil-everton\/\",\"name\":\"Watford propustil Silvu, nep\u0159\u00edmo p\u0159itom obvinil Everton - Official Czech &amp; Slovak Everton Supporters&#039; Club\",\"isPartOf\":{\"@id\":\"https:\/\/evertonfc.cz\/#website\"},\"primaryImageOfPage\":{\"@id\":\"https:\/\/evertonfc.cz\/index.php\/2018\/01\/21\/watford-propustil-silvu-neprimo-pritom-obvinil-everton\/#primaryimage\"},\"image\":{\"@id\":\"https:\/\/evertonfc.cz\/index.php\/2018\/01\/21\/watford-propustil-silvu-neprimo-pritom-obvinil-everton\/#primaryimage\"},\"thumbnailUrl\":\"https:\/\/evertonfc.cz\/wp-content\/uploads\/2019\/01\/news.jpg\",\"datePublished\":\"2018-01-21T17:28:09+00:00\",\"dateModified\":\"2019-02-05T17:30:37+00:00\",\"breadcrumb\":{\"@id\":\"https:\/\/evertonfc.cz\/index.php\/2018\/01\/21\/watford-propustil-silvu-neprimo-pritom-obvinil-everton\/#breadcrumb\"},\"inLanguage\":\"cs\",\"potentialAction\":[{\"@type\":\"ReadAction\",\"target\":[\"https:\/\/evertonfc.cz\/index.php\/2018\/01\/21\/watford-propustil-silvu-neprimo-pritom-obvinil-everton\/\"]}]},{\"@type\":\"ImageObject\",\"inLanguage\":\"cs\",\"@id\":\"https:\/\/evertonfc.cz\/index.php\/2018\/01\/21\/watford-propustil-silvu-neprimo-pritom-obvinil-everton\/#primaryimage\",\"url\":\"https:\/\/evertonfc.cz\/wp-content\/uploads\/2019\/01\/news.jpg\",\"contentUrl\":\"https:\/\/evertonfc.cz\/wp-content\/uploads\/2019\/01\/news.jpg\",\"width\":720,\"height\":405},{\"@type\":\"BreadcrumbList\",\"@id\":\"https:\/\/evertonfc.cz\/index.php\/2018\/01\/21\/watford-propustil-silvu-neprimo-pritom-obvinil-everton\/#breadcrumb\",\"itemListElement\":[{\"@type\":\"ListItem\",\"position\":1,\"name\":\"Home\",\"item\":\"https:\/\/evertonfc.cz\/\"},{\"@type\":\"ListItem\",\"position\":2,\"name\":\"Watford propustil Silvu, nep\u0159\u00edmo p\u0159itom obvinil Everton\"}]},{\"@type\":\"WebSite\",\"@id\":\"https:\/\/evertonfc.cz\/#website\",\"url\":\"https:\/\/evertonfc.cz\/\",\"name\":\"Official Czech &amp; Slovak Everton Supporters&#039; Club\",\"description\":\"\",\"publisher\":{\"@id\":\"https:\/\/evertonfc.cz\/#organization\"},\"potentialAction\":[{\"@type\":\"SearchAction\",\"target\":{\"@type\":\"EntryPoint\",\"urlTemplate\":\"https:\/\/evertonfc.cz\/?s={search_term_string}\"},\"query-input\":{\"@type\":\"PropertyValueSpecification\",\"valueRequired\":true,\"valueName\":\"search_term_string\"}}],\"inLanguage\":\"cs\"},{\"@type\":\"Organization\",\"@id\":\"https:\/\/evertonfc.cz\/#organization\",\"name\":\"Official Czech & Slovak Everton Supporters' Club\",\"url\":\"https:\/\/evertonfc.cz\/\",\"logo\":{\"@type\":\"ImageObject\",\"inLanguage\":\"cs\",\"@id\":\"https:\/\/evertonfc.cz\/#\/schema\/logo\/image\/\",\"url\":\"https:\/\/evertonfc.cz\/wp-content\/uploads\/2019\/05\/logo.png\",\"contentUrl\":\"https:\/\/evertonfc.cz\/wp-content\/uploads\/2019\/05\/logo.png\",\"width\":112,\"height\":112,\"caption\":\"Official Czech & Slovak Everton Supporters' Club\"},\"image\":{\"@id\":\"https:\/\/evertonfc.cz\/#\/schema\/logo\/image\/\"},\"sameAs\":[\"https:\/\/www.facebook.com\/everton.fans.cz.sk\"]},{\"@type\":\"Person\",\"@id\":\"https:\/\/evertonfc.cz\/#\/schema\/person\/f7a5daedb2ffee98480bc70e191aaef1\",\"name\":\"Ri\u010di\",\"sameAs\":[\"https:\/\/x.com\/rbrejsa\"],\"url\":\"https:\/\/evertonfc.cz\/index.php\/author\/rici\/\"}]}<\/script>\n<!-- \/ Yoast SEO plugin. -->","yoast_head_json":{"title":"Watford propustil Silvu, nep\u0159\u00edmo p\u0159itom obvinil Everton - Official Czech &amp; Slovak Everton Supporters&#039; Club","robots":{"index":"index","follow":"follow","max-snippet":"max-snippet:-1","max-image-preview":"max-image-preview:large","max-video-preview":"max-video-preview:-1"},"canonical":"https:\/\/evertonfc.cz\/index.php\/2018\/01\/21\/watford-propustil-silvu-neprimo-pritom-obvinil-everton\/","og_locale":"cs_CZ","og_type":"article","og_title":"Watford propustil Silvu, nep\u0159\u00edmo p\u0159itom obvinil Everton - Official Czech &amp; Slovak Everton Supporters&#039; Club","og_description":"Watford v\u010dera ne\u010dekan\u011b z 10. m\u00edsta tabulky propustil mana\u017eera Marca Silvu, kter\u00fd do klubu p\u0159i\u0161el jenom v l\u00e9t\u011b. Katalyz\u00e1torem rozhodnut\u00ed&hellip;","og_url":"https:\/\/evertonfc.cz\/index.php\/2018\/01\/21\/watford-propustil-silvu-neprimo-pritom-obvinil-everton\/","og_site_name":"Official Czech &amp; Slovak Everton Supporters&#039; Club","article_publisher":"https:\/\/www.facebook.com\/everton.fans.cz.sk","article_published_time":"2018-01-21T17:28:09+00:00","article_modified_time":"2019-02-05T17:30:37+00:00","og_image":[{"width":720,"height":405,"url":"https:\/\/evertonfc.cz\/wp-content\/uploads\/2019\/01\/news.jpg","type":"image\/jpeg"}],"author":"Ri\u010di","twitter_card":"summary_large_image","twitter_creator":"@rbrejsa","twitter_misc":{"Napsal(a)":"Ri\u010di","Odhadovan\u00e1 doba \u010dten\u00ed":"2 minuty"},"schema":{"@context":"https:\/\/schema.org","@graph":[{"@type":"Article","@id":"https:\/\/evertonfc.cz\/index.php\/2018\/01\/21\/watford-propustil-silvu-neprimo-pritom-obvinil-everton\/#article","isPartOf":{"@id":"https:\/\/evertonfc.cz\/index.php\/2018\/01\/21\/watford-propustil-silvu-neprimo-pritom-obvinil-everton\/"},"author":{"name":"Ri\u010di","@id":"https:\/\/evertonfc.cz\/#\/schema\/person\/f7a5daedb2ffee98480bc70e191aaef1"},"headline":"Watford propustil Silvu, nep\u0159\u00edmo p\u0159itom obvinil Everton","datePublished":"2018-01-21T17:28:09+00:00","dateModified":"2019-02-05T17:30:37+00:00","mainEntityOfPage":{"@id":"https:\/\/evertonfc.cz\/index.php\/2018\/01\/21\/watford-propustil-silvu-neprimo-pritom-obvinil-everton\/"},"wordCount":372,"commentCount":0,"publisher":{"@id":"https:\/\/evertonfc.cz\/#organization"},"image":{"@id":"https:\/\/evertonfc.cz\/index.php\/2018\/01\/21\/watford-propustil-silvu-neprimo-pritom-obvinil-everton\/#primaryimage"},"thumbnailUrl":"https:\/\/evertonfc.cz\/wp-content\/uploads\/2019\/01\/news.jpg","articleSection":["Aktuality"],"inLanguage":"cs","potentialAction":[{"@type":"CommentAction","name":"Comment","target":["https:\/\/evertonfc.cz\/index.php\/2018\/01\/21\/watford-propustil-silvu-neprimo-pritom-obvinil-everton\/#respond"]}]},{"@type":"WebPage","@id":"https:\/\/evertonfc.cz\/index.php\/2018\/01\/21\/watford-propustil-silvu-neprimo-pritom-obvinil-everton\/","url":"https:\/\/evertonfc.cz\/index.php\/2018\/01\/21\/watford-propustil-silvu-neprimo-pritom-obvinil-everton\/","name":"Watford propustil Silvu, nep\u0159\u00edmo p\u0159itom obvinil Everton - Official Czech &amp; Slovak Everton Supporters&#039; Club","isPartOf":{"@id":"https:\/\/evertonfc.cz\/#website"},"primaryImageOfPage":{"@id":"https:\/\/evertonfc.cz\/index.php\/2018\/01\/21\/watford-propustil-silvu-neprimo-pritom-obvinil-everton\/#primaryimage"},"image":{"@id":"https:\/\/evertonfc.cz\/index.php\/2018\/01\/21\/watford-propustil-silvu-neprimo-pritom-obvinil-everton\/#primaryimage"},"thumbnailUrl":"https:\/\/evertonfc.cz\/wp-content\/uploads\/2019\/01\/news.jpg","datePublished":"2018-01-21T17:28:09+00:00","dateModified":"2019-02-05T17:30:37+00:00","breadcrumb":{"@id":"https:\/\/evertonfc.cz\/index.php\/2018\/01\/21\/watford-propustil-silvu-neprimo-pritom-obvinil-everton\/#breadcrumb"},"inLanguage":"cs","potentialAction":[{"@type":"ReadAction","target":["https:\/\/evertonfc.cz\/index.php\/2018\/01\/21\/watford-propustil-silvu-neprimo-pritom-obvinil-everton\/"]}]},{"@type":"ImageObject","inLanguage":"cs","@id":"https:\/\/evertonfc.cz\/index.php\/2018\/01\/21\/watford-propustil-silvu-neprimo-pritom-obvinil-everton\/#primaryimage","url":"https:\/\/evertonfc.cz\/wp-content\/uploads\/2019\/01\/news.jpg","contentUrl":"https:\/\/evertonfc.cz\/wp-content\/uploads\/2019\/01\/news.jpg","width":720,"height":405},{"@type":"BreadcrumbList","@id":"https:\/\/evertonfc.cz\/index.php\/2018\/01\/21\/watford-propustil-silvu-neprimo-pritom-obvinil-everton\/#breadcrumb","itemListElement":[{"@type":"ListItem","position":1,"name":"Home","item":"https:\/\/evertonfc.cz\/"},{"@type":"ListItem","position":2,"name":"Watford propustil Silvu, nep\u0159\u00edmo p\u0159itom obvinil Everton"}]},{"@type":"WebSite","@id":"https:\/\/evertonfc.cz\/#website","url":"https:\/\/evertonfc.cz\/","name":"Official Czech &amp; Slovak Everton Supporters&#039; Club","description":"","publisher":{"@id":"https:\/\/evertonfc.cz\/#organization"},"potentialAction":[{"@type":"SearchAction","target":{"@type":"EntryPoint","urlTemplate":"https:\/\/evertonfc.cz\/?s={search_term_string}"},"query-input":{"@type":"PropertyValueSpecification","valueRequired":true,"valueName":"search_term_string"}}],"inLanguage":"cs"},{"@type":"Organization","@id":"https:\/\/evertonfc.cz\/#organization","name":"Official Czech & Slovak Everton Supporters' Club","url":"https:\/\/evertonfc.cz\/","logo":{"@type":"ImageObject","inLanguage":"cs","@id":"https:\/\/evertonfc.cz\/#\/schema\/logo\/image\/","url":"https:\/\/evertonfc.cz\/wp-content\/uploads\/2019\/05\/logo.png","contentUrl":"https:\/\/evertonfc.cz\/wp-content\/uploads\/2019\/05\/logo.png","width":112,"height":112,"caption":"Official Czech & Slovak Everton Supporters' Club"},"image":{"@id":"https:\/\/evertonfc.cz\/#\/schema\/logo\/image\/"},"sameAs":["https:\/\/www.facebook.com\/everton.fans.cz.sk"]},{"@type":"Person","@id":"https:\/\/evertonfc.cz\/#\/schema\/person\/f7a5daedb2ffee98480bc70e191aaef1","name":"Ri\u010di","sameAs":["https:\/\/x.com\/rbrejsa"],"url":"https:\/\/evertonfc.cz\/index.php\/author\/rici\/"}]}},"_links":{"self":[{"href":"https:\/\/evertonfc.cz\/index.php\/wp-json\/wp\/v2\/posts\/2257"}],"collection":[{"href":"https:\/\/evertonfc.cz\/index.php\/wp-json\/wp\/v2\/posts"}],"about":[{"href":"https:\/\/evertonfc.cz\/index.php\/wp-json\/wp\/v2\/types\/post"}],"author":[{"embeddable":true,"href":"https:\/\/evertonfc.cz\/index.php\/wp-json\/wp\/v2\/users\/6"}],"replies":[{"embeddable":true,"href":"https:\/\/evertonfc.cz\/index.php\/wp-json\/wp\/v2\/comments?post=2257"}],"version-history":[{"count":1,"href":"https:\/\/evertonfc.cz\/index.php\/wp-json\/wp\/v2\/posts\/2257\/revisions"}],"predecessor-version":[{"id":2258,"href":"https:\/\/evertonfc.cz\/index.php\/wp-json\/wp\/v2\/posts\/2257\/revisions\/2258"}],"wp:featuredmedia":[{"embeddable":true,"href":"https:\/\/evertonfc.cz\/index.php\/wp-json\/wp\/v2\/media\/1313"}],"wp:attachment":[{"href":"https:\/\/evertonfc.cz\/index.php\/wp-json\/wp\/v2\/media?parent=2257"}],"wp:term":[{"taxonomy":"category","embeddable":true,"href":"https:\/\/evertonfc.cz\/index.php\/wp-json\/wp\/v2\/categories?post=2257"},{"taxonomy":"post_tag","embeddable":true,"href":"https:\/\/evertonfc.cz\/index.php\/wp-json\/wp\/v2\/tags?post=2257"}],"curies":[{"name":"wp","href":"https:\/\/api.w.org\/{rel}","templated":true}]}}