{"id":22584,"date":"2023-09-01T13:22:43","date_gmt":"2023-09-01T11:22:43","guid":{"rendered":"https:\/\/evertonfc.cz\/?p=22584"},"modified":"2023-09-01T13:31:20","modified_gmt":"2023-09-01T11:31:20","slug":"tretia-sada-pyzamova","status":"publish","type":"post","link":"https:\/\/evertonfc.cz\/index.php\/2023\/09\/01\/tretia-sada-pyzamova\/","title":{"rendered":"Tretia sada py\u017eamov\u00e1"},"content":{"rendered":"<h4>Netradi\u010dne neskoro bola predstaven\u00e1 posledn\u00e1 s\u00faprava dresov pre u\u017e aktu\u00e1lnu sez\u00f3nu 2023\/24. Svetl\u00e9 mot\u00edvy pr\u00fa\u017ekovanej \u0161edej bude dop\u013a\u0148a\u0165 v\u00a0br\u00e1nke fialov\u00e1 farba.<\/h4>\n<p>Ako u\u017e vieme, klubov\u00fd \u201etechnick\u00fd\u201c partner Hummel oslavuje tento rok svoje 100. v\u00fdro\u010die, a vo svojom portf\u00f3liu vytvoril pre kluby jeden zo svojich najzn\u00e1mej\u0161\u00edch dizajnov, aby osl\u00e1vil tento m\u00ed\u013enik. A variant Evertonu \u2013 siv\u00e1, modr\u00e1 a biela kombin\u00e1cia \u2013 \u010derp\u00e1 in\u0161pir\u00e1ciu z klasick\u00e9ho \u201epol na pol\u201c dresu d\u00e1nskej zna\u010dky, ktor\u00e9 mal t\u00fa \u010des\u0165 nosi\u0165 d\u00e1nsky n\u00e1rodn\u00fd t\u00edm po\u010das Majstrovstiev sveta v\u00a0roku 1986.<\/p>\n<p>Prv\u00e1 siv\u00e1 s\u00faprava Karameliek od ro\u010dn\u00edka 2017\/18 obsahuje pr\u00fa\u017ekovan\u00fd dres s v\u00fdrazn\u00fdm kontrastom medzi dokonal\u00fdmi a neutr\u00e1lnymi siv\u00fdmi t\u00f3nmi, bielym podt\u00f3nom a tradi\u010dnou modrou Evertonu. T\u00e1 je zv\u00fdraznen\u00e1 v k\u013e\u00fa\u010dov\u00fdch prvkoch, vr\u00e1tane \u0161t\u00fdlov\u00e9ho v\u00fdstrihu do V a modernizovan\u00fdch ramenn\u00fdch \u0161\u00edpkach.<\/p>\n<h4><strong>Gabby George:<\/strong><\/h4>\n<blockquote><p><span style=\"font-size: 12pt;\"><em>\u00a0\u201eV\u017edy je pekn\u00e9 ma\u0165 nie\u010do trochu in\u00e9 ako tretiu s\u00fapravu. A t\u00e1to sp\u013a\u0148a v\u0161etky podmienky. Hummel dizajn z 80-tych rokov funguje naozaj dobre so sivou farbou a tie\u017e vynik\u00e1 modr\u00e1 Evertonu. Je to retro s\u00faprava, ktor\u00e1 vyzer\u00e1 a p\u00f4sob\u00ed skuto\u010dne moderne a te\u0161\u00edme sa na jej nosenie.\u201c<\/em><\/span><\/p><\/blockquote>\n<p>T\u00e1to jedine\u010dn\u00e1 farebn\u00e1 kombin\u00e1cia tie\u017e umo\u017e\u0148uje, aby logo ve\u017ee Princa Ruperta \u2013 ktor\u00e9 op\u00e4\u0165 nahr\u00e1dza tradi\u010dn\u00fd klubov\u00fd erb na tretej sade \u2013 vyniklo spolu s retro logom \u201eEFC\u201c na zadnej strane goliera. Dres je doplnen\u00fd dokonal\u00fdmi \u0161ed\u00fdmi \u0161ortkami so zvisl\u00fdmi modr\u00fdmi a bielymi \u0161\u00edpkami Hummelu. Rovnakej farby s\u00fa aj \u0161tulpne, ktor\u00e9 maj\u00fa po stran\u00e1ch modr\u00fd horizont\u00e1lny lem v tvare \u0161\u00edpok.<\/p>\n<p><img loading=\"lazy\" decoding=\"async\" class=\"alignnone size-full wp-image-22586\" src=\"https:\/\/evertonfc.cz\/wp-content\/uploads\/2023\/09\/Hummel-Third-compilation-2023-24.jpg\" alt=\"\" width=\"720\" height=\"300\" srcset=\"https:\/\/evertonfc.cz\/wp-content\/uploads\/2023\/09\/Hummel-Third-compilation-2023-24.jpg 720w, https:\/\/evertonfc.cz\/wp-content\/uploads\/2023\/09\/Hummel-Third-compilation-2023-24-300x125.jpg 300w\" sizes=\"(max-width: 720px) 100vw, 720px\" \/>V tandeme s dom\u00e1cimi a vonkaj\u0161\u00edmi verziami, ktor\u00e9 boli odhalen\u00e9 za\u010diatkom tohto leta, fialov\u00e1 brank\u00e1rska s\u00faprava vzd\u00e1va hold \u0161peci\u00e1lnemu vz\u0165ahu medzi kostolom Sv\u00e4t\u00e9ho Luk\u00e1\u0161a a Goodison Parkom. V tomto pr\u00edpade obsahuje vlo\u017een\u00fd dizajn opakuj\u00faceho sa vzoru t\u00fdchto dvoch sl\u00e1vnych in\u0161tit\u00faci\u00ed v r\u00f4znych ve\u013ekostiach. Blokov\u00fd fialov\u00fd v\u00fdstrih do V a biele \u0161\u00edpky na ramen\u00e1ch dotv\u00e1raj\u00fa vzh\u013ead.<\/p>\n<p>Brank\u00e1rska s\u00faprava obsahuje tie\u017e fialov\u00e9 \u0161ortky s vertik\u00e1lnymi bielymi \u0161\u00edpkami a fialov\u00e9 \u0161tulpne s bielym, horizont\u00e1lnym \u0161\u00edpkov\u00fdm lemom. Samozrejme, v\u0161etky sady sa vyr\u00e1baj\u00fa pomocou technol\u00f3gie Hummel ECO8. Pri nej sa pou\u017e\u00edva materi\u00e1l vyroben\u00fd a\u017e z \u00f4smich plastov\u00fdch flia\u0161 pre ka\u017ed\u00fd dres. A po\u010das procesu farbenia sa spotrebuje minim\u00e1lne mno\u017estvo vody. Navy\u0161e priaznivci si u\u017e m\u00f4\u017eu v\u0161etky dresy a ve\u013ekosti objedna\u0165 na e-shope alebo k\u00fapi\u0165 v kamenn\u00fdch v predajniach.<\/p>\n<h4><strong>Allan Vad Nielsen, gener\u00e1lny riadite\u013e Hummel:<\/strong><\/h4>\n<blockquote><p><span style=\"font-size: 12pt;\"><em>\u201eK n\u00e1\u0161mu storo\u010dn\u00e9mu roku sa zdalo \u00faplne vhodn\u00e9 pon\u00faknu\u0165 na mieru \u0161it\u00fa verziu ikonick\u00e9ho a ve\u013emi ob\u013e\u00faben\u00e9ho dizajnu, ktor\u00fd D\u00e1nsko nosilo na majstrovstv\u00e1ch sveta 1986. Sme si ist\u00ed, \u017ee fan\u00fa\u0161ikovia Evertonu si u\u017eij\u00fa nostalgick\u00fd aspekt tejto s\u00fapravy, ktor\u00e1 nesie jedine\u010dn\u00fa farebn\u00fa paletu, aby sa zabezpe\u010dilo, \u017ee zostane autenticky a v\u00fdlu\u010dne \u201eEverton\u201c. Spolu s dom\u00e1cimi a vonkaj\u0161\u00edmi dresmi sme hrd\u00ed na na\u0161e pr\u00edspevky v tejto sez\u00f3ne, a \u010fakujeme fan\u00fa\u0161ikom Evertonu za to, \u017ee v\u00a0nich podporuj\u00fa t\u00edm.\u201c<\/em><\/span><\/p><\/blockquote>\n<p style=\"text-align: right;\"><span style=\"font-size: 8pt;\">(fotozdroj: evertonfc.com)<\/span><\/p>\n","protected":false},"excerpt":{"rendered":"<p>Netradi\u010dne neskoro bola predstaven\u00e1 posledn\u00e1 s\u00faprava dresov pre u\u017e aktu\u00e1lnu sez\u00f3nu 2023\/24. Svetl\u00e9 mot\u00edvy pr\u00fa\u017ekovanej \u0161edej bude dop\u013a\u0148a\u0165 v\u00a0br\u00e1nke fialov\u00e1 farba.<\/p>\n","protected":false},"author":1,"featured_media":22585,"comment_status":"open","ping_status":"closed","sticky":false,"template":"","format":"standard","meta":{"_eb_attr":"","_monsterinsights_skip_tracking":false,"_monsterinsights_sitenote_active":false,"_monsterinsights_sitenote_note":"","_monsterinsights_sitenote_category":0,"footnotes":""},"categories":[42],"tags":[],"yoast_head":"<!-- This site is optimized with the Yoast SEO plugin v23.4 - https:\/\/yoast.com\/wordpress\/plugins\/seo\/ -->\n<title>Tretia sada py\u017eamov\u00e1 - Official Czech &amp; Slovak Everton Supporters&#039; Club<\/title>\n<meta name=\"robots\" content=\"index, follow, max-snippet:-1, max-image-preview:large, max-video-preview:-1\" \/>\n<link rel=\"canonical\" href=\"https:\/\/evertonfc.cz\/index.php\/2023\/09\/01\/tretia-sada-pyzamova\/\" \/>\n<meta property=\"og:locale\" content=\"cs_CZ\" \/>\n<meta property=\"og:type\" content=\"article\" \/>\n<meta property=\"og:title\" content=\"Tretia sada py\u017eamov\u00e1 - Official Czech &amp; Slovak Everton Supporters&#039; Club\" \/>\n<meta property=\"og:description\" content=\"Netradi\u010dne neskoro bola predstaven\u00e1 posledn\u00e1 s\u00faprava dresov pre u\u017e aktu\u00e1lnu sez\u00f3nu 2023\/24. Svetl\u00e9 mot\u00edvy pr\u00fa\u017ekovanej \u0161edej bude dop\u013a\u0148a\u0165 v\u00a0br\u00e1nke fialov\u00e1 farba.\" \/>\n<meta property=\"og:url\" content=\"https:\/\/evertonfc.cz\/index.php\/2023\/09\/01\/tretia-sada-pyzamova\/\" \/>\n<meta property=\"og:site_name\" content=\"Official Czech &amp; Slovak Everton Supporters&#039; Club\" \/>\n<meta property=\"article:publisher\" content=\"https:\/\/www.facebook.com\/everton.fans.cz.sk\" \/>\n<meta property=\"article:published_time\" content=\"2023-09-01T11:22:43+00:00\" \/>\n<meta property=\"article:modified_time\" content=\"2023-09-01T11:31:20+00:00\" \/>\n<meta property=\"og:image\" content=\"https:\/\/evertonfc.cz\/wp-content\/uploads\/2023\/09\/Hummel-Third-2023-24.jpg\" \/>\n\t<meta property=\"og:image:width\" content=\"720\" \/>\n\t<meta property=\"og:image:height\" content=\"405\" \/>\n\t<meta property=\"og:image:type\" content=\"image\/jpeg\" \/>\n<meta name=\"author\" content=\"BlueBlooded\" \/>\n<meta name=\"twitter:card\" content=\"summary_large_image\" \/>\n<meta name=\"twitter:label1\" content=\"Napsal(a)\" \/>\n\t<meta name=\"twitter:data1\" content=\"BlueBlooded\" \/>\n\t<meta name=\"twitter:label2\" content=\"Odhadovan\u00e1 doba \u010dten\u00ed\" \/>\n\t<meta name=\"twitter:data2\" content=\"2 minuty\" \/>\n<script type=\"application\/ld+json\" class=\"yoast-schema-graph\">{\"@context\":\"https:\/\/schema.org\",\"@graph\":[{\"@type\":\"Article\",\"@id\":\"https:\/\/evertonfc.cz\/index.php\/2023\/09\/01\/tretia-sada-pyzamova\/#article\",\"isPartOf\":{\"@id\":\"https:\/\/evertonfc.cz\/index.php\/2023\/09\/01\/tretia-sada-pyzamova\/\"},\"author\":{\"name\":\"BlueBlooded\",\"@id\":\"https:\/\/evertonfc.cz\/#\/schema\/person\/d4493b8cbea51532597fbc4685698916\"},\"headline\":\"Tretia sada py\u017eamov\u00e1\",\"datePublished\":\"2023-09-01T11:22:43+00:00\",\"dateModified\":\"2023-09-01T11:31:20+00:00\",\"mainEntityOfPage\":{\"@id\":\"https:\/\/evertonfc.cz\/index.php\/2023\/09\/01\/tretia-sada-pyzamova\/\"},\"wordCount\":576,\"commentCount\":0,\"publisher\":{\"@id\":\"https:\/\/evertonfc.cz\/#organization\"},\"image\":{\"@id\":\"https:\/\/evertonfc.cz\/index.php\/2023\/09\/01\/tretia-sada-pyzamova\/#primaryimage\"},\"thumbnailUrl\":\"https:\/\/evertonfc.cz\/wp-content\/uploads\/2023\/09\/Hummel-Third-2023-24.jpg\",\"articleSection\":[\"Aktuality\"],\"inLanguage\":\"cs\",\"potentialAction\":[{\"@type\":\"CommentAction\",\"name\":\"Comment\",\"target\":[\"https:\/\/evertonfc.cz\/index.php\/2023\/09\/01\/tretia-sada-pyzamova\/#respond\"]}]},{\"@type\":\"WebPage\",\"@id\":\"https:\/\/evertonfc.cz\/index.php\/2023\/09\/01\/tretia-sada-pyzamova\/\",\"url\":\"https:\/\/evertonfc.cz\/index.php\/2023\/09\/01\/tretia-sada-pyzamova\/\",\"name\":\"Tretia sada py\u017eamov\u00e1 - Official Czech &amp; Slovak Everton Supporters&#039; Club\",\"isPartOf\":{\"@id\":\"https:\/\/evertonfc.cz\/#website\"},\"primaryImageOfPage\":{\"@id\":\"https:\/\/evertonfc.cz\/index.php\/2023\/09\/01\/tretia-sada-pyzamova\/#primaryimage\"},\"image\":{\"@id\":\"https:\/\/evertonfc.cz\/index.php\/2023\/09\/01\/tretia-sada-pyzamova\/#primaryimage\"},\"thumbnailUrl\":\"https:\/\/evertonfc.cz\/wp-content\/uploads\/2023\/09\/Hummel-Third-2023-24.jpg\",\"datePublished\":\"2023-09-01T11:22:43+00:00\",\"dateModified\":\"2023-09-01T11:31:20+00:00\",\"breadcrumb\":{\"@id\":\"https:\/\/evertonfc.cz\/index.php\/2023\/09\/01\/tretia-sada-pyzamova\/#breadcrumb\"},\"inLanguage\":\"cs\",\"potentialAction\":[{\"@type\":\"ReadAction\",\"target\":[\"https:\/\/evertonfc.cz\/index.php\/2023\/09\/01\/tretia-sada-pyzamova\/\"]}]},{\"@type\":\"ImageObject\",\"inLanguage\":\"cs\",\"@id\":\"https:\/\/evertonfc.cz\/index.php\/2023\/09\/01\/tretia-sada-pyzamova\/#primaryimage\",\"url\":\"https:\/\/evertonfc.cz\/wp-content\/uploads\/2023\/09\/Hummel-Third-2023-24.jpg\",\"contentUrl\":\"https:\/\/evertonfc.cz\/wp-content\/uploads\/2023\/09\/Hummel-Third-2023-24.jpg\",\"width\":720,\"height\":405},{\"@type\":\"BreadcrumbList\",\"@id\":\"https:\/\/evertonfc.cz\/index.php\/2023\/09\/01\/tretia-sada-pyzamova\/#breadcrumb\",\"itemListElement\":[{\"@type\":\"ListItem\",\"position\":1,\"name\":\"Home\",\"item\":\"https:\/\/evertonfc.cz\/\"},{\"@type\":\"ListItem\",\"position\":2,\"name\":\"Tretia sada py\u017eamov\u00e1\"}]},{\"@type\":\"WebSite\",\"@id\":\"https:\/\/evertonfc.cz\/#website\",\"url\":\"https:\/\/evertonfc.cz\/\",\"name\":\"Official Czech &amp; Slovak Everton Supporters&#039; Club\",\"description\":\"\",\"publisher\":{\"@id\":\"https:\/\/evertonfc.cz\/#organization\"},\"potentialAction\":[{\"@type\":\"SearchAction\",\"target\":{\"@type\":\"EntryPoint\",\"urlTemplate\":\"https:\/\/evertonfc.cz\/?s={search_term_string}\"},\"query-input\":{\"@type\":\"PropertyValueSpecification\",\"valueRequired\":true,\"valueName\":\"search_term_string\"}}],\"inLanguage\":\"cs\"},{\"@type\":\"Organization\",\"@id\":\"https:\/\/evertonfc.cz\/#organization\",\"name\":\"Official Czech & Slovak Everton Supporters' Club\",\"url\":\"https:\/\/evertonfc.cz\/\",\"logo\":{\"@type\":\"ImageObject\",\"inLanguage\":\"cs\",\"@id\":\"https:\/\/evertonfc.cz\/#\/schema\/logo\/image\/\",\"url\":\"https:\/\/evertonfc.cz\/wp-content\/uploads\/2019\/05\/logo.png\",\"contentUrl\":\"https:\/\/evertonfc.cz\/wp-content\/uploads\/2019\/05\/logo.png\",\"width\":112,\"height\":112,\"caption\":\"Official Czech & Slovak Everton Supporters' Club\"},\"image\":{\"@id\":\"https:\/\/evertonfc.cz\/#\/schema\/logo\/image\/\"},\"sameAs\":[\"https:\/\/www.facebook.com\/everton.fans.cz.sk\"]},{\"@type\":\"Person\",\"@id\":\"https:\/\/evertonfc.cz\/#\/schema\/person\/d4493b8cbea51532597fbc4685698916\",\"name\":\"BlueBlooded\",\"url\":\"https:\/\/evertonfc.cz\/index.php\/author\/admin\/\"}]}<\/script>\n<!-- \/ Yoast SEO plugin. -->","yoast_head_json":{"title":"Tretia sada py\u017eamov\u00e1 - Official Czech &amp; Slovak Everton Supporters&#039; Club","robots":{"index":"index","follow":"follow","max-snippet":"max-snippet:-1","max-image-preview":"max-image-preview:large","max-video-preview":"max-video-preview:-1"},"canonical":"https:\/\/evertonfc.cz\/index.php\/2023\/09\/01\/tretia-sada-pyzamova\/","og_locale":"cs_CZ","og_type":"article","og_title":"Tretia sada py\u017eamov\u00e1 - Official Czech &amp; Slovak Everton Supporters&#039; Club","og_description":"Netradi\u010dne neskoro bola predstaven\u00e1 posledn\u00e1 s\u00faprava dresov pre u\u017e aktu\u00e1lnu sez\u00f3nu 2023\/24. Svetl\u00e9 mot\u00edvy pr\u00fa\u017ekovanej \u0161edej bude dop\u013a\u0148a\u0165 v\u00a0br\u00e1nke fialov\u00e1 farba.","og_url":"https:\/\/evertonfc.cz\/index.php\/2023\/09\/01\/tretia-sada-pyzamova\/","og_site_name":"Official Czech &amp; Slovak Everton Supporters&#039; Club","article_publisher":"https:\/\/www.facebook.com\/everton.fans.cz.sk","article_published_time":"2023-09-01T11:22:43+00:00","article_modified_time":"2023-09-01T11:31:20+00:00","og_image":[{"width":720,"height":405,"url":"https:\/\/evertonfc.cz\/wp-content\/uploads\/2023\/09\/Hummel-Third-2023-24.jpg","type":"image\/jpeg"}],"author":"BlueBlooded","twitter_card":"summary_large_image","twitter_misc":{"Napsal(a)":"BlueBlooded","Odhadovan\u00e1 doba \u010dten\u00ed":"2 minuty"},"schema":{"@context":"https:\/\/schema.org","@graph":[{"@type":"Article","@id":"https:\/\/evertonfc.cz\/index.php\/2023\/09\/01\/tretia-sada-pyzamova\/#article","isPartOf":{"@id":"https:\/\/evertonfc.cz\/index.php\/2023\/09\/01\/tretia-sada-pyzamova\/"},"author":{"name":"BlueBlooded","@id":"https:\/\/evertonfc.cz\/#\/schema\/person\/d4493b8cbea51532597fbc4685698916"},"headline":"Tretia sada py\u017eamov\u00e1","datePublished":"2023-09-01T11:22:43+00:00","dateModified":"2023-09-01T11:31:20+00:00","mainEntityOfPage":{"@id":"https:\/\/evertonfc.cz\/index.php\/2023\/09\/01\/tretia-sada-pyzamova\/"},"wordCount":576,"commentCount":0,"publisher":{"@id":"https:\/\/evertonfc.cz\/#organization"},"image":{"@id":"https:\/\/evertonfc.cz\/index.php\/2023\/09\/01\/tretia-sada-pyzamova\/#primaryimage"},"thumbnailUrl":"https:\/\/evertonfc.cz\/wp-content\/uploads\/2023\/09\/Hummel-Third-2023-24.jpg","articleSection":["Aktuality"],"inLanguage":"cs","potentialAction":[{"@type":"CommentAction","name":"Comment","target":["https:\/\/evertonfc.cz\/index.php\/2023\/09\/01\/tretia-sada-pyzamova\/#respond"]}]},{"@type":"WebPage","@id":"https:\/\/evertonfc.cz\/index.php\/2023\/09\/01\/tretia-sada-pyzamova\/","url":"https:\/\/evertonfc.cz\/index.php\/2023\/09\/01\/tretia-sada-pyzamova\/","name":"Tretia sada py\u017eamov\u00e1 - Official Czech &amp; Slovak Everton Supporters&#039; Club","isPartOf":{"@id":"https:\/\/evertonfc.cz\/#website"},"primaryImageOfPage":{"@id":"https:\/\/evertonfc.cz\/index.php\/2023\/09\/01\/tretia-sada-pyzamova\/#primaryimage"},"image":{"@id":"https:\/\/evertonfc.cz\/index.php\/2023\/09\/01\/tretia-sada-pyzamova\/#primaryimage"},"thumbnailUrl":"https:\/\/evertonfc.cz\/wp-content\/uploads\/2023\/09\/Hummel-Third-2023-24.jpg","datePublished":"2023-09-01T11:22:43+00:00","dateModified":"2023-09-01T11:31:20+00:00","breadcrumb":{"@id":"https:\/\/evertonfc.cz\/index.php\/2023\/09\/01\/tretia-sada-pyzamova\/#breadcrumb"},"inLanguage":"cs","potentialAction":[{"@type":"ReadAction","target":["https:\/\/evertonfc.cz\/index.php\/2023\/09\/01\/tretia-sada-pyzamova\/"]}]},{"@type":"ImageObject","inLanguage":"cs","@id":"https:\/\/evertonfc.cz\/index.php\/2023\/09\/01\/tretia-sada-pyzamova\/#primaryimage","url":"https:\/\/evertonfc.cz\/wp-content\/uploads\/2023\/09\/Hummel-Third-2023-24.jpg","contentUrl":"https:\/\/evertonfc.cz\/wp-content\/uploads\/2023\/09\/Hummel-Third-2023-24.jpg","width":720,"height":405},{"@type":"BreadcrumbList","@id":"https:\/\/evertonfc.cz\/index.php\/2023\/09\/01\/tretia-sada-pyzamova\/#breadcrumb","itemListElement":[{"@type":"ListItem","position":1,"name":"Home","item":"https:\/\/evertonfc.cz\/"},{"@type":"ListItem","position":2,"name":"Tretia sada py\u017eamov\u00e1"}]},{"@type":"WebSite","@id":"https:\/\/evertonfc.cz\/#website","url":"https:\/\/evertonfc.cz\/","name":"Official Czech &amp; Slovak Everton Supporters&#039; Club","description":"","publisher":{"@id":"https:\/\/evertonfc.cz\/#organization"},"potentialAction":[{"@type":"SearchAction","target":{"@type":"EntryPoint","urlTemplate":"https:\/\/evertonfc.cz\/?s={search_term_string}"},"query-input":{"@type":"PropertyValueSpecification","valueRequired":true,"valueName":"search_term_string"}}],"inLanguage":"cs"},{"@type":"Organization","@id":"https:\/\/evertonfc.cz\/#organization","name":"Official Czech & Slovak Everton Supporters' Club","url":"https:\/\/evertonfc.cz\/","logo":{"@type":"ImageObject","inLanguage":"cs","@id":"https:\/\/evertonfc.cz\/#\/schema\/logo\/image\/","url":"https:\/\/evertonfc.cz\/wp-content\/uploads\/2019\/05\/logo.png","contentUrl":"https:\/\/evertonfc.cz\/wp-content\/uploads\/2019\/05\/logo.png","width":112,"height":112,"caption":"Official Czech & Slovak Everton Supporters' Club"},"image":{"@id":"https:\/\/evertonfc.cz\/#\/schema\/logo\/image\/"},"sameAs":["https:\/\/www.facebook.com\/everton.fans.cz.sk"]},{"@type":"Person","@id":"https:\/\/evertonfc.cz\/#\/schema\/person\/d4493b8cbea51532597fbc4685698916","name":"BlueBlooded","url":"https:\/\/evertonfc.cz\/index.php\/author\/admin\/"}]}},"_links":{"self":[{"href":"https:\/\/evertonfc.cz\/index.php\/wp-json\/wp\/v2\/posts\/22584"}],"collection":[{"href":"https:\/\/evertonfc.cz\/index.php\/wp-json\/wp\/v2\/posts"}],"about":[{"href":"https:\/\/evertonfc.cz\/index.php\/wp-json\/wp\/v2\/types\/post"}],"author":[{"embeddable":true,"href":"https:\/\/evertonfc.cz\/index.php\/wp-json\/wp\/v2\/users\/1"}],"replies":[{"embeddable":true,"href":"https:\/\/evertonfc.cz\/index.php\/wp-json\/wp\/v2\/comments?post=22584"}],"version-history":[{"count":2,"href":"https:\/\/evertonfc.cz\/index.php\/wp-json\/wp\/v2\/posts\/22584\/revisions"}],"predecessor-version":[{"id":22588,"href":"https:\/\/evertonfc.cz\/index.php\/wp-json\/wp\/v2\/posts\/22584\/revisions\/22588"}],"wp:featuredmedia":[{"embeddable":true,"href":"https:\/\/evertonfc.cz\/index.php\/wp-json\/wp\/v2\/media\/22585"}],"wp:attachment":[{"href":"https:\/\/evertonfc.cz\/index.php\/wp-json\/wp\/v2\/media?parent=22584"}],"wp:term":[{"taxonomy":"category","embeddable":true,"href":"https:\/\/evertonfc.cz\/index.php\/wp-json\/wp\/v2\/categories?post=22584"},{"taxonomy":"post_tag","embeddable":true,"href":"https:\/\/evertonfc.cz\/index.php\/wp-json\/wp\/v2\/tags?post=22584"}],"curies":[{"name":"wp","href":"https:\/\/api.w.org\/{rel}","templated":true}]}}