{"id":2259,"date":"2018-01-24T18:30:43","date_gmt":"2018-01-24T17:30:43","guid":{"rendered":"http:\/\/evertonfc.cz\/?p=2259"},"modified":"2019-02-05T18:32:03","modified_gmt":"2019-02-05T17:32:03","slug":"lennon-mava-sateckem-na-rozloucenou-a-prestupuje-do-burnley","status":"publish","type":"post","link":"https:\/\/evertonfc.cz\/index.php\/2018\/01\/24\/lennon-mava-sateckem-na-rozloucenou-a-prestupuje-do-burnley\/","title":{"rendered":"Lennon m\u00e1v\u00e1 \u0161\u00e1te\u010dkem na rozlou\u010denou a p\u0159estupuje do Burnley"},"content":{"rendered":"\n<p>Odchody p\u0159ebyte\u010dn\u00fdch plejer\u016f ji\u017e za\u010daly. Dal\u0161\u00edm je &#8222;John&#8220;. A n\u011bco nov\u00e9ho ohledn\u011b Tara\u0161aje.<\/p>\n\n\n\n<p>Lennon je celou kari\u00e9ru trochu z\u00e1hada. Kdy\u017e se mu fakt cht\u011blo hr\u00e1t, tak se obr\u00e1nci nechytali, ale stabilita jeho v\u00fdkon\u016f nen\u00ed a nebyla kdov\u00edjak\u00e1. V posledn\u00ed dob\u011b hr\u00e1val v Evertonu v z\u00e1kladu, ale smlouva mu kon\u010dila v l\u00e9t\u011b a klub se zjevn\u011b nechystal ji prodlou\u017eit. K\u00fdvl tak na nab\u00eddku Burnley, \u017ee o\u017eiv\u00ed jejich \u00fato\u010dnou f\u00e1zi. A \u017ee ji t\u00fdm se sk\u00f3re 19:21 po 24 odehran\u00fdch kolech pot\u0159ebuje.<\/p>\n\n\n\n<p>\u010c\u00e1stka nebyla zve\u0159ejn\u011bna, ale jde sp\u00ed\u0161e o pakatel. Smlouva byla podeps\u00e1na na t\u0159i roky a rod\u00e1k z Leedsu bude nosit dres \u010d\u00edslo 25.<\/p>\n\n\n\n<p>Co k p\u0159estupu \u0159ekl samotn\u00fd hr\u00e1\u010d?<em>\u00a0\u201eDo Burnley jsem cht\u011bl a t\u011b\u0161\u00edm se, a\u017e za n\u011b za\u010dnu hr\u00e1t. Klub jde nahoru a j\u00e1 mu v tom chci pomoci. Mysl\u00edm si, \u017ee m\u00e1m st\u00e1le co nab\u00eddnout. Je mi teprve 30 a chci hr\u00e1t na nejvy\u0161\u0161\u00ed \u00farovni. Chci hr\u00e1t co nejv\u00edc.\u201c<\/em>\u00a0Ostatn\u011b, Evertonians ho uvid\u00ed relativn\u011b brzy, vz\u00e1jemn\u00fd z\u00e1pas v Goodison Parku je napl\u00e1nov\u00e1n na prvn\u00ed b\u0159eznovou sobotu p\u0159ed televizn\u00ed kamery.<\/p>\n\n\n\n<p>A m\u00e1me i novinky ohledn\u011b Tara\u0161aje. Hoch se zotavil z letn\u00edho zran\u011bn\u00ed kolene a m\u016f\u017ee do konce sez\u00f3ny hr\u00e1t z\u00e1pasy (aspo\u0148 ob\u010das) za t\u00fdm do 23 let. Fyzi\u010dka je ji\u017e skoro nabr\u00e1na, na hostov\u00e1n\u00ed pravd\u011bpodobn\u011b posl\u00e1n nebude.<\/p>\n","protected":false},"excerpt":{"rendered":"<p>Odchody p\u0159ebyte\u010dn\u00fdch plejer\u016f ji\u017e za\u010daly. Dal\u0161\u00edm je &#8222;John&#8220;. A n\u011bco nov\u00e9ho ohledn\u011b Tara\u0161aje. Lennon je celou kari\u00e9ru trochu z\u00e1hada. Kdy\u017e&hellip;<\/p>\n","protected":false},"author":12,"featured_media":1316,"comment_status":"open","ping_status":"closed","sticky":false,"template":"","format":"standard","meta":{"_eb_attr":"","_monsterinsights_skip_tracking":false,"_monsterinsights_sitenote_active":false,"_monsterinsights_sitenote_note":"","_monsterinsights_sitenote_category":0,"footnotes":""},"categories":[41],"tags":[],"yoast_head":"<!-- This site is optimized with the Yoast SEO plugin v23.4 - https:\/\/yoast.com\/wordpress\/plugins\/seo\/ -->\n<title>Lennon m\u00e1v\u00e1 \u0161\u00e1te\u010dkem na rozlou\u010denou a p\u0159estupuje do Burnley - Official Czech &amp; Slovak Everton Supporters&#039; Club<\/title>\n<meta name=\"robots\" content=\"index, follow, max-snippet:-1, max-image-preview:large, max-video-preview:-1\" \/>\n<link rel=\"canonical\" href=\"https:\/\/evertonfc.cz\/index.php\/2018\/01\/24\/lennon-mava-sateckem-na-rozloucenou-a-prestupuje-do-burnley\/\" \/>\n<meta property=\"og:locale\" content=\"cs_CZ\" \/>\n<meta property=\"og:type\" content=\"article\" \/>\n<meta property=\"og:title\" content=\"Lennon m\u00e1v\u00e1 \u0161\u00e1te\u010dkem na rozlou\u010denou a p\u0159estupuje do Burnley - Official Czech &amp; Slovak Everton Supporters&#039; Club\" \/>\n<meta property=\"og:description\" content=\"Odchody p\u0159ebyte\u010dn\u00fdch plejer\u016f ji\u017e za\u010daly. Dal\u0161\u00edm je &#8222;John&#8220;. A n\u011bco nov\u00e9ho ohledn\u011b Tara\u0161aje. Lennon je celou kari\u00e9ru trochu z\u00e1hada. Kdy\u017e&hellip;\" \/>\n<meta property=\"og:url\" content=\"https:\/\/evertonfc.cz\/index.php\/2018\/01\/24\/lennon-mava-sateckem-na-rozloucenou-a-prestupuje-do-burnley\/\" \/>\n<meta property=\"og:site_name\" content=\"Official Czech &amp; Slovak Everton Supporters&#039; Club\" \/>\n<meta property=\"article:publisher\" content=\"https:\/\/www.facebook.com\/everton.fans.cz.sk\" \/>\n<meta property=\"article:published_time\" content=\"2018-01-24T17:30:43+00:00\" \/>\n<meta property=\"article:modified_time\" content=\"2019-02-05T17:32:03+00:00\" \/>\n<meta property=\"og:image\" content=\"https:\/\/evertonfc.cz\/wp-content\/uploads\/2019\/01\/transfer.jpg\" \/>\n\t<meta property=\"og:image:width\" content=\"720\" \/>\n\t<meta property=\"og:image:height\" content=\"405\" \/>\n\t<meta property=\"og:image:type\" content=\"image\/jpeg\" \/>\n<meta name=\"author\" content=\"Javor\" \/>\n<meta name=\"twitter:card\" content=\"summary_large_image\" \/>\n<meta name=\"twitter:creator\" content=\"@LoudinJan\" \/>\n<meta name=\"twitter:label1\" content=\"Napsal(a)\" \/>\n\t<meta name=\"twitter:data1\" content=\"Javor\" \/>\n\t<meta name=\"twitter:label2\" content=\"Odhadovan\u00e1 doba \u010dten\u00ed\" \/>\n\t<meta name=\"twitter:data2\" content=\"1 minuta\" \/>\n<script type=\"application\/ld+json\" class=\"yoast-schema-graph\">{\"@context\":\"https:\/\/schema.org\",\"@graph\":[{\"@type\":\"Article\",\"@id\":\"https:\/\/evertonfc.cz\/index.php\/2018\/01\/24\/lennon-mava-sateckem-na-rozloucenou-a-prestupuje-do-burnley\/#article\",\"isPartOf\":{\"@id\":\"https:\/\/evertonfc.cz\/index.php\/2018\/01\/24\/lennon-mava-sateckem-na-rozloucenou-a-prestupuje-do-burnley\/\"},\"author\":{\"name\":\"Javor\",\"@id\":\"https:\/\/evertonfc.cz\/#\/schema\/person\/b30daf6a5852f4811f8207a17ec1bf78\"},\"headline\":\"Lennon m\u00e1v\u00e1 \u0161\u00e1te\u010dkem na rozlou\u010denou a p\u0159estupuje do Burnley\",\"datePublished\":\"2018-01-24T17:30:43+00:00\",\"dateModified\":\"2019-02-05T17:32:03+00:00\",\"mainEntityOfPage\":{\"@id\":\"https:\/\/evertonfc.cz\/index.php\/2018\/01\/24\/lennon-mava-sateckem-na-rozloucenou-a-prestupuje-do-burnley\/\"},\"wordCount\":285,\"commentCount\":0,\"publisher\":{\"@id\":\"https:\/\/evertonfc.cz\/#organization\"},\"image\":{\"@id\":\"https:\/\/evertonfc.cz\/index.php\/2018\/01\/24\/lennon-mava-sateckem-na-rozloucenou-a-prestupuje-do-burnley\/#primaryimage\"},\"thumbnailUrl\":\"https:\/\/evertonfc.cz\/wp-content\/uploads\/2019\/01\/transfer.jpg\",\"articleSection\":[\"P\u0159estupy\"],\"inLanguage\":\"cs\",\"potentialAction\":[{\"@type\":\"CommentAction\",\"name\":\"Comment\",\"target\":[\"https:\/\/evertonfc.cz\/index.php\/2018\/01\/24\/lennon-mava-sateckem-na-rozloucenou-a-prestupuje-do-burnley\/#respond\"]}]},{\"@type\":\"WebPage\",\"@id\":\"https:\/\/evertonfc.cz\/index.php\/2018\/01\/24\/lennon-mava-sateckem-na-rozloucenou-a-prestupuje-do-burnley\/\",\"url\":\"https:\/\/evertonfc.cz\/index.php\/2018\/01\/24\/lennon-mava-sateckem-na-rozloucenou-a-prestupuje-do-burnley\/\",\"name\":\"Lennon m\u00e1v\u00e1 \u0161\u00e1te\u010dkem na rozlou\u010denou a p\u0159estupuje do Burnley - Official Czech &amp; Slovak Everton Supporters&#039; Club\",\"isPartOf\":{\"@id\":\"https:\/\/evertonfc.cz\/#website\"},\"primaryImageOfPage\":{\"@id\":\"https:\/\/evertonfc.cz\/index.php\/2018\/01\/24\/lennon-mava-sateckem-na-rozloucenou-a-prestupuje-do-burnley\/#primaryimage\"},\"image\":{\"@id\":\"https:\/\/evertonfc.cz\/index.php\/2018\/01\/24\/lennon-mava-sateckem-na-rozloucenou-a-prestupuje-do-burnley\/#primaryimage\"},\"thumbnailUrl\":\"https:\/\/evertonfc.cz\/wp-content\/uploads\/2019\/01\/transfer.jpg\",\"datePublished\":\"2018-01-24T17:30:43+00:00\",\"dateModified\":\"2019-02-05T17:32:03+00:00\",\"breadcrumb\":{\"@id\":\"https:\/\/evertonfc.cz\/index.php\/2018\/01\/24\/lennon-mava-sateckem-na-rozloucenou-a-prestupuje-do-burnley\/#breadcrumb\"},\"inLanguage\":\"cs\",\"potentialAction\":[{\"@type\":\"ReadAction\",\"target\":[\"https:\/\/evertonfc.cz\/index.php\/2018\/01\/24\/lennon-mava-sateckem-na-rozloucenou-a-prestupuje-do-burnley\/\"]}]},{\"@type\":\"ImageObject\",\"inLanguage\":\"cs\",\"@id\":\"https:\/\/evertonfc.cz\/index.php\/2018\/01\/24\/lennon-mava-sateckem-na-rozloucenou-a-prestupuje-do-burnley\/#primaryimage\",\"url\":\"https:\/\/evertonfc.cz\/wp-content\/uploads\/2019\/01\/transfer.jpg\",\"contentUrl\":\"https:\/\/evertonfc.cz\/wp-content\/uploads\/2019\/01\/transfer.jpg\",\"width\":720,\"height\":405},{\"@type\":\"BreadcrumbList\",\"@id\":\"https:\/\/evertonfc.cz\/index.php\/2018\/01\/24\/lennon-mava-sateckem-na-rozloucenou-a-prestupuje-do-burnley\/#breadcrumb\",\"itemListElement\":[{\"@type\":\"ListItem\",\"position\":1,\"name\":\"Home\",\"item\":\"https:\/\/evertonfc.cz\/\"},{\"@type\":\"ListItem\",\"position\":2,\"name\":\"Lennon m\u00e1v\u00e1 \u0161\u00e1te\u010dkem na rozlou\u010denou a p\u0159estupuje do Burnley\"}]},{\"@type\":\"WebSite\",\"@id\":\"https:\/\/evertonfc.cz\/#website\",\"url\":\"https:\/\/evertonfc.cz\/\",\"name\":\"Official Czech &amp; Slovak Everton Supporters&#039; Club\",\"description\":\"\",\"publisher\":{\"@id\":\"https:\/\/evertonfc.cz\/#organization\"},\"potentialAction\":[{\"@type\":\"SearchAction\",\"target\":{\"@type\":\"EntryPoint\",\"urlTemplate\":\"https:\/\/evertonfc.cz\/?s={search_term_string}\"},\"query-input\":{\"@type\":\"PropertyValueSpecification\",\"valueRequired\":true,\"valueName\":\"search_term_string\"}}],\"inLanguage\":\"cs\"},{\"@type\":\"Organization\",\"@id\":\"https:\/\/evertonfc.cz\/#organization\",\"name\":\"Official Czech & Slovak Everton Supporters' Club\",\"url\":\"https:\/\/evertonfc.cz\/\",\"logo\":{\"@type\":\"ImageObject\",\"inLanguage\":\"cs\",\"@id\":\"https:\/\/evertonfc.cz\/#\/schema\/logo\/image\/\",\"url\":\"https:\/\/evertonfc.cz\/wp-content\/uploads\/2019\/05\/logo.png\",\"contentUrl\":\"https:\/\/evertonfc.cz\/wp-content\/uploads\/2019\/05\/logo.png\",\"width\":112,\"height\":112,\"caption\":\"Official Czech & Slovak Everton Supporters' Club\"},\"image\":{\"@id\":\"https:\/\/evertonfc.cz\/#\/schema\/logo\/image\/\"},\"sameAs\":[\"https:\/\/www.facebook.com\/everton.fans.cz.sk\"]},{\"@type\":\"Person\",\"@id\":\"https:\/\/evertonfc.cz\/#\/schema\/person\/b30daf6a5852f4811f8207a17ec1bf78\",\"name\":\"Javor\",\"sameAs\":[\"https:\/\/x.com\/LoudinJan\"],\"url\":\"https:\/\/evertonfc.cz\/index.php\/author\/javor\/\"}]}<\/script>\n<!-- \/ Yoast SEO plugin. -->","yoast_head_json":{"title":"Lennon m\u00e1v\u00e1 \u0161\u00e1te\u010dkem na rozlou\u010denou a p\u0159estupuje do Burnley - Official Czech &amp; Slovak Everton Supporters&#039; Club","robots":{"index":"index","follow":"follow","max-snippet":"max-snippet:-1","max-image-preview":"max-image-preview:large","max-video-preview":"max-video-preview:-1"},"canonical":"https:\/\/evertonfc.cz\/index.php\/2018\/01\/24\/lennon-mava-sateckem-na-rozloucenou-a-prestupuje-do-burnley\/","og_locale":"cs_CZ","og_type":"article","og_title":"Lennon m\u00e1v\u00e1 \u0161\u00e1te\u010dkem na rozlou\u010denou a p\u0159estupuje do Burnley - Official Czech &amp; Slovak Everton Supporters&#039; Club","og_description":"Odchody p\u0159ebyte\u010dn\u00fdch plejer\u016f ji\u017e za\u010daly. Dal\u0161\u00edm je &#8222;John&#8220;. A n\u011bco nov\u00e9ho ohledn\u011b Tara\u0161aje. Lennon je celou kari\u00e9ru trochu z\u00e1hada. Kdy\u017e&hellip;","og_url":"https:\/\/evertonfc.cz\/index.php\/2018\/01\/24\/lennon-mava-sateckem-na-rozloucenou-a-prestupuje-do-burnley\/","og_site_name":"Official Czech &amp; Slovak Everton Supporters&#039; Club","article_publisher":"https:\/\/www.facebook.com\/everton.fans.cz.sk","article_published_time":"2018-01-24T17:30:43+00:00","article_modified_time":"2019-02-05T17:32:03+00:00","og_image":[{"width":720,"height":405,"url":"https:\/\/evertonfc.cz\/wp-content\/uploads\/2019\/01\/transfer.jpg","type":"image\/jpeg"}],"author":"Javor","twitter_card":"summary_large_image","twitter_creator":"@LoudinJan","twitter_misc":{"Napsal(a)":"Javor","Odhadovan\u00e1 doba \u010dten\u00ed":"1 minuta"},"schema":{"@context":"https:\/\/schema.org","@graph":[{"@type":"Article","@id":"https:\/\/evertonfc.cz\/index.php\/2018\/01\/24\/lennon-mava-sateckem-na-rozloucenou-a-prestupuje-do-burnley\/#article","isPartOf":{"@id":"https:\/\/evertonfc.cz\/index.php\/2018\/01\/24\/lennon-mava-sateckem-na-rozloucenou-a-prestupuje-do-burnley\/"},"author":{"name":"Javor","@id":"https:\/\/evertonfc.cz\/#\/schema\/person\/b30daf6a5852f4811f8207a17ec1bf78"},"headline":"Lennon m\u00e1v\u00e1 \u0161\u00e1te\u010dkem na rozlou\u010denou a p\u0159estupuje do Burnley","datePublished":"2018-01-24T17:30:43+00:00","dateModified":"2019-02-05T17:32:03+00:00","mainEntityOfPage":{"@id":"https:\/\/evertonfc.cz\/index.php\/2018\/01\/24\/lennon-mava-sateckem-na-rozloucenou-a-prestupuje-do-burnley\/"},"wordCount":285,"commentCount":0,"publisher":{"@id":"https:\/\/evertonfc.cz\/#organization"},"image":{"@id":"https:\/\/evertonfc.cz\/index.php\/2018\/01\/24\/lennon-mava-sateckem-na-rozloucenou-a-prestupuje-do-burnley\/#primaryimage"},"thumbnailUrl":"https:\/\/evertonfc.cz\/wp-content\/uploads\/2019\/01\/transfer.jpg","articleSection":["P\u0159estupy"],"inLanguage":"cs","potentialAction":[{"@type":"CommentAction","name":"Comment","target":["https:\/\/evertonfc.cz\/index.php\/2018\/01\/24\/lennon-mava-sateckem-na-rozloucenou-a-prestupuje-do-burnley\/#respond"]}]},{"@type":"WebPage","@id":"https:\/\/evertonfc.cz\/index.php\/2018\/01\/24\/lennon-mava-sateckem-na-rozloucenou-a-prestupuje-do-burnley\/","url":"https:\/\/evertonfc.cz\/index.php\/2018\/01\/24\/lennon-mava-sateckem-na-rozloucenou-a-prestupuje-do-burnley\/","name":"Lennon m\u00e1v\u00e1 \u0161\u00e1te\u010dkem na rozlou\u010denou a p\u0159estupuje do Burnley - Official Czech &amp; Slovak Everton Supporters&#039; Club","isPartOf":{"@id":"https:\/\/evertonfc.cz\/#website"},"primaryImageOfPage":{"@id":"https:\/\/evertonfc.cz\/index.php\/2018\/01\/24\/lennon-mava-sateckem-na-rozloucenou-a-prestupuje-do-burnley\/#primaryimage"},"image":{"@id":"https:\/\/evertonfc.cz\/index.php\/2018\/01\/24\/lennon-mava-sateckem-na-rozloucenou-a-prestupuje-do-burnley\/#primaryimage"},"thumbnailUrl":"https:\/\/evertonfc.cz\/wp-content\/uploads\/2019\/01\/transfer.jpg","datePublished":"2018-01-24T17:30:43+00:00","dateModified":"2019-02-05T17:32:03+00:00","breadcrumb":{"@id":"https:\/\/evertonfc.cz\/index.php\/2018\/01\/24\/lennon-mava-sateckem-na-rozloucenou-a-prestupuje-do-burnley\/#breadcrumb"},"inLanguage":"cs","potentialAction":[{"@type":"ReadAction","target":["https:\/\/evertonfc.cz\/index.php\/2018\/01\/24\/lennon-mava-sateckem-na-rozloucenou-a-prestupuje-do-burnley\/"]}]},{"@type":"ImageObject","inLanguage":"cs","@id":"https:\/\/evertonfc.cz\/index.php\/2018\/01\/24\/lennon-mava-sateckem-na-rozloucenou-a-prestupuje-do-burnley\/#primaryimage","url":"https:\/\/evertonfc.cz\/wp-content\/uploads\/2019\/01\/transfer.jpg","contentUrl":"https:\/\/evertonfc.cz\/wp-content\/uploads\/2019\/01\/transfer.jpg","width":720,"height":405},{"@type":"BreadcrumbList","@id":"https:\/\/evertonfc.cz\/index.php\/2018\/01\/24\/lennon-mava-sateckem-na-rozloucenou-a-prestupuje-do-burnley\/#breadcrumb","itemListElement":[{"@type":"ListItem","position":1,"name":"Home","item":"https:\/\/evertonfc.cz\/"},{"@type":"ListItem","position":2,"name":"Lennon m\u00e1v\u00e1 \u0161\u00e1te\u010dkem na rozlou\u010denou a p\u0159estupuje do Burnley"}]},{"@type":"WebSite","@id":"https:\/\/evertonfc.cz\/#website","url":"https:\/\/evertonfc.cz\/","name":"Official Czech &amp; Slovak Everton Supporters&#039; Club","description":"","publisher":{"@id":"https:\/\/evertonfc.cz\/#organization"},"potentialAction":[{"@type":"SearchAction","target":{"@type":"EntryPoint","urlTemplate":"https:\/\/evertonfc.cz\/?s={search_term_string}"},"query-input":{"@type":"PropertyValueSpecification","valueRequired":true,"valueName":"search_term_string"}}],"inLanguage":"cs"},{"@type":"Organization","@id":"https:\/\/evertonfc.cz\/#organization","name":"Official Czech & Slovak Everton Supporters' Club","url":"https:\/\/evertonfc.cz\/","logo":{"@type":"ImageObject","inLanguage":"cs","@id":"https:\/\/evertonfc.cz\/#\/schema\/logo\/image\/","url":"https:\/\/evertonfc.cz\/wp-content\/uploads\/2019\/05\/logo.png","contentUrl":"https:\/\/evertonfc.cz\/wp-content\/uploads\/2019\/05\/logo.png","width":112,"height":112,"caption":"Official Czech & Slovak Everton Supporters' Club"},"image":{"@id":"https:\/\/evertonfc.cz\/#\/schema\/logo\/image\/"},"sameAs":["https:\/\/www.facebook.com\/everton.fans.cz.sk"]},{"@type":"Person","@id":"https:\/\/evertonfc.cz\/#\/schema\/person\/b30daf6a5852f4811f8207a17ec1bf78","name":"Javor","sameAs":["https:\/\/x.com\/LoudinJan"],"url":"https:\/\/evertonfc.cz\/index.php\/author\/javor\/"}]}},"_links":{"self":[{"href":"https:\/\/evertonfc.cz\/index.php\/wp-json\/wp\/v2\/posts\/2259"}],"collection":[{"href":"https:\/\/evertonfc.cz\/index.php\/wp-json\/wp\/v2\/posts"}],"about":[{"href":"https:\/\/evertonfc.cz\/index.php\/wp-json\/wp\/v2\/types\/post"}],"author":[{"embeddable":true,"href":"https:\/\/evertonfc.cz\/index.php\/wp-json\/wp\/v2\/users\/12"}],"replies":[{"embeddable":true,"href":"https:\/\/evertonfc.cz\/index.php\/wp-json\/wp\/v2\/comments?post=2259"}],"version-history":[{"count":1,"href":"https:\/\/evertonfc.cz\/index.php\/wp-json\/wp\/v2\/posts\/2259\/revisions"}],"predecessor-version":[{"id":2260,"href":"https:\/\/evertonfc.cz\/index.php\/wp-json\/wp\/v2\/posts\/2259\/revisions\/2260"}],"wp:featuredmedia":[{"embeddable":true,"href":"https:\/\/evertonfc.cz\/index.php\/wp-json\/wp\/v2\/media\/1316"}],"wp:attachment":[{"href":"https:\/\/evertonfc.cz\/index.php\/wp-json\/wp\/v2\/media?parent=2259"}],"wp:term":[{"taxonomy":"category","embeddable":true,"href":"https:\/\/evertonfc.cz\/index.php\/wp-json\/wp\/v2\/categories?post=2259"},{"taxonomy":"post_tag","embeddable":true,"href":"https:\/\/evertonfc.cz\/index.php\/wp-json\/wp\/v2\/tags?post=2259"}],"curies":[{"name":"wp","href":"https:\/\/api.w.org\/{rel}","templated":true}]}}