{"id":22596,"date":"2023-09-01T16:04:11","date_gmt":"2023-09-01T14:04:11","guid":{"rendered":"https:\/\/evertonfc.cz\/?p=22596"},"modified":"2023-09-01T16:04:11","modified_gmt":"2023-09-01T14:04:11","slug":"preview-sheffield-united-everton-3","status":"publish","type":"post","link":"https:\/\/evertonfc.cz\/index.php\/2023\/09\/01\/preview-sheffield-united-everton-3\/","title":{"rendered":"Preview: Sheffield United \u2013 Everton"},"content":{"rendered":"<h4>Tak, ak\u00fd program m\u00e1me na zraz \u010deskoslovensk\u00fdch fan\u00fa\u0161ikov Karameliek? \u017deby Davies Derby? Ka\u017edop\u00e1dne by sa u\u017e patrilo vyhra\u0165, aby sa vyplatila snaha z\u00fa\u010dastnen\u00fdch.<\/h4>\n<p>Dnes budeme stru\u010dn\u00fd, ono ni\u010d moc sa za posledn\u00e9 dva dni nezmenilo. A\u00a0pr\u00e1ve dnes, a\u017e po nap\u00edsan\u00ed tohto \u010dl\u00e1nku sa dozvieme, ako sme si nakoniec celkovo po\u010d\u00ednali v\u00a0tomto prestupovom obdob\u00ed. Je toti\u017e anglick\u00fd deadline-day! M\u00f4\u017eeme sn\u00e1\u010f len navnadi\u0165, \u017ee na programe d\u0148a s\u00fa viacer\u00e9 odchody, vr\u00e1tane opory Iwobiho \u010di odchovanca Cannona. A\u00a0tie maj\u00fa posl\u00fa\u017ei\u0165 aj k\u00a0financovaniu last-minute pos\u00edl.<\/p>\n<p>K nim sa m\u00f4\u017eu prida\u0165 pozit\u00edva vr\u00e1tane uzdravenia McNeila a Calverta-Lewina. \u010ci to v\u0161ak bude k ostr\u00e9mu n\u00e1vratu do akcie sa rozhodne a\u017e pred z\u00e1pasom. Dwight tr\u00e9nuje s t\u00edmom od \u0161tvrtka, Dominic je neistej\u0161\u00ed, rovnako ako Mykolenko, ktor\u00fd sa na v\u00fdlete v ju\u017enom Yorkshire op\u00e4\u0165 zranil. Hoci DCL tr\u00e9noval individu\u00e1lne s ochranou tv\u00e1re po zlomenine, na tvrd\u00fa PL to asi e\u0161te nebude. Preto sl\u00e1va Betovi na v\u00fdsostiach a na zemi g\u00f3ly t\u00edmom zlej v\u00f4le!<\/p>\n<h4><strong>Dyche o\u00a0pr\u00ednose Beta:<\/strong><\/h4>\n<blockquote><p><span style=\"font-size: 12pt;\"><em>\u201eMy\u0161lienkou bolo z\u00edska\u0165 niekoho, kto by bol efekt\u00edvny a odli\u0161n\u00fd od toho, \u010do m\u00e1me my. Ke\u010f pr\u00edde a pod\u00e1 tak\u00fdto v\u00fdkon a m\u00e1 vplyv, je to samozrejme prospe\u0161n\u00e9 pre t\u00edm, ale je to prospe\u0161n\u00e9 aj pre fan\u00fa\u0161ikov. Ak prin\u00fatite strelcov sk\u00f3rova\u0165, uvo\u013en\u00edte t\u00fdm tlak, \u017ee ostatn\u00ed hr\u00e1\u010di musia strie\u013ea\u0165 g\u00f3ly. C\u00edtia sa tak o nie\u010do vo\u013enej\u0161ie, preto\u017ee sa o to star\u00e1 strelec. My\u0161lienkou bolo z\u00edska\u0165 \u00fastredn\u00fd bod v t\u00edme, in\u00fd sp\u00f4sob fungovania, a on to ur\u010dite uk\u00e1zal. Je \u010fal\u0161ou zbra\u0148ou, a chceme tak\u00fdch to\u013eko, ko\u013eko m\u00f4\u017eeme.\u201c<\/em><\/span><\/p><\/blockquote>\n<p>N\u00e1\u0161 s\u00faper odmieta narat\u00edv, \u017ee by toto bol duel dvoch t\u00edmov v\u00a0kr\u00edze. Ani Paul Heckingbottom toti\u017e so svojim mu\u017estvom nez\u00edskal ani bod. Inkasoval o\u00a0g\u00f3l menej, no dal aspo\u0148 dva. Pozor, z\u00a0toho jeden Manchesteru City! A\u00a0\u010duduj sa svete, sympa\u0165\u00e1k Paul \u010falej tvrd\u00ed, \u017ee Everton mal vyhra\u0165 svoje dva dom\u00e1ce z\u00e1pasy.<\/p>\n<p>To m\u00e1 u\u017e dva plusov\u00e9 body u\u00a0n\u00e1s, vr\u00e1tane prestupu Daviesa. Ten v\u0161ak za Blades e\u0161te nenast\u00fapil. Tak\u017ee pre\u010do nie zajtra? Rovnak\u00e1 debutov\u00e1 ot\u00e1zka sa t\u00fdka aj najnov\u0161ej posily, obrancu Thomasa z\u00a0Leicesteru na hos\u0165ovanie. Treba toti\u017e zasko\u010di\u0165 za zranen\u00fdch Lowea s\u00a0Osbornom. Medzi zauj\u00edmav\u00e9 postavy ich t\u00edmu m\u00f4\u017ee zaradi\u0165 mlad\u00e9ho Traor\u00e9ho v\u00a0\u00fatoku, \u010di jednu z\u00a0letn\u00fdch pos\u00edl, braz\u00edlskeho stredopoliara Souzu.<\/p>\n<p>Pri poslednej dvoj-sez\u00f3nnej etape, vtedy e\u0161te Wilderovcov v najvy\u0161\u0161ej s\u00fa\u0165a\u017ei, sme sa s The Blades stretli \u0161tyrikr\u00e1t pri nerozhodnom pomere 2:2. A pozit\u00edvom na tom s\u00fa pr\u00e1ve dve v\u00fdhry na ihrisku s\u00fapera, kde to teda o\u010dividne vieme. Tieto jednog\u00f3lov\u00e9 v\u00fdhry by s\u00fa\u010dasn\u00e9mu k\u00e1dru a mana\u017e\u00e9rovi ur\u010dite sved\u010dili&#8230;<\/p>\n<h4 style=\"text-align: left;\"><strong>\u0160tatistick\u00e9 okienko:<\/strong><\/h4>\n<ul>\n<li>Everton neprehral po\u010das posledn\u00fdch \u0161tyroch ligov\u00fdch n\u00e1v\u0161tev na Bramall Lane (W2, D2), pri\u010dom vyhral posledn\u00e9 dve so sk\u00f3re 2:0.<\/li>\n<li>Sheffield United sa naopak po prv\u00fd raz od ro\u010dn\u00edka 1992\/93 usiluje o po sebe id\u00face v\u00ed\u0165azstvo v Premier League nad Evertonom.<\/li>\n<li>V posledn\u00fdch \u00f4smich dom\u00e1cich ligov\u00fdch z\u00e1pasoch Sheffieldu na Bramall Lane proti Evertonu padlo iba osem g\u00f3lov, z toho \u0161tyri na ka\u017edej strane.<\/li>\n<li>Posledn\u00e9 \u0161tyri ligov\u00e9 stretnutia medzi t\u00fdmito t\u00edmami v\u017edy vyhrali hostia.<\/li>\n<li>Vo svojej poslednej vrcholnej sez\u00f3ne 2020\/21 prehrali Blades prv\u00e9 \u0161tyri z\u00e1pasy a nevyhrali ani jeden zo svojich prv\u00fdch 17 ligov\u00fdch z\u00e1pasov.<\/li>\n<li>Po Crystal Palace v sez\u00f3ne 2017\/18 by sa EFC mohlo sta\u0165 len druh\u00fdm t\u00edmom, ktor\u00fd prehral svoje 4 \u00favodn\u00e9 z\u00e1pasy v\u00a0lige bez g\u00f3lu.<\/li>\n<li>United strie\u013eaj\u00fa v priemere 7 striel na z\u00e1pas, \u010do je najmenej v tejto sez\u00f3ne, pri\u010dom \u010del\u00ed viac strel\u00e1m ako ak\u00fdko\u013evek in\u00fd t\u00edm v\u00a0s\u00fa\u0165a\u017ei (23,3 na z\u00e1pas).<\/li>\n<li>Karamelky nevyhrali v posledn\u00fdch 6 z\u00e1pasoch PL vonku proti nov\u00e1\u010dikom (D3, L3), pri\u010dom nedok\u00e1zali sk\u00f3rova\u0165 v \u0161tyroch z t\u00fdchto z\u00e1pasov.<\/li>\n<li>Everton prehral ka\u017ed\u00fd z posledn\u00fdch 9 ligov\u00fdch z\u00e1pasov, v ktor\u00fdch Alex Iwobi nehral.<\/li>\n<\/ul>\n<h3 style=\"text-align: center;\"><span style=\"color: #3366ff;\"><em><strong>Up The Toffees !!!<\/strong><\/em><\/span><\/h3>\n<p><strong>\u010co:<\/strong> Sheffield United FC \u2013 Everton FC, 4. kolo Premier League<br \/>\n<strong>Kedy:<\/strong> 2.9. 2023 od 13:30 SE\u010c<br \/>\n<strong>Ako: <\/strong>priamy prenos CANAL+Sport (komentuje Mat\u00fa\u0161 Luk\u00e1\u010d)<br \/>\n<strong>Kde:<\/strong> Bramall Lane \u2013 John St, Highfield, Sheffield S2 4QX (kapacita: 31 884)<br \/>\n<strong>Rozhodca:<\/strong> Andy Madley \u00a0<strong>Asistenti:<\/strong> H. Lennard, N. Hopton \u00a0<strong>\u0160tvrt\u00fd rozhodca:<\/strong> J. Simpson<br \/>\n<strong>VAR: <\/strong>Simon Hooper\u00a0 <strong>Asistent VAR: <\/strong>Akil Howson<\/p>\n","protected":false},"excerpt":{"rendered":"<p>Tak, ak\u00fd program m\u00e1me na zraz \u010deskoslovensk\u00fdch fan\u00fa\u0161ikov Karameliek? \u017deby Davies Derby? Ka\u017edop\u00e1dne by sa u\u017e patrilo vyhra\u0165, aby sa vyplatila snaha z\u00fa\u010dastnen\u00fdch.<\/p>\n","protected":false},"author":1,"featured_media":13335,"comment_status":"open","ping_status":"closed","sticky":false,"template":"","format":"standard","meta":{"_eb_attr":"","_monsterinsights_skip_tracking":false,"_monsterinsights_sitenote_active":false,"_monsterinsights_sitenote_note":"","_monsterinsights_sitenote_category":0,"footnotes":""},"categories":[4],"tags":[],"yoast_head":"<!-- This site is optimized with the Yoast SEO plugin v23.4 - https:\/\/yoast.com\/wordpress\/plugins\/seo\/ -->\n<title>Preview: Sheffield United \u2013 Everton - Official Czech &amp; Slovak Everton Supporters&#039; Club<\/title>\n<meta name=\"robots\" content=\"index, follow, max-snippet:-1, max-image-preview:large, max-video-preview:-1\" \/>\n<link rel=\"canonical\" href=\"https:\/\/evertonfc.cz\/index.php\/2023\/09\/01\/preview-sheffield-united-everton-3\/\" \/>\n<meta property=\"og:locale\" content=\"cs_CZ\" \/>\n<meta property=\"og:type\" content=\"article\" \/>\n<meta property=\"og:title\" content=\"Preview: Sheffield United \u2013 Everton - Official Czech &amp; Slovak Everton Supporters&#039; Club\" \/>\n<meta property=\"og:description\" content=\"Tak, ak\u00fd program m\u00e1me na zraz \u010deskoslovensk\u00fdch fan\u00fa\u0161ikov Karameliek? \u017deby Davies Derby? Ka\u017edop\u00e1dne by sa u\u017e patrilo vyhra\u0165, aby sa vyplatila snaha z\u00fa\u010dastnen\u00fdch.\" \/>\n<meta property=\"og:url\" content=\"https:\/\/evertonfc.cz\/index.php\/2023\/09\/01\/preview-sheffield-united-everton-3\/\" \/>\n<meta property=\"og:site_name\" content=\"Official Czech &amp; Slovak Everton Supporters&#039; Club\" \/>\n<meta property=\"article:publisher\" content=\"https:\/\/www.facebook.com\/everton.fans.cz.sk\" \/>\n<meta property=\"article:published_time\" content=\"2023-09-01T14:04:11+00:00\" \/>\n<meta property=\"og:image\" content=\"https:\/\/evertonfc.cz\/wp-content\/uploads\/2020\/12\/Sheffield-United-VS-Everton.jpg\" \/>\n\t<meta property=\"og:image:width\" content=\"720\" \/>\n\t<meta property=\"og:image:height\" content=\"405\" \/>\n\t<meta property=\"og:image:type\" content=\"image\/jpeg\" \/>\n<meta name=\"author\" content=\"BlueBlooded\" \/>\n<meta name=\"twitter:card\" content=\"summary_large_image\" \/>\n<meta name=\"twitter:label1\" content=\"Napsal(a)\" \/>\n\t<meta name=\"twitter:data1\" content=\"BlueBlooded\" \/>\n\t<meta name=\"twitter:label2\" content=\"Odhadovan\u00e1 doba \u010dten\u00ed\" \/>\n\t<meta name=\"twitter:data2\" content=\"4 minuty\" \/>\n<script type=\"application\/ld+json\" class=\"yoast-schema-graph\">{\"@context\":\"https:\/\/schema.org\",\"@graph\":[{\"@type\":\"Article\",\"@id\":\"https:\/\/evertonfc.cz\/index.php\/2023\/09\/01\/preview-sheffield-united-everton-3\/#article\",\"isPartOf\":{\"@id\":\"https:\/\/evertonfc.cz\/index.php\/2023\/09\/01\/preview-sheffield-united-everton-3\/\"},\"author\":{\"name\":\"BlueBlooded\",\"@id\":\"https:\/\/evertonfc.cz\/#\/schema\/person\/d4493b8cbea51532597fbc4685698916\"},\"headline\":\"Preview: Sheffield United \u2013 Everton\",\"datePublished\":\"2023-09-01T14:04:11+00:00\",\"dateModified\":\"2023-09-01T14:04:11+00:00\",\"mainEntityOfPage\":{\"@id\":\"https:\/\/evertonfc.cz\/index.php\/2023\/09\/01\/preview-sheffield-united-everton-3\/\"},\"wordCount\":814,\"commentCount\":2,\"publisher\":{\"@id\":\"https:\/\/evertonfc.cz\/#organization\"},\"image\":{\"@id\":\"https:\/\/evertonfc.cz\/index.php\/2023\/09\/01\/preview-sheffield-united-everton-3\/#primaryimage\"},\"thumbnailUrl\":\"https:\/\/evertonfc.cz\/wp-content\/uploads\/2020\/12\/Sheffield-United-VS-Everton.jpg\",\"articleSection\":[\"Z\u00e1pasy\"],\"inLanguage\":\"cs\",\"potentialAction\":[{\"@type\":\"CommentAction\",\"name\":\"Comment\",\"target\":[\"https:\/\/evertonfc.cz\/index.php\/2023\/09\/01\/preview-sheffield-united-everton-3\/#respond\"]}]},{\"@type\":\"WebPage\",\"@id\":\"https:\/\/evertonfc.cz\/index.php\/2023\/09\/01\/preview-sheffield-united-everton-3\/\",\"url\":\"https:\/\/evertonfc.cz\/index.php\/2023\/09\/01\/preview-sheffield-united-everton-3\/\",\"name\":\"Preview: Sheffield United \u2013 Everton - Official Czech &amp; Slovak Everton Supporters&#039; Club\",\"isPartOf\":{\"@id\":\"https:\/\/evertonfc.cz\/#website\"},\"primaryImageOfPage\":{\"@id\":\"https:\/\/evertonfc.cz\/index.php\/2023\/09\/01\/preview-sheffield-united-everton-3\/#primaryimage\"},\"image\":{\"@id\":\"https:\/\/evertonfc.cz\/index.php\/2023\/09\/01\/preview-sheffield-united-everton-3\/#primaryimage\"},\"thumbnailUrl\":\"https:\/\/evertonfc.cz\/wp-content\/uploads\/2020\/12\/Sheffield-United-VS-Everton.jpg\",\"datePublished\":\"2023-09-01T14:04:11+00:00\",\"dateModified\":\"2023-09-01T14:04:11+00:00\",\"breadcrumb\":{\"@id\":\"https:\/\/evertonfc.cz\/index.php\/2023\/09\/01\/preview-sheffield-united-everton-3\/#breadcrumb\"},\"inLanguage\":\"cs\",\"potentialAction\":[{\"@type\":\"ReadAction\",\"target\":[\"https:\/\/evertonfc.cz\/index.php\/2023\/09\/01\/preview-sheffield-united-everton-3\/\"]}]},{\"@type\":\"ImageObject\",\"inLanguage\":\"cs\",\"@id\":\"https:\/\/evertonfc.cz\/index.php\/2023\/09\/01\/preview-sheffield-united-everton-3\/#primaryimage\",\"url\":\"https:\/\/evertonfc.cz\/wp-content\/uploads\/2020\/12\/Sheffield-United-VS-Everton.jpg\",\"contentUrl\":\"https:\/\/evertonfc.cz\/wp-content\/uploads\/2020\/12\/Sheffield-United-VS-Everton.jpg\",\"width\":720,\"height\":405},{\"@type\":\"BreadcrumbList\",\"@id\":\"https:\/\/evertonfc.cz\/index.php\/2023\/09\/01\/preview-sheffield-united-everton-3\/#breadcrumb\",\"itemListElement\":[{\"@type\":\"ListItem\",\"position\":1,\"name\":\"Home\",\"item\":\"https:\/\/evertonfc.cz\/\"},{\"@type\":\"ListItem\",\"position\":2,\"name\":\"Preview: Sheffield United \u2013 Everton\"}]},{\"@type\":\"WebSite\",\"@id\":\"https:\/\/evertonfc.cz\/#website\",\"url\":\"https:\/\/evertonfc.cz\/\",\"name\":\"Official Czech &amp; Slovak Everton Supporters&#039; Club\",\"description\":\"\",\"publisher\":{\"@id\":\"https:\/\/evertonfc.cz\/#organization\"},\"potentialAction\":[{\"@type\":\"SearchAction\",\"target\":{\"@type\":\"EntryPoint\",\"urlTemplate\":\"https:\/\/evertonfc.cz\/?s={search_term_string}\"},\"query-input\":{\"@type\":\"PropertyValueSpecification\",\"valueRequired\":true,\"valueName\":\"search_term_string\"}}],\"inLanguage\":\"cs\"},{\"@type\":\"Organization\",\"@id\":\"https:\/\/evertonfc.cz\/#organization\",\"name\":\"Official Czech & Slovak Everton Supporters' Club\",\"url\":\"https:\/\/evertonfc.cz\/\",\"logo\":{\"@type\":\"ImageObject\",\"inLanguage\":\"cs\",\"@id\":\"https:\/\/evertonfc.cz\/#\/schema\/logo\/image\/\",\"url\":\"https:\/\/evertonfc.cz\/wp-content\/uploads\/2019\/05\/logo.png\",\"contentUrl\":\"https:\/\/evertonfc.cz\/wp-content\/uploads\/2019\/05\/logo.png\",\"width\":112,\"height\":112,\"caption\":\"Official Czech & Slovak Everton Supporters' Club\"},\"image\":{\"@id\":\"https:\/\/evertonfc.cz\/#\/schema\/logo\/image\/\"},\"sameAs\":[\"https:\/\/www.facebook.com\/everton.fans.cz.sk\"]},{\"@type\":\"Person\",\"@id\":\"https:\/\/evertonfc.cz\/#\/schema\/person\/d4493b8cbea51532597fbc4685698916\",\"name\":\"BlueBlooded\",\"url\":\"https:\/\/evertonfc.cz\/index.php\/author\/admin\/\"}]}<\/script>\n<!-- \/ Yoast SEO plugin. -->","yoast_head_json":{"title":"Preview: Sheffield United \u2013 Everton - Official Czech &amp; Slovak Everton Supporters&#039; Club","robots":{"index":"index","follow":"follow","max-snippet":"max-snippet:-1","max-image-preview":"max-image-preview:large","max-video-preview":"max-video-preview:-1"},"canonical":"https:\/\/evertonfc.cz\/index.php\/2023\/09\/01\/preview-sheffield-united-everton-3\/","og_locale":"cs_CZ","og_type":"article","og_title":"Preview: Sheffield United \u2013 Everton - Official Czech &amp; Slovak Everton Supporters&#039; Club","og_description":"Tak, ak\u00fd program m\u00e1me na zraz \u010deskoslovensk\u00fdch fan\u00fa\u0161ikov Karameliek? \u017deby Davies Derby? Ka\u017edop\u00e1dne by sa u\u017e patrilo vyhra\u0165, aby sa vyplatila snaha z\u00fa\u010dastnen\u00fdch.","og_url":"https:\/\/evertonfc.cz\/index.php\/2023\/09\/01\/preview-sheffield-united-everton-3\/","og_site_name":"Official Czech &amp; Slovak Everton Supporters&#039; Club","article_publisher":"https:\/\/www.facebook.com\/everton.fans.cz.sk","article_published_time":"2023-09-01T14:04:11+00:00","og_image":[{"width":720,"height":405,"url":"https:\/\/evertonfc.cz\/wp-content\/uploads\/2020\/12\/Sheffield-United-VS-Everton.jpg","type":"image\/jpeg"}],"author":"BlueBlooded","twitter_card":"summary_large_image","twitter_misc":{"Napsal(a)":"BlueBlooded","Odhadovan\u00e1 doba \u010dten\u00ed":"4 minuty"},"schema":{"@context":"https:\/\/schema.org","@graph":[{"@type":"Article","@id":"https:\/\/evertonfc.cz\/index.php\/2023\/09\/01\/preview-sheffield-united-everton-3\/#article","isPartOf":{"@id":"https:\/\/evertonfc.cz\/index.php\/2023\/09\/01\/preview-sheffield-united-everton-3\/"},"author":{"name":"BlueBlooded","@id":"https:\/\/evertonfc.cz\/#\/schema\/person\/d4493b8cbea51532597fbc4685698916"},"headline":"Preview: Sheffield United \u2013 Everton","datePublished":"2023-09-01T14:04:11+00:00","dateModified":"2023-09-01T14:04:11+00:00","mainEntityOfPage":{"@id":"https:\/\/evertonfc.cz\/index.php\/2023\/09\/01\/preview-sheffield-united-everton-3\/"},"wordCount":814,"commentCount":2,"publisher":{"@id":"https:\/\/evertonfc.cz\/#organization"},"image":{"@id":"https:\/\/evertonfc.cz\/index.php\/2023\/09\/01\/preview-sheffield-united-everton-3\/#primaryimage"},"thumbnailUrl":"https:\/\/evertonfc.cz\/wp-content\/uploads\/2020\/12\/Sheffield-United-VS-Everton.jpg","articleSection":["Z\u00e1pasy"],"inLanguage":"cs","potentialAction":[{"@type":"CommentAction","name":"Comment","target":["https:\/\/evertonfc.cz\/index.php\/2023\/09\/01\/preview-sheffield-united-everton-3\/#respond"]}]},{"@type":"WebPage","@id":"https:\/\/evertonfc.cz\/index.php\/2023\/09\/01\/preview-sheffield-united-everton-3\/","url":"https:\/\/evertonfc.cz\/index.php\/2023\/09\/01\/preview-sheffield-united-everton-3\/","name":"Preview: Sheffield United \u2013 Everton - Official Czech &amp; Slovak Everton Supporters&#039; Club","isPartOf":{"@id":"https:\/\/evertonfc.cz\/#website"},"primaryImageOfPage":{"@id":"https:\/\/evertonfc.cz\/index.php\/2023\/09\/01\/preview-sheffield-united-everton-3\/#primaryimage"},"image":{"@id":"https:\/\/evertonfc.cz\/index.php\/2023\/09\/01\/preview-sheffield-united-everton-3\/#primaryimage"},"thumbnailUrl":"https:\/\/evertonfc.cz\/wp-content\/uploads\/2020\/12\/Sheffield-United-VS-Everton.jpg","datePublished":"2023-09-01T14:04:11+00:00","dateModified":"2023-09-01T14:04:11+00:00","breadcrumb":{"@id":"https:\/\/evertonfc.cz\/index.php\/2023\/09\/01\/preview-sheffield-united-everton-3\/#breadcrumb"},"inLanguage":"cs","potentialAction":[{"@type":"ReadAction","target":["https:\/\/evertonfc.cz\/index.php\/2023\/09\/01\/preview-sheffield-united-everton-3\/"]}]},{"@type":"ImageObject","inLanguage":"cs","@id":"https:\/\/evertonfc.cz\/index.php\/2023\/09\/01\/preview-sheffield-united-everton-3\/#primaryimage","url":"https:\/\/evertonfc.cz\/wp-content\/uploads\/2020\/12\/Sheffield-United-VS-Everton.jpg","contentUrl":"https:\/\/evertonfc.cz\/wp-content\/uploads\/2020\/12\/Sheffield-United-VS-Everton.jpg","width":720,"height":405},{"@type":"BreadcrumbList","@id":"https:\/\/evertonfc.cz\/index.php\/2023\/09\/01\/preview-sheffield-united-everton-3\/#breadcrumb","itemListElement":[{"@type":"ListItem","position":1,"name":"Home","item":"https:\/\/evertonfc.cz\/"},{"@type":"ListItem","position":2,"name":"Preview: Sheffield United \u2013 Everton"}]},{"@type":"WebSite","@id":"https:\/\/evertonfc.cz\/#website","url":"https:\/\/evertonfc.cz\/","name":"Official Czech &amp; Slovak Everton Supporters&#039; Club","description":"","publisher":{"@id":"https:\/\/evertonfc.cz\/#organization"},"potentialAction":[{"@type":"SearchAction","target":{"@type":"EntryPoint","urlTemplate":"https:\/\/evertonfc.cz\/?s={search_term_string}"},"query-input":{"@type":"PropertyValueSpecification","valueRequired":true,"valueName":"search_term_string"}}],"inLanguage":"cs"},{"@type":"Organization","@id":"https:\/\/evertonfc.cz\/#organization","name":"Official Czech & Slovak Everton Supporters' Club","url":"https:\/\/evertonfc.cz\/","logo":{"@type":"ImageObject","inLanguage":"cs","@id":"https:\/\/evertonfc.cz\/#\/schema\/logo\/image\/","url":"https:\/\/evertonfc.cz\/wp-content\/uploads\/2019\/05\/logo.png","contentUrl":"https:\/\/evertonfc.cz\/wp-content\/uploads\/2019\/05\/logo.png","width":112,"height":112,"caption":"Official Czech & Slovak Everton Supporters' Club"},"image":{"@id":"https:\/\/evertonfc.cz\/#\/schema\/logo\/image\/"},"sameAs":["https:\/\/www.facebook.com\/everton.fans.cz.sk"]},{"@type":"Person","@id":"https:\/\/evertonfc.cz\/#\/schema\/person\/d4493b8cbea51532597fbc4685698916","name":"BlueBlooded","url":"https:\/\/evertonfc.cz\/index.php\/author\/admin\/"}]}},"_links":{"self":[{"href":"https:\/\/evertonfc.cz\/index.php\/wp-json\/wp\/v2\/posts\/22596"}],"collection":[{"href":"https:\/\/evertonfc.cz\/index.php\/wp-json\/wp\/v2\/posts"}],"about":[{"href":"https:\/\/evertonfc.cz\/index.php\/wp-json\/wp\/v2\/types\/post"}],"author":[{"embeddable":true,"href":"https:\/\/evertonfc.cz\/index.php\/wp-json\/wp\/v2\/users\/1"}],"replies":[{"embeddable":true,"href":"https:\/\/evertonfc.cz\/index.php\/wp-json\/wp\/v2\/comments?post=22596"}],"version-history":[{"count":8,"href":"https:\/\/evertonfc.cz\/index.php\/wp-json\/wp\/v2\/posts\/22596\/revisions"}],"predecessor-version":[{"id":22607,"href":"https:\/\/evertonfc.cz\/index.php\/wp-json\/wp\/v2\/posts\/22596\/revisions\/22607"}],"wp:featuredmedia":[{"embeddable":true,"href":"https:\/\/evertonfc.cz\/index.php\/wp-json\/wp\/v2\/media\/13335"}],"wp:attachment":[{"href":"https:\/\/evertonfc.cz\/index.php\/wp-json\/wp\/v2\/media?parent=22596"}],"wp:term":[{"taxonomy":"category","embeddable":true,"href":"https:\/\/evertonfc.cz\/index.php\/wp-json\/wp\/v2\/categories?post=22596"},{"taxonomy":"post_tag","embeddable":true,"href":"https:\/\/evertonfc.cz\/index.php\/wp-json\/wp\/v2\/tags?post=22596"}],"curies":[{"name":"wp","href":"https:\/\/api.w.org\/{rel}","templated":true}]}}