{"id":22602,"date":"2023-09-02T06:04:44","date_gmt":"2023-09-02T04:04:44","guid":{"rendered":"https:\/\/evertonfc.cz\/?p=22602"},"modified":"2023-09-07T11:14:51","modified_gmt":"2023-09-07T09:14:51","slug":"iwobi-do-fulhamu-gray-zatim-zustava","status":"publish","type":"post","link":"https:\/\/evertonfc.cz\/index.php\/2023\/09\/02\/iwobi-do-fulhamu-gray-zatim-zustava\/","title":{"rendered":"Iwobi do Fulhamu, Gray zat\u00edm z\u016fst\u00e1v\u00e1"},"content":{"rendered":"<h4>Alex Iwobi dlouhodob\u011b odm\u00edtal prodlou\u017een\u00ed sv\u00e9 kon\u010d\u00edc\u00ed smlouvy na Goodison Parku, co\u017e nakonec vedlo k jeho v\u00fdhodn\u00e9mu p\u0159estupu do Fulhamu.<\/h4>\n<p>Cottagers zaplat\u00ed za 27let\u00e9ho ofenzivn\u00edho z\u00e1lo\u017en\u00edka, jemu\u017e by p\u0159\u00ed\u0161t\u00ed rok vypr\u0161ela smlouva v Evertonu, z\u00e1kladn\u00ed \u010d\u00e1stku ve v\u00fd\u0161i 20 milion\u016f liber, kter\u00e1 se m\u016f\u017ee nav\u00fd\u0161it o dva miliony liber v\u00e1zan\u00e9 na v\u00fdkonnostn\u00ed bonusy.<\/p>\n<p>Nigerijsk\u00fd reprezentant p\u0159estoupil do Evertonu p\u0159ed \u010dty\u0159mi lety za 28 milion\u016f liber. I p\u0159esto, \u017ee byl \u010dasto jedn\u00edm z nejkreativn\u011bj\u0161\u00edch hr\u00e1\u010d\u016f t\u00fdmu, celkov\u011b zaostal za o\u010dek\u00e1v\u00e1n\u00edmi hlavn\u011b kv\u016fli sv\u00e9 n\u00edzk\u00e9 produktivit\u011b.<\/p>\n<p>V dresu Toffees odehr\u00e1l 140 z\u00e1pas\u016f, ve kter\u00fdch vst\u0159elil pouh\u00fdch dev\u011bt branek a p\u0159ipsal si 15 asistenc\u00ed. Sedm z t\u011bchto asistenc\u00ed p\u0159itom p\u0159idal v lo\u0148sk\u00e9 sez\u00f3n\u011b, kter\u00e1 byla jeho nejlep\u0161\u00ed b\u011bhem p\u016fsoben\u00ed v Goodison Parku.<\/p>\n<p>Everton od lo\u0148sk\u00e9ho roku nab\u00edzel Iwobimu nov\u00fd kontrakt, ale hr\u00e1\u010d po\u017eadoval mzdu a\u017e okolo sto tis\u00edc liber t\u00fddn\u011b a tak\u00e9 ho l\u00e1kal n\u00e1vrat do Lond\u00fdna a mo\u017enost soupe\u0159it o lep\u0161\u00ed ne\u017e z\u00e1chran\u00e1\u0159sk\u00e9 p\u0159\u00ed\u010dky.<\/p>\n<p>V Fulhamu se op\u011bt setk\u00e1 se sv\u00fdm b\u00fdval\u00fdm mana\u017eerem Marcem Silvou, kter\u00fd ho vedl na za\u010d\u00e1tku jeho p\u016fsoben\u00ed v Evertonu. Na sv\u016fj debut v barv\u00e1ch Whites si ale bude muset po\u010dkat n\u011bkolik t\u00fddn\u016f, jeliko\u017e si ve druh\u00e9m kole leto\u0161n\u00ed sez\u00f3ny p\u0159ivodil svalov\u00e9 zran\u011bn\u00ed. Absentovat bude tak\u00e9 pravd\u011bpodobn\u011b na za\u010d\u00e1tku roku 2024, kdy se o\u010dek\u00e1v\u00e1 jeho p\u0159ibli\u017en\u011b \u0161estit\u00fddenn\u00ed \u00fa\u010dast na Africk\u00e9m poh\u00e1ru n\u00e1rod\u016f.<\/p>\n<p>Na Goodison Parku zat\u00edm naopak z\u016fst\u00e1v\u00e1 Demarai Gray, i p\u0159esto\u017ee cel\u00e9 l\u00e9to vyhl\u00ed\u017eel sv\u016fj p\u0159estup. Dokonce ani netr\u00e9noval s A-t\u00fdmem Seana Dychea. Everton v\u0161ak na Deadline Day zablokoval jeho odchod do Saudsk\u00e9 Ar\u00e1bie, i p\u0159esto\u017ee tamn\u00ed kluby nab\u00edzely za jeho transfer 12 milion\u016f liber.<\/p>\n<p>Blues se v l\u00e9t\u011b zbavili n\u011bkolika ofenzivn\u00edch hr\u00e1\u010d\u016f, a proto\u017ee nedok\u00e1zali p\u0159iv\u00e9st v\u0161echny sv\u00e9 p\u0159estupov\u00e9 c\u00edle, v n\u00e1sleduj\u00edc\u00edch dnech budou muset vy\u0159e\u0161it, zda se Gray vr\u00e1t\u00ed do k\u00e1dru. 27let\u00fd k\u0159\u00eddeln\u00edk m\u00e1 smlouvu s Evertonem do roku 2024, p\u0159i\u010dem\u017e klub m\u00e1 opci na prodlou\u017een\u00ed o jeden rok. P\u0159estupn\u00ed obdob\u00ed v Saudsk\u00e9 Ar\u00e1bii v\u0161ak kon\u010d\u00ed a\u017e 7. z\u00e1\u0159\u00ed, tak\u017ee nelze vylou\u010dit, \u017ee je\u0161t\u011b dojde k jeho odchodu.<\/p>\n<div class=\"single-entry-summary\">\n<div class=\"wprt-container\">\n<div class=\"single-entry-summary\">\n<div class=\"wprt-container\">\n<p style=\"text-align: right;\"><span style=\"font-size: 8pt;\">(foto zdroj: evertonfc.com)<\/span><\/p>\n<\/div>\n<\/div>\n<\/div>\n<\/div>\n","protected":false},"excerpt":{"rendered":"<p>Alex Iwobi dlouhodob\u011b odm\u00edtal prodlou\u017een\u00ed sv\u00e9 kon\u010d\u00edc\u00ed smlouvy na Goodison Parku, co\u017e nakonec vedlo k jeho v\u00fdhodn\u00e9mu p\u0159estupu do Fulhamu.<\/p>\n","protected":false},"author":6,"featured_media":22599,"comment_status":"open","ping_status":"closed","sticky":false,"template":"","format":"standard","meta":{"_eb_attr":"","_monsterinsights_skip_tracking":false,"_monsterinsights_sitenote_active":false,"_monsterinsights_sitenote_note":"","_monsterinsights_sitenote_category":0,"footnotes":""},"categories":[41],"tags":[],"yoast_head":"<!-- This site is optimized with the Yoast SEO plugin v23.4 - https:\/\/yoast.com\/wordpress\/plugins\/seo\/ -->\n<title>Iwobi do Fulhamu, Gray zat\u00edm z\u016fst\u00e1v\u00e1 - Official Czech &amp; Slovak Everton Supporters&#039; Club<\/title>\n<meta name=\"description\" content=\"Alex Iwobi dlouhodob\u011b odm\u00edtal prodlou\u017een\u00ed sv\u00e9 kon\u010d\u00edc\u00ed smlouvy na Goodison Parku, co\u017e nakonec vedlo k jeho v\u00fdhodn\u00e9mu p\u0159estupu do Fulhamu.\" \/>\n<meta name=\"robots\" content=\"index, follow, max-snippet:-1, max-image-preview:large, max-video-preview:-1\" \/>\n<link rel=\"canonical\" href=\"https:\/\/evertonfc.cz\/index.php\/2023\/09\/02\/iwobi-do-fulhamu-gray-zatim-zustava\/\" \/>\n<meta property=\"og:locale\" content=\"cs_CZ\" \/>\n<meta property=\"og:type\" content=\"article\" \/>\n<meta property=\"og:title\" content=\"Iwobi do Fulhamu, Gray zat\u00edm z\u016fst\u00e1v\u00e1 - Official Czech &amp; Slovak Everton Supporters&#039; Club\" \/>\n<meta property=\"og:description\" content=\"Alex Iwobi dlouhodob\u011b odm\u00edtal prodlou\u017een\u00ed sv\u00e9 kon\u010d\u00edc\u00ed smlouvy na Goodison Parku, co\u017e nakonec vedlo k jeho v\u00fdhodn\u00e9mu p\u0159estupu do Fulhamu.\" \/>\n<meta property=\"og:url\" content=\"https:\/\/evertonfc.cz\/index.php\/2023\/09\/02\/iwobi-do-fulhamu-gray-zatim-zustava\/\" \/>\n<meta property=\"og:site_name\" content=\"Official Czech &amp; Slovak Everton Supporters&#039; Club\" \/>\n<meta property=\"article:publisher\" content=\"https:\/\/www.facebook.com\/everton.fans.cz.sk\" \/>\n<meta property=\"article:published_time\" content=\"2023-09-02T04:04:44+00:00\" \/>\n<meta property=\"article:modified_time\" content=\"2023-09-07T09:14:51+00:00\" \/>\n<meta property=\"og:image\" content=\"https:\/\/evertonfc.cz\/wp-content\/uploads\/2023\/09\/iwobi_1_9_2023.jpg\" \/>\n\t<meta property=\"og:image:width\" content=\"720\" \/>\n\t<meta property=\"og:image:height\" content=\"405\" \/>\n\t<meta property=\"og:image:type\" content=\"image\/jpeg\" \/>\n<meta name=\"author\" content=\"Ri\u010di\" \/>\n<meta name=\"twitter:card\" content=\"summary_large_image\" \/>\n<meta name=\"twitter:creator\" content=\"@rbrejsa\" \/>\n<meta name=\"twitter:label1\" content=\"Napsal(a)\" \/>\n\t<meta name=\"twitter:data1\" content=\"Ri\u010di\" \/>\n\t<meta name=\"twitter:label2\" content=\"Odhadovan\u00e1 doba \u010dten\u00ed\" \/>\n\t<meta name=\"twitter:data2\" content=\"2 minuty\" \/>\n<script type=\"application\/ld+json\" class=\"yoast-schema-graph\">{\"@context\":\"https:\/\/schema.org\",\"@graph\":[{\"@type\":\"Article\",\"@id\":\"https:\/\/evertonfc.cz\/index.php\/2023\/09\/02\/iwobi-do-fulhamu-gray-zatim-zustava\/#article\",\"isPartOf\":{\"@id\":\"https:\/\/evertonfc.cz\/index.php\/2023\/09\/02\/iwobi-do-fulhamu-gray-zatim-zustava\/\"},\"author\":{\"name\":\"Ri\u010di\",\"@id\":\"https:\/\/evertonfc.cz\/#\/schema\/person\/f7a5daedb2ffee98480bc70e191aaef1\"},\"headline\":\"Iwobi do Fulhamu, Gray zat\u00edm z\u016fst\u00e1v\u00e1\",\"datePublished\":\"2023-09-02T04:04:44+00:00\",\"dateModified\":\"2023-09-07T09:14:51+00:00\",\"mainEntityOfPage\":{\"@id\":\"https:\/\/evertonfc.cz\/index.php\/2023\/09\/02\/iwobi-do-fulhamu-gray-zatim-zustava\/\"},\"wordCount\":460,\"commentCount\":9,\"publisher\":{\"@id\":\"https:\/\/evertonfc.cz\/#organization\"},\"image\":{\"@id\":\"https:\/\/evertonfc.cz\/index.php\/2023\/09\/02\/iwobi-do-fulhamu-gray-zatim-zustava\/#primaryimage\"},\"thumbnailUrl\":\"https:\/\/evertonfc.cz\/wp-content\/uploads\/2023\/09\/iwobi_1_9_2023.jpg\",\"articleSection\":[\"P\u0159estupy\"],\"inLanguage\":\"cs\",\"potentialAction\":[{\"@type\":\"CommentAction\",\"name\":\"Comment\",\"target\":[\"https:\/\/evertonfc.cz\/index.php\/2023\/09\/02\/iwobi-do-fulhamu-gray-zatim-zustava\/#respond\"]}]},{\"@type\":\"WebPage\",\"@id\":\"https:\/\/evertonfc.cz\/index.php\/2023\/09\/02\/iwobi-do-fulhamu-gray-zatim-zustava\/\",\"url\":\"https:\/\/evertonfc.cz\/index.php\/2023\/09\/02\/iwobi-do-fulhamu-gray-zatim-zustava\/\",\"name\":\"Iwobi do Fulhamu, Gray zat\u00edm z\u016fst\u00e1v\u00e1 - Official Czech &amp; Slovak Everton Supporters&#039; Club\",\"isPartOf\":{\"@id\":\"https:\/\/evertonfc.cz\/#website\"},\"primaryImageOfPage\":{\"@id\":\"https:\/\/evertonfc.cz\/index.php\/2023\/09\/02\/iwobi-do-fulhamu-gray-zatim-zustava\/#primaryimage\"},\"image\":{\"@id\":\"https:\/\/evertonfc.cz\/index.php\/2023\/09\/02\/iwobi-do-fulhamu-gray-zatim-zustava\/#primaryimage\"},\"thumbnailUrl\":\"https:\/\/evertonfc.cz\/wp-content\/uploads\/2023\/09\/iwobi_1_9_2023.jpg\",\"datePublished\":\"2023-09-02T04:04:44+00:00\",\"dateModified\":\"2023-09-07T09:14:51+00:00\",\"description\":\"Alex Iwobi dlouhodob\u011b odm\u00edtal prodlou\u017een\u00ed sv\u00e9 kon\u010d\u00edc\u00ed smlouvy na Goodison Parku, co\u017e nakonec vedlo k jeho v\u00fdhodn\u00e9mu p\u0159estupu do Fulhamu.\",\"breadcrumb\":{\"@id\":\"https:\/\/evertonfc.cz\/index.php\/2023\/09\/02\/iwobi-do-fulhamu-gray-zatim-zustava\/#breadcrumb\"},\"inLanguage\":\"cs\",\"potentialAction\":[{\"@type\":\"ReadAction\",\"target\":[\"https:\/\/evertonfc.cz\/index.php\/2023\/09\/02\/iwobi-do-fulhamu-gray-zatim-zustava\/\"]}]},{\"@type\":\"ImageObject\",\"inLanguage\":\"cs\",\"@id\":\"https:\/\/evertonfc.cz\/index.php\/2023\/09\/02\/iwobi-do-fulhamu-gray-zatim-zustava\/#primaryimage\",\"url\":\"https:\/\/evertonfc.cz\/wp-content\/uploads\/2023\/09\/iwobi_1_9_2023.jpg\",\"contentUrl\":\"https:\/\/evertonfc.cz\/wp-content\/uploads\/2023\/09\/iwobi_1_9_2023.jpg\",\"width\":720,\"height\":405},{\"@type\":\"BreadcrumbList\",\"@id\":\"https:\/\/evertonfc.cz\/index.php\/2023\/09\/02\/iwobi-do-fulhamu-gray-zatim-zustava\/#breadcrumb\",\"itemListElement\":[{\"@type\":\"ListItem\",\"position\":1,\"name\":\"Home\",\"item\":\"https:\/\/evertonfc.cz\/\"},{\"@type\":\"ListItem\",\"position\":2,\"name\":\"Iwobi do Fulhamu, Gray zat\u00edm z\u016fst\u00e1v\u00e1\"}]},{\"@type\":\"WebSite\",\"@id\":\"https:\/\/evertonfc.cz\/#website\",\"url\":\"https:\/\/evertonfc.cz\/\",\"name\":\"Official Czech &amp; Slovak Everton Supporters&#039; Club\",\"description\":\"\",\"publisher\":{\"@id\":\"https:\/\/evertonfc.cz\/#organization\"},\"potentialAction\":[{\"@type\":\"SearchAction\",\"target\":{\"@type\":\"EntryPoint\",\"urlTemplate\":\"https:\/\/evertonfc.cz\/?s={search_term_string}\"},\"query-input\":{\"@type\":\"PropertyValueSpecification\",\"valueRequired\":true,\"valueName\":\"search_term_string\"}}],\"inLanguage\":\"cs\"},{\"@type\":\"Organization\",\"@id\":\"https:\/\/evertonfc.cz\/#organization\",\"name\":\"Official Czech & Slovak Everton Supporters' Club\",\"url\":\"https:\/\/evertonfc.cz\/\",\"logo\":{\"@type\":\"ImageObject\",\"inLanguage\":\"cs\",\"@id\":\"https:\/\/evertonfc.cz\/#\/schema\/logo\/image\/\",\"url\":\"https:\/\/evertonfc.cz\/wp-content\/uploads\/2019\/05\/logo.png\",\"contentUrl\":\"https:\/\/evertonfc.cz\/wp-content\/uploads\/2019\/05\/logo.png\",\"width\":112,\"height\":112,\"caption\":\"Official Czech & Slovak Everton Supporters' Club\"},\"image\":{\"@id\":\"https:\/\/evertonfc.cz\/#\/schema\/logo\/image\/\"},\"sameAs\":[\"https:\/\/www.facebook.com\/everton.fans.cz.sk\"]},{\"@type\":\"Person\",\"@id\":\"https:\/\/evertonfc.cz\/#\/schema\/person\/f7a5daedb2ffee98480bc70e191aaef1\",\"name\":\"Ri\u010di\",\"sameAs\":[\"https:\/\/x.com\/rbrejsa\"],\"url\":\"https:\/\/evertonfc.cz\/index.php\/author\/rici\/\"}]}<\/script>\n<!-- \/ Yoast SEO plugin. -->","yoast_head_json":{"title":"Iwobi do Fulhamu, Gray zat\u00edm z\u016fst\u00e1v\u00e1 - Official Czech &amp; Slovak Everton Supporters&#039; Club","description":"Alex Iwobi dlouhodob\u011b odm\u00edtal prodlou\u017een\u00ed sv\u00e9 kon\u010d\u00edc\u00ed smlouvy na Goodison Parku, co\u017e nakonec vedlo k jeho v\u00fdhodn\u00e9mu p\u0159estupu do Fulhamu.","robots":{"index":"index","follow":"follow","max-snippet":"max-snippet:-1","max-image-preview":"max-image-preview:large","max-video-preview":"max-video-preview:-1"},"canonical":"https:\/\/evertonfc.cz\/index.php\/2023\/09\/02\/iwobi-do-fulhamu-gray-zatim-zustava\/","og_locale":"cs_CZ","og_type":"article","og_title":"Iwobi do Fulhamu, Gray zat\u00edm z\u016fst\u00e1v\u00e1 - Official Czech &amp; Slovak Everton Supporters&#039; Club","og_description":"Alex Iwobi dlouhodob\u011b odm\u00edtal prodlou\u017een\u00ed sv\u00e9 kon\u010d\u00edc\u00ed smlouvy na Goodison Parku, co\u017e nakonec vedlo k jeho v\u00fdhodn\u00e9mu p\u0159estupu do Fulhamu.","og_url":"https:\/\/evertonfc.cz\/index.php\/2023\/09\/02\/iwobi-do-fulhamu-gray-zatim-zustava\/","og_site_name":"Official Czech &amp; Slovak Everton Supporters&#039; Club","article_publisher":"https:\/\/www.facebook.com\/everton.fans.cz.sk","article_published_time":"2023-09-02T04:04:44+00:00","article_modified_time":"2023-09-07T09:14:51+00:00","og_image":[{"width":720,"height":405,"url":"https:\/\/evertonfc.cz\/wp-content\/uploads\/2023\/09\/iwobi_1_9_2023.jpg","type":"image\/jpeg"}],"author":"Ri\u010di","twitter_card":"summary_large_image","twitter_creator":"@rbrejsa","twitter_misc":{"Napsal(a)":"Ri\u010di","Odhadovan\u00e1 doba \u010dten\u00ed":"2 minuty"},"schema":{"@context":"https:\/\/schema.org","@graph":[{"@type":"Article","@id":"https:\/\/evertonfc.cz\/index.php\/2023\/09\/02\/iwobi-do-fulhamu-gray-zatim-zustava\/#article","isPartOf":{"@id":"https:\/\/evertonfc.cz\/index.php\/2023\/09\/02\/iwobi-do-fulhamu-gray-zatim-zustava\/"},"author":{"name":"Ri\u010di","@id":"https:\/\/evertonfc.cz\/#\/schema\/person\/f7a5daedb2ffee98480bc70e191aaef1"},"headline":"Iwobi do Fulhamu, Gray zat\u00edm z\u016fst\u00e1v\u00e1","datePublished":"2023-09-02T04:04:44+00:00","dateModified":"2023-09-07T09:14:51+00:00","mainEntityOfPage":{"@id":"https:\/\/evertonfc.cz\/index.php\/2023\/09\/02\/iwobi-do-fulhamu-gray-zatim-zustava\/"},"wordCount":460,"commentCount":9,"publisher":{"@id":"https:\/\/evertonfc.cz\/#organization"},"image":{"@id":"https:\/\/evertonfc.cz\/index.php\/2023\/09\/02\/iwobi-do-fulhamu-gray-zatim-zustava\/#primaryimage"},"thumbnailUrl":"https:\/\/evertonfc.cz\/wp-content\/uploads\/2023\/09\/iwobi_1_9_2023.jpg","articleSection":["P\u0159estupy"],"inLanguage":"cs","potentialAction":[{"@type":"CommentAction","name":"Comment","target":["https:\/\/evertonfc.cz\/index.php\/2023\/09\/02\/iwobi-do-fulhamu-gray-zatim-zustava\/#respond"]}]},{"@type":"WebPage","@id":"https:\/\/evertonfc.cz\/index.php\/2023\/09\/02\/iwobi-do-fulhamu-gray-zatim-zustava\/","url":"https:\/\/evertonfc.cz\/index.php\/2023\/09\/02\/iwobi-do-fulhamu-gray-zatim-zustava\/","name":"Iwobi do Fulhamu, Gray zat\u00edm z\u016fst\u00e1v\u00e1 - Official Czech &amp; Slovak Everton Supporters&#039; Club","isPartOf":{"@id":"https:\/\/evertonfc.cz\/#website"},"primaryImageOfPage":{"@id":"https:\/\/evertonfc.cz\/index.php\/2023\/09\/02\/iwobi-do-fulhamu-gray-zatim-zustava\/#primaryimage"},"image":{"@id":"https:\/\/evertonfc.cz\/index.php\/2023\/09\/02\/iwobi-do-fulhamu-gray-zatim-zustava\/#primaryimage"},"thumbnailUrl":"https:\/\/evertonfc.cz\/wp-content\/uploads\/2023\/09\/iwobi_1_9_2023.jpg","datePublished":"2023-09-02T04:04:44+00:00","dateModified":"2023-09-07T09:14:51+00:00","description":"Alex Iwobi dlouhodob\u011b odm\u00edtal prodlou\u017een\u00ed sv\u00e9 kon\u010d\u00edc\u00ed smlouvy na Goodison Parku, co\u017e nakonec vedlo k jeho v\u00fdhodn\u00e9mu p\u0159estupu do Fulhamu.","breadcrumb":{"@id":"https:\/\/evertonfc.cz\/index.php\/2023\/09\/02\/iwobi-do-fulhamu-gray-zatim-zustava\/#breadcrumb"},"inLanguage":"cs","potentialAction":[{"@type":"ReadAction","target":["https:\/\/evertonfc.cz\/index.php\/2023\/09\/02\/iwobi-do-fulhamu-gray-zatim-zustava\/"]}]},{"@type":"ImageObject","inLanguage":"cs","@id":"https:\/\/evertonfc.cz\/index.php\/2023\/09\/02\/iwobi-do-fulhamu-gray-zatim-zustava\/#primaryimage","url":"https:\/\/evertonfc.cz\/wp-content\/uploads\/2023\/09\/iwobi_1_9_2023.jpg","contentUrl":"https:\/\/evertonfc.cz\/wp-content\/uploads\/2023\/09\/iwobi_1_9_2023.jpg","width":720,"height":405},{"@type":"BreadcrumbList","@id":"https:\/\/evertonfc.cz\/index.php\/2023\/09\/02\/iwobi-do-fulhamu-gray-zatim-zustava\/#breadcrumb","itemListElement":[{"@type":"ListItem","position":1,"name":"Home","item":"https:\/\/evertonfc.cz\/"},{"@type":"ListItem","position":2,"name":"Iwobi do Fulhamu, Gray zat\u00edm z\u016fst\u00e1v\u00e1"}]},{"@type":"WebSite","@id":"https:\/\/evertonfc.cz\/#website","url":"https:\/\/evertonfc.cz\/","name":"Official Czech &amp; Slovak Everton Supporters&#039; Club","description":"","publisher":{"@id":"https:\/\/evertonfc.cz\/#organization"},"potentialAction":[{"@type":"SearchAction","target":{"@type":"EntryPoint","urlTemplate":"https:\/\/evertonfc.cz\/?s={search_term_string}"},"query-input":{"@type":"PropertyValueSpecification","valueRequired":true,"valueName":"search_term_string"}}],"inLanguage":"cs"},{"@type":"Organization","@id":"https:\/\/evertonfc.cz\/#organization","name":"Official Czech & Slovak Everton Supporters' Club","url":"https:\/\/evertonfc.cz\/","logo":{"@type":"ImageObject","inLanguage":"cs","@id":"https:\/\/evertonfc.cz\/#\/schema\/logo\/image\/","url":"https:\/\/evertonfc.cz\/wp-content\/uploads\/2019\/05\/logo.png","contentUrl":"https:\/\/evertonfc.cz\/wp-content\/uploads\/2019\/05\/logo.png","width":112,"height":112,"caption":"Official Czech & Slovak Everton Supporters' Club"},"image":{"@id":"https:\/\/evertonfc.cz\/#\/schema\/logo\/image\/"},"sameAs":["https:\/\/www.facebook.com\/everton.fans.cz.sk"]},{"@type":"Person","@id":"https:\/\/evertonfc.cz\/#\/schema\/person\/f7a5daedb2ffee98480bc70e191aaef1","name":"Ri\u010di","sameAs":["https:\/\/x.com\/rbrejsa"],"url":"https:\/\/evertonfc.cz\/index.php\/author\/rici\/"}]}},"_links":{"self":[{"href":"https:\/\/evertonfc.cz\/index.php\/wp-json\/wp\/v2\/posts\/22602"}],"collection":[{"href":"https:\/\/evertonfc.cz\/index.php\/wp-json\/wp\/v2\/posts"}],"about":[{"href":"https:\/\/evertonfc.cz\/index.php\/wp-json\/wp\/v2\/types\/post"}],"author":[{"embeddable":true,"href":"https:\/\/evertonfc.cz\/index.php\/wp-json\/wp\/v2\/users\/6"}],"replies":[{"embeddable":true,"href":"https:\/\/evertonfc.cz\/index.php\/wp-json\/wp\/v2\/comments?post=22602"}],"version-history":[{"count":10,"href":"https:\/\/evertonfc.cz\/index.php\/wp-json\/wp\/v2\/posts\/22602\/revisions"}],"predecessor-version":[{"id":22725,"href":"https:\/\/evertonfc.cz\/index.php\/wp-json\/wp\/v2\/posts\/22602\/revisions\/22725"}],"wp:featuredmedia":[{"embeddable":true,"href":"https:\/\/evertonfc.cz\/index.php\/wp-json\/wp\/v2\/media\/22599"}],"wp:attachment":[{"href":"https:\/\/evertonfc.cz\/index.php\/wp-json\/wp\/v2\/media?parent=22602"}],"wp:term":[{"taxonomy":"category","embeddable":true,"href":"https:\/\/evertonfc.cz\/index.php\/wp-json\/wp\/v2\/categories?post=22602"},{"taxonomy":"post_tag","embeddable":true,"href":"https:\/\/evertonfc.cz\/index.php\/wp-json\/wp\/v2\/tags?post=22602"}],"curies":[{"name":"wp","href":"https:\/\/api.w.org\/{rel}","templated":true}]}}